{"id":32701,"date":"2024-03-01T17:04:26","date_gmt":"2024-03-01T17:04:26","guid":{"rendered":"https:\/\/inclusivenews.com.br\/?p=32701"},"modified":"2024-03-04T20:27:27","modified_gmt":"2024-03-04T20:27:27","slug":"i-protect-myself-inclusive-education-to-educate-children-on-how-to-prevent-violence","status":"publish","type":"post","link":"https:\/\/inclusivenews.com.br\/?p=32701","title":{"rendered":"I Protect Myself &#8211; inclusive education to educate children on how to prevent violence"},"content":{"rendered":"\n<figure class=\"wp-block-image size-full is-resized\"><img loading=\"lazy\" decoding=\"async\" width=\"990\" height=\"916\" src=\"https:\/\/inclusivenews.com.br\/wp-content\/uploads\/2024\/03\/i-protect-myself-logo.png\" alt=\"\" class=\"wp-image-32703\" style=\"width:260px;height:auto\" srcset=\"https:\/\/inclusivenews.com.br\/wp-content\/uploads\/2024\/03\/i-protect-myself-logo.png 990w, https:\/\/inclusivenews.com.br\/wp-content\/uploads\/2024\/03\/i-protect-myself-logo-300x278.png 300w, https:\/\/inclusivenews.com.br\/wp-content\/uploads\/2024\/03\/i-protect-myself-logo-768x711.png 768w\" sizes=\"auto, (max-width: 990px) 100vw, 990px\" \/><\/figure>\n\n\n\n<p><strong>Project: I Protect Myself \u2013 Easy Language against violence<\/strong><\/p>\n\n\n\n<p>I Protect Myself is an award winning, free and inclusive project from Brazil, created in 2020, with easy to understand materials, in a Universal Design for Learning approach, to prevent violence against children and adults with and without disabilities.<\/p>\n\n\n\n<p>Research shows that 1 in 3 children with disabilities in the world has experienced violence (Lancet, 2022).<\/p>\n\n\n\n<p>I Protect Myself started as a booklet for a girl with Down syndrome, to learn how to recognize the risk of and act against abuse. Her Mother, Patricia Almeida, designed it in Easy Language, with simple text, self-explained illustrations, clear background and direct information. It was the applied research for Almeida\u2019s Masters on Disability Studies. <\/p>\n\n\n\n<p>The validation process with the public informed the Guide on how to produce Easy Read materials \u2013 Simple as that: communicate with everyone.<\/p>\n\n\n\n<p>50 other collaborators joined forces and the project has grown with music videos, puppet shows, games, literature books, and videos to enable families and educators to prepare children to prevent violence. All materials are free to use. The school book also tackles other difference, gender based violence, racism, and ableism prevention.<\/p>\n\n\n\n<p>I Protect Myself became law to be used by every school in the state of Para, Brazil, and is also being used in other parts of the country. It was presented at the Conference of State Parts of the Convention on the Rights of Persons with Disabilities at the UN New York in 2022. It has versions with audiodescription, Brazilian Sign Language, English, Spanish and French.<\/p>\n\n\n\n<p><a href=\"http:\/\/www.eumeprotejo.com\" data-type=\"link\" data-id=\"www.eumeprotejo.com\">www.eumeprotejo.com<\/a><\/p>\n\n\n\n<p>@eumeprotejobrasil<\/p>\n\n\n\n<p>@eumeprotejobolivia<\/p>\n\n\n\n<p>Booklet in English &#8211; I Protect Myself<\/p>\n\n\n\n<p><a href=\"https:\/\/www.eumeprotejo.com\/_files\/ugd\/f04b3c_fa8afe64172d4779beda9a10eae29e92.pdf\">https:\/\/www.eumeprotejo.com\/_files\/ugd\/f04b3c_fa8afe64172d4779beda9a10eae29e92.pdf<\/a><\/p>\n\n\n\n<p>Schoolbook in English &#8211; I Protec tMyself because my Little Body is Mine<\/p>\n\n\n\n<p><a href=\"https:\/\/www.eumeprotejo.com\/_files\/ugd\/f04b3c_f9295670e14343e0a8976087d8f42660.pdf\">https:\/\/www.eumeprotejo.com\/_files\/ugd\/f04b3c_f9295670e14343e0a8976087d8f42660.pdf<\/a><\/p>\n\n\n\n<p><\/p>\n\n\n\n<p><strong>Contact<\/strong>:<\/p>\n\n\n\n<p>Collaboration for translation and promotion of the materials are welcome!<\/p>\n\n\n\n<p><a href=\"mailto:eumeprotejobrasil@gmail.com\">eumeprotejobrasil@gmail.com<\/a><\/p>\n","protected":false},"excerpt":{"rendered":"<p>Project: I Protect Myself \u2013 Easy Language against violence I Protect Myself is an award winning, free and inclusive project from Brazil, created in 2020, with easy to understand materials, in a Universal Design for Learning approach, to prevent violence against children and adults with and without disabilities. Research shows that 1 in 3 children [&hellip;]<\/p>\n","protected":false},"author":1,"featured_media":32703,"comment_status":"open","ping_status":"open","sticky":false,"template":"","format":"standard","meta":{"site-container-style":"default","site-container-layout":"default","site-sidebar-layout":"default","disable-article-header":"default","disable-site-header":"default","disable-site-footer":"default","disable-content-area-spacing":"default","footnotes":""},"categories":[1],"tags":[126,94],"class_list":["post-32701","post","type-post","status-publish","format-standard","has-post-thumbnail","hentry","category-blog","tag-educacao-inclusiva","tag-violencia"],"yoast_head":"<!-- This site is optimized with the Yoast SEO plugin v27.4 - https:\/\/yoast.com\/product\/yoast-seo-wordpress\/ -->\n<title>I Protect Myself - inclusive education to educate children on how to prevent violence -<\/title>\n<meta name=\"robots\" content=\"index, follow, max-snippet:-1, max-image-preview:large, max-video-preview:-1\" \/>\n<link rel=\"canonical\" href=\"https:\/\/inclusivenews.com.br\/?p=32701\" \/>\n<meta property=\"og:locale\" content=\"pt_PT\" \/>\n<meta property=\"og:type\" content=\"article\" \/>\n<meta property=\"og:title\" content=\"I Protect Myself - inclusive education to educate children on how to prevent violence -\" \/>\n<meta property=\"og:description\" content=\"Project: I Protect Myself \u2013 Easy Language against violence I Protect Myself is an award winning, free and inclusive project from Brazil, created in 2020, with easy to understand materials, in a Universal Design for Learning approach, to prevent violence against children and adults with and without disabilities. Research shows that 1 in 3 children [&hellip;]\" \/>\n<meta property=\"og:url\" content=\"https:\/\/inclusivenews.com.br\/?p=32701\" \/>\n<meta property=\"article:publisher\" content=\"https:\/\/www.facebook.com\/agenciainclusive\/\" \/>\n<meta property=\"article:published_time\" content=\"2024-03-01T17:04:26+00:00\" \/>\n<meta property=\"article:modified_time\" content=\"2024-03-04T20:27:27+00:00\" \/>\n<meta property=\"og:image\" content=\"https:\/\/inclusivenews.com.br\/wp-content\/uploads\/2024\/03\/i-protect-myself-logo.png\" \/>\n\t<meta property=\"og:image:width\" content=\"990\" \/>\n\t<meta property=\"og:image:height\" content=\"916\" \/>\n\t<meta property=\"og:image:type\" content=\"image\/png\" \/>\n<meta name=\"author\" content=\"inclusivenews2024\" \/>\n<meta name=\"twitter:card\" content=\"summary_large_image\" \/>\n<meta name=\"twitter:label1\" content=\"Escrito por\" \/>\n\t<meta name=\"twitter:data1\" content=\"inclusivenews2024\" \/>\n\t<meta name=\"twitter:label2\" content=\"Tempo estimado de leitura\" \/>\n\t<meta name=\"twitter:data2\" content=\"2 minutos\" \/>\n<script type=\"application\/ld+json\" class=\"yoast-schema-graph\">{\"@context\":\"https:\\\/\\\/schema.org\",\"@graph\":[{\"@type\":\"Article\",\"@id\":\"https:\\\/\\\/inclusivenews.com.br\\\/?p=32701#article\",\"isPartOf\":{\"@id\":\"https:\\\/\\\/inclusivenews.com.br\\\/?p=32701\"},\"author\":{\"name\":\"inclusivenews2024\",\"@id\":\"https:\\\/\\\/inclusivenews.com.br\\\/#\\\/schema\\\/person\\\/ae4ec7087559b8692fb33b6fffd2273b\"},\"headline\":\"I Protect Myself &#8211; inclusive education to educate children on how to prevent violence\",\"datePublished\":\"2024-03-01T17:04:26+00:00\",\"dateModified\":\"2024-03-04T20:27:27+00:00\",\"mainEntityOfPage\":{\"@id\":\"https:\\\/\\\/inclusivenews.com.br\\\/?p=32701\"},\"wordCount\":339,\"commentCount\":0,\"publisher\":{\"@id\":\"https:\\\/\\\/inclusivenews.com.br\\\/#organization\"},\"image\":{\"@id\":\"https:\\\/\\\/inclusivenews.com.br\\\/?p=32701#primaryimage\"},\"thumbnailUrl\":\"https:\\\/\\\/inclusivenews.com.br\\\/wp-content\\\/uploads\\\/2024\\\/03\\\/i-protect-myself-logo.png\",\"keywords\":[\"Educa\u00e7\u00e3o inclusiva\",\"Viol\u00eancia\"],\"articleSection\":[\"Blog\"],\"inLanguage\":\"pt-PT\",\"potentialAction\":[{\"@type\":\"CommentAction\",\"name\":\"Comment\",\"target\":[\"https:\\\/\\\/inclusivenews.com.br\\\/?p=32701#respond\"]}]},{\"@type\":\"WebPage\",\"@id\":\"https:\\\/\\\/inclusivenews.com.br\\\/?p=32701\",\"url\":\"https:\\\/\\\/inclusivenews.com.br\\\/?p=32701\",\"name\":\"I Protect Myself - inclusive education to educate children on how to prevent violence -\",\"isPartOf\":{\"@id\":\"https:\\\/\\\/inclusivenews.com.br\\\/#website\"},\"primaryImageOfPage\":{\"@id\":\"https:\\\/\\\/inclusivenews.com.br\\\/?p=32701#primaryimage\"},\"image\":{\"@id\":\"https:\\\/\\\/inclusivenews.com.br\\\/?p=32701#primaryimage\"},\"thumbnailUrl\":\"https:\\\/\\\/inclusivenews.com.br\\\/wp-content\\\/uploads\\\/2024\\\/03\\\/i-protect-myself-logo.png\",\"datePublished\":\"2024-03-01T17:04:26+00:00\",\"dateModified\":\"2024-03-04T20:27:27+00:00\",\"breadcrumb\":{\"@id\":\"https:\\\/\\\/inclusivenews.com.br\\\/?p=32701#breadcrumb\"},\"inLanguage\":\"pt-PT\",\"potentialAction\":[{\"@type\":\"ReadAction\",\"target\":[\"https:\\\/\\\/inclusivenews.com.br\\\/?p=32701\"]}]},{\"@type\":\"ImageObject\",\"inLanguage\":\"pt-PT\",\"@id\":\"https:\\\/\\\/inclusivenews.com.br\\\/?p=32701#primaryimage\",\"url\":\"https:\\\/\\\/inclusivenews.com.br\\\/wp-content\\\/uploads\\\/2024\\\/03\\\/i-protect-myself-logo.png\",\"contentUrl\":\"https:\\\/\\\/inclusivenews.com.br\\\/wp-content\\\/uploads\\\/2024\\\/03\\\/i-protect-myself-logo.png\",\"width\":990,\"height\":916},{\"@type\":\"BreadcrumbList\",\"@id\":\"https:\\\/\\\/inclusivenews.com.br\\\/?p=32701#breadcrumb\",\"itemListElement\":[{\"@type\":\"ListItem\",\"position\":1,\"name\":\"In\u00edcio\",\"item\":\"https:\\\/\\\/inclusivenews.com.br\\\/\"},{\"@type\":\"ListItem\",\"position\":2,\"name\":\"I Protect Myself &#8211; inclusive education to educate children on how to prevent violence\"}]},{\"@type\":\"WebSite\",\"@id\":\"https:\\\/\\\/inclusivenews.com.br\\\/#website\",\"url\":\"https:\\\/\\\/inclusivenews.com.br\\\/\",\"name\":\"Inclusive News\",\"description\":\"Inclusive News\",\"publisher\":{\"@id\":\"https:\\\/\\\/inclusivenews.com.br\\\/#organization\"},\"potentialAction\":[{\"@type\":\"SearchAction\",\"target\":{\"@type\":\"EntryPoint\",\"urlTemplate\":\"https:\\\/\\\/inclusivenews.com.br\\\/?s={search_term_string}\"},\"query-input\":{\"@type\":\"PropertyValueSpecification\",\"valueRequired\":true,\"valueName\":\"search_term_string\"}}],\"inLanguage\":\"pt-PT\"},{\"@type\":\"Organization\",\"@id\":\"https:\\\/\\\/inclusivenews.com.br\\\/#organization\",\"name\":\"Inclusive - inclus\u00e3o e cidadania\",\"url\":\"https:\\\/\\\/inclusivenews.com.br\\\/\",\"logo\":{\"@type\":\"ImageObject\",\"inLanguage\":\"pt-PT\",\"@id\":\"https:\\\/\\\/inclusivenews.com.br\\\/#\\\/schema\\\/logo\\\/image\\\/\",\"url\":\"https:\\\/\\\/inclusivenews.com.br\\\/wp-content\\\/uploads\\\/2024\\\/03\\\/@grandesite.png\",\"contentUrl\":\"https:\\\/\\\/inclusivenews.com.br\\\/wp-content\\\/uploads\\\/2024\\\/03\\\/@grandesite.png\",\"width\":1080,\"height\":1080,\"caption\":\"Inclusive - inclus\u00e3o e cidadania\"},\"image\":{\"@id\":\"https:\\\/\\\/inclusivenews.com.br\\\/#\\\/schema\\\/logo\\\/image\\\/\"},\"sameAs\":[\"https:\\\/\\\/www.facebook.com\\\/agenciainclusive\\\/\",\"https:\\\/\\\/www.instagram.com\\\/newsinclusive\\\/\"]},{\"@type\":\"Person\",\"@id\":\"https:\\\/\\\/inclusivenews.com.br\\\/#\\\/schema\\\/person\\\/ae4ec7087559b8692fb33b6fffd2273b\",\"name\":\"inclusivenews2024\",\"image\":{\"@type\":\"ImageObject\",\"inLanguage\":\"pt-PT\",\"@id\":\"https:\\\/\\\/secure.gravatar.com\\\/avatar\\\/c5a7ef84c66fa914f55bc4f7ce26cfa275a3b9a1c5568b907bd184fb4dde7b40?s=96&d=mm&r=g\",\"url\":\"https:\\\/\\\/secure.gravatar.com\\\/avatar\\\/c5a7ef84c66fa914f55bc4f7ce26cfa275a3b9a1c5568b907bd184fb4dde7b40?s=96&d=mm&r=g\",\"contentUrl\":\"https:\\\/\\\/secure.gravatar.com\\\/avatar\\\/c5a7ef84c66fa914f55bc4f7ce26cfa275a3b9a1c5568b907bd184fb4dde7b40?s=96&d=mm&r=g\",\"caption\":\"inclusivenews2024\"},\"sameAs\":[\"https:\\\/\\\/inclusivenews.com.br\"],\"url\":\"https:\\\/\\\/inclusivenews.com.br\\\/?author=1\"}]}<\/script>\n<!-- \/ Yoast SEO plugin. -->","yoast_head_json":{"title":"I Protect Myself - inclusive education to educate children on how to prevent violence -","robots":{"index":"index","follow":"follow","max-snippet":"max-snippet:-1","max-image-preview":"max-image-preview:large","max-video-preview":"max-video-preview:-1"},"canonical":"https:\/\/inclusivenews.com.br\/?p=32701","og_locale":"pt_PT","og_type":"article","og_title":"I Protect Myself - inclusive education to educate children on how to prevent violence -","og_description":"Project: I Protect Myself \u2013 Easy Language against violence I Protect Myself is an award winning, free and inclusive project from Brazil, created in 2020, with easy to understand materials, in a Universal Design for Learning approach, to prevent violence against children and adults with and without disabilities. Research shows that 1 in 3 children [&hellip;]","og_url":"https:\/\/inclusivenews.com.br\/?p=32701","article_publisher":"https:\/\/www.facebook.com\/agenciainclusive\/","article_published_time":"2024-03-01T17:04:26+00:00","article_modified_time":"2024-03-04T20:27:27+00:00","og_image":[{"width":990,"height":916,"url":"https:\/\/inclusivenews.com.br\/wp-content\/uploads\/2024\/03\/i-protect-myself-logo.png","type":"image\/png"}],"author":"inclusivenews2024","twitter_card":"summary_large_image","twitter_misc":{"Escrito por":"inclusivenews2024","Tempo estimado de leitura":"2 minutos"},"schema":{"@context":"https:\/\/schema.org","@graph":[{"@type":"Article","@id":"https:\/\/inclusivenews.com.br\/?p=32701#article","isPartOf":{"@id":"https:\/\/inclusivenews.com.br\/?p=32701"},"author":{"name":"inclusivenews2024","@id":"https:\/\/inclusivenews.com.br\/#\/schema\/person\/ae4ec7087559b8692fb33b6fffd2273b"},"headline":"I Protect Myself &#8211; inclusive education to educate children on how to prevent violence","datePublished":"2024-03-01T17:04:26+00:00","dateModified":"2024-03-04T20:27:27+00:00","mainEntityOfPage":{"@id":"https:\/\/inclusivenews.com.br\/?p=32701"},"wordCount":339,"commentCount":0,"publisher":{"@id":"https:\/\/inclusivenews.com.br\/#organization"},"image":{"@id":"https:\/\/inclusivenews.com.br\/?p=32701#primaryimage"},"thumbnailUrl":"https:\/\/inclusivenews.com.br\/wp-content\/uploads\/2024\/03\/i-protect-myself-logo.png","keywords":["Educa\u00e7\u00e3o inclusiva","Viol\u00eancia"],"articleSection":["Blog"],"inLanguage":"pt-PT","potentialAction":[{"@type":"CommentAction","name":"Comment","target":["https:\/\/inclusivenews.com.br\/?p=32701#respond"]}]},{"@type":"WebPage","@id":"https:\/\/inclusivenews.com.br\/?p=32701","url":"https:\/\/inclusivenews.com.br\/?p=32701","name":"I Protect Myself - inclusive education to educate children on how to prevent violence -","isPartOf":{"@id":"https:\/\/inclusivenews.com.br\/#website"},"primaryImageOfPage":{"@id":"https:\/\/inclusivenews.com.br\/?p=32701#primaryimage"},"image":{"@id":"https:\/\/inclusivenews.com.br\/?p=32701#primaryimage"},"thumbnailUrl":"https:\/\/inclusivenews.com.br\/wp-content\/uploads\/2024\/03\/i-protect-myself-logo.png","datePublished":"2024-03-01T17:04:26+00:00","dateModified":"2024-03-04T20:27:27+00:00","breadcrumb":{"@id":"https:\/\/inclusivenews.com.br\/?p=32701#breadcrumb"},"inLanguage":"pt-PT","potentialAction":[{"@type":"ReadAction","target":["https:\/\/inclusivenews.com.br\/?p=32701"]}]},{"@type":"ImageObject","inLanguage":"pt-PT","@id":"https:\/\/inclusivenews.com.br\/?p=32701#primaryimage","url":"https:\/\/inclusivenews.com.br\/wp-content\/uploads\/2024\/03\/i-protect-myself-logo.png","contentUrl":"https:\/\/inclusivenews.com.br\/wp-content\/uploads\/2024\/03\/i-protect-myself-logo.png","width":990,"height":916},{"@type":"BreadcrumbList","@id":"https:\/\/inclusivenews.com.br\/?p=32701#breadcrumb","itemListElement":[{"@type":"ListItem","position":1,"name":"In\u00edcio","item":"https:\/\/inclusivenews.com.br\/"},{"@type":"ListItem","position":2,"name":"I Protect Myself &#8211; inclusive education to educate children on how to prevent violence"}]},{"@type":"WebSite","@id":"https:\/\/inclusivenews.com.br\/#website","url":"https:\/\/inclusivenews.com.br\/","name":"Inclusive News","description":"Inclusive News","publisher":{"@id":"https:\/\/inclusivenews.com.br\/#organization"},"potentialAction":[{"@type":"SearchAction","target":{"@type":"EntryPoint","urlTemplate":"https:\/\/inclusivenews.com.br\/?s={search_term_string}"},"query-input":{"@type":"PropertyValueSpecification","valueRequired":true,"valueName":"search_term_string"}}],"inLanguage":"pt-PT"},{"@type":"Organization","@id":"https:\/\/inclusivenews.com.br\/#organization","name":"Inclusive - inclus\u00e3o e cidadania","url":"https:\/\/inclusivenews.com.br\/","logo":{"@type":"ImageObject","inLanguage":"pt-PT","@id":"https:\/\/inclusivenews.com.br\/#\/schema\/logo\/image\/","url":"https:\/\/inclusivenews.com.br\/wp-content\/uploads\/2024\/03\/@grandesite.png","contentUrl":"https:\/\/inclusivenews.com.br\/wp-content\/uploads\/2024\/03\/@grandesite.png","width":1080,"height":1080,"caption":"Inclusive - inclus\u00e3o e cidadania"},"image":{"@id":"https:\/\/inclusivenews.com.br\/#\/schema\/logo\/image\/"},"sameAs":["https:\/\/www.facebook.com\/agenciainclusive\/","https:\/\/www.instagram.com\/newsinclusive\/"]},{"@type":"Person","@id":"https:\/\/inclusivenews.com.br\/#\/schema\/person\/ae4ec7087559b8692fb33b6fffd2273b","name":"inclusivenews2024","image":{"@type":"ImageObject","inLanguage":"pt-PT","@id":"https:\/\/secure.gravatar.com\/avatar\/c5a7ef84c66fa914f55bc4f7ce26cfa275a3b9a1c5568b907bd184fb4dde7b40?s=96&d=mm&r=g","url":"https:\/\/secure.gravatar.com\/avatar\/c5a7ef84c66fa914f55bc4f7ce26cfa275a3b9a1c5568b907bd184fb4dde7b40?s=96&d=mm&r=g","contentUrl":"https:\/\/secure.gravatar.com\/avatar\/c5a7ef84c66fa914f55bc4f7ce26cfa275a3b9a1c5568b907bd184fb4dde7b40?s=96&d=mm&r=g","caption":"inclusivenews2024"},"sameAs":["https:\/\/inclusivenews.com.br"],"url":"https:\/\/inclusivenews.com.br\/?author=1"}]}},"_links":{"self":[{"href":"https:\/\/inclusivenews.com.br\/index.php?rest_route=\/wp\/v2\/posts\/32701","targetHints":{"allow":["GET"]}}],"collection":[{"href":"https:\/\/inclusivenews.com.br\/index.php?rest_route=\/wp\/v2\/posts"}],"about":[{"href":"https:\/\/inclusivenews.com.br\/index.php?rest_route=\/wp\/v2\/types\/post"}],"author":[{"embeddable":true,"href":"https:\/\/inclusivenews.com.br\/index.php?rest_route=\/wp\/v2\/users\/1"}],"replies":[{"embeddable":true,"href":"https:\/\/inclusivenews.com.br\/index.php?rest_route=%2Fwp%2Fv2%2Fcomments&post=32701"}],"version-history":[{"count":3,"href":"https:\/\/inclusivenews.com.br\/index.php?rest_route=\/wp\/v2\/posts\/32701\/revisions"}],"predecessor-version":[{"id":32708,"href":"https:\/\/inclusivenews.com.br\/index.php?rest_route=\/wp\/v2\/posts\/32701\/revisions\/32708"}],"wp:featuredmedia":[{"embeddable":true,"href":"https:\/\/inclusivenews.com.br\/index.php?rest_route=\/wp\/v2\/media\/32703"}],"wp:attachment":[{"href":"https:\/\/inclusivenews.com.br\/index.php?rest_route=%2Fwp%2Fv2%2Fmedia&parent=32701"}],"wp:term":[{"taxonomy":"category","embeddable":true,"href":"https:\/\/inclusivenews.com.br\/index.php?rest_route=%2Fwp%2Fv2%2Fcategories&post=32701"},{"taxonomy":"post_tag","embeddable":true,"href":"https:\/\/inclusivenews.com.br\/index.php?rest_route=%2Fwp%2Fv2%2Ftags&post=32701"}],"curies":[{"name":"wp","href":"https:\/\/api.w.org\/{rel}","templated":true}]}}