{"id":32710,"date":"2024-03-14T11:21:46","date_gmt":"2024-03-14T11:21:46","guid":{"rendered":"https:\/\/inclusivenews.com.br\/?p=32710"},"modified":"2024-03-14T11:21:47","modified_gmt":"2024-03-14T11:21:47","slug":"pacto-nacional-do-judiciario-pela-linguagem-simples","status":"publish","type":"post","link":"https:\/\/inclusivenews.com.br\/?p=32710","title":{"rendered":"Pacto Nacional do Judici\u00e1rio pela Linguagem Simples"},"content":{"rendered":"\n<h4 class=\"wp-block-heading\">O que \u00e9 o Pacto Nacional do Judici\u00e1rio pela Linguagem Simples?<\/h4>\n\n\n\n<p>O&nbsp;<a href=\"https:\/\/www.cnj.jus.br\/wp-content\/uploads\/2023\/11\/pacto-nacional-do-judiciario-pela-linguagem-simples.pdf\" target=\"_blank\" rel=\"noreferrer noopener\">Pacto Nacional do Judici\u00e1rio pela Linguagem Simples<\/a>&nbsp;consiste na ado\u00e7\u00e3o de a\u00e7\u00f5es, iniciativas e projetos a serem desenvolvidos em todos os segmentos da Justi\u00e7a e em todos os graus de jurisdi\u00e7\u00e3o, com o objetivo de adotar linguagem simples, direta e compreens\u00edvel a todos os cidad\u00e3os na produ\u00e7\u00e3o das decis\u00f5es judiciais e na comunica\u00e7\u00e3o geral com a sociedade.&nbsp;<\/p>\n\n\n\n<p>A linguagem simples tamb\u00e9m pressup\u00f5e acessibilidade: os tribunais devem aprimorar formas de inclus\u00e3o, com uso de L\u00edngua Brasileira de Sinais (Libras) e audiodescri\u00e7\u00e3o ou outras ferramentas similares, sempre que poss\u00edvel.<\/p>\n\n\n\n<p><a href=\"https:\/\/pt.scribd.com\/document\/703038631\/pacto-nacional-do-judiciario-pela-linguagem-simples\">Acesse clicando aqui ou na imagem a seguir.<\/a><\/p>\n\n\n\n<figure class=\"wp-block-image size-full is-resized\"><a href=\"https:\/\/pt.scribd.com\/document\/703038631\/pacto-nacional-do-judiciario-pela-linguagem-simples\"><img loading=\"lazy\" decoding=\"async\" width=\"768\" height=\"1024\" src=\"https:\/\/inclusivenews.com.br\/wp-content\/uploads\/2024\/03\/1710223548.jpg\" alt=\"Capa da publica\u00e7\u00e3o Pacto Nacional do Judici\u00e1rio pela Linguagem Simples.\" class=\"wp-image-32711\" style=\"width:241px;height:auto\" srcset=\"https:\/\/inclusivenews.com.br\/wp-content\/uploads\/2024\/03\/1710223548.jpg 768w, https:\/\/inclusivenews.com.br\/wp-content\/uploads\/2024\/03\/1710223548-225x300.jpg 225w\" sizes=\"auto, (max-width: 768px) 100vw, 768px\" \/><\/a><\/figure>\n\n\n\n<h4 class=\"wp-block-heading\">Compromissos da Magistratura<\/h4>\n\n\n\n<p>Todos os tribunais envolvidos assumem o compromisso de, sem negligenciar a boa t\u00e9cnica jur\u00eddica, estimular os ju\u00edzes e setores t\u00e9cnicos a:<\/p>\n\n\n\n<figure class=\"wp-block-table\"><table><tbody><tr><td><\/td><td>Eliminar termos excessivamente formais e dispens\u00e1veis \u00e0 compreens\u00e3o do conte\u00fado a ser transmitido;<\/td><\/tr><tr><td><\/td><td>Adotar linguagem direta e concisa nos documentos, comunicados p\u00fablicos, despachos, decis\u00f5es, senten\u00e7as, votos e ac\u00f3rd\u00e3os;<\/td><\/tr><tr><td><\/td><td>Explicar, sempre que poss\u00edvel, o impacto da decis\u00e3o ou julgamento na vida do cidad\u00e3o;<\/td><\/tr><tr><td><\/td><td>Utilizar vers\u00e3o resumida dos votos nas sess\u00f5es de julgamento, sem preju\u00edzo da juntada de vers\u00e3o ampliada nos processos judiciais;<\/td><\/tr><tr><td><\/td><td>Fomentar pronunciamentos objetivos e breves nos eventos organizados pelo Poder Judici\u00e1rio;<\/td><\/tr><tr><td><\/td><td>Reformular protocolos de eventos, dispensando, sempre que poss\u00edvel, formalidades excessivas;<\/td><\/tr><tr><td><\/td><td>Utilizar linguagem acess\u00edvel \u00e0 pessoa com defici\u00eancia (Libras, audiodescri\u00e7\u00e3o e outras) e respeitosa \u00e0 dignidade de toda a sociedade.<\/td><\/tr><\/tbody><\/table><\/figure>\n","protected":false},"excerpt":{"rendered":"<p>O que \u00e9 o Pacto Nacional do Judici\u00e1rio pela Linguagem Simples? O&nbsp;Pacto Nacional do Judici\u00e1rio pela Linguagem Simples&nbsp;consiste na ado\u00e7\u00e3o de a\u00e7\u00f5es, iniciativas e projetos a serem desenvolvidos em todos os segmentos da Justi\u00e7a e em todos os graus de jurisdi\u00e7\u00e3o, com o objetivo de adotar linguagem simples, direta e compreens\u00edvel a todos os cidad\u00e3os [&hellip;]<\/p>\n","protected":false},"author":1,"featured_media":32711,"comment_status":"open","ping_status":"open","sticky":false,"template":"","format":"standard","meta":{"site-container-style":"default","site-container-layout":"default","site-sidebar-layout":"default","disable-article-header":"default","disable-site-header":"default","disable-site-footer":"default","disable-content-area-spacing":"default","footnotes":""},"categories":[44,53],"tags":[],"class_list":["post-32710","post","type-post","status-publish","format-standard","has-post-thumbnail","hentry","category-acessibilidade","category-cartilhas-e-manuais"],"yoast_head":"<!-- This site is optimized with the Yoast SEO plugin v27.4 - https:\/\/yoast.com\/product\/yoast-seo-wordpress\/ -->\n<title>Pacto Nacional do Judici\u00e1rio pela Linguagem Simples -<\/title>\n<meta name=\"robots\" content=\"index, follow, max-snippet:-1, max-image-preview:large, max-video-preview:-1\" \/>\n<link rel=\"canonical\" href=\"https:\/\/inclusivenews.com.br\/?p=32710\" \/>\n<meta property=\"og:locale\" content=\"pt_PT\" \/>\n<meta property=\"og:type\" content=\"article\" \/>\n<meta property=\"og:title\" content=\"Pacto Nacional do Judici\u00e1rio pela Linguagem Simples -\" \/>\n<meta property=\"og:description\" content=\"O que \u00e9 o Pacto Nacional do Judici\u00e1rio pela Linguagem Simples? O&nbsp;Pacto Nacional do Judici\u00e1rio pela Linguagem Simples&nbsp;consiste na ado\u00e7\u00e3o de a\u00e7\u00f5es, iniciativas e projetos a serem desenvolvidos em todos os segmentos da Justi\u00e7a e em todos os graus de jurisdi\u00e7\u00e3o, com o objetivo de adotar linguagem simples, direta e compreens\u00edvel a todos os cidad\u00e3os [&hellip;]\" \/>\n<meta property=\"og:url\" content=\"https:\/\/inclusivenews.com.br\/?p=32710\" \/>\n<meta property=\"article:publisher\" content=\"https:\/\/www.facebook.com\/agenciainclusive\/\" \/>\n<meta property=\"article:published_time\" content=\"2024-03-14T11:21:46+00:00\" \/>\n<meta property=\"article:modified_time\" content=\"2024-03-14T11:21:47+00:00\" \/>\n<meta property=\"og:image\" content=\"https:\/\/inclusivenews.com.br\/wp-content\/uploads\/2024\/03\/1710223548.jpg\" \/>\n\t<meta property=\"og:image:width\" content=\"768\" \/>\n\t<meta property=\"og:image:height\" content=\"1024\" \/>\n\t<meta property=\"og:image:type\" content=\"image\/jpeg\" \/>\n<meta name=\"author\" content=\"inclusivenews2024\" \/>\n<meta name=\"twitter:card\" content=\"summary_large_image\" \/>\n<meta name=\"twitter:label1\" content=\"Escrito por\" \/>\n\t<meta name=\"twitter:data1\" content=\"inclusivenews2024\" \/>\n\t<meta name=\"twitter:label2\" content=\"Tempo estimado de leitura\" \/>\n\t<meta name=\"twitter:data2\" content=\"1 minuto\" \/>\n<script type=\"application\/ld+json\" class=\"yoast-schema-graph\">{\"@context\":\"https:\\\/\\\/schema.org\",\"@graph\":[{\"@type\":\"Article\",\"@id\":\"https:\\\/\\\/inclusivenews.com.br\\\/?p=32710#article\",\"isPartOf\":{\"@id\":\"https:\\\/\\\/inclusivenews.com.br\\\/?p=32710\"},\"author\":{\"name\":\"inclusivenews2024\",\"@id\":\"https:\\\/\\\/inclusivenews.com.br\\\/#\\\/schema\\\/person\\\/ae4ec7087559b8692fb33b6fffd2273b\"},\"headline\":\"Pacto Nacional do Judici\u00e1rio pela Linguagem Simples\",\"datePublished\":\"2024-03-14T11:21:46+00:00\",\"dateModified\":\"2024-03-14T11:21:47+00:00\",\"mainEntityOfPage\":{\"@id\":\"https:\\\/\\\/inclusivenews.com.br\\\/?p=32710\"},\"wordCount\":280,\"commentCount\":0,\"publisher\":{\"@id\":\"https:\\\/\\\/inclusivenews.com.br\\\/#organization\"},\"image\":{\"@id\":\"https:\\\/\\\/inclusivenews.com.br\\\/?p=32710#primaryimage\"},\"thumbnailUrl\":\"https:\\\/\\\/inclusivenews.com.br\\\/wp-content\\\/uploads\\\/2024\\\/03\\\/1710223548.jpg\",\"articleSection\":[\"ACESSIBILIDADE\",\"Cartilhas e manuais\"],\"inLanguage\":\"pt-PT\",\"potentialAction\":[{\"@type\":\"CommentAction\",\"name\":\"Comment\",\"target\":[\"https:\\\/\\\/inclusivenews.com.br\\\/?p=32710#respond\"]}]},{\"@type\":\"WebPage\",\"@id\":\"https:\\\/\\\/inclusivenews.com.br\\\/?p=32710\",\"url\":\"https:\\\/\\\/inclusivenews.com.br\\\/?p=32710\",\"name\":\"Pacto Nacional do Judici\u00e1rio pela Linguagem Simples -\",\"isPartOf\":{\"@id\":\"https:\\\/\\\/inclusivenews.com.br\\\/#website\"},\"primaryImageOfPage\":{\"@id\":\"https:\\\/\\\/inclusivenews.com.br\\\/?p=32710#primaryimage\"},\"image\":{\"@id\":\"https:\\\/\\\/inclusivenews.com.br\\\/?p=32710#primaryimage\"},\"thumbnailUrl\":\"https:\\\/\\\/inclusivenews.com.br\\\/wp-content\\\/uploads\\\/2024\\\/03\\\/1710223548.jpg\",\"datePublished\":\"2024-03-14T11:21:46+00:00\",\"dateModified\":\"2024-03-14T11:21:47+00:00\",\"breadcrumb\":{\"@id\":\"https:\\\/\\\/inclusivenews.com.br\\\/?p=32710#breadcrumb\"},\"inLanguage\":\"pt-PT\",\"potentialAction\":[{\"@type\":\"ReadAction\",\"target\":[\"https:\\\/\\\/inclusivenews.com.br\\\/?p=32710\"]}]},{\"@type\":\"ImageObject\",\"inLanguage\":\"pt-PT\",\"@id\":\"https:\\\/\\\/inclusivenews.com.br\\\/?p=32710#primaryimage\",\"url\":\"https:\\\/\\\/inclusivenews.com.br\\\/wp-content\\\/uploads\\\/2024\\\/03\\\/1710223548.jpg\",\"contentUrl\":\"https:\\\/\\\/inclusivenews.com.br\\\/wp-content\\\/uploads\\\/2024\\\/03\\\/1710223548.jpg\",\"width\":768,\"height\":1024,\"caption\":\"Capa da publica\u00e7\u00e3o Pacto Nacional do Judici\u00e1rio pela Linguagem Simples.\"},{\"@type\":\"BreadcrumbList\",\"@id\":\"https:\\\/\\\/inclusivenews.com.br\\\/?p=32710#breadcrumb\",\"itemListElement\":[{\"@type\":\"ListItem\",\"position\":1,\"name\":\"In\u00edcio\",\"item\":\"https:\\\/\\\/inclusivenews.com.br\\\/\"},{\"@type\":\"ListItem\",\"position\":2,\"name\":\"Pacto Nacional do Judici\u00e1rio pela Linguagem Simples\"}]},{\"@type\":\"WebSite\",\"@id\":\"https:\\\/\\\/inclusivenews.com.br\\\/#website\",\"url\":\"https:\\\/\\\/inclusivenews.com.br\\\/\",\"name\":\"Inclusive News\",\"description\":\"Inclusive News\",\"publisher\":{\"@id\":\"https:\\\/\\\/inclusivenews.com.br\\\/#organization\"},\"potentialAction\":[{\"@type\":\"SearchAction\",\"target\":{\"@type\":\"EntryPoint\",\"urlTemplate\":\"https:\\\/\\\/inclusivenews.com.br\\\/?s={search_term_string}\"},\"query-input\":{\"@type\":\"PropertyValueSpecification\",\"valueRequired\":true,\"valueName\":\"search_term_string\"}}],\"inLanguage\":\"pt-PT\"},{\"@type\":\"Organization\",\"@id\":\"https:\\\/\\\/inclusivenews.com.br\\\/#organization\",\"name\":\"Inclusive - inclus\u00e3o e cidadania\",\"url\":\"https:\\\/\\\/inclusivenews.com.br\\\/\",\"logo\":{\"@type\":\"ImageObject\",\"inLanguage\":\"pt-PT\",\"@id\":\"https:\\\/\\\/inclusivenews.com.br\\\/#\\\/schema\\\/logo\\\/image\\\/\",\"url\":\"https:\\\/\\\/inclusivenews.com.br\\\/wp-content\\\/uploads\\\/2024\\\/03\\\/@grandesite.png\",\"contentUrl\":\"https:\\\/\\\/inclusivenews.com.br\\\/wp-content\\\/uploads\\\/2024\\\/03\\\/@grandesite.png\",\"width\":1080,\"height\":1080,\"caption\":\"Inclusive - inclus\u00e3o e cidadania\"},\"image\":{\"@id\":\"https:\\\/\\\/inclusivenews.com.br\\\/#\\\/schema\\\/logo\\\/image\\\/\"},\"sameAs\":[\"https:\\\/\\\/www.facebook.com\\\/agenciainclusive\\\/\",\"https:\\\/\\\/www.instagram.com\\\/newsinclusive\\\/\"]},{\"@type\":\"Person\",\"@id\":\"https:\\\/\\\/inclusivenews.com.br\\\/#\\\/schema\\\/person\\\/ae4ec7087559b8692fb33b6fffd2273b\",\"name\":\"inclusivenews2024\",\"image\":{\"@type\":\"ImageObject\",\"inLanguage\":\"pt-PT\",\"@id\":\"https:\\\/\\\/secure.gravatar.com\\\/avatar\\\/c5a7ef84c66fa914f55bc4f7ce26cfa275a3b9a1c5568b907bd184fb4dde7b40?s=96&d=mm&r=g\",\"url\":\"https:\\\/\\\/secure.gravatar.com\\\/avatar\\\/c5a7ef84c66fa914f55bc4f7ce26cfa275a3b9a1c5568b907bd184fb4dde7b40?s=96&d=mm&r=g\",\"contentUrl\":\"https:\\\/\\\/secure.gravatar.com\\\/avatar\\\/c5a7ef84c66fa914f55bc4f7ce26cfa275a3b9a1c5568b907bd184fb4dde7b40?s=96&d=mm&r=g\",\"caption\":\"inclusivenews2024\"},\"sameAs\":[\"https:\\\/\\\/inclusivenews.com.br\"],\"url\":\"https:\\\/\\\/inclusivenews.com.br\\\/?author=1\"}]}<\/script>\n<!-- \/ Yoast SEO plugin. -->","yoast_head_json":{"title":"Pacto Nacional do Judici\u00e1rio pela Linguagem Simples -","robots":{"index":"index","follow":"follow","max-snippet":"max-snippet:-1","max-image-preview":"max-image-preview:large","max-video-preview":"max-video-preview:-1"},"canonical":"https:\/\/inclusivenews.com.br\/?p=32710","og_locale":"pt_PT","og_type":"article","og_title":"Pacto Nacional do Judici\u00e1rio pela Linguagem Simples -","og_description":"O que \u00e9 o Pacto Nacional do Judici\u00e1rio pela Linguagem Simples? O&nbsp;Pacto Nacional do Judici\u00e1rio pela Linguagem Simples&nbsp;consiste na ado\u00e7\u00e3o de a\u00e7\u00f5es, iniciativas e projetos a serem desenvolvidos em todos os segmentos da Justi\u00e7a e em todos os graus de jurisdi\u00e7\u00e3o, com o objetivo de adotar linguagem simples, direta e compreens\u00edvel a todos os cidad\u00e3os [&hellip;]","og_url":"https:\/\/inclusivenews.com.br\/?p=32710","article_publisher":"https:\/\/www.facebook.com\/agenciainclusive\/","article_published_time":"2024-03-14T11:21:46+00:00","article_modified_time":"2024-03-14T11:21:47+00:00","og_image":[{"width":768,"height":1024,"url":"https:\/\/inclusivenews.com.br\/wp-content\/uploads\/2024\/03\/1710223548.jpg","type":"image\/jpeg"}],"author":"inclusivenews2024","twitter_card":"summary_large_image","twitter_misc":{"Escrito por":"inclusivenews2024","Tempo estimado de leitura":"1 minuto"},"schema":{"@context":"https:\/\/schema.org","@graph":[{"@type":"Article","@id":"https:\/\/inclusivenews.com.br\/?p=32710#article","isPartOf":{"@id":"https:\/\/inclusivenews.com.br\/?p=32710"},"author":{"name":"inclusivenews2024","@id":"https:\/\/inclusivenews.com.br\/#\/schema\/person\/ae4ec7087559b8692fb33b6fffd2273b"},"headline":"Pacto Nacional do Judici\u00e1rio pela Linguagem Simples","datePublished":"2024-03-14T11:21:46+00:00","dateModified":"2024-03-14T11:21:47+00:00","mainEntityOfPage":{"@id":"https:\/\/inclusivenews.com.br\/?p=32710"},"wordCount":280,"commentCount":0,"publisher":{"@id":"https:\/\/inclusivenews.com.br\/#organization"},"image":{"@id":"https:\/\/inclusivenews.com.br\/?p=32710#primaryimage"},"thumbnailUrl":"https:\/\/inclusivenews.com.br\/wp-content\/uploads\/2024\/03\/1710223548.jpg","articleSection":["ACESSIBILIDADE","Cartilhas e manuais"],"inLanguage":"pt-PT","potentialAction":[{"@type":"CommentAction","name":"Comment","target":["https:\/\/inclusivenews.com.br\/?p=32710#respond"]}]},{"@type":"WebPage","@id":"https:\/\/inclusivenews.com.br\/?p=32710","url":"https:\/\/inclusivenews.com.br\/?p=32710","name":"Pacto Nacional do Judici\u00e1rio pela Linguagem Simples -","isPartOf":{"@id":"https:\/\/inclusivenews.com.br\/#website"},"primaryImageOfPage":{"@id":"https:\/\/inclusivenews.com.br\/?p=32710#primaryimage"},"image":{"@id":"https:\/\/inclusivenews.com.br\/?p=32710#primaryimage"},"thumbnailUrl":"https:\/\/inclusivenews.com.br\/wp-content\/uploads\/2024\/03\/1710223548.jpg","datePublished":"2024-03-14T11:21:46+00:00","dateModified":"2024-03-14T11:21:47+00:00","breadcrumb":{"@id":"https:\/\/inclusivenews.com.br\/?p=32710#breadcrumb"},"inLanguage":"pt-PT","potentialAction":[{"@type":"ReadAction","target":["https:\/\/inclusivenews.com.br\/?p=32710"]}]},{"@type":"ImageObject","inLanguage":"pt-PT","@id":"https:\/\/inclusivenews.com.br\/?p=32710#primaryimage","url":"https:\/\/inclusivenews.com.br\/wp-content\/uploads\/2024\/03\/1710223548.jpg","contentUrl":"https:\/\/inclusivenews.com.br\/wp-content\/uploads\/2024\/03\/1710223548.jpg","width":768,"height":1024,"caption":"Capa da publica\u00e7\u00e3o Pacto Nacional do Judici\u00e1rio pela Linguagem Simples."},{"@type":"BreadcrumbList","@id":"https:\/\/inclusivenews.com.br\/?p=32710#breadcrumb","itemListElement":[{"@type":"ListItem","position":1,"name":"In\u00edcio","item":"https:\/\/inclusivenews.com.br\/"},{"@type":"ListItem","position":2,"name":"Pacto Nacional do Judici\u00e1rio pela Linguagem Simples"}]},{"@type":"WebSite","@id":"https:\/\/inclusivenews.com.br\/#website","url":"https:\/\/inclusivenews.com.br\/","name":"Inclusive News","description":"Inclusive News","publisher":{"@id":"https:\/\/inclusivenews.com.br\/#organization"},"potentialAction":[{"@type":"SearchAction","target":{"@type":"EntryPoint","urlTemplate":"https:\/\/inclusivenews.com.br\/?s={search_term_string}"},"query-input":{"@type":"PropertyValueSpecification","valueRequired":true,"valueName":"search_term_string"}}],"inLanguage":"pt-PT"},{"@type":"Organization","@id":"https:\/\/inclusivenews.com.br\/#organization","name":"Inclusive - inclus\u00e3o e cidadania","url":"https:\/\/inclusivenews.com.br\/","logo":{"@type":"ImageObject","inLanguage":"pt-PT","@id":"https:\/\/inclusivenews.com.br\/#\/schema\/logo\/image\/","url":"https:\/\/inclusivenews.com.br\/wp-content\/uploads\/2024\/03\/@grandesite.png","contentUrl":"https:\/\/inclusivenews.com.br\/wp-content\/uploads\/2024\/03\/@grandesite.png","width":1080,"height":1080,"caption":"Inclusive - inclus\u00e3o e cidadania"},"image":{"@id":"https:\/\/inclusivenews.com.br\/#\/schema\/logo\/image\/"},"sameAs":["https:\/\/www.facebook.com\/agenciainclusive\/","https:\/\/www.instagram.com\/newsinclusive\/"]},{"@type":"Person","@id":"https:\/\/inclusivenews.com.br\/#\/schema\/person\/ae4ec7087559b8692fb33b6fffd2273b","name":"inclusivenews2024","image":{"@type":"ImageObject","inLanguage":"pt-PT","@id":"https:\/\/secure.gravatar.com\/avatar\/c5a7ef84c66fa914f55bc4f7ce26cfa275a3b9a1c5568b907bd184fb4dde7b40?s=96&d=mm&r=g","url":"https:\/\/secure.gravatar.com\/avatar\/c5a7ef84c66fa914f55bc4f7ce26cfa275a3b9a1c5568b907bd184fb4dde7b40?s=96&d=mm&r=g","contentUrl":"https:\/\/secure.gravatar.com\/avatar\/c5a7ef84c66fa914f55bc4f7ce26cfa275a3b9a1c5568b907bd184fb4dde7b40?s=96&d=mm&r=g","caption":"inclusivenews2024"},"sameAs":["https:\/\/inclusivenews.com.br"],"url":"https:\/\/inclusivenews.com.br\/?author=1"}]}},"_links":{"self":[{"href":"https:\/\/inclusivenews.com.br\/index.php?rest_route=\/wp\/v2\/posts\/32710","targetHints":{"allow":["GET"]}}],"collection":[{"href":"https:\/\/inclusivenews.com.br\/index.php?rest_route=\/wp\/v2\/posts"}],"about":[{"href":"https:\/\/inclusivenews.com.br\/index.php?rest_route=\/wp\/v2\/types\/post"}],"author":[{"embeddable":true,"href":"https:\/\/inclusivenews.com.br\/index.php?rest_route=\/wp\/v2\/users\/1"}],"replies":[{"embeddable":true,"href":"https:\/\/inclusivenews.com.br\/index.php?rest_route=%2Fwp%2Fv2%2Fcomments&post=32710"}],"version-history":[{"count":1,"href":"https:\/\/inclusivenews.com.br\/index.php?rest_route=\/wp\/v2\/posts\/32710\/revisions"}],"predecessor-version":[{"id":32712,"href":"https:\/\/inclusivenews.com.br\/index.php?rest_route=\/wp\/v2\/posts\/32710\/revisions\/32712"}],"wp:featuredmedia":[{"embeddable":true,"href":"https:\/\/inclusivenews.com.br\/index.php?rest_route=\/wp\/v2\/media\/32711"}],"wp:attachment":[{"href":"https:\/\/inclusivenews.com.br\/index.php?rest_route=%2Fwp%2Fv2%2Fmedia&parent=32710"}],"wp:term":[{"taxonomy":"category","embeddable":true,"href":"https:\/\/inclusivenews.com.br\/index.php?rest_route=%2Fwp%2Fv2%2Fcategories&post=32710"},{"taxonomy":"post_tag","embeddable":true,"href":"https:\/\/inclusivenews.com.br\/index.php?rest_route=%2Fwp%2Fv2%2Ftags&post=32710"}],"curies":[{"name":"wp","href":"https:\/\/api.w.org\/{rel}","templated":true}]}}