{"id":32761,"date":"2024-03-28T17:29:17","date_gmt":"2024-03-28T17:29:17","guid":{"rendered":"https:\/\/inclusivenews.com.br\/?p=32761"},"modified":"2024-03-29T19:27:38","modified_gmt":"2024-03-29T19:27:38","slug":"dia-internacional-da-sindrome-de-down-toma-conta-do-brasil-e-do-mundo","status":"publish","type":"post","link":"https:\/\/inclusivenews.com.br\/?p=32761","title":{"rendered":"Dia Internacional da S\u00edndrome de Down toma conta do Brasil e do mundo"},"content":{"rendered":"\n<p>Por Patricia Almeida* <\/p>\n\n\n\n<figure class=\"wp-block-image size-full is-resized\"><img loading=\"lazy\" decoding=\"async\" width=\"750\" height=\"658\" src=\"https:\/\/inclusivenews.com.br\/wp-content\/uploads\/2024\/03\/assume.png\" alt=\"print do tiktok da coordown mostrando v\u00e1rios v\u00eddeos do dia internacional com pessoas com s\u00edndrome de down e a inscri\u00e7\u00e3o assuma que eu posso e talvez eu fa\u00e7a.\n\" class=\"wp-image-32818\" style=\"width:555px;height:auto\" srcset=\"https:\/\/inclusivenews.com.br\/wp-content\/uploads\/2024\/03\/assume.png 750w, https:\/\/inclusivenews.com.br\/wp-content\/uploads\/2024\/03\/assume-300x263.png 300w\" sizes=\"auto, (max-width: 750px) 100vw, 750px\" \/><figcaption class=\"wp-element-caption\">Print do Tiktok da Coordown mostrando v\u00eddeos inspirados na campanha Assuma que eu posso.<\/figcaption><\/figure>\n\n\n\n<p>Parece que foi ontem que realizamos no\u00a0Brasil o primeiro evento em celebra\u00e7\u00e3o ao Dia Internacional da S\u00edndrome de Down, institu\u00eddo pela Down Syndrome International em 2006.<\/p>\n\n\n\n<figure class=\"wp-block-image size-large is-resized\"><img loading=\"lazy\" decoding=\"async\" width=\"1024\" height=\"592\" src=\"https:\/\/inclusivenews.com.br\/wp-content\/uploads\/2024\/03\/wdsd2006-1024x592.png\" alt=\"logotipo do dia internacional da sindrome de down de 2006, em verde.\" class=\"wp-image-32794\" style=\"width:547px;height:auto\" srcset=\"https:\/\/inclusivenews.com.br\/wp-content\/uploads\/2024\/03\/wdsd2006-1024x592.png 1024w, https:\/\/inclusivenews.com.br\/wp-content\/uploads\/2024\/03\/wdsd2006-300x173.png 300w, https:\/\/inclusivenews.com.br\/wp-content\/uploads\/2024\/03\/wdsd2006-768x444.png 768w, https:\/\/inclusivenews.com.br\/wp-content\/uploads\/2024\/03\/wdsd2006.png 1530w\" sizes=\"auto, (max-width: 1024px) 100vw, 1024px\" \/><figcaption class=\"wp-element-caption\">Primeiro logotipo do Dia Internacional da S\u00edndrome de Down.<\/figcaption><\/figure>\n\n\n\n<p>Foi num audit\u00f3rio da UnB, em Bras\u00edlia, com a exibi\u00e7\u00e3o do filme do Luto \u00e0 Luta, de Evaldo Mocarzel, seguida de debate com a participa\u00e7\u00e3o de Liane Martins Collares e Melina Pedroso.<\/p>\n\n\n\n<p>(Quem tiver foto me manda, por favor, porque n\u00e3o consegui encontrar nenhuma!)<\/p>\n\n\n\n<p>At\u00e9 ent\u00e3o, pessoas com s\u00edndrome de Down praticamente n\u00e3o eram protagonistas de eventos desta natureza, apenas falavam seus familiares, m\u00e9dicos e terapeutas.\u00a0Nas poucas reportagens, s\u00f3 os &#8220;especialistas&#8221; eram entrevistados, nunca os maiores interessados.<\/p>\n\n\n\n<p>O evento foi uma parceria do&nbsp;Programa de Educa\u00e7\u00e3o Tutorial da Universidade de Bras\u00edlia,&nbsp;Instituto Meta Social, da Campanha Ser Diferente \u00e9 Normal e o grupo DFDown, que ainda n\u00e3o havia se tornado associa\u00e7\u00e3o.<\/p>\n\n\n\n<p>Naquele dia, Liane e Melina tiveram&nbsp;voz e vez.<\/p>\n\n\n\n<p>Essa era a t\u00f4nica do Dia Internacional &#8211; dar oportunidade \u00e0s pr\u00f3prias pessoas com s\u00edndrome de Down de falarem por si e se autorepresentarem.<\/p>\n\n\n\n<p>Veja a programa\u00e7\u00e3o do evento em 2006: <a href=\"https:\/\/www2.camara.leg.br\/atividade-legislativa\/comissoes\/comissoes-permanentes\/cdhm\/noticias\/DocuMentdoLutaLuta.html\" target=\"_blank\" rel=\"noreferrer noopener\">https:\/\/www2.camara.leg.br\/atividade-legislativa\/comissoes\/comissoes-permanentes\/cdhm\/noticias\/DocuMentdoLutaLuta.html<\/a><\/p>\n\n\n\n<figure class=\"wp-block-image size-full is-resized\"><img loading=\"lazy\" decoding=\"async\" width=\"645\" height=\"1024\" src=\"https:\/\/inclusivenews.com.br\/wp-content\/uploads\/2024\/03\/WhatsApp-Image-2024-03-29-at-8.33.29-AM.jpeg\" alt=\"mulher segura bebe no colo, ambas com camiseta da caminhadown posando num quadro da caminhada.\" class=\"wp-image-32827\" style=\"width:498px;height:auto\" srcset=\"https:\/\/inclusivenews.com.br\/wp-content\/uploads\/2024\/03\/WhatsApp-Image-2024-03-29-at-8.33.29-AM.jpeg 645w, https:\/\/inclusivenews.com.br\/wp-content\/uploads\/2024\/03\/WhatsApp-Image-2024-03-29-at-8.33.29-AM-189x300.jpeg 189w\" sizes=\"auto, (max-width: 645px) 100vw, 645px\" \/><figcaption class=\"wp-element-caption\">Caminhada Down DF.<\/figcaption><\/figure>\n\n\n\n<p>De l\u00e1 pra c\u00e1, l\u00e1 se v\u00e3o 18 anos.<\/p>\n\n\n\n<figure class=\"wp-block-image size-large is-resized\"><img loading=\"lazy\" decoding=\"async\" width=\"1024\" height=\"776\" src=\"https:\/\/inclusivenews.com.br\/wp-content\/uploads\/2024\/03\/afadpoa-1024x776.png\" alt=\"jovens de camiseta marela seguran faixa em sal\u00e3o da assembleia legislativa do rio grande do sul escrito conscientiza\u00e7\u00e3o sobre s\u00edndrome de down - afad.\n\" class=\"wp-image-32824\" style=\"width:490px;height:auto\" srcset=\"https:\/\/inclusivenews.com.br\/wp-content\/uploads\/2024\/03\/afadpoa-1024x776.png 1024w, https:\/\/inclusivenews.com.br\/wp-content\/uploads\/2024\/03\/afadpoa-300x227.png 300w, https:\/\/inclusivenews.com.br\/wp-content\/uploads\/2024\/03\/afadpoa-768x582.png 768w, https:\/\/inclusivenews.com.br\/wp-content\/uploads\/2024\/03\/afadpoa.png 1166w\" sizes=\"auto, (max-width: 1024px) 100vw, 1024px\" \/><figcaption class=\"wp-element-caption\">Evento da AFAD Porto Alegre na Assembleia Legislativa do RS.<\/figcaption><\/figure>\n\n\n\n<p>Na semana passada, o que se viu foi um espet\u00e1culo de representatividade. <\/p>\n\n\n\n<figure class=\"wp-block-image size-large is-resized\"><img loading=\"lazy\" decoding=\"async\" width=\"1024\" height=\"879\" src=\"https:\/\/inclusivenews.com.br\/wp-content\/uploads\/2024\/03\/futebol-1024x879.png\" alt=\"duas mo\u00e7as e um rapaz com a camiseta chega de rotulos, dois deles com a mao no peito, ao lado de jogadores em estadio de futebol na hora do hino nacional.\" class=\"wp-image-32825\" style=\"width:490px;height:auto\" srcset=\"https:\/\/inclusivenews.com.br\/wp-content\/uploads\/2024\/03\/futebol-1024x879.png 1024w, https:\/\/inclusivenews.com.br\/wp-content\/uploads\/2024\/03\/futebol-300x257.png 300w, https:\/\/inclusivenews.com.br\/wp-content\/uploads\/2024\/03\/futebol-768x659.png 768w, https:\/\/inclusivenews.com.br\/wp-content\/uploads\/2024\/03\/futebol.png 1324w\" sizes=\"auto, (max-width: 1024px) 100vw, 1024px\" \/><\/figure>\n\n\n\n<p>Pessoas com s\u00edndrome de Down em todo mundo\u00a0ocuparam a m\u00eddia, redes digitais, casas legislativas, palcos, est\u00e1dios, praias, parques e a ONU.<\/p>\n\n\n\n<figure class=\"wp-block-image size-large is-resized\"><img loading=\"lazy\" decoding=\"async\" width=\"1024\" height=\"678\" src=\"https:\/\/inclusivenews.com.br\/wp-content\/uploads\/2024\/03\/praia-1024x678.png\" alt=\"centenas de pessoas com camisetas laranja na caminhada do Vit\u00f3ria Down.\" class=\"wp-image-32826\" style=\"width:489px;height:auto\" srcset=\"https:\/\/inclusivenews.com.br\/wp-content\/uploads\/2024\/03\/praia-1024x678.png 1024w, https:\/\/inclusivenews.com.br\/wp-content\/uploads\/2024\/03\/praia-300x199.png 300w, https:\/\/inclusivenews.com.br\/wp-content\/uploads\/2024\/03\/praia-768x508.png 768w, https:\/\/inclusivenews.com.br\/wp-content\/uploads\/2024\/03\/praia.png 1260w\" sizes=\"auto, (max-width: 1024px) 100vw, 1024px\" \/><figcaption class=\"wp-element-caption\">Caminhada da Vit\u00f3ria Down.<\/figcaption><\/figure>\n\n\n\n<p>A <a href=\"http:\/\/federacaodown.org.br\/\">Federa\u00e7\u00e3o Brasileira das Associa\u00e7\u00f5es de S\u00edndrome de Down <\/a>nunca foi t\u00e3o forte. Suas associadas e outros grupos realizaram centenas (talvez milhares?) de eventos em todo pa\u00eds e v\u00e1rios representantes estiveram na ONU em NY. Mais de 100 jovens e adultos com s\u00edndrome de Down participam dos grupos de autodefensores em todo Brasil.<\/p>\n\n\n\n<figure class=\"wp-block-image size-large is-resized\"><img loading=\"lazy\" decoding=\"async\" width=\"1024\" height=\"1022\" src=\"https:\/\/inclusivenews.com.br\/wp-content\/uploads\/2024\/03\/defens-1024x1022.png\" alt=\"foto de grupo de autodefensoria da Federa\u00e7\u00e3o Down. texto dia intrnacional da s\u00edndrome de Down 21\/3.\" class=\"wp-image-32821\" style=\"width:482px;height:auto\" srcset=\"https:\/\/inclusivenews.com.br\/wp-content\/uploads\/2024\/03\/defens-1024x1022.png 1024w, https:\/\/inclusivenews.com.br\/wp-content\/uploads\/2024\/03\/defens-300x300.png 300w, https:\/\/inclusivenews.com.br\/wp-content\/uploads\/2024\/03\/defens-150x150.png 150w, https:\/\/inclusivenews.com.br\/wp-content\/uploads\/2024\/03\/defens-768x767.png 768w, https:\/\/inclusivenews.com.br\/wp-content\/uploads\/2024\/03\/defens.png 1330w\" sizes=\"auto, (max-width: 1024px) 100vw, 1024px\" \/><\/figure>\n\n\n\n<p>Veja no Instagram do Grupo de Autodefensoria da FBASD: <a href=\"https:\/\/www.instagram.com\/autodefensoria_br\/\">https:\/\/www.instagram.com\/autodefensoria_br\/<\/a><\/p>\n\n\n\n<p>O v\u00eddeo &#8220;Assuma que eu posso&#8221;, da associa\u00e7\u00e3o italiana Coordown, bateu o recorde de visualiza\u00e7\u00f5es das campanhas anteriores. H\u00e1 mais de 10 anos a Coordown, sob a supervis\u00e3o de Martina Fuga, cria filmes para o Dia Internacional.<\/p>\n\n\n\n<figure class=\"wp-block-embed is-type-video is-provider-youtube wp-block-embed-youtube wp-embed-aspect-16-9 wp-has-aspect-ratio\"><div class=\"wp-block-embed__wrapper\">\n<iframe loading=\"lazy\" title=\"ASSUME THAT I CAN | World Down Syndrome Day 2024\" width=\"500\" height=\"281\" src=\"https:\/\/www.youtube.com\/embed\/9HpLhxMFJR8?feature=oembed\" frameborder=\"0\" allow=\"accelerometer; autoplay; clipboard-write; encrypted-media; gyroscope; picture-in-picture; web-share\" referrerpolicy=\"strict-origin-when-cross-origin\" allowfullscreen><\/iframe>\n<\/div><\/figure>\n\n\n\n<p>At\u00e9 a atriz americana Viola Davis compartilhou o v\u00eddeo, que traz uma mensagem universal, como seguinte coment\u00e1rio &#8220;Eu n\u00e3o sou o que voc\u00ea pensa que eu sou. \u00c9 voc\u00ea que pensa assim. As possibilidades de todo indiv\u00edduo s\u00e3o&#8230; ilimitadas.&#8221;: <a href=\"https:\/\/www.instagram.com\/p\/C4q36MEvxQ3\/\" target=\"_blank\" rel=\"noreferrer noopener\">https:\/\/www.instagram.com\/p\/C4q36MEvxQ3\/<\/a><\/p>\n\n\n\n<p>Leia mais sobre as campanhas do dia 21\/3 da Coordown: <a href=\"https:\/\/www.movimentodown.org.br\/2024\/03\/campanhas-do-dia-internacional-da-sindrome-de-down-da-coordown-mais-de-10-anos-de-historia-e-quase-100-premios\/\" target=\"_blank\" rel=\"noreferrer noopener\">https:\/\/www.movimentodown.org.br\/2024\/03\/campanhas-do-dia-internacional-da-sindrome-de-down-da-coordown-mais-de-10-anos-de-historia-e-quase-100-premios\/<\/a><\/p>\n\n\n\n<p><\/p>\n\n\n\n<p><strong>Papel do Brasil<\/strong><\/p>\n\n\n\n<p>O Brasil teve forte atua\u00e7\u00e3o para chegarmos a essa grande onda internacional.\u00a0<\/p>\n\n\n\n<p>Em 2009, a Federa\u00e7\u00e3o Brasileira das Associa\u00e7\u00f5es de S\u00edndrome de Down,&nbsp;enviou of\u00edcio ao Minist\u00e9rio das Rela\u00e7\u00f5es&nbsp;Exteriores pedindo que o Brasil apresentasse \u00e0 ONU&nbsp;proposta para que o 21\/3 entrasse para o calend\u00e1rio oficial das Na\u00e7\u00f5es Unidas.<\/p>\n\n\n\n<p>O pedido foi refor\u00e7ado \u00e0 presidenta&nbsp;Dilma pelos senadores Rom\u00e1rio e Lindbergh Faria, ambos pais&nbsp;de meninas com s\u00edndrome de Down.<\/p>\n\n\n\n<p>Lindbergh, inclusive, apresentou projeto de lei para que a data fosse adotada nacionalmente. A lei acabou sendo aprovada apenas em 2020.<\/p>\n\n\n\n<p>J\u00e1 na ONU, em 19\/12\/2011, a iniciativa brasileira prosperou. Com co-patroc\u00ednio de 78 pa\u00edses, a Assembleia Geral da Organiza\u00e7\u00e3o das Na\u00e7\u00f5es Unidas adotou uma resolu\u00e7\u00e3o\u00a0estabelecendo o dia 21 de mar\u00e7o (21\/3) como o Dia Internacional da S\u00edndrome de Down, come\u00e7ando em\u00a02012.<\/p>\n\n\n\n<figure class=\"wp-block-image size-full\"><img loading=\"lazy\" decoding=\"async\" width=\"640\" height=\"480\" src=\"https:\/\/inclusivenews.com.br\/wp-content\/uploads\/2024\/03\/pat-lucas-onu.jpg\" alt=\"homem e mulher sorrindo em sala de reuni\u00f5es.\n\" class=\"wp-image-32834\" srcset=\"https:\/\/inclusivenews.com.br\/wp-content\/uploads\/2024\/03\/pat-lucas-onu.jpg 640w, https:\/\/inclusivenews.com.br\/wp-content\/uploads\/2024\/03\/pat-lucas-onu-300x225.jpg 300w\" sizes=\"auto, (max-width: 640px) 100vw, 640px\" \/><figcaption class=\"wp-element-caption\">Patricia Almeida e Jo\u00e3o Lucas Quental na ONU no dia da aprova\u00e7\u00e3o da resolu\u00e7\u00e3o do Dia Internacional da S\u00edndrome de Down.<\/figcaption><\/figure>\n\n\n\n<p>Saiba mais no link abaixo:<\/p>\n\n\n\n<figure class=\"wp-block-embed is-type-wp-embed is-provider-m-dia-incorporada wp-block-embed-m-dia-incorporada\"><div class=\"wp-block-embed__wrapper\">\n<blockquote class=\"wp-embedded-content\" data-secret=\"Dy56CXCWnD\"><a href=\"https:\/\/inclusivenews.com.br\/?p=21553\">Dia Internacional da S\u00edndrome de Down na ONU &#8211; Texto da resolu\u00e7\u00e3o e pa\u00edses patrocinadores<\/a><\/blockquote><iframe loading=\"lazy\" class=\"wp-embedded-content\" sandbox=\"allow-scripts\" security=\"restricted\" style=\"position: absolute; clip: rect(1px, 1px, 1px, 1px);\" title=\"&#8220;Dia Internacional da S\u00edndrome de Down na ONU &#8211; Texto da resolu\u00e7\u00e3o e pa\u00edses patrocinadores&#8221; &#8212; \" src=\"https:\/\/inclusivenews.com.br\/?p=21553&#038;embed=true#?secret=S3xxmvt2Yw#?secret=Dy56CXCWnD\" data-secret=\"Dy56CXCWnD\" width=\"500\" height=\"282\" frameborder=\"0\" marginwidth=\"0\" marginheight=\"0\" scrolling=\"no\"><\/iframe>\n<\/div><\/figure>\n\n\n\n<figure class=\"wp-block-image size-large is-resized\"><img loading=\"lazy\" decoding=\"async\" width=\"1024\" height=\"779\" src=\"https:\/\/inclusivenews.com.br\/wp-content\/uploads\/2024\/03\/patamandaonu-1024x779.jpeg\" alt=\"mulher com menina no colo em frente a tela indicando evento sobre o dia internacional da sindrome de down, sal\u00e3o de confer\u00eancias 2.\n\" class=\"wp-image-32865\" style=\"width:613px;height:auto\" srcset=\"https:\/\/inclusivenews.com.br\/wp-content\/uploads\/2024\/03\/patamandaonu-1024x779.jpeg 1024w, https:\/\/inclusivenews.com.br\/wp-content\/uploads\/2024\/03\/patamandaonu-300x228.jpeg 300w, https:\/\/inclusivenews.com.br\/wp-content\/uploads\/2024\/03\/patamandaonu-768x584.jpeg 768w, https:\/\/inclusivenews.com.br\/wp-content\/uploads\/2024\/03\/patamandaonu-1536x1168.jpeg 1536w, https:\/\/inclusivenews.com.br\/wp-content\/uploads\/2024\/03\/patamandaonu-2048x1558.jpeg 2048w\" sizes=\"auto, (max-width: 1024px) 100vw, 1024px\" \/><figcaption class=\"wp-element-caption\">Patricia e Amanda Almeida na ONU.<\/figcaption><\/figure>\n\n\n\n<p>A partir desta data, a Down Syndrome International organiza, a cada 21 de mar\u00e7o e com apoio do governo brasileiro, uma confer\u00eancia anual na sede das Na\u00e7\u00f5es Unidas em Nova York, e no Conselho dos Direitos Humanos da ONU em Genebra, desde 2012.<\/p>\n\n\n\n<p>Eu presidi a primeira, Confer\u00eancia na ONU NY, \u201cConstruindo o nosso futuro\u201d, dia 21\/3\/2012.<\/p>\n\n\n\n<figure class=\"wp-block-image size-full is-resized\"><img loading=\"lazy\" decoding=\"async\" width=\"960\" height=\"643\" src=\"https:\/\/inclusivenews.com.br\/wp-content\/uploads\/2024\/03\/pat-telao-1.jpeg\" alt=\"mulher sentada \u00e0 mesa de audit\u00f3rio com camiseta do dia internacional da s\u00edndrome de Down, placa esccrito Patricia Almeida, com a m\u00e3o levantada e sua imagem na tela acima\" class=\"wp-image-32768\" style=\"width:626px;height:auto\" srcset=\"https:\/\/inclusivenews.com.br\/wp-content\/uploads\/2024\/03\/pat-telao-1.jpeg 960w, https:\/\/inclusivenews.com.br\/wp-content\/uploads\/2024\/03\/pat-telao-1-300x201.jpeg 300w, https:\/\/inclusivenews.com.br\/wp-content\/uploads\/2024\/03\/pat-telao-1-768x514.jpeg 768w\" sizes=\"auto, (max-width: 960px) 100vw, 960px\" \/><figcaption class=\"wp-element-caption\">Patricia Almeida d\u00e1 as boas vindas \u00e0s pessoas com s\u00edndrome de Down \u00e0 ONU no dia internacional.<\/figcaption><\/figure>\n\n\n\n<p>Veja a programa\u00e7\u00e3o: <a href=\"https:\/\/inclusivenews.com.br\/?p=21924\" target=\"_blank\" rel=\"noreferrer noopener\">https:\/\/inclusivenews.com.br\/?p=21924<\/a><\/p>\n\n\n\n<p>A Embaixadora Maria Luiza Viotti abriu os trabalhos. Ela foi fundamental para a aprova\u00e7\u00e3o da resolu\u00e7\u00e3o do dia internacional. Na \u00e9poca, era a chefe da Miss\u00e3o do Brasil junto a ONU. Hoje a Embaixadora \u00e9 a representante do Brasil nos Estados Unidos, em Washington.<\/p>\n\n\n\n<figure class=\"wp-block-image size-full is-resized\"><img loading=\"lazy\" decoding=\"async\" width=\"960\" height=\"643\" src=\"https:\/\/inclusivenews.com.br\/wp-content\/uploads\/2024\/03\/viotti-21032012.jpeg\" alt=\"Mulher sentada \u00e0 bancade de audit\u00f3rio, no tel\u00e3o aparece sua imagem e o nome Ambassador Maria Luiza Viotti, Brazilian Mission.\" class=\"wp-image-32769\" style=\"width:636px;height:auto\" srcset=\"https:\/\/inclusivenews.com.br\/wp-content\/uploads\/2024\/03\/viotti-21032012.jpeg 960w, https:\/\/inclusivenews.com.br\/wp-content\/uploads\/2024\/03\/viotti-21032012-300x201.jpeg 300w, https:\/\/inclusivenews.com.br\/wp-content\/uploads\/2024\/03\/viotti-21032012-768x514.jpeg 768w\" sizes=\"auto, (max-width: 960px) 100vw, 960px\" \/><figcaption class=\"wp-element-caption\">Embaixadora Maria Luiza Viotti, chefe da Miss\u00e3o Brasileira junto \u00e0 ONU em Nova York, fala <br>na mesa de abertura da I Confer\u00eancia pelo dia internacional da S\u00edndrome de Down na ONU.<\/figcaption><\/figure>\n\n\n\n<p>Em todos os paineis havia pessoas com s\u00edndrome de Down de todo mundo como palestrantes.<\/p>\n\n\n\n<p>Maria Alejandra Villanueva Contreras, do Peru, falou sobre como conseguiu&nbsp;garantir seu direito de votar em seu pa\u00eds. <\/p>\n\n\n\n<p>Shona Robertson, da Austr\u00e1lia, contou&nbsp;sobre a experi\u00eancia de sua educa\u00e7\u00e3o inclusiva.&nbsp;<\/p>\n\n\n\n<figure class=\"wp-block-image size-full is-resized\"><img loading=\"lazy\" decoding=\"async\" width=\"960\" height=\"720\" src=\"https:\/\/inclusivenews.com.br\/wp-content\/uploads\/2024\/03\/aberturawdsd.jpeg\" alt=\"Dias mulheres de costas sentadas \u00e0 mesa, falando para a plateia em auditorio.\" class=\"wp-image-32775\" style=\"width:647px;height:auto\" srcset=\"https:\/\/inclusivenews.com.br\/wp-content\/uploads\/2024\/03\/aberturawdsd.jpeg 960w, https:\/\/inclusivenews.com.br\/wp-content\/uploads\/2024\/03\/aberturawdsd-300x225.jpeg 300w, https:\/\/inclusivenews.com.br\/wp-content\/uploads\/2024\/03\/aberturawdsd-768x576.jpeg 768w\" sizes=\"auto, (max-width: 960px) 100vw, 960px\" \/><figcaption class=\"wp-element-caption\">Penny Robertson, cofundadora da Down Syndrome International e sua filha Shona Robertson, <br>na mesa sobre educa\u00e7\u00e3o inclusiva.<\/figcaption><\/figure>\n\n\n\n<p>O americano David Egan compartilhou seu trabalho&nbsp;na&nbsp;defesa de seus direitos no Congresso dos EUA.&nbsp;<\/p>\n\n\n\n<p>A espanhola Ester Nadal Tarrago apresentou o livro sobre a Conven\u00e7\u00e3o sobre os Direitos das Pessoas com Defici\u00eancia do qual participou.<\/p>\n\n\n\n<figure class=\"wp-block-image size-full is-resized\"><img loading=\"lazy\" decoding=\"async\" width=\"960\" height=\"643\" src=\"https:\/\/inclusivenews.com.br\/wp-content\/uploads\/2024\/03\/grupo-carpe.jpeg\" alt=\"Grupo de pessoas em frente ao s\u00edmbolo da ONU.\" class=\"wp-image-32778\" style=\"width:648px;height:auto\" srcset=\"https:\/\/inclusivenews.com.br\/wp-content\/uploads\/2024\/03\/grupo-carpe.jpeg 960w, https:\/\/inclusivenews.com.br\/wp-content\/uploads\/2024\/03\/grupo-carpe-300x201.jpeg 300w, https:\/\/inclusivenews.com.br\/wp-content\/uploads\/2024\/03\/grupo-carpe-768x514.jpeg 768w\" sizes=\"auto, (max-width: 960px) 100vw, 960px\" \/><figcaption class=\"wp-element-caption\">Grupo de brasileiros do Carpe Diem no Dia Internacional. <\/figcaption><\/figure>\n\n\n\n<p>O Brasil enviou uma grande delega\u00e7\u00e3o, com destaque para os jovens da Associa\u00e7\u00e3o Carpe Diem, presidida por Gloria\u00a0Moreira Salles, apoio de Nanci Costa e Juliana Barica Righini.<\/p>\n\n\n\n<figure class=\"wp-block-image size-full is-resized\"><img loading=\"lazy\" decoding=\"async\" width=\"960\" height=\"643\" src=\"https:\/\/inclusivenews.com.br\/wp-content\/uploads\/2024\/03\/claudioassina.jpeg\" alt=\"Homem assina livro, enquanto mulher segura o livro e duas outras mulheres observam.\" class=\"wp-image-32777\" style=\"width:632px;height:auto\" srcset=\"https:\/\/inclusivenews.com.br\/wp-content\/uploads\/2024\/03\/claudioassina.jpeg 960w, https:\/\/inclusivenews.com.br\/wp-content\/uploads\/2024\/03\/claudioassina-300x201.jpeg 300w, https:\/\/inclusivenews.com.br\/wp-content\/uploads\/2024\/03\/claudioassina-768x514.jpeg 768w\" sizes=\"auto, (max-width: 960px) 100vw, 960px\" \/><figcaption class=\"wp-element-caption\">Claudio Leoni Arruda e Mariana Amato com o Livro Mude Seu falar que eu Mudo o meu Ouvir.<\/figcaption><\/figure>\n\n\n\n<p>Foi no Carpe que nasceu um dos melhores livros que j\u00e1 li sobre s\u00edndrome de Down: Mude seu falar que eu mudo o meu ouvir.<\/p>\n\n\n\n<figure class=\"wp-block-image size-full is-resized\"><img loading=\"lazy\" decoding=\"async\" width=\"960\" height=\"643\" src=\"https:\/\/inclusivenews.com.br\/wp-content\/uploads\/2024\/03\/mudefalarcarolinajpeg.jpeg\" alt=\"Mulher segura livro com o s\u00edmbolo do dia internacional da s\u00edndrome de Down atr\u00e1s.\" class=\"wp-image-32770\" style=\"width:634px;height:auto\" srcset=\"https:\/\/inclusivenews.com.br\/wp-content\/uploads\/2024\/03\/mudefalarcarolinajpeg.jpeg 960w, https:\/\/inclusivenews.com.br\/wp-content\/uploads\/2024\/03\/mudefalarcarolinajpeg-300x201.jpeg 300w, https:\/\/inclusivenews.com.br\/wp-content\/uploads\/2024\/03\/mudefalarcarolinajpeg-768x514.jpeg 768w\" sizes=\"auto, (max-width: 960px) 100vw, 960px\" \/><figcaption class=\"wp-element-caption\">Carolina mostra o livro.<\/figcaption><\/figure>\n\n\n\n<p>Criado por&nbsp;Carolina Yuki Fujihira Ana Beatriz Pierre Paiva, Beatriz Ananias, Carolina de Vecchio Maia, Carolina Reis Costa&nbsp;Golebski, Claudio Arruda e Thiago Rodrigues,&nbsp;o livro foi apresentado na ONU por Thiago.<\/p>\n\n\n\n<figure class=\"wp-block-image size-full is-resized\"><img loading=\"lazy\" decoding=\"async\" width=\"960\" height=\"643\" src=\"https:\/\/inclusivenews.com.br\/wp-content\/uploads\/2024\/03\/tiago-fala-omnu.jpeg\" alt=\"Homem fala em mesa principal com tel\u00e3o \u00e0 frente e o logo do Carpe Diem em ingl\u00eas: &quot;nossa miss\u00e3o \u00e9 fortalecer a autodetermina\u00e7\u00e3o das pessoas com defici\u00eancia intelectual, para que a pessoa seja capaz de influenciar a sociedade em seu compromisso pela diversidade&quot;. \" class=\"wp-image-32771\" style=\"width:655px;height:auto\" srcset=\"https:\/\/inclusivenews.com.br\/wp-content\/uploads\/2024\/03\/tiago-fala-omnu.jpeg 960w, https:\/\/inclusivenews.com.br\/wp-content\/uploads\/2024\/03\/tiago-fala-omnu-300x201.jpeg 300w, https:\/\/inclusivenews.com.br\/wp-content\/uploads\/2024\/03\/tiago-fala-omnu-768x514.jpeg 768w\" sizes=\"auto, (max-width: 960px) 100vw, 960px\" \/><figcaption class=\"wp-element-caption\">Thiago fala do livro. No tel\u00e3o, o logo do Carpe Diem com os dizeres em ing\u00eas: &#8220;nossa miss\u00e3o <br>\u00e9 fortalecer a autodetermina\u00e7\u00e3o das pessoas com defici\u00eancia intelectual, para que <br>a pessoa seja capaz de influenciar a sociedade em seu compromisso pela diversidade&#8221;.<\/figcaption><\/figure>\n\n\n\n<p>Saiba mais nesta reportagem da R\u00e1dio ONU: <a href=\"https:\/\/inclusivenews.com.br\/?p=22255\" target=\"_blank\" rel=\"noreferrer noopener\">https:\/\/inclusivenews.com.br\/?p=22255<\/a><\/p>\n\n\n\n<p>Outra brasileira que falou na confer\u00eancia foi Tathi Piancastelli. Ela fez uma reportagem para o seu programa de TV, Ser Diferente.<\/p>\n\n\n\n<figure class=\"wp-block-embed is-type-video is-provider-youtube wp-block-embed-youtube wp-embed-aspect-4-3 wp-has-aspect-ratio\"><div class=\"wp-block-embed__wrapper\">\n<iframe loading=\"lazy\" title=\"EU NA ONU - DIA INTERNACIONAL DA SD - Programa Ser Diferente 5 - Temporada 01 Especial NY\" width=\"500\" height=\"375\" src=\"https:\/\/www.youtube.com\/embed\/ccP7HPc7t8o?feature=oembed\" frameborder=\"0\" allow=\"accelerometer; autoplay; clipboard-write; encrypted-media; gyroscope; picture-in-picture; web-share\" referrerpolicy=\"strict-origin-when-cross-origin\" allowfullscreen><\/iframe>\n<\/div><\/figure>\n\n\n\n<p>A rep\u00f3rter Fernanda Honorato tamb\u00e9m cobriu o evento para o Programa Especial, da TV Brasil em duas partes.<\/p>\n\n\n\n<p>Veja: <\/p>\n\n\n\n<figure class=\"wp-block-embed is-type-video is-provider-youtube wp-block-embed-youtube wp-embed-aspect-4-3 wp-has-aspect-ratio\"><div class=\"wp-block-embed__wrapper\">\n<iframe loading=\"lazy\" title=\"Programa Especial- Dia Internacional da S\u00edndrome de Down-ONU\" width=\"500\" height=\"375\" src=\"https:\/\/www.youtube.com\/embed\/lwYm-Conr-4?feature=oembed\" frameborder=\"0\" allow=\"accelerometer; autoplay; clipboard-write; encrypted-media; gyroscope; picture-in-picture; web-share\" referrerpolicy=\"strict-origin-when-cross-origin\" allowfullscreen><\/iframe>\n<\/div><\/figure>\n\n\n\n<figure class=\"wp-block-embed is-type-video is-provider-youtube wp-block-embed-youtube wp-embed-aspect-4-3 wp-has-aspect-ratio\"><div class=\"wp-block-embed__wrapper\">\n<iframe loading=\"lazy\" title=\"Programa Especial-Dia Internacional da S\u00edndrome de Down- ONU Parte 2\" width=\"500\" height=\"375\" src=\"https:\/\/www.youtube.com\/embed\/nwCNSqYGhuc?feature=oembed\" frameborder=\"0\" allow=\"accelerometer; autoplay; clipboard-write; encrypted-media; gyroscope; picture-in-picture; web-share\" referrerpolicy=\"strict-origin-when-cross-origin\" allowfullscreen><\/iframe>\n<\/div><\/figure>\n\n\n\n<p>Jason Kingsley, dos Estados Unidos,&nbsp;falou sobre seu livro, \u201cConte conosco: Crescendo com S\u00edndrome de Down\u201d.<\/p>\n\n\n\n<p>Jason \u00e9 filho de uma pessoa que n\u00e3o poderia faltar nesse dia hist\u00f3rico, a escritora Emily Perl Kingsley.\u00a0<\/p>\n\n\n\n<figure class=\"wp-block-image size-full is-resized\"><img loading=\"lazy\" decoding=\"async\" width=\"960\" height=\"720\" src=\"https:\/\/inclusivenews.com.br\/wp-content\/uploads\/2024\/03\/emily-1.jpeg\" alt=\"2 mulheres e um homem, uma das mulheres com camiseta do dia internacional\n\" class=\"wp-image-32785\" style=\"width:611px;height:auto\" srcset=\"https:\/\/inclusivenews.com.br\/wp-content\/uploads\/2024\/03\/emily-1.jpeg 960w, https:\/\/inclusivenews.com.br\/wp-content\/uploads\/2024\/03\/emily-1-300x225.jpeg 300w, https:\/\/inclusivenews.com.br\/wp-content\/uploads\/2024\/03\/emily-1-768x576.jpeg 768w\" sizes=\"auto, (max-width: 960px) 100vw, 960px\" \/><figcaption class=\"wp-element-caption\">Jason Kingsley, Patricia Almeida e Emily Kingsley.<\/figcaption><\/figure>\n\n\n\n<p>O texto de Emily, \u201cBem-vindo \u00e0 Holanda\u201d, destinado a quem acaba de receber uma pessoa com s\u00edndrome de Down na fam\u00edlia, \u00e9 um cl\u00e1ssico que todos envolvidos com a causa j\u00e1 leram. <\/p>\n\n\n\n<p>Leia o texto aqui: <a href=\"http:\/\/www.movimentodown.org.br\/2013\/07\/bem-vindo-a-holanda\/\" target=\"_blank\" rel=\"noreferrer noopener\">http:\/\/www.movimentodown.org.br\/2013\/07\/bem-vindo-a-holanda\/<\/a><\/p>\n\n\n\n<p>Como eu, Emily estava muito emocionada, e disse que sempre esperou ver este dia, em que as pessoas com s\u00edndrome de Down fossem respeitadas e valorizadas.<\/p>\n\n\n\n<p>Essa tamb\u00e9m foi a mensagem de Ros\u00e2ngela Berman-Bieler, brasileira que tamb\u00e9m participou do evento. Ela esteve por anos \u00e0 frente da \u00e1rea da defici\u00eancia do UNICEF em Nova York. <\/p>\n\n\n\n<figure class=\"wp-block-image size-full is-resized\"><img loading=\"lazy\" decoding=\"async\" width=\"960\" height=\"643\" src=\"https:\/\/inclusivenews.com.br\/wp-content\/uploads\/2024\/03\/ro-marta-tiago.jpeg\" alt=\"dois homens e duas mulheres conversando uma delas em cadeira de rodas.\" class=\"wp-image-32787\" style=\"width:614px;height:auto\" srcset=\"https:\/\/inclusivenews.com.br\/wp-content\/uploads\/2024\/03\/ro-marta-tiago.jpeg 960w, https:\/\/inclusivenews.com.br\/wp-content\/uploads\/2024\/03\/ro-marta-tiago-300x201.jpeg 300w, https:\/\/inclusivenews.com.br\/wp-content\/uploads\/2024\/03\/ro-marta-tiago-768x514.jpeg 768w\" sizes=\"auto, (max-width: 960px) 100vw, 960px\" \/><figcaption class=\"wp-element-caption\">Claudio Leoni Arruda e Thiago Rodrigues, do Carpe Diem, Marta Gil, da Amankay e Ros\u00e2ngela Berman-Bieler, do UNICEF.<\/figcaption><\/figure>\n\n\n\n<p>Pois \u00e9. O Dia Internacional \u00e9 sobre isso!<br><\/p>\n\n\n\n<p>Veja as fotos da I Confer\u00eancia na ONU do 21\/3:\u00a0<a href=\"https:\/\/www.facebook.com\/media\/set\/?set=a.10150804213673668&amp;type=3\">https:\/\/www.facebook.com\/media\/set\/?set=a.10150804213673668&amp;type=3<\/a><\/p>\n\n\n\n<p>Fotos: Antonio Augusto Chaves Arruda<\/p>\n\n\n\n<p><\/p>\n\n\n\n<p><strong>No Brasil, em 2012<\/strong><\/p>\n\n\n\n<figure class=\"wp-block-image size-full is-resized\"><img loading=\"lazy\" decoding=\"async\" width=\"500\" height=\"325\" src=\"https:\/\/inclusivenews.com.br\/wp-content\/uploads\/2024\/03\/dudu2012.jpg\" alt=\"rapaz tocando cavaquinho. ao fundo, cartaz do dia internacional.\" class=\"wp-image-32790\" style=\"width:617px;height:auto\" srcset=\"https:\/\/inclusivenews.com.br\/wp-content\/uploads\/2024\/03\/dudu2012.jpg 500w, https:\/\/inclusivenews.com.br\/wp-content\/uploads\/2024\/03\/dudu2012-300x195.jpg 300w\" sizes=\"auto, (max-width: 500px) 100vw, 500px\" \/><figcaption class=\"wp-element-caption\">Dudu do Cavaco.<\/figcaption><\/figure>\n\n\n\n<p>Enquanto isso, no Congresso Nacional brasileiro, neste mesmo dia tamb\u00e9m foi aberta a consulta p\u00fablica para o protocolo de sa\u00fade para pessoas com s\u00edndrome de Down. <\/p>\n\n\n\n<figure class=\"wp-block-image size-full is-resized\"><img loading=\"lazy\" decoding=\"async\" width=\"640\" height=\"425\" src=\"https:\/\/inclusivenews.com.br\/wp-content\/uploads\/2024\/03\/congresso-2012-sarney-romario-lind.jpg\" alt=\"2 homens sentados em cadeiras com dois meninos no colo, outras pessoas em p\u00e9 de tr\u00e1s.\" class=\"wp-image-32788\" style=\"width:598px;height:auto\" srcset=\"https:\/\/inclusivenews.com.br\/wp-content\/uploads\/2024\/03\/congresso-2012-sarney-romario-lind.jpg 640w, https:\/\/inclusivenews.com.br\/wp-content\/uploads\/2024\/03\/congresso-2012-sarney-romario-lind-300x199.jpg 300w\" sizes=\"auto, (max-width: 640px) 100vw, 640px\" \/><figcaption class=\"wp-element-caption\">Senadores Lindbergh Faria, Jos\u00e9 Sarney e Rom\u00e1rio Faria.<\/figcaption><\/figure>\n\n\n\n<p>O portal de informa\u00e7\u00f5es <a href=\"http:\/\/www.movimentodown.org.br\/\">Movimento Down<\/a>, do qual sou cofundadora\u00a0junto com Maria Ant\u00f4nia Goulart, Bianca Soares e Christiane Aquino e Breno Viola como editor de conte\u00fado, tamb\u00e9m nascia naquele dia. <\/p>\n\n\n\n<figure class=\"wp-block-embed is-type-wp-embed is-provider-m-dia-incorporada wp-block-embed-m-dia-incorporada\"><div class=\"wp-block-embed__wrapper\">\n<blockquote class=\"wp-embedded-content\" data-secret=\"WdADjZzM5A\"><a href=\"https:\/\/inclusivenews.com.br\/?p=22554\">ONU reconhece e celebra o dia mundial da s\u00edndrome de Down e estimula novas pol\u00edticas sociais para pessoas com a defici\u00eancia<\/a><\/blockquote><iframe loading=\"lazy\" class=\"wp-embedded-content\" sandbox=\"allow-scripts\" security=\"restricted\" style=\"position: absolute; clip: rect(1px, 1px, 1px, 1px);\" title=\"&#8220;ONU reconhece e celebra o dia mundial da s\u00edndrome de Down e estimula novas pol\u00edticas sociais para pessoas com a defici\u00eancia&#8221; &#8212; \" src=\"https:\/\/inclusivenews.com.br\/?p=22554&#038;embed=true#?secret=jvA1XbBKSO#?secret=WdADjZzM5A\" data-secret=\"WdADjZzM5A\" width=\"500\" height=\"282\" frameborder=\"0\" marginwidth=\"0\" marginheight=\"0\" scrolling=\"no\"><\/iframe>\n<\/div><\/figure>\n\n\n\n<p>Celebra\u00e7\u00e3o no Senado: <a href=\"https:\/\/www12.senado.leg.br\/noticias\/materias\/2012\/03\/21\/senado-celebra-dia-internacional-da-sindrome-de-down\" target=\"_blank\" rel=\"noreferrer noopener\">https:\/\/www12.senado.leg.br\/noticias\/materias\/2012\/03\/21\/senado-celebra-dia-internacional-da-sindrome-de-down<\/a><\/p>\n\n\n\n<p>As confer\u00eancias da ONU em Nova York e Genebra se tornaram importantes espa\u00e7os para promo\u00e7\u00e3o de avan\u00e7os na vida das pessoas com s\u00edndrome de Down em todo mundo.<\/p>\n\n\n\n<p>No ano passado, por iniciativa do Brasil, a pedido da <a href=\"https:\/\/www.instagram.com\/redebrasileiradeinclusao\/\">Rede-in<\/a>, a Assembleia Geral adotou uma resolu\u00e7\u00e3o para promo\u00e7\u00e3o da comunica\u00e7\u00e3o f\u00e1cil de entender em todo mundo. Muito na linha que o livro dos jovens do Carpe levaram \u00e0 ONU em 2012. O guia &#8220;Simples assim &#8211; Comunique com todo mundo&#8221;, ajuda a responder a essa necessidade na pr\u00e1tica.<\/p>\n\n\n\n<p>Saiba mais:<a href=\"https:\/\/inclusivenews.com.br\/?p=32447\" target=\"_blank\" rel=\"noreferrer noopener\"> https:\/\/inclusivenews.com.br\/?p=32447<\/a><\/p>\n\n\n\n<figure class=\"wp-block-image size-full is-resized\"><a href=\"https:\/\/www.arca.fiocruz.br\/handle\/icict\/59614\"><img loading=\"lazy\" decoding=\"async\" width=\"962\" height=\"978\" src=\"https:\/\/inclusivenews.com.br\/wp-content\/uploads\/2024\/03\/capa-simples-edicao-2.png\" alt=\"Capa do guia Simples assim\" class=\"wp-image-32792\" style=\"width:605px;height:auto\" srcset=\"https:\/\/inclusivenews.com.br\/wp-content\/uploads\/2024\/03\/capa-simples-edicao-2.png 962w, https:\/\/inclusivenews.com.br\/wp-content\/uploads\/2024\/03\/capa-simples-edicao-2-295x300.png 295w, https:\/\/inclusivenews.com.br\/wp-content\/uploads\/2024\/03\/capa-simples-edicao-2-768x781.png 768w\" sizes=\"auto, (max-width: 962px) 100vw, 962px\" \/><\/a><figcaption class=\"wp-element-caption\">Guia Simples Assim, sobre como usar Linguagem Simples.<\/figcaption><\/figure>\n\n\n\n<p>Baixe o Guia Simples Assim, publicado pela Fiocruz em portugu\u00eas e ingl\u00eas: <a href=\"https:\/\/www.arca.fiocruz.br\/handle\/icict\/59614\" target=\"_blank\" rel=\"noreferrer noopener\">https:\/\/www.arca.fiocruz.br\/handle\/icict\/59614<\/a><\/p>\n\n\n\n<p><\/p>\n\n\n\n<p><strong>21 de Mar\u00e7o de 2024<\/strong><\/p>\n\n\n\n<figure class=\"wp-block-image size-full is-resized\"><img loading=\"lazy\" decoding=\"async\" width=\"896\" height=\"828\" src=\"https:\/\/inclusivenews.com.br\/wp-content\/uploads\/2024\/03\/tat-alex.png\" alt=\"foto de mesa de palestrantes, com 5 pessoas em audit\u00f3rio com tel\u00e3o acima, mostrando 3 pessoas.\" class=\"wp-image-32849\" style=\"width:566px;height:auto\" srcset=\"https:\/\/inclusivenews.com.br\/wp-content\/uploads\/2024\/03\/tat-alex.png 896w, https:\/\/inclusivenews.com.br\/wp-content\/uploads\/2024\/03\/tat-alex-300x277.png 300w, https:\/\/inclusivenews.com.br\/wp-content\/uploads\/2024\/03\/tat-alex-768x710.png 768w\" sizes=\"auto, (max-width: 896px) 100vw, 896px\" \/><figcaption class=\"wp-element-caption\">Paloma Pediani, profissional de advocacy da Federa\u00e7\u00e3o Down, Tathi Piancastelly e Alex Duarte.<\/figcaption><\/figure>\n\n\n\n<p>Corta pra 2024. Este ano, Tathi Piancastelli e <a href=\"https:\/\/www.instagram.com\/alexduarteoficial\/\">Alex Duarte<\/a>, do Cromossomo21, que organiza a Expedi\u00e7\u00e3o21, e foi colaborador do guia Simples Assim, falaram na Confer\u00eancia em NY sobre a import\u00e2ncia do acesso \u00e0 informa\u00e7\u00e3o e \u00e0 sa\u00fade de pessoas com s\u00edndrome de Down. <\/p>\n\n\n\n<figure class=\"wp-block-embed is-type-video is-provider-youtube wp-block-embed-youtube wp-embed-aspect-16-9 wp-has-aspect-ratio\"><div class=\"wp-block-embed__wrapper\">\n<iframe loading=\"lazy\" title=\"23 de mar\u00e7o de 2024\" width=\"500\" height=\"281\" src=\"https:\/\/www.youtube.com\/embed\/Adds6nvVQJg?feature=oembed\" frameborder=\"0\" allow=\"accelerometer; autoplay; clipboard-write; encrypted-media; gyroscope; picture-in-picture; web-share\" referrerpolicy=\"strict-origin-when-cross-origin\" allowfullscreen><\/iframe>\n<\/div><\/figure>\n\n\n\n<p>Tati falou sobre o Centro de Refer\u00eancia em S\u00edndrome de Down, que conta com 28 profissionais especializados em s\u00edndrome de Down e funciona no hospital P\u00fablico HRAN, no Distrito Federal. <\/p>\n\n\n\n<figure class=\"wp-block-image size-large is-resized\"><img loading=\"lazy\" decoding=\"async\" width=\"1024\" height=\"571\" src=\"https:\/\/inclusivenews.com.br\/wp-content\/uploads\/2024\/03\/crisdown-1024x571.png\" alt=\"print da apresenta\u00e7\u00e3o foto dos trabalhadores do Crisdown e da sala de estimula\u00e7\u00e3o. Texto em ingl\u00eas: &quot;O centro ser\u00e1 constru\u00eddo numa \u00e1rea maior para expandir os servi\u00e7os&quot;. \" class=\"wp-image-32850\" style=\"width:597px;height:auto\" srcset=\"https:\/\/inclusivenews.com.br\/wp-content\/uploads\/2024\/03\/crisdown-1024x571.png 1024w, https:\/\/inclusivenews.com.br\/wp-content\/uploads\/2024\/03\/crisdown-300x167.png 300w, https:\/\/inclusivenews.com.br\/wp-content\/uploads\/2024\/03\/crisdown-768x428.png 768w, https:\/\/inclusivenews.com.br\/wp-content\/uploads\/2024\/03\/crisdown-1536x857.png 1536w, https:\/\/inclusivenews.com.br\/wp-content\/uploads\/2024\/03\/crisdown.png 1922w\" sizes=\"auto, (max-width: 1024px) 100vw, 1024px\" \/><figcaption class=\"wp-element-caption\">Sala de estimula\u00e7\u00e3o do Crisdown e funcion\u00e1rios do Crisdown &#8220;O centro ser\u00e1 constru\u00eddo numa \u00e1rea maior para expandir os servi\u00e7os&#8221;. <\/figcaption><\/figure>\n\n\n\n<p>Al\u00e9m de grande delega\u00e7\u00e3o, o evento da ONU contou com a presen\u00e7a de parlamentares brasileiros que apoiam a causa.<\/p>\n\n\n\n<figure class=\"wp-block-image size-large is-resized\"><img loading=\"lazy\" decoding=\"async\" width=\"998\" height=\"1024\" src=\"https:\/\/inclusivenews.com.br\/wp-content\/uploads\/2024\/03\/alex-onu-998x1024.png\" alt=\"Grupo de homens e mulheres, algumas segurando flores verde e amarelas e amarelas e brancas.\n\" class=\"wp-image-32763\" style=\"width:603px;height:auto\" srcset=\"https:\/\/inclusivenews.com.br\/wp-content\/uploads\/2024\/03\/alex-onu-998x1024.png 998w, https:\/\/inclusivenews.com.br\/wp-content\/uploads\/2024\/03\/alex-onu-292x300.png 292w, https:\/\/inclusivenews.com.br\/wp-content\/uploads\/2024\/03\/alex-onu-768x788.png 768w, https:\/\/inclusivenews.com.br\/wp-content\/uploads\/2024\/03\/alex-onu.png 1086w\" sizes=\"auto, (max-width: 998px) 100vw, 998px\" \/><figcaption class=\"wp-element-caption\">Parte da delega\u00e7\u00e3o brasileira presente na Confer\u00eancia do Dia Internacional da SD 2024.<\/figcaption><\/figure>\n\n\n\n<p><strong>No Brasil<\/strong>,<strong> em mar\u00e7o de 2024<\/strong><\/p>\n\n\n\n<p><\/p>\n\n\n\n<p>No Senado Federal e na C\u00e2mara dos Deputados foram realizadas sess\u00f5es solenes com presen\u00e7a maci\u00e7a de pessoas com s\u00edndrome de Dowm.<\/p>\n\n\n\n<p>Quem cantou o hino da abertura da sess\u00e3o do Senado foi Gabriel Cheid.<\/p>\n\n\n\n<figure class=\"wp-block-video\"><video height=\"854\" style=\"aspect-ratio: 480 \/ 854;\" width=\"480\" controls src=\"https:\/\/inclusivenews.com.br\/wp-content\/uploads\/2024\/03\/Snapinsta.app_video_504981DA3D08215158EF2A94CA3AE4A5_video_dashinit.mp4\"><\/video><\/figure>\n\n\n\n<p>Instagram: <a href=\"https:\/\/www.instagram.com\/reel\/C4yQ7-aOAfo\/?hl=en\" target=\"_blank\" rel=\"noreferrer noopener\">https:\/\/www.instagram.com\/reel\/C4yQ7-aOAfo\/?hl=en<\/a><\/p>\n\n\n\n<p>Aluno do curso de Comunica\u00e7\u00e3o Assistiva, Gabriel Louren\u00e7o Silva Camargo falou na tribuna sobre o capacitismo, e interpretou em Libras as falas do plen\u00e1rio da C\u00e2mara.<br>Fotos <small>Geraldo Magela\/Ag\u00eancia Senado<\/small><\/p>\n\n\n\n<figure class=\"wp-block-image size-full is-resized\"><img loading=\"lazy\" decoding=\"async\" width=\"860\" height=\"570\" src=\"https:\/\/inclusivenews.com.br\/wp-content\/uploads\/2024\/03\/gabriel-ibras.jpg\" alt=\"rapaz fazendo sinais em libras com o teto do plenario do senado de fundo.\" class=\"wp-image-32799\" style=\"width:533px;height:auto\" srcset=\"https:\/\/inclusivenews.com.br\/wp-content\/uploads\/2024\/03\/gabriel-ibras.jpg 860w, https:\/\/inclusivenews.com.br\/wp-content\/uploads\/2024\/03\/gabriel-ibras-300x199.jpg 300w, https:\/\/inclusivenews.com.br\/wp-content\/uploads\/2024\/03\/gabriel-ibras-768x509.jpg 768w\" sizes=\"auto, (max-width: 860px) 100vw, 860px\" \/><figcaption class=\"wp-element-caption\">Gabriel Camargo<\/figcaption><\/figure>\n\n\n\n<p>Enquanto isso, Alexandre de Figueira Paulino, fotografava<\/p>\n\n\n\n<figure class=\"wp-block-image size-full is-resized\"><img loading=\"lazy\" decoding=\"async\" width=\"860\" height=\"570\" src=\"https:\/\/inclusivenews.com.br\/wp-content\/uploads\/2024\/03\/image.png\" alt=\"rapaz no plenario do senado, com c\u00e2mera no pesco\u00e7o.\" class=\"wp-image-32800\" style=\"width:533px;height:auto\" srcset=\"https:\/\/inclusivenews.com.br\/wp-content\/uploads\/2024\/03\/image.png 860w, https:\/\/inclusivenews.com.br\/wp-content\/uploads\/2024\/03\/image-300x199.png 300w, https:\/\/inclusivenews.com.br\/wp-content\/uploads\/2024\/03\/image-768x509.png 768w\" sizes=\"auto, (max-width: 860px) 100vw, 860px\" \/><figcaption class=\"wp-element-caption\">Alexandre Paulino.<\/figcaption><\/figure>\n\n\n\n<p>A primeira professora com s\u00edndrome de Down licenciada a ministrar aulas de zumba, Priscilla Mesquita, tamb\u00e9m esteve presente.<\/p>\n\n\n\n<p>Veja em seu instagram:<\/p>\n\n\n\n<p><a href=\"https:\/\/www.instagram.com\/p\/C4x0vjFOJsd\/\">https:\/\/www.instagram.com\/p\/C4x0vjFOJsd\/<\/a><\/p>\n\n\n\n<p>Veja as mat\u00e9rias: <\/p>\n\n\n\n<p><a href=\"https:\/\/www12.senado.leg.br\/noticias\/materias\/2024\/03\/21\/combate-ao-capacitismo-da-o-tom-em-sessao-pelo-dia-da-sindrome-de-down\">https:\/\/www12.senado.leg.br\/noticias\/materias\/2024\/03\/21\/combate-ao-capacitismo-da-o-tom-em-sessao-pelo-dia-da-sindrome-de-down<\/a><\/p>\n\n\n\n<p><a href=\"https:\/\/youtu.be\/bUc6JW8tCHM?si=5W_ayGcjgeKvBBir\" target=\"_blank\" rel=\"noreferrer noopener\">https:\/\/youtu.be\/bUc6JW8tCHM?si=5W_ayGcjgeKvBBir<\/a><\/p>\n\n\n\n<p>Na C\u00e2mara dos Deputados, apenas pessoas com s\u00edndrome de Down ocuparam a mesa principal.<\/p>\n\n\n\n<p>Dona Izabel Rodrigues da Silva, que \u00e9 av\u00f3, mostrou o livro que a filha Cristina escreveu sobre a vida da fam\u00edlia.<\/p>\n\n\n\n<figure class=\"wp-block-image size-full is-resized\"><img loading=\"lazy\" decoding=\"async\" width=\"1000\" height=\"616\" src=\"https:\/\/inclusivenews.com.br\/wp-content\/uploads\/2024\/03\/dona-isabel.jpg\" alt=\"senhora falando ao microfone em mesa.\" class=\"wp-image-32801\" style=\"width:528px;height:auto\" srcset=\"https:\/\/inclusivenews.com.br\/wp-content\/uploads\/2024\/03\/dona-isabel.jpg 1000w, https:\/\/inclusivenews.com.br\/wp-content\/uploads\/2024\/03\/dona-isabel-300x185.jpg 300w, https:\/\/inclusivenews.com.br\/wp-content\/uploads\/2024\/03\/dona-isabel-768x473.jpg 768w\" sizes=\"auto, (max-width: 1000px) 100vw, 1000px\" \/><figcaption class=\"wp-element-caption\">Izabel Rodrigues da Silva<\/figcaption><\/figure>\n\n\n\n<p>O casal de artistas e ativistas Samanta Quadrado e Breno Viola defenderam a inclus\u00e3o na educa\u00e7\u00e3o. <\/p>\n\n\n\n<figure class=\"wp-block-image size-full is-resized\"><img loading=\"lazy\" decoding=\"async\" width=\"1000\" height=\"616\" src=\"https:\/\/inclusivenews.com.br\/wp-content\/uploads\/2024\/03\/sam-bre.jpg\" alt=\"mulher fala ao microfone ao lado de homem.\" class=\"wp-image-32802\" style=\"width:529px;height:auto\" srcset=\"https:\/\/inclusivenews.com.br\/wp-content\/uploads\/2024\/03\/sam-bre.jpg 1000w, https:\/\/inclusivenews.com.br\/wp-content\/uploads\/2024\/03\/sam-bre-300x185.jpg 300w, https:\/\/inclusivenews.com.br\/wp-content\/uploads\/2024\/03\/sam-bre-768x473.jpg 768w\" sizes=\"auto, (max-width: 1000px) 100vw, 1000px\" \/><figcaption class=\"wp-element-caption\">Samanda Quadrado e Breno Viola.<\/figcaption><\/figure>\n\n\n\n<p>O jovem influenciador digital Jefferson Barcelos, conhecido como Pitoco, tamb\u00e9m participou do evento.<\/p>\n\n\n\n<p>Fonte: Ag\u00eancia C\u00e2mara de Not\u00edcia<\/p>\n\n\n\n<figure class=\"wp-block-image size-full is-resized\"><img loading=\"lazy\" decoding=\"async\" width=\"1000\" height=\"616\" src=\"https:\/\/inclusivenews.com.br\/wp-content\/uploads\/2024\/03\/pitoco.jpg\" alt=\"homem sentaao \u00e0 mesa com microfone \u00e0 frente.\" class=\"wp-image-32809\" style=\"width:532px;height:auto\" srcset=\"https:\/\/inclusivenews.com.br\/wp-content\/uploads\/2024\/03\/pitoco.jpg 1000w, https:\/\/inclusivenews.com.br\/wp-content\/uploads\/2024\/03\/pitoco-300x185.jpg 300w, https:\/\/inclusivenews.com.br\/wp-content\/uploads\/2024\/03\/pitoco-768x473.jpg 768w\" sizes=\"auto, (max-width: 1000px) 100vw, 1000px\" \/><figcaption class=\"wp-element-caption\">Jefferson Barcellos<\/figcaption><\/figure>\n\n\n\n<p>William Vasconcelos \u00e9 a primeira pessoa com s\u00edndrome de Down a se graduar em Direito no Brasil., que agradeceu o apoio para acessibilidade que teve para completar o curso.<\/p>\n\n\n\n<figure class=\"wp-block-image size-full is-resized\"><img loading=\"lazy\" decoding=\"async\" width=\"1000\" height=\"616\" src=\"https:\/\/inclusivenews.com.br\/wp-content\/uploads\/2024\/03\/william.jpg\" alt=\"Homem falando ao microfone.\" class=\"wp-image-32806\" style=\"width:529px;height:auto\" srcset=\"https:\/\/inclusivenews.com.br\/wp-content\/uploads\/2024\/03\/william.jpg 1000w, https:\/\/inclusivenews.com.br\/wp-content\/uploads\/2024\/03\/william-300x185.jpg 300w, https:\/\/inclusivenews.com.br\/wp-content\/uploads\/2024\/03\/william-768x473.jpg 768w\" sizes=\"auto, (max-width: 1000px) 100vw, 1000px\" \/><figcaption class=\"wp-element-caption\">William Vasconcelos<\/figcaption><\/figure>\n\n\n\n<p>E a Diretora de Rela\u00e7\u00f5es Institucionais da Federa\u00e7\u00e3o Brasileira das Associa\u00e7\u00f5es de S\u00edndrome de Down, Liane Martins Colares, pediu apoio ao trabalho das organizac\u00f5es ligadas \u00e0 causa.<\/p>\n\n\n\n<figure class=\"wp-block-image size-full is-resized\"><img loading=\"lazy\" decoding=\"async\" width=\"1000\" height=\"616\" src=\"https:\/\/inclusivenews.com.br\/wp-content\/uploads\/2024\/03\/lia.jpg\" alt=\"mulher em p\u00e9 falando ao microfone\" class=\"wp-image-32803\" style=\"width:529px;height:auto\" srcset=\"https:\/\/inclusivenews.com.br\/wp-content\/uploads\/2024\/03\/lia.jpg 1000w, https:\/\/inclusivenews.com.br\/wp-content\/uploads\/2024\/03\/lia-300x185.jpg 300w, https:\/\/inclusivenews.com.br\/wp-content\/uploads\/2024\/03\/lia-768x473.jpg 768w\" sizes=\"auto, (max-width: 1000px) 100vw, 1000px\" \/><figcaption class=\"wp-element-caption\">Liane Martins Collares<\/figcaption><\/figure>\n\n\n\n<p>Veja as mat\u00e9rias: <a href=\"https:\/\/www.camara.leg.br\/tv\/1046974-camara-homenageia-dia-internacional-da-sindrome-de-down\/\" target=\"_blank\" rel=\"noreferrer noopener\">https:\/\/www.camara.leg.br\/tv\/1046974-camara-homenageia-dia-internacional-da-sindrome-de-down\/<\/a><\/p>\n\n\n\n<p><a href=\"https:\/\/www.camara.leg.br\/noticias\/1046728-pessoas-com-sindrome-de-down-vem-a-camara-defender-seus-direitos-e-pedem-combate-ao-preconceito\/\">https:\/\/www.camara.leg.br\/noticias\/1046728-pessoas-com-sindrome-de-down-vem-a-camara-defender-seus-direitos-e-pedem-combate-ao-preconceito\/<\/a><\/p>\n\n\n\n<p><\/p>\n\n\n\n<p><strong>Oportunidade e visibilidade<\/strong><\/p>\n\n\n\n<figure class=\"wp-block-image size-full\"><img loading=\"lazy\" decoding=\"async\" width=\"541\" height=\"541\" src=\"https:\/\/inclusivenews.com.br\/wp-content\/uploads\/2024\/03\/laiscamila.jpeg\" alt=\"mulher com menina no ombro. as duas riem.\" class=\"wp-image-32872\" srcset=\"https:\/\/inclusivenews.com.br\/wp-content\/uploads\/2024\/03\/laiscamila.jpeg 541w, https:\/\/inclusivenews.com.br\/wp-content\/uploads\/2024\/03\/laiscamila-300x300.jpeg 300w, https:\/\/inclusivenews.com.br\/wp-content\/uploads\/2024\/03\/laiscamila-150x150.jpeg 150w\" sizes=\"auto, (max-width: 541px) 100vw, 541px\" \/><figcaption class=\"wp-element-caption\">Lais e Camila Costa.<\/figcaption><\/figure>\n\n\n\n<p>Apesar dos avan\u00e7os, estamos longe ainda de equiparar as oportunidades das pessoas com s\u00edndrome de Dow, oferecendo acessibilidade e, principalmente, acabando com o capacitismo, como afirma Lais Silveira Costa em artigo no Jornal O Dia:<\/p>\n\n\n\n<p>&#8220;No final de 2023, em uma confer\u00eancia dedicada a eliminar as barreiras \u00e0 participa\u00e7\u00e3o, um homem com s\u00edndrome de Down foi perguntado sobre o maior desafio que ele enfrentou em sua trajet\u00f3ria educacional; ele n\u00e3o hesitou: &#8220;A presun\u00e7\u00e3o de minha incapacidade. Ningu\u00e9m achava que eu era capaz, que eu conseguiria&#8221;. H\u00e1 dez anos, durante um Congresso Brasileiro sobre a s\u00edndrome de Down, um educador f\u00edsico com SD narrou algo an\u00e1logo: &#8220;\u00c9 muito dif\u00edcil trabalhar quando todo mundo espera que voc\u00ea n\u00e3o seja capaz de entregar o trabalho&#8221;. Adultos com SD falam do quanto s\u00e3o infantilizados e o quanto gostariam de ter o direito de namorar, casar e ter filhos, direito esse universal \u2013 inclusive quando a pessoa for curatelada \u2013, mas que a fam\u00edlia e cuidadores t\u00eam impedido com a coniv\u00eancia da sociedade.<\/p>\n\n\n\n<p>Por essas quest\u00f5es \u00e9 t\u00e3o importante dar visibilidade \u00e0 pauta dos direitos humanos da pessoa com s\u00edndrome de Down no dia 21 de mar\u00e7o, e seguir atento nos outros dias do ano.&#8221;<\/p>\n\n\n\n<p>Leia o artigo completo: <a href=\"https:\/\/odia.ig.com.br\/opiniao\/2024\/03\/6817284-marco-mes-de-luta-pelos-direitos-das-pessoas-com-sindrome-de-down.html\" target=\"_blank\" rel=\"noreferrer noopener\">https:\/\/odia.ig.com.br\/opiniao\/2024\/03\/6817284-marco-mes-de-luta-pelos-direitos-das-pessoas-com-sindrome-de-down.html<\/a><\/p>\n\n\n\n<p>E assim vamos aproveitando a data para colher mais conquistas rumo \u00e0 inclus\u00e3o.  <\/p>\n\n\n\n<p>Uma onda que navega mais forte ou mais fraca, mas sempre vai pra frente.<\/p>\n\n\n\n<p>As pessoas com s\u00edndrome de Down n\u00e3o v\u00e3o mais para tr\u00e1s dos muros, para dentro das casa. <\/p>\n\n\n\n<p>Porque este \u00e9 seu direito. E porque n\u00e3o vamos permitir que esta onda volte.<\/p>\n\n\n\n<p>O recado final, deixo por conta da rep\u00f3rter Fernanda Honorato, no programa Sem Censura.<\/p>\n\n\n\n<figure class=\"wp-block-embed is-type-video is-provider-youtube wp-block-embed-youtube wp-embed-aspect-16-9 wp-has-aspect-ratio\"><div class=\"wp-block-embed__wrapper\">\n<iframe loading=\"lazy\" title=\"No Dia Internacional da S\u00edndrome de Down, Fernanda Honorato manda o recado: chega de preconceito!\" width=\"500\" height=\"281\" src=\"https:\/\/www.youtube.com\/embed\/g02BeC7MQhE?feature=oembed\" frameborder=\"0\" allow=\"accelerometer; autoplay; clipboard-write; encrypted-media; gyroscope; picture-in-picture; web-share\" referrerpolicy=\"strict-origin-when-cross-origin\" allowfullscreen><\/iframe>\n<\/div><\/figure>\n\n\n\n<p>Saiba mais sobre o Dia Internacional da S\u00edndrome de Down e veja outros brasileiros que participaram das Confer\u00eancias em Nova York e em Genebra.<\/p>\n\n\n\n<figure class=\"wp-block-embed is-type-wp-embed is-provider-movimento-down wp-block-embed-movimento-down\"><div class=\"wp-block-embed__wrapper\">\n<blockquote class=\"wp-embedded-content\" data-secret=\"2uET6vzaTY\"><a href=\"https:\/\/www.movimentodown.org.br\/2018\/12\/sobre-o-dia-internacional-da-sindrome-de-down\/\">Sobre o Dia Internacional da S\u00edndrome de Down<\/a><\/blockquote><iframe loading=\"lazy\" class=\"wp-embedded-content\" sandbox=\"allow-scripts\" security=\"restricted\" style=\"position: absolute; clip: rect(1px, 1px, 1px, 1px);\" title=\"&#8220;Sobre o Dia Internacional da S\u00edndrome de Down&#8221; &#8212; Movimento Down\" src=\"https:\/\/www.movimentodown.org.br\/2018\/12\/sobre-o-dia-internacional-da-sindrome-de-down\/embed\/#?secret=vJGVFzRzoV#?secret=2uET6vzaTY\" data-secret=\"2uET6vzaTY\" width=\"500\" height=\"282\" frameborder=\"0\" marginwidth=\"0\" marginheight=\"0\" scrolling=\"no\"><\/iframe>\n<\/div><\/figure>\n\n\n\n<p><\/p>\n\n\n\n<p><strong>Patricia Almeida <\/strong>\u00e9 criadora da <a href=\"https:\/\/inclusivenews.com.br\/\">Inclusive News<\/a>, coautora do <a href=\"https:\/\/www.eumeprotejo.com\/\">Eu Me Protejo<\/a>, cofundadora do <a href=\"http:\/\/www.movimentodown.org.br\/\">Movimento Down<\/a>, organizadora do <a href=\"https:\/\/www.arca.fiocruz.br\/handle\/icict\/59614\">Simples Assim<\/a>. ex-conselheira da Down Syndrome International e ex-diretora de comunica\u00e7\u00e3o da Federa\u00e7\u00e3o Down.<\/p>\n","protected":false},"excerpt":{"rendered":"<p>Por Patricia Almeida* Parece que foi ontem que realizamos no\u00a0Brasil o primeiro evento em celebra\u00e7\u00e3o ao Dia Internacional da S\u00edndrome de Down, institu\u00eddo pela Down Syndrome International em 2006. Foi num audit\u00f3rio da UnB, em Bras\u00edlia, com a exibi\u00e7\u00e3o do filme do Luto \u00e0 Luta, de Evaldo Mocarzel, seguida de debate com a participa\u00e7\u00e3o de [&hellip;]<\/p>\n","protected":false},"author":1,"featured_media":32818,"comment_status":"open","ping_status":"open","sticky":false,"template":"","format":"standard","meta":{"site-container-style":"default","site-container-layout":"default","site-sidebar-layout":"default","disable-article-header":"default","disable-site-header":"default","disable-site-footer":"default","disable-content-area-spacing":"default","footnotes":""},"categories":[3,460],"tags":[],"class_list":["post-32761","post","type-post","status-publish","format-standard","has-post-thumbnail","hentry","category-campanhas","category-wdsd-2024"],"yoast_head":"<!-- This site is optimized with the Yoast SEO plugin v27.4 - https:\/\/yoast.com\/product\/yoast-seo-wordpress\/ -->\n<title>Dia Internacional da S\u00edndrome de Down toma conta do Brasil e do mundo -<\/title>\n<meta name=\"robots\" content=\"index, follow, max-snippet:-1, max-image-preview:large, max-video-preview:-1\" \/>\n<link rel=\"canonical\" href=\"https:\/\/inclusivenews.com.br\/?p=32761\" \/>\n<meta property=\"og:locale\" content=\"pt_PT\" \/>\n<meta property=\"og:type\" content=\"article\" \/>\n<meta property=\"og:title\" content=\"Dia Internacional da S\u00edndrome de Down toma conta do Brasil e do mundo -\" \/>\n<meta property=\"og:description\" content=\"Por Patricia Almeida* Parece que foi ontem que realizamos no\u00a0Brasil o primeiro evento em celebra\u00e7\u00e3o ao Dia Internacional da S\u00edndrome de Down, institu\u00eddo pela Down Syndrome International em 2006. Foi num audit\u00f3rio da UnB, em Bras\u00edlia, com a exibi\u00e7\u00e3o do filme do Luto \u00e0 Luta, de Evaldo Mocarzel, seguida de debate com a participa\u00e7\u00e3o de [&hellip;]\" \/>\n<meta property=\"og:url\" content=\"https:\/\/inclusivenews.com.br\/?p=32761\" \/>\n<meta property=\"article:publisher\" content=\"https:\/\/www.facebook.com\/agenciainclusive\/\" \/>\n<meta property=\"article:published_time\" content=\"2024-03-28T17:29:17+00:00\" \/>\n<meta property=\"article:modified_time\" content=\"2024-03-29T19:27:38+00:00\" \/>\n<meta property=\"og:image\" content=\"https:\/\/inclusivenews.com.br\/wp-content\/uploads\/2024\/03\/assume.png\" \/>\n\t<meta property=\"og:image:width\" content=\"750\" \/>\n\t<meta property=\"og:image:height\" content=\"658\" \/>\n\t<meta property=\"og:image:type\" content=\"image\/png\" \/>\n<meta name=\"author\" content=\"inclusivenews2024\" \/>\n<meta name=\"twitter:card\" content=\"summary_large_image\" \/>\n<meta name=\"twitter:label1\" content=\"Escrito por\" \/>\n\t<meta name=\"twitter:data1\" content=\"inclusivenews2024\" \/>\n\t<meta name=\"twitter:label2\" content=\"Tempo estimado de leitura\" \/>\n\t<meta name=\"twitter:data2\" content=\"13 minutos\" \/>\n<script type=\"application\/ld+json\" class=\"yoast-schema-graph\">{\"@context\":\"https:\\\/\\\/schema.org\",\"@graph\":[{\"@type\":\"Article\",\"@id\":\"https:\\\/\\\/inclusivenews.com.br\\\/?p=32761#article\",\"isPartOf\":{\"@id\":\"https:\\\/\\\/inclusivenews.com.br\\\/?p=32761\"},\"author\":{\"name\":\"inclusivenews2024\",\"@id\":\"https:\\\/\\\/inclusivenews.com.br\\\/#\\\/schema\\\/person\\\/ae4ec7087559b8692fb33b6fffd2273b\"},\"headline\":\"Dia Internacional da S\u00edndrome de Down toma conta do Brasil e do mundo\",\"datePublished\":\"2024-03-28T17:29:17+00:00\",\"dateModified\":\"2024-03-29T19:27:38+00:00\",\"mainEntityOfPage\":{\"@id\":\"https:\\\/\\\/inclusivenews.com.br\\\/?p=32761\"},\"wordCount\":2533,\"commentCount\":0,\"publisher\":{\"@id\":\"https:\\\/\\\/inclusivenews.com.br\\\/#organization\"},\"image\":{\"@id\":\"https:\\\/\\\/inclusivenews.com.br\\\/?p=32761#primaryimage\"},\"thumbnailUrl\":\"https:\\\/\\\/inclusivenews.com.br\\\/wp-content\\\/uploads\\\/2024\\\/03\\\/assume.png\",\"articleSection\":[\"CAMPANHAS\",\"WDSD 2024\"],\"inLanguage\":\"pt-PT\",\"potentialAction\":[{\"@type\":\"CommentAction\",\"name\":\"Comment\",\"target\":[\"https:\\\/\\\/inclusivenews.com.br\\\/?p=32761#respond\"]}]},{\"@type\":\"WebPage\",\"@id\":\"https:\\\/\\\/inclusivenews.com.br\\\/?p=32761\",\"url\":\"https:\\\/\\\/inclusivenews.com.br\\\/?p=32761\",\"name\":\"Dia Internacional da S\u00edndrome de Down toma conta do Brasil e do mundo -\",\"isPartOf\":{\"@id\":\"https:\\\/\\\/inclusivenews.com.br\\\/#website\"},\"primaryImageOfPage\":{\"@id\":\"https:\\\/\\\/inclusivenews.com.br\\\/?p=32761#primaryimage\"},\"image\":{\"@id\":\"https:\\\/\\\/inclusivenews.com.br\\\/?p=32761#primaryimage\"},\"thumbnailUrl\":\"https:\\\/\\\/inclusivenews.com.br\\\/wp-content\\\/uploads\\\/2024\\\/03\\\/assume.png\",\"datePublished\":\"2024-03-28T17:29:17+00:00\",\"dateModified\":\"2024-03-29T19:27:38+00:00\",\"breadcrumb\":{\"@id\":\"https:\\\/\\\/inclusivenews.com.br\\\/?p=32761#breadcrumb\"},\"inLanguage\":\"pt-PT\",\"potentialAction\":[{\"@type\":\"ReadAction\",\"target\":[\"https:\\\/\\\/inclusivenews.com.br\\\/?p=32761\"]}]},{\"@type\":\"ImageObject\",\"inLanguage\":\"pt-PT\",\"@id\":\"https:\\\/\\\/inclusivenews.com.br\\\/?p=32761#primaryimage\",\"url\":\"https:\\\/\\\/inclusivenews.com.br\\\/wp-content\\\/uploads\\\/2024\\\/03\\\/assume.png\",\"contentUrl\":\"https:\\\/\\\/inclusivenews.com.br\\\/wp-content\\\/uploads\\\/2024\\\/03\\\/assume.png\",\"width\":750,\"height\":658},{\"@type\":\"BreadcrumbList\",\"@id\":\"https:\\\/\\\/inclusivenews.com.br\\\/?p=32761#breadcrumb\",\"itemListElement\":[{\"@type\":\"ListItem\",\"position\":1,\"name\":\"In\u00edcio\",\"item\":\"https:\\\/\\\/inclusivenews.com.br\\\/\"},{\"@type\":\"ListItem\",\"position\":2,\"name\":\"Dia Internacional da S\u00edndrome de Down toma conta do Brasil e do mundo\"}]},{\"@type\":\"WebSite\",\"@id\":\"https:\\\/\\\/inclusivenews.com.br\\\/#website\",\"url\":\"https:\\\/\\\/inclusivenews.com.br\\\/\",\"name\":\"Inclusive News\",\"description\":\"Inclusive News\",\"publisher\":{\"@id\":\"https:\\\/\\\/inclusivenews.com.br\\\/#organization\"},\"potentialAction\":[{\"@type\":\"SearchAction\",\"target\":{\"@type\":\"EntryPoint\",\"urlTemplate\":\"https:\\\/\\\/inclusivenews.com.br\\\/?s={search_term_string}\"},\"query-input\":{\"@type\":\"PropertyValueSpecification\",\"valueRequired\":true,\"valueName\":\"search_term_string\"}}],\"inLanguage\":\"pt-PT\"},{\"@type\":\"Organization\",\"@id\":\"https:\\\/\\\/inclusivenews.com.br\\\/#organization\",\"name\":\"Inclusive - inclus\u00e3o e cidadania\",\"url\":\"https:\\\/\\\/inclusivenews.com.br\\\/\",\"logo\":{\"@type\":\"ImageObject\",\"inLanguage\":\"pt-PT\",\"@id\":\"https:\\\/\\\/inclusivenews.com.br\\\/#\\\/schema\\\/logo\\\/image\\\/\",\"url\":\"https:\\\/\\\/inclusivenews.com.br\\\/wp-content\\\/uploads\\\/2024\\\/03\\\/@grandesite.png\",\"contentUrl\":\"https:\\\/\\\/inclusivenews.com.br\\\/wp-content\\\/uploads\\\/2024\\\/03\\\/@grandesite.png\",\"width\":1080,\"height\":1080,\"caption\":\"Inclusive - inclus\u00e3o e cidadania\"},\"image\":{\"@id\":\"https:\\\/\\\/inclusivenews.com.br\\\/#\\\/schema\\\/logo\\\/image\\\/\"},\"sameAs\":[\"https:\\\/\\\/www.facebook.com\\\/agenciainclusive\\\/\",\"https:\\\/\\\/www.instagram.com\\\/newsinclusive\\\/\"]},{\"@type\":\"Person\",\"@id\":\"https:\\\/\\\/inclusivenews.com.br\\\/#\\\/schema\\\/person\\\/ae4ec7087559b8692fb33b6fffd2273b\",\"name\":\"inclusivenews2024\",\"image\":{\"@type\":\"ImageObject\",\"inLanguage\":\"pt-PT\",\"@id\":\"https:\\\/\\\/secure.gravatar.com\\\/avatar\\\/c5a7ef84c66fa914f55bc4f7ce26cfa275a3b9a1c5568b907bd184fb4dde7b40?s=96&d=mm&r=g\",\"url\":\"https:\\\/\\\/secure.gravatar.com\\\/avatar\\\/c5a7ef84c66fa914f55bc4f7ce26cfa275a3b9a1c5568b907bd184fb4dde7b40?s=96&d=mm&r=g\",\"contentUrl\":\"https:\\\/\\\/secure.gravatar.com\\\/avatar\\\/c5a7ef84c66fa914f55bc4f7ce26cfa275a3b9a1c5568b907bd184fb4dde7b40?s=96&d=mm&r=g\",\"caption\":\"inclusivenews2024\"},\"sameAs\":[\"https:\\\/\\\/inclusivenews.com.br\"],\"url\":\"https:\\\/\\\/inclusivenews.com.br\\\/?author=1\"}]}<\/script>\n<!-- \/ Yoast SEO plugin. -->","yoast_head_json":{"title":"Dia Internacional da S\u00edndrome de Down toma conta do Brasil e do mundo -","robots":{"index":"index","follow":"follow","max-snippet":"max-snippet:-1","max-image-preview":"max-image-preview:large","max-video-preview":"max-video-preview:-1"},"canonical":"https:\/\/inclusivenews.com.br\/?p=32761","og_locale":"pt_PT","og_type":"article","og_title":"Dia Internacional da S\u00edndrome de Down toma conta do Brasil e do mundo -","og_description":"Por Patricia Almeida* Parece que foi ontem que realizamos no\u00a0Brasil o primeiro evento em celebra\u00e7\u00e3o ao Dia Internacional da S\u00edndrome de Down, institu\u00eddo pela Down Syndrome International em 2006. Foi num audit\u00f3rio da UnB, em Bras\u00edlia, com a exibi\u00e7\u00e3o do filme do Luto \u00e0 Luta, de Evaldo Mocarzel, seguida de debate com a participa\u00e7\u00e3o de [&hellip;]","og_url":"https:\/\/inclusivenews.com.br\/?p=32761","article_publisher":"https:\/\/www.facebook.com\/agenciainclusive\/","article_published_time":"2024-03-28T17:29:17+00:00","article_modified_time":"2024-03-29T19:27:38+00:00","og_image":[{"width":750,"height":658,"url":"https:\/\/inclusivenews.com.br\/wp-content\/uploads\/2024\/03\/assume.png","type":"image\/png"}],"author":"inclusivenews2024","twitter_card":"summary_large_image","twitter_misc":{"Escrito por":"inclusivenews2024","Tempo estimado de leitura":"13 minutos"},"schema":{"@context":"https:\/\/schema.org","@graph":[{"@type":"Article","@id":"https:\/\/inclusivenews.com.br\/?p=32761#article","isPartOf":{"@id":"https:\/\/inclusivenews.com.br\/?p=32761"},"author":{"name":"inclusivenews2024","@id":"https:\/\/inclusivenews.com.br\/#\/schema\/person\/ae4ec7087559b8692fb33b6fffd2273b"},"headline":"Dia Internacional da S\u00edndrome de Down toma conta do Brasil e do mundo","datePublished":"2024-03-28T17:29:17+00:00","dateModified":"2024-03-29T19:27:38+00:00","mainEntityOfPage":{"@id":"https:\/\/inclusivenews.com.br\/?p=32761"},"wordCount":2533,"commentCount":0,"publisher":{"@id":"https:\/\/inclusivenews.com.br\/#organization"},"image":{"@id":"https:\/\/inclusivenews.com.br\/?p=32761#primaryimage"},"thumbnailUrl":"https:\/\/inclusivenews.com.br\/wp-content\/uploads\/2024\/03\/assume.png","articleSection":["CAMPANHAS","WDSD 2024"],"inLanguage":"pt-PT","potentialAction":[{"@type":"CommentAction","name":"Comment","target":["https:\/\/inclusivenews.com.br\/?p=32761#respond"]}]},{"@type":"WebPage","@id":"https:\/\/inclusivenews.com.br\/?p=32761","url":"https:\/\/inclusivenews.com.br\/?p=32761","name":"Dia Internacional da S\u00edndrome de Down toma conta do Brasil e do mundo -","isPartOf":{"@id":"https:\/\/inclusivenews.com.br\/#website"},"primaryImageOfPage":{"@id":"https:\/\/inclusivenews.com.br\/?p=32761#primaryimage"},"image":{"@id":"https:\/\/inclusivenews.com.br\/?p=32761#primaryimage"},"thumbnailUrl":"https:\/\/inclusivenews.com.br\/wp-content\/uploads\/2024\/03\/assume.png","datePublished":"2024-03-28T17:29:17+00:00","dateModified":"2024-03-29T19:27:38+00:00","breadcrumb":{"@id":"https:\/\/inclusivenews.com.br\/?p=32761#breadcrumb"},"inLanguage":"pt-PT","potentialAction":[{"@type":"ReadAction","target":["https:\/\/inclusivenews.com.br\/?p=32761"]}]},{"@type":"ImageObject","inLanguage":"pt-PT","@id":"https:\/\/inclusivenews.com.br\/?p=32761#primaryimage","url":"https:\/\/inclusivenews.com.br\/wp-content\/uploads\/2024\/03\/assume.png","contentUrl":"https:\/\/inclusivenews.com.br\/wp-content\/uploads\/2024\/03\/assume.png","width":750,"height":658},{"@type":"BreadcrumbList","@id":"https:\/\/inclusivenews.com.br\/?p=32761#breadcrumb","itemListElement":[{"@type":"ListItem","position":1,"name":"In\u00edcio","item":"https:\/\/inclusivenews.com.br\/"},{"@type":"ListItem","position":2,"name":"Dia Internacional da S\u00edndrome de Down toma conta do Brasil e do mundo"}]},{"@type":"WebSite","@id":"https:\/\/inclusivenews.com.br\/#website","url":"https:\/\/inclusivenews.com.br\/","name":"Inclusive News","description":"Inclusive News","publisher":{"@id":"https:\/\/inclusivenews.com.br\/#organization"},"potentialAction":[{"@type":"SearchAction","target":{"@type":"EntryPoint","urlTemplate":"https:\/\/inclusivenews.com.br\/?s={search_term_string}"},"query-input":{"@type":"PropertyValueSpecification","valueRequired":true,"valueName":"search_term_string"}}],"inLanguage":"pt-PT"},{"@type":"Organization","@id":"https:\/\/inclusivenews.com.br\/#organization","name":"Inclusive - inclus\u00e3o e cidadania","url":"https:\/\/inclusivenews.com.br\/","logo":{"@type":"ImageObject","inLanguage":"pt-PT","@id":"https:\/\/inclusivenews.com.br\/#\/schema\/logo\/image\/","url":"https:\/\/inclusivenews.com.br\/wp-content\/uploads\/2024\/03\/@grandesite.png","contentUrl":"https:\/\/inclusivenews.com.br\/wp-content\/uploads\/2024\/03\/@grandesite.png","width":1080,"height":1080,"caption":"Inclusive - inclus\u00e3o e cidadania"},"image":{"@id":"https:\/\/inclusivenews.com.br\/#\/schema\/logo\/image\/"},"sameAs":["https:\/\/www.facebook.com\/agenciainclusive\/","https:\/\/www.instagram.com\/newsinclusive\/"]},{"@type":"Person","@id":"https:\/\/inclusivenews.com.br\/#\/schema\/person\/ae4ec7087559b8692fb33b6fffd2273b","name":"inclusivenews2024","image":{"@type":"ImageObject","inLanguage":"pt-PT","@id":"https:\/\/secure.gravatar.com\/avatar\/c5a7ef84c66fa914f55bc4f7ce26cfa275a3b9a1c5568b907bd184fb4dde7b40?s=96&d=mm&r=g","url":"https:\/\/secure.gravatar.com\/avatar\/c5a7ef84c66fa914f55bc4f7ce26cfa275a3b9a1c5568b907bd184fb4dde7b40?s=96&d=mm&r=g","contentUrl":"https:\/\/secure.gravatar.com\/avatar\/c5a7ef84c66fa914f55bc4f7ce26cfa275a3b9a1c5568b907bd184fb4dde7b40?s=96&d=mm&r=g","caption":"inclusivenews2024"},"sameAs":["https:\/\/inclusivenews.com.br"],"url":"https:\/\/inclusivenews.com.br\/?author=1"}]}},"_links":{"self":[{"href":"https:\/\/inclusivenews.com.br\/index.php?rest_route=\/wp\/v2\/posts\/32761","targetHints":{"allow":["GET"]}}],"collection":[{"href":"https:\/\/inclusivenews.com.br\/index.php?rest_route=\/wp\/v2\/posts"}],"about":[{"href":"https:\/\/inclusivenews.com.br\/index.php?rest_route=\/wp\/v2\/types\/post"}],"author":[{"embeddable":true,"href":"https:\/\/inclusivenews.com.br\/index.php?rest_route=\/wp\/v2\/users\/1"}],"replies":[{"embeddable":true,"href":"https:\/\/inclusivenews.com.br\/index.php?rest_route=%2Fwp%2Fv2%2Fcomments&post=32761"}],"version-history":[{"count":42,"href":"https:\/\/inclusivenews.com.br\/index.php?rest_route=\/wp\/v2\/posts\/32761\/revisions"}],"predecessor-version":[{"id":32873,"href":"https:\/\/inclusivenews.com.br\/index.php?rest_route=\/wp\/v2\/posts\/32761\/revisions\/32873"}],"wp:featuredmedia":[{"embeddable":true,"href":"https:\/\/inclusivenews.com.br\/index.php?rest_route=\/wp\/v2\/media\/32818"}],"wp:attachment":[{"href":"https:\/\/inclusivenews.com.br\/index.php?rest_route=%2Fwp%2Fv2%2Fmedia&parent=32761"}],"wp:term":[{"taxonomy":"category","embeddable":true,"href":"https:\/\/inclusivenews.com.br\/index.php?rest_route=%2Fwp%2Fv2%2Fcategories&post=32761"},{"taxonomy":"post_tag","embeddable":true,"href":"https:\/\/inclusivenews.com.br\/index.php?rest_route=%2Fwp%2Fv2%2Ftags&post=32761"}],"curies":[{"name":"wp","href":"https:\/\/api.w.org\/{rel}","templated":true}]}}