{"id":32887,"date":"2024-03-29T21:06:22","date_gmt":"2024-03-29T21:06:22","guid":{"rendered":"https:\/\/inclusivenews.com.br\/?p=32887"},"modified":"2024-03-30T12:40:03","modified_gmt":"2024-03-30T12:40:03","slug":"convencao-internacional-dos-direitos-da-pessoa-com-deficiencia","status":"publish","type":"post","link":"https:\/\/inclusivenews.com.br\/?p=32887","title":{"rendered":"Conven\u00e7\u00e3o Internacional dos Direitos da Pessoa com Defici\u00eancia"},"content":{"rendered":"\n<figure class=\"wp-block-image size-full\"><img loading=\"lazy\" decoding=\"async\" width=\"204\" height=\"174\" src=\"https:\/\/inclusivenews.com.br\/wp-content\/uploads\/2009\/11\/ONU-BRASIL.jpg\" alt=\"simbolo da ONU.\" class=\"wp-image-12446\"\/><\/figure>\n\n\n\n<p>Gisele de Souza Cruz da Costa<\/p>\n\n\n\n<p><strong>A Conven\u00e7\u00e3o da ONU sobre os Direitos das Pessoas com Defici\u00eancia e a mudan\u00e7a paradigm\u00e1tica no conceito de Pessoa com Defici\u00eancia<\/strong><\/p>\n\n\n\n<p>O movimento das pessoas com defici\u00eancia vem h\u00e1 d\u00e9cadas na luta pela igualdade de oportunidades e inclus\u00e3o social, passando por todas as barreiras f\u00edsicas e atitudinais poss\u00edveis. O reconhecimento perante a sociedade como pessoas capazes de gerir suas pr\u00f3prias vidas sempre foi um dos princ\u00edpios dessa luta. Ao longo desses anos, foram tra\u00e7adas metas e a\u00e7\u00f5es afirmativas para alcan\u00e7arem esse reconhecimento.<\/p>\n\n\n\n<p>Assim, em 2008 o Brasil internalizou a Conven\u00e7\u00e3o Internacional das Pessoas com Defici\u00eancia, justamente no ano em que a Declara\u00e7\u00e3o Universal dos Direitos Humanos completava 65 anos. A Conven\u00e7\u00e3o foi recepcionada com car\u00e1ter de Emenda Constitucional e ratificou a busca incans\u00e1vel sobre a garantia de direitos e sua efetiva\u00e7\u00e3o no territ\u00f3rio nacional. Foi uma das maiores conquistas das pessoas com defici\u00eancia. O Brasil sempre buscou a defesa dos direitos humanos, em especial, nas pessoas mais vulner\u00e1veis, e ao recepcionar a Conven\u00e7\u00e3o n\u00ba com seu protocolo facultativo n\u00ba 186, demonstrou a certeza da efetiva\u00e7\u00e3o desses direitos.<\/p>\n\n\n\n<p>Direitos humanos est\u00e3o ligados diretamente \u00e0s lutas sociais, \u00e0 busca de igualdade de oportunidades e o reconhecimento pela sociedade como sujeito de direitos, sendo vistos pelas suas particularidades e especificidades.<\/p>\n\n\n\n<p>Walter Benjamin traduz perfeitamente o pensamento sobre direitos humanos como uma busca incessante pela vit\u00f3ria:<\/p>\n\n\n\n<p><em>A face do anjo da hist\u00f3ria \u00e9 virada para o passado. Ainda que n\u00f3s<\/em><\/p>\n\n\n\n<p><em>vejamos uma cadeia de eventos, ele v\u00ea apenas uma cat\u00e1strofe (&#8230;).<\/em><\/p>\n\n\n\n<p><em>O anjo gostaria de l\u00e1 permanecer, para ser despertado pela morte,<\/em><\/p>\n\n\n\n<p><em>atestando tudo o que teria sido violentamente destru\u00eddo. Mas uma<\/em><\/p>\n\n\n\n<p><em>tempestade se propaga do para\u00edso; alcan\u00e7a suas asas com tamanha<\/em><\/p>\n\n\n\n<p><em>viol\u00eancia que o anjo n\u00e3o mais pode fech\u00e1-las. Esta tempestade o<\/em><\/p>\n\n\n\n<p><em>compele ao futuro, para o qual suas costas estavam viradas (&#8230;).<\/em><\/p>\n\n\n\n<p><em>Esta tempestade \u00e9 o que nos chamamos de progresso.<\/em><\/p>\n\n\n\n<p>Considera-se a hist\u00f3ria contempor\u00e2nea dos direitos humanos advindos l\u00e1 de 1948 com a Declara\u00e7\u00e3o Universal dos Direitos Humanos e reiterada pela Declara\u00e7\u00e3o de Direitos Humanos de Viena de 1993, sendo fruto do movimento de internacionaliza\u00e7\u00e3o dos direitos humanos, que surge, no p\u00f3s-guerra, como resposta \u00e0s atrocidades e aos horrores cometidos durante o nazismo.<\/p>\n\n\n\n<p>Se a Segunda Guerra significou a ruptura com os direitos humanos, o P\u00f3s-Guerra deveria significar a sua reconstru\u00e7\u00e3o. Nas palavras de Thomas Buergenthal (International law, p. 17):<\/p>\n\n\n\n<p><em>O moderno Direito Internacional dos Direitos Humanos \u00e9 um<\/em><\/p>\n\n\n\n<p><em>fen\u00f4meno do p\u00f3s-guerra. Seu desenvolvimento pode ser atribu\u00eddo \u00e0s<\/em><\/p>\n\n\n\n<p><em>monstruosas viola\u00e7\u00f5es de direitos humanos da era Hitler e \u00e0 cren\u00e7a<\/em><\/p>\n\n\n\n<p><em>de que parte destas viola\u00e7\u00f5es poderiam ser prevenidas se um efetivo<\/em><\/p>\n\n\n\n<p><em>sistema de prote\u00e7\u00e3o internacional de direitos humanos existisse.<\/em><\/p>\n\n\n\n<p>Entende-se que a busca pelos direitos humanos \u00e9 internacional e n\u00e3o apenas do Estado, a luta \u00e9 travada por movimentos sociais que muitas vezes n\u00e3o t\u00eam o apoio devido.<\/p>\n\n\n\n<p>Assim, a Declara\u00e7\u00e3o de 1948 inovou a tem\u00e1tica dos direitos humanos sendo marcada pela universalidade e indivisibilidade destes direitos. A partir da\u00ed come\u00e7a a se desenvolver o Direito Internacional dos Direitos Humanos, mediante a ado\u00e7\u00e3o de in\u00fameros instrumentos internacionais de prote\u00e7\u00e3o. A Declara\u00e7\u00e3o de 1948 d\u00e1 valor a este campo do Direito, com \u00eanfase na universalidade, indivisibilidade e interdepend\u00eancia dos direitos humanos. O processo de universaliza\u00e7\u00e3o dos direitos humanos permitiu a forma\u00e7\u00e3o de um sistema internacional de prote\u00e7\u00e3o destes direitos.<\/p>\n\n\n\n<p>Posteriormente veio a Declara\u00e7\u00e3o de Direitos Humanos de Viena, de 1993, que reitera a concep\u00e7\u00e3o da Declara\u00e7\u00e3o de 1948, quando, em seu par\u00e1grafo 5\u00ba, afirma: \u201cTodos os direitos humanos s\u00e3o universais, interdependentes e inter-relacionados. A comunidade internacional deve tratar os direitos humanos globalmente de forma justa e equitativa, em p\u00e9 de igualdade e com a mesma \u00eanfase.\u201d<\/p>\n\n\n\n<p>Sob o prisma do sistema global de prote\u00e7\u00e3o, constata-se que o direito \u00e0 igualdade e a proibi\u00e7\u00e3o da discrimina\u00e7\u00e3o foram enfaticamente consagrados pela Declara\u00e7\u00e3o Universal de 1948, pelo Pacto Internacional dos Direitos Civis e Pol\u00edticos e pelo Pacto Internacional dos Direitos Econ\u00f4micos, Sociais e Culturais. (Fl\u00e1via Piovesan &#8211; Conven\u00e7\u00e3o sobre os Direitos das Pessoas com Defici\u00eancia (vers\u00e3o comentada).<\/p>\n\n\n\n<p>Assim, temos v\u00e1rias declara\u00e7\u00f5es e pactos que garantem os direitos humanos, como o Pacto Internacional dos Direitos Civis e Pol\u00edticos de 1966, j\u00e1 em seu artigo 2\u00ba, consagra que \u201cos Estados-partes no Pacto comprometem-se a garantir a todos os indiv\u00edduos que se encontrem em seu territ\u00f3rio e que estejam sujeitos \u00e0 sua jurisdi\u00e7\u00e3o os direitos reconhecidos no presente Pacto, sem discrimina\u00e7\u00e3o alguma por motivo de ra\u00e7a, cor, sexo, l\u00edngua, religi\u00e3o, opini\u00e3o pol\u00edtica ou de qualquer outra natureza, origem nacional ou social, situa\u00e7\u00e3o econ\u00f4mica, nascimento ou qualquer outra situa\u00e7\u00e3o\u201d.<\/p>\n\n\n\n<p>Temos a Conven\u00e7\u00e3o sobre a Elimina\u00e7\u00e3o de todas as Formas de Discrimina\u00e7\u00e3o Racial (1965), a Conven\u00e7\u00e3o sobre a Elimina\u00e7\u00e3o de todas as Formas de Discrimina\u00e7\u00e3o contra a Mulher (1979) e a Conven\u00e7\u00e3o da ONU sobre os Direitos das Pessoas com Defici\u00eancia (2006), dentre outras.<\/p>\n\n\n\n<p>Evidencia-se aqui, o Comit\u00ea de Direitos Humanos, em sua Recomenda\u00e7\u00e3o Geral n\u00ba 18, a respeito do artigo 26, entende que o princ\u00edpio da n\u00e3o discrimina\u00e7\u00e3o \u00e9 um princ\u00edpio fundamental previsto no pr\u00f3prio Pacto, condi\u00e7\u00e3o e pressuposto para o pleno exerc\u00edcio dos direitos humanos nele enunciados.<\/p>\n\n\n\n<p>Ainda, o Pacto Internacional dos Direitos Econ\u00f4micos, Sociais e Culturais de 1966, em seu artigo 2\u00ba, estabelece que os Estados-parte comprometem-se a garantir que os direitos nele previstos ser\u00e3o exercidos sem discrimina\u00e7\u00e3o alguma por motivo de ra\u00e7a, cor, sexo, l\u00edngua, religi\u00e3o, opini\u00e3o pol\u00edtica ou de qualquer outra natureza, origem nacional ou social, situa\u00e7\u00e3o econ\u00f4mica, nascimento ou qualquer outra situa\u00e7\u00e3o.<\/p>\n\n\n\n<p>Podemos concluir que os primeiros instrumentos de prote\u00e7\u00e3o \u2013 a Declara\u00e7\u00e3o Universal e os dois Pactos que a sucederam \u2013 incorporam uma concep\u00e7\u00e3o formal de igualdade, sob o bin\u00f4mio da igualdade e da n\u00e3o discrimina\u00e7\u00e3o, assegurando uma prote\u00e7\u00e3o geral, gen\u00e9rica e abstrata.<\/p>\n\n\n\n<p>Assim, em 2008, o Brasil recepciona a Conven\u00e7\u00e3o Internacional dos Direitos das Pessoas com Defici\u00eancia, no plano jur\u00eddico externo, ratificada pelo Congresso Nacional, por meio do Decreto Legislativo n\u00ba 186 de 9 de julho de 2008, conforme o procedimento do&nbsp;<a href=\"https:\/\/www.jusbrasil.com.br\/topicos\/10641393\/paragrafo-3-artigo-5-da-constituicao-federal-de-1988\">\u00a7 3\u00ba<\/a>&nbsp;do art.&nbsp;<a href=\"https:\/\/www.jusbrasil.com.br\/topicos\/10641516\/artigo-5-da-constituicao-federal-de-1988\">5\u00ba<\/a>&nbsp;da&nbsp;<a href=\"https:\/\/www.jusbrasil.com.br\/legislacao\/1503907193\/constituicao-federal-constituicao-da-republica-federativa-do-brasil-1988\">Constitui\u00e7\u00e3o<\/a>, a Conven\u00e7\u00e3o sobre os Direitos das Pessoas com Defici\u00eancia e seu Protocolo Facultativo, assinados em Nova Iorque, em 30 de mar\u00e7o de 2007, e promulgados pelo Decreto n\u00ba&nbsp;<a href=\"https:\/\/www.jusbrasil.com.br\/legislacao\/818741\/decreto-6949-09\">6.949<\/a>, de 25 de agosto de 2009, data de in\u00edcio de sua vig\u00eancia no plano interno:<\/p>\n\n\n\n<p><strong>Decreta:<\/strong><\/p>\n\n\n\n<p><strong>Art. 1\u00ba&nbsp;<\/strong>A Conven\u00e7\u00e3o sobre os Direitos das Pessoas com Defici\u00eancia e seu Protocolo Facultativo, apensos por c\u00f3pia ao presente Decreto, ser\u00e3o executados e cumpridos t\u00e3o inteiramente como neles se cont\u00e9m.<\/p>\n\n\n\n<p><strong>Art.&nbsp;<\/strong><a href=\"https:\/\/www.jusbrasil.com.br\/topicos\/10641831\/artigo-2-da-constituicao-federal-de-1988\"><strong>2\u00ba<\/strong><\/a><strong>&nbsp;<\/strong>S\u00e3o sujeitos \u00e0 aprova\u00e7\u00e3o do Congresso Nacional quaisquer atos que possam resultar em revis\u00e3o dos referidos diplomas internacionais ou que acarretem encargos ou compromissos gravosos ao patrim\u00f4nio nacional, nos termos do art.&nbsp;<a href=\"https:\/\/www.jusbrasil.com.br\/topicos\/10634802\/artigo-49-da-constituicao-federal-de-1988\">49<\/a>, inciso&nbsp;<a href=\"https:\/\/www.jusbrasil.com.br\/topicos\/10705862\/inciso-i-do-artigo-49-da-constituicao-federal-de-1988\">I<\/a>, da&nbsp;<a href=\"https:\/\/www.jusbrasil.com.br\/legislacao\/1503907193\/constituicao-federal-constituicao-da-republica-federativa-do-brasil-1988\">Constitui\u00e7\u00e3o<\/a>.<\/p>\n\n\n\n<p><strong>Art. 3\u00ba&nbsp;<\/strong>Este Decreto entra em vigor na data de sua publica\u00e7\u00e3o.<\/p>\n\n\n\n<p>O prop\u00f3sito da presente&nbsp;<strong>Conven\u00e7\u00e3o<\/strong>&nbsp;\u00e9 promover, proteger e assegurar o exerc\u00edcio pleno e equitativo de todos os&nbsp;<strong>direitos<\/strong>&nbsp;humanos e liberdades fundamentais por todas as&nbsp;<strong>pessoas com defici\u00eancia<\/strong>&nbsp;e promover o respeito pela sua dignidade inerente. (art. 1\u00ba)<\/p>\n\n\n\n<p>Destacando os princ\u00edpios consagrados na Carta das Na\u00e7\u00f5es Unidas, que estabelecem e reconhecem a dignidade da pessoa humana, bem como, os valores inerentes e os direitos iguais e inalien\u00e1veis de todas as pessoas como o fundamento da liberdade, da justi\u00e7a e da paz no mundo.<\/p>\n\n\n\n<p>Diante do reconhecimento pelas Na\u00e7\u00f5es Unidas reafirmando a universalidade, a indivisibilidade, a interdepend\u00eancia e a inter-rela\u00e7\u00e3o de todos os direitos humanos e liberdades fundamentais, e, principalmente, o reconhecimento de que todas as pessoas com defici\u00eancia t\u00eam os mesmos direitos e podem desfrut\u00e1-lo sem qualquer discrimina\u00e7\u00e3o.<\/p>\n\n\n\n<p>A Conven\u00e7\u00e3o trouxe novo paradigma no conceito da pessoa com defici\u00eancia, onde afirma que s\u00e3o aquelas que t\u00eam impedimentos de longo prazo de natureza f\u00edsica, mental, intelectual ou sensorial, os quais, em intera\u00e7\u00e3o com diversas barreiras, podem obstruir sua participa\u00e7\u00e3o plena e efetiva na sociedade em igualdades de condi\u00e7\u00f5es com as demais pessoas.<\/p>\n\n\n\n<p>Reafirmando isso, traz junto com a Lei&nbsp;<a href=\"https:\/\/www.jusbrasil.com.br\/legislacao\/205855325\/lei-13146-15\">13.146<\/a>\/15 Lei Brasileira de Inclus\u00e3o, a necessidade de avalia\u00e7\u00e3o biopsicossocial da pessoa com defici\u00eancia, pois traz as diversas barreiras impostas na sociedade como uma das condi\u00e7\u00f5es que impedem a sua plena participa\u00e7\u00e3o na sociedade, tirando do modelo m\u00e9dico o \u00fanico meio de avalia\u00e7\u00e3o.<\/p>\n\n\n\n<p>Os princ\u00edpios da presente Conven\u00e7\u00e3o s\u00e3o: o respeito pela dignidade inerente, a autonomia individual, inclusive a liberdade de fazer as pr\u00f3prias escolhas, e a independ\u00eancia das pessoas; a n\u00e3o-discrimina\u00e7\u00e3o; a plena e efetiva participa\u00e7\u00e3o e inclus\u00e3o na sociedade; o respeito pela diferen\u00e7a e pela aceita\u00e7\u00e3o das pessoas com defici\u00eancia como parte da diversidade humana e da humanidade; a igualdade de oportunidades; a acessibilidade; a igualdade entre o homem e a mulher; o respeito pelo desenvolvimento das capacidades das crian\u00e7as com defici\u00eancia e pelo direito das crian\u00e7as com defici\u00eancia de preservar sua identidade.<\/p>\n\n\n\n<p>Ressalta-se que a Conven\u00e7\u00e3o preocupa-se, tamb\u00e9m, com a negativa de direitos, n\u00e3o obstante esses diversos instrumentos e compromissos, as pessoas com defici\u00eancia continuam a enfrentar as barreiras contra sua participa\u00e7\u00e3o como membros iguais da sociedade.<\/p>\n\n\n\n<p>Destaca-se a import\u00e2ncia do reconhecimento das pessoas com defici\u00eancia, de sua autonomia e independ\u00eancia individuais, inclusive da liberdade para fazer as pr\u00f3prias escolhas, bem como, devem ter a oportunidade de participar ativamente das decis\u00f5es relativas a programas e pol\u00edticas, inclusive aos que lhes dizem respeito diretamente.<\/p>\n\n\n\n<p>A Conven\u00e7\u00e3o traz destaque para as mulheres e meninas com defici\u00eancia est\u00e3o frequentemente expostas a maiores riscos, tanto no lar como fora dele, de sofrer viol\u00eancia, les\u00f5es ou abuso, descaso ou tratamento negligente, maus-tratos ou explora\u00e7\u00e3o. Bem como, a prote\u00e7\u00e3o integral da crian\u00e7a e adolescente com defici\u00eancia.<\/p>\n\n\n\n<p>Um dos aspectos relevantes da Conven\u00e7\u00e3o \u00e9 trazer a Educa\u00e7\u00e3o Inclusiva como \u00fanica forma de educa\u00e7\u00e3o para a pessoa com defici\u00eancia. Avan\u00e7ando na certeza de que a inclus\u00e3o em escolas inclusivas de ensino regular \u00e9 a garantia da diversidade e melhor aproveitamento do aluno, tendo seus direitos garantidos, como a adapta\u00e7\u00e3o necess\u00e1ria, curr\u00edculo e avalia\u00e7\u00e3o adaptada, escolas acess\u00edveis e salas multifuncionais de atendimento educacional especializado.<\/p>\n\n\n\n<p>Reconhece a import\u00e2ncia da acessibilidade aos meios f\u00edsico, social, econ\u00f4mico e cultural, \u00e0 sa\u00fade, \u00e0 educa\u00e7\u00e3o e informa\u00e7\u00e3o e comunica\u00e7\u00e3o, e, a principal acessibilidade que \u00e9 a atitudinal, para possibilitar \u00e0s pessoas com defici\u00eancia seu pleno direito humano e liberdades fundamentais.<\/p>\n\n\n\n<p>Traz a fam\u00edlia da pessoa com defici\u00eancia como n\u00facleo natural e fundamental da sociedade e tem o direito de receber a prote\u00e7\u00e3o e assist\u00eancias necess\u00e1rias da sociedade e do Estado, para garantia desses direitos.<\/p>\n\n\n\n<p>A Conven\u00e7\u00e3o, com car\u00e1ter de emenda constitucional, traz o refor\u00e7o de garantir a plena participa\u00e7\u00e3o da pessoa com defici\u00eancia na sociedade, no trabalho, na sa\u00fade, na educa\u00e7\u00e3o, para promover e proteger os direitos e a dignidade das pessoas com defici\u00eancia e prestar\u00e1 uma significativa contribui\u00e7\u00e3o para corrigir as profundas desvantagens sociais sem discrimina\u00e7\u00e3o pela sua condi\u00e7\u00e3o.<\/p>\n\n\n\n<p>BIBLIOGRAFIA<\/p>\n\n\n\n<p>&#8211; Lei Brasileira de Inclus\u00e3o&nbsp;<a href=\"https:\/\/www.jusbrasil.com.br\/legislacao\/205855325\/lei-13146-15\">13.146<\/a>\/15;<\/p>\n\n\n\n<p><strong>&#8211;&nbsp;Decreto n\u00ba&nbsp;<\/strong><a href=\"https:\/\/www.jusbrasil.com.br\/legislacao\/818741\/decreto-6949-09\"><strong>6.949<\/strong><\/a><strong>, de 25 de agosto de 2009;<\/strong><\/p>\n\n\n\n<p>&#8211;&nbsp;<a href=\"https:\/\/www.fundacaodorina.org.br\/a-fundacao\/deficiencia-visual\/convencao-da-onu-sobre-direitos-das-pessoas-com-deficiencia\/\" target=\"_blank\" rel=\"noreferrer noopener\">https:\/\/www.fundacaodorina.org.br\/a-fundacao\/deficiencia-visual\/convencao-da-onu-sobre-direitos-das-pessoas-com-deficiencia\/<\/a><\/p>\n\n\n\n<p>&#8211; Declara\u00e7\u00e3o Universal dos Direitos Humanos;<\/p>\n\n\n\n<p>&#8211; Walter Benjamin, The theses on the philosophy of history, apud Micheline R. Ishay, The History of human rights, Berkeley\/Los Angeles\/London, University of California Press, 2004, p.3<\/p>\n\n\n\n<p>&#8211; Pacto Internacional dos Direitos Civis e Pol\u00edticos de 1966<\/p>\n\n\n\n<p>Gisele Souza Cruz da Costa &#8211; Advogada, especialista em direito educacional, direito das fam\u00edlias e processo civil, ativista, professora e jurista da causa das pessoas com defici\u00eancia. Tem&nbsp; diagn\u00f3stico de TDAH. Coordenadora da Frente Nacional das Mulheres com Defici\u00eancia, Presidente da Comiss\u00e3o da Pessoa com Defici\u00eancia do Instituto Brasileiro de Direito das Fam\u00edlias IBDFAM PA, Membro da Comiss\u00e3o Permanente de Implementa\u00e7\u00e3o de Pol\u00edticas de Inclus\u00e3o e Acessibilidade da UFRA, L\u00edder do Comit\u00ea de Inclus\u00e3o da Pessoa com Defici\u00eancia do Grupo Mulheres do Brasil N\u00facleo Bel\u00e9m, Membro da Comiss\u00e3o Provis\u00f3ria da COP 30 da OAB PA, Coordenadora do Projeto A Inclus\u00e3o Come\u00e7a Aqui em parceria com ACESSAR UFRA. Diretora Jur\u00eddica da ACEAB ASSOCIA\u00c7\u00c3O CLUBE ESPORTE ADAPTADO DE BEL\u00c9M. Membro do Inclusive News.<\/p>\n\n\n\n<p><\/p>\n\n\n\n<p>&#8211; Thomas Buergenthal (International law, p. 17)<\/p>\n","protected":false},"excerpt":{"rendered":"<p>Gisele de Souza Cruz da Costa A Conven\u00e7\u00e3o da ONU sobre os Direitos das Pessoas com Defici\u00eancia e a mudan\u00e7a paradigm\u00e1tica no conceito de Pessoa com Defici\u00eancia O movimento das pessoas com defici\u00eancia vem h\u00e1 d\u00e9cadas na luta pela igualdade de oportunidades e inclus\u00e3o social, passando por todas as barreiras f\u00edsicas e atitudinais poss\u00edveis. O [&hellip;]<\/p>\n","protected":false},"author":1,"featured_media":12451,"comment_status":"open","ping_status":"open","sticky":false,"template":"","format":"standard","meta":{"site-container-style":"default","site-container-layout":"default","site-sidebar-layout":"default","disable-article-header":"default","disable-site-header":"default","disable-site-footer":"default","disable-content-area-spacing":"default","footnotes":""},"categories":[26,8],"tags":[],"class_list":["post-32887","post","type-post","status-publish","format-standard","has-post-thumbnail","hentry","category-legislacao","category-textos-e-artigos"],"yoast_head":"<!-- This site is optimized with the Yoast SEO plugin v27.4 - https:\/\/yoast.com\/product\/yoast-seo-wordpress\/ -->\n<title>Conven\u00e7\u00e3o Internacional dos Direitos da Pessoa com Defici\u00eancia -<\/title>\n<meta name=\"robots\" content=\"index, follow, max-snippet:-1, max-image-preview:large, max-video-preview:-1\" \/>\n<link rel=\"canonical\" href=\"https:\/\/inclusivenews.com.br\/?p=32887\" \/>\n<meta property=\"og:locale\" content=\"pt_PT\" \/>\n<meta property=\"og:type\" content=\"article\" \/>\n<meta property=\"og:title\" content=\"Conven\u00e7\u00e3o Internacional dos Direitos da Pessoa com Defici\u00eancia -\" \/>\n<meta property=\"og:description\" content=\"Gisele de Souza Cruz da Costa A Conven\u00e7\u00e3o da ONU sobre os Direitos das Pessoas com Defici\u00eancia e a mudan\u00e7a paradigm\u00e1tica no conceito de Pessoa com Defici\u00eancia O movimento das pessoas com defici\u00eancia vem h\u00e1 d\u00e9cadas na luta pela igualdade de oportunidades e inclus\u00e3o social, passando por todas as barreiras f\u00edsicas e atitudinais poss\u00edveis. O [&hellip;]\" \/>\n<meta property=\"og:url\" content=\"https:\/\/inclusivenews.com.br\/?p=32887\" \/>\n<meta property=\"article:publisher\" content=\"https:\/\/www.facebook.com\/agenciainclusive\/\" \/>\n<meta property=\"article:published_time\" content=\"2024-03-29T21:06:22+00:00\" \/>\n<meta property=\"article:modified_time\" content=\"2024-03-30T12:40:03+00:00\" \/>\n<meta property=\"og:image\" content=\"https:\/\/inclusivenews.com.br\/wp-content\/uploads\/2009\/11\/ONU-BRASIL1.jpg\" \/>\n\t<meta property=\"og:image:width\" content=\"204\" \/>\n\t<meta property=\"og:image:height\" content=\"174\" \/>\n\t<meta property=\"og:image:type\" content=\"image\/jpeg\" \/>\n<meta name=\"author\" content=\"inclusivenews2024\" \/>\n<meta name=\"twitter:card\" content=\"summary_large_image\" \/>\n<meta name=\"twitter:label1\" content=\"Escrito por\" \/>\n\t<meta name=\"twitter:data1\" content=\"inclusivenews2024\" \/>\n\t<meta name=\"twitter:label2\" content=\"Tempo estimado de leitura\" \/>\n\t<meta name=\"twitter:data2\" content=\"11 minutos\" \/>\n<script type=\"application\/ld+json\" class=\"yoast-schema-graph\">{\"@context\":\"https:\\\/\\\/schema.org\",\"@graph\":[{\"@type\":\"Article\",\"@id\":\"https:\\\/\\\/inclusivenews.com.br\\\/?p=32887#article\",\"isPartOf\":{\"@id\":\"https:\\\/\\\/inclusivenews.com.br\\\/?p=32887\"},\"author\":{\"name\":\"inclusivenews2024\",\"@id\":\"https:\\\/\\\/inclusivenews.com.br\\\/#\\\/schema\\\/person\\\/ae4ec7087559b8692fb33b6fffd2273b\"},\"headline\":\"Conven\u00e7\u00e3o Internacional dos Direitos da Pessoa com Defici\u00eancia\",\"datePublished\":\"2024-03-29T21:06:22+00:00\",\"dateModified\":\"2024-03-30T12:40:03+00:00\",\"mainEntityOfPage\":{\"@id\":\"https:\\\/\\\/inclusivenews.com.br\\\/?p=32887\"},\"wordCount\":2214,\"commentCount\":0,\"publisher\":{\"@id\":\"https:\\\/\\\/inclusivenews.com.br\\\/#organization\"},\"image\":{\"@id\":\"https:\\\/\\\/inclusivenews.com.br\\\/?p=32887#primaryimage\"},\"thumbnailUrl\":\"https:\\\/\\\/inclusivenews.com.br\\\/wp-content\\\/uploads\\\/2009\\\/11\\\/ONU-BRASIL1.jpg\",\"articleSection\":[\"Legisla\u00e7\u00e3o ...\",\"OPINI\u00c3O\"],\"inLanguage\":\"pt-PT\",\"potentialAction\":[{\"@type\":\"CommentAction\",\"name\":\"Comment\",\"target\":[\"https:\\\/\\\/inclusivenews.com.br\\\/?p=32887#respond\"]}]},{\"@type\":\"WebPage\",\"@id\":\"https:\\\/\\\/inclusivenews.com.br\\\/?p=32887\",\"url\":\"https:\\\/\\\/inclusivenews.com.br\\\/?p=32887\",\"name\":\"Conven\u00e7\u00e3o Internacional dos Direitos da Pessoa com Defici\u00eancia -\",\"isPartOf\":{\"@id\":\"https:\\\/\\\/inclusivenews.com.br\\\/#website\"},\"primaryImageOfPage\":{\"@id\":\"https:\\\/\\\/inclusivenews.com.br\\\/?p=32887#primaryimage\"},\"image\":{\"@id\":\"https:\\\/\\\/inclusivenews.com.br\\\/?p=32887#primaryimage\"},\"thumbnailUrl\":\"https:\\\/\\\/inclusivenews.com.br\\\/wp-content\\\/uploads\\\/2009\\\/11\\\/ONU-BRASIL1.jpg\",\"datePublished\":\"2024-03-29T21:06:22+00:00\",\"dateModified\":\"2024-03-30T12:40:03+00:00\",\"breadcrumb\":{\"@id\":\"https:\\\/\\\/inclusivenews.com.br\\\/?p=32887#breadcrumb\"},\"inLanguage\":\"pt-PT\",\"potentialAction\":[{\"@type\":\"ReadAction\",\"target\":[\"https:\\\/\\\/inclusivenews.com.br\\\/?p=32887\"]}]},{\"@type\":\"ImageObject\",\"inLanguage\":\"pt-PT\",\"@id\":\"https:\\\/\\\/inclusivenews.com.br\\\/?p=32887#primaryimage\",\"url\":\"https:\\\/\\\/inclusivenews.com.br\\\/wp-content\\\/uploads\\\/2009\\\/11\\\/ONU-BRASIL1.jpg\",\"contentUrl\":\"https:\\\/\\\/inclusivenews.com.br\\\/wp-content\\\/uploads\\\/2009\\\/11\\\/ONU-BRASIL1.jpg\",\"width\":204,\"height\":174},{\"@type\":\"BreadcrumbList\",\"@id\":\"https:\\\/\\\/inclusivenews.com.br\\\/?p=32887#breadcrumb\",\"itemListElement\":[{\"@type\":\"ListItem\",\"position\":1,\"name\":\"In\u00edcio\",\"item\":\"https:\\\/\\\/inclusivenews.com.br\\\/\"},{\"@type\":\"ListItem\",\"position\":2,\"name\":\"Conven\u00e7\u00e3o Internacional dos Direitos da Pessoa com Defici\u00eancia\"}]},{\"@type\":\"WebSite\",\"@id\":\"https:\\\/\\\/inclusivenews.com.br\\\/#website\",\"url\":\"https:\\\/\\\/inclusivenews.com.br\\\/\",\"name\":\"Inclusive News\",\"description\":\"Inclusive News\",\"publisher\":{\"@id\":\"https:\\\/\\\/inclusivenews.com.br\\\/#organization\"},\"potentialAction\":[{\"@type\":\"SearchAction\",\"target\":{\"@type\":\"EntryPoint\",\"urlTemplate\":\"https:\\\/\\\/inclusivenews.com.br\\\/?s={search_term_string}\"},\"query-input\":{\"@type\":\"PropertyValueSpecification\",\"valueRequired\":true,\"valueName\":\"search_term_string\"}}],\"inLanguage\":\"pt-PT\"},{\"@type\":\"Organization\",\"@id\":\"https:\\\/\\\/inclusivenews.com.br\\\/#organization\",\"name\":\"Inclusive - inclus\u00e3o e cidadania\",\"url\":\"https:\\\/\\\/inclusivenews.com.br\\\/\",\"logo\":{\"@type\":\"ImageObject\",\"inLanguage\":\"pt-PT\",\"@id\":\"https:\\\/\\\/inclusivenews.com.br\\\/#\\\/schema\\\/logo\\\/image\\\/\",\"url\":\"https:\\\/\\\/inclusivenews.com.br\\\/wp-content\\\/uploads\\\/2024\\\/03\\\/@grandesite.png\",\"contentUrl\":\"https:\\\/\\\/inclusivenews.com.br\\\/wp-content\\\/uploads\\\/2024\\\/03\\\/@grandesite.png\",\"width\":1080,\"height\":1080,\"caption\":\"Inclusive - inclus\u00e3o e cidadania\"},\"image\":{\"@id\":\"https:\\\/\\\/inclusivenews.com.br\\\/#\\\/schema\\\/logo\\\/image\\\/\"},\"sameAs\":[\"https:\\\/\\\/www.facebook.com\\\/agenciainclusive\\\/\",\"https:\\\/\\\/www.instagram.com\\\/newsinclusive\\\/\"]},{\"@type\":\"Person\",\"@id\":\"https:\\\/\\\/inclusivenews.com.br\\\/#\\\/schema\\\/person\\\/ae4ec7087559b8692fb33b6fffd2273b\",\"name\":\"inclusivenews2024\",\"image\":{\"@type\":\"ImageObject\",\"inLanguage\":\"pt-PT\",\"@id\":\"https:\\\/\\\/secure.gravatar.com\\\/avatar\\\/c5a7ef84c66fa914f55bc4f7ce26cfa275a3b9a1c5568b907bd184fb4dde7b40?s=96&d=mm&r=g\",\"url\":\"https:\\\/\\\/secure.gravatar.com\\\/avatar\\\/c5a7ef84c66fa914f55bc4f7ce26cfa275a3b9a1c5568b907bd184fb4dde7b40?s=96&d=mm&r=g\",\"contentUrl\":\"https:\\\/\\\/secure.gravatar.com\\\/avatar\\\/c5a7ef84c66fa914f55bc4f7ce26cfa275a3b9a1c5568b907bd184fb4dde7b40?s=96&d=mm&r=g\",\"caption\":\"inclusivenews2024\"},\"sameAs\":[\"https:\\\/\\\/inclusivenews.com.br\"],\"url\":\"https:\\\/\\\/inclusivenews.com.br\\\/?author=1\"}]}<\/script>\n<!-- \/ Yoast SEO plugin. -->","yoast_head_json":{"title":"Conven\u00e7\u00e3o Internacional dos Direitos da Pessoa com Defici\u00eancia -","robots":{"index":"index","follow":"follow","max-snippet":"max-snippet:-1","max-image-preview":"max-image-preview:large","max-video-preview":"max-video-preview:-1"},"canonical":"https:\/\/inclusivenews.com.br\/?p=32887","og_locale":"pt_PT","og_type":"article","og_title":"Conven\u00e7\u00e3o Internacional dos Direitos da Pessoa com Defici\u00eancia -","og_description":"Gisele de Souza Cruz da Costa A Conven\u00e7\u00e3o da ONU sobre os Direitos das Pessoas com Defici\u00eancia e a mudan\u00e7a paradigm\u00e1tica no conceito de Pessoa com Defici\u00eancia O movimento das pessoas com defici\u00eancia vem h\u00e1 d\u00e9cadas na luta pela igualdade de oportunidades e inclus\u00e3o social, passando por todas as barreiras f\u00edsicas e atitudinais poss\u00edveis. O [&hellip;]","og_url":"https:\/\/inclusivenews.com.br\/?p=32887","article_publisher":"https:\/\/www.facebook.com\/agenciainclusive\/","article_published_time":"2024-03-29T21:06:22+00:00","article_modified_time":"2024-03-30T12:40:03+00:00","og_image":[{"width":204,"height":174,"url":"https:\/\/inclusivenews.com.br\/wp-content\/uploads\/2009\/11\/ONU-BRASIL1.jpg","type":"image\/jpeg"}],"author":"inclusivenews2024","twitter_card":"summary_large_image","twitter_misc":{"Escrito por":"inclusivenews2024","Tempo estimado de leitura":"11 minutos"},"schema":{"@context":"https:\/\/schema.org","@graph":[{"@type":"Article","@id":"https:\/\/inclusivenews.com.br\/?p=32887#article","isPartOf":{"@id":"https:\/\/inclusivenews.com.br\/?p=32887"},"author":{"name":"inclusivenews2024","@id":"https:\/\/inclusivenews.com.br\/#\/schema\/person\/ae4ec7087559b8692fb33b6fffd2273b"},"headline":"Conven\u00e7\u00e3o Internacional dos Direitos da Pessoa com Defici\u00eancia","datePublished":"2024-03-29T21:06:22+00:00","dateModified":"2024-03-30T12:40:03+00:00","mainEntityOfPage":{"@id":"https:\/\/inclusivenews.com.br\/?p=32887"},"wordCount":2214,"commentCount":0,"publisher":{"@id":"https:\/\/inclusivenews.com.br\/#organization"},"image":{"@id":"https:\/\/inclusivenews.com.br\/?p=32887#primaryimage"},"thumbnailUrl":"https:\/\/inclusivenews.com.br\/wp-content\/uploads\/2009\/11\/ONU-BRASIL1.jpg","articleSection":["Legisla\u00e7\u00e3o ...","OPINI\u00c3O"],"inLanguage":"pt-PT","potentialAction":[{"@type":"CommentAction","name":"Comment","target":["https:\/\/inclusivenews.com.br\/?p=32887#respond"]}]},{"@type":"WebPage","@id":"https:\/\/inclusivenews.com.br\/?p=32887","url":"https:\/\/inclusivenews.com.br\/?p=32887","name":"Conven\u00e7\u00e3o Internacional dos Direitos da Pessoa com Defici\u00eancia -","isPartOf":{"@id":"https:\/\/inclusivenews.com.br\/#website"},"primaryImageOfPage":{"@id":"https:\/\/inclusivenews.com.br\/?p=32887#primaryimage"},"image":{"@id":"https:\/\/inclusivenews.com.br\/?p=32887#primaryimage"},"thumbnailUrl":"https:\/\/inclusivenews.com.br\/wp-content\/uploads\/2009\/11\/ONU-BRASIL1.jpg","datePublished":"2024-03-29T21:06:22+00:00","dateModified":"2024-03-30T12:40:03+00:00","breadcrumb":{"@id":"https:\/\/inclusivenews.com.br\/?p=32887#breadcrumb"},"inLanguage":"pt-PT","potentialAction":[{"@type":"ReadAction","target":["https:\/\/inclusivenews.com.br\/?p=32887"]}]},{"@type":"ImageObject","inLanguage":"pt-PT","@id":"https:\/\/inclusivenews.com.br\/?p=32887#primaryimage","url":"https:\/\/inclusivenews.com.br\/wp-content\/uploads\/2009\/11\/ONU-BRASIL1.jpg","contentUrl":"https:\/\/inclusivenews.com.br\/wp-content\/uploads\/2009\/11\/ONU-BRASIL1.jpg","width":204,"height":174},{"@type":"BreadcrumbList","@id":"https:\/\/inclusivenews.com.br\/?p=32887#breadcrumb","itemListElement":[{"@type":"ListItem","position":1,"name":"In\u00edcio","item":"https:\/\/inclusivenews.com.br\/"},{"@type":"ListItem","position":2,"name":"Conven\u00e7\u00e3o Internacional dos Direitos da Pessoa com Defici\u00eancia"}]},{"@type":"WebSite","@id":"https:\/\/inclusivenews.com.br\/#website","url":"https:\/\/inclusivenews.com.br\/","name":"Inclusive News","description":"Inclusive News","publisher":{"@id":"https:\/\/inclusivenews.com.br\/#organization"},"potentialAction":[{"@type":"SearchAction","target":{"@type":"EntryPoint","urlTemplate":"https:\/\/inclusivenews.com.br\/?s={search_term_string}"},"query-input":{"@type":"PropertyValueSpecification","valueRequired":true,"valueName":"search_term_string"}}],"inLanguage":"pt-PT"},{"@type":"Organization","@id":"https:\/\/inclusivenews.com.br\/#organization","name":"Inclusive - inclus\u00e3o e cidadania","url":"https:\/\/inclusivenews.com.br\/","logo":{"@type":"ImageObject","inLanguage":"pt-PT","@id":"https:\/\/inclusivenews.com.br\/#\/schema\/logo\/image\/","url":"https:\/\/inclusivenews.com.br\/wp-content\/uploads\/2024\/03\/@grandesite.png","contentUrl":"https:\/\/inclusivenews.com.br\/wp-content\/uploads\/2024\/03\/@grandesite.png","width":1080,"height":1080,"caption":"Inclusive - inclus\u00e3o e cidadania"},"image":{"@id":"https:\/\/inclusivenews.com.br\/#\/schema\/logo\/image\/"},"sameAs":["https:\/\/www.facebook.com\/agenciainclusive\/","https:\/\/www.instagram.com\/newsinclusive\/"]},{"@type":"Person","@id":"https:\/\/inclusivenews.com.br\/#\/schema\/person\/ae4ec7087559b8692fb33b6fffd2273b","name":"inclusivenews2024","image":{"@type":"ImageObject","inLanguage":"pt-PT","@id":"https:\/\/secure.gravatar.com\/avatar\/c5a7ef84c66fa914f55bc4f7ce26cfa275a3b9a1c5568b907bd184fb4dde7b40?s=96&d=mm&r=g","url":"https:\/\/secure.gravatar.com\/avatar\/c5a7ef84c66fa914f55bc4f7ce26cfa275a3b9a1c5568b907bd184fb4dde7b40?s=96&d=mm&r=g","contentUrl":"https:\/\/secure.gravatar.com\/avatar\/c5a7ef84c66fa914f55bc4f7ce26cfa275a3b9a1c5568b907bd184fb4dde7b40?s=96&d=mm&r=g","caption":"inclusivenews2024"},"sameAs":["https:\/\/inclusivenews.com.br"],"url":"https:\/\/inclusivenews.com.br\/?author=1"}]}},"_links":{"self":[{"href":"https:\/\/inclusivenews.com.br\/index.php?rest_route=\/wp\/v2\/posts\/32887","targetHints":{"allow":["GET"]}}],"collection":[{"href":"https:\/\/inclusivenews.com.br\/index.php?rest_route=\/wp\/v2\/posts"}],"about":[{"href":"https:\/\/inclusivenews.com.br\/index.php?rest_route=\/wp\/v2\/types\/post"}],"author":[{"embeddable":true,"href":"https:\/\/inclusivenews.com.br\/index.php?rest_route=\/wp\/v2\/users\/1"}],"replies":[{"embeddable":true,"href":"https:\/\/inclusivenews.com.br\/index.php?rest_route=%2Fwp%2Fv2%2Fcomments&post=32887"}],"version-history":[{"count":3,"href":"https:\/\/inclusivenews.com.br\/index.php?rest_route=\/wp\/v2\/posts\/32887\/revisions"}],"predecessor-version":[{"id":32899,"href":"https:\/\/inclusivenews.com.br\/index.php?rest_route=\/wp\/v2\/posts\/32887\/revisions\/32899"}],"wp:featuredmedia":[{"embeddable":true,"href":"https:\/\/inclusivenews.com.br\/index.php?rest_route=\/wp\/v2\/media\/12451"}],"wp:attachment":[{"href":"https:\/\/inclusivenews.com.br\/index.php?rest_route=%2Fwp%2Fv2%2Fmedia&parent=32887"}],"wp:term":[{"taxonomy":"category","embeddable":true,"href":"https:\/\/inclusivenews.com.br\/index.php?rest_route=%2Fwp%2Fv2%2Fcategories&post=32887"},{"taxonomy":"post_tag","embeddable":true,"href":"https:\/\/inclusivenews.com.br\/index.php?rest_route=%2Fwp%2Fv2%2Ftags&post=32887"}],"curies":[{"name":"wp","href":"https:\/\/api.w.org\/{rel}","templated":true}]}}