{"id":32889,"date":"2024-03-29T21:11:58","date_gmt":"2024-03-29T21:11:58","guid":{"rendered":"https:\/\/inclusivenews.com.br\/?p=32889"},"modified":"2024-03-30T16:40:35","modified_gmt":"2024-03-30T16:40:35","slug":"a-cegonha-me-deixou-na-familia-certa","status":"publish","type":"post","link":"https:\/\/inclusivenews.com.br\/?p=32889","title":{"rendered":"A cegonha me deixou na fam\u00edlia certa"},"content":{"rendered":"\n<figure class=\"wp-block-image size-full is-resized\"><img loading=\"lazy\" decoding=\"async\" width=\"860\" height=\"570\" src=\"https:\/\/inclusivenews.com.br\/wp-content\/uploads\/2024\/03\/gabriel-ibras.jpg\" alt=\"rapaz sinalizando em Libras no plen\u00e1rio do senado federal.\" class=\"wp-image-32799\" style=\"width:383px;height:auto\" srcset=\"https:\/\/inclusivenews.com.br\/wp-content\/uploads\/2024\/03\/gabriel-ibras.jpg 860w, https:\/\/inclusivenews.com.br\/wp-content\/uploads\/2024\/03\/gabriel-ibras-300x199.jpg 300w, https:\/\/inclusivenews.com.br\/wp-content\/uploads\/2024\/03\/gabriel-ibras-768x509.jpg 768w\" sizes=\"auto, (max-width: 860px) 100vw, 860px\" \/><figcaption class=\"wp-element-caption\">Gabriel Camargo.<\/figcaption><\/figure>\n\n\n\n<p>Marta Gil<\/p>\n\n\n\n<p>Diz a lenda familiar que, aos 3 anos de idade, eu me referia a ela como Senhora Dona Cegonha, com muito respeito.<\/p>\n\n\n\n<p>Meus av\u00f3s maternos, Alvarina e Augusto Esteves tiveram seis filhas. A \u00faltima, Ita\u00e9, nasceu 10 anos depois de Glaucia, em 1938. J\u00e1 na maternidade a S\u00edndrome de Down foi diagnosticada.<\/p>\n\n\n\n<p>Eles eram pessoas amorosas e com uma f\u00e9 inabal\u00e1vel \u2013 principalmente minha av\u00f3, que tinha uma profunda convic\u00e7\u00e3o que era poss\u00edvel investir em seu desenvolvimento. Antes que eu me esque\u00e7a: Ita\u00e9 significa \u201cpedrinha de a\u00e7\u00facar\u201d em Tupi Guarani e minha av\u00f3 dizia que ela tinha fortalecido seu casamento.<\/p>\n\n\n\n<p>Quando eu era pequena, minha fam\u00edlia morava com meus av\u00f3s, Maria (a filha mais velha) e Ita\u00e9 numa casa grande.<\/p>\n\n\n\n<p>Ita\u00e9 recebia massagens de uma profissional alem\u00e3, para fortalecer seus m\u00fasculos.<\/p>\n\n\n\n<p>Minha av\u00f3 soube que em Belo Horizonte, na Associa\u00e7\u00e3o Pestalozzi, havia uma professora ensinando o M\u00e9todo Montessori. De comum acordo ficou l\u00e1, durante semanas, enquanto o marido permanecia em S\u00e3o Paulo com as filhas. Todas cuidavam da ca\u00e7ula, principalmente as duas mais velhas. Minha m\u00e3e, a segunda, registrava as atividades e progressos de Ita\u00e9.<\/p>\n\n\n\n<p>De volta a S\u00e3o Paulo, vov\u00f3 localizou dona Carolina, professora especializada em Montessori, que resolveu fazer uma \u201cinclus\u00e3o dom\u00e9stica\u201d: eu participava das aulas de Ita\u00e9, a partir dos meus dois anos.<\/p>\n\n\n\n<p>Ita\u00e9 tinha v\u00e1rios sobrinhos e crescemos convivendo com ela. Amigos, parentes do Interior e do Rio de Janeiro tratavam-na com carinho. Era fam\u00edlia.<\/p>\n\n\n\n<p>A puberdade trouxe quest\u00f5es de sa\u00fade mental. O tratamento da \u00e9poca eram choques el\u00e9tricos. Meus av\u00f3s se opuseram firmemente. Ela ficou em casa, cercada de carinho e tratada da forma que era poss\u00edvel na \u00e9poca.<\/p>\n\n\n\n<p>A crise passou, por\u00e9m o desenvolvimento de Ita\u00e9 regrediu: n\u00e3o falava mais e tinha dificuldade para andar.<\/p>\n\n\n\n<p>A busca por outros m\u00e9dicos e tratamentos continuou at\u00e9 sua passagem, com pouco mais de 20 anos de idade \u2013 longevidade pouco comum para a \u00e9poca \u2013 sempre em casa, recebendo carinho, aten\u00e7\u00e3o e cuidados.<\/p>\n\n\n\n<p>Foi com uma emo\u00e7\u00e3o profunda que vi ontem a Priscilla, jovem com S\u00edndrome de Down falando do p\u00falpito no Senado da Rep\u00fablica, sendo interpretada em Libras pelo Gabriel Camargo, que tamb\u00e9m tem a s\u00edndrome<a id=\"_ftnref1\" href=\"#_ftn1\">[1]<\/a>, outros falando em suas p\u00e1ginas no Instagram, nas C\u00e2maras de suas cidades e em lives.<\/p>\n\n\n\n<p>Muito obrigada, Senhora Dona Cegonha!<\/p>\n\n\n\n<p>(*) Marta Gil &#8211; Soci\u00f3loga, uma das Fundadoras e Coordenadora Executiva do Amankay Instituto de Estudos e Pesquisas; atua na Produ\u00e7\u00e3o, Comunica\u00e7\u00e3o e Dissemina\u00e7\u00e3o de informa\u00e7\u00f5es sobre Inclus\u00e3o de Pessoas com Defici\u00eancia na Educa\u00e7\u00e3o, Trabalho e Acessibilidade desde 1990.<\/p>\n\n\n\n<hr class=\"wp-block-separator has-alpha-channel-opacity\"\/>\n\n\n\n<p><a href=\"#_ftnref1\" id=\"_ftn1\">[1]<\/a> <a href=\"https:\/\/www.instagram.com\/reel\/C42I-KXPBJQ\/?igsh=ZDJkNGc4YWswbGpi\">https:\/\/www.instagram.com\/reel\/C42I-KXPBJQ\/?igsh=ZDJkNGc4YWswbGpi<\/a><\/p>\n","protected":false},"excerpt":{"rendered":"<p>Marta Gil Diz a lenda familiar que, aos 3 anos de idade, eu me referia a ela como Senhora Dona Cegonha, com muito respeito. Meus av\u00f3s maternos, Alvarina e Augusto Esteves tiveram seis filhas. A \u00faltima, Ita\u00e9, nasceu 10 anos depois de Glaucia, em 1938. J\u00e1 na maternidade a S\u00edndrome de Down foi diagnosticada. Eles [&hellip;]<\/p>\n","protected":false},"author":1,"featured_media":32799,"comment_status":"open","ping_status":"open","sticky":false,"template":"","format":"standard","meta":{"site-container-style":"default","site-container-layout":"default","site-sidebar-layout":"default","disable-article-header":"default","disable-site-header":"default","disable-site-footer":"default","disable-content-area-spacing":"default","footnotes":""},"categories":[8],"tags":[],"class_list":["post-32889","post","type-post","status-publish","format-standard","has-post-thumbnail","hentry","category-textos-e-artigos"],"yoast_head":"<!-- This site is optimized with the Yoast SEO plugin v27.4 - https:\/\/yoast.com\/product\/yoast-seo-wordpress\/ -->\n<title>A cegonha me deixou na fam\u00edlia certa -<\/title>\n<meta name=\"robots\" content=\"index, follow, max-snippet:-1, max-image-preview:large, max-video-preview:-1\" \/>\n<link rel=\"canonical\" href=\"https:\/\/inclusivenews.com.br\/?p=32889\" \/>\n<meta property=\"og:locale\" content=\"pt_PT\" \/>\n<meta property=\"og:type\" content=\"article\" \/>\n<meta property=\"og:title\" content=\"A cegonha me deixou na fam\u00edlia certa -\" \/>\n<meta property=\"og:description\" content=\"Marta Gil Diz a lenda familiar que, aos 3 anos de idade, eu me referia a ela como Senhora Dona Cegonha, com muito respeito. Meus av\u00f3s maternos, Alvarina e Augusto Esteves tiveram seis filhas. A \u00faltima, Ita\u00e9, nasceu 10 anos depois de Glaucia, em 1938. J\u00e1 na maternidade a S\u00edndrome de Down foi diagnosticada. Eles [&hellip;]\" \/>\n<meta property=\"og:url\" content=\"https:\/\/inclusivenews.com.br\/?p=32889\" \/>\n<meta property=\"article:publisher\" content=\"https:\/\/www.facebook.com\/agenciainclusive\/\" \/>\n<meta property=\"article:published_time\" content=\"2024-03-29T21:11:58+00:00\" \/>\n<meta property=\"article:modified_time\" content=\"2024-03-30T16:40:35+00:00\" \/>\n<meta property=\"og:image\" content=\"https:\/\/inclusivenews.com.br\/wp-content\/uploads\/2024\/03\/gabriel-ibras.jpg\" \/>\n\t<meta property=\"og:image:width\" content=\"860\" \/>\n\t<meta property=\"og:image:height\" content=\"570\" \/>\n\t<meta property=\"og:image:type\" content=\"image\/jpeg\" \/>\n<meta name=\"author\" content=\"inclusivenews2024\" \/>\n<meta name=\"twitter:card\" content=\"summary_large_image\" \/>\n<meta name=\"twitter:label1\" content=\"Escrito por\" \/>\n\t<meta name=\"twitter:data1\" content=\"inclusivenews2024\" \/>\n\t<meta name=\"twitter:label2\" content=\"Tempo estimado de leitura\" \/>\n\t<meta name=\"twitter:data2\" content=\"3 minutos\" \/>\n<script type=\"application\/ld+json\" class=\"yoast-schema-graph\">{\"@context\":\"https:\\\/\\\/schema.org\",\"@graph\":[{\"@type\":\"Article\",\"@id\":\"https:\\\/\\\/inclusivenews.com.br\\\/?p=32889#article\",\"isPartOf\":{\"@id\":\"https:\\\/\\\/inclusivenews.com.br\\\/?p=32889\"},\"author\":{\"name\":\"inclusivenews2024\",\"@id\":\"https:\\\/\\\/inclusivenews.com.br\\\/#\\\/schema\\\/person\\\/ae4ec7087559b8692fb33b6fffd2273b\"},\"headline\":\"A cegonha me deixou na fam\u00edlia certa\",\"datePublished\":\"2024-03-29T21:11:58+00:00\",\"dateModified\":\"2024-03-30T16:40:35+00:00\",\"mainEntityOfPage\":{\"@id\":\"https:\\\/\\\/inclusivenews.com.br\\\/?p=32889\"},\"wordCount\":477,\"commentCount\":0,\"publisher\":{\"@id\":\"https:\\\/\\\/inclusivenews.com.br\\\/#organization\"},\"image\":{\"@id\":\"https:\\\/\\\/inclusivenews.com.br\\\/?p=32889#primaryimage\"},\"thumbnailUrl\":\"https:\\\/\\\/inclusivenews.com.br\\\/wp-content\\\/uploads\\\/2024\\\/03\\\/gabriel-ibras.jpg\",\"articleSection\":[\"OPINI\u00c3O\"],\"inLanguage\":\"pt-PT\",\"potentialAction\":[{\"@type\":\"CommentAction\",\"name\":\"Comment\",\"target\":[\"https:\\\/\\\/inclusivenews.com.br\\\/?p=32889#respond\"]}]},{\"@type\":\"WebPage\",\"@id\":\"https:\\\/\\\/inclusivenews.com.br\\\/?p=32889\",\"url\":\"https:\\\/\\\/inclusivenews.com.br\\\/?p=32889\",\"name\":\"A cegonha me deixou na fam\u00edlia certa -\",\"isPartOf\":{\"@id\":\"https:\\\/\\\/inclusivenews.com.br\\\/#website\"},\"primaryImageOfPage\":{\"@id\":\"https:\\\/\\\/inclusivenews.com.br\\\/?p=32889#primaryimage\"},\"image\":{\"@id\":\"https:\\\/\\\/inclusivenews.com.br\\\/?p=32889#primaryimage\"},\"thumbnailUrl\":\"https:\\\/\\\/inclusivenews.com.br\\\/wp-content\\\/uploads\\\/2024\\\/03\\\/gabriel-ibras.jpg\",\"datePublished\":\"2024-03-29T21:11:58+00:00\",\"dateModified\":\"2024-03-30T16:40:35+00:00\",\"breadcrumb\":{\"@id\":\"https:\\\/\\\/inclusivenews.com.br\\\/?p=32889#breadcrumb\"},\"inLanguage\":\"pt-PT\",\"potentialAction\":[{\"@type\":\"ReadAction\",\"target\":[\"https:\\\/\\\/inclusivenews.com.br\\\/?p=32889\"]}]},{\"@type\":\"ImageObject\",\"inLanguage\":\"pt-PT\",\"@id\":\"https:\\\/\\\/inclusivenews.com.br\\\/?p=32889#primaryimage\",\"url\":\"https:\\\/\\\/inclusivenews.com.br\\\/wp-content\\\/uploads\\\/2024\\\/03\\\/gabriel-ibras.jpg\",\"contentUrl\":\"https:\\\/\\\/inclusivenews.com.br\\\/wp-content\\\/uploads\\\/2024\\\/03\\\/gabriel-ibras.jpg\",\"width\":860,\"height\":570},{\"@type\":\"BreadcrumbList\",\"@id\":\"https:\\\/\\\/inclusivenews.com.br\\\/?p=32889#breadcrumb\",\"itemListElement\":[{\"@type\":\"ListItem\",\"position\":1,\"name\":\"In\u00edcio\",\"item\":\"https:\\\/\\\/inclusivenews.com.br\\\/\"},{\"@type\":\"ListItem\",\"position\":2,\"name\":\"A cegonha me deixou na fam\u00edlia certa\"}]},{\"@type\":\"WebSite\",\"@id\":\"https:\\\/\\\/inclusivenews.com.br\\\/#website\",\"url\":\"https:\\\/\\\/inclusivenews.com.br\\\/\",\"name\":\"Inclusive News\",\"description\":\"Inclusive News\",\"publisher\":{\"@id\":\"https:\\\/\\\/inclusivenews.com.br\\\/#organization\"},\"potentialAction\":[{\"@type\":\"SearchAction\",\"target\":{\"@type\":\"EntryPoint\",\"urlTemplate\":\"https:\\\/\\\/inclusivenews.com.br\\\/?s={search_term_string}\"},\"query-input\":{\"@type\":\"PropertyValueSpecification\",\"valueRequired\":true,\"valueName\":\"search_term_string\"}}],\"inLanguage\":\"pt-PT\"},{\"@type\":\"Organization\",\"@id\":\"https:\\\/\\\/inclusivenews.com.br\\\/#organization\",\"name\":\"Inclusive - inclus\u00e3o e cidadania\",\"url\":\"https:\\\/\\\/inclusivenews.com.br\\\/\",\"logo\":{\"@type\":\"ImageObject\",\"inLanguage\":\"pt-PT\",\"@id\":\"https:\\\/\\\/inclusivenews.com.br\\\/#\\\/schema\\\/logo\\\/image\\\/\",\"url\":\"https:\\\/\\\/inclusivenews.com.br\\\/wp-content\\\/uploads\\\/2024\\\/03\\\/@grandesite.png\",\"contentUrl\":\"https:\\\/\\\/inclusivenews.com.br\\\/wp-content\\\/uploads\\\/2024\\\/03\\\/@grandesite.png\",\"width\":1080,\"height\":1080,\"caption\":\"Inclusive - inclus\u00e3o e cidadania\"},\"image\":{\"@id\":\"https:\\\/\\\/inclusivenews.com.br\\\/#\\\/schema\\\/logo\\\/image\\\/\"},\"sameAs\":[\"https:\\\/\\\/www.facebook.com\\\/agenciainclusive\\\/\",\"https:\\\/\\\/www.instagram.com\\\/newsinclusive\\\/\"]},{\"@type\":\"Person\",\"@id\":\"https:\\\/\\\/inclusivenews.com.br\\\/#\\\/schema\\\/person\\\/ae4ec7087559b8692fb33b6fffd2273b\",\"name\":\"inclusivenews2024\",\"image\":{\"@type\":\"ImageObject\",\"inLanguage\":\"pt-PT\",\"@id\":\"https:\\\/\\\/secure.gravatar.com\\\/avatar\\\/c5a7ef84c66fa914f55bc4f7ce26cfa275a3b9a1c5568b907bd184fb4dde7b40?s=96&d=mm&r=g\",\"url\":\"https:\\\/\\\/secure.gravatar.com\\\/avatar\\\/c5a7ef84c66fa914f55bc4f7ce26cfa275a3b9a1c5568b907bd184fb4dde7b40?s=96&d=mm&r=g\",\"contentUrl\":\"https:\\\/\\\/secure.gravatar.com\\\/avatar\\\/c5a7ef84c66fa914f55bc4f7ce26cfa275a3b9a1c5568b907bd184fb4dde7b40?s=96&d=mm&r=g\",\"caption\":\"inclusivenews2024\"},\"sameAs\":[\"https:\\\/\\\/inclusivenews.com.br\"],\"url\":\"https:\\\/\\\/inclusivenews.com.br\\\/?author=1\"}]}<\/script>\n<!-- \/ Yoast SEO plugin. -->","yoast_head_json":{"title":"A cegonha me deixou na fam\u00edlia certa -","robots":{"index":"index","follow":"follow","max-snippet":"max-snippet:-1","max-image-preview":"max-image-preview:large","max-video-preview":"max-video-preview:-1"},"canonical":"https:\/\/inclusivenews.com.br\/?p=32889","og_locale":"pt_PT","og_type":"article","og_title":"A cegonha me deixou na fam\u00edlia certa -","og_description":"Marta Gil Diz a lenda familiar que, aos 3 anos de idade, eu me referia a ela como Senhora Dona Cegonha, com muito respeito. Meus av\u00f3s maternos, Alvarina e Augusto Esteves tiveram seis filhas. A \u00faltima, Ita\u00e9, nasceu 10 anos depois de Glaucia, em 1938. J\u00e1 na maternidade a S\u00edndrome de Down foi diagnosticada. Eles [&hellip;]","og_url":"https:\/\/inclusivenews.com.br\/?p=32889","article_publisher":"https:\/\/www.facebook.com\/agenciainclusive\/","article_published_time":"2024-03-29T21:11:58+00:00","article_modified_time":"2024-03-30T16:40:35+00:00","og_image":[{"width":860,"height":570,"url":"https:\/\/inclusivenews.com.br\/wp-content\/uploads\/2024\/03\/gabriel-ibras.jpg","type":"image\/jpeg"}],"author":"inclusivenews2024","twitter_card":"summary_large_image","twitter_misc":{"Escrito por":"inclusivenews2024","Tempo estimado de leitura":"3 minutos"},"schema":{"@context":"https:\/\/schema.org","@graph":[{"@type":"Article","@id":"https:\/\/inclusivenews.com.br\/?p=32889#article","isPartOf":{"@id":"https:\/\/inclusivenews.com.br\/?p=32889"},"author":{"name":"inclusivenews2024","@id":"https:\/\/inclusivenews.com.br\/#\/schema\/person\/ae4ec7087559b8692fb33b6fffd2273b"},"headline":"A cegonha me deixou na fam\u00edlia certa","datePublished":"2024-03-29T21:11:58+00:00","dateModified":"2024-03-30T16:40:35+00:00","mainEntityOfPage":{"@id":"https:\/\/inclusivenews.com.br\/?p=32889"},"wordCount":477,"commentCount":0,"publisher":{"@id":"https:\/\/inclusivenews.com.br\/#organization"},"image":{"@id":"https:\/\/inclusivenews.com.br\/?p=32889#primaryimage"},"thumbnailUrl":"https:\/\/inclusivenews.com.br\/wp-content\/uploads\/2024\/03\/gabriel-ibras.jpg","articleSection":["OPINI\u00c3O"],"inLanguage":"pt-PT","potentialAction":[{"@type":"CommentAction","name":"Comment","target":["https:\/\/inclusivenews.com.br\/?p=32889#respond"]}]},{"@type":"WebPage","@id":"https:\/\/inclusivenews.com.br\/?p=32889","url":"https:\/\/inclusivenews.com.br\/?p=32889","name":"A cegonha me deixou na fam\u00edlia certa -","isPartOf":{"@id":"https:\/\/inclusivenews.com.br\/#website"},"primaryImageOfPage":{"@id":"https:\/\/inclusivenews.com.br\/?p=32889#primaryimage"},"image":{"@id":"https:\/\/inclusivenews.com.br\/?p=32889#primaryimage"},"thumbnailUrl":"https:\/\/inclusivenews.com.br\/wp-content\/uploads\/2024\/03\/gabriel-ibras.jpg","datePublished":"2024-03-29T21:11:58+00:00","dateModified":"2024-03-30T16:40:35+00:00","breadcrumb":{"@id":"https:\/\/inclusivenews.com.br\/?p=32889#breadcrumb"},"inLanguage":"pt-PT","potentialAction":[{"@type":"ReadAction","target":["https:\/\/inclusivenews.com.br\/?p=32889"]}]},{"@type":"ImageObject","inLanguage":"pt-PT","@id":"https:\/\/inclusivenews.com.br\/?p=32889#primaryimage","url":"https:\/\/inclusivenews.com.br\/wp-content\/uploads\/2024\/03\/gabriel-ibras.jpg","contentUrl":"https:\/\/inclusivenews.com.br\/wp-content\/uploads\/2024\/03\/gabriel-ibras.jpg","width":860,"height":570},{"@type":"BreadcrumbList","@id":"https:\/\/inclusivenews.com.br\/?p=32889#breadcrumb","itemListElement":[{"@type":"ListItem","position":1,"name":"In\u00edcio","item":"https:\/\/inclusivenews.com.br\/"},{"@type":"ListItem","position":2,"name":"A cegonha me deixou na fam\u00edlia certa"}]},{"@type":"WebSite","@id":"https:\/\/inclusivenews.com.br\/#website","url":"https:\/\/inclusivenews.com.br\/","name":"Inclusive News","description":"Inclusive News","publisher":{"@id":"https:\/\/inclusivenews.com.br\/#organization"},"potentialAction":[{"@type":"SearchAction","target":{"@type":"EntryPoint","urlTemplate":"https:\/\/inclusivenews.com.br\/?s={search_term_string}"},"query-input":{"@type":"PropertyValueSpecification","valueRequired":true,"valueName":"search_term_string"}}],"inLanguage":"pt-PT"},{"@type":"Organization","@id":"https:\/\/inclusivenews.com.br\/#organization","name":"Inclusive - inclus\u00e3o e cidadania","url":"https:\/\/inclusivenews.com.br\/","logo":{"@type":"ImageObject","inLanguage":"pt-PT","@id":"https:\/\/inclusivenews.com.br\/#\/schema\/logo\/image\/","url":"https:\/\/inclusivenews.com.br\/wp-content\/uploads\/2024\/03\/@grandesite.png","contentUrl":"https:\/\/inclusivenews.com.br\/wp-content\/uploads\/2024\/03\/@grandesite.png","width":1080,"height":1080,"caption":"Inclusive - inclus\u00e3o e cidadania"},"image":{"@id":"https:\/\/inclusivenews.com.br\/#\/schema\/logo\/image\/"},"sameAs":["https:\/\/www.facebook.com\/agenciainclusive\/","https:\/\/www.instagram.com\/newsinclusive\/"]},{"@type":"Person","@id":"https:\/\/inclusivenews.com.br\/#\/schema\/person\/ae4ec7087559b8692fb33b6fffd2273b","name":"inclusivenews2024","image":{"@type":"ImageObject","inLanguage":"pt-PT","@id":"https:\/\/secure.gravatar.com\/avatar\/c5a7ef84c66fa914f55bc4f7ce26cfa275a3b9a1c5568b907bd184fb4dde7b40?s=96&d=mm&r=g","url":"https:\/\/secure.gravatar.com\/avatar\/c5a7ef84c66fa914f55bc4f7ce26cfa275a3b9a1c5568b907bd184fb4dde7b40?s=96&d=mm&r=g","contentUrl":"https:\/\/secure.gravatar.com\/avatar\/c5a7ef84c66fa914f55bc4f7ce26cfa275a3b9a1c5568b907bd184fb4dde7b40?s=96&d=mm&r=g","caption":"inclusivenews2024"},"sameAs":["https:\/\/inclusivenews.com.br"],"url":"https:\/\/inclusivenews.com.br\/?author=1"}]}},"_links":{"self":[{"href":"https:\/\/inclusivenews.com.br\/index.php?rest_route=\/wp\/v2\/posts\/32889","targetHints":{"allow":["GET"]}}],"collection":[{"href":"https:\/\/inclusivenews.com.br\/index.php?rest_route=\/wp\/v2\/posts"}],"about":[{"href":"https:\/\/inclusivenews.com.br\/index.php?rest_route=\/wp\/v2\/types\/post"}],"author":[{"embeddable":true,"href":"https:\/\/inclusivenews.com.br\/index.php?rest_route=\/wp\/v2\/users\/1"}],"replies":[{"embeddable":true,"href":"https:\/\/inclusivenews.com.br\/index.php?rest_route=%2Fwp%2Fv2%2Fcomments&post=32889"}],"version-history":[{"count":6,"href":"https:\/\/inclusivenews.com.br\/index.php?rest_route=\/wp\/v2\/posts\/32889\/revisions"}],"predecessor-version":[{"id":32905,"href":"https:\/\/inclusivenews.com.br\/index.php?rest_route=\/wp\/v2\/posts\/32889\/revisions\/32905"}],"wp:featuredmedia":[{"embeddable":true,"href":"https:\/\/inclusivenews.com.br\/index.php?rest_route=\/wp\/v2\/media\/32799"}],"wp:attachment":[{"href":"https:\/\/inclusivenews.com.br\/index.php?rest_route=%2Fwp%2Fv2%2Fmedia&parent=32889"}],"wp:term":[{"taxonomy":"category","embeddable":true,"href":"https:\/\/inclusivenews.com.br\/index.php?rest_route=%2Fwp%2Fv2%2Fcategories&post=32889"},{"taxonomy":"post_tag","embeddable":true,"href":"https:\/\/inclusivenews.com.br\/index.php?rest_route=%2Fwp%2Fv2%2Ftags&post=32889"}],"curies":[{"name":"wp","href":"https:\/\/api.w.org\/{rel}","templated":true}]}}