{"id":32907,"date":"2024-03-31T14:57:58","date_gmt":"2024-03-31T14:57:58","guid":{"rendered":"https:\/\/inclusivenews.com.br\/?p=32907"},"modified":"2024-03-31T15:01:11","modified_gmt":"2024-03-31T15:01:11","slug":"na-novela-elas-por-elas-capacitismo-e-crime","status":"publish","type":"post","link":"https:\/\/inclusivenews.com.br\/?p=32907","title":{"rendered":"Novela Elas por Elas: &#8220;Capacitismo \u00e9 crime!&#8221;"},"content":{"rendered":"\n<p>Patricia Almeida<\/p>\n\n\n\n<figure class=\"wp-block-image size-full\"><img loading=\"lazy\" decoding=\"async\" width=\"851\" height=\"660\" src=\"https:\/\/inclusivenews.com.br\/wp-content\/uploads\/2024\/03\/Capacitismoecrime.png\" alt=\"Homem jovem, legenda (Marcos) Ciodado! Capacitismo \u00e9 crime. Logo da Inclusive News.\" class=\"wp-image-32923\" srcset=\"https:\/\/inclusivenews.com.br\/wp-content\/uploads\/2024\/03\/Capacitismoecrime.png 851w, https:\/\/inclusivenews.com.br\/wp-content\/uploads\/2024\/03\/Capacitismoecrime-300x233.png 300w, https:\/\/inclusivenews.com.br\/wp-content\/uploads\/2024\/03\/Capacitismoecrime-768x596.png 768w\" sizes=\"auto, (max-width: 851px) 100vw, 851px\" \/><\/figure>\n\n\n\n<p>Enquanto a sister do BBB se encarrega de destilar capacitismo, a novela Elas por Elas aproveita pra educar a popula\u00e7\u00e3o.<\/p>\n\n\n\n<p>E, ao inv\u00e9s de ficar levantando bola pra quem s\u00f3 abre a boca pra dizer bobagem, n\u00f3s preferimos mostrar o que a gente gostaria de ver mais.<\/p>\n\n\n\n<p>Se eu n\u00e3o fosse noveleira tinha perdido essa. O delegado Rico (Pedro Caetano) vai \u00e0 casa da personagem malvada, Helena (Isabel Teixeira), que sequestrou o ex-marido cadeirante Jonas (Mateus Solano):<\/p>\n\n\n\n<p>Delegado Rico: &#8220;Um homen que estava temporariamente com a autonomia comprometida&#8230;&#8221;<\/p>\n\n\n\n<p>Helena: &#8220;O senhor t\u00e1 dizendo que o problema \u00e9 porque ele \u00e9 aleijado, \u00e9 isso?&#8221; <\/p>\n\n\n\n<p>O filho de Helena, Marcos (Luan Argollo), manda logo: <\/p>\n\n\n\n<p>Marcos: &#8220;Cuidado, capacitismo \u00e9 crime!&#8221;<\/p>\n\n\n\n<p>Veja a cena:<\/p>\n\n\n\n<figure class=\"wp-block-video\"><video height=\"720\" style=\"aspect-ratio: 1280 \/ 720;\" width=\"1280\" controls src=\"https:\/\/inclusivenews.com.br\/wp-content\/uploads\/2024\/03\/helena-aleixado.mp4\"><\/video><\/figure>\n\n\n\n<p>Pois \u00e9, Helena, capacitismo \u00e9 crime mesmo, e d\u00e1 cadeia, de acordo com a Lei Brasileira de Inclus\u00e3o (LBI), 13.146\/2015.<\/p>\n\n\n\n<p><strong>Art. 88.<\/strong> Praticar, induzir ou incitar discrimina\u00e7\u00e3o de pessoa em raz\u00e3o de sua&nbsp;defici\u00eancia:<\/p>\n\n\n\n<p>Pena \u2013 reclus\u00e3o, de 1 (um) a 3 (tr\u00eas) anos, e multa.<\/p>\n\n\n\n<p><strong>\u00a7 1\u00ba<\/strong> Aumenta-se a pena em 1\/3 (um ter\u00e7o) se a v\u00edtima encontrar-se sob cuidado\u00a0e responsabilidade do agente.<\/p>\n\n\n\n<p>Com isso, podemos considerar que o termo capacitismo &#8211; preconceito contra pessoas com defici\u00eancia &#8211; &#8220;pegou&#8221; na cultura popular!<\/p>\n\n\n\n<p>Recentemente a palavra capacitismo foi <a href=\"https:\/\/inclusivenews.com.br\/?p=32536\">citada pela primeira vez em nossa legisla\u00e7\u00e3o<\/a>, no Decreto do Plano Viver Sem Limite.<\/p>\n\n\n\n<p>Mas na boca de um ator jovem como Luan Argollo, tem muito mais potencial pra viralizar. D\u00e1 at\u00e9 pra virar corte, GIF&#8230; Vamos?<\/p>\n\n\n\n<figure class=\"wp-block-video\"><video height=\"1080\" style=\"aspect-ratio: 1920 \/ 1080;\" width=\"1920\" controls src=\"https:\/\/inclusivenews.com.br\/wp-content\/uploads\/2024\/03\/marcos-capacitismo.mp4\"><\/video><\/figure>\n\n\n\n<p>Parab\u00e9ns pela novela Elas Por Elas &#8211; que al\u00e9m do Jonas, tem outro personagem cadeirante &#8211; este um ator com defici\u00eancia de verdade, o Carlinhos (Luciano Mallman) e obrigada aos autores Thereza Falc\u00e3o, e Alessandro Marson, e colaboradores Let\u00edcia Mey, Wendell Bendelack, Carolina Santos, Dino Cantelli, Isabel Muniz e Lalo Homrich.<\/p>\n\n\n\n<p>Fonte: Globoplay<\/p>\n\n\n\n<p><\/p>\n","protected":false},"excerpt":{"rendered":"<p>Patricia Almeida Enquanto a sister do BBB se encarrega de destilar capacitismo, a novela Elas por Elas aproveita pra educar a popula\u00e7\u00e3o. E, ao inv\u00e9s de ficar levantando bola pra quem s\u00f3 abre a boca pra dizer bobagem, n\u00f3s preferimos mostrar o que a gente gostaria de ver mais. Se eu n\u00e3o fosse noveleira tinha [&hellip;]<\/p>\n","protected":false},"author":1,"featured_media":32923,"comment_status":"open","ping_status":"open","sticky":false,"template":"","format":"standard","meta":{"site-container-style":"default","site-container-layout":"default","site-sidebar-layout":"default","disable-article-header":"default","disable-site-header":"default","disable-site-footer":"default","disable-content-area-spacing":"default","footnotes":""},"categories":[1,76],"tags":[],"class_list":["post-32907","post","type-post","status-publish","format-standard","has-post-thumbnail","hentry","category-blog","category-midia-e-deficiencia"],"yoast_head":"<!-- This site is optimized with the Yoast SEO plugin v27.4 - https:\/\/yoast.com\/product\/yoast-seo-wordpress\/ -->\n<title>Novela Elas por Elas: &quot;Capacitismo \u00e9 crime!&quot; -<\/title>\n<meta name=\"robots\" content=\"index, follow, max-snippet:-1, max-image-preview:large, max-video-preview:-1\" \/>\n<link rel=\"canonical\" href=\"https:\/\/inclusivenews.com.br\/?p=32907\" \/>\n<meta property=\"og:locale\" content=\"pt_PT\" \/>\n<meta property=\"og:type\" content=\"article\" \/>\n<meta property=\"og:title\" content=\"Novela Elas por Elas: &quot;Capacitismo \u00e9 crime!&quot; -\" \/>\n<meta property=\"og:description\" content=\"Patricia Almeida Enquanto a sister do BBB se encarrega de destilar capacitismo, a novela Elas por Elas aproveita pra educar a popula\u00e7\u00e3o. E, ao inv\u00e9s de ficar levantando bola pra quem s\u00f3 abre a boca pra dizer bobagem, n\u00f3s preferimos mostrar o que a gente gostaria de ver mais. Se eu n\u00e3o fosse noveleira tinha [&hellip;]\" \/>\n<meta property=\"og:url\" content=\"https:\/\/inclusivenews.com.br\/?p=32907\" \/>\n<meta property=\"article:publisher\" content=\"https:\/\/www.facebook.com\/agenciainclusive\/\" \/>\n<meta property=\"article:published_time\" content=\"2024-03-31T14:57:58+00:00\" \/>\n<meta property=\"article:modified_time\" content=\"2024-03-31T15:01:11+00:00\" \/>\n<meta property=\"og:image\" content=\"https:\/\/inclusivenews.com.br\/wp-content\/uploads\/2024\/03\/Capacitismoecrime.png\" \/>\n\t<meta property=\"og:image:width\" content=\"851\" \/>\n\t<meta property=\"og:image:height\" content=\"660\" \/>\n\t<meta property=\"og:image:type\" content=\"image\/png\" \/>\n<meta name=\"author\" content=\"inclusivenews2024\" \/>\n<meta name=\"twitter:card\" content=\"summary_large_image\" \/>\n<meta name=\"twitter:label1\" content=\"Escrito por\" \/>\n\t<meta name=\"twitter:data1\" content=\"inclusivenews2024\" \/>\n\t<meta name=\"twitter:label2\" content=\"Tempo estimado de leitura\" \/>\n\t<meta name=\"twitter:data2\" content=\"3 minutos\" \/>\n<script type=\"application\/ld+json\" class=\"yoast-schema-graph\">{\"@context\":\"https:\\\/\\\/schema.org\",\"@graph\":[{\"@type\":\"Article\",\"@id\":\"https:\\\/\\\/inclusivenews.com.br\\\/?p=32907#article\",\"isPartOf\":{\"@id\":\"https:\\\/\\\/inclusivenews.com.br\\\/?p=32907\"},\"author\":{\"name\":\"inclusivenews2024\",\"@id\":\"https:\\\/\\\/inclusivenews.com.br\\\/#\\\/schema\\\/person\\\/ae4ec7087559b8692fb33b6fffd2273b\"},\"headline\":\"Novela Elas por Elas: &#8220;Capacitismo \u00e9 crime!&#8221;\",\"datePublished\":\"2024-03-31T14:57:58+00:00\",\"dateModified\":\"2024-03-31T15:01:11+00:00\",\"mainEntityOfPage\":{\"@id\":\"https:\\\/\\\/inclusivenews.com.br\\\/?p=32907\"},\"wordCount\":312,\"commentCount\":0,\"publisher\":{\"@id\":\"https:\\\/\\\/inclusivenews.com.br\\\/#organization\"},\"image\":{\"@id\":\"https:\\\/\\\/inclusivenews.com.br\\\/?p=32907#primaryimage\"},\"thumbnailUrl\":\"https:\\\/\\\/inclusivenews.com.br\\\/wp-content\\\/uploads\\\/2024\\\/03\\\/Capacitismoecrime.png\",\"articleSection\":[\"Blog\",\"M\u00eddia e Defici\u00eancia\"],\"inLanguage\":\"pt-PT\",\"potentialAction\":[{\"@type\":\"CommentAction\",\"name\":\"Comment\",\"target\":[\"https:\\\/\\\/inclusivenews.com.br\\\/?p=32907#respond\"]}]},{\"@type\":\"WebPage\",\"@id\":\"https:\\\/\\\/inclusivenews.com.br\\\/?p=32907\",\"url\":\"https:\\\/\\\/inclusivenews.com.br\\\/?p=32907\",\"name\":\"Novela Elas por Elas: \\\"Capacitismo \u00e9 crime!\\\" -\",\"isPartOf\":{\"@id\":\"https:\\\/\\\/inclusivenews.com.br\\\/#website\"},\"primaryImageOfPage\":{\"@id\":\"https:\\\/\\\/inclusivenews.com.br\\\/?p=32907#primaryimage\"},\"image\":{\"@id\":\"https:\\\/\\\/inclusivenews.com.br\\\/?p=32907#primaryimage\"},\"thumbnailUrl\":\"https:\\\/\\\/inclusivenews.com.br\\\/wp-content\\\/uploads\\\/2024\\\/03\\\/Capacitismoecrime.png\",\"datePublished\":\"2024-03-31T14:57:58+00:00\",\"dateModified\":\"2024-03-31T15:01:11+00:00\",\"breadcrumb\":{\"@id\":\"https:\\\/\\\/inclusivenews.com.br\\\/?p=32907#breadcrumb\"},\"inLanguage\":\"pt-PT\",\"potentialAction\":[{\"@type\":\"ReadAction\",\"target\":[\"https:\\\/\\\/inclusivenews.com.br\\\/?p=32907\"]}]},{\"@type\":\"ImageObject\",\"inLanguage\":\"pt-PT\",\"@id\":\"https:\\\/\\\/inclusivenews.com.br\\\/?p=32907#primaryimage\",\"url\":\"https:\\\/\\\/inclusivenews.com.br\\\/wp-content\\\/uploads\\\/2024\\\/03\\\/Capacitismoecrime.png\",\"contentUrl\":\"https:\\\/\\\/inclusivenews.com.br\\\/wp-content\\\/uploads\\\/2024\\\/03\\\/Capacitismoecrime.png\",\"width\":851,\"height\":660},{\"@type\":\"BreadcrumbList\",\"@id\":\"https:\\\/\\\/inclusivenews.com.br\\\/?p=32907#breadcrumb\",\"itemListElement\":[{\"@type\":\"ListItem\",\"position\":1,\"name\":\"In\u00edcio\",\"item\":\"https:\\\/\\\/inclusivenews.com.br\\\/\"},{\"@type\":\"ListItem\",\"position\":2,\"name\":\"Novela Elas por Elas: &#8220;Capacitismo \u00e9 crime!&#8221;\"}]},{\"@type\":\"WebSite\",\"@id\":\"https:\\\/\\\/inclusivenews.com.br\\\/#website\",\"url\":\"https:\\\/\\\/inclusivenews.com.br\\\/\",\"name\":\"Inclusive News\",\"description\":\"Inclusive News\",\"publisher\":{\"@id\":\"https:\\\/\\\/inclusivenews.com.br\\\/#organization\"},\"potentialAction\":[{\"@type\":\"SearchAction\",\"target\":{\"@type\":\"EntryPoint\",\"urlTemplate\":\"https:\\\/\\\/inclusivenews.com.br\\\/?s={search_term_string}\"},\"query-input\":{\"@type\":\"PropertyValueSpecification\",\"valueRequired\":true,\"valueName\":\"search_term_string\"}}],\"inLanguage\":\"pt-PT\"},{\"@type\":\"Organization\",\"@id\":\"https:\\\/\\\/inclusivenews.com.br\\\/#organization\",\"name\":\"Inclusive - inclus\u00e3o e cidadania\",\"url\":\"https:\\\/\\\/inclusivenews.com.br\\\/\",\"logo\":{\"@type\":\"ImageObject\",\"inLanguage\":\"pt-PT\",\"@id\":\"https:\\\/\\\/inclusivenews.com.br\\\/#\\\/schema\\\/logo\\\/image\\\/\",\"url\":\"https:\\\/\\\/inclusivenews.com.br\\\/wp-content\\\/uploads\\\/2024\\\/03\\\/@grandesite.png\",\"contentUrl\":\"https:\\\/\\\/inclusivenews.com.br\\\/wp-content\\\/uploads\\\/2024\\\/03\\\/@grandesite.png\",\"width\":1080,\"height\":1080,\"caption\":\"Inclusive - inclus\u00e3o e cidadania\"},\"image\":{\"@id\":\"https:\\\/\\\/inclusivenews.com.br\\\/#\\\/schema\\\/logo\\\/image\\\/\"},\"sameAs\":[\"https:\\\/\\\/www.facebook.com\\\/agenciainclusive\\\/\",\"https:\\\/\\\/www.instagram.com\\\/newsinclusive\\\/\"]},{\"@type\":\"Person\",\"@id\":\"https:\\\/\\\/inclusivenews.com.br\\\/#\\\/schema\\\/person\\\/ae4ec7087559b8692fb33b6fffd2273b\",\"name\":\"inclusivenews2024\",\"image\":{\"@type\":\"ImageObject\",\"inLanguage\":\"pt-PT\",\"@id\":\"https:\\\/\\\/secure.gravatar.com\\\/avatar\\\/c5a7ef84c66fa914f55bc4f7ce26cfa275a3b9a1c5568b907bd184fb4dde7b40?s=96&d=mm&r=g\",\"url\":\"https:\\\/\\\/secure.gravatar.com\\\/avatar\\\/c5a7ef84c66fa914f55bc4f7ce26cfa275a3b9a1c5568b907bd184fb4dde7b40?s=96&d=mm&r=g\",\"contentUrl\":\"https:\\\/\\\/secure.gravatar.com\\\/avatar\\\/c5a7ef84c66fa914f55bc4f7ce26cfa275a3b9a1c5568b907bd184fb4dde7b40?s=96&d=mm&r=g\",\"caption\":\"inclusivenews2024\"},\"sameAs\":[\"https:\\\/\\\/inclusivenews.com.br\"],\"url\":\"https:\\\/\\\/inclusivenews.com.br\\\/?author=1\"}]}<\/script>\n<!-- \/ Yoast SEO plugin. -->","yoast_head_json":{"title":"Novela Elas por Elas: \"Capacitismo \u00e9 crime!\" -","robots":{"index":"index","follow":"follow","max-snippet":"max-snippet:-1","max-image-preview":"max-image-preview:large","max-video-preview":"max-video-preview:-1"},"canonical":"https:\/\/inclusivenews.com.br\/?p=32907","og_locale":"pt_PT","og_type":"article","og_title":"Novela Elas por Elas: \"Capacitismo \u00e9 crime!\" -","og_description":"Patricia Almeida Enquanto a sister do BBB se encarrega de destilar capacitismo, a novela Elas por Elas aproveita pra educar a popula\u00e7\u00e3o. E, ao inv\u00e9s de ficar levantando bola pra quem s\u00f3 abre a boca pra dizer bobagem, n\u00f3s preferimos mostrar o que a gente gostaria de ver mais. Se eu n\u00e3o fosse noveleira tinha [&hellip;]","og_url":"https:\/\/inclusivenews.com.br\/?p=32907","article_publisher":"https:\/\/www.facebook.com\/agenciainclusive\/","article_published_time":"2024-03-31T14:57:58+00:00","article_modified_time":"2024-03-31T15:01:11+00:00","og_image":[{"width":851,"height":660,"url":"https:\/\/inclusivenews.com.br\/wp-content\/uploads\/2024\/03\/Capacitismoecrime.png","type":"image\/png"}],"author":"inclusivenews2024","twitter_card":"summary_large_image","twitter_misc":{"Escrito por":"inclusivenews2024","Tempo estimado de leitura":"3 minutos"},"schema":{"@context":"https:\/\/schema.org","@graph":[{"@type":"Article","@id":"https:\/\/inclusivenews.com.br\/?p=32907#article","isPartOf":{"@id":"https:\/\/inclusivenews.com.br\/?p=32907"},"author":{"name":"inclusivenews2024","@id":"https:\/\/inclusivenews.com.br\/#\/schema\/person\/ae4ec7087559b8692fb33b6fffd2273b"},"headline":"Novela Elas por Elas: &#8220;Capacitismo \u00e9 crime!&#8221;","datePublished":"2024-03-31T14:57:58+00:00","dateModified":"2024-03-31T15:01:11+00:00","mainEntityOfPage":{"@id":"https:\/\/inclusivenews.com.br\/?p=32907"},"wordCount":312,"commentCount":0,"publisher":{"@id":"https:\/\/inclusivenews.com.br\/#organization"},"image":{"@id":"https:\/\/inclusivenews.com.br\/?p=32907#primaryimage"},"thumbnailUrl":"https:\/\/inclusivenews.com.br\/wp-content\/uploads\/2024\/03\/Capacitismoecrime.png","articleSection":["Blog","M\u00eddia e Defici\u00eancia"],"inLanguage":"pt-PT","potentialAction":[{"@type":"CommentAction","name":"Comment","target":["https:\/\/inclusivenews.com.br\/?p=32907#respond"]}]},{"@type":"WebPage","@id":"https:\/\/inclusivenews.com.br\/?p=32907","url":"https:\/\/inclusivenews.com.br\/?p=32907","name":"Novela Elas por Elas: \"Capacitismo \u00e9 crime!\" -","isPartOf":{"@id":"https:\/\/inclusivenews.com.br\/#website"},"primaryImageOfPage":{"@id":"https:\/\/inclusivenews.com.br\/?p=32907#primaryimage"},"image":{"@id":"https:\/\/inclusivenews.com.br\/?p=32907#primaryimage"},"thumbnailUrl":"https:\/\/inclusivenews.com.br\/wp-content\/uploads\/2024\/03\/Capacitismoecrime.png","datePublished":"2024-03-31T14:57:58+00:00","dateModified":"2024-03-31T15:01:11+00:00","breadcrumb":{"@id":"https:\/\/inclusivenews.com.br\/?p=32907#breadcrumb"},"inLanguage":"pt-PT","potentialAction":[{"@type":"ReadAction","target":["https:\/\/inclusivenews.com.br\/?p=32907"]}]},{"@type":"ImageObject","inLanguage":"pt-PT","@id":"https:\/\/inclusivenews.com.br\/?p=32907#primaryimage","url":"https:\/\/inclusivenews.com.br\/wp-content\/uploads\/2024\/03\/Capacitismoecrime.png","contentUrl":"https:\/\/inclusivenews.com.br\/wp-content\/uploads\/2024\/03\/Capacitismoecrime.png","width":851,"height":660},{"@type":"BreadcrumbList","@id":"https:\/\/inclusivenews.com.br\/?p=32907#breadcrumb","itemListElement":[{"@type":"ListItem","position":1,"name":"In\u00edcio","item":"https:\/\/inclusivenews.com.br\/"},{"@type":"ListItem","position":2,"name":"Novela Elas por Elas: &#8220;Capacitismo \u00e9 crime!&#8221;"}]},{"@type":"WebSite","@id":"https:\/\/inclusivenews.com.br\/#website","url":"https:\/\/inclusivenews.com.br\/","name":"Inclusive News","description":"Inclusive News","publisher":{"@id":"https:\/\/inclusivenews.com.br\/#organization"},"potentialAction":[{"@type":"SearchAction","target":{"@type":"EntryPoint","urlTemplate":"https:\/\/inclusivenews.com.br\/?s={search_term_string}"},"query-input":{"@type":"PropertyValueSpecification","valueRequired":true,"valueName":"search_term_string"}}],"inLanguage":"pt-PT"},{"@type":"Organization","@id":"https:\/\/inclusivenews.com.br\/#organization","name":"Inclusive - inclus\u00e3o e cidadania","url":"https:\/\/inclusivenews.com.br\/","logo":{"@type":"ImageObject","inLanguage":"pt-PT","@id":"https:\/\/inclusivenews.com.br\/#\/schema\/logo\/image\/","url":"https:\/\/inclusivenews.com.br\/wp-content\/uploads\/2024\/03\/@grandesite.png","contentUrl":"https:\/\/inclusivenews.com.br\/wp-content\/uploads\/2024\/03\/@grandesite.png","width":1080,"height":1080,"caption":"Inclusive - inclus\u00e3o e cidadania"},"image":{"@id":"https:\/\/inclusivenews.com.br\/#\/schema\/logo\/image\/"},"sameAs":["https:\/\/www.facebook.com\/agenciainclusive\/","https:\/\/www.instagram.com\/newsinclusive\/"]},{"@type":"Person","@id":"https:\/\/inclusivenews.com.br\/#\/schema\/person\/ae4ec7087559b8692fb33b6fffd2273b","name":"inclusivenews2024","image":{"@type":"ImageObject","inLanguage":"pt-PT","@id":"https:\/\/secure.gravatar.com\/avatar\/c5a7ef84c66fa914f55bc4f7ce26cfa275a3b9a1c5568b907bd184fb4dde7b40?s=96&d=mm&r=g","url":"https:\/\/secure.gravatar.com\/avatar\/c5a7ef84c66fa914f55bc4f7ce26cfa275a3b9a1c5568b907bd184fb4dde7b40?s=96&d=mm&r=g","contentUrl":"https:\/\/secure.gravatar.com\/avatar\/c5a7ef84c66fa914f55bc4f7ce26cfa275a3b9a1c5568b907bd184fb4dde7b40?s=96&d=mm&r=g","caption":"inclusivenews2024"},"sameAs":["https:\/\/inclusivenews.com.br"],"url":"https:\/\/inclusivenews.com.br\/?author=1"}]}},"_links":{"self":[{"href":"https:\/\/inclusivenews.com.br\/index.php?rest_route=\/wp\/v2\/posts\/32907","targetHints":{"allow":["GET"]}}],"collection":[{"href":"https:\/\/inclusivenews.com.br\/index.php?rest_route=\/wp\/v2\/posts"}],"about":[{"href":"https:\/\/inclusivenews.com.br\/index.php?rest_route=\/wp\/v2\/types\/post"}],"author":[{"embeddable":true,"href":"https:\/\/inclusivenews.com.br\/index.php?rest_route=\/wp\/v2\/users\/1"}],"replies":[{"embeddable":true,"href":"https:\/\/inclusivenews.com.br\/index.php?rest_route=%2Fwp%2Fv2%2Fcomments&post=32907"}],"version-history":[{"count":7,"href":"https:\/\/inclusivenews.com.br\/index.php?rest_route=\/wp\/v2\/posts\/32907\/revisions"}],"predecessor-version":[{"id":32929,"href":"https:\/\/inclusivenews.com.br\/index.php?rest_route=\/wp\/v2\/posts\/32907\/revisions\/32929"}],"wp:featuredmedia":[{"embeddable":true,"href":"https:\/\/inclusivenews.com.br\/index.php?rest_route=\/wp\/v2\/media\/32923"}],"wp:attachment":[{"href":"https:\/\/inclusivenews.com.br\/index.php?rest_route=%2Fwp%2Fv2%2Fmedia&parent=32907"}],"wp:term":[{"taxonomy":"category","embeddable":true,"href":"https:\/\/inclusivenews.com.br\/index.php?rest_route=%2Fwp%2Fv2%2Fcategories&post=32907"},{"taxonomy":"post_tag","embeddable":true,"href":"https:\/\/inclusivenews.com.br\/index.php?rest_route=%2Fwp%2Fv2%2Ftags&post=32907"}],"curies":[{"name":"wp","href":"https:\/\/api.w.org\/{rel}","templated":true}]}}