{"id":32932,"date":"2024-04-01T23:48:42","date_gmt":"2024-04-01T23:48:42","guid":{"rendered":"https:\/\/inclusivenews.com.br\/?p=32932"},"modified":"2024-04-01T23:56:55","modified_gmt":"2024-04-01T23:56:55","slug":"32932","status":"publish","type":"post","link":"https:\/\/inclusivenews.com.br\/?p=32932","title":{"rendered":"Projeto desenvolve desenhos para ilustrar sintomas da dengue para PcDs no Rio"},"content":{"rendered":"\n<p>A iniciativa \u00e9 fruto de uma parceria entre a FioCruz, a SMPD e a SMS do Rio de Janeiro<\/p>\n\n\n\n<p>29 de mar\u00e7o de 2024<\/p>\n\n\n\n<p><strong>Por Gabriel Gomes*<\/strong><\/p>\n\n\n\n<p>A Universaliza\u00e7\u00e3o, com a sa\u00fade sendo um direito de cidadania de todas as pessoas, \u00e9 um dos princ\u00edpios do Sistema \u00danico de Sa\u00fade (<a href=\"https:\/\/r.search.yahoo.com\/_ylt=AwrFedQDiwFmjxw_WpHz6Qt.;_ylu=Y29sbwNiZjEEcG9zAzEEdnRpZAMEc2VjA3Ny\/RV=2\/RE=1711405955\/RO=10\/RU=https%3a%2f%2fwww.gov.br%2fsaude%2fpt-br%2fassuntos%2fsaude-de-a-a-z%2fs%2fsus\/RK=2\/RS=_6wBi7J2Yp0ASTdHDqohlSSmDBc-\" target=\"_blank\" rel=\"noreferrer noopener\">SUS<\/a>). Por\u00e9m, muitas pessoas, como as pessoas com defici\u00eancia (PcDs), ainda enfrentam dificuldades de diferentes tipos para garantir o direito.<\/p>\n\n\n\n<p>Uma das principais barreiras para muitas pessoas com defici\u00eancia \u00e9 a dificuldade de se comunicar na hora que precisa de um atendimento ou interpretar uma informa\u00e7\u00e3o sobre a sa\u00fade.<\/p>\n\n\n\n<p>Justamente pensando nisso, no momento em que muitos estados do Brasil vivem uma epidemia de <a href=\"https:\/\/iclnoticias.com.br\/dengue-podera-estar-controlada-em-uma-decada\/\" target=\"_blank\" rel=\"noreferrer noopener\">dengue<\/a>, um projeto desenvolve quadros de desenhos que ilustram os sintomas da doen\u00e7a, como dor, febre e v\u00f4mito para pacientes da Unidade B\u00e1sica Zilda Arns, no Complexo do Alem\u00e3o, na zona norte do Rio de Janeiro.<\/p>\n\n\n\n<p>A iniciativa, chamada de \u201cO uso de Comunica\u00e7\u00e3o Aumentativa e Alternativa em servi\u00e7os de Sa\u00fade\u201d, \u00e9 fruto de uma parceria entre a Escola Nacional de Sa\u00fade P\u00fablica S\u00e9rgio Arouca, da FioCruz, e as secretarias municipais da Pessoa com Defici\u00eancia (SMPD) e da Sa\u00fade (SMS) do Rio de Janeiro.<\/p>\n\n\n\n<figure class=\"wp-block-image aligncenter\"><img decoding=\"async\" src=\"https:\/\/icln.b-cdn.net\/wp-content\/uploads\/2024\/03\/WhatsApp-Image-2024-03-25-at-11.27.53-1.jpeg\" alt=\"\" class=\"wp-image-13653\" title=\"Dengue\"\/><\/figure>\n\n\n\n<h2 class=\"wp-block-heading\">Projeto<\/h2>\n\n\n\n<p>O projeto para facilitar a comunica\u00e7\u00e3o de pessoas com defici\u00eancia nos atendimentos em sa\u00fade iniciou em 2021, quando o Brasil vivia a pandemia de COVID-19. \u201cAs informa\u00e7\u00f5es eram t\u00e3o complexas que poucas pessoas teriam a oportunidade de entender, independente se eram pessoas com defici\u00eancia ou n\u00e3o\u2026 Entendemos a necessidade de produzir uma maneira de comunica\u00e7\u00e3o que atendesse a todas as pessoas\u201d, explica a subsecret\u00e1ria da Pessoa com Defici\u00eancia do Rio, Flavia Cortinovis.<\/p>\n\n\n\n<blockquote class=\"wp-block-quote is-layout-flow wp-block-quote-is-layout-flow\">\n<p>\u201cComo voc\u00ea vai fazer, educar e ajudar na preven\u00e7\u00e3o se voc\u00ea nem se comunica com a pessoa?\u201d, questiona a pesquisadora da FioCruz La\u00eds Silveira Costa, respons\u00e1vel pelo projeto.<\/p>\n<\/blockquote>\n\n\n\n<figure class=\"wp-block-image aligncenter\"><img decoding=\"async\" src=\"https:\/\/icln.b-cdn.net\/wp-content\/uploads\/2024\/03\/WhatsApp-Image-2024-03-22-at-06.40.08-1.jpeg\" alt=\"\" class=\"wp-image-13656\" title=\"Dengue\"\/><\/figure>\n\n\n\n<p>Na \u00e9poca, a SMPD, em parceria com a FioCruz, come\u00e7ou a desenvolver as chamadas \u201cpranchas\u201d, que s\u00e3o folhas A3 ou A4 com desenhos, em comunica\u00e7\u00e3o alternativa, com todas as informa\u00e7\u00f5es e processos sobre a doen\u00e7a (Antes, a Covid e agora, a dengue). Tamb\u00e9m foram feitas cartilhas com informa\u00e7\u00f5es sobre a vacina\u00e7\u00e3o.<\/p>\n\n\n\n<p>A ideia das \u201cpranchas\u201d \u00e9 baseada na Comunica\u00e7\u00e3o Aumentativa e Alternativa, direito assegurado pela Lei Brasileira de Inclus\u00e3o (Lei 13.146\/2015). Esse conceito busca assegurar a amplia\u00e7\u00e3o das habilidades de comunica\u00e7\u00e3o de pessoas com dificuldades no desenvolvimento e uso da linguagem.<\/p>\n\n\n\n<p>O resultado e a experi\u00eancia obtidos durante a pandemia de Covid-19 incentivaram o desenvolvimento e continuidade do projeto na epidemia de dengue. \u201cComo aprendizado da Covid, a gente j\u00e1 conseguiu ter uma resposta infinitamente mais r\u00e1pida para a dengue porque quando a gente tem uma velocidade que ao mesmo tempo que eu coloco uma informa\u00e7\u00e3o na m\u00eddia sobre a precau\u00e7\u00e3o, eu fa\u00e7o em linguagem acess\u00edvel\u201d, explica Flavia Cortinovis.<\/p>\n\n\n\n<h2 class=\"wp-block-heading\">Dengue<\/h2>\n\n\n\n<p>A cidade do Rio de Janeiro, at\u00e9 o final da \u00faltima semana, registrou 73 mil casos prov\u00e1veis de dengue e cinco mortes pela doen\u00e7a neste ano. Diante do quadro, o prefeito Eduardo Paes (PSD) classificou a situa\u00e7\u00e3o como uma epidemia.<\/p>\n\n\n\n<p>Com alto n\u00famero de casos, o projeto das pranchas de comunica\u00e7\u00e3o alternativa est\u00e3o tendo, na epidemia de dengue, resultados al\u00e9m do p\u00fablico-alvo: as pessoas com defici\u00eancia. O projeto, no momento de divulga\u00e7\u00e3o de diferentes informa\u00e7\u00f5es sobre a doen\u00e7a, tem impactado boa parte dos cidad\u00e3os que procuram a Unidade B\u00e1sica Zilda Arns.<\/p>\n\n\n\n<p><\/p>\n\n\n\n<p id=\"caption-attachment-13658\"><em>M\u00e3es de crian\u00e7as e adolescentes com defici\u00eancia na escola Francisco de Castro \u2014 Maracan\u00e3<\/em><\/p>\n\n\n\n<blockquote class=\"wp-block-quote is-layout-flow wp-block-quote-is-layout-flow\">\n<p>\u201cEm um momento cr\u00edtico como esse de uma epidemia, uma iniciativa r\u00e1pida que permite a comunica\u00e7\u00e3o n\u00e3o s\u00f3 das pessoas que enfrentam barreiras complexas na comunica\u00e7\u00e3o, mas todo cidad\u00e3o que est\u00e1 na Unidade b\u00e1sica, \u00e9 um benef\u00edcio para toda a popula\u00e7\u00e3o\u201d, afirma a pesquisadora La\u00eds.<\/p>\n\n\n\n<p>\u201cIsso \u00e9 muito bacana porque quando voc\u00ea busca solu\u00e7\u00f5es para pessoas que enfrentam barreiras maiores, acaba-se gerando solu\u00e7\u00f5es que acolhem todas as pessoas\u201d, completa Fl\u00e1via.<\/p>\n<\/blockquote>\n\n\n\n<h2 class=\"wp-block-heading\">Complexo do Alem\u00e3o<\/h2>\n\n\n\n<p><\/p>\n\n\n\n<p id=\"caption-attachment-13654\"><em>Unidade B\u00e1sica Zilda Arns, no Complexo do Alem\u00e3o. Foto: Voz das Comunidades<\/em><\/p>\n\n\n\n<p>A Unidade B\u00e1sica Zilda Arns, onde o projeto das pranchas est\u00e1 sendo inicialmente desenvolvido, est\u00e1 localizada na Estrada do Itarar\u00e9, uma das principais vias de acesso ao Complexo do Alem\u00e3o. A escolha do lugar, em uma comunidade carente, n\u00e3o foi \u00e0 toa.<\/p>\n\n\n\n<blockquote class=\"wp-block-quote is-layout-flow wp-block-quote-is-layout-flow\">\n<p>\u201cO Complexo \u00e9 um pouco do retrato de tantos outros brasileiros. Esse local representa tantas outras localidades com caracter\u00edsticas muito parecidas\u201d, disse a subsecret\u00e1ria Flavia Cortinovis.<\/p>\n\n\n\n<p>\u201cA gente precisa ter mais pr\u00e1ticas, mais gente envolvida, mais pessoas conhecendo que \u00e9 poss\u00edvel a gente fazer dessa maneira e n\u00e3o deixar ningu\u00e9m para tr\u00e1s. Ali\u00e1s, n\u00e3o deixar ningu\u00e9m para tr\u00e1s \u00e9 o lema da Agenda 2030 da ONU e em 2024, a gente ainda est\u00e1 se esfor\u00e7ando para n\u00e3o deixar ningu\u00e9m para tr\u00e1s. Assim, d\u00e1 para entender o porqu\u00ea da realiza\u00e7\u00e3o do projeto no Complexo do Alem\u00e3o\u201d, completa.<\/p>\n<\/blockquote>\n\n\n\n<p><strong>PROJETO DE LEI<\/strong><strong> N\u00ba <\/strong><strong>2973\/2024<\/strong><\/p>\n\n\n\n<ul class=\"wp-block-list\">\n<li><\/li>\n<\/ul>\n\n\n\n<p><a href=\"https:\/\/mail.camara.rj.gov.br\/APL\/Legislativos\/scpro2124.nsf\/be427c4dca9c884e0325863200569357\/0e334a675fbfb6f103258ae500779292?OpenDocument\">https:\/\/mail.camara.rj.gov.br\/APL\/Legislativos\/scpro2124.nsf\/be427c4dca9c884e0325863200569357\/0e334a675fbfb6f103258ae500779292?OpenDocument<\/a><\/p>\n\n\n\n<p><\/p>\n\n\n\n<p>Fonte: <a href=\"https:\/\/iclnoticias.com.br\/projeto-dengue-rj\/\" target=\"_blank\" rel=\"noreferrer noopener\">https:\/\/iclnoticias.com.br\/projeto-dengue-rj\/<\/a><\/p>\n","protected":false},"excerpt":{"rendered":"<p>A iniciativa \u00e9 fruto de uma parceria entre a FioCruz, a SMPD e a SMS do Rio de Janeiro 29 de mar\u00e7o de 2024 Por Gabriel Gomes* A Universaliza\u00e7\u00e3o, com a sa\u00fade sendo um direito de cidadania de todas as pessoas, \u00e9 um dos princ\u00edpios do Sistema \u00danico de Sa\u00fade (SUS). Por\u00e9m, muitas pessoas, como [&hellip;]<\/p>\n","protected":false},"author":1,"featured_media":32937,"comment_status":"open","ping_status":"open","sticky":false,"template":"","format":"standard","meta":{"site-container-style":"default","site-container-layout":"default","site-sidebar-layout":"default","disable-article-header":"default","disable-site-header":"default","disable-site-footer":"default","disable-content-area-spacing":"default","footnotes":""},"categories":[44,1,37],"tags":[],"class_list":["post-32932","post","type-post","status-publish","format-standard","has-post-thumbnail","hentry","category-acessibilidade","category-blog","category-saude"],"yoast_head":"<!-- This site is optimized with the Yoast SEO plugin v27.4 - https:\/\/yoast.com\/product\/yoast-seo-wordpress\/ -->\n<title>Projeto desenvolve desenhos para ilustrar sintomas da dengue para PcDs no Rio -<\/title>\n<meta name=\"robots\" content=\"index, follow, max-snippet:-1, max-image-preview:large, max-video-preview:-1\" \/>\n<link rel=\"canonical\" href=\"https:\/\/inclusivenews.com.br\/?p=32932\" \/>\n<meta property=\"og:locale\" content=\"pt_PT\" \/>\n<meta property=\"og:type\" content=\"article\" \/>\n<meta property=\"og:title\" content=\"Projeto desenvolve desenhos para ilustrar sintomas da dengue para PcDs no Rio -\" \/>\n<meta property=\"og:description\" content=\"A iniciativa \u00e9 fruto de uma parceria entre a FioCruz, a SMPD e a SMS do Rio de Janeiro 29 de mar\u00e7o de 2024 Por Gabriel Gomes* A Universaliza\u00e7\u00e3o, com a sa\u00fade sendo um direito de cidadania de todas as pessoas, \u00e9 um dos princ\u00edpios do Sistema \u00danico de Sa\u00fade (SUS). Por\u00e9m, muitas pessoas, como [&hellip;]\" \/>\n<meta property=\"og:url\" content=\"https:\/\/inclusivenews.com.br\/?p=32932\" \/>\n<meta property=\"article:publisher\" content=\"https:\/\/www.facebook.com\/agenciainclusive\/\" \/>\n<meta property=\"article:published_time\" content=\"2024-04-01T23:48:42+00:00\" \/>\n<meta property=\"article:modified_time\" content=\"2024-04-01T23:56:55+00:00\" \/>\n<meta property=\"og:image\" content=\"https:\/\/inclusivenews.com.br\/wp-content\/uploads\/2024\/04\/prancha2.jpg\" \/>\n\t<meta property=\"og:image:width\" content=\"1107\" \/>\n\t<meta property=\"og:image:height\" content=\"1476\" \/>\n\t<meta property=\"og:image:type\" content=\"image\/jpeg\" \/>\n<meta name=\"author\" content=\"inclusivenews2024\" \/>\n<meta name=\"twitter:card\" content=\"summary_large_image\" \/>\n<meta name=\"twitter:label1\" content=\"Escrito por\" \/>\n\t<meta name=\"twitter:data1\" content=\"inclusivenews2024\" \/>\n\t<meta name=\"twitter:label2\" content=\"Tempo estimado de leitura\" \/>\n\t<meta name=\"twitter:data2\" content=\"4 minutos\" \/>\n<script type=\"application\/ld+json\" class=\"yoast-schema-graph\">{\"@context\":\"https:\\\/\\\/schema.org\",\"@graph\":[{\"@type\":\"Article\",\"@id\":\"https:\\\/\\\/inclusivenews.com.br\\\/?p=32932#article\",\"isPartOf\":{\"@id\":\"https:\\\/\\\/inclusivenews.com.br\\\/?p=32932\"},\"author\":{\"name\":\"inclusivenews2024\",\"@id\":\"https:\\\/\\\/inclusivenews.com.br\\\/#\\\/schema\\\/person\\\/ae4ec7087559b8692fb33b6fffd2273b\"},\"headline\":\"Projeto desenvolve desenhos para ilustrar sintomas da dengue para PcDs no Rio\",\"datePublished\":\"2024-04-01T23:48:42+00:00\",\"dateModified\":\"2024-04-01T23:56:55+00:00\",\"mainEntityOfPage\":{\"@id\":\"https:\\\/\\\/inclusivenews.com.br\\\/?p=32932\"},\"wordCount\":918,\"commentCount\":0,\"publisher\":{\"@id\":\"https:\\\/\\\/inclusivenews.com.br\\\/#organization\"},\"image\":{\"@id\":\"https:\\\/\\\/inclusivenews.com.br\\\/?p=32932#primaryimage\"},\"thumbnailUrl\":\"https:\\\/\\\/inclusivenews.com.br\\\/wp-content\\\/uploads\\\/2024\\\/04\\\/prancha2.jpg\",\"articleSection\":[\"ACESSIBILIDADE\",\"Blog\",\"Sa\u00fade\"],\"inLanguage\":\"pt-PT\",\"potentialAction\":[{\"@type\":\"CommentAction\",\"name\":\"Comment\",\"target\":[\"https:\\\/\\\/inclusivenews.com.br\\\/?p=32932#respond\"]}]},{\"@type\":\"WebPage\",\"@id\":\"https:\\\/\\\/inclusivenews.com.br\\\/?p=32932\",\"url\":\"https:\\\/\\\/inclusivenews.com.br\\\/?p=32932\",\"name\":\"Projeto desenvolve desenhos para ilustrar sintomas da dengue para PcDs no Rio -\",\"isPartOf\":{\"@id\":\"https:\\\/\\\/inclusivenews.com.br\\\/#website\"},\"primaryImageOfPage\":{\"@id\":\"https:\\\/\\\/inclusivenews.com.br\\\/?p=32932#primaryimage\"},\"image\":{\"@id\":\"https:\\\/\\\/inclusivenews.com.br\\\/?p=32932#primaryimage\"},\"thumbnailUrl\":\"https:\\\/\\\/inclusivenews.com.br\\\/wp-content\\\/uploads\\\/2024\\\/04\\\/prancha2.jpg\",\"datePublished\":\"2024-04-01T23:48:42+00:00\",\"dateModified\":\"2024-04-01T23:56:55+00:00\",\"breadcrumb\":{\"@id\":\"https:\\\/\\\/inclusivenews.com.br\\\/?p=32932#breadcrumb\"},\"inLanguage\":\"pt-PT\",\"potentialAction\":[{\"@type\":\"ReadAction\",\"target\":[\"https:\\\/\\\/inclusivenews.com.br\\\/?p=32932\"]}]},{\"@type\":\"ImageObject\",\"inLanguage\":\"pt-PT\",\"@id\":\"https:\\\/\\\/inclusivenews.com.br\\\/?p=32932#primaryimage\",\"url\":\"https:\\\/\\\/inclusivenews.com.br\\\/wp-content\\\/uploads\\\/2024\\\/04\\\/prancha2.jpg\",\"contentUrl\":\"https:\\\/\\\/inclusivenews.com.br\\\/wp-content\\\/uploads\\\/2024\\\/04\\\/prancha2.jpg\",\"width\":1107,\"height\":1476,\"caption\":\"homem usa prancha de comunicacao mostrada por mulher de jaleco branco.\"},{\"@type\":\"BreadcrumbList\",\"@id\":\"https:\\\/\\\/inclusivenews.com.br\\\/?p=32932#breadcrumb\",\"itemListElement\":[{\"@type\":\"ListItem\",\"position\":1,\"name\":\"In\u00edcio\",\"item\":\"https:\\\/\\\/inclusivenews.com.br\\\/\"},{\"@type\":\"ListItem\",\"position\":2,\"name\":\"Projeto desenvolve desenhos para ilustrar sintomas da dengue para PcDs no Rio\"}]},{\"@type\":\"WebSite\",\"@id\":\"https:\\\/\\\/inclusivenews.com.br\\\/#website\",\"url\":\"https:\\\/\\\/inclusivenews.com.br\\\/\",\"name\":\"Inclusive News\",\"description\":\"Inclusive News\",\"publisher\":{\"@id\":\"https:\\\/\\\/inclusivenews.com.br\\\/#organization\"},\"potentialAction\":[{\"@type\":\"SearchAction\",\"target\":{\"@type\":\"EntryPoint\",\"urlTemplate\":\"https:\\\/\\\/inclusivenews.com.br\\\/?s={search_term_string}\"},\"query-input\":{\"@type\":\"PropertyValueSpecification\",\"valueRequired\":true,\"valueName\":\"search_term_string\"}}],\"inLanguage\":\"pt-PT\"},{\"@type\":\"Organization\",\"@id\":\"https:\\\/\\\/inclusivenews.com.br\\\/#organization\",\"name\":\"Inclusive - inclus\u00e3o e cidadania\",\"url\":\"https:\\\/\\\/inclusivenews.com.br\\\/\",\"logo\":{\"@type\":\"ImageObject\",\"inLanguage\":\"pt-PT\",\"@id\":\"https:\\\/\\\/inclusivenews.com.br\\\/#\\\/schema\\\/logo\\\/image\\\/\",\"url\":\"https:\\\/\\\/inclusivenews.com.br\\\/wp-content\\\/uploads\\\/2024\\\/03\\\/@grandesite.png\",\"contentUrl\":\"https:\\\/\\\/inclusivenews.com.br\\\/wp-content\\\/uploads\\\/2024\\\/03\\\/@grandesite.png\",\"width\":1080,\"height\":1080,\"caption\":\"Inclusive - inclus\u00e3o e cidadania\"},\"image\":{\"@id\":\"https:\\\/\\\/inclusivenews.com.br\\\/#\\\/schema\\\/logo\\\/image\\\/\"},\"sameAs\":[\"https:\\\/\\\/www.facebook.com\\\/agenciainclusive\\\/\",\"https:\\\/\\\/www.instagram.com\\\/newsinclusive\\\/\"]},{\"@type\":\"Person\",\"@id\":\"https:\\\/\\\/inclusivenews.com.br\\\/#\\\/schema\\\/person\\\/ae4ec7087559b8692fb33b6fffd2273b\",\"name\":\"inclusivenews2024\",\"image\":{\"@type\":\"ImageObject\",\"inLanguage\":\"pt-PT\",\"@id\":\"https:\\\/\\\/secure.gravatar.com\\\/avatar\\\/c5a7ef84c66fa914f55bc4f7ce26cfa275a3b9a1c5568b907bd184fb4dde7b40?s=96&d=mm&r=g\",\"url\":\"https:\\\/\\\/secure.gravatar.com\\\/avatar\\\/c5a7ef84c66fa914f55bc4f7ce26cfa275a3b9a1c5568b907bd184fb4dde7b40?s=96&d=mm&r=g\",\"contentUrl\":\"https:\\\/\\\/secure.gravatar.com\\\/avatar\\\/c5a7ef84c66fa914f55bc4f7ce26cfa275a3b9a1c5568b907bd184fb4dde7b40?s=96&d=mm&r=g\",\"caption\":\"inclusivenews2024\"},\"sameAs\":[\"https:\\\/\\\/inclusivenews.com.br\"],\"url\":\"https:\\\/\\\/inclusivenews.com.br\\\/?author=1\"}]}<\/script>\n<!-- \/ Yoast SEO plugin. -->","yoast_head_json":{"title":"Projeto desenvolve desenhos para ilustrar sintomas da dengue para PcDs no Rio -","robots":{"index":"index","follow":"follow","max-snippet":"max-snippet:-1","max-image-preview":"max-image-preview:large","max-video-preview":"max-video-preview:-1"},"canonical":"https:\/\/inclusivenews.com.br\/?p=32932","og_locale":"pt_PT","og_type":"article","og_title":"Projeto desenvolve desenhos para ilustrar sintomas da dengue para PcDs no Rio -","og_description":"A iniciativa \u00e9 fruto de uma parceria entre a FioCruz, a SMPD e a SMS do Rio de Janeiro 29 de mar\u00e7o de 2024 Por Gabriel Gomes* A Universaliza\u00e7\u00e3o, com a sa\u00fade sendo um direito de cidadania de todas as pessoas, \u00e9 um dos princ\u00edpios do Sistema \u00danico de Sa\u00fade (SUS). Por\u00e9m, muitas pessoas, como [&hellip;]","og_url":"https:\/\/inclusivenews.com.br\/?p=32932","article_publisher":"https:\/\/www.facebook.com\/agenciainclusive\/","article_published_time":"2024-04-01T23:48:42+00:00","article_modified_time":"2024-04-01T23:56:55+00:00","og_image":[{"width":1107,"height":1476,"url":"https:\/\/inclusivenews.com.br\/wp-content\/uploads\/2024\/04\/prancha2.jpg","type":"image\/jpeg"}],"author":"inclusivenews2024","twitter_card":"summary_large_image","twitter_misc":{"Escrito por":"inclusivenews2024","Tempo estimado de leitura":"4 minutos"},"schema":{"@context":"https:\/\/schema.org","@graph":[{"@type":"Article","@id":"https:\/\/inclusivenews.com.br\/?p=32932#article","isPartOf":{"@id":"https:\/\/inclusivenews.com.br\/?p=32932"},"author":{"name":"inclusivenews2024","@id":"https:\/\/inclusivenews.com.br\/#\/schema\/person\/ae4ec7087559b8692fb33b6fffd2273b"},"headline":"Projeto desenvolve desenhos para ilustrar sintomas da dengue para PcDs no Rio","datePublished":"2024-04-01T23:48:42+00:00","dateModified":"2024-04-01T23:56:55+00:00","mainEntityOfPage":{"@id":"https:\/\/inclusivenews.com.br\/?p=32932"},"wordCount":918,"commentCount":0,"publisher":{"@id":"https:\/\/inclusivenews.com.br\/#organization"},"image":{"@id":"https:\/\/inclusivenews.com.br\/?p=32932#primaryimage"},"thumbnailUrl":"https:\/\/inclusivenews.com.br\/wp-content\/uploads\/2024\/04\/prancha2.jpg","articleSection":["ACESSIBILIDADE","Blog","Sa\u00fade"],"inLanguage":"pt-PT","potentialAction":[{"@type":"CommentAction","name":"Comment","target":["https:\/\/inclusivenews.com.br\/?p=32932#respond"]}]},{"@type":"WebPage","@id":"https:\/\/inclusivenews.com.br\/?p=32932","url":"https:\/\/inclusivenews.com.br\/?p=32932","name":"Projeto desenvolve desenhos para ilustrar sintomas da dengue para PcDs no Rio -","isPartOf":{"@id":"https:\/\/inclusivenews.com.br\/#website"},"primaryImageOfPage":{"@id":"https:\/\/inclusivenews.com.br\/?p=32932#primaryimage"},"image":{"@id":"https:\/\/inclusivenews.com.br\/?p=32932#primaryimage"},"thumbnailUrl":"https:\/\/inclusivenews.com.br\/wp-content\/uploads\/2024\/04\/prancha2.jpg","datePublished":"2024-04-01T23:48:42+00:00","dateModified":"2024-04-01T23:56:55+00:00","breadcrumb":{"@id":"https:\/\/inclusivenews.com.br\/?p=32932#breadcrumb"},"inLanguage":"pt-PT","potentialAction":[{"@type":"ReadAction","target":["https:\/\/inclusivenews.com.br\/?p=32932"]}]},{"@type":"ImageObject","inLanguage":"pt-PT","@id":"https:\/\/inclusivenews.com.br\/?p=32932#primaryimage","url":"https:\/\/inclusivenews.com.br\/wp-content\/uploads\/2024\/04\/prancha2.jpg","contentUrl":"https:\/\/inclusivenews.com.br\/wp-content\/uploads\/2024\/04\/prancha2.jpg","width":1107,"height":1476,"caption":"homem usa prancha de comunicacao mostrada por mulher de jaleco branco."},{"@type":"BreadcrumbList","@id":"https:\/\/inclusivenews.com.br\/?p=32932#breadcrumb","itemListElement":[{"@type":"ListItem","position":1,"name":"In\u00edcio","item":"https:\/\/inclusivenews.com.br\/"},{"@type":"ListItem","position":2,"name":"Projeto desenvolve desenhos para ilustrar sintomas da dengue para PcDs no Rio"}]},{"@type":"WebSite","@id":"https:\/\/inclusivenews.com.br\/#website","url":"https:\/\/inclusivenews.com.br\/","name":"Inclusive News","description":"Inclusive News","publisher":{"@id":"https:\/\/inclusivenews.com.br\/#organization"},"potentialAction":[{"@type":"SearchAction","target":{"@type":"EntryPoint","urlTemplate":"https:\/\/inclusivenews.com.br\/?s={search_term_string}"},"query-input":{"@type":"PropertyValueSpecification","valueRequired":true,"valueName":"search_term_string"}}],"inLanguage":"pt-PT"},{"@type":"Organization","@id":"https:\/\/inclusivenews.com.br\/#organization","name":"Inclusive - inclus\u00e3o e cidadania","url":"https:\/\/inclusivenews.com.br\/","logo":{"@type":"ImageObject","inLanguage":"pt-PT","@id":"https:\/\/inclusivenews.com.br\/#\/schema\/logo\/image\/","url":"https:\/\/inclusivenews.com.br\/wp-content\/uploads\/2024\/03\/@grandesite.png","contentUrl":"https:\/\/inclusivenews.com.br\/wp-content\/uploads\/2024\/03\/@grandesite.png","width":1080,"height":1080,"caption":"Inclusive - inclus\u00e3o e cidadania"},"image":{"@id":"https:\/\/inclusivenews.com.br\/#\/schema\/logo\/image\/"},"sameAs":["https:\/\/www.facebook.com\/agenciainclusive\/","https:\/\/www.instagram.com\/newsinclusive\/"]},{"@type":"Person","@id":"https:\/\/inclusivenews.com.br\/#\/schema\/person\/ae4ec7087559b8692fb33b6fffd2273b","name":"inclusivenews2024","image":{"@type":"ImageObject","inLanguage":"pt-PT","@id":"https:\/\/secure.gravatar.com\/avatar\/c5a7ef84c66fa914f55bc4f7ce26cfa275a3b9a1c5568b907bd184fb4dde7b40?s=96&d=mm&r=g","url":"https:\/\/secure.gravatar.com\/avatar\/c5a7ef84c66fa914f55bc4f7ce26cfa275a3b9a1c5568b907bd184fb4dde7b40?s=96&d=mm&r=g","contentUrl":"https:\/\/secure.gravatar.com\/avatar\/c5a7ef84c66fa914f55bc4f7ce26cfa275a3b9a1c5568b907bd184fb4dde7b40?s=96&d=mm&r=g","caption":"inclusivenews2024"},"sameAs":["https:\/\/inclusivenews.com.br"],"url":"https:\/\/inclusivenews.com.br\/?author=1"}]}},"_links":{"self":[{"href":"https:\/\/inclusivenews.com.br\/index.php?rest_route=\/wp\/v2\/posts\/32932","targetHints":{"allow":["GET"]}}],"collection":[{"href":"https:\/\/inclusivenews.com.br\/index.php?rest_route=\/wp\/v2\/posts"}],"about":[{"href":"https:\/\/inclusivenews.com.br\/index.php?rest_route=\/wp\/v2\/types\/post"}],"author":[{"embeddable":true,"href":"https:\/\/inclusivenews.com.br\/index.php?rest_route=\/wp\/v2\/users\/1"}],"replies":[{"embeddable":true,"href":"https:\/\/inclusivenews.com.br\/index.php?rest_route=%2Fwp%2Fv2%2Fcomments&post=32932"}],"version-history":[{"count":4,"href":"https:\/\/inclusivenews.com.br\/index.php?rest_route=\/wp\/v2\/posts\/32932\/revisions"}],"predecessor-version":[{"id":32939,"href":"https:\/\/inclusivenews.com.br\/index.php?rest_route=\/wp\/v2\/posts\/32932\/revisions\/32939"}],"wp:featuredmedia":[{"embeddable":true,"href":"https:\/\/inclusivenews.com.br\/index.php?rest_route=\/wp\/v2\/media\/32937"}],"wp:attachment":[{"href":"https:\/\/inclusivenews.com.br\/index.php?rest_route=%2Fwp%2Fv2%2Fmedia&parent=32932"}],"wp:term":[{"taxonomy":"category","embeddable":true,"href":"https:\/\/inclusivenews.com.br\/index.php?rest_route=%2Fwp%2Fv2%2Fcategories&post=32932"},{"taxonomy":"post_tag","embeddable":true,"href":"https:\/\/inclusivenews.com.br\/index.php?rest_route=%2Fwp%2Fv2%2Ftags&post=32932"}],"curies":[{"name":"wp","href":"https:\/\/api.w.org\/{rel}","templated":true}]}}