{"id":32945,"date":"2024-04-03T12:36:45","date_gmt":"2024-04-03T12:36:45","guid":{"rendered":"https:\/\/inclusivenews.com.br\/?p=32945"},"modified":"2024-04-03T12:42:57","modified_gmt":"2024-04-03T12:42:57","slug":"diversematch-empresas-buscam-trabalhadores-com-deficiencia","status":"publish","type":"post","link":"https:\/\/inclusivenews.com.br\/?p=32945","title":{"rendered":"DiverseMatch &#8211; empresas buscam trabalhadores com defici\u00eancia"},"content":{"rendered":"\n<p>Oportunidade para pessoas com defici\u00eancia que est\u00e3o em busca de novas oportunidades em empresas comprometidas com a diversidade e a inclus\u00e3o.<\/p>\n\n\n\n<p>Sobre o Evento:<\/p>\n\n\n\n<p>Data: 5 de abril<\/p>\n\n\n\n<p>Hor\u00e1rio: 8h \u00e0s 18h<\/p>\n\n\n\n<p>Local: Natura &amp;Co &#8211; S\u00e3o Paulo, SP<\/p>\n\n\n\n<p>Foco: Recrutar e desenvolver talentos sem vieses, com mais de 60 empresas inscritas.<\/p>\n\n\n\n<p>O que Esperar:<\/p>\n\n\n\n<p>Treinamento: Aprenda todos os truques para conquistar a vaga que te faz brilhar os olhos.<\/p>\n\n\n\n<p>Alimenta\u00e7\u00e3o: Refri, \u00e1gua, caf\u00e9 da manh\u00e3, almo\u00e7o e caf\u00e9 da tarde gratuitos.<\/p>\n\n\n\n<p>Happy Hour: Patrocinado pela Amstel Vibes e The HEINEKEN Company.<\/p>\n\n\n\n<p>Acessibilidade: Totalmente acess\u00edvel, com int\u00e9rpretes de Libras pela Inclui Art.<\/p>\n\n\n\n<p>Programa\u00e7\u00e3o:<\/p>\n\n\n\n<p>Rodas de Conversa: Sobre pessoas com defici\u00eancia, acessibilidade e neurodiversidade.<\/p>\n\n\n\n<p>Prepara\u00e7\u00e3o: Dicas para participar de processos seletivos.<\/p>\n\n\n\n<p>Pitches: Oportunidade para candidatos se apresentarem para empresas parceiras.<\/p>\n\n\n\n<p>Networking: Sess\u00f5es para conectar com recrutadores e profissionais da \u00e1rea.<\/p>\n\n\n\n<p>Participe ou Indique algu\u00e9m:<\/p>\n\n\n\n<p>Conhece algu\u00e9m com defici\u00eancia que se beneficiaria deste evento?<\/p>\n\n\n\n<p>Convide-os a se inscrever atrav\u00e9s do formul\u00e1rio: <a href=\"https:\/\/l.facebook.com\/l.php?u=https%3A%2F%2Flnkd.in%2FdpxBzfk2%3Ffbclid%3DIwAR0d65d1WkCFNY2hcvBbqmrv-Ji769ANPTlfWmhmuLyfsWdf_In7XKIhM7w_aem_AZyl7hDHt8VwBtNd2d-s8DvI89GpTGW5UOkD9cL1b1D7hZ0Kv1czYW4ltXza4YWZ7deex2PknG7BtKrcfc2-R_LV&amp;h=AT1JYeqE0fkKiYVApepriwSr_-gs23bmKOYqdtxhmkfE8V6VnEKGAxKPWxsysbHrEmuLZShRcXhpuxBN6eEV0aqjAGOzLiEQQCUjH5AjUNdLVHJzC9AV_8aV6x5Da2G4HA&amp;__tn__=-UK-R&amp;c%5b0%5d=AT1Amf0AhNtBO3V7MHi9m1ps_y7PzTPRXEIiMGMnfiTRy-R-6TMizFiIO8L0G-9YvspvQwhshj-00pUCFEr2yU3uRoT5KHDGkCybxz3POtgu-6YBDwF6hS90XyVOE4HQMArU\" target=\"_blank\" rel=\"noreferrer noopener\">https:\/\/lnkd.in\/dpxBzfk2<\/a><\/p>\n\n\n\n<p>Fonte: <a href=\"https:\/\/www.divercidade.net\/event-details\/diversematch-profissionais-com-deficiencia\" target=\"_blank\" rel=\"noreferrer noopener\">https:\/\/www.divercidade.net\/event-details\/diversematch-profissionais-com-deficiencia<\/a><\/p>\n\n\n\n<p><\/p>\n\n\n\n<p>Vamos fazer uma corrente do bem para levar informa\u00e7\u00e3o a quem precisa &#8220;Chame Mais Um&#8221;:<\/p>\n","protected":false},"excerpt":{"rendered":"<p>Oportunidade para pessoas com defici\u00eancia que est\u00e3o em busca de novas oportunidades em empresas comprometidas com a diversidade e a inclus\u00e3o. Sobre o Evento: Data: 5 de abril Hor\u00e1rio: 8h \u00e0s 18h Local: Natura &amp;Co &#8211; S\u00e3o Paulo, SP Foco: Recrutar e desenvolver talentos sem vieses, com mais de 60 empresas inscritas. O que Esperar: [&hellip;]<\/p>\n","protected":false},"author":1,"featured_media":0,"comment_status":"open","ping_status":"open","sticky":false,"template":"","format":"standard","meta":{"site-container-style":"default","site-container-layout":"default","site-sidebar-layout":"default","disable-article-header":"default","disable-site-header":"default","disable-site-footer":"default","disable-content-area-spacing":"default","footnotes":""},"categories":[1],"tags":[],"class_list":["post-32945","post","type-post","status-publish","format-standard","hentry","category-blog"],"yoast_head":"<!-- This site is optimized with the Yoast SEO plugin v27.4 - https:\/\/yoast.com\/product\/yoast-seo-wordpress\/ -->\n<title>DiverseMatch - empresas buscam trabalhadores com defici\u00eancia -<\/title>\n<meta name=\"robots\" content=\"index, follow, max-snippet:-1, max-image-preview:large, max-video-preview:-1\" \/>\n<link rel=\"canonical\" href=\"https:\/\/inclusivenews.com.br\/?p=32945\" \/>\n<meta property=\"og:locale\" content=\"pt_PT\" \/>\n<meta property=\"og:type\" content=\"article\" \/>\n<meta property=\"og:title\" content=\"DiverseMatch - empresas buscam trabalhadores com defici\u00eancia -\" \/>\n<meta property=\"og:description\" content=\"Oportunidade para pessoas com defici\u00eancia que est\u00e3o em busca de novas oportunidades em empresas comprometidas com a diversidade e a inclus\u00e3o. Sobre o Evento: Data: 5 de abril Hor\u00e1rio: 8h \u00e0s 18h Local: Natura &amp;Co &#8211; S\u00e3o Paulo, SP Foco: Recrutar e desenvolver talentos sem vieses, com mais de 60 empresas inscritas. O que Esperar: [&hellip;]\" \/>\n<meta property=\"og:url\" content=\"https:\/\/inclusivenews.com.br\/?p=32945\" \/>\n<meta property=\"article:publisher\" content=\"https:\/\/www.facebook.com\/agenciainclusive\/\" \/>\n<meta property=\"article:published_time\" content=\"2024-04-03T12:36:45+00:00\" \/>\n<meta property=\"article:modified_time\" content=\"2024-04-03T12:42:57+00:00\" \/>\n<meta name=\"author\" content=\"inclusivenews2024\" \/>\n<meta name=\"twitter:card\" content=\"summary_large_image\" \/>\n<meta name=\"twitter:label1\" content=\"Escrito por\" \/>\n\t<meta name=\"twitter:data1\" content=\"inclusivenews2024\" \/>\n\t<meta name=\"twitter:label2\" content=\"Tempo estimado de leitura\" \/>\n\t<meta name=\"twitter:data2\" content=\"1 minuto\" \/>\n<script type=\"application\/ld+json\" class=\"yoast-schema-graph\">{\"@context\":\"https:\\\/\\\/schema.org\",\"@graph\":[{\"@type\":\"Article\",\"@id\":\"https:\\\/\\\/inclusivenews.com.br\\\/?p=32945#article\",\"isPartOf\":{\"@id\":\"https:\\\/\\\/inclusivenews.com.br\\\/?p=32945\"},\"author\":{\"name\":\"inclusivenews2024\",\"@id\":\"https:\\\/\\\/inclusivenews.com.br\\\/#\\\/schema\\\/person\\\/ae4ec7087559b8692fb33b6fffd2273b\"},\"headline\":\"DiverseMatch &#8211; empresas buscam trabalhadores com defici\u00eancia\",\"datePublished\":\"2024-04-03T12:36:45+00:00\",\"dateModified\":\"2024-04-03T12:42:57+00:00\",\"mainEntityOfPage\":{\"@id\":\"https:\\\/\\\/inclusivenews.com.br\\\/?p=32945\"},\"wordCount\":211,\"commentCount\":0,\"publisher\":{\"@id\":\"https:\\\/\\\/inclusivenews.com.br\\\/#organization\"},\"articleSection\":[\"Blog\"],\"inLanguage\":\"pt-PT\",\"potentialAction\":[{\"@type\":\"CommentAction\",\"name\":\"Comment\",\"target\":[\"https:\\\/\\\/inclusivenews.com.br\\\/?p=32945#respond\"]}]},{\"@type\":\"WebPage\",\"@id\":\"https:\\\/\\\/inclusivenews.com.br\\\/?p=32945\",\"url\":\"https:\\\/\\\/inclusivenews.com.br\\\/?p=32945\",\"name\":\"DiverseMatch - empresas buscam trabalhadores com defici\u00eancia -\",\"isPartOf\":{\"@id\":\"https:\\\/\\\/inclusivenews.com.br\\\/#website\"},\"datePublished\":\"2024-04-03T12:36:45+00:00\",\"dateModified\":\"2024-04-03T12:42:57+00:00\",\"breadcrumb\":{\"@id\":\"https:\\\/\\\/inclusivenews.com.br\\\/?p=32945#breadcrumb\"},\"inLanguage\":\"pt-PT\",\"potentialAction\":[{\"@type\":\"ReadAction\",\"target\":[\"https:\\\/\\\/inclusivenews.com.br\\\/?p=32945\"]}]},{\"@type\":\"BreadcrumbList\",\"@id\":\"https:\\\/\\\/inclusivenews.com.br\\\/?p=32945#breadcrumb\",\"itemListElement\":[{\"@type\":\"ListItem\",\"position\":1,\"name\":\"In\u00edcio\",\"item\":\"https:\\\/\\\/inclusivenews.com.br\\\/\"},{\"@type\":\"ListItem\",\"position\":2,\"name\":\"DiverseMatch &#8211; empresas buscam trabalhadores com defici\u00eancia\"}]},{\"@type\":\"WebSite\",\"@id\":\"https:\\\/\\\/inclusivenews.com.br\\\/#website\",\"url\":\"https:\\\/\\\/inclusivenews.com.br\\\/\",\"name\":\"Inclusive News\",\"description\":\"Inclusive News\",\"publisher\":{\"@id\":\"https:\\\/\\\/inclusivenews.com.br\\\/#organization\"},\"potentialAction\":[{\"@type\":\"SearchAction\",\"target\":{\"@type\":\"EntryPoint\",\"urlTemplate\":\"https:\\\/\\\/inclusivenews.com.br\\\/?s={search_term_string}\"},\"query-input\":{\"@type\":\"PropertyValueSpecification\",\"valueRequired\":true,\"valueName\":\"search_term_string\"}}],\"inLanguage\":\"pt-PT\"},{\"@type\":\"Organization\",\"@id\":\"https:\\\/\\\/inclusivenews.com.br\\\/#organization\",\"name\":\"Inclusive - inclus\u00e3o e cidadania\",\"url\":\"https:\\\/\\\/inclusivenews.com.br\\\/\",\"logo\":{\"@type\":\"ImageObject\",\"inLanguage\":\"pt-PT\",\"@id\":\"https:\\\/\\\/inclusivenews.com.br\\\/#\\\/schema\\\/logo\\\/image\\\/\",\"url\":\"https:\\\/\\\/inclusivenews.com.br\\\/wp-content\\\/uploads\\\/2024\\\/03\\\/@grandesite.png\",\"contentUrl\":\"https:\\\/\\\/inclusivenews.com.br\\\/wp-content\\\/uploads\\\/2024\\\/03\\\/@grandesite.png\",\"width\":1080,\"height\":1080,\"caption\":\"Inclusive - inclus\u00e3o e cidadania\"},\"image\":{\"@id\":\"https:\\\/\\\/inclusivenews.com.br\\\/#\\\/schema\\\/logo\\\/image\\\/\"},\"sameAs\":[\"https:\\\/\\\/www.facebook.com\\\/agenciainclusive\\\/\",\"https:\\\/\\\/www.instagram.com\\\/newsinclusive\\\/\"]},{\"@type\":\"Person\",\"@id\":\"https:\\\/\\\/inclusivenews.com.br\\\/#\\\/schema\\\/person\\\/ae4ec7087559b8692fb33b6fffd2273b\",\"name\":\"inclusivenews2024\",\"image\":{\"@type\":\"ImageObject\",\"inLanguage\":\"pt-PT\",\"@id\":\"https:\\\/\\\/secure.gravatar.com\\\/avatar\\\/c5a7ef84c66fa914f55bc4f7ce26cfa275a3b9a1c5568b907bd184fb4dde7b40?s=96&d=mm&r=g\",\"url\":\"https:\\\/\\\/secure.gravatar.com\\\/avatar\\\/c5a7ef84c66fa914f55bc4f7ce26cfa275a3b9a1c5568b907bd184fb4dde7b40?s=96&d=mm&r=g\",\"contentUrl\":\"https:\\\/\\\/secure.gravatar.com\\\/avatar\\\/c5a7ef84c66fa914f55bc4f7ce26cfa275a3b9a1c5568b907bd184fb4dde7b40?s=96&d=mm&r=g\",\"caption\":\"inclusivenews2024\"},\"sameAs\":[\"https:\\\/\\\/inclusivenews.com.br\"],\"url\":\"https:\\\/\\\/inclusivenews.com.br\\\/?author=1\"}]}<\/script>\n<!-- \/ Yoast SEO plugin. -->","yoast_head_json":{"title":"DiverseMatch - empresas buscam trabalhadores com defici\u00eancia -","robots":{"index":"index","follow":"follow","max-snippet":"max-snippet:-1","max-image-preview":"max-image-preview:large","max-video-preview":"max-video-preview:-1"},"canonical":"https:\/\/inclusivenews.com.br\/?p=32945","og_locale":"pt_PT","og_type":"article","og_title":"DiverseMatch - empresas buscam trabalhadores com defici\u00eancia -","og_description":"Oportunidade para pessoas com defici\u00eancia que est\u00e3o em busca de novas oportunidades em empresas comprometidas com a diversidade e a inclus\u00e3o. Sobre o Evento: Data: 5 de abril Hor\u00e1rio: 8h \u00e0s 18h Local: Natura &amp;Co &#8211; S\u00e3o Paulo, SP Foco: Recrutar e desenvolver talentos sem vieses, com mais de 60 empresas inscritas. O que Esperar: [&hellip;]","og_url":"https:\/\/inclusivenews.com.br\/?p=32945","article_publisher":"https:\/\/www.facebook.com\/agenciainclusive\/","article_published_time":"2024-04-03T12:36:45+00:00","article_modified_time":"2024-04-03T12:42:57+00:00","author":"inclusivenews2024","twitter_card":"summary_large_image","twitter_misc":{"Escrito por":"inclusivenews2024","Tempo estimado de leitura":"1 minuto"},"schema":{"@context":"https:\/\/schema.org","@graph":[{"@type":"Article","@id":"https:\/\/inclusivenews.com.br\/?p=32945#article","isPartOf":{"@id":"https:\/\/inclusivenews.com.br\/?p=32945"},"author":{"name":"inclusivenews2024","@id":"https:\/\/inclusivenews.com.br\/#\/schema\/person\/ae4ec7087559b8692fb33b6fffd2273b"},"headline":"DiverseMatch &#8211; empresas buscam trabalhadores com defici\u00eancia","datePublished":"2024-04-03T12:36:45+00:00","dateModified":"2024-04-03T12:42:57+00:00","mainEntityOfPage":{"@id":"https:\/\/inclusivenews.com.br\/?p=32945"},"wordCount":211,"commentCount":0,"publisher":{"@id":"https:\/\/inclusivenews.com.br\/#organization"},"articleSection":["Blog"],"inLanguage":"pt-PT","potentialAction":[{"@type":"CommentAction","name":"Comment","target":["https:\/\/inclusivenews.com.br\/?p=32945#respond"]}]},{"@type":"WebPage","@id":"https:\/\/inclusivenews.com.br\/?p=32945","url":"https:\/\/inclusivenews.com.br\/?p=32945","name":"DiverseMatch - empresas buscam trabalhadores com defici\u00eancia -","isPartOf":{"@id":"https:\/\/inclusivenews.com.br\/#website"},"datePublished":"2024-04-03T12:36:45+00:00","dateModified":"2024-04-03T12:42:57+00:00","breadcrumb":{"@id":"https:\/\/inclusivenews.com.br\/?p=32945#breadcrumb"},"inLanguage":"pt-PT","potentialAction":[{"@type":"ReadAction","target":["https:\/\/inclusivenews.com.br\/?p=32945"]}]},{"@type":"BreadcrumbList","@id":"https:\/\/inclusivenews.com.br\/?p=32945#breadcrumb","itemListElement":[{"@type":"ListItem","position":1,"name":"In\u00edcio","item":"https:\/\/inclusivenews.com.br\/"},{"@type":"ListItem","position":2,"name":"DiverseMatch &#8211; empresas buscam trabalhadores com defici\u00eancia"}]},{"@type":"WebSite","@id":"https:\/\/inclusivenews.com.br\/#website","url":"https:\/\/inclusivenews.com.br\/","name":"Inclusive News","description":"Inclusive News","publisher":{"@id":"https:\/\/inclusivenews.com.br\/#organization"},"potentialAction":[{"@type":"SearchAction","target":{"@type":"EntryPoint","urlTemplate":"https:\/\/inclusivenews.com.br\/?s={search_term_string}"},"query-input":{"@type":"PropertyValueSpecification","valueRequired":true,"valueName":"search_term_string"}}],"inLanguage":"pt-PT"},{"@type":"Organization","@id":"https:\/\/inclusivenews.com.br\/#organization","name":"Inclusive - inclus\u00e3o e cidadania","url":"https:\/\/inclusivenews.com.br\/","logo":{"@type":"ImageObject","inLanguage":"pt-PT","@id":"https:\/\/inclusivenews.com.br\/#\/schema\/logo\/image\/","url":"https:\/\/inclusivenews.com.br\/wp-content\/uploads\/2024\/03\/@grandesite.png","contentUrl":"https:\/\/inclusivenews.com.br\/wp-content\/uploads\/2024\/03\/@grandesite.png","width":1080,"height":1080,"caption":"Inclusive - inclus\u00e3o e cidadania"},"image":{"@id":"https:\/\/inclusivenews.com.br\/#\/schema\/logo\/image\/"},"sameAs":["https:\/\/www.facebook.com\/agenciainclusive\/","https:\/\/www.instagram.com\/newsinclusive\/"]},{"@type":"Person","@id":"https:\/\/inclusivenews.com.br\/#\/schema\/person\/ae4ec7087559b8692fb33b6fffd2273b","name":"inclusivenews2024","image":{"@type":"ImageObject","inLanguage":"pt-PT","@id":"https:\/\/secure.gravatar.com\/avatar\/c5a7ef84c66fa914f55bc4f7ce26cfa275a3b9a1c5568b907bd184fb4dde7b40?s=96&d=mm&r=g","url":"https:\/\/secure.gravatar.com\/avatar\/c5a7ef84c66fa914f55bc4f7ce26cfa275a3b9a1c5568b907bd184fb4dde7b40?s=96&d=mm&r=g","contentUrl":"https:\/\/secure.gravatar.com\/avatar\/c5a7ef84c66fa914f55bc4f7ce26cfa275a3b9a1c5568b907bd184fb4dde7b40?s=96&d=mm&r=g","caption":"inclusivenews2024"},"sameAs":["https:\/\/inclusivenews.com.br"],"url":"https:\/\/inclusivenews.com.br\/?author=1"}]}},"_links":{"self":[{"href":"https:\/\/inclusivenews.com.br\/index.php?rest_route=\/wp\/v2\/posts\/32945","targetHints":{"allow":["GET"]}}],"collection":[{"href":"https:\/\/inclusivenews.com.br\/index.php?rest_route=\/wp\/v2\/posts"}],"about":[{"href":"https:\/\/inclusivenews.com.br\/index.php?rest_route=\/wp\/v2\/types\/post"}],"author":[{"embeddable":true,"href":"https:\/\/inclusivenews.com.br\/index.php?rest_route=\/wp\/v2\/users\/1"}],"replies":[{"embeddable":true,"href":"https:\/\/inclusivenews.com.br\/index.php?rest_route=%2Fwp%2Fv2%2Fcomments&post=32945"}],"version-history":[{"count":2,"href":"https:\/\/inclusivenews.com.br\/index.php?rest_route=\/wp\/v2\/posts\/32945\/revisions"}],"predecessor-version":[{"id":32948,"href":"https:\/\/inclusivenews.com.br\/index.php?rest_route=\/wp\/v2\/posts\/32945\/revisions\/32948"}],"wp:attachment":[{"href":"https:\/\/inclusivenews.com.br\/index.php?rest_route=%2Fwp%2Fv2%2Fmedia&parent=32945"}],"wp:term":[{"taxonomy":"category","embeddable":true,"href":"https:\/\/inclusivenews.com.br\/index.php?rest_route=%2Fwp%2Fv2%2Fcategories&post=32945"},{"taxonomy":"post_tag","embeddable":true,"href":"https:\/\/inclusivenews.com.br\/index.php?rest_route=%2Fwp%2Fv2%2Ftags&post=32945"}],"curies":[{"name":"wp","href":"https:\/\/api.w.org\/{rel}","templated":true}]}}