{"id":32949,"date":"2024-04-03T12:54:16","date_gmt":"2024-04-03T12:54:16","guid":{"rendered":"https:\/\/inclusivenews.com.br\/?p=32949"},"modified":"2024-04-05T10:43:05","modified_gmt":"2024-04-05T10:43:05","slug":"decisao-historica-tribunal-de-justica-do-estado-do-para-condena-discriminacao-e-garante-inclusao-nas-escolas","status":"publish","type":"post","link":"https:\/\/inclusivenews.com.br\/?p=32949","title":{"rendered":"Decis\u00e3o hist\u00f3rica: Tribunal de Justi\u00e7a do Estado do Par\u00e1 condena discrimina\u00e7\u00e3o e garante inclus\u00e3o nas escolas."},"content":{"rendered":"<p>O Tribunal de Justi\u00e7a do Estado do Par\u00e1 reformou a senten\u00e7a de primeira inst\u00e2ncia e condenou a coordenadora pedag\u00f3gica do col\u00e9gio paulista por negar a matr\u00edcula de uma pessoa com s\u00edndrome de Down e por discrimin\u00e1-la em fun\u00e7\u00e3o da defici\u00eancia (art. 8\u00ba, I e \u00a71\u00ba da Lei n\u00ba 7.853, de 1989; art. 88, da Lei 13.146 de 2015).<\/p>\n<p>Essa decis\u00e3o \u00e9 vanguarda e refer\u00eancia no Brasil, pois visa garantir o exerc\u00edcio pleno do direito \u00e0 educa\u00e7\u00e3o para todos, independentemente de suas individualidades e aptid\u00f5es, principalmente nesse tipo de crime dif\u00edcil de provar.<\/p>\n<h2>Por que isso \u00e9 t\u00e3o importante?<\/h2>\n<p><strong>Inclus\u00e3o:<\/strong> Ao reconhecer a discrimina\u00e7\u00e3o na negativa de matr\u00edcula, estamos dando um passo crucial em dire\u00e7\u00e3o \u00e0 inclus\u00e3o. Ningu\u00e9m deve ser exclu\u00eddo do ambiente educacional com base em sua condi\u00e7\u00e3o.<\/p>\n<p><strong>Capacitismo:<\/strong> O capacitismo \u00e9 a cren\u00e7a de que pessoas com defici\u00eancia s\u00e3o menos capazes ou merecedoras de oportunidades. Essa decis\u00e3o desafia essa mentalidade e promove uma sociedade mais justa e igualit\u00e1ria.<\/p>\n<p><strong>Acesso \u00e0 educa\u00e7\u00e3o:<\/strong> A educa\u00e7\u00e3o \u00e9 um direito fundamental. Garantir que todas as pessoas, incluindo aquelas com defici\u00eancia, tenham acesso a escolas e aprendizado \u00e9 essencial para construir um futuro melhor.<\/p>\n<p>Acesse o link da sustenta\u00e7\u00e3o oral do Advogado, Dr. Lucas Nogueira:<br \/>https:\/\/youtu.be\/e469bTcOHhA?si=hG18_j1NAy2T-57c<\/p>\n<p>Acesse tamb\u00e9m o link com Voto do Relator da Apela\u00e7\u00e3o, Desembargador R\u00f4mulo Nunes:<br \/>https:\/\/youtu.be\/htnxF2mAK0k?si=d1afTOJ3ssYBaFOH<\/p>\n<p>Acesse a \u00edntegra da decis\u00e3o colegiada:<\/p>\n<p>https:\/\/drive.google.com\/file\/d\/1C0z8r_qp4wnhkGbi-MhCc-mTOkuLDV4y\/view?usp=sharing<\/p>\n\n\n<figure class=\"wp-block-image size-full\"><img loading=\"lazy\" decoding=\"async\" width=\"850\" height=\"598\" src=\"https:\/\/inclusivenews.com.br\/wp-content\/uploads\/2024\/04\/martelo-justica.png\" alt=\"\" class=\"wp-image-32950\" srcset=\"https:\/\/inclusivenews.com.br\/wp-content\/uploads\/2024\/04\/martelo-justica.png 850w, https:\/\/inclusivenews.com.br\/wp-content\/uploads\/2024\/04\/martelo-justica-300x211.png 300w, https:\/\/inclusivenews.com.br\/wp-content\/uploads\/2024\/04\/martelo-justica-768x540.png 768w\" sizes=\"auto, (max-width: 850px) 100vw, 850px\" \/><\/figure>\n","protected":false},"excerpt":{"rendered":"<p>O Tribunal de Justi\u00e7a do Estado do Par\u00e1 reformou a senten\u00e7a de primeira inst\u00e2ncia e condenou a coordenadora pedag\u00f3gica do col\u00e9gio paulista por negar a matr\u00edcula de uma pessoa com s\u00edndrome de Down e por discrimin\u00e1-la em fun\u00e7\u00e3o da defici\u00eancia (art. 8\u00ba, I e \u00a71\u00ba da Lei n\u00ba 7.853, de 1989; art. 88, da Lei [&hellip;]<\/p>\n","protected":false},"author":1,"featured_media":32950,"comment_status":"open","ping_status":"open","sticky":false,"template":"","format":"standard","meta":{"site-container-style":"default","site-container-layout":"default","site-sidebar-layout":"default","disable-article-header":"default","disable-site-header":"default","disable-site-footer":"default","disable-content-area-spacing":"default","footnotes":""},"categories":[461,6],"tags":[462,116,151],"class_list":["post-32949","post","type-post","status-publish","format-standard","has-post-thumbnail","hentry","category-direitos-e-inclusao","category-educacao","tag-capacitismo","tag-educacao","tag-inclusao-2"],"yoast_head":"<!-- This site is optimized with the Yoast SEO plugin v27.4 - https:\/\/yoast.com\/product\/yoast-seo-wordpress\/ -->\n<title>Decis\u00e3o hist\u00f3rica: Tribunal de Justi\u00e7a do Estado do Par\u00e1 condena discrimina\u00e7\u00e3o e garante inclus\u00e3o nas escolas.<\/title>\n<meta name=\"description\" content=\"Leia sobre a decis\u00e3o hist\u00f3rica que representa um marco na luta contra o capacitismo e a favor da inclus\u00e3o nas escolas pelo Brasil a fora. Saiba por que essa decis\u00e3o \u00e9 t\u00e3o importante, promovendo a inclus\u00e3o, desafiando o capacitismo e garantindo o acesso \u00e0 educa\u00e7\u00e3o. Compartilhe essa vit\u00f3ria e ajude a construir uma sociedade mais inclusiva e consciente. Acesse o link da sustenta\u00e7\u00e3o oral do advogado, Dr. Lucas Nogueira.\" \/>\n<meta name=\"robots\" content=\"index, follow, max-snippet:-1, max-image-preview:large, max-video-preview:-1\" \/>\n<link rel=\"canonical\" href=\"https:\/\/inclusivenews.com.br\/?p=32949\" \/>\n<meta property=\"og:locale\" content=\"pt_PT\" \/>\n<meta property=\"og:type\" content=\"article\" \/>\n<meta property=\"og:title\" content=\"Decis\u00e3o hist\u00f3rica: Tribunal de Justi\u00e7a do Estado do Par\u00e1 condena discrimina\u00e7\u00e3o e garante inclus\u00e3o nas escolas.\" \/>\n<meta property=\"og:description\" content=\"Leia sobre a decis\u00e3o hist\u00f3rica que representa um marco na luta contra o capacitismo e a favor da inclus\u00e3o nas escolas pelo Brasil a fora. Saiba por que essa decis\u00e3o \u00e9 t\u00e3o importante, promovendo a inclus\u00e3o, desafiando o capacitismo e garantindo o acesso \u00e0 educa\u00e7\u00e3o. Compartilhe essa vit\u00f3ria e ajude a construir uma sociedade mais inclusiva e consciente. Acesse o link da sustenta\u00e7\u00e3o oral do advogado, Dr. Lucas Nogueira.\" \/>\n<meta property=\"og:url\" content=\"https:\/\/inclusivenews.com.br\/?p=32949\" \/>\n<meta property=\"article:publisher\" content=\"https:\/\/www.facebook.com\/agenciainclusive\/\" \/>\n<meta property=\"article:published_time\" content=\"2024-04-03T12:54:16+00:00\" \/>\n<meta property=\"article:modified_time\" content=\"2024-04-05T10:43:05+00:00\" \/>\n<meta property=\"og:image\" content=\"https:\/\/inclusivenews.com.br\/wp-content\/uploads\/2024\/04\/martelo-justica.png\" \/>\n\t<meta property=\"og:image:width\" content=\"850\" \/>\n\t<meta property=\"og:image:height\" content=\"598\" \/>\n\t<meta property=\"og:image:type\" content=\"image\/png\" \/>\n<meta name=\"author\" content=\"inclusivenews2024\" \/>\n<meta name=\"twitter:card\" content=\"summary_large_image\" \/>\n<meta name=\"twitter:label1\" content=\"Escrito por\" \/>\n\t<meta name=\"twitter:data1\" content=\"inclusivenews2024\" \/>\n\t<meta name=\"twitter:label2\" content=\"Tempo estimado de leitura\" \/>\n\t<meta name=\"twitter:data2\" content=\"2 minutos\" \/>\n<script type=\"application\/ld+json\" class=\"yoast-schema-graph\">{\"@context\":\"https:\\\/\\\/schema.org\",\"@graph\":[{\"@type\":\"Article\",\"@id\":\"https:\\\/\\\/inclusivenews.com.br\\\/?p=32949#article\",\"isPartOf\":{\"@id\":\"https:\\\/\\\/inclusivenews.com.br\\\/?p=32949\"},\"author\":{\"name\":\"inclusivenews2024\",\"@id\":\"https:\\\/\\\/inclusivenews.com.br\\\/#\\\/schema\\\/person\\\/ae4ec7087559b8692fb33b6fffd2273b\"},\"headline\":\"Decis\u00e3o hist\u00f3rica: Tribunal de Justi\u00e7a do Estado do Par\u00e1 condena discrimina\u00e7\u00e3o e garante inclus\u00e3o nas escolas.\",\"datePublished\":\"2024-04-03T12:54:16+00:00\",\"dateModified\":\"2024-04-05T10:43:05+00:00\",\"mainEntityOfPage\":{\"@id\":\"https:\\\/\\\/inclusivenews.com.br\\\/?p=32949\"},\"wordCount\":300,\"commentCount\":0,\"publisher\":{\"@id\":\"https:\\\/\\\/inclusivenews.com.br\\\/#organization\"},\"image\":{\"@id\":\"https:\\\/\\\/inclusivenews.com.br\\\/?p=32949#primaryimage\"},\"thumbnailUrl\":\"https:\\\/\\\/inclusivenews.com.br\\\/wp-content\\\/uploads\\\/2024\\\/04\\\/martelo-justica.png\",\"keywords\":[\"capacitismo\",\"Educa\u00e7\u00e3o\",\"Inclus\u00e3o\"],\"articleSection\":[\"Direitos e Inclus\u00e3o\",\"EDUCA\u00c7\u00c3O\"],\"inLanguage\":\"pt-PT\",\"potentialAction\":[{\"@type\":\"CommentAction\",\"name\":\"Comment\",\"target\":[\"https:\\\/\\\/inclusivenews.com.br\\\/?p=32949#respond\"]}]},{\"@type\":\"WebPage\",\"@id\":\"https:\\\/\\\/inclusivenews.com.br\\\/?p=32949\",\"url\":\"https:\\\/\\\/inclusivenews.com.br\\\/?p=32949\",\"name\":\"Decis\u00e3o hist\u00f3rica: Tribunal de Justi\u00e7a do Estado do Par\u00e1 condena discrimina\u00e7\u00e3o e garante inclus\u00e3o nas escolas.\",\"isPartOf\":{\"@id\":\"https:\\\/\\\/inclusivenews.com.br\\\/#website\"},\"primaryImageOfPage\":{\"@id\":\"https:\\\/\\\/inclusivenews.com.br\\\/?p=32949#primaryimage\"},\"image\":{\"@id\":\"https:\\\/\\\/inclusivenews.com.br\\\/?p=32949#primaryimage\"},\"thumbnailUrl\":\"https:\\\/\\\/inclusivenews.com.br\\\/wp-content\\\/uploads\\\/2024\\\/04\\\/martelo-justica.png\",\"datePublished\":\"2024-04-03T12:54:16+00:00\",\"dateModified\":\"2024-04-05T10:43:05+00:00\",\"description\":\"Leia sobre a decis\u00e3o hist\u00f3rica que representa um marco na luta contra o capacitismo e a favor da inclus\u00e3o nas escolas pelo Brasil a fora. Saiba por que essa decis\u00e3o \u00e9 t\u00e3o importante, promovendo a inclus\u00e3o, desafiando o capacitismo e garantindo o acesso \u00e0 educa\u00e7\u00e3o. Compartilhe essa vit\u00f3ria e ajude a construir uma sociedade mais inclusiva e consciente. Acesse o link da sustenta\u00e7\u00e3o oral do advogado, Dr. Lucas Nogueira.\",\"breadcrumb\":{\"@id\":\"https:\\\/\\\/inclusivenews.com.br\\\/?p=32949#breadcrumb\"},\"inLanguage\":\"pt-PT\",\"potentialAction\":[{\"@type\":\"ReadAction\",\"target\":[\"https:\\\/\\\/inclusivenews.com.br\\\/?p=32949\"]}]},{\"@type\":\"ImageObject\",\"inLanguage\":\"pt-PT\",\"@id\":\"https:\\\/\\\/inclusivenews.com.br\\\/?p=32949#primaryimage\",\"url\":\"https:\\\/\\\/inclusivenews.com.br\\\/wp-content\\\/uploads\\\/2024\\\/04\\\/martelo-justica.png\",\"contentUrl\":\"https:\\\/\\\/inclusivenews.com.br\\\/wp-content\\\/uploads\\\/2024\\\/04\\\/martelo-justica.png\",\"width\":850,\"height\":598},{\"@type\":\"BreadcrumbList\",\"@id\":\"https:\\\/\\\/inclusivenews.com.br\\\/?p=32949#breadcrumb\",\"itemListElement\":[{\"@type\":\"ListItem\",\"position\":1,\"name\":\"In\u00edcio\",\"item\":\"https:\\\/\\\/inclusivenews.com.br\\\/\"},{\"@type\":\"ListItem\",\"position\":2,\"name\":\"Decis\u00e3o hist\u00f3rica: Tribunal de Justi\u00e7a do Estado do Par\u00e1 condena discrimina\u00e7\u00e3o e garante inclus\u00e3o nas escolas.\"}]},{\"@type\":\"WebSite\",\"@id\":\"https:\\\/\\\/inclusivenews.com.br\\\/#website\",\"url\":\"https:\\\/\\\/inclusivenews.com.br\\\/\",\"name\":\"Inclusive News\",\"description\":\"Inclusive News\",\"publisher\":{\"@id\":\"https:\\\/\\\/inclusivenews.com.br\\\/#organization\"},\"potentialAction\":[{\"@type\":\"SearchAction\",\"target\":{\"@type\":\"EntryPoint\",\"urlTemplate\":\"https:\\\/\\\/inclusivenews.com.br\\\/?s={search_term_string}\"},\"query-input\":{\"@type\":\"PropertyValueSpecification\",\"valueRequired\":true,\"valueName\":\"search_term_string\"}}],\"inLanguage\":\"pt-PT\"},{\"@type\":\"Organization\",\"@id\":\"https:\\\/\\\/inclusivenews.com.br\\\/#organization\",\"name\":\"Inclusive - inclus\u00e3o e cidadania\",\"url\":\"https:\\\/\\\/inclusivenews.com.br\\\/\",\"logo\":{\"@type\":\"ImageObject\",\"inLanguage\":\"pt-PT\",\"@id\":\"https:\\\/\\\/inclusivenews.com.br\\\/#\\\/schema\\\/logo\\\/image\\\/\",\"url\":\"https:\\\/\\\/inclusivenews.com.br\\\/wp-content\\\/uploads\\\/2024\\\/03\\\/@grandesite.png\",\"contentUrl\":\"https:\\\/\\\/inclusivenews.com.br\\\/wp-content\\\/uploads\\\/2024\\\/03\\\/@grandesite.png\",\"width\":1080,\"height\":1080,\"caption\":\"Inclusive - inclus\u00e3o e cidadania\"},\"image\":{\"@id\":\"https:\\\/\\\/inclusivenews.com.br\\\/#\\\/schema\\\/logo\\\/image\\\/\"},\"sameAs\":[\"https:\\\/\\\/www.facebook.com\\\/agenciainclusive\\\/\",\"https:\\\/\\\/www.instagram.com\\\/newsinclusive\\\/\"]},{\"@type\":\"Person\",\"@id\":\"https:\\\/\\\/inclusivenews.com.br\\\/#\\\/schema\\\/person\\\/ae4ec7087559b8692fb33b6fffd2273b\",\"name\":\"inclusivenews2024\",\"image\":{\"@type\":\"ImageObject\",\"inLanguage\":\"pt-PT\",\"@id\":\"https:\\\/\\\/secure.gravatar.com\\\/avatar\\\/c5a7ef84c66fa914f55bc4f7ce26cfa275a3b9a1c5568b907bd184fb4dde7b40?s=96&d=mm&r=g\",\"url\":\"https:\\\/\\\/secure.gravatar.com\\\/avatar\\\/c5a7ef84c66fa914f55bc4f7ce26cfa275a3b9a1c5568b907bd184fb4dde7b40?s=96&d=mm&r=g\",\"contentUrl\":\"https:\\\/\\\/secure.gravatar.com\\\/avatar\\\/c5a7ef84c66fa914f55bc4f7ce26cfa275a3b9a1c5568b907bd184fb4dde7b40?s=96&d=mm&r=g\",\"caption\":\"inclusivenews2024\"},\"sameAs\":[\"https:\\\/\\\/inclusivenews.com.br\"],\"url\":\"https:\\\/\\\/inclusivenews.com.br\\\/?author=1\"}]}<\/script>\n<!-- \/ Yoast SEO plugin. -->","yoast_head_json":{"title":"Decis\u00e3o hist\u00f3rica: Tribunal de Justi\u00e7a do Estado do Par\u00e1 condena discrimina\u00e7\u00e3o e garante inclus\u00e3o nas escolas.","description":"Leia sobre a decis\u00e3o hist\u00f3rica que representa um marco na luta contra o capacitismo e a favor da inclus\u00e3o nas escolas pelo Brasil a fora. Saiba por que essa decis\u00e3o \u00e9 t\u00e3o importante, promovendo a inclus\u00e3o, desafiando o capacitismo e garantindo o acesso \u00e0 educa\u00e7\u00e3o. Compartilhe essa vit\u00f3ria e ajude a construir uma sociedade mais inclusiva e consciente. Acesse o link da sustenta\u00e7\u00e3o oral do advogado, Dr. Lucas Nogueira.","robots":{"index":"index","follow":"follow","max-snippet":"max-snippet:-1","max-image-preview":"max-image-preview:large","max-video-preview":"max-video-preview:-1"},"canonical":"https:\/\/inclusivenews.com.br\/?p=32949","og_locale":"pt_PT","og_type":"article","og_title":"Decis\u00e3o hist\u00f3rica: Tribunal de Justi\u00e7a do Estado do Par\u00e1 condena discrimina\u00e7\u00e3o e garante inclus\u00e3o nas escolas.","og_description":"Leia sobre a decis\u00e3o hist\u00f3rica que representa um marco na luta contra o capacitismo e a favor da inclus\u00e3o nas escolas pelo Brasil a fora. Saiba por que essa decis\u00e3o \u00e9 t\u00e3o importante, promovendo a inclus\u00e3o, desafiando o capacitismo e garantindo o acesso \u00e0 educa\u00e7\u00e3o. Compartilhe essa vit\u00f3ria e ajude a construir uma sociedade mais inclusiva e consciente. Acesse o link da sustenta\u00e7\u00e3o oral do advogado, Dr. Lucas Nogueira.","og_url":"https:\/\/inclusivenews.com.br\/?p=32949","article_publisher":"https:\/\/www.facebook.com\/agenciainclusive\/","article_published_time":"2024-04-03T12:54:16+00:00","article_modified_time":"2024-04-05T10:43:05+00:00","og_image":[{"width":850,"height":598,"url":"https:\/\/inclusivenews.com.br\/wp-content\/uploads\/2024\/04\/martelo-justica.png","type":"image\/png"}],"author":"inclusivenews2024","twitter_card":"summary_large_image","twitter_misc":{"Escrito por":"inclusivenews2024","Tempo estimado de leitura":"2 minutos"},"schema":{"@context":"https:\/\/schema.org","@graph":[{"@type":"Article","@id":"https:\/\/inclusivenews.com.br\/?p=32949#article","isPartOf":{"@id":"https:\/\/inclusivenews.com.br\/?p=32949"},"author":{"name":"inclusivenews2024","@id":"https:\/\/inclusivenews.com.br\/#\/schema\/person\/ae4ec7087559b8692fb33b6fffd2273b"},"headline":"Decis\u00e3o hist\u00f3rica: Tribunal de Justi\u00e7a do Estado do Par\u00e1 condena discrimina\u00e7\u00e3o e garante inclus\u00e3o nas escolas.","datePublished":"2024-04-03T12:54:16+00:00","dateModified":"2024-04-05T10:43:05+00:00","mainEntityOfPage":{"@id":"https:\/\/inclusivenews.com.br\/?p=32949"},"wordCount":300,"commentCount":0,"publisher":{"@id":"https:\/\/inclusivenews.com.br\/#organization"},"image":{"@id":"https:\/\/inclusivenews.com.br\/?p=32949#primaryimage"},"thumbnailUrl":"https:\/\/inclusivenews.com.br\/wp-content\/uploads\/2024\/04\/martelo-justica.png","keywords":["capacitismo","Educa\u00e7\u00e3o","Inclus\u00e3o"],"articleSection":["Direitos e Inclus\u00e3o","EDUCA\u00c7\u00c3O"],"inLanguage":"pt-PT","potentialAction":[{"@type":"CommentAction","name":"Comment","target":["https:\/\/inclusivenews.com.br\/?p=32949#respond"]}]},{"@type":"WebPage","@id":"https:\/\/inclusivenews.com.br\/?p=32949","url":"https:\/\/inclusivenews.com.br\/?p=32949","name":"Decis\u00e3o hist\u00f3rica: Tribunal de Justi\u00e7a do Estado do Par\u00e1 condena discrimina\u00e7\u00e3o e garante inclus\u00e3o nas escolas.","isPartOf":{"@id":"https:\/\/inclusivenews.com.br\/#website"},"primaryImageOfPage":{"@id":"https:\/\/inclusivenews.com.br\/?p=32949#primaryimage"},"image":{"@id":"https:\/\/inclusivenews.com.br\/?p=32949#primaryimage"},"thumbnailUrl":"https:\/\/inclusivenews.com.br\/wp-content\/uploads\/2024\/04\/martelo-justica.png","datePublished":"2024-04-03T12:54:16+00:00","dateModified":"2024-04-05T10:43:05+00:00","description":"Leia sobre a decis\u00e3o hist\u00f3rica que representa um marco na luta contra o capacitismo e a favor da inclus\u00e3o nas escolas pelo Brasil a fora. Saiba por que essa decis\u00e3o \u00e9 t\u00e3o importante, promovendo a inclus\u00e3o, desafiando o capacitismo e garantindo o acesso \u00e0 educa\u00e7\u00e3o. Compartilhe essa vit\u00f3ria e ajude a construir uma sociedade mais inclusiva e consciente. Acesse o link da sustenta\u00e7\u00e3o oral do advogado, Dr. Lucas Nogueira.","breadcrumb":{"@id":"https:\/\/inclusivenews.com.br\/?p=32949#breadcrumb"},"inLanguage":"pt-PT","potentialAction":[{"@type":"ReadAction","target":["https:\/\/inclusivenews.com.br\/?p=32949"]}]},{"@type":"ImageObject","inLanguage":"pt-PT","@id":"https:\/\/inclusivenews.com.br\/?p=32949#primaryimage","url":"https:\/\/inclusivenews.com.br\/wp-content\/uploads\/2024\/04\/martelo-justica.png","contentUrl":"https:\/\/inclusivenews.com.br\/wp-content\/uploads\/2024\/04\/martelo-justica.png","width":850,"height":598},{"@type":"BreadcrumbList","@id":"https:\/\/inclusivenews.com.br\/?p=32949#breadcrumb","itemListElement":[{"@type":"ListItem","position":1,"name":"In\u00edcio","item":"https:\/\/inclusivenews.com.br\/"},{"@type":"ListItem","position":2,"name":"Decis\u00e3o hist\u00f3rica: Tribunal de Justi\u00e7a do Estado do Par\u00e1 condena discrimina\u00e7\u00e3o e garante inclus\u00e3o nas escolas."}]},{"@type":"WebSite","@id":"https:\/\/inclusivenews.com.br\/#website","url":"https:\/\/inclusivenews.com.br\/","name":"Inclusive News","description":"Inclusive News","publisher":{"@id":"https:\/\/inclusivenews.com.br\/#organization"},"potentialAction":[{"@type":"SearchAction","target":{"@type":"EntryPoint","urlTemplate":"https:\/\/inclusivenews.com.br\/?s={search_term_string}"},"query-input":{"@type":"PropertyValueSpecification","valueRequired":true,"valueName":"search_term_string"}}],"inLanguage":"pt-PT"},{"@type":"Organization","@id":"https:\/\/inclusivenews.com.br\/#organization","name":"Inclusive - inclus\u00e3o e cidadania","url":"https:\/\/inclusivenews.com.br\/","logo":{"@type":"ImageObject","inLanguage":"pt-PT","@id":"https:\/\/inclusivenews.com.br\/#\/schema\/logo\/image\/","url":"https:\/\/inclusivenews.com.br\/wp-content\/uploads\/2024\/03\/@grandesite.png","contentUrl":"https:\/\/inclusivenews.com.br\/wp-content\/uploads\/2024\/03\/@grandesite.png","width":1080,"height":1080,"caption":"Inclusive - inclus\u00e3o e cidadania"},"image":{"@id":"https:\/\/inclusivenews.com.br\/#\/schema\/logo\/image\/"},"sameAs":["https:\/\/www.facebook.com\/agenciainclusive\/","https:\/\/www.instagram.com\/newsinclusive\/"]},{"@type":"Person","@id":"https:\/\/inclusivenews.com.br\/#\/schema\/person\/ae4ec7087559b8692fb33b6fffd2273b","name":"inclusivenews2024","image":{"@type":"ImageObject","inLanguage":"pt-PT","@id":"https:\/\/secure.gravatar.com\/avatar\/c5a7ef84c66fa914f55bc4f7ce26cfa275a3b9a1c5568b907bd184fb4dde7b40?s=96&d=mm&r=g","url":"https:\/\/secure.gravatar.com\/avatar\/c5a7ef84c66fa914f55bc4f7ce26cfa275a3b9a1c5568b907bd184fb4dde7b40?s=96&d=mm&r=g","contentUrl":"https:\/\/secure.gravatar.com\/avatar\/c5a7ef84c66fa914f55bc4f7ce26cfa275a3b9a1c5568b907bd184fb4dde7b40?s=96&d=mm&r=g","caption":"inclusivenews2024"},"sameAs":["https:\/\/inclusivenews.com.br"],"url":"https:\/\/inclusivenews.com.br\/?author=1"}]}},"_links":{"self":[{"href":"https:\/\/inclusivenews.com.br\/index.php?rest_route=\/wp\/v2\/posts\/32949","targetHints":{"allow":["GET"]}}],"collection":[{"href":"https:\/\/inclusivenews.com.br\/index.php?rest_route=\/wp\/v2\/posts"}],"about":[{"href":"https:\/\/inclusivenews.com.br\/index.php?rest_route=\/wp\/v2\/types\/post"}],"author":[{"embeddable":true,"href":"https:\/\/inclusivenews.com.br\/index.php?rest_route=\/wp\/v2\/users\/1"}],"replies":[{"embeddable":true,"href":"https:\/\/inclusivenews.com.br\/index.php?rest_route=%2Fwp%2Fv2%2Fcomments&post=32949"}],"version-history":[{"count":3,"href":"https:\/\/inclusivenews.com.br\/index.php?rest_route=\/wp\/v2\/posts\/32949\/revisions"}],"predecessor-version":[{"id":32983,"href":"https:\/\/inclusivenews.com.br\/index.php?rest_route=\/wp\/v2\/posts\/32949\/revisions\/32983"}],"wp:featuredmedia":[{"embeddable":true,"href":"https:\/\/inclusivenews.com.br\/index.php?rest_route=\/wp\/v2\/media\/32950"}],"wp:attachment":[{"href":"https:\/\/inclusivenews.com.br\/index.php?rest_route=%2Fwp%2Fv2%2Fmedia&parent=32949"}],"wp:term":[{"taxonomy":"category","embeddable":true,"href":"https:\/\/inclusivenews.com.br\/index.php?rest_route=%2Fwp%2Fv2%2Fcategories&post=32949"},{"taxonomy":"post_tag","embeddable":true,"href":"https:\/\/inclusivenews.com.br\/index.php?rest_route=%2Fwp%2Fv2%2Ftags&post=32949"}],"curies":[{"name":"wp","href":"https:\/\/api.w.org\/{rel}","templated":true}]}}