{"id":3297,"date":"2009-01-24T10:44:14","date_gmt":"2009-01-24T10:44:14","guid":{"rendered":"http:\/\/agenciainclusive.wordpress.com\/?p=3297"},"modified":"2009-01-24T10:44:14","modified_gmt":"2009-01-24T10:44:14","slug":"mp-quer-inclusao-de-deficientes","status":"publish","type":"post","link":"https:\/\/inclusivenews.com.br\/?p=3297","title":{"rendered":"MP quer inclus\u00e3o de deficientes"},"content":{"rendered":"<p>Por \u00c9rica Ferreira<\/p>\n<p>O menino I. R. S., de 12 anos, sonha em ser advogado, mas a realidade passa longe disso. Ele est\u00e1 sem frequentar as salas de aulas h\u00e1 dois anos, desde que teve um tumor no f\u00eamur e colocou uma pr\u00f3tese, que vai da cintura ao joelho. A defici\u00eancia na crian\u00e7a tornou-se empecilho na hora de conseguir uma vaga nas institui\u00e7\u00f5es p\u00fablicas de ensino. A m\u00e3e, V. S., j\u00e1 procurou tr\u00eas escolas e n\u00e3o conseguiu matricular seu filho. Segundo V. S., as diretorias das institui\u00e7\u00f5es de ensino alegam n\u00e3o ter vaga e, ainda, n\u00e3o ter capacidade para atender I.R.S., uma vez que ele precisa de cuidados especiais.<\/p>\n<p>V. S. conta que seu filho n\u00e3o pode brincar normalmente com os colegas da escola porque se sofrer uma queda sua capacidade de locomo\u00e7\u00e3o ficar\u00e1 comprometida. \u201cA parte mais chata \u00e9 que eu n\u00e3o posso correr, a\u00ed n\u00e3o d\u00e1 para brincar com meus amigos e nem jogar bola. S\u00f3 brinco de carrinho, sentado com quem vem brincar aqui (quintal de sua casa)\u201d, comenta I.R.S.. O menino, que fica da janela observando os meninos de sua idade brincar na rua, lamenta por n\u00e3o poder estudar e teme ser sempre exclu\u00eddo da sociedade.<\/p>\n<p>Nos col\u00e9gios onde a m\u00e3e procurou vaga, apenas um aceitou o menino ap\u00f3s impor condi\u00e7\u00f5es. \u201cEles deixariam meu filho estudar se eu ficasse o tempo todo ao seu lado, vigiando\u201d, exp\u00f5e. V. S. tentou matricular I.R.S. no Col\u00e9gio Estadual Joel Marcelino, onde foi rejeitado. Na Escola Estadual Vila Lobos, na Escola Estadual Maria de F\u00e1tima Santana e no Col\u00e9gio Municipal Robinho, V. S. tamb\u00e9m n\u00e3o efetuou a matr\u00edcula por falta de vagas.<\/p>\n<p>S\u00f3 neste ano, o Minist\u00e9rio P\u00fablico (MP) j\u00e1 recebeu quatro reclama\u00e7\u00f5es sobre m\u00e3es que n\u00e3o conseguem matricular crian\u00e7as com defici\u00eancias. Conforme o coordenador do Centro de Apoio Operacional (CAO) da Inf\u00e2ncia, Juventude e Educa\u00e7\u00e3o, Everaldo Sebasti\u00e3o de Sousa, s\u00e3o repetitivas as reclama\u00e7\u00f5es feitas ao MP de crian\u00e7as e adolescentes que tiveram seus direitos negados, com destaque para os estabelecimentos privados.<\/p>\n<p>O coordenador do CAO da Inf\u00e2ncia, Juventude e Educa\u00e7\u00e3o prev\u00ea medidas administrativas, c\u00edveis e criminais contra diretores de escolas que recusam matricular alunos deficientes. De acordo com a legisla\u00e7\u00e3o em vigor, especialmente a Constitui\u00e7\u00e3o Federal e as Leis n\u00ba 7.853, 8.069 e 9.394, \u00e9 garantido o acesso \u00e0 escola regular da pessoa com defici\u00eancia, vedando-se todas as formas de discrimina\u00e7\u00e3o. Souza refor\u00e7a que a educa\u00e7\u00e3o deve incluir. \u201cA m\u00e3e procura a vaga e a diretora n\u00e3o aceita porque n\u00e3o quer misturar a crian\u00e7a com defici\u00eancia \u00e0s demais, pensando como os pais das outras crian\u00e7as ir\u00e3o reagir\u201d, explica.<\/p>\n<p>Dessa forma, os novos casos ser\u00e3o encaminhados aos Conselhos de Educa\u00e7\u00e3o para provid\u00eancias administrativas; aos promotores da \u00e1rea de defesa do Cidad\u00e3o, para garantir os direitos violados; e tamb\u00e9m, \u00e0s Delegacias de Pol\u00edcia, para a responsabiliza\u00e7\u00e3o criminal. A previs\u00e3o de pena \u00e9 de um a quatro anos de pris\u00e3o, al\u00e9m de multa, aos respons\u00e1veis pelas escolas p\u00fablicas e privadas que recusarem, suspenderem, cancelarem ou fazerem cessar, sem justa causa, a inscri\u00e7\u00e3o do aluno no estabelecimento de ensino em qualquer curso ou grau, em raz\u00e3o da defici\u00eancia.<\/p>\n<p>Fonte: <a href=\"http:\/\/www.hojenoticia.com.br\/editoria_materia.php?id=22589\" target=\"_blank\" rel=\"noopener\">http:\/\/www.hojenoticia.com.br\/editoria_materia.php?id=22589<\/a><\/p>\n","protected":false},"excerpt":{"rendered":"<p>Por \u00c9rica Ferreira O menino I. R. S., de 12 anos, sonha em ser advogado, mas a realidade passa longe disso. Ele est\u00e1 sem frequentar as salas de aulas h\u00e1 dois anos, desde que teve um tumor no f\u00eamur e colocou uma pr\u00f3tese, que vai da cintura ao joelho. A defici\u00eancia na crian\u00e7a tornou-se empecilho [&hellip;]<\/p>\n","protected":false},"author":2,"featured_media":0,"comment_status":"open","ping_status":"open","sticky":false,"template":"","format":"standard","meta":{"site-container-style":"default","site-container-layout":"default","site-sidebar-layout":"default","disable-article-header":"default","disable-site-header":"default","disable-site-footer":"default","disable-content-area-spacing":"default","footnotes":""},"categories":[11,6,4],"tags":[],"class_list":["post-3297","post","type-post","status-publish","format-standard","hentry","category-direitos-humanos","category-educacao","category-noticias"],"yoast_head":"<!-- This site is optimized with the Yoast SEO plugin v27.4 - https:\/\/yoast.com\/product\/yoast-seo-wordpress\/ -->\n<title>MP quer inclus\u00e3o de deficientes -<\/title>\n<meta name=\"robots\" content=\"index, follow, max-snippet:-1, max-image-preview:large, max-video-preview:-1\" \/>\n<link rel=\"canonical\" href=\"https:\/\/inclusivenews.com.br\/?p=3297\" \/>\n<meta property=\"og:locale\" content=\"pt_PT\" \/>\n<meta property=\"og:type\" content=\"article\" \/>\n<meta property=\"og:title\" content=\"MP quer inclus\u00e3o de deficientes -\" \/>\n<meta property=\"og:description\" content=\"Por \u00c9rica Ferreira O menino I. R. S., de 12 anos, sonha em ser advogado, mas a realidade passa longe disso. Ele est\u00e1 sem frequentar as salas de aulas h\u00e1 dois anos, desde que teve um tumor no f\u00eamur e colocou uma pr\u00f3tese, que vai da cintura ao joelho. A defici\u00eancia na crian\u00e7a tornou-se empecilho [&hellip;]\" \/>\n<meta property=\"og:url\" content=\"https:\/\/inclusivenews.com.br\/?p=3297\" \/>\n<meta property=\"article:publisher\" content=\"https:\/\/www.facebook.com\/agenciainclusive\/\" \/>\n<meta property=\"article:published_time\" content=\"2009-01-24T10:44:14+00:00\" \/>\n<meta name=\"author\" content=\"Inclusive\" \/>\n<meta name=\"twitter:card\" content=\"summary_large_image\" \/>\n<meta name=\"twitter:label1\" content=\"Escrito por\" \/>\n\t<meta name=\"twitter:data1\" content=\"Inclusive\" \/>\n\t<meta name=\"twitter:label2\" content=\"Tempo estimado de leitura\" \/>\n\t<meta name=\"twitter:data2\" content=\"3 minutos\" \/>\n<script type=\"application\/ld+json\" class=\"yoast-schema-graph\">{\"@context\":\"https:\\\/\\\/schema.org\",\"@graph\":[{\"@type\":\"Article\",\"@id\":\"https:\\\/\\\/inclusivenews.com.br\\\/?p=3297#article\",\"isPartOf\":{\"@id\":\"https:\\\/\\\/inclusivenews.com.br\\\/?p=3297\"},\"author\":{\"name\":\"Inclusive\",\"@id\":\"https:\\\/\\\/inclusivenews.com.br\\\/#\\\/schema\\\/person\\\/0dab492019871b94abb65fa8ee7c8c44\"},\"headline\":\"MP quer inclus\u00e3o de deficientes\",\"datePublished\":\"2009-01-24T10:44:14+00:00\",\"mainEntityOfPage\":{\"@id\":\"https:\\\/\\\/inclusivenews.com.br\\\/?p=3297\"},\"wordCount\":602,\"commentCount\":0,\"publisher\":{\"@id\":\"https:\\\/\\\/inclusivenews.com.br\\\/#organization\"},\"articleSection\":[\"DIREITOS HUMANOS\",\"EDUCA\u00c7\u00c3O\",\"NOT\u00cdCIAS\"],\"inLanguage\":\"pt-PT\",\"potentialAction\":[{\"@type\":\"CommentAction\",\"name\":\"Comment\",\"target\":[\"https:\\\/\\\/inclusivenews.com.br\\\/?p=3297#respond\"]}]},{\"@type\":\"WebPage\",\"@id\":\"https:\\\/\\\/inclusivenews.com.br\\\/?p=3297\",\"url\":\"https:\\\/\\\/inclusivenews.com.br\\\/?p=3297\",\"name\":\"MP quer inclus\u00e3o de deficientes -\",\"isPartOf\":{\"@id\":\"https:\\\/\\\/inclusivenews.com.br\\\/#website\"},\"datePublished\":\"2009-01-24T10:44:14+00:00\",\"breadcrumb\":{\"@id\":\"https:\\\/\\\/inclusivenews.com.br\\\/?p=3297#breadcrumb\"},\"inLanguage\":\"pt-PT\",\"potentialAction\":[{\"@type\":\"ReadAction\",\"target\":[\"https:\\\/\\\/inclusivenews.com.br\\\/?p=3297\"]}]},{\"@type\":\"BreadcrumbList\",\"@id\":\"https:\\\/\\\/inclusivenews.com.br\\\/?p=3297#breadcrumb\",\"itemListElement\":[{\"@type\":\"ListItem\",\"position\":1,\"name\":\"In\u00edcio\",\"item\":\"https:\\\/\\\/inclusivenews.com.br\\\/\"},{\"@type\":\"ListItem\",\"position\":2,\"name\":\"MP quer inclus\u00e3o de deficientes\"}]},{\"@type\":\"WebSite\",\"@id\":\"https:\\\/\\\/inclusivenews.com.br\\\/#website\",\"url\":\"https:\\\/\\\/inclusivenews.com.br\\\/\",\"name\":\"Inclusive News\",\"description\":\"Inclusive News\",\"publisher\":{\"@id\":\"https:\\\/\\\/inclusivenews.com.br\\\/#organization\"},\"potentialAction\":[{\"@type\":\"SearchAction\",\"target\":{\"@type\":\"EntryPoint\",\"urlTemplate\":\"https:\\\/\\\/inclusivenews.com.br\\\/?s={search_term_string}\"},\"query-input\":{\"@type\":\"PropertyValueSpecification\",\"valueRequired\":true,\"valueName\":\"search_term_string\"}}],\"inLanguage\":\"pt-PT\"},{\"@type\":\"Organization\",\"@id\":\"https:\\\/\\\/inclusivenews.com.br\\\/#organization\",\"name\":\"Inclusive - inclus\u00e3o e cidadania\",\"url\":\"https:\\\/\\\/inclusivenews.com.br\\\/\",\"logo\":{\"@type\":\"ImageObject\",\"inLanguage\":\"pt-PT\",\"@id\":\"https:\\\/\\\/inclusivenews.com.br\\\/#\\\/schema\\\/logo\\\/image\\\/\",\"url\":\"https:\\\/\\\/inclusivenews.com.br\\\/wp-content\\\/uploads\\\/2024\\\/03\\\/@grandesite.png\",\"contentUrl\":\"https:\\\/\\\/inclusivenews.com.br\\\/wp-content\\\/uploads\\\/2024\\\/03\\\/@grandesite.png\",\"width\":1080,\"height\":1080,\"caption\":\"Inclusive - inclus\u00e3o e cidadania\"},\"image\":{\"@id\":\"https:\\\/\\\/inclusivenews.com.br\\\/#\\\/schema\\\/logo\\\/image\\\/\"},\"sameAs\":[\"https:\\\/\\\/www.facebook.com\\\/agenciainclusive\\\/\",\"https:\\\/\\\/www.instagram.com\\\/newsinclusive\\\/\"]},{\"@type\":\"Person\",\"@id\":\"https:\\\/\\\/inclusivenews.com.br\\\/#\\\/schema\\\/person\\\/0dab492019871b94abb65fa8ee7c8c44\",\"name\":\"Inclusive\",\"image\":{\"@type\":\"ImageObject\",\"inLanguage\":\"pt-PT\",\"@id\":\"https:\\\/\\\/secure.gravatar.com\\\/avatar\\\/?s=96&d=mm&r=g\",\"url\":\"https:\\\/\\\/secure.gravatar.com\\\/avatar\\\/?s=96&d=mm&r=g\",\"contentUrl\":\"https:\\\/\\\/secure.gravatar.com\\\/avatar\\\/?s=96&d=mm&r=g\",\"caption\":\"Inclusive\"},\"url\":\"https:\\\/\\\/inclusivenews.com.br\\\/?author=2\"}]}<\/script>\n<!-- \/ Yoast SEO plugin. -->","yoast_head_json":{"title":"MP quer inclus\u00e3o de deficientes -","robots":{"index":"index","follow":"follow","max-snippet":"max-snippet:-1","max-image-preview":"max-image-preview:large","max-video-preview":"max-video-preview:-1"},"canonical":"https:\/\/inclusivenews.com.br\/?p=3297","og_locale":"pt_PT","og_type":"article","og_title":"MP quer inclus\u00e3o de deficientes -","og_description":"Por \u00c9rica Ferreira O menino I. R. S., de 12 anos, sonha em ser advogado, mas a realidade passa longe disso. Ele est\u00e1 sem frequentar as salas de aulas h\u00e1 dois anos, desde que teve um tumor no f\u00eamur e colocou uma pr\u00f3tese, que vai da cintura ao joelho. A defici\u00eancia na crian\u00e7a tornou-se empecilho [&hellip;]","og_url":"https:\/\/inclusivenews.com.br\/?p=3297","article_publisher":"https:\/\/www.facebook.com\/agenciainclusive\/","article_published_time":"2009-01-24T10:44:14+00:00","author":"Inclusive","twitter_card":"summary_large_image","twitter_misc":{"Escrito por":"Inclusive","Tempo estimado de leitura":"3 minutos"},"schema":{"@context":"https:\/\/schema.org","@graph":[{"@type":"Article","@id":"https:\/\/inclusivenews.com.br\/?p=3297#article","isPartOf":{"@id":"https:\/\/inclusivenews.com.br\/?p=3297"},"author":{"name":"Inclusive","@id":"https:\/\/inclusivenews.com.br\/#\/schema\/person\/0dab492019871b94abb65fa8ee7c8c44"},"headline":"MP quer inclus\u00e3o de deficientes","datePublished":"2009-01-24T10:44:14+00:00","mainEntityOfPage":{"@id":"https:\/\/inclusivenews.com.br\/?p=3297"},"wordCount":602,"commentCount":0,"publisher":{"@id":"https:\/\/inclusivenews.com.br\/#organization"},"articleSection":["DIREITOS HUMANOS","EDUCA\u00c7\u00c3O","NOT\u00cdCIAS"],"inLanguage":"pt-PT","potentialAction":[{"@type":"CommentAction","name":"Comment","target":["https:\/\/inclusivenews.com.br\/?p=3297#respond"]}]},{"@type":"WebPage","@id":"https:\/\/inclusivenews.com.br\/?p=3297","url":"https:\/\/inclusivenews.com.br\/?p=3297","name":"MP quer inclus\u00e3o de deficientes -","isPartOf":{"@id":"https:\/\/inclusivenews.com.br\/#website"},"datePublished":"2009-01-24T10:44:14+00:00","breadcrumb":{"@id":"https:\/\/inclusivenews.com.br\/?p=3297#breadcrumb"},"inLanguage":"pt-PT","potentialAction":[{"@type":"ReadAction","target":["https:\/\/inclusivenews.com.br\/?p=3297"]}]},{"@type":"BreadcrumbList","@id":"https:\/\/inclusivenews.com.br\/?p=3297#breadcrumb","itemListElement":[{"@type":"ListItem","position":1,"name":"In\u00edcio","item":"https:\/\/inclusivenews.com.br\/"},{"@type":"ListItem","position":2,"name":"MP quer inclus\u00e3o de deficientes"}]},{"@type":"WebSite","@id":"https:\/\/inclusivenews.com.br\/#website","url":"https:\/\/inclusivenews.com.br\/","name":"Inclusive News","description":"Inclusive News","publisher":{"@id":"https:\/\/inclusivenews.com.br\/#organization"},"potentialAction":[{"@type":"SearchAction","target":{"@type":"EntryPoint","urlTemplate":"https:\/\/inclusivenews.com.br\/?s={search_term_string}"},"query-input":{"@type":"PropertyValueSpecification","valueRequired":true,"valueName":"search_term_string"}}],"inLanguage":"pt-PT"},{"@type":"Organization","@id":"https:\/\/inclusivenews.com.br\/#organization","name":"Inclusive - inclus\u00e3o e cidadania","url":"https:\/\/inclusivenews.com.br\/","logo":{"@type":"ImageObject","inLanguage":"pt-PT","@id":"https:\/\/inclusivenews.com.br\/#\/schema\/logo\/image\/","url":"https:\/\/inclusivenews.com.br\/wp-content\/uploads\/2024\/03\/@grandesite.png","contentUrl":"https:\/\/inclusivenews.com.br\/wp-content\/uploads\/2024\/03\/@grandesite.png","width":1080,"height":1080,"caption":"Inclusive - inclus\u00e3o e cidadania"},"image":{"@id":"https:\/\/inclusivenews.com.br\/#\/schema\/logo\/image\/"},"sameAs":["https:\/\/www.facebook.com\/agenciainclusive\/","https:\/\/www.instagram.com\/newsinclusive\/"]},{"@type":"Person","@id":"https:\/\/inclusivenews.com.br\/#\/schema\/person\/0dab492019871b94abb65fa8ee7c8c44","name":"Inclusive","image":{"@type":"ImageObject","inLanguage":"pt-PT","@id":"https:\/\/secure.gravatar.com\/avatar\/?s=96&d=mm&r=g","url":"https:\/\/secure.gravatar.com\/avatar\/?s=96&d=mm&r=g","contentUrl":"https:\/\/secure.gravatar.com\/avatar\/?s=96&d=mm&r=g","caption":"Inclusive"},"url":"https:\/\/inclusivenews.com.br\/?author=2"}]}},"_links":{"self":[{"href":"https:\/\/inclusivenews.com.br\/index.php?rest_route=\/wp\/v2\/posts\/3297","targetHints":{"allow":["GET"]}}],"collection":[{"href":"https:\/\/inclusivenews.com.br\/index.php?rest_route=\/wp\/v2\/posts"}],"about":[{"href":"https:\/\/inclusivenews.com.br\/index.php?rest_route=\/wp\/v2\/types\/post"}],"author":[{"embeddable":true,"href":"https:\/\/inclusivenews.com.br\/index.php?rest_route=\/wp\/v2\/users\/2"}],"replies":[{"embeddable":true,"href":"https:\/\/inclusivenews.com.br\/index.php?rest_route=%2Fwp%2Fv2%2Fcomments&post=3297"}],"version-history":[{"count":0,"href":"https:\/\/inclusivenews.com.br\/index.php?rest_route=\/wp\/v2\/posts\/3297\/revisions"}],"wp:attachment":[{"href":"https:\/\/inclusivenews.com.br\/index.php?rest_route=%2Fwp%2Fv2%2Fmedia&parent=3297"}],"wp:term":[{"taxonomy":"category","embeddable":true,"href":"https:\/\/inclusivenews.com.br\/index.php?rest_route=%2Fwp%2Fv2%2Fcategories&post=3297"},{"taxonomy":"post_tag","embeddable":true,"href":"https:\/\/inclusivenews.com.br\/index.php?rest_route=%2Fwp%2Fv2%2Ftags&post=3297"}],"curies":[{"name":"wp","href":"https:\/\/api.w.org\/{rel}","templated":true}]}}