{"id":3300,"date":"2009-01-24T10:53:54","date_gmt":"2009-01-24T10:53:54","guid":{"rendered":"http:\/\/agenciainclusive.wordpress.com\/?p=3300"},"modified":"2009-01-24T10:53:54","modified_gmt":"2009-01-24T10:53:54","slug":"minuto-da-inclusao-programas-585-586-587-e-588","status":"publish","type":"post","link":"https:\/\/inclusivenews.com.br\/?p=3300","title":{"rendered":"Minuto da inclus\u00e3o &#8211; Programas 585, 586, 587 e 588"},"content":{"rendered":"<figure id=\"attachment_2988\" aria-describedby=\"caption-attachment-2988\" style=\"width: 180px\" class=\"wp-caption alignnone\"><img loading=\"lazy\" decoding=\"async\" class=\"size-full wp-image-2988\" title=\"minuto_da_inclusao\" src=\"http:\/\/agenciainclusive.files.wordpress.com\/2009\/01\/minuto_da_inclusao.jpg\" alt=\"minuto_da_inclusao\" width=\"180\" height=\"78\" \/><figcaption id=\"caption-attachment-2988\" class=\"wp-caption-text\">Na imagem, logotipo do Minuto da Inclus\u00e3o: um rel\u00f3gio simulando uma pessoa de bra\u00e7os abertos contornada por um c\u00edrculo incompleto.<\/figcaption><\/figure>\n<p style=\"text-align:right;\">Para ouvir os boletins direto do navegador,<br \/>\nrole o mouse sobre os links e aguarde<br \/>\no player ser exibido na janela popup.<\/p>\n<p style=\"text-align:left;\"><a href=\"http:\/\/www.mypodcast.com\/fsaudio\/inclusive_20090122_1451-367287.mp3\" target=\"_blank\" rel=\"noopener\">Programa 585 &#8211; Conviv\u00eancia com pessoas com defici\u00eancia visual<\/a><\/p>\n<p style=\"text-align:left;\">Ol\u00e1 Brasil!<br \/>\nHoje vamos passar algumas informa\u00e7\u00f5es para quando voc\u00ea encontrar uma pessoa com defici\u00eancia visual. Na rua ou em algum ambiente p\u00fablico, pergunte se ela precisa de ajuda. Se aceitar, ofere\u00e7a seu bra\u00e7o para que ela possa se orientar com seguran\u00e7a. N\u00e3o ande muito depressa para que a pessoa com defici\u00eancia visual possa usar corretamente a bengala. Se ela quiser sentar-se, coloque a m\u00e3o dela no encosto da cadeira e caso precise se afastar, avise, evitando que ela fale sozinha. Deixe que a pessoa com defici\u00eancia visual fa\u00e7a suas atividades di\u00e1rias com independ\u00eancia. Ajude somente quando for solicitado. Lembre-se: n\u00e3o tenha receio em esclarecer suas d\u00favidas e fazer perguntas.  Um bom di\u00e1logo \u00e9 fundamental para que a conviv\u00eancia ocorra com naturalidade.<br \/>\nTuca Munhoz para o Minuto da Inclus\u00e3o.<\/p>\n<p style=\"text-align:left;\"><a href=\"http:\/\/www.mypodcast.com\/fsaudio\/inclusive_20090122_1455-367289.mp3\" target=\"_blank\" rel=\"noopener\">Programa 586 &#8211; Informa\u00e7\u00f5es sobre a S\u00edndrome de Down<\/a><\/p>\n<p style=\"text-align:left;\">Ol\u00e1 Brasil!<br \/>\nAo contr\u00e1rio do que muitos pensam a s\u00edndrome de Down n\u00e3o \u00e9 uma doen\u00e7a, mas sim uma altera\u00e7\u00e3o gen\u00e9tica ocorrida durante a fecunda\u00e7\u00e3o. Ou seja, ela \u00e9 um fen\u00f4meno natural presente em todas as classes sociais em todo o mundo, sendo registrada aproximadamente em um a cada setecentos nascimentos. Ap\u00f3s o diagn\u00f3stico, \u00e9 importante que a fam\u00edlia receba todas as orienta\u00e7\u00f5es necess\u00e1rias para o desenvolvimento do beb\u00ea. Isso ir\u00e1 permitir que a crian\u00e7a com s\u00edndrome de Down desenvolva toda sua potencialidade. Nos \u00faltimos anos, com o avan\u00e7o da ci\u00eancia, a qualidade de vida das pessoas com esta s\u00edndrome melhorou muito. Hoje, h\u00e1 pessoas com s\u00edndrome de Down estudando, trabalhando, se casando e chegando a universidade. A informa\u00e7\u00e3o \u00e9 o caminho para combater o preconceito contra essas pessoas. Nos pr\u00f3ximos programas falaremos mais sobre esse tema.<br \/>\nTuca Munhoz para o Minuto da Inclus\u00e3o.<\/p>\n<p style=\"text-align:left;\"><a href=\"http:\/\/www.mypodcast.com\/fsaudio\/inclusive_20090122_1459-367291.mp3\">Programa 587 &#8211; Conviv\u00eancia com pessoas com defici\u00eancia f\u00edsica<\/a><\/p>\n<p style=\"text-align:left;\">Ol\u00e1 Brasil!<br \/>\nHoje vamos passar informa\u00e7\u00f5es para quando voc\u00ea encontrar uma pessoa com defici\u00eancia f\u00edsica. Se ela estiver em cadeira de rodas, procure um lugar e sente-se para que possam conversar com os olhos no mesmo n\u00edvel.<br \/>\nAs cadeiras de rodas, assim como as bengalas e muletas, s\u00e3o como partes do corpo. Segurar ou apoiar-se nelas pode ser simp\u00e1tico apenas se houver rela\u00e7\u00e3o de amizade. Nunca movimente a cadeira de rodas sem pedir permiss\u00e3o. E para ajudar algu\u00e9m \u00e9 a mesma coisa, pergunte antes de mais nada. Ao empurrar uma pessoa em cadeira de rodas, fa\u00e7a-o com cuidado. Observe as barreiras arquitet\u00f4nicas e se n\u00e3o souber qual a melhor maneira de passar os obst\u00e1culos pergunte como fazer. Esteja atento para a acessibilidade quando for escolher um passeio, restaurante, teatro ou qualquer outro local que queira visitar com uma pessoa com defici\u00eancia f\u00edsica.<br \/>\nTuca Munhoz para o Minuto da Inclus\u00e3o.<\/p>\n<p style=\"text-align:left;\"><a href=\"http:\/\/www.mypodcast.com\/fsaudio\/inclusive_20090122_1504-367293.mp3\">Programa 588 &#8211; Sobre a inclus\u00e3o escolar<\/a><\/p>\n<p style=\"text-align:left;\">Ol\u00e1 Brasil!<br \/>\nA inclus\u00e3o de alunos com defici\u00eancia no ensino regular \u00e9 um passo importante n\u00e3o s\u00f3 para essa parcela da popula\u00e7\u00e3o, mas tamb\u00e9m para toda a sociedade que precisa de uma estrutura menos desigual. Para que esta mudan\u00e7a aconte\u00e7a de verdade, ser\u00e1 indispens\u00e1vel uma revis\u00e3o conceitual da grade curricular dos cursos de Pedagogia. Informar e conscientizar os futuros profissionais \u00e9 uma medida que a longo prazo trar\u00e1 resultados mais s\u00f3lidos. \u00a0Al\u00e9m disso, precisamos de pol\u00edticas p\u00fablicas que ap\u00f3iem a inser\u00e7\u00e3o dessas crian\u00e7as e adolescentes no sistema de ensino regular. A constru\u00e7\u00e3o de pr\u00e1ticas pedag\u00f3gicas que assegurem o direito \u00e0 diversidade, o acesso ao conhecimento e \u00e0 inclus\u00e3o de todos deve ser prioridade em qualquer munic\u00edpio, estado ou pa\u00eds.<br \/>\nTuca Munhoz para o Minuto da inclus\u00e3o.<\/p>\n","protected":false},"excerpt":{"rendered":"<p>Para ouvir os boletins direto do navegador, role o mouse sobre os links e aguarde o player ser exibido na janela popup. Programa 585 &#8211; Conviv\u00eancia com pessoas com defici\u00eancia visual Ol\u00e1 Brasil! Hoje vamos passar algumas informa\u00e7\u00f5es para quando voc\u00ea encontrar uma pessoa com defici\u00eancia visual. Na rua ou em algum ambiente p\u00fablico, pergunte [&hellip;]<\/p>\n","protected":false},"author":2,"featured_media":0,"comment_status":"open","ping_status":"open","sticky":false,"template":"","format":"standard","meta":{"site-container-style":"default","site-container-layout":"default","site-sidebar-layout":"default","disable-article-header":"default","disable-site-header":"default","disable-site-footer":"default","disable-content-area-spacing":"default","footnotes":""},"categories":[21],"tags":[20],"class_list":["post-3300","post","type-post","status-publish","format-standard","hentry","category-audio","tag-minuto-da-inclusao"],"yoast_head":"<!-- This site is optimized with the Yoast SEO plugin v27.4 - https:\/\/yoast.com\/product\/yoast-seo-wordpress\/ -->\n<title>Minuto da inclus\u00e3o - Programas 585, 586, 587 e 588 -<\/title>\n<meta name=\"robots\" content=\"index, follow, max-snippet:-1, max-image-preview:large, max-video-preview:-1\" \/>\n<link rel=\"canonical\" href=\"https:\/\/inclusivenews.com.br\/?p=3300\" \/>\n<meta property=\"og:locale\" content=\"pt_PT\" \/>\n<meta property=\"og:type\" content=\"article\" \/>\n<meta property=\"og:title\" content=\"Minuto da inclus\u00e3o - Programas 585, 586, 587 e 588 -\" \/>\n<meta property=\"og:description\" content=\"Para ouvir os boletins direto do navegador, role o mouse sobre os links e aguarde o player ser exibido na janela popup. Programa 585 &#8211; Conviv\u00eancia com pessoas com defici\u00eancia visual Ol\u00e1 Brasil! Hoje vamos passar algumas informa\u00e7\u00f5es para quando voc\u00ea encontrar uma pessoa com defici\u00eancia visual. Na rua ou em algum ambiente p\u00fablico, pergunte [&hellip;]\" \/>\n<meta property=\"og:url\" content=\"https:\/\/inclusivenews.com.br\/?p=3300\" \/>\n<meta property=\"article:publisher\" content=\"https:\/\/www.facebook.com\/agenciainclusive\/\" \/>\n<meta property=\"article:published_time\" content=\"2009-01-24T10:53:54+00:00\" \/>\n<meta property=\"og:image\" content=\"http:\/\/agenciainclusive.files.wordpress.com\/2009\/01\/minuto_da_inclusao.jpg\" \/>\n<meta name=\"author\" content=\"Inclusive\" \/>\n<meta name=\"twitter:card\" content=\"summary_large_image\" \/>\n<meta name=\"twitter:label1\" content=\"Escrito por\" \/>\n\t<meta name=\"twitter:data1\" content=\"Inclusive\" \/>\n\t<meta name=\"twitter:label2\" content=\"Tempo estimado de leitura\" \/>\n\t<meta name=\"twitter:data2\" content=\"4 minutos\" \/>\n<script type=\"application\/ld+json\" class=\"yoast-schema-graph\">{\"@context\":\"https:\\\/\\\/schema.org\",\"@graph\":[{\"@type\":\"Article\",\"@id\":\"https:\\\/\\\/inclusivenews.com.br\\\/?p=3300#article\",\"isPartOf\":{\"@id\":\"https:\\\/\\\/inclusivenews.com.br\\\/?p=3300\"},\"author\":{\"name\":\"Inclusive\",\"@id\":\"https:\\\/\\\/inclusivenews.com.br\\\/#\\\/schema\\\/person\\\/0dab492019871b94abb65fa8ee7c8c44\"},\"headline\":\"Minuto da inclus\u00e3o &#8211; Programas 585, 586, 587 e 588\",\"datePublished\":\"2009-01-24T10:53:54+00:00\",\"mainEntityOfPage\":{\"@id\":\"https:\\\/\\\/inclusivenews.com.br\\\/?p=3300\"},\"wordCount\":716,\"commentCount\":0,\"publisher\":{\"@id\":\"https:\\\/\\\/inclusivenews.com.br\\\/#organization\"},\"image\":{\"@id\":\"https:\\\/\\\/inclusivenews.com.br\\\/?p=3300#primaryimage\"},\"thumbnailUrl\":\"http:\\\/\\\/agenciainclusive.files.wordpress.com\\\/2009\\\/01\\\/minuto_da_inclusao.jpg\",\"keywords\":[\"Minuto da Inclusao\"],\"articleSection\":[\"\u00c1udio\"],\"inLanguage\":\"pt-PT\",\"potentialAction\":[{\"@type\":\"CommentAction\",\"name\":\"Comment\",\"target\":[\"https:\\\/\\\/inclusivenews.com.br\\\/?p=3300#respond\"]}]},{\"@type\":\"WebPage\",\"@id\":\"https:\\\/\\\/inclusivenews.com.br\\\/?p=3300\",\"url\":\"https:\\\/\\\/inclusivenews.com.br\\\/?p=3300\",\"name\":\"Minuto da inclus\u00e3o - Programas 585, 586, 587 e 588 -\",\"isPartOf\":{\"@id\":\"https:\\\/\\\/inclusivenews.com.br\\\/#website\"},\"primaryImageOfPage\":{\"@id\":\"https:\\\/\\\/inclusivenews.com.br\\\/?p=3300#primaryimage\"},\"image\":{\"@id\":\"https:\\\/\\\/inclusivenews.com.br\\\/?p=3300#primaryimage\"},\"thumbnailUrl\":\"http:\\\/\\\/agenciainclusive.files.wordpress.com\\\/2009\\\/01\\\/minuto_da_inclusao.jpg\",\"datePublished\":\"2009-01-24T10:53:54+00:00\",\"breadcrumb\":{\"@id\":\"https:\\\/\\\/inclusivenews.com.br\\\/?p=3300#breadcrumb\"},\"inLanguage\":\"pt-PT\",\"potentialAction\":[{\"@type\":\"ReadAction\",\"target\":[\"https:\\\/\\\/inclusivenews.com.br\\\/?p=3300\"]}]},{\"@type\":\"ImageObject\",\"inLanguage\":\"pt-PT\",\"@id\":\"https:\\\/\\\/inclusivenews.com.br\\\/?p=3300#primaryimage\",\"url\":\"http:\\\/\\\/agenciainclusive.files.wordpress.com\\\/2009\\\/01\\\/minuto_da_inclusao.jpg\",\"contentUrl\":\"http:\\\/\\\/agenciainclusive.files.wordpress.com\\\/2009\\\/01\\\/minuto_da_inclusao.jpg\"},{\"@type\":\"BreadcrumbList\",\"@id\":\"https:\\\/\\\/inclusivenews.com.br\\\/?p=3300#breadcrumb\",\"itemListElement\":[{\"@type\":\"ListItem\",\"position\":1,\"name\":\"In\u00edcio\",\"item\":\"https:\\\/\\\/inclusivenews.com.br\\\/\"},{\"@type\":\"ListItem\",\"position\":2,\"name\":\"Minuto da inclus\u00e3o &#8211; Programas 585, 586, 587 e 588\"}]},{\"@type\":\"WebSite\",\"@id\":\"https:\\\/\\\/inclusivenews.com.br\\\/#website\",\"url\":\"https:\\\/\\\/inclusivenews.com.br\\\/\",\"name\":\"Inclusive News\",\"description\":\"Inclusive News\",\"publisher\":{\"@id\":\"https:\\\/\\\/inclusivenews.com.br\\\/#organization\"},\"potentialAction\":[{\"@type\":\"SearchAction\",\"target\":{\"@type\":\"EntryPoint\",\"urlTemplate\":\"https:\\\/\\\/inclusivenews.com.br\\\/?s={search_term_string}\"},\"query-input\":{\"@type\":\"PropertyValueSpecification\",\"valueRequired\":true,\"valueName\":\"search_term_string\"}}],\"inLanguage\":\"pt-PT\"},{\"@type\":\"Organization\",\"@id\":\"https:\\\/\\\/inclusivenews.com.br\\\/#organization\",\"name\":\"Inclusive - inclus\u00e3o e cidadania\",\"url\":\"https:\\\/\\\/inclusivenews.com.br\\\/\",\"logo\":{\"@type\":\"ImageObject\",\"inLanguage\":\"pt-PT\",\"@id\":\"https:\\\/\\\/inclusivenews.com.br\\\/#\\\/schema\\\/logo\\\/image\\\/\",\"url\":\"https:\\\/\\\/inclusivenews.com.br\\\/wp-content\\\/uploads\\\/2024\\\/03\\\/@grandesite.png\",\"contentUrl\":\"https:\\\/\\\/inclusivenews.com.br\\\/wp-content\\\/uploads\\\/2024\\\/03\\\/@grandesite.png\",\"width\":1080,\"height\":1080,\"caption\":\"Inclusive - inclus\u00e3o e cidadania\"},\"image\":{\"@id\":\"https:\\\/\\\/inclusivenews.com.br\\\/#\\\/schema\\\/logo\\\/image\\\/\"},\"sameAs\":[\"https:\\\/\\\/www.facebook.com\\\/agenciainclusive\\\/\",\"https:\\\/\\\/www.instagram.com\\\/newsinclusive\\\/\"]},{\"@type\":\"Person\",\"@id\":\"https:\\\/\\\/inclusivenews.com.br\\\/#\\\/schema\\\/person\\\/0dab492019871b94abb65fa8ee7c8c44\",\"name\":\"Inclusive\",\"image\":{\"@type\":\"ImageObject\",\"inLanguage\":\"pt-PT\",\"@id\":\"https:\\\/\\\/secure.gravatar.com\\\/avatar\\\/?s=96&d=mm&r=g\",\"url\":\"https:\\\/\\\/secure.gravatar.com\\\/avatar\\\/?s=96&d=mm&r=g\",\"contentUrl\":\"https:\\\/\\\/secure.gravatar.com\\\/avatar\\\/?s=96&d=mm&r=g\",\"caption\":\"Inclusive\"},\"url\":\"https:\\\/\\\/inclusivenews.com.br\\\/?author=2\"}]}<\/script>\n<!-- \/ Yoast SEO plugin. -->","yoast_head_json":{"title":"Minuto da inclus\u00e3o - Programas 585, 586, 587 e 588 -","robots":{"index":"index","follow":"follow","max-snippet":"max-snippet:-1","max-image-preview":"max-image-preview:large","max-video-preview":"max-video-preview:-1"},"canonical":"https:\/\/inclusivenews.com.br\/?p=3300","og_locale":"pt_PT","og_type":"article","og_title":"Minuto da inclus\u00e3o - Programas 585, 586, 587 e 588 -","og_description":"Para ouvir os boletins direto do navegador, role o mouse sobre os links e aguarde o player ser exibido na janela popup. Programa 585 &#8211; Conviv\u00eancia com pessoas com defici\u00eancia visual Ol\u00e1 Brasil! Hoje vamos passar algumas informa\u00e7\u00f5es para quando voc\u00ea encontrar uma pessoa com defici\u00eancia visual. Na rua ou em algum ambiente p\u00fablico, pergunte [&hellip;]","og_url":"https:\/\/inclusivenews.com.br\/?p=3300","article_publisher":"https:\/\/www.facebook.com\/agenciainclusive\/","article_published_time":"2009-01-24T10:53:54+00:00","og_image":[{"url":"http:\/\/agenciainclusive.files.wordpress.com\/2009\/01\/minuto_da_inclusao.jpg","type":"","width":"","height":""}],"author":"Inclusive","twitter_card":"summary_large_image","twitter_misc":{"Escrito por":"Inclusive","Tempo estimado de leitura":"4 minutos"},"schema":{"@context":"https:\/\/schema.org","@graph":[{"@type":"Article","@id":"https:\/\/inclusivenews.com.br\/?p=3300#article","isPartOf":{"@id":"https:\/\/inclusivenews.com.br\/?p=3300"},"author":{"name":"Inclusive","@id":"https:\/\/inclusivenews.com.br\/#\/schema\/person\/0dab492019871b94abb65fa8ee7c8c44"},"headline":"Minuto da inclus\u00e3o &#8211; Programas 585, 586, 587 e 588","datePublished":"2009-01-24T10:53:54+00:00","mainEntityOfPage":{"@id":"https:\/\/inclusivenews.com.br\/?p=3300"},"wordCount":716,"commentCount":0,"publisher":{"@id":"https:\/\/inclusivenews.com.br\/#organization"},"image":{"@id":"https:\/\/inclusivenews.com.br\/?p=3300#primaryimage"},"thumbnailUrl":"http:\/\/agenciainclusive.files.wordpress.com\/2009\/01\/minuto_da_inclusao.jpg","keywords":["Minuto da Inclusao"],"articleSection":["\u00c1udio"],"inLanguage":"pt-PT","potentialAction":[{"@type":"CommentAction","name":"Comment","target":["https:\/\/inclusivenews.com.br\/?p=3300#respond"]}]},{"@type":"WebPage","@id":"https:\/\/inclusivenews.com.br\/?p=3300","url":"https:\/\/inclusivenews.com.br\/?p=3300","name":"Minuto da inclus\u00e3o - Programas 585, 586, 587 e 588 -","isPartOf":{"@id":"https:\/\/inclusivenews.com.br\/#website"},"primaryImageOfPage":{"@id":"https:\/\/inclusivenews.com.br\/?p=3300#primaryimage"},"image":{"@id":"https:\/\/inclusivenews.com.br\/?p=3300#primaryimage"},"thumbnailUrl":"http:\/\/agenciainclusive.files.wordpress.com\/2009\/01\/minuto_da_inclusao.jpg","datePublished":"2009-01-24T10:53:54+00:00","breadcrumb":{"@id":"https:\/\/inclusivenews.com.br\/?p=3300#breadcrumb"},"inLanguage":"pt-PT","potentialAction":[{"@type":"ReadAction","target":["https:\/\/inclusivenews.com.br\/?p=3300"]}]},{"@type":"ImageObject","inLanguage":"pt-PT","@id":"https:\/\/inclusivenews.com.br\/?p=3300#primaryimage","url":"http:\/\/agenciainclusive.files.wordpress.com\/2009\/01\/minuto_da_inclusao.jpg","contentUrl":"http:\/\/agenciainclusive.files.wordpress.com\/2009\/01\/minuto_da_inclusao.jpg"},{"@type":"BreadcrumbList","@id":"https:\/\/inclusivenews.com.br\/?p=3300#breadcrumb","itemListElement":[{"@type":"ListItem","position":1,"name":"In\u00edcio","item":"https:\/\/inclusivenews.com.br\/"},{"@type":"ListItem","position":2,"name":"Minuto da inclus\u00e3o &#8211; Programas 585, 586, 587 e 588"}]},{"@type":"WebSite","@id":"https:\/\/inclusivenews.com.br\/#website","url":"https:\/\/inclusivenews.com.br\/","name":"Inclusive News","description":"Inclusive News","publisher":{"@id":"https:\/\/inclusivenews.com.br\/#organization"},"potentialAction":[{"@type":"SearchAction","target":{"@type":"EntryPoint","urlTemplate":"https:\/\/inclusivenews.com.br\/?s={search_term_string}"},"query-input":{"@type":"PropertyValueSpecification","valueRequired":true,"valueName":"search_term_string"}}],"inLanguage":"pt-PT"},{"@type":"Organization","@id":"https:\/\/inclusivenews.com.br\/#organization","name":"Inclusive - inclus\u00e3o e cidadania","url":"https:\/\/inclusivenews.com.br\/","logo":{"@type":"ImageObject","inLanguage":"pt-PT","@id":"https:\/\/inclusivenews.com.br\/#\/schema\/logo\/image\/","url":"https:\/\/inclusivenews.com.br\/wp-content\/uploads\/2024\/03\/@grandesite.png","contentUrl":"https:\/\/inclusivenews.com.br\/wp-content\/uploads\/2024\/03\/@grandesite.png","width":1080,"height":1080,"caption":"Inclusive - inclus\u00e3o e cidadania"},"image":{"@id":"https:\/\/inclusivenews.com.br\/#\/schema\/logo\/image\/"},"sameAs":["https:\/\/www.facebook.com\/agenciainclusive\/","https:\/\/www.instagram.com\/newsinclusive\/"]},{"@type":"Person","@id":"https:\/\/inclusivenews.com.br\/#\/schema\/person\/0dab492019871b94abb65fa8ee7c8c44","name":"Inclusive","image":{"@type":"ImageObject","inLanguage":"pt-PT","@id":"https:\/\/secure.gravatar.com\/avatar\/?s=96&d=mm&r=g","url":"https:\/\/secure.gravatar.com\/avatar\/?s=96&d=mm&r=g","contentUrl":"https:\/\/secure.gravatar.com\/avatar\/?s=96&d=mm&r=g","caption":"Inclusive"},"url":"https:\/\/inclusivenews.com.br\/?author=2"}]}},"_links":{"self":[{"href":"https:\/\/inclusivenews.com.br\/index.php?rest_route=\/wp\/v2\/posts\/3300","targetHints":{"allow":["GET"]}}],"collection":[{"href":"https:\/\/inclusivenews.com.br\/index.php?rest_route=\/wp\/v2\/posts"}],"about":[{"href":"https:\/\/inclusivenews.com.br\/index.php?rest_route=\/wp\/v2\/types\/post"}],"author":[{"embeddable":true,"href":"https:\/\/inclusivenews.com.br\/index.php?rest_route=\/wp\/v2\/users\/2"}],"replies":[{"embeddable":true,"href":"https:\/\/inclusivenews.com.br\/index.php?rest_route=%2Fwp%2Fv2%2Fcomments&post=3300"}],"version-history":[{"count":0,"href":"https:\/\/inclusivenews.com.br\/index.php?rest_route=\/wp\/v2\/posts\/3300\/revisions"}],"wp:attachment":[{"href":"https:\/\/inclusivenews.com.br\/index.php?rest_route=%2Fwp%2Fv2%2Fmedia&parent=3300"}],"wp:term":[{"taxonomy":"category","embeddable":true,"href":"https:\/\/inclusivenews.com.br\/index.php?rest_route=%2Fwp%2Fv2%2Fcategories&post=3300"},{"taxonomy":"post_tag","embeddable":true,"href":"https:\/\/inclusivenews.com.br\/index.php?rest_route=%2Fwp%2Fv2%2Ftags&post=3300"}],"curies":[{"name":"wp","href":"https:\/\/api.w.org\/{rel}","templated":true}]}}