{"id":33025,"date":"2024-04-09T02:58:50","date_gmt":"2024-04-09T02:58:50","guid":{"rendered":"https:\/\/inclusivenews.com.br\/?p=33025"},"modified":"2024-04-09T11:50:02","modified_gmt":"2024-04-09T11:50:02","slug":"linguagem-simples-no-congresso-da-ufrn-em-natal","status":"publish","type":"post","link":"https:\/\/inclusivenews.com.br\/?p=33025","title":{"rendered":"Linguagem Simples no Congresso da UFRN em Natal"},"content":{"rendered":"\n<p>O Professor Doutor Eduardo Cardoso, da UFRGS e a jornalista Patricia Almeida do Simples Assim, participaram da Mesa Redonda &#8220;Linguagem Simples: acessibilidade para todos?&#8221;, mediada pela Professora Doutora Katiene Silva, da URFN no 4\u00ba Congresso Nacional de Inclus\u00e3o na Educa\u00e7\u00e3o Superior e Educa\u00e7\u00e3o Profissional Tecnol\u00f3gica, em Natal.<\/p>\n\n\n\n<figure class=\"wp-block-image size-full is-resized\"><img loading=\"lazy\" decoding=\"async\" width=\"768\" height=\"1024\" src=\"https:\/\/inclusivenews.com.br\/wp-content\/uploads\/2024\/04\/pat-e-eduardo.jpeg\" alt=\"\" class=\"wp-image-33026\" style=\"width:430px;height:auto\" srcset=\"https:\/\/inclusivenews.com.br\/wp-content\/uploads\/2024\/04\/pat-e-eduardo.jpeg 768w, https:\/\/inclusivenews.com.br\/wp-content\/uploads\/2024\/04\/pat-e-eduardo-225x300.jpeg 225w\" sizes=\"auto, (max-width: 768px) 100vw, 768px\" \/><\/figure>\n\n\n\n<p>Patricia come\u00e7ou falando sobre capacitismo e como, com os altos \u00edndices de analfabetismo funcional no pa\u00eds, a Linguagem Simples \u00e9 para todos os brasileiros.<\/p>\n\n\n\n<p>A jornalista tra\u00e7ou um breve hist\u00f3rico da Linguagem Simples como forma de acessibilidade para pessoas com defici\u00eancia intelectual e citou as duas correntes principais que ganharam padroniza\u00e7\u00f5es internacionais ISO em 2023:<\/p>\n\n\n\n<p>ISO 24495-1:2023 <strong>Plain Language<\/strong>, Governing Principles and Guidelines (Linguagem Simples, Princ\u00edpios e Diretrizes Governantes)  <a href=\"https:\/\/www.iso.org\/standard\/78907.html\">https:\/\/www.iso.org\/standard\/78907.html<\/a><\/p>\n\n\n\n<p>ISO\/IEC 23859:2023, Requirements and recommendations on making written text <strong>easy to read <\/strong>and understand. (Requisitos e recomenda\u00e7\u00f5es para tornar o texto escrito f\u00e1cil de ler e entender).&nbsp;<a href=\"https:\/\/www.iso.org\/standard\/77178.html\">https:\/\/www.iso.org\/standard\/77178.html<\/a><\/p>\n\n\n\n<figure class=\"wp-block-image size-large is-resized\"><img loading=\"lazy\" decoding=\"async\" width=\"1024\" height=\"820\" src=\"https:\/\/inclusivenews.com.br\/wp-content\/uploads\/2024\/04\/pat-apres-1024x820.png\" alt=\"slide da apresentacao no telao ao fundo e mesa com um homem e duas mulheres, uma delas falando ao microfone.\n\" class=\"wp-image-33028\" style=\"width:518px;height:auto\" srcset=\"https:\/\/inclusivenews.com.br\/wp-content\/uploads\/2024\/04\/pat-apres-1024x820.png 1024w, https:\/\/inclusivenews.com.br\/wp-content\/uploads\/2024\/04\/pat-apres-300x240.png 300w, https:\/\/inclusivenews.com.br\/wp-content\/uploads\/2024\/04\/pat-apres-768x615.png 768w, https:\/\/inclusivenews.com.br\/wp-content\/uploads\/2024\/04\/pat-apres.png 1056w\" sizes=\"auto, (max-width: 1024px) 100vw, 1024px\" \/><\/figure>\n\n\n\n<p>Finalizou apresentando o <a href=\"https:\/\/www.arca.fiocruz.br\/handle\/icict\/59614\">Guia Simples Assim &#8211; Comunique com todo mundo<\/a>, e algumas diretrizes para usar a Linguagem Simples.<\/p>\n\n\n\n<p>Veja a apresenta\u00e7\u00e3o de Patricia Almeida.<\/p>\n\n\n<a href=\"https:\/\/inclusivenews.com.br\/wp-content\/uploads\/2024\/04\/Patricia-Almeida-Ling-Simples.pdf\" class=\"pdfemb-viewer\" style=\"\" data-width=\"max\" data-height=\"max\" data-toolbar=\"bottom\" data-toolbar-fixed=\"off\">Patricia-Almeida-Ling-Simples<\/a>\n\n\n<p>Eduardo falou da import\u00e2ncia do design para a informa\u00e7\u00e3o ser clara e f\u00e1cil de entender. Contou sobre o trabalho do laborat\u00f3rio Com Acesso da UFRGS.<\/p>\n\n\n\n<p>Atrav\u00e9s de um trabalho colaborativo com pessoas com defici\u00eancia, exp\u00f4s a experi\u00eancia com o estado do Esp\u00edrito Santos para formula\u00e7\u00e3o de edital em Linguagem Simples e acess\u00edvel.<\/p>\n\n\n\n<p>Veja a apresenta\u00e7\u00e3o de Eduardo Cardoso.<\/p>\n\n\n<a href=\"https:\/\/inclusivenews.com.br\/wp-content\/uploads\/2024\/04\/LS-NATAL-EDUARDO.pdf\" class=\"pdfemb-viewer\" style=\"\" data-width=\"max\" data-height=\"max\" data-toolbar=\"bottom\" data-toolbar-fixed=\"off\">LS-NATAL-EDUARDO<\/a>\n\n\n<p>Eduardo Cardoso tamb\u00e9m falou sobre a Linguagem Simples no Instragram do evento <a href=\"https:\/\/www.instagram.com\/p\/C5WWiDcr9GA\/\" target=\"_blank\" rel=\"noreferrer noopener\">https:\/\/www.instagram.com\/p\/C5WWiDcr9GA\/<\/a><\/p>\n\n\n\n<p><\/p>\n\n\n\n<p><\/p>\n","protected":false},"excerpt":{"rendered":"<p>O Professor Doutor Eduardo Cardoso, da UFRGS e a jornalista Patricia Almeida do Simples Assim, participaram da Mesa Redonda &#8220;Linguagem Simples: acessibilidade para todos?&#8221;, mediada pela Professora Doutora Katiene Silva, da URFN no 4\u00ba Congresso Nacional de Inclus\u00e3o na Educa\u00e7\u00e3o Superior e Educa\u00e7\u00e3o Profissional Tecnol\u00f3gica, em Natal. Patricia come\u00e7ou falando sobre capacitismo e como, com [&hellip;]<\/p>\n","protected":false},"author":1,"featured_media":33026,"comment_status":"open","ping_status":"open","sticky":false,"template":"","format":"standard","meta":{"site-container-style":"default","site-container-layout":"default","site-sidebar-layout":"default","disable-article-header":"default","disable-site-header":"default","disable-site-footer":"default","disable-content-area-spacing":"default","footnotes":""},"categories":[44,463],"tags":[],"class_list":["post-33025","post","type-post","status-publish","format-standard","has-post-thumbnail","hentry","category-acessibilidade","category-linguagem-simples"],"yoast_head":"<!-- This site is optimized with the Yoast SEO plugin v27.4 - https:\/\/yoast.com\/product\/yoast-seo-wordpress\/ -->\n<title>Linguagem Simples no Congresso da UFRN em Natal -<\/title>\n<meta name=\"robots\" content=\"index, follow, max-snippet:-1, max-image-preview:large, max-video-preview:-1\" \/>\n<link rel=\"canonical\" href=\"https:\/\/inclusivenews.com.br\/?p=33025\" \/>\n<meta property=\"og:locale\" content=\"pt_PT\" \/>\n<meta property=\"og:type\" content=\"article\" \/>\n<meta property=\"og:title\" content=\"Linguagem Simples no Congresso da UFRN em Natal -\" \/>\n<meta property=\"og:description\" content=\"O Professor Doutor Eduardo Cardoso, da UFRGS e a jornalista Patricia Almeida do Simples Assim, participaram da Mesa Redonda &#8220;Linguagem Simples: acessibilidade para todos?&#8221;, mediada pela Professora Doutora Katiene Silva, da URFN no 4\u00ba Congresso Nacional de Inclus\u00e3o na Educa\u00e7\u00e3o Superior e Educa\u00e7\u00e3o Profissional Tecnol\u00f3gica, em Natal. Patricia come\u00e7ou falando sobre capacitismo e como, com [&hellip;]\" \/>\n<meta property=\"og:url\" content=\"https:\/\/inclusivenews.com.br\/?p=33025\" \/>\n<meta property=\"article:publisher\" content=\"https:\/\/www.facebook.com\/agenciainclusive\/\" \/>\n<meta property=\"article:published_time\" content=\"2024-04-09T02:58:50+00:00\" \/>\n<meta property=\"article:modified_time\" content=\"2024-04-09T11:50:02+00:00\" \/>\n<meta property=\"og:image\" content=\"https:\/\/inclusivenews.com.br\/wp-content\/uploads\/2024\/04\/pat-e-eduardo.jpeg\" \/>\n\t<meta property=\"og:image:width\" content=\"768\" \/>\n\t<meta property=\"og:image:height\" content=\"1024\" \/>\n\t<meta property=\"og:image:type\" content=\"image\/jpeg\" \/>\n<meta name=\"author\" content=\"inclusivenews2024\" \/>\n<meta name=\"twitter:card\" content=\"summary_large_image\" \/>\n<meta name=\"twitter:label1\" content=\"Escrito por\" \/>\n\t<meta name=\"twitter:data1\" content=\"inclusivenews2024\" \/>\n\t<meta name=\"twitter:label2\" content=\"Tempo estimado de leitura\" \/>\n\t<meta name=\"twitter:data2\" content=\"2 minutos\" \/>\n<script type=\"application\/ld+json\" class=\"yoast-schema-graph\">{\"@context\":\"https:\\\/\\\/schema.org\",\"@graph\":[{\"@type\":\"Article\",\"@id\":\"https:\\\/\\\/inclusivenews.com.br\\\/?p=33025#article\",\"isPartOf\":{\"@id\":\"https:\\\/\\\/inclusivenews.com.br\\\/?p=33025\"},\"author\":{\"name\":\"inclusivenews2024\",\"@id\":\"https:\\\/\\\/inclusivenews.com.br\\\/#\\\/schema\\\/person\\\/ae4ec7087559b8692fb33b6fffd2273b\"},\"headline\":\"Linguagem Simples no Congresso da UFRN em Natal\",\"datePublished\":\"2024-04-09T02:58:50+00:00\",\"dateModified\":\"2024-04-09T11:50:02+00:00\",\"mainEntityOfPage\":{\"@id\":\"https:\\\/\\\/inclusivenews.com.br\\\/?p=33025\"},\"wordCount\":291,\"commentCount\":0,\"publisher\":{\"@id\":\"https:\\\/\\\/inclusivenews.com.br\\\/#organization\"},\"image\":{\"@id\":\"https:\\\/\\\/inclusivenews.com.br\\\/?p=33025#primaryimage\"},\"thumbnailUrl\":\"https:\\\/\\\/inclusivenews.com.br\\\/wp-content\\\/uploads\\\/2024\\\/04\\\/pat-e-eduardo.jpeg\",\"articleSection\":[\"ACESSIBILIDADE\",\"Linguagem Simples\"],\"inLanguage\":\"pt-PT\",\"potentialAction\":[{\"@type\":\"CommentAction\",\"name\":\"Comment\",\"target\":[\"https:\\\/\\\/inclusivenews.com.br\\\/?p=33025#respond\"]}]},{\"@type\":\"WebPage\",\"@id\":\"https:\\\/\\\/inclusivenews.com.br\\\/?p=33025\",\"url\":\"https:\\\/\\\/inclusivenews.com.br\\\/?p=33025\",\"name\":\"Linguagem Simples no Congresso da UFRN em Natal -\",\"isPartOf\":{\"@id\":\"https:\\\/\\\/inclusivenews.com.br\\\/#website\"},\"primaryImageOfPage\":{\"@id\":\"https:\\\/\\\/inclusivenews.com.br\\\/?p=33025#primaryimage\"},\"image\":{\"@id\":\"https:\\\/\\\/inclusivenews.com.br\\\/?p=33025#primaryimage\"},\"thumbnailUrl\":\"https:\\\/\\\/inclusivenews.com.br\\\/wp-content\\\/uploads\\\/2024\\\/04\\\/pat-e-eduardo.jpeg\",\"datePublished\":\"2024-04-09T02:58:50+00:00\",\"dateModified\":\"2024-04-09T11:50:02+00:00\",\"breadcrumb\":{\"@id\":\"https:\\\/\\\/inclusivenews.com.br\\\/?p=33025#breadcrumb\"},\"inLanguage\":\"pt-PT\",\"potentialAction\":[{\"@type\":\"ReadAction\",\"target\":[\"https:\\\/\\\/inclusivenews.com.br\\\/?p=33025\"]}]},{\"@type\":\"ImageObject\",\"inLanguage\":\"pt-PT\",\"@id\":\"https:\\\/\\\/inclusivenews.com.br\\\/?p=33025#primaryimage\",\"url\":\"https:\\\/\\\/inclusivenews.com.br\\\/wp-content\\\/uploads\\\/2024\\\/04\\\/pat-e-eduardo.jpeg\",\"contentUrl\":\"https:\\\/\\\/inclusivenews.com.br\\\/wp-content\\\/uploads\\\/2024\\\/04\\\/pat-e-eduardo.jpeg\",\"width\":768,\"height\":1024},{\"@type\":\"BreadcrumbList\",\"@id\":\"https:\\\/\\\/inclusivenews.com.br\\\/?p=33025#breadcrumb\",\"itemListElement\":[{\"@type\":\"ListItem\",\"position\":1,\"name\":\"In\u00edcio\",\"item\":\"https:\\\/\\\/inclusivenews.com.br\\\/\"},{\"@type\":\"ListItem\",\"position\":2,\"name\":\"Linguagem Simples no Congresso da UFRN em Natal\"}]},{\"@type\":\"WebSite\",\"@id\":\"https:\\\/\\\/inclusivenews.com.br\\\/#website\",\"url\":\"https:\\\/\\\/inclusivenews.com.br\\\/\",\"name\":\"Inclusive News\",\"description\":\"Inclusive News\",\"publisher\":{\"@id\":\"https:\\\/\\\/inclusivenews.com.br\\\/#organization\"},\"potentialAction\":[{\"@type\":\"SearchAction\",\"target\":{\"@type\":\"EntryPoint\",\"urlTemplate\":\"https:\\\/\\\/inclusivenews.com.br\\\/?s={search_term_string}\"},\"query-input\":{\"@type\":\"PropertyValueSpecification\",\"valueRequired\":true,\"valueName\":\"search_term_string\"}}],\"inLanguage\":\"pt-PT\"},{\"@type\":\"Organization\",\"@id\":\"https:\\\/\\\/inclusivenews.com.br\\\/#organization\",\"name\":\"Inclusive - inclus\u00e3o e cidadania\",\"url\":\"https:\\\/\\\/inclusivenews.com.br\\\/\",\"logo\":{\"@type\":\"ImageObject\",\"inLanguage\":\"pt-PT\",\"@id\":\"https:\\\/\\\/inclusivenews.com.br\\\/#\\\/schema\\\/logo\\\/image\\\/\",\"url\":\"https:\\\/\\\/inclusivenews.com.br\\\/wp-content\\\/uploads\\\/2024\\\/03\\\/@grandesite.png\",\"contentUrl\":\"https:\\\/\\\/inclusivenews.com.br\\\/wp-content\\\/uploads\\\/2024\\\/03\\\/@grandesite.png\",\"width\":1080,\"height\":1080,\"caption\":\"Inclusive - inclus\u00e3o e cidadania\"},\"image\":{\"@id\":\"https:\\\/\\\/inclusivenews.com.br\\\/#\\\/schema\\\/logo\\\/image\\\/\"},\"sameAs\":[\"https:\\\/\\\/www.facebook.com\\\/agenciainclusive\\\/\",\"https:\\\/\\\/www.instagram.com\\\/newsinclusive\\\/\"]},{\"@type\":\"Person\",\"@id\":\"https:\\\/\\\/inclusivenews.com.br\\\/#\\\/schema\\\/person\\\/ae4ec7087559b8692fb33b6fffd2273b\",\"name\":\"inclusivenews2024\",\"image\":{\"@type\":\"ImageObject\",\"inLanguage\":\"pt-PT\",\"@id\":\"https:\\\/\\\/secure.gravatar.com\\\/avatar\\\/c5a7ef84c66fa914f55bc4f7ce26cfa275a3b9a1c5568b907bd184fb4dde7b40?s=96&d=mm&r=g\",\"url\":\"https:\\\/\\\/secure.gravatar.com\\\/avatar\\\/c5a7ef84c66fa914f55bc4f7ce26cfa275a3b9a1c5568b907bd184fb4dde7b40?s=96&d=mm&r=g\",\"contentUrl\":\"https:\\\/\\\/secure.gravatar.com\\\/avatar\\\/c5a7ef84c66fa914f55bc4f7ce26cfa275a3b9a1c5568b907bd184fb4dde7b40?s=96&d=mm&r=g\",\"caption\":\"inclusivenews2024\"},\"sameAs\":[\"https:\\\/\\\/inclusivenews.com.br\"],\"url\":\"https:\\\/\\\/inclusivenews.com.br\\\/?author=1\"}]}<\/script>\n<!-- \/ Yoast SEO plugin. -->","yoast_head_json":{"title":"Linguagem Simples no Congresso da UFRN em Natal -","robots":{"index":"index","follow":"follow","max-snippet":"max-snippet:-1","max-image-preview":"max-image-preview:large","max-video-preview":"max-video-preview:-1"},"canonical":"https:\/\/inclusivenews.com.br\/?p=33025","og_locale":"pt_PT","og_type":"article","og_title":"Linguagem Simples no Congresso da UFRN em Natal -","og_description":"O Professor Doutor Eduardo Cardoso, da UFRGS e a jornalista Patricia Almeida do Simples Assim, participaram da Mesa Redonda &#8220;Linguagem Simples: acessibilidade para todos?&#8221;, mediada pela Professora Doutora Katiene Silva, da URFN no 4\u00ba Congresso Nacional de Inclus\u00e3o na Educa\u00e7\u00e3o Superior e Educa\u00e7\u00e3o Profissional Tecnol\u00f3gica, em Natal. Patricia come\u00e7ou falando sobre capacitismo e como, com [&hellip;]","og_url":"https:\/\/inclusivenews.com.br\/?p=33025","article_publisher":"https:\/\/www.facebook.com\/agenciainclusive\/","article_published_time":"2024-04-09T02:58:50+00:00","article_modified_time":"2024-04-09T11:50:02+00:00","og_image":[{"width":768,"height":1024,"url":"https:\/\/inclusivenews.com.br\/wp-content\/uploads\/2024\/04\/pat-e-eduardo.jpeg","type":"image\/jpeg"}],"author":"inclusivenews2024","twitter_card":"summary_large_image","twitter_misc":{"Escrito por":"inclusivenews2024","Tempo estimado de leitura":"2 minutos"},"schema":{"@context":"https:\/\/schema.org","@graph":[{"@type":"Article","@id":"https:\/\/inclusivenews.com.br\/?p=33025#article","isPartOf":{"@id":"https:\/\/inclusivenews.com.br\/?p=33025"},"author":{"name":"inclusivenews2024","@id":"https:\/\/inclusivenews.com.br\/#\/schema\/person\/ae4ec7087559b8692fb33b6fffd2273b"},"headline":"Linguagem Simples no Congresso da UFRN em Natal","datePublished":"2024-04-09T02:58:50+00:00","dateModified":"2024-04-09T11:50:02+00:00","mainEntityOfPage":{"@id":"https:\/\/inclusivenews.com.br\/?p=33025"},"wordCount":291,"commentCount":0,"publisher":{"@id":"https:\/\/inclusivenews.com.br\/#organization"},"image":{"@id":"https:\/\/inclusivenews.com.br\/?p=33025#primaryimage"},"thumbnailUrl":"https:\/\/inclusivenews.com.br\/wp-content\/uploads\/2024\/04\/pat-e-eduardo.jpeg","articleSection":["ACESSIBILIDADE","Linguagem Simples"],"inLanguage":"pt-PT","potentialAction":[{"@type":"CommentAction","name":"Comment","target":["https:\/\/inclusivenews.com.br\/?p=33025#respond"]}]},{"@type":"WebPage","@id":"https:\/\/inclusivenews.com.br\/?p=33025","url":"https:\/\/inclusivenews.com.br\/?p=33025","name":"Linguagem Simples no Congresso da UFRN em Natal -","isPartOf":{"@id":"https:\/\/inclusivenews.com.br\/#website"},"primaryImageOfPage":{"@id":"https:\/\/inclusivenews.com.br\/?p=33025#primaryimage"},"image":{"@id":"https:\/\/inclusivenews.com.br\/?p=33025#primaryimage"},"thumbnailUrl":"https:\/\/inclusivenews.com.br\/wp-content\/uploads\/2024\/04\/pat-e-eduardo.jpeg","datePublished":"2024-04-09T02:58:50+00:00","dateModified":"2024-04-09T11:50:02+00:00","breadcrumb":{"@id":"https:\/\/inclusivenews.com.br\/?p=33025#breadcrumb"},"inLanguage":"pt-PT","potentialAction":[{"@type":"ReadAction","target":["https:\/\/inclusivenews.com.br\/?p=33025"]}]},{"@type":"ImageObject","inLanguage":"pt-PT","@id":"https:\/\/inclusivenews.com.br\/?p=33025#primaryimage","url":"https:\/\/inclusivenews.com.br\/wp-content\/uploads\/2024\/04\/pat-e-eduardo.jpeg","contentUrl":"https:\/\/inclusivenews.com.br\/wp-content\/uploads\/2024\/04\/pat-e-eduardo.jpeg","width":768,"height":1024},{"@type":"BreadcrumbList","@id":"https:\/\/inclusivenews.com.br\/?p=33025#breadcrumb","itemListElement":[{"@type":"ListItem","position":1,"name":"In\u00edcio","item":"https:\/\/inclusivenews.com.br\/"},{"@type":"ListItem","position":2,"name":"Linguagem Simples no Congresso da UFRN em Natal"}]},{"@type":"WebSite","@id":"https:\/\/inclusivenews.com.br\/#website","url":"https:\/\/inclusivenews.com.br\/","name":"Inclusive News","description":"Inclusive News","publisher":{"@id":"https:\/\/inclusivenews.com.br\/#organization"},"potentialAction":[{"@type":"SearchAction","target":{"@type":"EntryPoint","urlTemplate":"https:\/\/inclusivenews.com.br\/?s={search_term_string}"},"query-input":{"@type":"PropertyValueSpecification","valueRequired":true,"valueName":"search_term_string"}}],"inLanguage":"pt-PT"},{"@type":"Organization","@id":"https:\/\/inclusivenews.com.br\/#organization","name":"Inclusive - inclus\u00e3o e cidadania","url":"https:\/\/inclusivenews.com.br\/","logo":{"@type":"ImageObject","inLanguage":"pt-PT","@id":"https:\/\/inclusivenews.com.br\/#\/schema\/logo\/image\/","url":"https:\/\/inclusivenews.com.br\/wp-content\/uploads\/2024\/03\/@grandesite.png","contentUrl":"https:\/\/inclusivenews.com.br\/wp-content\/uploads\/2024\/03\/@grandesite.png","width":1080,"height":1080,"caption":"Inclusive - inclus\u00e3o e cidadania"},"image":{"@id":"https:\/\/inclusivenews.com.br\/#\/schema\/logo\/image\/"},"sameAs":["https:\/\/www.facebook.com\/agenciainclusive\/","https:\/\/www.instagram.com\/newsinclusive\/"]},{"@type":"Person","@id":"https:\/\/inclusivenews.com.br\/#\/schema\/person\/ae4ec7087559b8692fb33b6fffd2273b","name":"inclusivenews2024","image":{"@type":"ImageObject","inLanguage":"pt-PT","@id":"https:\/\/secure.gravatar.com\/avatar\/c5a7ef84c66fa914f55bc4f7ce26cfa275a3b9a1c5568b907bd184fb4dde7b40?s=96&d=mm&r=g","url":"https:\/\/secure.gravatar.com\/avatar\/c5a7ef84c66fa914f55bc4f7ce26cfa275a3b9a1c5568b907bd184fb4dde7b40?s=96&d=mm&r=g","contentUrl":"https:\/\/secure.gravatar.com\/avatar\/c5a7ef84c66fa914f55bc4f7ce26cfa275a3b9a1c5568b907bd184fb4dde7b40?s=96&d=mm&r=g","caption":"inclusivenews2024"},"sameAs":["https:\/\/inclusivenews.com.br"],"url":"https:\/\/inclusivenews.com.br\/?author=1"}]}},"_links":{"self":[{"href":"https:\/\/inclusivenews.com.br\/index.php?rest_route=\/wp\/v2\/posts\/33025","targetHints":{"allow":["GET"]}}],"collection":[{"href":"https:\/\/inclusivenews.com.br\/index.php?rest_route=\/wp\/v2\/posts"}],"about":[{"href":"https:\/\/inclusivenews.com.br\/index.php?rest_route=\/wp\/v2\/types\/post"}],"author":[{"embeddable":true,"href":"https:\/\/inclusivenews.com.br\/index.php?rest_route=\/wp\/v2\/users\/1"}],"replies":[{"embeddable":true,"href":"https:\/\/inclusivenews.com.br\/index.php?rest_route=%2Fwp%2Fv2%2Fcomments&post=33025"}],"version-history":[{"count":13,"href":"https:\/\/inclusivenews.com.br\/index.php?rest_route=\/wp\/v2\/posts\/33025\/revisions"}],"predecessor-version":[{"id":33061,"href":"https:\/\/inclusivenews.com.br\/index.php?rest_route=\/wp\/v2\/posts\/33025\/revisions\/33061"}],"wp:featuredmedia":[{"embeddable":true,"href":"https:\/\/inclusivenews.com.br\/index.php?rest_route=\/wp\/v2\/media\/33026"}],"wp:attachment":[{"href":"https:\/\/inclusivenews.com.br\/index.php?rest_route=%2Fwp%2Fv2%2Fmedia&parent=33025"}],"wp:term":[{"taxonomy":"category","embeddable":true,"href":"https:\/\/inclusivenews.com.br\/index.php?rest_route=%2Fwp%2Fv2%2Fcategories&post=33025"},{"taxonomy":"post_tag","embeddable":true,"href":"https:\/\/inclusivenews.com.br\/index.php?rest_route=%2Fwp%2Fv2%2Ftags&post=33025"}],"curies":[{"name":"wp","href":"https:\/\/api.w.org\/{rel}","templated":true}]}}