{"id":33035,"date":"2024-04-09T20:43:48","date_gmt":"2024-04-09T20:43:48","guid":{"rendered":"https:\/\/inclusivenews.com.br\/?p=33035"},"modified":"2024-04-17T23:11:41","modified_gmt":"2024-04-17T23:11:41","slug":"premio-romeu-sassaki-e-balanco-do-congresso-de-natal","status":"publish","type":"post","link":"https:\/\/inclusivenews.com.br\/?p=33035","title":{"rendered":"Pr\u00eamio Romeu Sassaki no Congresso de Inclus\u00e3o na Educa\u00e7\u00e3o Superior"},"content":{"rendered":"\n<figure class=\"wp-block-image size-large\"><img loading=\"lazy\" decoding=\"async\" width=\"1024\" height=\"461\" src=\"https:\/\/inclusivenews.com.br\/wp-content\/uploads\/2024\/04\/WhatsApp-Image-2024-04-16-at-12.41.52-PM-1024x461.jpeg\" alt=\"mesa com ganhadores, logo ufrn, e quem entregou o pr\u00eamio e foto de Romeu sassaki no fundo.\" class=\"wp-image-33105\" srcset=\"https:\/\/inclusivenews.com.br\/wp-content\/uploads\/2024\/04\/WhatsApp-Image-2024-04-16-at-12.41.52-PM-1024x461.jpeg 1024w, https:\/\/inclusivenews.com.br\/wp-content\/uploads\/2024\/04\/WhatsApp-Image-2024-04-16-at-12.41.52-PM-300x135.jpeg 300w, https:\/\/inclusivenews.com.br\/wp-content\/uploads\/2024\/04\/WhatsApp-Image-2024-04-16-at-12.41.52-PM-768x346.jpeg 768w, https:\/\/inclusivenews.com.br\/wp-content\/uploads\/2024\/04\/WhatsApp-Image-2024-04-16-at-12.41.52-PM.jpeg 1280w\" sizes=\"auto, (max-width: 1024px) 100vw, 1024px\" \/><figcaption class=\"wp-element-caption\">Foto: Alessandra Soares<\/figcaption><\/figure>\n\n\n\n<p>O 4\u00ba Congresso Nacional de Inclus\u00e3o na Educa\u00e7\u00e3o Superior e Educa\u00e7\u00e3o Profissional e Tecnol\u00f3gica terminou dia 5\/4, com encerramento ilustre e entrega do Pr\u00eamio Romeu Sassaki.<\/p>\n\n\n\n<p>Foram 690 inscritos e presentes em torno de 350 pessoas de todas as regi\u00f5es do Brasil de norte ao sul ( AC, AL, AP, AM, BA, CE, DF, ES, GO, MA, MT, MS, MG, PA, PB, PR, PE, PI, RJ, RN, RS, RO, SC, SP, SE, e TO), assim como palestrantes internacionais, do Uruguaia, Portugal, Espanha e Estados Unidos da Am\u00e9rica.<\/p>\n\n\n\n<p>O evento tamb\u00e9m registrou n\u00famero consider\u00e1vel de profissionais de v\u00e1rias \u00e1reas de conhecimento, estudantes, professores, pesquisadores, t\u00e9cnicos, familiares e de pessoas com defici\u00eancia (visual, f\u00edsica, auditiva e m\u00faltipla) pessoas surdas, com surdocegueira, e com TEA, como tamb\u00e9m com TDA\/H, entre outras condi\u00e7\u00f5es especificas, na qualidade de participantes ouvintes ou como palestrantes ou apresentadores de trabalhos.<\/p>\n\n\n\n<p>A Dra Izabel Maior, ex-Secret\u00e1ria Nacional dos Direitos das Pessoas com Defici\u00eancia encerrou o congresso com a palestra &#8220;Acessibilidade: o que esperamos das pol\u00edticas p\u00fablicas e dos gestores p\u00fablicos?<\/p>\n\n\n\n<p>No \u00faltimo dia de evento tamb\u00e9m foi entregue o Pr\u00eamio Romeu Sassaki, que reconheceu destaques em diferentes \u00e1reas da acessibilidade e inclus\u00e3o. A premia\u00e7\u00e3o recebe o nome do assistente social, educador, pesquisador e <em>Doutor Honoris Causa<\/em> da UFRN, Romeu Kazumi Sassaki, que dedicou mais de 60 anos \u00e0 promo\u00e7\u00e3o da inclus\u00e3o das pessoas com defici\u00eancia e faleceu em 2022.<\/p>\n\n\n\n<p>Veja os ganhadores do pr\u00eamio:<\/p>\n\n\n\n<figure class=\"wp-block-image size-large\"><img loading=\"lazy\" decoding=\"async\" width=\"1024\" height=\"461\" src=\"https:\/\/inclusivenews.com.br\/wp-content\/uploads\/2024\/04\/WhatsApp-Image-2024-04-16-at-12.42.00-PM-1024x461.jpeg\" alt=\"geral com todos que ganharam pr\u00eamio Romeu sassaki no audit\u00f3rio. foto de romeu no tel\u00e3o, apoio ufrn unesp.\" class=\"wp-image-33107\" srcset=\"https:\/\/inclusivenews.com.br\/wp-content\/uploads\/2024\/04\/WhatsApp-Image-2024-04-16-at-12.42.00-PM-1024x461.jpeg 1024w, https:\/\/inclusivenews.com.br\/wp-content\/uploads\/2024\/04\/WhatsApp-Image-2024-04-16-at-12.42.00-PM-300x135.jpeg 300w, https:\/\/inclusivenews.com.br\/wp-content\/uploads\/2024\/04\/WhatsApp-Image-2024-04-16-at-12.42.00-PM-768x346.jpeg 768w, https:\/\/inclusivenews.com.br\/wp-content\/uploads\/2024\/04\/WhatsApp-Image-2024-04-16-at-12.42.00-PM-1536x691.jpeg 1536w, https:\/\/inclusivenews.com.br\/wp-content\/uploads\/2024\/04\/WhatsApp-Image-2024-04-16-at-12.42.00-PM.jpeg 1600w\" sizes=\"auto, (max-width: 1024px) 100vw, 1024px\" \/><figcaption class=\"wp-element-caption\">Foto: Alessandra Soares<\/figcaption><\/figure>\n\n\n\n<p><strong>PR\u00caMIO ROMEU SASSAKI<\/strong><\/p>\n\n\n\n<p><strong>EIXO 1 &#8211; GEST\u00c3O INSTITUCIONAL E A\u00c7\u00d5ES AFIRMATIVAS<\/strong><\/p>\n\n\n\n<p><strong>1\u00ba Lugar<\/strong><\/p>\n\n\n\n<p>Universidade Federal de Goi\u00e1s (UFG) com o Trabalho: \u201cIngresso de estudantes com defici\u00eancia nos cursos de gradua\u00e7\u00e3o da Universidade Federal de Goi\u00e1s\u201d, dos autores: Walqu\u00edria Dutra de Oliveira e Cl\u00e1udio Roberto Machado Benite.<\/p>\n\n\n\n<p><strong>2\u00ba Lugar<\/strong><\/p>\n\n\n\n<p>Universidade Federal do ABC (UFABC) com o Trabalho: \u201cUm panorama das Institui\u00e7\u00f5es Federais Paulistas: Estudantes Surdos ou com Defici\u00eancia Auditiva em Cursos de Gradua\u00e7\u00e3o\u201d, do autor: Luiz Renato Martins da Rocha.<\/p>\n\n\n\n<p><strong>3\u00ba Lugar<\/strong><\/p>\n\n\n\n<p>Universidade Federal do Paran\u00e1 (UFPR\/Brasil) e a Universidad Metropolitana de las Ciencias de la Educaci\u00f3n (UMCE\/Chile) com o Trabalho: \u201cInclus\u00e3o em Educa\u00e7\u00e3o no Ensino Superior: di\u00e1logo entre UFPR\/Brasil e UMCE\/Chile\u201d, dos autores: Laura Ceretta Moreira; Mariana Beltr\u00e3o Bandeira; Sueli de F\u00e1tima Fernandes; Janete Lopes Monteiro e Eduardo Andes Carrasco Henr\u00edquez<\/p>\n\n\n\n<p><strong>EIXO 2 &#8211; ACESSIBILIDADE E SUAS DIMENS\u00d5ES<\/strong><\/p>\n\n\n\n<p><strong>1\u00ba Lugar<\/strong><\/p>\n\n\n\n<p>Universidade Federal do Cariri (UFCA) com o Trabalho: \u201cDiagn\u00f3stico participativo da acessibilidade em uma Institui\u00e7\u00e3o Federal de Educa\u00e7\u00e3o Superior\u201d, das autoras: Francileuda de Lima Linhares Teixeira e L\u00edlia Asuca Sumiya.<\/p>\n\n\n\n<p><strong>2\u00ba Lugar<\/strong><\/p>\n\n\n\n<p>Universidade do Estado do Rio de Janeiro (UERJ) com o Trabalho: \u201cInclus\u00e3o e Ensino Superior: O que diz uma estudante com defici\u00eancia intelectual?\u201d, dos autores: J\u00falia dos Santos Vieira e Annie Gomes Redig.<\/p>\n\n\n\n<p><strong>3\u00ba Lugar<\/strong><\/p>\n\n\n\n<p>Universidade Federal do Rio Grande do Norte (UFRN) com o Trabalho: \u201cA experi\u00eancia est\u00e9tica em duas obras de Newton Navarro, com o uso de soundpainting\u201d, dos autores: Ana L\u00edvia de Jesus Oliveira e Melo; Jefferson Fernandes Alves e Marcus Andr\u00e9 Varela Vasconcelos<\/p>\n\n\n\n<p><strong>EIXO 3 &#8211; ENSINO, AVALIA\u00c7\u00c3O E PR\u00c1TICAS EDUCACIONAIS INCLUSIVAS<\/strong><\/p>\n\n\n\n<p><strong>1\u00ba Lugar<\/strong><\/p>\n\n\n\n<p>O Instituto Federal da Para\u00edba (IFPB) com o Trabalho: \u201cUma proposta de forma\u00e7\u00e3o sobre Acessibilidade Metodol\u00f3gica: Ensino de Qu\u00edmica para Pessoas Surdas\u201d, dos autores: Regina de F\u00e1tima Freire Valentim Monteiro; Deyse Morgana das Neves Correia e Andr\u00e9a de Lucena Lira.<\/p>\n\n\n\n<p><strong>2\u00ba Lugar<\/strong><\/p>\n\n\n\n<p>Instituto Federal Farroupilha (IFFar) com o trabalho: \u201cAtendimento Educacional Especializado: desafios das pr\u00e1ticas pedag\u00f3gicas e organizacionais no Ensino M\u00e9dio Integrado do Instituto Federal Farroupilha\u201d, das autoras: Daniela Antonello Lobo D\u2019\u00e1vila e Franciele Rusch K\u00f6nig<\/p>\n\n\n\n<p><strong>3\u00ba Lugar<\/strong><\/p>\n\n\n\n<p>Universidade Federal de Uberl\u00e2ndia (UFU) com o Trabalho: \u201cA monitoria inclusiva no Ensino Superior para estudantes com TEA: uma estrat\u00e9gia de ensino potencializadora da aprendizagem\u201d, da autora: Patr\u00edcia Muratori de Lima e Silva Negr\u00e3o<\/p>\n\n\n\n<p><strong>EIXO 4 \u2013 REDES DE APOIO E SUPORTE PARA INCLUS\u00c3O E ACESSIBILIDADE<\/strong><\/p>\n\n\n\n<p><strong>1\u00ba Lugar<\/strong><\/p>\n\n\n\n<p>Universidade Federal do Rio Grande do Norte (UFRN) com o Trabalho: \u201cA participa\u00e7\u00e3o de Estudantes com Defici\u00eancia Visual no fortalecimento da Pol\u00edtica de Inclus\u00e3o e Acessibilidade em uma Institui\u00e7\u00e3o Federal de Ensino Superior\u201d, dos autores: David Barbalho Pereira; Ana Leila de Melo Soares; Elizabeth Sachi Kanzaki Ribeiro e Catarina Shin Lima de Souza.<\/p>\n\n\n\n<p><strong>2\u00ba Lugar<\/strong><\/p>\n\n\n\n<p>Universidade de Bras\u00edlia (UNB) com o Trabalho: \u201cA articula\u00e7\u00e3o na universidade para a promo\u00e7\u00e3o da inclus\u00e3o e acessibilidade: uma parceria entre a Diretoria de Acessibilidade e a Biblioteca Central da Universidade de Bras\u00edlia (UnB)\u201d, dos autores: Fabiane Nogueira Freitas; Sinara Pollom Zardo; Carolina Dias Pinheiro e Thayse Natalia Cantanhede Santos.<\/p>\n\n\n\n<p><strong>3\u00ba Lugar<\/strong><\/p>\n\n\n\n<p>Universidade Estadual de Campinas (UNICAMP) com o Trabalho: \u201cAdapta\u00e7\u00f5es curriculares \u00e0 discentes: Relato de uma experi\u00eancia com estudante no Transtorno do Espectro Autista\u201d, dos autores: Leonardo Augusto Cardoso de Oliveira; Mariana Freitas Nery; T\u00e2nia Maron Vichi Freire de Mello e Adriane Martins Soares Pelissoni.<\/p>\n\n\n\n<p><strong>EIXO 5 \u2013 AVALIA\u00c7\u00c3O BIOPSICOSSOCIAL DA DEFICI\u00caNCIA<\/strong><\/p>\n\n\n\n<p><strong>1\u00ba Lugar<\/strong><\/p>\n\n\n\n<p>Universidade Federal de Minas Gerais (UFMG) com o Trabalho: \u201c\u00cdndice de Funcionalidade Brasileiro: experi\u00eancia de avalia\u00e7\u00e3o da defici\u00eancia na UFMG\u201d, das autoras Regina Celi Fonseca Ribeiro; Lailah Vasconcelos de Oliveira Vilela e Daniela Virginia Vaz.<\/p>\n\n\n\n<p><strong>2\u00ba Lugar<\/strong><\/p>\n\n\n\n<p>Universidade Federal do Par\u00e1 (UFPA) com o Trabalho: \u201cAvalia\u00e7\u00e3o Biopsicossocial da Defici\u00eancia: an\u00e1lise das metodologias adotadas pelas Universidades na pol\u00edtica de cotas\u201d, da autora: Arlete Marinho Gon\u00e7alves.<\/p>\n\n\n\n<p><strong>3\u00ba Lugar<\/strong><\/p>\n\n\n\n<p>N\u00e3o houve trabalho premiado<\/p>\n\n\n\n<p><strong>EIXO 6 \u2013 POL\u00cdTICAS EDUCACIONAIS INCLUSIVAS E DIREITOS HUMANOS<\/strong><\/p>\n\n\n\n<p><strong>1\u00ba Lugar<\/strong><\/p>\n\n\n\n<p>Instituto Federal Goiano (IFGoiano) com o Trabalho: \u201cPol\u00edticas de Educa\u00e7\u00e3o Especial no Instituto Federal Goiano\u201d, da autora: M\u00f4nica Isabel Canuto Nunes.<\/p>\n\n\n\n<p><strong>2\u00ba Lugar<\/strong><\/p>\n\n\n\n<p>Instituto Federal do Rio de Janeiro (IFRJ) com o Trabalho: \u201cA trajet\u00f3ria da constru\u00e7\u00e3o da Pol\u00edtica de Educa\u00e7\u00e3o Especial na perspectiva inclusiva no IFRJ\u201d, das autoras: Andr\u00e9a Silva do Nascimento e Amanda Carlou Andrade Santos.<\/p>\n\n\n\n<p><strong>3\u00ba Lugar<\/strong><\/p>\n\n\n\n<p>Universidade do Estado de Santa Catarina (UDESC) com o Trabalho: \u201cPol\u00edticas de Inclus\u00e3o no Ensino Superior: um estudo a partir do olhar dos alunos\u201d, das autoras: Raquel Fr\u00f6hlich e Valenttina Schmidt Bilhar.<\/p>\n\n\n\n<p><strong>EIXO 7 \u2013 INOVA\u00c7\u00c3O, TECNOLOGIAS E PRODUTOS PARA INCLUS\u00c3O E ACESSIBILIDADE<\/strong><\/p>\n\n\n\n<p><strong>1\u00ba Lugar<\/strong><\/p>\n\n\n\n<p>Instituto Federal Baiano (IFBaiano) e Instituto Federal do Rio Grande do Sul (IFRS) com o Trabalho: \u201cSelo Brasileiro de Acessibilidade: Sistema WEB para Avalia\u00e7\u00e3o de Acessibilidade de sites e gera\u00e7\u00e3o de selo autom\u00e1tico\u201d, dos autores: Woquiton Lima Fernandes; Durval Ferreira Sobrinho J\u00fanior e Andr\u00e9a Poletto Sonza.<\/p>\n\n\n\n<p><strong>2\u00ba Lugar<\/strong><\/p>\n\n\n\n<p>Universidade Federal de Itajub\u00e1 (UNIFEI) com o Trabalho \u201cO Site Librex usado a favor da aprendizagem de graduandos de Educa\u00e7\u00e3o em Ci\u00eancias\u201d, dos autores:&nbsp; Pedro Di Luca Martins Chaves; Manoel Vitor Afonso Lopes; Ryan Wyllyan Ribeiro In\u00e1cio e Ana Carolina Sales Oliveira.<\/p>\n\n\n\n<p><strong>3\u00ba Lugar<\/strong><\/p>\n\n\n\n<p>Universidade Federal Fluminense (UFF) com o trabalho: \u201cCampi Inteligente e Mobilidade: inova\u00e7\u00e3o para acessibilidade\u201d, da autora: Nath\u00e1lia Fonseca da Silva Barboza.<\/p>\n\n\n\n<p><strong>EIXO 8 \u2013 ARTICULA\u00c7\u00c3O UNIVERSIDADE E SOCIEDADE<\/strong><\/p>\n\n\n\n<p><strong>1\u00ba Lugar<\/strong><\/p>\n\n\n\n<p>Universidade Federal da Para\u00edba (UFPB) com o Trabalho: \u201cEntrela\u00e7amento Ensino, Pesquisa e Extens\u00e3o: o papel da universidade para m\u00e3es de pessoas com defici\u00eancia da (in)visibilidade a participa\u00e7\u00e3o social\u201d, da autora: Alessandra Miranda Mendes Soares.<\/p>\n\n\n\n<p><strong>2\u00ba Lugar<\/strong><\/p>\n\n\n\n<p>Universidade Estadual do Sudoeste da Bahia (UESB) com o Trabalho: \u201cNotre Dame de Jequi\u00e9-BA: Anticapacistismo, Teatro e Festa dos Loucos\u201d, dos autores: Maria Aparecida de Souza e Vin\u00edcius Gomes de Oliveira.<\/p>\n\n\n\n<p><strong>3\u00ba Lugar<\/strong><\/p>\n\n\n\n<p>Instituto Federal de Educa\u00e7\u00e3o, Ci\u00eancia e Tecnologia da Bahia (IFBA), Campus Barreiras, com o Trabalho: \u201cFeira Livre de Barreiras: diretrizes projetuais para a inclus\u00e3o socioespacial das Pessoas com Defici\u00eancia\u201d, dos autores: Osnildo Ad\u00e3o Wan-Dall J\u00fanior; Sandra Samara Pires Farias e Diego Henrique da Silva Stern.<\/p>\n\n\n\n<p><\/p>\n","protected":false},"excerpt":{"rendered":"<p>O 4\u00ba Congresso Nacional de Inclus\u00e3o na Educa\u00e7\u00e3o Superior e Educa\u00e7\u00e3o Profissional e Tecnol\u00f3gica terminou dia 5\/4, com encerramento ilustre e entrega do Pr\u00eamio Romeu Sassaki. Foram 690 inscritos e presentes em torno de 350 pessoas de todas as regi\u00f5es do Brasil de norte ao sul ( AC, AL, AP, AM, BA, CE, DF, ES, [&hellip;]<\/p>\n","protected":false},"author":1,"featured_media":33105,"comment_status":"open","ping_status":"open","sticky":false,"template":"","format":"standard","meta":{"site-container-style":"default","site-container-layout":"default","site-sidebar-layout":"default","disable-article-header":"default","disable-site-header":"default","disable-site-footer":"default","disable-content-area-spacing":"default","footnotes":""},"categories":[1],"tags":[],"class_list":["post-33035","post","type-post","status-publish","format-standard","has-post-thumbnail","hentry","category-blog"],"yoast_head":"<!-- This site is optimized with the Yoast SEO plugin v27.4 - https:\/\/yoast.com\/product\/yoast-seo-wordpress\/ -->\n<title>Pr\u00eamio Romeu Sassaki no Congresso de Inclus\u00e3o na Educa\u00e7\u00e3o Superior -<\/title>\n<meta name=\"robots\" content=\"index, follow, max-snippet:-1, max-image-preview:large, max-video-preview:-1\" \/>\n<link rel=\"canonical\" href=\"https:\/\/inclusivenews.com.br\/?p=33035\" \/>\n<meta property=\"og:locale\" content=\"pt_PT\" \/>\n<meta property=\"og:type\" content=\"article\" \/>\n<meta property=\"og:title\" content=\"Pr\u00eamio Romeu Sassaki no Congresso de Inclus\u00e3o na Educa\u00e7\u00e3o Superior -\" \/>\n<meta property=\"og:description\" content=\"O 4\u00ba Congresso Nacional de Inclus\u00e3o na Educa\u00e7\u00e3o Superior e Educa\u00e7\u00e3o Profissional e Tecnol\u00f3gica terminou dia 5\/4, com encerramento ilustre e entrega do Pr\u00eamio Romeu Sassaki. Foram 690 inscritos e presentes em torno de 350 pessoas de todas as regi\u00f5es do Brasil de norte ao sul ( AC, AL, AP, AM, BA, CE, DF, ES, [&hellip;]\" \/>\n<meta property=\"og:url\" content=\"https:\/\/inclusivenews.com.br\/?p=33035\" \/>\n<meta property=\"article:publisher\" content=\"https:\/\/www.facebook.com\/agenciainclusive\/\" \/>\n<meta property=\"article:published_time\" content=\"2024-04-09T20:43:48+00:00\" \/>\n<meta property=\"article:modified_time\" content=\"2024-04-17T23:11:41+00:00\" \/>\n<meta property=\"og:image\" content=\"https:\/\/inclusivenews.com.br\/wp-content\/uploads\/2024\/04\/WhatsApp-Image-2024-04-16-at-12.41.52-PM.jpeg\" \/>\n\t<meta property=\"og:image:width\" content=\"1280\" \/>\n\t<meta property=\"og:image:height\" content=\"576\" \/>\n\t<meta property=\"og:image:type\" content=\"image\/jpeg\" \/>\n<meta name=\"author\" content=\"inclusivenews2024\" \/>\n<meta name=\"twitter:card\" content=\"summary_large_image\" \/>\n<meta name=\"twitter:label1\" content=\"Escrito por\" \/>\n\t<meta name=\"twitter:data1\" content=\"inclusivenews2024\" \/>\n\t<meta name=\"twitter:label2\" content=\"Tempo estimado de leitura\" \/>\n\t<meta name=\"twitter:data2\" content=\"8 minutos\" \/>\n<script type=\"application\/ld+json\" class=\"yoast-schema-graph\">{\"@context\":\"https:\\\/\\\/schema.org\",\"@graph\":[{\"@type\":\"Article\",\"@id\":\"https:\\\/\\\/inclusivenews.com.br\\\/?p=33035#article\",\"isPartOf\":{\"@id\":\"https:\\\/\\\/inclusivenews.com.br\\\/?p=33035\"},\"author\":{\"name\":\"inclusivenews2024\",\"@id\":\"https:\\\/\\\/inclusivenews.com.br\\\/#\\\/schema\\\/person\\\/ae4ec7087559b8692fb33b6fffd2273b\"},\"headline\":\"Pr\u00eamio Romeu Sassaki no Congresso de Inclus\u00e3o na Educa\u00e7\u00e3o Superior\",\"datePublished\":\"2024-04-09T20:43:48+00:00\",\"dateModified\":\"2024-04-17T23:11:41+00:00\",\"mainEntityOfPage\":{\"@id\":\"https:\\\/\\\/inclusivenews.com.br\\\/?p=33035\"},\"wordCount\":1324,\"commentCount\":0,\"publisher\":{\"@id\":\"https:\\\/\\\/inclusivenews.com.br\\\/#organization\"},\"image\":{\"@id\":\"https:\\\/\\\/inclusivenews.com.br\\\/?p=33035#primaryimage\"},\"thumbnailUrl\":\"https:\\\/\\\/inclusivenews.com.br\\\/wp-content\\\/uploads\\\/2024\\\/04\\\/WhatsApp-Image-2024-04-16-at-12.41.52-PM.jpeg\",\"articleSection\":[\"Blog\"],\"inLanguage\":\"pt-PT\",\"potentialAction\":[{\"@type\":\"CommentAction\",\"name\":\"Comment\",\"target\":[\"https:\\\/\\\/inclusivenews.com.br\\\/?p=33035#respond\"]}]},{\"@type\":\"WebPage\",\"@id\":\"https:\\\/\\\/inclusivenews.com.br\\\/?p=33035\",\"url\":\"https:\\\/\\\/inclusivenews.com.br\\\/?p=33035\",\"name\":\"Pr\u00eamio Romeu Sassaki no Congresso de Inclus\u00e3o na Educa\u00e7\u00e3o Superior -\",\"isPartOf\":{\"@id\":\"https:\\\/\\\/inclusivenews.com.br\\\/#website\"},\"primaryImageOfPage\":{\"@id\":\"https:\\\/\\\/inclusivenews.com.br\\\/?p=33035#primaryimage\"},\"image\":{\"@id\":\"https:\\\/\\\/inclusivenews.com.br\\\/?p=33035#primaryimage\"},\"thumbnailUrl\":\"https:\\\/\\\/inclusivenews.com.br\\\/wp-content\\\/uploads\\\/2024\\\/04\\\/WhatsApp-Image-2024-04-16-at-12.41.52-PM.jpeg\",\"datePublished\":\"2024-04-09T20:43:48+00:00\",\"dateModified\":\"2024-04-17T23:11:41+00:00\",\"breadcrumb\":{\"@id\":\"https:\\\/\\\/inclusivenews.com.br\\\/?p=33035#breadcrumb\"},\"inLanguage\":\"pt-PT\",\"potentialAction\":[{\"@type\":\"ReadAction\",\"target\":[\"https:\\\/\\\/inclusivenews.com.br\\\/?p=33035\"]}]},{\"@type\":\"ImageObject\",\"inLanguage\":\"pt-PT\",\"@id\":\"https:\\\/\\\/inclusivenews.com.br\\\/?p=33035#primaryimage\",\"url\":\"https:\\\/\\\/inclusivenews.com.br\\\/wp-content\\\/uploads\\\/2024\\\/04\\\/WhatsApp-Image-2024-04-16-at-12.41.52-PM.jpeg\",\"contentUrl\":\"https:\\\/\\\/inclusivenews.com.br\\\/wp-content\\\/uploads\\\/2024\\\/04\\\/WhatsApp-Image-2024-04-16-at-12.41.52-PM.jpeg\",\"width\":1280,\"height\":576},{\"@type\":\"BreadcrumbList\",\"@id\":\"https:\\\/\\\/inclusivenews.com.br\\\/?p=33035#breadcrumb\",\"itemListElement\":[{\"@type\":\"ListItem\",\"position\":1,\"name\":\"In\u00edcio\",\"item\":\"https:\\\/\\\/inclusivenews.com.br\\\/\"},{\"@type\":\"ListItem\",\"position\":2,\"name\":\"Pr\u00eamio Romeu Sassaki no Congresso de Inclus\u00e3o na Educa\u00e7\u00e3o Superior\"}]},{\"@type\":\"WebSite\",\"@id\":\"https:\\\/\\\/inclusivenews.com.br\\\/#website\",\"url\":\"https:\\\/\\\/inclusivenews.com.br\\\/\",\"name\":\"Inclusive News\",\"description\":\"Inclusive News\",\"publisher\":{\"@id\":\"https:\\\/\\\/inclusivenews.com.br\\\/#organization\"},\"potentialAction\":[{\"@type\":\"SearchAction\",\"target\":{\"@type\":\"EntryPoint\",\"urlTemplate\":\"https:\\\/\\\/inclusivenews.com.br\\\/?s={search_term_string}\"},\"query-input\":{\"@type\":\"PropertyValueSpecification\",\"valueRequired\":true,\"valueName\":\"search_term_string\"}}],\"inLanguage\":\"pt-PT\"},{\"@type\":\"Organization\",\"@id\":\"https:\\\/\\\/inclusivenews.com.br\\\/#organization\",\"name\":\"Inclusive - inclus\u00e3o e cidadania\",\"url\":\"https:\\\/\\\/inclusivenews.com.br\\\/\",\"logo\":{\"@type\":\"ImageObject\",\"inLanguage\":\"pt-PT\",\"@id\":\"https:\\\/\\\/inclusivenews.com.br\\\/#\\\/schema\\\/logo\\\/image\\\/\",\"url\":\"https:\\\/\\\/inclusivenews.com.br\\\/wp-content\\\/uploads\\\/2024\\\/03\\\/@grandesite.png\",\"contentUrl\":\"https:\\\/\\\/inclusivenews.com.br\\\/wp-content\\\/uploads\\\/2024\\\/03\\\/@grandesite.png\",\"width\":1080,\"height\":1080,\"caption\":\"Inclusive - inclus\u00e3o e cidadania\"},\"image\":{\"@id\":\"https:\\\/\\\/inclusivenews.com.br\\\/#\\\/schema\\\/logo\\\/image\\\/\"},\"sameAs\":[\"https:\\\/\\\/www.facebook.com\\\/agenciainclusive\\\/\",\"https:\\\/\\\/www.instagram.com\\\/newsinclusive\\\/\"]},{\"@type\":\"Person\",\"@id\":\"https:\\\/\\\/inclusivenews.com.br\\\/#\\\/schema\\\/person\\\/ae4ec7087559b8692fb33b6fffd2273b\",\"name\":\"inclusivenews2024\",\"image\":{\"@type\":\"ImageObject\",\"inLanguage\":\"pt-PT\",\"@id\":\"https:\\\/\\\/secure.gravatar.com\\\/avatar\\\/c5a7ef84c66fa914f55bc4f7ce26cfa275a3b9a1c5568b907bd184fb4dde7b40?s=96&d=mm&r=g\",\"url\":\"https:\\\/\\\/secure.gravatar.com\\\/avatar\\\/c5a7ef84c66fa914f55bc4f7ce26cfa275a3b9a1c5568b907bd184fb4dde7b40?s=96&d=mm&r=g\",\"contentUrl\":\"https:\\\/\\\/secure.gravatar.com\\\/avatar\\\/c5a7ef84c66fa914f55bc4f7ce26cfa275a3b9a1c5568b907bd184fb4dde7b40?s=96&d=mm&r=g\",\"caption\":\"inclusivenews2024\"},\"sameAs\":[\"https:\\\/\\\/inclusivenews.com.br\"],\"url\":\"https:\\\/\\\/inclusivenews.com.br\\\/?author=1\"}]}<\/script>\n<!-- \/ Yoast SEO plugin. -->","yoast_head_json":{"title":"Pr\u00eamio Romeu Sassaki no Congresso de Inclus\u00e3o na Educa\u00e7\u00e3o Superior -","robots":{"index":"index","follow":"follow","max-snippet":"max-snippet:-1","max-image-preview":"max-image-preview:large","max-video-preview":"max-video-preview:-1"},"canonical":"https:\/\/inclusivenews.com.br\/?p=33035","og_locale":"pt_PT","og_type":"article","og_title":"Pr\u00eamio Romeu Sassaki no Congresso de Inclus\u00e3o na Educa\u00e7\u00e3o Superior -","og_description":"O 4\u00ba Congresso Nacional de Inclus\u00e3o na Educa\u00e7\u00e3o Superior e Educa\u00e7\u00e3o Profissional e Tecnol\u00f3gica terminou dia 5\/4, com encerramento ilustre e entrega do Pr\u00eamio Romeu Sassaki. Foram 690 inscritos e presentes em torno de 350 pessoas de todas as regi\u00f5es do Brasil de norte ao sul ( AC, AL, AP, AM, BA, CE, DF, ES, [&hellip;]","og_url":"https:\/\/inclusivenews.com.br\/?p=33035","article_publisher":"https:\/\/www.facebook.com\/agenciainclusive\/","article_published_time":"2024-04-09T20:43:48+00:00","article_modified_time":"2024-04-17T23:11:41+00:00","og_image":[{"width":1280,"height":576,"url":"https:\/\/inclusivenews.com.br\/wp-content\/uploads\/2024\/04\/WhatsApp-Image-2024-04-16-at-12.41.52-PM.jpeg","type":"image\/jpeg"}],"author":"inclusivenews2024","twitter_card":"summary_large_image","twitter_misc":{"Escrito por":"inclusivenews2024","Tempo estimado de leitura":"8 minutos"},"schema":{"@context":"https:\/\/schema.org","@graph":[{"@type":"Article","@id":"https:\/\/inclusivenews.com.br\/?p=33035#article","isPartOf":{"@id":"https:\/\/inclusivenews.com.br\/?p=33035"},"author":{"name":"inclusivenews2024","@id":"https:\/\/inclusivenews.com.br\/#\/schema\/person\/ae4ec7087559b8692fb33b6fffd2273b"},"headline":"Pr\u00eamio Romeu Sassaki no Congresso de Inclus\u00e3o na Educa\u00e7\u00e3o Superior","datePublished":"2024-04-09T20:43:48+00:00","dateModified":"2024-04-17T23:11:41+00:00","mainEntityOfPage":{"@id":"https:\/\/inclusivenews.com.br\/?p=33035"},"wordCount":1324,"commentCount":0,"publisher":{"@id":"https:\/\/inclusivenews.com.br\/#organization"},"image":{"@id":"https:\/\/inclusivenews.com.br\/?p=33035#primaryimage"},"thumbnailUrl":"https:\/\/inclusivenews.com.br\/wp-content\/uploads\/2024\/04\/WhatsApp-Image-2024-04-16-at-12.41.52-PM.jpeg","articleSection":["Blog"],"inLanguage":"pt-PT","potentialAction":[{"@type":"CommentAction","name":"Comment","target":["https:\/\/inclusivenews.com.br\/?p=33035#respond"]}]},{"@type":"WebPage","@id":"https:\/\/inclusivenews.com.br\/?p=33035","url":"https:\/\/inclusivenews.com.br\/?p=33035","name":"Pr\u00eamio Romeu Sassaki no Congresso de Inclus\u00e3o na Educa\u00e7\u00e3o Superior -","isPartOf":{"@id":"https:\/\/inclusivenews.com.br\/#website"},"primaryImageOfPage":{"@id":"https:\/\/inclusivenews.com.br\/?p=33035#primaryimage"},"image":{"@id":"https:\/\/inclusivenews.com.br\/?p=33035#primaryimage"},"thumbnailUrl":"https:\/\/inclusivenews.com.br\/wp-content\/uploads\/2024\/04\/WhatsApp-Image-2024-04-16-at-12.41.52-PM.jpeg","datePublished":"2024-04-09T20:43:48+00:00","dateModified":"2024-04-17T23:11:41+00:00","breadcrumb":{"@id":"https:\/\/inclusivenews.com.br\/?p=33035#breadcrumb"},"inLanguage":"pt-PT","potentialAction":[{"@type":"ReadAction","target":["https:\/\/inclusivenews.com.br\/?p=33035"]}]},{"@type":"ImageObject","inLanguage":"pt-PT","@id":"https:\/\/inclusivenews.com.br\/?p=33035#primaryimage","url":"https:\/\/inclusivenews.com.br\/wp-content\/uploads\/2024\/04\/WhatsApp-Image-2024-04-16-at-12.41.52-PM.jpeg","contentUrl":"https:\/\/inclusivenews.com.br\/wp-content\/uploads\/2024\/04\/WhatsApp-Image-2024-04-16-at-12.41.52-PM.jpeg","width":1280,"height":576},{"@type":"BreadcrumbList","@id":"https:\/\/inclusivenews.com.br\/?p=33035#breadcrumb","itemListElement":[{"@type":"ListItem","position":1,"name":"In\u00edcio","item":"https:\/\/inclusivenews.com.br\/"},{"@type":"ListItem","position":2,"name":"Pr\u00eamio Romeu Sassaki no Congresso de Inclus\u00e3o na Educa\u00e7\u00e3o Superior"}]},{"@type":"WebSite","@id":"https:\/\/inclusivenews.com.br\/#website","url":"https:\/\/inclusivenews.com.br\/","name":"Inclusive News","description":"Inclusive News","publisher":{"@id":"https:\/\/inclusivenews.com.br\/#organization"},"potentialAction":[{"@type":"SearchAction","target":{"@type":"EntryPoint","urlTemplate":"https:\/\/inclusivenews.com.br\/?s={search_term_string}"},"query-input":{"@type":"PropertyValueSpecification","valueRequired":true,"valueName":"search_term_string"}}],"inLanguage":"pt-PT"},{"@type":"Organization","@id":"https:\/\/inclusivenews.com.br\/#organization","name":"Inclusive - inclus\u00e3o e cidadania","url":"https:\/\/inclusivenews.com.br\/","logo":{"@type":"ImageObject","inLanguage":"pt-PT","@id":"https:\/\/inclusivenews.com.br\/#\/schema\/logo\/image\/","url":"https:\/\/inclusivenews.com.br\/wp-content\/uploads\/2024\/03\/@grandesite.png","contentUrl":"https:\/\/inclusivenews.com.br\/wp-content\/uploads\/2024\/03\/@grandesite.png","width":1080,"height":1080,"caption":"Inclusive - inclus\u00e3o e cidadania"},"image":{"@id":"https:\/\/inclusivenews.com.br\/#\/schema\/logo\/image\/"},"sameAs":["https:\/\/www.facebook.com\/agenciainclusive\/","https:\/\/www.instagram.com\/newsinclusive\/"]},{"@type":"Person","@id":"https:\/\/inclusivenews.com.br\/#\/schema\/person\/ae4ec7087559b8692fb33b6fffd2273b","name":"inclusivenews2024","image":{"@type":"ImageObject","inLanguage":"pt-PT","@id":"https:\/\/secure.gravatar.com\/avatar\/c5a7ef84c66fa914f55bc4f7ce26cfa275a3b9a1c5568b907bd184fb4dde7b40?s=96&d=mm&r=g","url":"https:\/\/secure.gravatar.com\/avatar\/c5a7ef84c66fa914f55bc4f7ce26cfa275a3b9a1c5568b907bd184fb4dde7b40?s=96&d=mm&r=g","contentUrl":"https:\/\/secure.gravatar.com\/avatar\/c5a7ef84c66fa914f55bc4f7ce26cfa275a3b9a1c5568b907bd184fb4dde7b40?s=96&d=mm&r=g","caption":"inclusivenews2024"},"sameAs":["https:\/\/inclusivenews.com.br"],"url":"https:\/\/inclusivenews.com.br\/?author=1"}]}},"_links":{"self":[{"href":"https:\/\/inclusivenews.com.br\/index.php?rest_route=\/wp\/v2\/posts\/33035","targetHints":{"allow":["GET"]}}],"collection":[{"href":"https:\/\/inclusivenews.com.br\/index.php?rest_route=\/wp\/v2\/posts"}],"about":[{"href":"https:\/\/inclusivenews.com.br\/index.php?rest_route=\/wp\/v2\/types\/post"}],"author":[{"embeddable":true,"href":"https:\/\/inclusivenews.com.br\/index.php?rest_route=\/wp\/v2\/users\/1"}],"replies":[{"embeddable":true,"href":"https:\/\/inclusivenews.com.br\/index.php?rest_route=%2Fwp%2Fv2%2Fcomments&post=33035"}],"version-history":[{"count":7,"href":"https:\/\/inclusivenews.com.br\/index.php?rest_route=\/wp\/v2\/posts\/33035\/revisions"}],"predecessor-version":[{"id":33113,"href":"https:\/\/inclusivenews.com.br\/index.php?rest_route=\/wp\/v2\/posts\/33035\/revisions\/33113"}],"wp:featuredmedia":[{"embeddable":true,"href":"https:\/\/inclusivenews.com.br\/index.php?rest_route=\/wp\/v2\/media\/33105"}],"wp:attachment":[{"href":"https:\/\/inclusivenews.com.br\/index.php?rest_route=%2Fwp%2Fv2%2Fmedia&parent=33035"}],"wp:term":[{"taxonomy":"category","embeddable":true,"href":"https:\/\/inclusivenews.com.br\/index.php?rest_route=%2Fwp%2Fv2%2Fcategories&post=33035"},{"taxonomy":"post_tag","embeddable":true,"href":"https:\/\/inclusivenews.com.br\/index.php?rest_route=%2Fwp%2Fv2%2Ftags&post=33035"}],"curies":[{"name":"wp","href":"https:\/\/api.w.org\/{rel}","templated":true}]}}