{"id":33063,"date":"2024-04-10T16:31:22","date_gmt":"2024-04-10T16:31:22","guid":{"rendered":"https:\/\/inclusivenews.com.br\/?p=33063"},"modified":"2024-04-10T17:25:06","modified_gmt":"2024-04-10T17:25:06","slug":"carta-para-a-sonia-do-futuro","status":"publish","type":"post","link":"https:\/\/inclusivenews.com.br\/?p=33063","title":{"rendered":"Carta para a S\u00f4nia do Futuro"},"content":{"rendered":"\n<p><strong>Luciana Xavier Sans de Carvalho<\/strong> *<\/p>\n\n\n\n<figure class=\"wp-block-image size-full is-resized\"><img loading=\"lazy\" decoding=\"async\" width=\"604\" height=\"596\" src=\"https:\/\/inclusivenews.com.br\/wp-content\/uploads\/2024\/04\/carta-pena-1.png\" alt=\"ilustra\u00e7\u00e3o em preto e branco de carta escrita por pena, com cora\u00e7\u00e3o em baixo.\" class=\"wp-image-33075\" style=\"width:266px;height:auto\" srcset=\"https:\/\/inclusivenews.com.br\/wp-content\/uploads\/2024\/04\/carta-pena-1.png 604w, https:\/\/inclusivenews.com.br\/wp-content\/uploads\/2024\/04\/carta-pena-1-300x296.png 300w\" sizes=\"auto, (max-width: 604px) 100vw, 604px\" \/><\/figure>\n\n\n\n<p>Oi, S\u00f4nia! Aqui \u00e9 a Luciana que te conheceu em junho de 2023, perto do meu anivers\u00e1rio. Temos quase a mesma idade. Eu entrei na sua vida e voc\u00ea na minha (e espero que n\u00e3o saiamos da vida uma da outra!) por eu trabalhar com a inclus\u00e3o da Pessoa com Defici\u00eancia no Mundo do Trabalho, com aprendizagem profissional \u00a0e com o combate ao trabalho infantil em Santa Catarina e morar em Florian\u00f3polis. Aqui voc\u00ea foi encontrada por uma equipe muito competente de pessoas que acreditavam que a S\u00f4nia do Presente merecia uma vida melhor. Uma vida de liberdade! Possibilidade de fazer escolhas, de fazer amizades, de reatar la\u00e7os familiares \u00a0e de decidir a vida da S\u00f4nia do Futuro. \u00a0<\/p>\n\n\n\n<p>Me perguntaram se eu poderia te conhecer e ajudar a achar um espa\u00e7o seguro onde voc\u00ea pudesse aprender libras e portugu\u00eas, fazer amigos, artes e outras atividades que seriam importantes para voc\u00ea. Me disseram tamb\u00e9m que voc\u00ea, como eu, gostava de recortar e colar, desenhar. N\u00e3o pensei duas vezes, peguei l\u00e1pis de cor e um livro de colorir e fui conhec\u00ea-la.<\/p>\n\n\n\n<p>Quero acreditar, e voc\u00ea agora pode confirmar, que voc\u00ea tamb\u00e9m gostou de mim j\u00e1 no primeiro encontro. Eu costumo dizer que imagino flores nas pessoas que eu gosto muito de cara. Vi um jardim inteiro em voc\u00ea!<\/p>\n\n\n\n<p>S\u00f4nia, sei que tivemos uma vida muito diferente perto dos nossos 10 anos at\u00e9 o momento em que nos conhecemos, mas gostaria que voc\u00ea soubesse que fazemos e faremos tudo que for poss\u00edvel para tentar garantir que a \u201cS\u00f4nia do futuro\u201d possa ter uma rica e exuberante conviv\u00eancia com a comunidade, a fam\u00edlia \u201cde Jesus\u201d e todas as pessoas que surgiram na sua vida \u00e0 partir de nosso encontro.<\/p>\n\n\n\n<p>L\u00e1 atr\u00e1s voc\u00ea n\u00e3o frequentou a escola; talvez n\u00e3o tenha praticado esportes, exerc\u00edcios f\u00edsicos, artes, dan\u00e7a; n\u00e3o aprendeu a ler e falar em libras ou portugu\u00eas com flu\u00eancia, n\u00e3o teve documentos, celular e carteira de trabalho. N\u00e3o pode participar das festas da fam\u00edlia \u201cde Jesus\u201d, ou me convidar para dan\u00e7ar j\u00e1 que sei que tamb\u00e9m temos isso em comum.<\/p>\n\n\n\n<p>Mas n\u00e3o fique triste, pois a S\u00f4nia do futuro poder\u00e1 fazer tudo isso! Tenho certeza! E saiba que a S\u00f4nia do presente tem uma corrente forte de pessoas, coletivos e a fam\u00edlia \u201cde Jesus\u201d emprestando \u00e0 S\u00f4nia do Futuro sua voz at\u00e9 que a S\u00f4nia do Futuro n\u00e3o precise mais dela.<\/p>\n\n\n\n<p>Uma coisa eu posso te antecipar, mesmo sendo ainda a Luciana do presente: A S\u00f4nia do Futuro \u00e9 o desabrochar de uma mulher linda, corajosa, inteligente, comunicativa, alegre que sempre existiu na S\u00f4nia do passado e do presente, mas que infelizmente teve que esperar um pouco mais por esse momento!<\/p>\n\n\n\n<p>Nossas Lucianas e S\u00f4nias do passado e presente v\u00e3o se conhecendo, misturando, brilhando e com certeza influenciando e mudando a vida de outas Lucianas e S\u00f4nias do FUTURO!<\/p>\n\n\n\n<p>Te amo!<\/p>\n\n\n\n<p class=\"has-yuki-font-xxsmall-font-size\">* &nbsp;<strong>Luciana Xavier Sans de Carvalho<\/strong> \u00e9 Auditora Fiscal do Trabalho, Membro do Instituto Trabalho Digno, da Frente Nacional de Mulheres com Defici\u00eancia e do Coletivo Trabalho por Elas. Coordenadora das Semanas Inclusivas Santa Catarina pela Superintend\u00eancia Regional do Trabalho em parceria com o MPT SC, 48 anos.<\/p>\n\n\n\n<hr class=\"wp-block-separator has-alpha-channel-opacity\"\/>\n\n\n\n<p class=\"has-yuki-font-xxsmall-font-size\">S\u00f4nia Maria de Jesus, trabalhadora, &nbsp;mulher de 50 anos, com defici\u00eancia, surda, negra, analfabeta em libras e portugu\u00eas e trazida de S\u00e3o Paulo para Santa Catarina ainda na inf\u00e2ncia, foi resgatada do trabalho dom\u00e9stico an\u00e1logo ao de escravo no dia 6 de junho de 2023 da casa da fam\u00edlia de um Desembargador do Tribunal de Justi\u00e7a de Santa Catarina em Florian\u00f3polis. &nbsp;<\/p>\n\n\n\n<p class=\"has-yuki-font-xxsmall-font-size\">A a\u00e7\u00e3o foi coordenada pela Auditoria Fiscal do Trabalho e executada em conjunto com \u2013 Minist\u00e9rio P\u00fablico do Trabalho -MPT, a quem chegou a den\u00fancia previamente analisada, Defensoria P\u00fablica da Uni\u00e3o- DPU e apoio policial da Pol\u00edcia Federal e judicial do Minist\u00e9rio P\u00fablico Federal.<\/p>\n\n\n\n<p class=\"has-yuki-font-xxsmall-font-size\">As institui\u00e7\u00f5es foram un\u00e2nimes em compreender a situa\u00e7\u00e3o como trabalho an\u00e1logo ao de escravo.<\/p>\n\n\n\n<p class=\"has-yuki-font-xxsmall-font-size\">A sra. S\u00f4nia, ap\u00f3s resgate, foi para casa de acolhimento para mulheres v\u00edtimas de viol\u00eancia e inserida na Associa\u00e7\u00e3o de Surdos da Grande Florian\u00f3polis para aprender libras e socializar.<\/p>\n\n\n\n<p class=\"has-yuki-font-xxsmall-font-size\">A fam\u00edlia do Desembargador entrou com pedido perante o Superior tribunal de Justi\u00e7a -STJ para visitar a Sra. S\u00f4nia na casa de acolhimento e lev\u00e1-la de volta. O STJ autorizou a visita, decidindo que havendo manifesta\u00e7\u00e3o inequ\u00edvoca de S\u00f4nia para retornar \u00e0 casa de onde foi resgatada, o mesmo poderia ocorrer. A DPU entrou com Habeas Corpus -HC junto ao STF para que o encontro n\u00e3o ocorresse, alegando raz\u00f5es como impossibilidade de uma v\u00edtima regularmente resgatada de situa\u00e7\u00e3o an\u00e1loga a de escravo retornar ao local da viola\u00e7\u00e3o de direitos, impossibilidade da Sra. S\u00f4nia manifestar sua vontade de forma livre e informada, viola\u00e7\u00e3o \u00e0 lei Maria da Penha entre outras raz\u00f5es. A visita ocorreu antes do julgamento do HC no STF e a Sra. S\u00f4nia retornou para a casa do Desembargador. Ap\u00f3s seu retorno, o HC foi julgado pelo Ministro Andr\u00e9 Mendon\u00e7a que o negou. O m\u00e9rito do HC ser\u00e1 julgado pela segunda turma do STF.<\/p>\n","protected":false},"excerpt":{"rendered":"<p>Luciana Xavier Sans de Carvalho * Oi, S\u00f4nia! Aqui \u00e9 a Luciana que te conheceu em junho de 2023, perto do meu anivers\u00e1rio. Temos quase a mesma idade. Eu entrei na sua vida e voc\u00ea na minha (e espero que n\u00e3o saiamos da vida uma da outra!) por eu trabalhar com a inclus\u00e3o da Pessoa [&hellip;]<\/p>\n","protected":false},"author":1,"featured_media":33073,"comment_status":"open","ping_status":"open","sticky":false,"template":"","format":"standard","meta":{"site-container-style":"default","site-container-layout":"default","site-sidebar-layout":"default","disable-article-header":"default","disable-site-header":"default","disable-site-footer":"default","disable-content-area-spacing":"default","footnotes":""},"categories":[3,11],"tags":[149,464],"class_list":["post-33063","post","type-post","status-publish","format-standard","has-post-thumbnail","hentry","category-campanhas","category-direitos-humanos","tag-direitos-humanos-2","tag-sonia-maria-de-jesus"],"yoast_head":"<!-- This site is optimized with the Yoast SEO plugin v27.4 - https:\/\/yoast.com\/product\/yoast-seo-wordpress\/ -->\n<title>Carta para a S\u00f4nia do Futuro -<\/title>\n<meta name=\"robots\" content=\"index, follow, max-snippet:-1, max-image-preview:large, max-video-preview:-1\" \/>\n<link rel=\"canonical\" href=\"https:\/\/inclusivenews.com.br\/?p=33063\" \/>\n<meta property=\"og:locale\" content=\"pt_PT\" \/>\n<meta property=\"og:type\" content=\"article\" \/>\n<meta property=\"og:title\" content=\"Carta para a S\u00f4nia do Futuro -\" \/>\n<meta property=\"og:description\" content=\"Luciana Xavier Sans de Carvalho * Oi, S\u00f4nia! Aqui \u00e9 a Luciana que te conheceu em junho de 2023, perto do meu anivers\u00e1rio. Temos quase a mesma idade. Eu entrei na sua vida e voc\u00ea na minha (e espero que n\u00e3o saiamos da vida uma da outra!) por eu trabalhar com a inclus\u00e3o da Pessoa [&hellip;]\" \/>\n<meta property=\"og:url\" content=\"https:\/\/inclusivenews.com.br\/?p=33063\" \/>\n<meta property=\"article:publisher\" content=\"https:\/\/www.facebook.com\/agenciainclusive\/\" \/>\n<meta property=\"article:published_time\" content=\"2024-04-10T16:31:22+00:00\" \/>\n<meta property=\"article:modified_time\" content=\"2024-04-10T17:25:06+00:00\" \/>\n<meta property=\"og:image\" content=\"https:\/\/inclusivenews.com.br\/wp-content\/uploads\/2024\/04\/carta-pena.png\" \/>\n\t<meta property=\"og:image:width\" content=\"604\" \/>\n\t<meta property=\"og:image:height\" content=\"596\" \/>\n\t<meta property=\"og:image:type\" content=\"image\/png\" \/>\n<meta name=\"author\" content=\"inclusivenews2024\" \/>\n<meta name=\"twitter:card\" content=\"summary_large_image\" \/>\n<meta name=\"twitter:label1\" content=\"Escrito por\" \/>\n\t<meta name=\"twitter:data1\" content=\"inclusivenews2024\" \/>\n\t<meta name=\"twitter:label2\" content=\"Tempo estimado de leitura\" \/>\n\t<meta name=\"twitter:data2\" content=\"5 minutos\" \/>\n<script type=\"application\/ld+json\" class=\"yoast-schema-graph\">{\"@context\":\"https:\\\/\\\/schema.org\",\"@graph\":[{\"@type\":\"Article\",\"@id\":\"https:\\\/\\\/inclusivenews.com.br\\\/?p=33063#article\",\"isPartOf\":{\"@id\":\"https:\\\/\\\/inclusivenews.com.br\\\/?p=33063\"},\"author\":{\"name\":\"inclusivenews2024\",\"@id\":\"https:\\\/\\\/inclusivenews.com.br\\\/#\\\/schema\\\/person\\\/ae4ec7087559b8692fb33b6fffd2273b\"},\"headline\":\"Carta para a S\u00f4nia do Futuro\",\"datePublished\":\"2024-04-10T16:31:22+00:00\",\"dateModified\":\"2024-04-10T17:25:06+00:00\",\"mainEntityOfPage\":{\"@id\":\"https:\\\/\\\/inclusivenews.com.br\\\/?p=33063\"},\"wordCount\":924,\"commentCount\":1,\"publisher\":{\"@id\":\"https:\\\/\\\/inclusivenews.com.br\\\/#organization\"},\"image\":{\"@id\":\"https:\\\/\\\/inclusivenews.com.br\\\/?p=33063#primaryimage\"},\"thumbnailUrl\":\"https:\\\/\\\/inclusivenews.com.br\\\/wp-content\\\/uploads\\\/2024\\\/04\\\/carta-pena.png\",\"keywords\":[\"direitos humanos\",\"S\u00f4nia Maria de Jesus\"],\"articleSection\":[\"CAMPANHAS\",\"DIREITOS HUMANOS\"],\"inLanguage\":\"pt-PT\",\"potentialAction\":[{\"@type\":\"CommentAction\",\"name\":\"Comment\",\"target\":[\"https:\\\/\\\/inclusivenews.com.br\\\/?p=33063#respond\"]}]},{\"@type\":\"WebPage\",\"@id\":\"https:\\\/\\\/inclusivenews.com.br\\\/?p=33063\",\"url\":\"https:\\\/\\\/inclusivenews.com.br\\\/?p=33063\",\"name\":\"Carta para a S\u00f4nia do Futuro -\",\"isPartOf\":{\"@id\":\"https:\\\/\\\/inclusivenews.com.br\\\/#website\"},\"primaryImageOfPage\":{\"@id\":\"https:\\\/\\\/inclusivenews.com.br\\\/?p=33063#primaryimage\"},\"image\":{\"@id\":\"https:\\\/\\\/inclusivenews.com.br\\\/?p=33063#primaryimage\"},\"thumbnailUrl\":\"https:\\\/\\\/inclusivenews.com.br\\\/wp-content\\\/uploads\\\/2024\\\/04\\\/carta-pena.png\",\"datePublished\":\"2024-04-10T16:31:22+00:00\",\"dateModified\":\"2024-04-10T17:25:06+00:00\",\"breadcrumb\":{\"@id\":\"https:\\\/\\\/inclusivenews.com.br\\\/?p=33063#breadcrumb\"},\"inLanguage\":\"pt-PT\",\"potentialAction\":[{\"@type\":\"ReadAction\",\"target\":[\"https:\\\/\\\/inclusivenews.com.br\\\/?p=33063\"]}]},{\"@type\":\"ImageObject\",\"inLanguage\":\"pt-PT\",\"@id\":\"https:\\\/\\\/inclusivenews.com.br\\\/?p=33063#primaryimage\",\"url\":\"https:\\\/\\\/inclusivenews.com.br\\\/wp-content\\\/uploads\\\/2024\\\/04\\\/carta-pena.png\",\"contentUrl\":\"https:\\\/\\\/inclusivenews.com.br\\\/wp-content\\\/uploads\\\/2024\\\/04\\\/carta-pena.png\",\"width\":604,\"height\":596},{\"@type\":\"BreadcrumbList\",\"@id\":\"https:\\\/\\\/inclusivenews.com.br\\\/?p=33063#breadcrumb\",\"itemListElement\":[{\"@type\":\"ListItem\",\"position\":1,\"name\":\"In\u00edcio\",\"item\":\"https:\\\/\\\/inclusivenews.com.br\\\/\"},{\"@type\":\"ListItem\",\"position\":2,\"name\":\"Carta para a S\u00f4nia do Futuro\"}]},{\"@type\":\"WebSite\",\"@id\":\"https:\\\/\\\/inclusivenews.com.br\\\/#website\",\"url\":\"https:\\\/\\\/inclusivenews.com.br\\\/\",\"name\":\"Inclusive News\",\"description\":\"Inclusive News\",\"publisher\":{\"@id\":\"https:\\\/\\\/inclusivenews.com.br\\\/#organization\"},\"potentialAction\":[{\"@type\":\"SearchAction\",\"target\":{\"@type\":\"EntryPoint\",\"urlTemplate\":\"https:\\\/\\\/inclusivenews.com.br\\\/?s={search_term_string}\"},\"query-input\":{\"@type\":\"PropertyValueSpecification\",\"valueRequired\":true,\"valueName\":\"search_term_string\"}}],\"inLanguage\":\"pt-PT\"},{\"@type\":\"Organization\",\"@id\":\"https:\\\/\\\/inclusivenews.com.br\\\/#organization\",\"name\":\"Inclusive - inclus\u00e3o e cidadania\",\"url\":\"https:\\\/\\\/inclusivenews.com.br\\\/\",\"logo\":{\"@type\":\"ImageObject\",\"inLanguage\":\"pt-PT\",\"@id\":\"https:\\\/\\\/inclusivenews.com.br\\\/#\\\/schema\\\/logo\\\/image\\\/\",\"url\":\"https:\\\/\\\/inclusivenews.com.br\\\/wp-content\\\/uploads\\\/2024\\\/03\\\/@grandesite.png\",\"contentUrl\":\"https:\\\/\\\/inclusivenews.com.br\\\/wp-content\\\/uploads\\\/2024\\\/03\\\/@grandesite.png\",\"width\":1080,\"height\":1080,\"caption\":\"Inclusive - inclus\u00e3o e cidadania\"},\"image\":{\"@id\":\"https:\\\/\\\/inclusivenews.com.br\\\/#\\\/schema\\\/logo\\\/image\\\/\"},\"sameAs\":[\"https:\\\/\\\/www.facebook.com\\\/agenciainclusive\\\/\",\"https:\\\/\\\/www.instagram.com\\\/newsinclusive\\\/\"]},{\"@type\":\"Person\",\"@id\":\"https:\\\/\\\/inclusivenews.com.br\\\/#\\\/schema\\\/person\\\/ae4ec7087559b8692fb33b6fffd2273b\",\"name\":\"inclusivenews2024\",\"image\":{\"@type\":\"ImageObject\",\"inLanguage\":\"pt-PT\",\"@id\":\"https:\\\/\\\/secure.gravatar.com\\\/avatar\\\/c5a7ef84c66fa914f55bc4f7ce26cfa275a3b9a1c5568b907bd184fb4dde7b40?s=96&d=mm&r=g\",\"url\":\"https:\\\/\\\/secure.gravatar.com\\\/avatar\\\/c5a7ef84c66fa914f55bc4f7ce26cfa275a3b9a1c5568b907bd184fb4dde7b40?s=96&d=mm&r=g\",\"contentUrl\":\"https:\\\/\\\/secure.gravatar.com\\\/avatar\\\/c5a7ef84c66fa914f55bc4f7ce26cfa275a3b9a1c5568b907bd184fb4dde7b40?s=96&d=mm&r=g\",\"caption\":\"inclusivenews2024\"},\"sameAs\":[\"https:\\\/\\\/inclusivenews.com.br\"],\"url\":\"https:\\\/\\\/inclusivenews.com.br\\\/?author=1\"}]}<\/script>\n<!-- \/ Yoast SEO plugin. -->","yoast_head_json":{"title":"Carta para a S\u00f4nia do Futuro -","robots":{"index":"index","follow":"follow","max-snippet":"max-snippet:-1","max-image-preview":"max-image-preview:large","max-video-preview":"max-video-preview:-1"},"canonical":"https:\/\/inclusivenews.com.br\/?p=33063","og_locale":"pt_PT","og_type":"article","og_title":"Carta para a S\u00f4nia do Futuro -","og_description":"Luciana Xavier Sans de Carvalho * Oi, S\u00f4nia! Aqui \u00e9 a Luciana que te conheceu em junho de 2023, perto do meu anivers\u00e1rio. Temos quase a mesma idade. Eu entrei na sua vida e voc\u00ea na minha (e espero que n\u00e3o saiamos da vida uma da outra!) por eu trabalhar com a inclus\u00e3o da Pessoa [&hellip;]","og_url":"https:\/\/inclusivenews.com.br\/?p=33063","article_publisher":"https:\/\/www.facebook.com\/agenciainclusive\/","article_published_time":"2024-04-10T16:31:22+00:00","article_modified_time":"2024-04-10T17:25:06+00:00","og_image":[{"width":604,"height":596,"url":"https:\/\/inclusivenews.com.br\/wp-content\/uploads\/2024\/04\/carta-pena.png","type":"image\/png"}],"author":"inclusivenews2024","twitter_card":"summary_large_image","twitter_misc":{"Escrito por":"inclusivenews2024","Tempo estimado de leitura":"5 minutos"},"schema":{"@context":"https:\/\/schema.org","@graph":[{"@type":"Article","@id":"https:\/\/inclusivenews.com.br\/?p=33063#article","isPartOf":{"@id":"https:\/\/inclusivenews.com.br\/?p=33063"},"author":{"name":"inclusivenews2024","@id":"https:\/\/inclusivenews.com.br\/#\/schema\/person\/ae4ec7087559b8692fb33b6fffd2273b"},"headline":"Carta para a S\u00f4nia do Futuro","datePublished":"2024-04-10T16:31:22+00:00","dateModified":"2024-04-10T17:25:06+00:00","mainEntityOfPage":{"@id":"https:\/\/inclusivenews.com.br\/?p=33063"},"wordCount":924,"commentCount":1,"publisher":{"@id":"https:\/\/inclusivenews.com.br\/#organization"},"image":{"@id":"https:\/\/inclusivenews.com.br\/?p=33063#primaryimage"},"thumbnailUrl":"https:\/\/inclusivenews.com.br\/wp-content\/uploads\/2024\/04\/carta-pena.png","keywords":["direitos humanos","S\u00f4nia Maria de Jesus"],"articleSection":["CAMPANHAS","DIREITOS HUMANOS"],"inLanguage":"pt-PT","potentialAction":[{"@type":"CommentAction","name":"Comment","target":["https:\/\/inclusivenews.com.br\/?p=33063#respond"]}]},{"@type":"WebPage","@id":"https:\/\/inclusivenews.com.br\/?p=33063","url":"https:\/\/inclusivenews.com.br\/?p=33063","name":"Carta para a S\u00f4nia do Futuro -","isPartOf":{"@id":"https:\/\/inclusivenews.com.br\/#website"},"primaryImageOfPage":{"@id":"https:\/\/inclusivenews.com.br\/?p=33063#primaryimage"},"image":{"@id":"https:\/\/inclusivenews.com.br\/?p=33063#primaryimage"},"thumbnailUrl":"https:\/\/inclusivenews.com.br\/wp-content\/uploads\/2024\/04\/carta-pena.png","datePublished":"2024-04-10T16:31:22+00:00","dateModified":"2024-04-10T17:25:06+00:00","breadcrumb":{"@id":"https:\/\/inclusivenews.com.br\/?p=33063#breadcrumb"},"inLanguage":"pt-PT","potentialAction":[{"@type":"ReadAction","target":["https:\/\/inclusivenews.com.br\/?p=33063"]}]},{"@type":"ImageObject","inLanguage":"pt-PT","@id":"https:\/\/inclusivenews.com.br\/?p=33063#primaryimage","url":"https:\/\/inclusivenews.com.br\/wp-content\/uploads\/2024\/04\/carta-pena.png","contentUrl":"https:\/\/inclusivenews.com.br\/wp-content\/uploads\/2024\/04\/carta-pena.png","width":604,"height":596},{"@type":"BreadcrumbList","@id":"https:\/\/inclusivenews.com.br\/?p=33063#breadcrumb","itemListElement":[{"@type":"ListItem","position":1,"name":"In\u00edcio","item":"https:\/\/inclusivenews.com.br\/"},{"@type":"ListItem","position":2,"name":"Carta para a S\u00f4nia do Futuro"}]},{"@type":"WebSite","@id":"https:\/\/inclusivenews.com.br\/#website","url":"https:\/\/inclusivenews.com.br\/","name":"Inclusive News","description":"Inclusive News","publisher":{"@id":"https:\/\/inclusivenews.com.br\/#organization"},"potentialAction":[{"@type":"SearchAction","target":{"@type":"EntryPoint","urlTemplate":"https:\/\/inclusivenews.com.br\/?s={search_term_string}"},"query-input":{"@type":"PropertyValueSpecification","valueRequired":true,"valueName":"search_term_string"}}],"inLanguage":"pt-PT"},{"@type":"Organization","@id":"https:\/\/inclusivenews.com.br\/#organization","name":"Inclusive - inclus\u00e3o e cidadania","url":"https:\/\/inclusivenews.com.br\/","logo":{"@type":"ImageObject","inLanguage":"pt-PT","@id":"https:\/\/inclusivenews.com.br\/#\/schema\/logo\/image\/","url":"https:\/\/inclusivenews.com.br\/wp-content\/uploads\/2024\/03\/@grandesite.png","contentUrl":"https:\/\/inclusivenews.com.br\/wp-content\/uploads\/2024\/03\/@grandesite.png","width":1080,"height":1080,"caption":"Inclusive - inclus\u00e3o e cidadania"},"image":{"@id":"https:\/\/inclusivenews.com.br\/#\/schema\/logo\/image\/"},"sameAs":["https:\/\/www.facebook.com\/agenciainclusive\/","https:\/\/www.instagram.com\/newsinclusive\/"]},{"@type":"Person","@id":"https:\/\/inclusivenews.com.br\/#\/schema\/person\/ae4ec7087559b8692fb33b6fffd2273b","name":"inclusivenews2024","image":{"@type":"ImageObject","inLanguage":"pt-PT","@id":"https:\/\/secure.gravatar.com\/avatar\/c5a7ef84c66fa914f55bc4f7ce26cfa275a3b9a1c5568b907bd184fb4dde7b40?s=96&d=mm&r=g","url":"https:\/\/secure.gravatar.com\/avatar\/c5a7ef84c66fa914f55bc4f7ce26cfa275a3b9a1c5568b907bd184fb4dde7b40?s=96&d=mm&r=g","contentUrl":"https:\/\/secure.gravatar.com\/avatar\/c5a7ef84c66fa914f55bc4f7ce26cfa275a3b9a1c5568b907bd184fb4dde7b40?s=96&d=mm&r=g","caption":"inclusivenews2024"},"sameAs":["https:\/\/inclusivenews.com.br"],"url":"https:\/\/inclusivenews.com.br\/?author=1"}]}},"_links":{"self":[{"href":"https:\/\/inclusivenews.com.br\/index.php?rest_route=\/wp\/v2\/posts\/33063","targetHints":{"allow":["GET"]}}],"collection":[{"href":"https:\/\/inclusivenews.com.br\/index.php?rest_route=\/wp\/v2\/posts"}],"about":[{"href":"https:\/\/inclusivenews.com.br\/index.php?rest_route=\/wp\/v2\/types\/post"}],"author":[{"embeddable":true,"href":"https:\/\/inclusivenews.com.br\/index.php?rest_route=\/wp\/v2\/users\/1"}],"replies":[{"embeddable":true,"href":"https:\/\/inclusivenews.com.br\/index.php?rest_route=%2Fwp%2Fv2%2Fcomments&post=33063"}],"version-history":[{"count":5,"href":"https:\/\/inclusivenews.com.br\/index.php?rest_route=\/wp\/v2\/posts\/33063\/revisions"}],"predecessor-version":[{"id":33079,"href":"https:\/\/inclusivenews.com.br\/index.php?rest_route=\/wp\/v2\/posts\/33063\/revisions\/33079"}],"wp:featuredmedia":[{"embeddable":true,"href":"https:\/\/inclusivenews.com.br\/index.php?rest_route=\/wp\/v2\/media\/33073"}],"wp:attachment":[{"href":"https:\/\/inclusivenews.com.br\/index.php?rest_route=%2Fwp%2Fv2%2Fmedia&parent=33063"}],"wp:term":[{"taxonomy":"category","embeddable":true,"href":"https:\/\/inclusivenews.com.br\/index.php?rest_route=%2Fwp%2Fv2%2Fcategories&post=33063"},{"taxonomy":"post_tag","embeddable":true,"href":"https:\/\/inclusivenews.com.br\/index.php?rest_route=%2Fwp%2Fv2%2Ftags&post=33063"}],"curies":[{"name":"wp","href":"https:\/\/api.w.org\/{rel}","templated":true}]}}