{"id":33066,"date":"2024-04-10T16:45:03","date_gmt":"2024-04-10T16:45:03","guid":{"rendered":"https:\/\/inclusivenews.com.br\/?p=33066"},"modified":"2024-04-10T16:46:03","modified_gmt":"2024-04-10T16:46:03","slug":"ninguem-e-normal-como-a-cultura-criou-o-estigma-do-transtorno-mental","status":"publish","type":"post","link":"https:\/\/inclusivenews.com.br\/?p=33066","title":{"rendered":"Ningu\u00e9m \u00e9 normal: como a cultura criou o estigma do transtorno mental"},"content":{"rendered":"\n<p>Durante s\u00e9culos, pessoas neurodivergentes foram submetidas a julgamentos morais, confinamento e viol\u00eancia. Neste livro,\u00a0Roy Richard Grinker entrela\u00e7a os fios culturais e hist\u00f3ricos que nos trouxeram at\u00e9 um momento em que os transtornos mentais e o sofrimento emocional se tornaram aspectos mais aceitos e vis\u00edveis da diversidade humana. <\/p>\n\n\n\n<p>Antrop\u00f3logo e pesquisador, o autor narra e debate os progressos e contratempos da luta contra o estigma: as brutais pr\u00e1ticas psiqui\u00e1tricas do s\u00e9culo 18, o surgimento da psican\u00e1lise, o surpreendente legado das guerras, a rela\u00e7\u00e3o de povos n\u00e3o ocidentais com a neurodiversidade e a pr\u00f3pria ideia de normalidade. Grinker enriquece esse panorama coletivo com a hist\u00f3ria da pr\u00f3pria fam\u00edlia, envolvida h\u00e1 quatro gera\u00e7\u00f5es com a \u00e1rea da sa\u00fade mental &#8211; incluindo a an\u00e1lise de seu av\u00f4 com Sigmund Freud e a experi\u00eancia de sua filha com o autismo. Humano e compassivo, este livro desmonta os mecanismos de exclus\u00e3o que, em diferentes \u00e9pocas e sociedades, oprimiram aqueles considerados desviantes. E aponta o poder transformador da cultura como caminho para reduzir cada vez mais o medo, a vergonha e a dor.<\/p>\n\n\n\n<p><strong>Roy Richard Grinker&nbsp;<\/strong>\u00e9&nbsp;Ph.D. em Antropologia Social pela Universidade de Harvard e professor na Universidade George Washington. Autor do rec\u00e9m-lan\u00e7ado&nbsp;<strong>\u201cNingu\u00e9m \u00e9 normal: como a cultura criou o estigma do transtorno mental&#8221;<\/strong>, Richard tem dedicado sua vida ao estudo da sa\u00fade mental e redu\u00e7\u00e3o do sofrimento, com pesquisas focadas em autismo, transtornos mentais e neurodiversidade.<\/p>\n\n\n\n<figure class=\"wp-block-embed is-type-video is-provider-youtube wp-block-embed-youtube wp-embed-aspect-4-3 wp-has-aspect-ratio\"><div class=\"wp-block-embed__wrapper\">\n<iframe loading=\"lazy\" title=\"Ningu\u00e9m \u00e9 normal | Roy Richard Grinker\" width=\"500\" height=\"375\" src=\"https:\/\/www.youtube.com\/embed\/PfWx61CVgSk?feature=oembed\" frameborder=\"0\" allow=\"accelerometer; autoplay; clipboard-write; encrypted-media; gyroscope; picture-in-picture; web-share\" referrerpolicy=\"strict-origin-when-cross-origin\" allowfullscreen><\/iframe>\n<\/div><\/figure>\n\n\n\n<p>Embora sua forma\u00e7\u00e3o seja em Antropologia, sua rela\u00e7\u00e3o pessoal com o tema \u00e9 profundamente enraizada. Grinker \u00e9 casado com uma psiquiatra e vem de uma fam\u00edlia de tr\u00eas gera\u00e7\u00f5es de psiquiatras&nbsp;\u2014&nbsp;seu pai, seu av\u00f4 e seu bisav\u00f4. E, apesar de seus familiares viverem em contextos&nbsp;e tempos diferentes, todos ensinaram ao autor a mesma li\u00e7\u00e3o. Saiba qual \u00e9 no v\u00eddeo acima.<\/p>\n\n\n\n<p>Saiba mais clicando na capa do livro, dispon\u00edvel na Editora Arquip\u00e9lago.<\/p>\n\n\n\n<figure class=\"wp-block-image size-full is-resized\"><a href=\"https:\/\/www.livrariaarquipelago.com.br\/ninguem-e-normal-roy-richard-grinker\" target=\"_blank\" rel=\"noreferrer noopener\"><img loading=\"lazy\" decoding=\"async\" width=\"310\" height=\"444\" src=\"https:\/\/inclusivenews.com.br\/wp-content\/uploads\/2024\/04\/imagem_2024-04-10_134055702.png\" alt=\"\" class=\"wp-image-33068\" style=\"width:184px;height:auto\" srcset=\"https:\/\/inclusivenews.com.br\/wp-content\/uploads\/2024\/04\/imagem_2024-04-10_134055702.png 310w, https:\/\/inclusivenews.com.br\/wp-content\/uploads\/2024\/04\/imagem_2024-04-10_134055702-209x300.png 209w\" sizes=\"auto, (max-width: 310px) 100vw, 310px\" \/><\/a><\/figure>\n","protected":false},"excerpt":{"rendered":"<p>Durante s\u00e9culos, pessoas neurodivergentes foram submetidas a julgamentos morais, confinamento e viol\u00eancia. Neste livro,\u00a0Roy Richard Grinker entrela\u00e7a os fios culturais e hist\u00f3ricos que nos trouxeram at\u00e9 um momento em que os transtornos mentais e o sofrimento emocional se tornaram aspectos mais aceitos e vis\u00edveis da diversidade humana. Antrop\u00f3logo e pesquisador, o autor narra e debate [&hellip;]<\/p>\n","protected":false},"author":1,"featured_media":33067,"comment_status":"open","ping_status":"open","sticky":false,"template":"","format":"standard","meta":{"site-container-style":"default","site-container-layout":"default","site-sidebar-layout":"default","disable-article-header":"default","disable-site-header":"default","disable-site-footer":"default","disable-content-area-spacing":"default","footnotes":""},"categories":[10],"tags":[465],"class_list":["post-33066","post","type-post","status-publish","format-standard","has-post-thumbnail","hentry","category-publicacoes","tag-neurodiversidade"],"yoast_head":"<!-- This site is optimized with the Yoast SEO plugin v27.4 - https:\/\/yoast.com\/product\/yoast-seo-wordpress\/ -->\n<title>Ningu\u00e9m \u00e9 normal: como a cultura criou o estigma do transtorno mental -<\/title>\n<meta name=\"robots\" content=\"index, follow, max-snippet:-1, max-image-preview:large, max-video-preview:-1\" \/>\n<link rel=\"canonical\" href=\"https:\/\/inclusivenews.com.br\/?p=33066\" \/>\n<meta property=\"og:locale\" content=\"pt_PT\" \/>\n<meta property=\"og:type\" content=\"article\" \/>\n<meta property=\"og:title\" content=\"Ningu\u00e9m \u00e9 normal: como a cultura criou o estigma do transtorno mental -\" \/>\n<meta property=\"og:description\" content=\"Durante s\u00e9culos, pessoas neurodivergentes foram submetidas a julgamentos morais, confinamento e viol\u00eancia. Neste livro,\u00a0Roy Richard Grinker entrela\u00e7a os fios culturais e hist\u00f3ricos que nos trouxeram at\u00e9 um momento em que os transtornos mentais e o sofrimento emocional se tornaram aspectos mais aceitos e vis\u00edveis da diversidade humana. Antrop\u00f3logo e pesquisador, o autor narra e debate [&hellip;]\" \/>\n<meta property=\"og:url\" content=\"https:\/\/inclusivenews.com.br\/?p=33066\" \/>\n<meta property=\"article:publisher\" content=\"https:\/\/www.facebook.com\/agenciainclusive\/\" \/>\n<meta property=\"article:published_time\" content=\"2024-04-10T16:45:03+00:00\" \/>\n<meta property=\"article:modified_time\" content=\"2024-04-10T16:46:03+00:00\" \/>\n<meta property=\"og:image\" content=\"https:\/\/inclusivenews.com.br\/wp-content\/uploads\/2024\/04\/imagem_2024-04-10_133600857.png\" \/>\n\t<meta property=\"og:image:width\" content=\"351\" \/>\n\t<meta property=\"og:image:height\" content=\"354\" \/>\n\t<meta property=\"og:image:type\" content=\"image\/png\" \/>\n<meta name=\"author\" content=\"inclusivenews2024\" \/>\n<meta name=\"twitter:card\" content=\"summary_large_image\" \/>\n<meta name=\"twitter:label1\" content=\"Escrito por\" \/>\n\t<meta name=\"twitter:data1\" content=\"inclusivenews2024\" \/>\n\t<meta name=\"twitter:label2\" content=\"Tempo estimado de leitura\" \/>\n\t<meta name=\"twitter:data2\" content=\"3 minutos\" \/>\n<script type=\"application\/ld+json\" class=\"yoast-schema-graph\">{\"@context\":\"https:\\\/\\\/schema.org\",\"@graph\":[{\"@type\":\"Article\",\"@id\":\"https:\\\/\\\/inclusivenews.com.br\\\/?p=33066#article\",\"isPartOf\":{\"@id\":\"https:\\\/\\\/inclusivenews.com.br\\\/?p=33066\"},\"author\":{\"name\":\"inclusivenews2024\",\"@id\":\"https:\\\/\\\/inclusivenews.com.br\\\/#\\\/schema\\\/person\\\/ae4ec7087559b8692fb33b6fffd2273b\"},\"headline\":\"Ningu\u00e9m \u00e9 normal: como a cultura criou o estigma do transtorno mental\",\"datePublished\":\"2024-04-10T16:45:03+00:00\",\"dateModified\":\"2024-04-10T16:46:03+00:00\",\"mainEntityOfPage\":{\"@id\":\"https:\\\/\\\/inclusivenews.com.br\\\/?p=33066\"},\"wordCount\":362,\"commentCount\":0,\"publisher\":{\"@id\":\"https:\\\/\\\/inclusivenews.com.br\\\/#organization\"},\"image\":{\"@id\":\"https:\\\/\\\/inclusivenews.com.br\\\/?p=33066#primaryimage\"},\"thumbnailUrl\":\"https:\\\/\\\/inclusivenews.com.br\\\/wp-content\\\/uploads\\\/2024\\\/04\\\/imagem_2024-04-10_133600857.png\",\"keywords\":[\"Neurodiversidade\"],\"articleSection\":[\"PUBLICA\u00c7\u00d5ES\"],\"inLanguage\":\"pt-PT\",\"potentialAction\":[{\"@type\":\"CommentAction\",\"name\":\"Comment\",\"target\":[\"https:\\\/\\\/inclusivenews.com.br\\\/?p=33066#respond\"]}]},{\"@type\":\"WebPage\",\"@id\":\"https:\\\/\\\/inclusivenews.com.br\\\/?p=33066\",\"url\":\"https:\\\/\\\/inclusivenews.com.br\\\/?p=33066\",\"name\":\"Ningu\u00e9m \u00e9 normal: como a cultura criou o estigma do transtorno mental -\",\"isPartOf\":{\"@id\":\"https:\\\/\\\/inclusivenews.com.br\\\/#website\"},\"primaryImageOfPage\":{\"@id\":\"https:\\\/\\\/inclusivenews.com.br\\\/?p=33066#primaryimage\"},\"image\":{\"@id\":\"https:\\\/\\\/inclusivenews.com.br\\\/?p=33066#primaryimage\"},\"thumbnailUrl\":\"https:\\\/\\\/inclusivenews.com.br\\\/wp-content\\\/uploads\\\/2024\\\/04\\\/imagem_2024-04-10_133600857.png\",\"datePublished\":\"2024-04-10T16:45:03+00:00\",\"dateModified\":\"2024-04-10T16:46:03+00:00\",\"breadcrumb\":{\"@id\":\"https:\\\/\\\/inclusivenews.com.br\\\/?p=33066#breadcrumb\"},\"inLanguage\":\"pt-PT\",\"potentialAction\":[{\"@type\":\"ReadAction\",\"target\":[\"https:\\\/\\\/inclusivenews.com.br\\\/?p=33066\"]}]},{\"@type\":\"ImageObject\",\"inLanguage\":\"pt-PT\",\"@id\":\"https:\\\/\\\/inclusivenews.com.br\\\/?p=33066#primaryimage\",\"url\":\"https:\\\/\\\/inclusivenews.com.br\\\/wp-content\\\/uploads\\\/2024\\\/04\\\/imagem_2024-04-10_133600857.png\",\"contentUrl\":\"https:\\\/\\\/inclusivenews.com.br\\\/wp-content\\\/uploads\\\/2024\\\/04\\\/imagem_2024-04-10_133600857.png\",\"width\":351,\"height\":354,\"caption\":\"Capa do livro \\\"Ningu\u00e9m \u00e9 normal\\\", publica\u00e7\u00e3o de 2024 da Ed. Arquip\u00e9lago. Na capa, aparecem titulo, subt\u00edtulo e o nome do autor, e bolhas coloridas.\"},{\"@type\":\"BreadcrumbList\",\"@id\":\"https:\\\/\\\/inclusivenews.com.br\\\/?p=33066#breadcrumb\",\"itemListElement\":[{\"@type\":\"ListItem\",\"position\":1,\"name\":\"In\u00edcio\",\"item\":\"https:\\\/\\\/inclusivenews.com.br\\\/\"},{\"@type\":\"ListItem\",\"position\":2,\"name\":\"Ningu\u00e9m \u00e9 normal: como a cultura criou o estigma do transtorno mental\"}]},{\"@type\":\"WebSite\",\"@id\":\"https:\\\/\\\/inclusivenews.com.br\\\/#website\",\"url\":\"https:\\\/\\\/inclusivenews.com.br\\\/\",\"name\":\"Inclusive News\",\"description\":\"Inclusive News\",\"publisher\":{\"@id\":\"https:\\\/\\\/inclusivenews.com.br\\\/#organization\"},\"potentialAction\":[{\"@type\":\"SearchAction\",\"target\":{\"@type\":\"EntryPoint\",\"urlTemplate\":\"https:\\\/\\\/inclusivenews.com.br\\\/?s={search_term_string}\"},\"query-input\":{\"@type\":\"PropertyValueSpecification\",\"valueRequired\":true,\"valueName\":\"search_term_string\"}}],\"inLanguage\":\"pt-PT\"},{\"@type\":\"Organization\",\"@id\":\"https:\\\/\\\/inclusivenews.com.br\\\/#organization\",\"name\":\"Inclusive - inclus\u00e3o e cidadania\",\"url\":\"https:\\\/\\\/inclusivenews.com.br\\\/\",\"logo\":{\"@type\":\"ImageObject\",\"inLanguage\":\"pt-PT\",\"@id\":\"https:\\\/\\\/inclusivenews.com.br\\\/#\\\/schema\\\/logo\\\/image\\\/\",\"url\":\"https:\\\/\\\/inclusivenews.com.br\\\/wp-content\\\/uploads\\\/2024\\\/03\\\/@grandesite.png\",\"contentUrl\":\"https:\\\/\\\/inclusivenews.com.br\\\/wp-content\\\/uploads\\\/2024\\\/03\\\/@grandesite.png\",\"width\":1080,\"height\":1080,\"caption\":\"Inclusive - inclus\u00e3o e cidadania\"},\"image\":{\"@id\":\"https:\\\/\\\/inclusivenews.com.br\\\/#\\\/schema\\\/logo\\\/image\\\/\"},\"sameAs\":[\"https:\\\/\\\/www.facebook.com\\\/agenciainclusive\\\/\",\"https:\\\/\\\/www.instagram.com\\\/newsinclusive\\\/\"]},{\"@type\":\"Person\",\"@id\":\"https:\\\/\\\/inclusivenews.com.br\\\/#\\\/schema\\\/person\\\/ae4ec7087559b8692fb33b6fffd2273b\",\"name\":\"inclusivenews2024\",\"image\":{\"@type\":\"ImageObject\",\"inLanguage\":\"pt-PT\",\"@id\":\"https:\\\/\\\/secure.gravatar.com\\\/avatar\\\/c5a7ef84c66fa914f55bc4f7ce26cfa275a3b9a1c5568b907bd184fb4dde7b40?s=96&d=mm&r=g\",\"url\":\"https:\\\/\\\/secure.gravatar.com\\\/avatar\\\/c5a7ef84c66fa914f55bc4f7ce26cfa275a3b9a1c5568b907bd184fb4dde7b40?s=96&d=mm&r=g\",\"contentUrl\":\"https:\\\/\\\/secure.gravatar.com\\\/avatar\\\/c5a7ef84c66fa914f55bc4f7ce26cfa275a3b9a1c5568b907bd184fb4dde7b40?s=96&d=mm&r=g\",\"caption\":\"inclusivenews2024\"},\"sameAs\":[\"https:\\\/\\\/inclusivenews.com.br\"],\"url\":\"https:\\\/\\\/inclusivenews.com.br\\\/?author=1\"}]}<\/script>\n<!-- \/ Yoast SEO plugin. -->","yoast_head_json":{"title":"Ningu\u00e9m \u00e9 normal: como a cultura criou o estigma do transtorno mental -","robots":{"index":"index","follow":"follow","max-snippet":"max-snippet:-1","max-image-preview":"max-image-preview:large","max-video-preview":"max-video-preview:-1"},"canonical":"https:\/\/inclusivenews.com.br\/?p=33066","og_locale":"pt_PT","og_type":"article","og_title":"Ningu\u00e9m \u00e9 normal: como a cultura criou o estigma do transtorno mental -","og_description":"Durante s\u00e9culos, pessoas neurodivergentes foram submetidas a julgamentos morais, confinamento e viol\u00eancia. Neste livro,\u00a0Roy Richard Grinker entrela\u00e7a os fios culturais e hist\u00f3ricos que nos trouxeram at\u00e9 um momento em que os transtornos mentais e o sofrimento emocional se tornaram aspectos mais aceitos e vis\u00edveis da diversidade humana. Antrop\u00f3logo e pesquisador, o autor narra e debate [&hellip;]","og_url":"https:\/\/inclusivenews.com.br\/?p=33066","article_publisher":"https:\/\/www.facebook.com\/agenciainclusive\/","article_published_time":"2024-04-10T16:45:03+00:00","article_modified_time":"2024-04-10T16:46:03+00:00","og_image":[{"width":351,"height":354,"url":"https:\/\/inclusivenews.com.br\/wp-content\/uploads\/2024\/04\/imagem_2024-04-10_133600857.png","type":"image\/png"}],"author":"inclusivenews2024","twitter_card":"summary_large_image","twitter_misc":{"Escrito por":"inclusivenews2024","Tempo estimado de leitura":"3 minutos"},"schema":{"@context":"https:\/\/schema.org","@graph":[{"@type":"Article","@id":"https:\/\/inclusivenews.com.br\/?p=33066#article","isPartOf":{"@id":"https:\/\/inclusivenews.com.br\/?p=33066"},"author":{"name":"inclusivenews2024","@id":"https:\/\/inclusivenews.com.br\/#\/schema\/person\/ae4ec7087559b8692fb33b6fffd2273b"},"headline":"Ningu\u00e9m \u00e9 normal: como a cultura criou o estigma do transtorno mental","datePublished":"2024-04-10T16:45:03+00:00","dateModified":"2024-04-10T16:46:03+00:00","mainEntityOfPage":{"@id":"https:\/\/inclusivenews.com.br\/?p=33066"},"wordCount":362,"commentCount":0,"publisher":{"@id":"https:\/\/inclusivenews.com.br\/#organization"},"image":{"@id":"https:\/\/inclusivenews.com.br\/?p=33066#primaryimage"},"thumbnailUrl":"https:\/\/inclusivenews.com.br\/wp-content\/uploads\/2024\/04\/imagem_2024-04-10_133600857.png","keywords":["Neurodiversidade"],"articleSection":["PUBLICA\u00c7\u00d5ES"],"inLanguage":"pt-PT","potentialAction":[{"@type":"CommentAction","name":"Comment","target":["https:\/\/inclusivenews.com.br\/?p=33066#respond"]}]},{"@type":"WebPage","@id":"https:\/\/inclusivenews.com.br\/?p=33066","url":"https:\/\/inclusivenews.com.br\/?p=33066","name":"Ningu\u00e9m \u00e9 normal: como a cultura criou o estigma do transtorno mental -","isPartOf":{"@id":"https:\/\/inclusivenews.com.br\/#website"},"primaryImageOfPage":{"@id":"https:\/\/inclusivenews.com.br\/?p=33066#primaryimage"},"image":{"@id":"https:\/\/inclusivenews.com.br\/?p=33066#primaryimage"},"thumbnailUrl":"https:\/\/inclusivenews.com.br\/wp-content\/uploads\/2024\/04\/imagem_2024-04-10_133600857.png","datePublished":"2024-04-10T16:45:03+00:00","dateModified":"2024-04-10T16:46:03+00:00","breadcrumb":{"@id":"https:\/\/inclusivenews.com.br\/?p=33066#breadcrumb"},"inLanguage":"pt-PT","potentialAction":[{"@type":"ReadAction","target":["https:\/\/inclusivenews.com.br\/?p=33066"]}]},{"@type":"ImageObject","inLanguage":"pt-PT","@id":"https:\/\/inclusivenews.com.br\/?p=33066#primaryimage","url":"https:\/\/inclusivenews.com.br\/wp-content\/uploads\/2024\/04\/imagem_2024-04-10_133600857.png","contentUrl":"https:\/\/inclusivenews.com.br\/wp-content\/uploads\/2024\/04\/imagem_2024-04-10_133600857.png","width":351,"height":354,"caption":"Capa do livro \"Ningu\u00e9m \u00e9 normal\", publica\u00e7\u00e3o de 2024 da Ed. Arquip\u00e9lago. Na capa, aparecem titulo, subt\u00edtulo e o nome do autor, e bolhas coloridas."},{"@type":"BreadcrumbList","@id":"https:\/\/inclusivenews.com.br\/?p=33066#breadcrumb","itemListElement":[{"@type":"ListItem","position":1,"name":"In\u00edcio","item":"https:\/\/inclusivenews.com.br\/"},{"@type":"ListItem","position":2,"name":"Ningu\u00e9m \u00e9 normal: como a cultura criou o estigma do transtorno mental"}]},{"@type":"WebSite","@id":"https:\/\/inclusivenews.com.br\/#website","url":"https:\/\/inclusivenews.com.br\/","name":"Inclusive News","description":"Inclusive News","publisher":{"@id":"https:\/\/inclusivenews.com.br\/#organization"},"potentialAction":[{"@type":"SearchAction","target":{"@type":"EntryPoint","urlTemplate":"https:\/\/inclusivenews.com.br\/?s={search_term_string}"},"query-input":{"@type":"PropertyValueSpecification","valueRequired":true,"valueName":"search_term_string"}}],"inLanguage":"pt-PT"},{"@type":"Organization","@id":"https:\/\/inclusivenews.com.br\/#organization","name":"Inclusive - inclus\u00e3o e cidadania","url":"https:\/\/inclusivenews.com.br\/","logo":{"@type":"ImageObject","inLanguage":"pt-PT","@id":"https:\/\/inclusivenews.com.br\/#\/schema\/logo\/image\/","url":"https:\/\/inclusivenews.com.br\/wp-content\/uploads\/2024\/03\/@grandesite.png","contentUrl":"https:\/\/inclusivenews.com.br\/wp-content\/uploads\/2024\/03\/@grandesite.png","width":1080,"height":1080,"caption":"Inclusive - inclus\u00e3o e cidadania"},"image":{"@id":"https:\/\/inclusivenews.com.br\/#\/schema\/logo\/image\/"},"sameAs":["https:\/\/www.facebook.com\/agenciainclusive\/","https:\/\/www.instagram.com\/newsinclusive\/"]},{"@type":"Person","@id":"https:\/\/inclusivenews.com.br\/#\/schema\/person\/ae4ec7087559b8692fb33b6fffd2273b","name":"inclusivenews2024","image":{"@type":"ImageObject","inLanguage":"pt-PT","@id":"https:\/\/secure.gravatar.com\/avatar\/c5a7ef84c66fa914f55bc4f7ce26cfa275a3b9a1c5568b907bd184fb4dde7b40?s=96&d=mm&r=g","url":"https:\/\/secure.gravatar.com\/avatar\/c5a7ef84c66fa914f55bc4f7ce26cfa275a3b9a1c5568b907bd184fb4dde7b40?s=96&d=mm&r=g","contentUrl":"https:\/\/secure.gravatar.com\/avatar\/c5a7ef84c66fa914f55bc4f7ce26cfa275a3b9a1c5568b907bd184fb4dde7b40?s=96&d=mm&r=g","caption":"inclusivenews2024"},"sameAs":["https:\/\/inclusivenews.com.br"],"url":"https:\/\/inclusivenews.com.br\/?author=1"}]}},"_links":{"self":[{"href":"https:\/\/inclusivenews.com.br\/index.php?rest_route=\/wp\/v2\/posts\/33066","targetHints":{"allow":["GET"]}}],"collection":[{"href":"https:\/\/inclusivenews.com.br\/index.php?rest_route=\/wp\/v2\/posts"}],"about":[{"href":"https:\/\/inclusivenews.com.br\/index.php?rest_route=\/wp\/v2\/types\/post"}],"author":[{"embeddable":true,"href":"https:\/\/inclusivenews.com.br\/index.php?rest_route=\/wp\/v2\/users\/1"}],"replies":[{"embeddable":true,"href":"https:\/\/inclusivenews.com.br\/index.php?rest_route=%2Fwp%2Fv2%2Fcomments&post=33066"}],"version-history":[{"count":2,"href":"https:\/\/inclusivenews.com.br\/index.php?rest_route=\/wp\/v2\/posts\/33066\/revisions"}],"predecessor-version":[{"id":33070,"href":"https:\/\/inclusivenews.com.br\/index.php?rest_route=\/wp\/v2\/posts\/33066\/revisions\/33070"}],"wp:featuredmedia":[{"embeddable":true,"href":"https:\/\/inclusivenews.com.br\/index.php?rest_route=\/wp\/v2\/media\/33067"}],"wp:attachment":[{"href":"https:\/\/inclusivenews.com.br\/index.php?rest_route=%2Fwp%2Fv2%2Fmedia&parent=33066"}],"wp:term":[{"taxonomy":"category","embeddable":true,"href":"https:\/\/inclusivenews.com.br\/index.php?rest_route=%2Fwp%2Fv2%2Fcategories&post=33066"},{"taxonomy":"post_tag","embeddable":true,"href":"https:\/\/inclusivenews.com.br\/index.php?rest_route=%2Fwp%2Fv2%2Ftags&post=33066"}],"curies":[{"name":"wp","href":"https:\/\/api.w.org\/{rel}","templated":true}]}}