{"id":33119,"date":"2024-04-18T21:15:38","date_gmt":"2024-04-18T21:15:38","guid":{"rendered":"https:\/\/inclusivenews.com.br\/?p=33119"},"modified":"2024-04-18T23:26:45","modified_gmt":"2024-04-18T23:26:45","slug":"inclusive-news-e-podcast-acessando-lucilia-encontro-e-parceria","status":"publish","type":"post","link":"https:\/\/inclusivenews.com.br\/?p=33119","title":{"rendered":"Inclusive News e Podcast Acessando Luc\u00edlia: Encontro e Parceria"},"content":{"rendered":"\n<p>O Podcast Acessando Luc\u00edlia recebeu na \u00faltima ter\u00e7a-feira, 16\/04, a Inclusive News para uma conversa sobre o compartilhamento e difus\u00e3o de informa\u00e7\u00f5es sobre inclus\u00e3o e acessibilidade. <\/p>\n\n\n\n<p>Foi bonito o encontro com as ativistas Marta Gil e Patr\u00edcia Almeida, que falaram sobre a for\u00e7a da rede de comunica\u00e7\u00e3o para o fortalecimento da inclus\u00e3o.<\/p>\n\n\n\n<p>Bora assistir o programa na \u00edntegra no formato Podcast: <a href=\"https:\/\/podcasters.spotify.com\/pod\/show\/webradiocensuralivre\/episodes\/ACESSANDO-LUCLIA---Inclusive-News-Encontro-e-Parceria-16042024-e2iga51?fbclid=IwZXh0bgNhZW0CMTAAAR2cKjv_Q8wcYhTo9IQqCW3UmRZoQHDXe3hWmy_7pTSfIOWSLa9BQ6QnDRI_aem_ATKTNxjbM_gneRyIddP404gzqV-dasiKyKiF5nqPRB_3bimJ7fLvKH8EiFR2K6p5un_ERJDrwtozj1IqQ1c0JbCb\" target=\"_blank\" rel=\"noreferrer noopener\">https:\/\/podcasters.spotify.com\/&#8230;\/ACESSANDO-LUCLIA&#8230;<\/a> e tamb\u00e9m no YouTube: <a href=\"https:\/\/l.facebook.com\/l.php?u=https%3A%2F%2Fwww.youtube.com%2Fwatch%3Fv%3D-rjiW9pdUVI%26fbclid%3DIwZXh0bgNhZW0CMTAAAR1d97G7uC-k_qzFA4N0joCrDesw8qchbkALSgQYPfSy7-iTpVw30ePddOw_aem_ATJjezJWz3lijz5nXQ-vH57UDQ9SXRu5dEyZxuPTeEquJHKSihmHmiLR5AcRIBdsHgYgeRFaSD7k4VTl3BEWj9iq&amp;h=AT18gzRsAxp9LqsIEiya_Qucm-hIf29oWFrUN21muYIjtl8g1UXiSQT4c5MmmVqzFAtIayME8GkdYTebMWsvLak2adUqZ-pYPrPgkQyadkDXanv5EE0gEnBhF7BMIcufkw&amp;__tn__=-UK-R&amp;c[0]=AT14aq6VPhIloNkF2bIHwg3olDeiXxbfcwJgr1aFQUmvvv3UxxuC5cLHk1VIgL9nYAXDSNKz67W6OKBkgpjxy8jecHZLMs3jF1mfuzjh4UYN4pmzXbdp0xrlfTPu3Cv6T9XTIIvJwerTCvftz0MhlzA3NebAv3aLT2bnDzeZ7xVeEwysMuq8RQ\" target=\"_blank\" rel=\"noreferrer noopener\">https:\/\/www.youtube.com\/watch?v=-rjiW9pdUVI<\/a><\/p>\n\n\n\n<figure class=\"wp-block-image size-full is-resized\"><img loading=\"lazy\" decoding=\"async\" width=\"822\" height=\"822\" src=\"https:\/\/inclusivenews.com.br\/wp-content\/uploads\/2024\/04\/FOTO-PROGRAMA-1604.jpg\" alt=\"Print da tela de um computador com um fundo rosa e lil\u00e1s com imagens de Marta Gil no primeiro ret\u00e2ngulo \u00e0 esquerda, o int\u00e9rprete de libras, Alex Sandro Lins, \u00e0 direita e o logo da Web R\u00e1dio Censura Livre\nMais abaixo, \u00e0 esquerda, Luc\u00edlia Machado e Patr\u00edcia Almeida \u00e0 direita.\" class=\"wp-image-33120\" style=\"width:427px;height:auto\" srcset=\"https:\/\/inclusivenews.com.br\/wp-content\/uploads\/2024\/04\/FOTO-PROGRAMA-1604.jpg 822w, https:\/\/inclusivenews.com.br\/wp-content\/uploads\/2024\/04\/FOTO-PROGRAMA-1604-300x300.jpg 300w, https:\/\/inclusivenews.com.br\/wp-content\/uploads\/2024\/04\/FOTO-PROGRAMA-1604-150x150.jpg 150w, https:\/\/inclusivenews.com.br\/wp-content\/uploads\/2024\/04\/FOTO-PROGRAMA-1604-768x768.jpg 768w\" sizes=\"auto, (max-width: 822px) 100vw, 822px\" \/><\/figure>\n\n\n\n<p><\/p>\n\n\n\n<p><\/p>\n","protected":false},"excerpt":{"rendered":"<p>O Podcast Acessando Luc\u00edlia recebeu na \u00faltima ter\u00e7a-feira, 16\/04, a Inclusive News para uma conversa sobre o compartilhamento e difus\u00e3o de informa\u00e7\u00f5es sobre inclus\u00e3o e acessibilidade. Foi bonito o encontro com as ativistas Marta Gil e Patr\u00edcia Almeida, que falaram sobre a for\u00e7a da rede de comunica\u00e7\u00e3o para o fortalecimento da inclus\u00e3o. Bora assistir o [&hellip;]<\/p>\n","protected":false},"author":1,"featured_media":33120,"comment_status":"open","ping_status":"open","sticky":false,"template":"","format":"standard","meta":{"site-container-style":"default","site-container-layout":"default","site-sidebar-layout":"default","disable-article-header":"default","disable-site-header":"default","disable-site-footer":"default","disable-content-area-spacing":"default","footnotes":""},"categories":[1],"tags":[],"class_list":["post-33119","post","type-post","status-publish","format-standard","has-post-thumbnail","hentry","category-blog"],"yoast_head":"<!-- This site is optimized with the Yoast SEO plugin v27.5 - https:\/\/yoast.com\/product\/yoast-seo-wordpress\/ -->\n<title>Inclusive News e Podcast Acessando Luc\u00edlia: Encontro e Parceria -<\/title>\n<meta name=\"robots\" content=\"index, follow, max-snippet:-1, max-image-preview:large, max-video-preview:-1\" \/>\n<link rel=\"canonical\" href=\"https:\/\/inclusivenews.com.br\/?p=33119\" \/>\n<meta property=\"og:locale\" content=\"pt_PT\" \/>\n<meta property=\"og:type\" content=\"article\" \/>\n<meta property=\"og:title\" content=\"Inclusive News e Podcast Acessando Luc\u00edlia: Encontro e Parceria -\" \/>\n<meta property=\"og:description\" content=\"O Podcast Acessando Luc\u00edlia recebeu na \u00faltima ter\u00e7a-feira, 16\/04, a Inclusive News para uma conversa sobre o compartilhamento e difus\u00e3o de informa\u00e7\u00f5es sobre inclus\u00e3o e acessibilidade. Foi bonito o encontro com as ativistas Marta Gil e Patr\u00edcia Almeida, que falaram sobre a for\u00e7a da rede de comunica\u00e7\u00e3o para o fortalecimento da inclus\u00e3o. Bora assistir o [&hellip;]\" \/>\n<meta property=\"og:url\" content=\"https:\/\/inclusivenews.com.br\/?p=33119\" \/>\n<meta property=\"article:publisher\" content=\"https:\/\/www.facebook.com\/agenciainclusive\/\" \/>\n<meta property=\"article:published_time\" content=\"2024-04-18T21:15:38+00:00\" \/>\n<meta property=\"article:modified_time\" content=\"2024-04-18T23:26:45+00:00\" \/>\n<meta property=\"og:image\" content=\"https:\/\/inclusivenews.com.br\/wp-content\/uploads\/2024\/04\/FOTO-PROGRAMA-1604.jpg\" \/>\n\t<meta property=\"og:image:width\" content=\"822\" \/>\n\t<meta property=\"og:image:height\" content=\"822\" \/>\n\t<meta property=\"og:image:type\" content=\"image\/jpeg\" \/>\n<meta name=\"author\" content=\"inclusivenews2024\" \/>\n<meta name=\"twitter:card\" content=\"summary_large_image\" \/>\n<meta name=\"twitter:label1\" content=\"Escrito por\" \/>\n\t<meta name=\"twitter:data1\" content=\"inclusivenews2024\" \/>\n\t<meta name=\"twitter:label2\" content=\"Tempo estimado de leitura\" \/>\n\t<meta name=\"twitter:data2\" content=\"1 minuto\" \/>\n<script type=\"application\/ld+json\" class=\"yoast-schema-graph\">{\"@context\":\"https:\\\/\\\/schema.org\",\"@graph\":[{\"@type\":\"Article\",\"@id\":\"https:\\\/\\\/inclusivenews.com.br\\\/?p=33119#article\",\"isPartOf\":{\"@id\":\"https:\\\/\\\/inclusivenews.com.br\\\/?p=33119\"},\"author\":{\"name\":\"inclusivenews2024\",\"@id\":\"https:\\\/\\\/inclusivenews.com.br\\\/#\\\/schema\\\/person\\\/ae4ec7087559b8692fb33b6fffd2273b\"},\"headline\":\"Inclusive News e Podcast Acessando Luc\u00edlia: Encontro e Parceria\",\"datePublished\":\"2024-04-18T21:15:38+00:00\",\"dateModified\":\"2024-04-18T23:26:45+00:00\",\"mainEntityOfPage\":{\"@id\":\"https:\\\/\\\/inclusivenews.com.br\\\/?p=33119\"},\"wordCount\":97,\"commentCount\":0,\"publisher\":{\"@id\":\"https:\\\/\\\/inclusivenews.com.br\\\/#organization\"},\"image\":{\"@id\":\"https:\\\/\\\/inclusivenews.com.br\\\/?p=33119#primaryimage\"},\"thumbnailUrl\":\"https:\\\/\\\/inclusivenews.com.br\\\/wp-content\\\/uploads\\\/2024\\\/04\\\/FOTO-PROGRAMA-1604.jpg\",\"articleSection\":[\"Blog\"],\"inLanguage\":\"pt-PT\",\"potentialAction\":[{\"@type\":\"CommentAction\",\"name\":\"Comment\",\"target\":[\"https:\\\/\\\/inclusivenews.com.br\\\/?p=33119#respond\"]}]},{\"@type\":\"WebPage\",\"@id\":\"https:\\\/\\\/inclusivenews.com.br\\\/?p=33119\",\"url\":\"https:\\\/\\\/inclusivenews.com.br\\\/?p=33119\",\"name\":\"Inclusive News e Podcast Acessando Luc\u00edlia: Encontro e Parceria -\",\"isPartOf\":{\"@id\":\"https:\\\/\\\/inclusivenews.com.br\\\/#website\"},\"primaryImageOfPage\":{\"@id\":\"https:\\\/\\\/inclusivenews.com.br\\\/?p=33119#primaryimage\"},\"image\":{\"@id\":\"https:\\\/\\\/inclusivenews.com.br\\\/?p=33119#primaryimage\"},\"thumbnailUrl\":\"https:\\\/\\\/inclusivenews.com.br\\\/wp-content\\\/uploads\\\/2024\\\/04\\\/FOTO-PROGRAMA-1604.jpg\",\"datePublished\":\"2024-04-18T21:15:38+00:00\",\"dateModified\":\"2024-04-18T23:26:45+00:00\",\"breadcrumb\":{\"@id\":\"https:\\\/\\\/inclusivenews.com.br\\\/?p=33119#breadcrumb\"},\"inLanguage\":\"pt-PT\",\"potentialAction\":[{\"@type\":\"ReadAction\",\"target\":[\"https:\\\/\\\/inclusivenews.com.br\\\/?p=33119\"]}]},{\"@type\":\"ImageObject\",\"inLanguage\":\"pt-PT\",\"@id\":\"https:\\\/\\\/inclusivenews.com.br\\\/?p=33119#primaryimage\",\"url\":\"https:\\\/\\\/inclusivenews.com.br\\\/wp-content\\\/uploads\\\/2024\\\/04\\\/FOTO-PROGRAMA-1604.jpg\",\"contentUrl\":\"https:\\\/\\\/inclusivenews.com.br\\\/wp-content\\\/uploads\\\/2024\\\/04\\\/FOTO-PROGRAMA-1604.jpg\",\"width\":822,\"height\":822},{\"@type\":\"BreadcrumbList\",\"@id\":\"https:\\\/\\\/inclusivenews.com.br\\\/?p=33119#breadcrumb\",\"itemListElement\":[{\"@type\":\"ListItem\",\"position\":1,\"name\":\"In\u00edcio\",\"item\":\"https:\\\/\\\/inclusivenews.com.br\\\/\"},{\"@type\":\"ListItem\",\"position\":2,\"name\":\"Inclusive News e Podcast Acessando Luc\u00edlia: Encontro e Parceria\"}]},{\"@type\":\"WebSite\",\"@id\":\"https:\\\/\\\/inclusivenews.com.br\\\/#website\",\"url\":\"https:\\\/\\\/inclusivenews.com.br\\\/\",\"name\":\"Inclusive News\",\"description\":\"Inclusive News\",\"publisher\":{\"@id\":\"https:\\\/\\\/inclusivenews.com.br\\\/#organization\"},\"potentialAction\":[{\"@type\":\"SearchAction\",\"target\":{\"@type\":\"EntryPoint\",\"urlTemplate\":\"https:\\\/\\\/inclusivenews.com.br\\\/?s={search_term_string}\"},\"query-input\":{\"@type\":\"PropertyValueSpecification\",\"valueRequired\":true,\"valueName\":\"search_term_string\"}}],\"inLanguage\":\"pt-PT\"},{\"@type\":\"Organization\",\"@id\":\"https:\\\/\\\/inclusivenews.com.br\\\/#organization\",\"name\":\"Inclusive - inclus\u00e3o e cidadania\",\"url\":\"https:\\\/\\\/inclusivenews.com.br\\\/\",\"logo\":{\"@type\":\"ImageObject\",\"inLanguage\":\"pt-PT\",\"@id\":\"https:\\\/\\\/inclusivenews.com.br\\\/#\\\/schema\\\/logo\\\/image\\\/\",\"url\":\"https:\\\/\\\/inclusivenews.com.br\\\/wp-content\\\/uploads\\\/2024\\\/03\\\/@grandesite.png\",\"contentUrl\":\"https:\\\/\\\/inclusivenews.com.br\\\/wp-content\\\/uploads\\\/2024\\\/03\\\/@grandesite.png\",\"width\":1080,\"height\":1080,\"caption\":\"Inclusive - inclus\u00e3o e cidadania\"},\"image\":{\"@id\":\"https:\\\/\\\/inclusivenews.com.br\\\/#\\\/schema\\\/logo\\\/image\\\/\"},\"sameAs\":[\"https:\\\/\\\/www.facebook.com\\\/agenciainclusive\\\/\",\"https:\\\/\\\/www.instagram.com\\\/newsinclusive\\\/\"]},{\"@type\":\"Person\",\"@id\":\"https:\\\/\\\/inclusivenews.com.br\\\/#\\\/schema\\\/person\\\/ae4ec7087559b8692fb33b6fffd2273b\",\"name\":\"inclusivenews2024\",\"image\":{\"@type\":\"ImageObject\",\"inLanguage\":\"pt-PT\",\"@id\":\"https:\\\/\\\/secure.gravatar.com\\\/avatar\\\/c5a7ef84c66fa914f55bc4f7ce26cfa275a3b9a1c5568b907bd184fb4dde7b40?s=96&d=mm&r=g\",\"url\":\"https:\\\/\\\/secure.gravatar.com\\\/avatar\\\/c5a7ef84c66fa914f55bc4f7ce26cfa275a3b9a1c5568b907bd184fb4dde7b40?s=96&d=mm&r=g\",\"contentUrl\":\"https:\\\/\\\/secure.gravatar.com\\\/avatar\\\/c5a7ef84c66fa914f55bc4f7ce26cfa275a3b9a1c5568b907bd184fb4dde7b40?s=96&d=mm&r=g\",\"caption\":\"inclusivenews2024\"},\"sameAs\":[\"https:\\\/\\\/inclusivenews.com.br\"],\"url\":\"https:\\\/\\\/inclusivenews.com.br\\\/?author=1\"}]}<\/script>\n<!-- \/ Yoast SEO plugin. -->","yoast_head_json":{"title":"Inclusive News e Podcast Acessando Luc\u00edlia: Encontro e Parceria -","robots":{"index":"index","follow":"follow","max-snippet":"max-snippet:-1","max-image-preview":"max-image-preview:large","max-video-preview":"max-video-preview:-1"},"canonical":"https:\/\/inclusivenews.com.br\/?p=33119","og_locale":"pt_PT","og_type":"article","og_title":"Inclusive News e Podcast Acessando Luc\u00edlia: Encontro e Parceria -","og_description":"O Podcast Acessando Luc\u00edlia recebeu na \u00faltima ter\u00e7a-feira, 16\/04, a Inclusive News para uma conversa sobre o compartilhamento e difus\u00e3o de informa\u00e7\u00f5es sobre inclus\u00e3o e acessibilidade. Foi bonito o encontro com as ativistas Marta Gil e Patr\u00edcia Almeida, que falaram sobre a for\u00e7a da rede de comunica\u00e7\u00e3o para o fortalecimento da inclus\u00e3o. Bora assistir o [&hellip;]","og_url":"https:\/\/inclusivenews.com.br\/?p=33119","article_publisher":"https:\/\/www.facebook.com\/agenciainclusive\/","article_published_time":"2024-04-18T21:15:38+00:00","article_modified_time":"2024-04-18T23:26:45+00:00","og_image":[{"width":822,"height":822,"url":"https:\/\/inclusivenews.com.br\/wp-content\/uploads\/2024\/04\/FOTO-PROGRAMA-1604.jpg","type":"image\/jpeg"}],"author":"inclusivenews2024","twitter_card":"summary_large_image","twitter_misc":{"Escrito por":"inclusivenews2024","Tempo estimado de leitura":"1 minuto"},"schema":{"@context":"https:\/\/schema.org","@graph":[{"@type":"Article","@id":"https:\/\/inclusivenews.com.br\/?p=33119#article","isPartOf":{"@id":"https:\/\/inclusivenews.com.br\/?p=33119"},"author":{"name":"inclusivenews2024","@id":"https:\/\/inclusivenews.com.br\/#\/schema\/person\/ae4ec7087559b8692fb33b6fffd2273b"},"headline":"Inclusive News e Podcast Acessando Luc\u00edlia: Encontro e Parceria","datePublished":"2024-04-18T21:15:38+00:00","dateModified":"2024-04-18T23:26:45+00:00","mainEntityOfPage":{"@id":"https:\/\/inclusivenews.com.br\/?p=33119"},"wordCount":97,"commentCount":0,"publisher":{"@id":"https:\/\/inclusivenews.com.br\/#organization"},"image":{"@id":"https:\/\/inclusivenews.com.br\/?p=33119#primaryimage"},"thumbnailUrl":"https:\/\/inclusivenews.com.br\/wp-content\/uploads\/2024\/04\/FOTO-PROGRAMA-1604.jpg","articleSection":["Blog"],"inLanguage":"pt-PT","potentialAction":[{"@type":"CommentAction","name":"Comment","target":["https:\/\/inclusivenews.com.br\/?p=33119#respond"]}]},{"@type":"WebPage","@id":"https:\/\/inclusivenews.com.br\/?p=33119","url":"https:\/\/inclusivenews.com.br\/?p=33119","name":"Inclusive News e Podcast Acessando Luc\u00edlia: Encontro e Parceria -","isPartOf":{"@id":"https:\/\/inclusivenews.com.br\/#website"},"primaryImageOfPage":{"@id":"https:\/\/inclusivenews.com.br\/?p=33119#primaryimage"},"image":{"@id":"https:\/\/inclusivenews.com.br\/?p=33119#primaryimage"},"thumbnailUrl":"https:\/\/inclusivenews.com.br\/wp-content\/uploads\/2024\/04\/FOTO-PROGRAMA-1604.jpg","datePublished":"2024-04-18T21:15:38+00:00","dateModified":"2024-04-18T23:26:45+00:00","breadcrumb":{"@id":"https:\/\/inclusivenews.com.br\/?p=33119#breadcrumb"},"inLanguage":"pt-PT","potentialAction":[{"@type":"ReadAction","target":["https:\/\/inclusivenews.com.br\/?p=33119"]}]},{"@type":"ImageObject","inLanguage":"pt-PT","@id":"https:\/\/inclusivenews.com.br\/?p=33119#primaryimage","url":"https:\/\/inclusivenews.com.br\/wp-content\/uploads\/2024\/04\/FOTO-PROGRAMA-1604.jpg","contentUrl":"https:\/\/inclusivenews.com.br\/wp-content\/uploads\/2024\/04\/FOTO-PROGRAMA-1604.jpg","width":822,"height":822},{"@type":"BreadcrumbList","@id":"https:\/\/inclusivenews.com.br\/?p=33119#breadcrumb","itemListElement":[{"@type":"ListItem","position":1,"name":"In\u00edcio","item":"https:\/\/inclusivenews.com.br\/"},{"@type":"ListItem","position":2,"name":"Inclusive News e Podcast Acessando Luc\u00edlia: Encontro e Parceria"}]},{"@type":"WebSite","@id":"https:\/\/inclusivenews.com.br\/#website","url":"https:\/\/inclusivenews.com.br\/","name":"Inclusive News","description":"Inclusive News","publisher":{"@id":"https:\/\/inclusivenews.com.br\/#organization"},"potentialAction":[{"@type":"SearchAction","target":{"@type":"EntryPoint","urlTemplate":"https:\/\/inclusivenews.com.br\/?s={search_term_string}"},"query-input":{"@type":"PropertyValueSpecification","valueRequired":true,"valueName":"search_term_string"}}],"inLanguage":"pt-PT"},{"@type":"Organization","@id":"https:\/\/inclusivenews.com.br\/#organization","name":"Inclusive - inclus\u00e3o e cidadania","url":"https:\/\/inclusivenews.com.br\/","logo":{"@type":"ImageObject","inLanguage":"pt-PT","@id":"https:\/\/inclusivenews.com.br\/#\/schema\/logo\/image\/","url":"https:\/\/inclusivenews.com.br\/wp-content\/uploads\/2024\/03\/@grandesite.png","contentUrl":"https:\/\/inclusivenews.com.br\/wp-content\/uploads\/2024\/03\/@grandesite.png","width":1080,"height":1080,"caption":"Inclusive - inclus\u00e3o e cidadania"},"image":{"@id":"https:\/\/inclusivenews.com.br\/#\/schema\/logo\/image\/"},"sameAs":["https:\/\/www.facebook.com\/agenciainclusive\/","https:\/\/www.instagram.com\/newsinclusive\/"]},{"@type":"Person","@id":"https:\/\/inclusivenews.com.br\/#\/schema\/person\/ae4ec7087559b8692fb33b6fffd2273b","name":"inclusivenews2024","image":{"@type":"ImageObject","inLanguage":"pt-PT","@id":"https:\/\/secure.gravatar.com\/avatar\/c5a7ef84c66fa914f55bc4f7ce26cfa275a3b9a1c5568b907bd184fb4dde7b40?s=96&d=mm&r=g","url":"https:\/\/secure.gravatar.com\/avatar\/c5a7ef84c66fa914f55bc4f7ce26cfa275a3b9a1c5568b907bd184fb4dde7b40?s=96&d=mm&r=g","contentUrl":"https:\/\/secure.gravatar.com\/avatar\/c5a7ef84c66fa914f55bc4f7ce26cfa275a3b9a1c5568b907bd184fb4dde7b40?s=96&d=mm&r=g","caption":"inclusivenews2024"},"sameAs":["https:\/\/inclusivenews.com.br"],"url":"https:\/\/inclusivenews.com.br\/?author=1"}]}},"_links":{"self":[{"href":"https:\/\/inclusivenews.com.br\/index.php?rest_route=\/wp\/v2\/posts\/33119","targetHints":{"allow":["GET"]}}],"collection":[{"href":"https:\/\/inclusivenews.com.br\/index.php?rest_route=\/wp\/v2\/posts"}],"about":[{"href":"https:\/\/inclusivenews.com.br\/index.php?rest_route=\/wp\/v2\/types\/post"}],"author":[{"embeddable":true,"href":"https:\/\/inclusivenews.com.br\/index.php?rest_route=\/wp\/v2\/users\/1"}],"replies":[{"embeddable":true,"href":"https:\/\/inclusivenews.com.br\/index.php?rest_route=%2Fwp%2Fv2%2Fcomments&post=33119"}],"version-history":[{"count":3,"href":"https:\/\/inclusivenews.com.br\/index.php?rest_route=\/wp\/v2\/posts\/33119\/revisions"}],"predecessor-version":[{"id":33124,"href":"https:\/\/inclusivenews.com.br\/index.php?rest_route=\/wp\/v2\/posts\/33119\/revisions\/33124"}],"wp:featuredmedia":[{"embeddable":true,"href":"https:\/\/inclusivenews.com.br\/index.php?rest_route=\/wp\/v2\/media\/33120"}],"wp:attachment":[{"href":"https:\/\/inclusivenews.com.br\/index.php?rest_route=%2Fwp%2Fv2%2Fmedia&parent=33119"}],"wp:term":[{"taxonomy":"category","embeddable":true,"href":"https:\/\/inclusivenews.com.br\/index.php?rest_route=%2Fwp%2Fv2%2Fcategories&post=33119"},{"taxonomy":"post_tag","embeddable":true,"href":"https:\/\/inclusivenews.com.br\/index.php?rest_route=%2Fwp%2Fv2%2Ftags&post=33119"}],"curies":[{"name":"wp","href":"https:\/\/api.w.org\/{rel}","templated":true}]}}