{"id":33125,"date":"2024-04-20T13:59:14","date_gmt":"2024-04-20T13:59:14","guid":{"rendered":"https:\/\/inclusivenews.com.br\/?p=33125"},"modified":"2024-04-21T14:55:15","modified_gmt":"2024-04-21T14:55:15","slug":"cnpg-critica-pareceres-do-conselho-nacional-de-educacao-e-reforca-apoio-a-educacao-inclusiva","status":"publish","type":"post","link":"https:\/\/inclusivenews.com.br\/?p=33125","title":{"rendered":"CNPG critica pareceres do Conselho Nacional de Educa\u00e7\u00e3o e refor\u00e7a apoio \u00e0 educa\u00e7\u00e3o inclusiva"},"content":{"rendered":"\n<figure class=\"wp-block-image size-full is-resized\"><img loading=\"lazy\" decoding=\"async\" width=\"670\" height=\"473\" src=\"https:\/\/inclusivenews.com.br\/wp-content\/uploads\/2024\/04\/Logo_CNPG.png\" alt=\"logo do conselho nacional de procuradores gerais do minist\u00e9rio p\u00fablico dos estados e da uni\u00e3o.\" class=\"wp-image-33126\" style=\"width:493px;height:auto\" srcset=\"https:\/\/inclusivenews.com.br\/wp-content\/uploads\/2024\/04\/Logo_CNPG.png 670w, https:\/\/inclusivenews.com.br\/wp-content\/uploads\/2024\/04\/Logo_CNPG-300x212.png 300w\" sizes=\"auto, (max-width: 670px) 100vw, 670px\" \/><\/figure>\n\n\n\n<p>O Conselho Nacional de Procuradores-Gerais do Minist\u00e9rio P\u00fablico dos Estados e da Uni\u00e3o (CNPG) publicou nota p\u00fablica criticando pareceres <strong>n.\u00ba 50 e 51<\/strong> do Conselho Nacional de Educa\u00e7\u00e3o e refor\u00e7ando apoio \u00e0 educa\u00e7\u00e3o inclusiva.<\/p>\n\n\n\n<p>O Conselho chama pela participa\u00e7\u00e3o social na produ\u00e7\u00e3o de atos normativos, consolida\u00e7\u00e3o do modelo social de defici\u00eancia e da Pol\u00edtica Nacional de Educa\u00e7\u00e3o Especial na perspectiva da Educa\u00e7\u00e3o Inclusiva, antes de eventual e futura homologa\u00e7\u00e3o de pareceres pelo Minist\u00e9rio da Educa\u00e7\u00e3o.<\/p>\n\n\n\n<p>Leia a \u00edntegra da nota:<\/p>\n\n\n\n<p>NOTA P\u00daBLICA CNPG\/GNDH\/COPEDUC N\u00ba 01\/2024<br>Objeto: \u201cNota P\u00fablica sobre os Pareceres CNE\/CP n.\u00ba 50 e 51\u201d.<br>O Brasil tem extenso arcabou\u00e7o normativo para a garantia da<br>educa\u00e7\u00e3o especial inclusiva. Desde normas constitucionais (CF, art. 205 e 208<br>e Conven\u00e7\u00e3o Internacional Sobre Direitos da Pessoa com Defici\u00eancia, art. 24,<br>item 2), compromissos internacionais (Declara\u00e7\u00e3o de Salamanca sobre<br>Princ\u00edpios, Pol\u00edticas e Pr\u00e1ticas na \u00c1rea das Necessidades Educativas<br>Especiais1, itens 6 a 8), legisla\u00e7\u00e3o infraconstitucional minuciosa (Lei<br>13.146\/2.015, arts. 27 e 28 Decreto Federal 7.611\/2011, arts. 1\u00ba e 2\u00ba, Lei n\u00ba<br>12.764\/12, Decreto n\u00ba 8.368\/2014 e Resolu\u00e7\u00e3o CNE 4\/2009). Conta, ainda,<br>com uma pol\u00edtica nacional consistente, aderente ao ordenamento jur\u00eddico<br>vigente e em progressiva consolida\u00e7\u00e3o, a Pol\u00edtica Nacional de Educa\u00e7\u00e3o<br>Especial na Perspectiva da Educa\u00e7\u00e3o Inclusiva \u2013 PNEEPEI, publicada pelo<br>Minist\u00e9rio da Educa\u00e7\u00e3o (MEC) em 2008.<br>A Jurisprud\u00eancia nacional tamb\u00e9m j\u00e1 tem posicionamento<br>consolidado sobre ser a educa\u00e7\u00e3o plenamente inclusiva um dos princ\u00edpios<br>basilares da educa\u00e7\u00e3o brasileira, o que pode ser constatado na ADI 5.357-DF<br>(decis\u00e3o cujos fundamentos s\u00e3o tamb\u00e9m vinculantes, conforme nova teoria dos<br>fundamentos determinantes &#8211; CPC, art. 988, incisos III e IV e \u00a7 4\u00ba) e na ADI<br>6590 MC\/ DF.<br>A referida legisla\u00e7\u00e3o e o entendimento assentado pelo egr\u00e9gio<br>Supremo Tribunal Federal afirmam a educa\u00e7\u00e3o inclusiva como decorr\u00eancia do<br>modelo social de defici\u00eancia, impondo-se, pois, que toda e qualquer norma<br>infraconstitucional reconhe\u00e7a a diferen\u00e7a em si de cada sujeito, para al\u00e9m de<br>qualquer categoriza\u00e7\u00e3o diagn\u00f3stica, e assegure direitos educacionais a partir<br>da elimina\u00e7\u00e3o de barreiras nos sistemas e institui\u00e7\u00f5es de ensino.<br>Por tais raz\u00f5es, e cumprindo sua miss\u00e3o constitucional, o<br>Minist\u00e9rio P\u00fablico Brasileiro vem atuando de forma pujante na defesa da<br>[Digite aqui]<br>educa\u00e7\u00e3o inclusiva, tendo este Conselho Nacional de Procuradores-Gerais<br>dos Minist\u00e9rios P\u00fablicos dos Estados e da Uni\u00e3o &#8211; CNPG, atrav\u00e9s da<br>Comiss\u00e3o Permanente de Defesa da Educa\u00e7\u00e3o do Grupo Nacional de Direitos<br>Humanos, j\u00e1 se manifestado sobre a quest\u00e3o nos Enunciados COPEDUC n.\u00ba<br>03\/21 e 22\/221, bem como em notas p\u00fablicas.<br>Nessa esteira, o Conselho Nacional de Procuradores-Gerais<br>dos Minist\u00e9rios P\u00fablicos dos Estados e da Uni\u00e3o &#8211; CNPG faz p\u00fablica sua<br>preocupa\u00e7\u00e3o a respeito do teor do Parecer CNE\/CP n\u00ba 50\/2023, que trata de<br>orienta\u00e7\u00f5es espec\u00edficas para o p\u00fablico da Educa\u00e7\u00e3o Especial: Atendimento de<br>Estudantes com Transtorno do Espectro Autista (TEA) e do Parecer CNE\/CP n\u00ba<br>51\/2023, que trata de orienta\u00e7\u00f5es espec\u00edficas para o p\u00fablico da Educa\u00e7\u00e3o<br>Especial: Atendimento dos Estudantes com Altas Habilidades\/Superdota\u00e7\u00e3o.<br>Consigne-se, de in\u00edcio, que pareceres exarados pelo Conselho<br>Nacional de Educa\u00e7\u00e3o e homologados pelo Minist\u00e9rio da Educa\u00e7\u00e3o possuem<br>for\u00e7a normativa, n\u00e3o se tratando de meras orienta\u00e7\u00f5es de aten\u00e7\u00e3o facultativa<br>para os sistemas de ensino. Por tal raz\u00e3o, ali\u00e1s, o pr\u00f3prio Supremo Tribunal<br>federal reconheceu, na ADPF 292 &#8211; DF, a import\u00e2ncia da expertise do<br>Conselho e da expedi\u00e7\u00e3o de suas normas quando amparadas em \u201campla<br>participa\u00e7\u00e3o t\u00e9cnica e social, em respeito \u00e0 gest\u00e3o democr\u00e1tica do ensino<br>p\u00fablico (art.206, da CRFB).<br>No mesmo sentido, ensina o ilustre professor Carlos Roberto<br>Jamil Cury que a fun\u00e7\u00e3o normativa do Conselho de Educa\u00e7\u00e3o se \u201cd\u00e1 por meio<br>de Pareceres e Resolu\u00e7\u00f5es e, para tanto, ela deve ter previs\u00e3o legal e sua<br>intencionalidade \u00e9 a de executar o ordenamento jur\u00eddico que lhe d\u00e1<br>fundamento.\u201d2<br>\u00c9 diante dos s\u00e9rios impactos normativos vinculantes e indutores<br>de pol\u00edticas p\u00fablicas, bem como da organiza\u00e7\u00e3o dos sistemas de ensino e do<br>1 https:\/\/www.cnpg.org.br\/grupo-nacional-de-direitos-humanos-gndh\/2-uncategorised\/6627-<br>enunciado.html<br>2 Cury, Carlos Roberto Jamil. Conselhos de Educa\u00e7\u00e3o: fundamentos e fun\u00e7\u00f5es. Dispon\u00edvel em :&lt; https:\/\/seer.ufrgs.br\/index.php\/rbpae\/article\/view\/18721&gt;. Acesso em: 19.3.2024<br>[Digite aqui]<br>cotidiano escolar que esta nota p\u00fablica conclama por cautela e amplia\u00e7\u00e3o do<br>di\u00e1logo em torno dos temas.<br>Preocupa, de in\u00edcio, que tenham sido editados, em sequ\u00eancia, os<br>Pareceres 50 e 51 de 2023 e que ambos tragam claramente em seus t\u00edtulos o<br>objetivo de fragmenta\u00e7\u00e3o da educa\u00e7\u00e3o especial por crit\u00e9rios diagn\u00f3sticos.<br>Segmentam a educa\u00e7\u00e3o especial n\u00e3o a partir da reorganiza\u00e7\u00e3o da escola e da<br>identifica\u00e7\u00e3o e elimina\u00e7\u00e3o de barreiras, fortalecendo a autonomia e os saberes<br>educacionais e os la\u00e7os humanos concretamente estabelecidos entre sujeitos<br>com biografias incompar\u00e1veis em contextos escolares tamb\u00e9m singulares, mas<br>sim de supostas caracter\u00edsticas comuns que poderiam categorizar<br>determinados grupos e apontar padr\u00f5es de interven\u00e7\u00f5es a partir de tais<br>descri\u00e7\u00f5es.<br>O Parecer CNE\/CP n\u00ba 50\/2023 \u00e9 objeto de fortes e relevantes<br>cr\u00edticas consignadas em diversos documentos, cartas abertas, mo\u00e7\u00f5es e<br>manifesta\u00e7\u00f5es p\u00fablicas contr\u00e1rias \u00e0 sua homologa\u00e7\u00e3o, produzidas por<br>diferentes universidades, centros de pesquisa, sindicatos, associa\u00e7\u00f5es e<br>organiza\u00e7\u00f5es da sociedade civil representativas dos movimentos de pessoas<br>com defici\u00eancia, a saber: Associa\u00e7\u00e3o Brasileira para a Inclus\u00e3o das Pessoas<br>Autistas (AUTISTAS BRASIL); Associa\u00e7\u00e3o Brasileira para A\u00e7\u00e3o por Direitos<br>das Pessoas Autistas (ABRA\u00c7A); Associa\u00e7\u00e3o Nacional das Defensoras e<br>Defensores P\u00fablicos (ANADEP); Campanha Nacional pelo Direito \u00e0 Educa\u00e7\u00e3o<br>(CNDE); Conselho Nacional de Secret\u00e1rios de Educa\u00e7\u00e3o (CONSED);<br>Federa\u00e7\u00e3o Brasileira das Associa\u00e7\u00f5es de S\u00edndrome de Down; F\u00f3rum<br>Permanente de Educa\u00e7\u00e3o Inclusiva do Esp\u00edrito Santo (UFES); Instituto Alana;<br>Instituto C\u00e1ue; Instituto Mais Diferen\u00e7as; Instituto Rodrigo Mendes; Laborat\u00f3rio<br>de Estudos e Pesquisas em Ensino e Diferen\u00e7a (LEPED\/UNICAMP); Vidas<br>Negras com Defici\u00eancia Importam; e outros.<br>Uma das mo\u00e7\u00f5es contr\u00e1rias \u00e0 homologa\u00e7\u00e3o de citado parecer,<br>submetida pela Coaliz\u00e3o Brasileira pela Educa\u00e7\u00e3o Inclusiva, com o apoio de<br>mais de 20 entidades de representa\u00e7\u00e3o nacional, como a Associa\u00e7\u00e3o Nacional<br>[Digite aqui]<br>de Pol\u00edtica e Administra\u00e7\u00e3o da Educa\u00e7\u00e3o (Anpae), CNTE (Confedera\u00e7\u00e3o<br>Nacional dos Trabalhadores em Educa\u00e7\u00e3o), Ubes (Uni\u00e3o Brasileira dos<br>Estudantes Secundaristas), UNE (Uni\u00e3o Nacional dos Estudantes), Uneafro,<br>Fineduca (Associa\u00e7\u00e3o Nacional de Pesquisa em Financiamento da Educa\u00e7\u00e3o)<br>e Associa\u00e7\u00e3o Nacional para Inclus\u00e3o de Pessoas Autistas (ANIABR), foi votada<br>e aprovada em plen\u00e1ria na Confer\u00eancia Nacional de Educa\u00e7\u00e3o &#8211; CONAE, que<br>aconteceu no in\u00edcio deste ano.<br>Os documentos citados apontam, em especial, que o parecer<br>refor\u00e7a o ultrapassado modelo m\u00e9dico de compreens\u00e3o da defici\u00eancia,<br>preocupa\u00e7\u00e3o, ali\u00e1s, j\u00e1 explicitada em nosso Enunciado COPEDUC\/GNDH n.\u00ba<br>22\/22. De fato, ao instituir protocolos de conduta e ao criar o plano educacional<br>individualizado, o parecer denota poss\u00edvel desvirtuamento do disposto no<br>Coment\u00e1rio geral no. 4, da Organiza\u00e7\u00e3o das Na\u00e7\u00f5es Unidas e desconsidera\u00e7\u00e3o<br>do j\u00e1 existente Plano Individual de Atendimento Educacional Especializado,<br>documento que, a partir de estudo de caso, investiga e organiza servi\u00e7os para<br>elimina\u00e7\u00e3o de barreiras enfrentadas por um sujeito que n\u00e3o \u00e9 limitado por<br>crit\u00e9rios diagn\u00f3sticos.<br>Ao retomar, ao menos em alguma medida, a concep\u00e7\u00e3o m\u00e9dica<br>da defici\u00eancia, o Parecer supramencionado fragmenta os saberes e pr\u00e1ticas<br>educacionais a partir de crit\u00e9rios diagn\u00f3sticos e interven\u00e7\u00f5es cl\u00ednico-<br>terap\u00eauticas e, em grande medida, desconsidera a autonomia escolar e dos<br>profissionais de educa\u00e7\u00e3o em rela\u00e7\u00e3o \u00e0s abordagens te\u00f3rico-metodol\u00f3gicas<br>que melhor correspondam ao projeto pol\u00edtico pedag\u00f3gico da institui\u00e7\u00e3o e aos<br>interesses e desejos dos sujeitos envolvidos no singular processo de ensino<br>em contextos concretos e espec\u00edficos.<br>Questiona, a sociedade civil organizada, tamb\u00e9m, a falta de<br>participa\u00e7\u00e3o daqueles diretamente interessados no tema para a elabora\u00e7\u00e3o do<br>mencionado parecer. S\u00e3o princ\u00edpios gerais constitucionais da educa\u00e7\u00e3o o do<br>planejamento participativo (artigo 214 da CF) e o da Gest\u00e3o Democr\u00e1tica do<br>Ensino (artigo 206 da CF).<br>[Digite aqui]<br>No caso das pessoas com defici\u00eancia, citado princ\u00edpio ganha<br>ainda o refor\u00e7o do artigo 4\u00ba.3. da Conven\u00e7\u00e3o Internacional sobre os Direitos<br>das Pessoas com Defici\u00eancia:<br>3.Na elabora\u00e7\u00e3o e implementa\u00e7\u00e3o de legisla\u00e7\u00e3o e pol\u00edticas<br>para aplicar a presente Conven\u00e7\u00e3o e em outros processos de<br>tomada de decis\u00e3o relativos \u00e0s pessoas com defici\u00eancia, os<br>Estados Partes realizar\u00e3o consultas estreitas e envolver\u00e3o<br>ativamente pessoas com defici\u00eancia, inclusive crian\u00e7as com<br>defici\u00eancia, por interm\u00e9dio de suas organiza\u00e7\u00f5es<br>representativas.<br>Vislumbra-se, pois, considerando as informa\u00e7\u00f5es dispon\u00edveis e,<br>inclusive, consignadas no Parecer 50 \u2014ausentes registros das exigidas<br>consultas e participa\u00e7\u00e3o de organiza\u00e7\u00f5es representativas de pessoas com<br>defici\u00eancia, poss\u00edvel potencial para questionamentos sobre a<br>inconstitucionalidade e\/ou inconvencionalidade do procedimento de elabora\u00e7\u00e3o<br>do parecer do Conselho Nacional de Educa\u00e7\u00e3o (CNE).<br>Ressalte-se, em acr\u00e9scimo, que a participa\u00e7\u00e3o da comunidade na<br>formula\u00e7\u00e3o de pol\u00edticas p\u00fablicas voltadas para as pessoas com transtorno do<br>espectro autista e controle social da sua implanta\u00e7\u00e3o, acompanhamento e<br>avalia\u00e7\u00e3o \u00e9 uma das diretrizes da Pol\u00edtica Nacional de Prote\u00e7\u00e3o dos Direitos da<br>Pessoa com Transtorno do Espectro Autista, conforme expressamente<br>consignado no artigo 2\u00ba, II, da Lei 12.764\/2012 (Brasil, 2012).<br>A mesma aus\u00eancia de participa\u00e7\u00e3o social e debate p\u00fablico se<br>verifica na edi\u00e7\u00e3o do Parecer 51. Ainda que, no caso, pessoas com<br>superdota\u00e7\u00e3o ou altas-habilidades n\u00e3o sejam consideradas pessoas com<br>defici\u00eancia, tal n\u00e3o afasta o princ\u00edpio geral de participa\u00e7\u00e3o e gest\u00e3o<br>democr\u00e1tica da educa\u00e7\u00e3o.<br>Vale consignar, ali\u00e1s, que em sistemas e escolas efetivamente<br>inclusivas, qualquer normativa ou a\u00e7\u00e3o afetar\u00e1 o conjunto da comunidade<br>[Digite aqui]<br>escolar. Nesse sentido, tamb\u00e9m o parecer 51 adota a l\u00f3gica da segmenta\u00e7\u00e3o<br>de grupo no interior da educa\u00e7\u00e3o especial, distanciando-se da estrutura que<br>sustenta a pol\u00edtica nacional de educa\u00e7\u00e3o especial em perspectiva inclusiva,<br>preocupada em transformar a escola, com identifica\u00e7\u00e3o e elimina\u00e7\u00e3o de<br>barreiras em seus espa\u00e7os, fazeres e atitudes.<br>Preocupa-nos, tamb\u00e9m, o crescente fen\u00f4meno de juridifica\u00e7\u00e3o da<br>educa\u00e7\u00e3o, com a excessiva prolifera\u00e7\u00e3o de normas e, no caso da educa\u00e7\u00e3o<br>inclusiva, agravada pelo pouco cuidado terminol\u00f3gico, multiplicidade de termos<br>equ\u00edvocos e excessiva burocratiza\u00e7\u00e3o dos fazeres educacionais, apostando-se<br>em aparentes solu\u00e7\u00f5es jur\u00eddico-administrativas para problemas e falhas na<br>pol\u00edtica p\u00fablica que j\u00e1 contam com suficiente arcabou\u00e7o normativo e que<br>demandam, em verdade, compromisso \u00e9tico e investimentos para solu\u00e7\u00e3o.<br>A simples leitura dos pareceres em an\u00e1lise \u00e9 demonstra\u00e7\u00e3o do<br>referido fen\u00f4meno, impondo aos sistemas de ensino in\u00fameros protocolos,<br>registros, rotinas, avalia\u00e7\u00f5es, interven\u00e7\u00f5es obrigat\u00f3rias do campo da sa\u00fade, em<br>um processo burocratizante que, com a inten\u00e7\u00e3o de supostamente abarcar<br>todas as necessidades de determinado grupo de alunos \u2014 identificados a partir<br>de diagn\u00f3sticos m\u00e9dicos ou multidisciplinares \u2014 acaba por esvaziar o<br>protagonismo da fun\u00e7\u00e3o educativa e pedag\u00f3gica, atribuindo \u00e0 equipe escolar<br>fun\u00e7\u00f5es de rastreamento, anamnese e de per\u00edcia em bases psicobiom\u00e9dicas.<br>Os citados pareceres, portanto, nada obstante o respeito aos<br>profissionais envolvidos em sua elabora\u00e7\u00e3o, podem fomentar n\u00e3o apenas<br>interven\u00e7\u00f5es indevidas do campo da sa\u00fade no ambiente escolar, mas tamb\u00e9m<br>a judicializa\u00e7\u00e3o e inger\u00eancia tamb\u00e9m do sistema de justi\u00e7a, fragilizando o<br>trabalho pedag\u00f3gico e o protagonismo de profissionais da educa\u00e7\u00e3o e<br>estudantes nas institui\u00e7\u00f5es escolares.<br>Ainda que absolutamente desej\u00e1vel o trabalho intersetorial e de<br>garantia de direitos em rede, h\u00e1 que se ter cautela para que as normas n\u00e3o<br>acabem por induzir, indevidamente, invas\u00e3o dos espa\u00e7os e saberes pr\u00f3prios do<br>setor educacional.<br>[Digite aqui]<br>A homologa\u00e7\u00e3o dos Pareceres CNE\/CP N. 50\/2023 e 51\/2023,<br>sem a necess\u00e1ria amplia\u00e7\u00e3o do debate, assegurando-se participa\u00e7\u00e3o de<br>espectro mais amplo da comunidade cient\u00edfica, escuta e participa\u00e7\u00e3o das<br>comunidades escolares, das pessoas com defici\u00eancia e\/ou de suas entidades<br>representativas, das pessoas autistas e daquelas com altas<br>habilidades\/superdota\u00e7\u00e3o contraria a praxe hist\u00f3rica do pr\u00f3prio CNE, no debate<br>de temas sens\u00edveis, como se pode observar, por exemplo, do processo de<br>elabora\u00e7\u00e3o da Resolu\u00e7\u00e3o CNE\/CP n.\u00ba 02\/17.<br>No caso da educa\u00e7\u00e3o inclusiva, como j\u00e1 destacamos, o di\u00e1logo e<br>participa\u00e7\u00e3o devem ser ainda mais amplos, considerando que o que se<br>pretende, em \u00faltima an\u00e1lise, \u00e9 a transforma\u00e7\u00e3o da institui\u00e7\u00e3o escolar, para que<br>seja efetivamente para todos e para cada um.<br>\u00c9 preciso destacar, ainda, que os pareceres em quest\u00e3o s\u00e3o<br>publicados quando a sociedade civil acaba de realizar a Confer\u00eancia Nacional<br>de Educa\u00e7\u00e3o e prepara o planejamento decenal constitucionalmente exigido,<br>n\u00e3o nos parecendo prudente que aqueles tramitem e sejam eventualmente<br>homologados em atos divorciados de tal constru\u00e7\u00e3o democr\u00e1tica.<br>Destarte, n\u00e3o h\u00e1 como desprezar o posicionamento firmado na<br>mo\u00e7\u00e3o aprovada em plen\u00e1ria da Confer\u00eancia Nacional de Educa\u00e7\u00e3o, m\u00e1xime<br>em respeito \u00e0 densidade democr\u00e1tica da referida CONAE para o processo de<br>forma\u00e7\u00e3o normativa do direito educacional brasileiro.<br>Assim, o Conselho Nacional de Procuradores-Gerais dos<br>Minist\u00e9rios P\u00fablicos dos Estados e da Uni\u00e3o &#8211; CNPG, atrav\u00e9s da Comiss\u00e3o<br>Permanente de Educa\u00e7\u00e3o do Grupo Nacional de Direitos Humanos, vem a<br>p\u00fablico refor\u00e7ar o teor de referida mo\u00e7\u00e3o, aprovada em Confer\u00eancia<br>democr\u00e1tica de \u00e2mbito nacional e, pelas raz\u00f5es expostas, fazer p\u00fablicas<br>suas preocupa\u00e7\u00f5es sobre as consequ\u00eancias possivelmente negativas dos<br>Pareceres CNE\/CP 50 e 51\/2023 \u2014 seja no \u00e2mbito da consolida\u00e7\u00e3o da<br>pol\u00edtica nacional de educa\u00e7\u00e3o especial em perspectiva inclusiva, seja no<br>\u00e2mbito da amplia\u00e7\u00e3o de lit\u00edgios no sistema de justi\u00e7a. Exp\u00f5e, outrossim,<br>sua posi\u00e7\u00e3o p\u00fablica a respeito da desej\u00e1vel amplia\u00e7\u00e3o dos estudos e<br>debates, assegurando a participa\u00e7\u00e3o social constitucionalmente exigida e<br>a cautela sempre desej\u00e1vel na produ\u00e7\u00e3o de atos normativos, garantindo-<br>se aprimoramentos que de fato consolidem o modelo social de defici\u00eancia<br>e a Pol\u00edtica Nacional de Educa\u00e7\u00e3o Especial na perspectiva da Educa\u00e7\u00e3o<br>antes de eventual e futura homologa\u00e7\u00e3o pelo Minist\u00e9rio da Educa\u00e7\u00e3o.<br>C\u00c9SAR BECHARA NADER MATTAR J\u00daNIOR<br>Procurador-Geral de Justi\u00e7a do Estado do Par\u00e1<br>Presidente do Conselho Nacional de Procuradores-Gerais do Minist\u00e9rio P\u00fablico<br>dos Estados e da Uni\u00e3o &#8211; CNPG<br>Procurador-Geral de Justi\u00e7a do Estado do Amazonas<br>Presidente do Grupo Nacional de Direitos Humanos \u2013 GNDH\/CNPG<br>*Nota p\u00fablica aprovada pelo Colegiado CNPG em abril\/202<\/p>\n\n\n\n<div data-wp-interactive=\"core\/file\" class=\"wp-block-file\"><object data-wp-bind--hidden=\"!state.hasPdfPreview\" hidden class=\"wp-block-file__embed\" data=\"https:\/\/inclusivenews.com.br\/wp-content\/uploads\/2024\/04\/Nota_Pblica_001_2024_COPEDUC_GNDH_CNPG.pdf\" type=\"application\/pdf\" style=\"width:100%;height:600px\" aria-label=\"Incorpora\u00e7\u00e3o de Nota_Pblica_001_2024_COPEDUC_GNDH_CNPG.\"><\/object><a id=\"wp-block-file--media-af7f4f3a-3431-451a-8363-4673fe400bc0\" href=\"https:\/\/inclusivenews.com.br\/wp-content\/uploads\/2024\/04\/Nota_Pblica_001_2024_COPEDUC_GNDH_CNPG.pdf\">Nota_Pblica_001_2024_COPEDUC_GNDH_CNPG<\/a><a href=\"https:\/\/inclusivenews.com.br\/wp-content\/uploads\/2024\/04\/Nota_Pblica_001_2024_COPEDUC_GNDH_CNPG.pdf\" class=\"wp-block-file__button wp-element-button\" download aria-describedby=\"wp-block-file--media-af7f4f3a-3431-451a-8363-4673fe400bc0\">Baixar<\/a><\/div>\n","protected":false},"excerpt":{"rendered":"<p>O Conselho Nacional de Procuradores-Gerais do Minist\u00e9rio P\u00fablico dos Estados e da Uni\u00e3o (CNPG) publicou nota p\u00fablica criticando pareceres n.\u00ba 50 e 51 do Conselho Nacional de Educa\u00e7\u00e3o e refor\u00e7ando apoio \u00e0 educa\u00e7\u00e3o inclusiva. O Conselho chama pela participa\u00e7\u00e3o social na produ\u00e7\u00e3o de atos normativos, consolida\u00e7\u00e3o do modelo social de defici\u00eancia e da Pol\u00edtica Nacional [&hellip;]<\/p>\n","protected":false},"author":1,"featured_media":33126,"comment_status":"open","ping_status":"open","sticky":false,"template":"","format":"standard","meta":{"site-container-style":"default","site-container-layout":"default","site-sidebar-layout":"default","disable-article-header":"default","disable-site-header":"default","disable-site-footer":"default","disable-content-area-spacing":"default","footnotes":""},"categories":[6],"tags":[],"class_list":["post-33125","post","type-post","status-publish","format-standard","has-post-thumbnail","hentry","category-educacao"],"yoast_head":"<!-- This site is optimized with the Yoast SEO plugin v27.5 - https:\/\/yoast.com\/product\/yoast-seo-wordpress\/ -->\n<title>CNPG critica pareceres do Conselho Nacional de Educa\u00e7\u00e3o e refor\u00e7a apoio \u00e0 educa\u00e7\u00e3o inclusiva -<\/title>\n<meta name=\"robots\" content=\"index, follow, max-snippet:-1, max-image-preview:large, max-video-preview:-1\" \/>\n<link rel=\"canonical\" href=\"https:\/\/inclusivenews.com.br\/?p=33125\" \/>\n<meta property=\"og:locale\" content=\"pt_PT\" \/>\n<meta property=\"og:type\" content=\"article\" \/>\n<meta property=\"og:title\" content=\"CNPG critica pareceres do Conselho Nacional de Educa\u00e7\u00e3o e refor\u00e7a apoio \u00e0 educa\u00e7\u00e3o inclusiva -\" \/>\n<meta property=\"og:description\" content=\"O Conselho Nacional de Procuradores-Gerais do Minist\u00e9rio P\u00fablico dos Estados e da Uni\u00e3o (CNPG) publicou nota p\u00fablica criticando pareceres n.\u00ba 50 e 51 do Conselho Nacional de Educa\u00e7\u00e3o e refor\u00e7ando apoio \u00e0 educa\u00e7\u00e3o inclusiva. O Conselho chama pela participa\u00e7\u00e3o social na produ\u00e7\u00e3o de atos normativos, consolida\u00e7\u00e3o do modelo social de defici\u00eancia e da Pol\u00edtica Nacional [&hellip;]\" \/>\n<meta property=\"og:url\" content=\"https:\/\/inclusivenews.com.br\/?p=33125\" \/>\n<meta property=\"article:publisher\" content=\"https:\/\/www.facebook.com\/agenciainclusive\/\" \/>\n<meta property=\"article:published_time\" content=\"2024-04-20T13:59:14+00:00\" \/>\n<meta property=\"article:modified_time\" content=\"2024-04-21T14:55:15+00:00\" \/>\n<meta property=\"og:image\" content=\"https:\/\/inclusivenews.com.br\/wp-content\/uploads\/2024\/04\/Logo_CNPG.png\" \/>\n\t<meta property=\"og:image:width\" content=\"670\" \/>\n\t<meta property=\"og:image:height\" content=\"473\" \/>\n\t<meta property=\"og:image:type\" content=\"image\/png\" \/>\n<meta name=\"author\" content=\"inclusivenews2024\" \/>\n<meta name=\"twitter:card\" content=\"summary_large_image\" \/>\n<meta name=\"twitter:label1\" content=\"Escrito por\" \/>\n\t<meta name=\"twitter:data1\" content=\"inclusivenews2024\" \/>\n\t<meta name=\"twitter:label2\" content=\"Tempo estimado de leitura\" \/>\n\t<meta name=\"twitter:data2\" content=\"13 minutos\" \/>\n<script type=\"application\/ld+json\" class=\"yoast-schema-graph\">{\"@context\":\"https:\\\/\\\/schema.org\",\"@graph\":[{\"@type\":\"Article\",\"@id\":\"https:\\\/\\\/inclusivenews.com.br\\\/?p=33125#article\",\"isPartOf\":{\"@id\":\"https:\\\/\\\/inclusivenews.com.br\\\/?p=33125\"},\"author\":{\"name\":\"inclusivenews2024\",\"@id\":\"https:\\\/\\\/inclusivenews.com.br\\\/#\\\/schema\\\/person\\\/ae4ec7087559b8692fb33b6fffd2273b\"},\"headline\":\"CNPG critica pareceres do Conselho Nacional de Educa\u00e7\u00e3o e refor\u00e7a apoio \u00e0 educa\u00e7\u00e3o inclusiva\",\"datePublished\":\"2024-04-20T13:59:14+00:00\",\"dateModified\":\"2024-04-21T14:55:15+00:00\",\"mainEntityOfPage\":{\"@id\":\"https:\\\/\\\/inclusivenews.com.br\\\/?p=33125\"},\"wordCount\":2399,\"commentCount\":0,\"publisher\":{\"@id\":\"https:\\\/\\\/inclusivenews.com.br\\\/#organization\"},\"image\":{\"@id\":\"https:\\\/\\\/inclusivenews.com.br\\\/?p=33125#primaryimage\"},\"thumbnailUrl\":\"https:\\\/\\\/inclusivenews.com.br\\\/wp-content\\\/uploads\\\/2024\\\/04\\\/Logo_CNPG.png\",\"articleSection\":[\"EDUCA\u00c7\u00c3O\"],\"inLanguage\":\"pt-PT\",\"potentialAction\":[{\"@type\":\"CommentAction\",\"name\":\"Comment\",\"target\":[\"https:\\\/\\\/inclusivenews.com.br\\\/?p=33125#respond\"]}]},{\"@type\":\"WebPage\",\"@id\":\"https:\\\/\\\/inclusivenews.com.br\\\/?p=33125\",\"url\":\"https:\\\/\\\/inclusivenews.com.br\\\/?p=33125\",\"name\":\"CNPG critica pareceres do Conselho Nacional de Educa\u00e7\u00e3o e refor\u00e7a apoio \u00e0 educa\u00e7\u00e3o inclusiva -\",\"isPartOf\":{\"@id\":\"https:\\\/\\\/inclusivenews.com.br\\\/#website\"},\"primaryImageOfPage\":{\"@id\":\"https:\\\/\\\/inclusivenews.com.br\\\/?p=33125#primaryimage\"},\"image\":{\"@id\":\"https:\\\/\\\/inclusivenews.com.br\\\/?p=33125#primaryimage\"},\"thumbnailUrl\":\"https:\\\/\\\/inclusivenews.com.br\\\/wp-content\\\/uploads\\\/2024\\\/04\\\/Logo_CNPG.png\",\"datePublished\":\"2024-04-20T13:59:14+00:00\",\"dateModified\":\"2024-04-21T14:55:15+00:00\",\"breadcrumb\":{\"@id\":\"https:\\\/\\\/inclusivenews.com.br\\\/?p=33125#breadcrumb\"},\"inLanguage\":\"pt-PT\",\"potentialAction\":[{\"@type\":\"ReadAction\",\"target\":[\"https:\\\/\\\/inclusivenews.com.br\\\/?p=33125\"]}]},{\"@type\":\"ImageObject\",\"inLanguage\":\"pt-PT\",\"@id\":\"https:\\\/\\\/inclusivenews.com.br\\\/?p=33125#primaryimage\",\"url\":\"https:\\\/\\\/inclusivenews.com.br\\\/wp-content\\\/uploads\\\/2024\\\/04\\\/Logo_CNPG.png\",\"contentUrl\":\"https:\\\/\\\/inclusivenews.com.br\\\/wp-content\\\/uploads\\\/2024\\\/04\\\/Logo_CNPG.png\",\"width\":670,\"height\":473},{\"@type\":\"BreadcrumbList\",\"@id\":\"https:\\\/\\\/inclusivenews.com.br\\\/?p=33125#breadcrumb\",\"itemListElement\":[{\"@type\":\"ListItem\",\"position\":1,\"name\":\"In\u00edcio\",\"item\":\"https:\\\/\\\/inclusivenews.com.br\\\/\"},{\"@type\":\"ListItem\",\"position\":2,\"name\":\"CNPG critica pareceres do Conselho Nacional de Educa\u00e7\u00e3o e refor\u00e7a apoio \u00e0 educa\u00e7\u00e3o inclusiva\"}]},{\"@type\":\"WebSite\",\"@id\":\"https:\\\/\\\/inclusivenews.com.br\\\/#website\",\"url\":\"https:\\\/\\\/inclusivenews.com.br\\\/\",\"name\":\"Inclusive News\",\"description\":\"Inclusive News\",\"publisher\":{\"@id\":\"https:\\\/\\\/inclusivenews.com.br\\\/#organization\"},\"potentialAction\":[{\"@type\":\"SearchAction\",\"target\":{\"@type\":\"EntryPoint\",\"urlTemplate\":\"https:\\\/\\\/inclusivenews.com.br\\\/?s={search_term_string}\"},\"query-input\":{\"@type\":\"PropertyValueSpecification\",\"valueRequired\":true,\"valueName\":\"search_term_string\"}}],\"inLanguage\":\"pt-PT\"},{\"@type\":\"Organization\",\"@id\":\"https:\\\/\\\/inclusivenews.com.br\\\/#organization\",\"name\":\"Inclusive - inclus\u00e3o e cidadania\",\"url\":\"https:\\\/\\\/inclusivenews.com.br\\\/\",\"logo\":{\"@type\":\"ImageObject\",\"inLanguage\":\"pt-PT\",\"@id\":\"https:\\\/\\\/inclusivenews.com.br\\\/#\\\/schema\\\/logo\\\/image\\\/\",\"url\":\"https:\\\/\\\/inclusivenews.com.br\\\/wp-content\\\/uploads\\\/2024\\\/03\\\/@grandesite.png\",\"contentUrl\":\"https:\\\/\\\/inclusivenews.com.br\\\/wp-content\\\/uploads\\\/2024\\\/03\\\/@grandesite.png\",\"width\":1080,\"height\":1080,\"caption\":\"Inclusive - inclus\u00e3o e cidadania\"},\"image\":{\"@id\":\"https:\\\/\\\/inclusivenews.com.br\\\/#\\\/schema\\\/logo\\\/image\\\/\"},\"sameAs\":[\"https:\\\/\\\/www.facebook.com\\\/agenciainclusive\\\/\",\"https:\\\/\\\/www.instagram.com\\\/newsinclusive\\\/\"]},{\"@type\":\"Person\",\"@id\":\"https:\\\/\\\/inclusivenews.com.br\\\/#\\\/schema\\\/person\\\/ae4ec7087559b8692fb33b6fffd2273b\",\"name\":\"inclusivenews2024\",\"image\":{\"@type\":\"ImageObject\",\"inLanguage\":\"pt-PT\",\"@id\":\"https:\\\/\\\/secure.gravatar.com\\\/avatar\\\/c5a7ef84c66fa914f55bc4f7ce26cfa275a3b9a1c5568b907bd184fb4dde7b40?s=96&d=mm&r=g\",\"url\":\"https:\\\/\\\/secure.gravatar.com\\\/avatar\\\/c5a7ef84c66fa914f55bc4f7ce26cfa275a3b9a1c5568b907bd184fb4dde7b40?s=96&d=mm&r=g\",\"contentUrl\":\"https:\\\/\\\/secure.gravatar.com\\\/avatar\\\/c5a7ef84c66fa914f55bc4f7ce26cfa275a3b9a1c5568b907bd184fb4dde7b40?s=96&d=mm&r=g\",\"caption\":\"inclusivenews2024\"},\"sameAs\":[\"https:\\\/\\\/inclusivenews.com.br\"],\"url\":\"https:\\\/\\\/inclusivenews.com.br\\\/?author=1\"}]}<\/script>\n<!-- \/ Yoast SEO plugin. -->","yoast_head_json":{"title":"CNPG critica pareceres do Conselho Nacional de Educa\u00e7\u00e3o e refor\u00e7a apoio \u00e0 educa\u00e7\u00e3o inclusiva -","robots":{"index":"index","follow":"follow","max-snippet":"max-snippet:-1","max-image-preview":"max-image-preview:large","max-video-preview":"max-video-preview:-1"},"canonical":"https:\/\/inclusivenews.com.br\/?p=33125","og_locale":"pt_PT","og_type":"article","og_title":"CNPG critica pareceres do Conselho Nacional de Educa\u00e7\u00e3o e refor\u00e7a apoio \u00e0 educa\u00e7\u00e3o inclusiva -","og_description":"O Conselho Nacional de Procuradores-Gerais do Minist\u00e9rio P\u00fablico dos Estados e da Uni\u00e3o (CNPG) publicou nota p\u00fablica criticando pareceres n.\u00ba 50 e 51 do Conselho Nacional de Educa\u00e7\u00e3o e refor\u00e7ando apoio \u00e0 educa\u00e7\u00e3o inclusiva. O Conselho chama pela participa\u00e7\u00e3o social na produ\u00e7\u00e3o de atos normativos, consolida\u00e7\u00e3o do modelo social de defici\u00eancia e da Pol\u00edtica Nacional [&hellip;]","og_url":"https:\/\/inclusivenews.com.br\/?p=33125","article_publisher":"https:\/\/www.facebook.com\/agenciainclusive\/","article_published_time":"2024-04-20T13:59:14+00:00","article_modified_time":"2024-04-21T14:55:15+00:00","og_image":[{"width":670,"height":473,"url":"https:\/\/inclusivenews.com.br\/wp-content\/uploads\/2024\/04\/Logo_CNPG.png","type":"image\/png"}],"author":"inclusivenews2024","twitter_card":"summary_large_image","twitter_misc":{"Escrito por":"inclusivenews2024","Tempo estimado de leitura":"13 minutos"},"schema":{"@context":"https:\/\/schema.org","@graph":[{"@type":"Article","@id":"https:\/\/inclusivenews.com.br\/?p=33125#article","isPartOf":{"@id":"https:\/\/inclusivenews.com.br\/?p=33125"},"author":{"name":"inclusivenews2024","@id":"https:\/\/inclusivenews.com.br\/#\/schema\/person\/ae4ec7087559b8692fb33b6fffd2273b"},"headline":"CNPG critica pareceres do Conselho Nacional de Educa\u00e7\u00e3o e refor\u00e7a apoio \u00e0 educa\u00e7\u00e3o inclusiva","datePublished":"2024-04-20T13:59:14+00:00","dateModified":"2024-04-21T14:55:15+00:00","mainEntityOfPage":{"@id":"https:\/\/inclusivenews.com.br\/?p=33125"},"wordCount":2399,"commentCount":0,"publisher":{"@id":"https:\/\/inclusivenews.com.br\/#organization"},"image":{"@id":"https:\/\/inclusivenews.com.br\/?p=33125#primaryimage"},"thumbnailUrl":"https:\/\/inclusivenews.com.br\/wp-content\/uploads\/2024\/04\/Logo_CNPG.png","articleSection":["EDUCA\u00c7\u00c3O"],"inLanguage":"pt-PT","potentialAction":[{"@type":"CommentAction","name":"Comment","target":["https:\/\/inclusivenews.com.br\/?p=33125#respond"]}]},{"@type":"WebPage","@id":"https:\/\/inclusivenews.com.br\/?p=33125","url":"https:\/\/inclusivenews.com.br\/?p=33125","name":"CNPG critica pareceres do Conselho Nacional de Educa\u00e7\u00e3o e refor\u00e7a apoio \u00e0 educa\u00e7\u00e3o inclusiva -","isPartOf":{"@id":"https:\/\/inclusivenews.com.br\/#website"},"primaryImageOfPage":{"@id":"https:\/\/inclusivenews.com.br\/?p=33125#primaryimage"},"image":{"@id":"https:\/\/inclusivenews.com.br\/?p=33125#primaryimage"},"thumbnailUrl":"https:\/\/inclusivenews.com.br\/wp-content\/uploads\/2024\/04\/Logo_CNPG.png","datePublished":"2024-04-20T13:59:14+00:00","dateModified":"2024-04-21T14:55:15+00:00","breadcrumb":{"@id":"https:\/\/inclusivenews.com.br\/?p=33125#breadcrumb"},"inLanguage":"pt-PT","potentialAction":[{"@type":"ReadAction","target":["https:\/\/inclusivenews.com.br\/?p=33125"]}]},{"@type":"ImageObject","inLanguage":"pt-PT","@id":"https:\/\/inclusivenews.com.br\/?p=33125#primaryimage","url":"https:\/\/inclusivenews.com.br\/wp-content\/uploads\/2024\/04\/Logo_CNPG.png","contentUrl":"https:\/\/inclusivenews.com.br\/wp-content\/uploads\/2024\/04\/Logo_CNPG.png","width":670,"height":473},{"@type":"BreadcrumbList","@id":"https:\/\/inclusivenews.com.br\/?p=33125#breadcrumb","itemListElement":[{"@type":"ListItem","position":1,"name":"In\u00edcio","item":"https:\/\/inclusivenews.com.br\/"},{"@type":"ListItem","position":2,"name":"CNPG critica pareceres do Conselho Nacional de Educa\u00e7\u00e3o e refor\u00e7a apoio \u00e0 educa\u00e7\u00e3o inclusiva"}]},{"@type":"WebSite","@id":"https:\/\/inclusivenews.com.br\/#website","url":"https:\/\/inclusivenews.com.br\/","name":"Inclusive News","description":"Inclusive News","publisher":{"@id":"https:\/\/inclusivenews.com.br\/#organization"},"potentialAction":[{"@type":"SearchAction","target":{"@type":"EntryPoint","urlTemplate":"https:\/\/inclusivenews.com.br\/?s={search_term_string}"},"query-input":{"@type":"PropertyValueSpecification","valueRequired":true,"valueName":"search_term_string"}}],"inLanguage":"pt-PT"},{"@type":"Organization","@id":"https:\/\/inclusivenews.com.br\/#organization","name":"Inclusive - inclus\u00e3o e cidadania","url":"https:\/\/inclusivenews.com.br\/","logo":{"@type":"ImageObject","inLanguage":"pt-PT","@id":"https:\/\/inclusivenews.com.br\/#\/schema\/logo\/image\/","url":"https:\/\/inclusivenews.com.br\/wp-content\/uploads\/2024\/03\/@grandesite.png","contentUrl":"https:\/\/inclusivenews.com.br\/wp-content\/uploads\/2024\/03\/@grandesite.png","width":1080,"height":1080,"caption":"Inclusive - inclus\u00e3o e cidadania"},"image":{"@id":"https:\/\/inclusivenews.com.br\/#\/schema\/logo\/image\/"},"sameAs":["https:\/\/www.facebook.com\/agenciainclusive\/","https:\/\/www.instagram.com\/newsinclusive\/"]},{"@type":"Person","@id":"https:\/\/inclusivenews.com.br\/#\/schema\/person\/ae4ec7087559b8692fb33b6fffd2273b","name":"inclusivenews2024","image":{"@type":"ImageObject","inLanguage":"pt-PT","@id":"https:\/\/secure.gravatar.com\/avatar\/c5a7ef84c66fa914f55bc4f7ce26cfa275a3b9a1c5568b907bd184fb4dde7b40?s=96&d=mm&r=g","url":"https:\/\/secure.gravatar.com\/avatar\/c5a7ef84c66fa914f55bc4f7ce26cfa275a3b9a1c5568b907bd184fb4dde7b40?s=96&d=mm&r=g","contentUrl":"https:\/\/secure.gravatar.com\/avatar\/c5a7ef84c66fa914f55bc4f7ce26cfa275a3b9a1c5568b907bd184fb4dde7b40?s=96&d=mm&r=g","caption":"inclusivenews2024"},"sameAs":["https:\/\/inclusivenews.com.br"],"url":"https:\/\/inclusivenews.com.br\/?author=1"}]}},"_links":{"self":[{"href":"https:\/\/inclusivenews.com.br\/index.php?rest_route=\/wp\/v2\/posts\/33125","targetHints":{"allow":["GET"]}}],"collection":[{"href":"https:\/\/inclusivenews.com.br\/index.php?rest_route=\/wp\/v2\/posts"}],"about":[{"href":"https:\/\/inclusivenews.com.br\/index.php?rest_route=\/wp\/v2\/types\/post"}],"author":[{"embeddable":true,"href":"https:\/\/inclusivenews.com.br\/index.php?rest_route=\/wp\/v2\/users\/1"}],"replies":[{"embeddable":true,"href":"https:\/\/inclusivenews.com.br\/index.php?rest_route=%2Fwp%2Fv2%2Fcomments&post=33125"}],"version-history":[{"count":2,"href":"https:\/\/inclusivenews.com.br\/index.php?rest_route=\/wp\/v2\/posts\/33125\/revisions"}],"predecessor-version":[{"id":33131,"href":"https:\/\/inclusivenews.com.br\/index.php?rest_route=\/wp\/v2\/posts\/33125\/revisions\/33131"}],"wp:featuredmedia":[{"embeddable":true,"href":"https:\/\/inclusivenews.com.br\/index.php?rest_route=\/wp\/v2\/media\/33126"}],"wp:attachment":[{"href":"https:\/\/inclusivenews.com.br\/index.php?rest_route=%2Fwp%2Fv2%2Fmedia&parent=33125"}],"wp:term":[{"taxonomy":"category","embeddable":true,"href":"https:\/\/inclusivenews.com.br\/index.php?rest_route=%2Fwp%2Fv2%2Fcategories&post=33125"},{"taxonomy":"post_tag","embeddable":true,"href":"https:\/\/inclusivenews.com.br\/index.php?rest_route=%2Fwp%2Fv2%2Ftags&post=33125"}],"curies":[{"name":"wp","href":"https:\/\/api.w.org\/{rel}","templated":true}]}}