{"id":33132,"date":"2024-04-21T20:10:47","date_gmt":"2024-04-21T20:10:47","guid":{"rendered":"https:\/\/inclusivenews.com.br\/?p=33132"},"modified":"2024-04-22T13:24:47","modified_gmt":"2024-04-22T13:24:47","slug":"as-pessoas-com-deficiencia-na-constituicao-de-1988","status":"publish","type":"post","link":"https:\/\/inclusivenews.com.br\/?p=33132","title":{"rendered":"As pessoas com defici\u00eancia na Constitui\u00e7\u00e3o de 1988"},"content":{"rendered":"\n<p>Patricia Almeida<\/p>\n\n\n\n<p>O primeiro grande feito pol\u00edtico do movimento social organizado das pessoas com defici\u00eancia foi a mobiliza\u00e7\u00e3o para inser\u00e7\u00e3o das pessoas com defici\u00eancia no texto da Constitui\u00e7\u00e3o de 1988.<\/p>\n\n\n\n<figure class=\"wp-block-image size-large is-resized\"><img loading=\"lazy\" decoding=\"async\" width=\"1024\" height=\"594\" src=\"https:\/\/inclusivenews.com.br\/wp-content\/uploads\/2024\/04\/const-1024x594.png\" alt=\"print de tela do document\u00e1rio, onde aparece panfleto com desenho do s\u00edmbolo do cadeiramte e uma mulher na janela de Libras. T\u00edtulo - A Constitui\u00e7\u00e3o e os portadores de defici\u00eancia.\" class=\"wp-image-33136\" style=\"width:581px;height:auto\" srcset=\"https:\/\/inclusivenews.com.br\/wp-content\/uploads\/2024\/04\/const-1024x594.png 1024w, https:\/\/inclusivenews.com.br\/wp-content\/uploads\/2024\/04\/const-300x174.png 300w, https:\/\/inclusivenews.com.br\/wp-content\/uploads\/2024\/04\/const-768x446.png 768w, https:\/\/inclusivenews.com.br\/wp-content\/uploads\/2024\/04\/const-1536x891.png 1536w, https:\/\/inclusivenews.com.br\/wp-content\/uploads\/2024\/04\/const.png 1958w\" sizes=\"auto, (max-width: 1024px) 100vw, 1024px\" \/><\/figure>\n\n\n\n<p>&#8220;Os principais atores deste processo n\u00e3o est\u00e3o mais a\u00ed, o Paulo Roberto Guimar\u00e3es, que morava em Bras\u00edlia na \u00e9poca e o Messias Tavares, de Pernambuco, que tinha rela\u00e7\u00e3o direta com alguns parlamentares, incluindo o deputado Thales Ramalho, que era pessoa com defici\u00eancia. Eu fui a Bras\u00edlia em 1987, com minha filha, Mel, na \u00e9poca com 2 anos&#8221;, lembra a ex especialista s\u00eanior do UNICEF em crian\u00e7as com defici\u00eancia, Ros\u00e2ngela Berman-Bieler.<\/p>\n\n\n\n<p>&#8220;Paulo e Messias contam como foi no livro e document\u00e1rio da Hist\u00f3ria do Movimento Pol\u00edtico das Pessoas com Defici\u00eancia&#8221;, afirma Izabel Maior, ex-Secret\u00e1ria Nacional dos Direitos das Pessoas com Defici\u00eancia e organizadora da publica\u00e7\u00e3o.&nbsp;<\/p>\n\n\n\n<p>O livro revela que a articula\u00e7\u00e3o do movimento das pessoas com defici\u00eancia para participar da Assembleia Nacional Constituinte ocorreu de duas maneiras: <\/p>\n\n\n\n<ul class=\"wp-block-list\">\n<li>Ciclo de encontros \u201cA Constituinte e os Portadores de Defici\u00eancia\u201d, organizado pelo Minist\u00e9rio da Cultura em 11 capitais brasileiras pelo Minist\u00e9rio da Cultura entre 1986 e 1987.<\/li>\n<\/ul>\n\n\n\n<p>Participaram de todos os debates C\u00e2ndido Pinto de Melo, do MDPD; Luzimar Alvino Sombra, assessor jur\u00eddico do Centro Nacional de Educa\u00e7\u00e3o Especial<br>(Cenesp); e Paulo Roberto Guimar\u00e3es, coordenador do Programa de Cultura e Portadores de Defici\u00eancia do Minist\u00e9rio da Cultura. <\/p>\n\n\n\n<ul class=\"wp-block-list\">\n<li>3\u00b0 Reuni\u00e3o de Conselhos e Coordenadorias Estaduais e Municipais de Apoio \u00e0 Pessoa Deficiente, de 5 a 7 de dezembro de 1986 e que contou com representantes de coordenadorias e conselhos de todo o Brasil, al\u00e9m de entidades de e para pessoas com defici\u00eancia.<\/li>\n<\/ul>\n\n\n\n<p>Ap\u00f3s os encontros, era consenso no movimento a contrariedade em rela\u00e7\u00e3o \u00e0 ado\u00e7\u00e3o de um cap\u00edtulo espec\u00edfico para tratar das pessoas com defici\u00eancia na Constitui\u00e7\u00e3o. <\/p>\n\n\n\n<p>Mas as propostas do movimento das pessoas com defici\u00eancia n\u00e3o foram incorporadas ao texto da Constitui\u00e7\u00e3o da forma esperada, e o movimento preparou<br>a Emenda Popular n\u00b0 PE00086-5 que contou com 32.899 assinaturas, conseguindo que as pessoas com defici\u00eancia estivessem em v\u00e1rios cap\u00edtulos da carta magna.<\/p>\n\n\n\n<p>Messias Tavares, em sua entrevista ao livro, destacou quais os ganhos conquistados na Constitui\u00e7\u00e3o brasileira pelo Movimento das Pessoas com Defici\u00eancia: &#8220;Foi a inser\u00e7\u00e3o de um sem-n\u00famero de normas, artigos, reconhecendo os direitos, e a partir dali havia como fazer uma refer\u00eancia e dizer: \u201dNo artigo tal da Constitui\u00e7\u00e3o eu tenho direito a isso\u201d. Ent\u00e3o, quando se ia propor uma reivindica\u00e7\u00e3o para qualquer n\u00edvel de governo, havia um embasamento legal. Sem d\u00favida, esse foi o grande ganho, porque antes da Constituinte havia pouqu\u00edssimas normas legais espec\u00edficas para a pessoa com defici\u00eancia na pr\u00f3pria Constitui\u00e7\u00e3o.&#8221;<\/p>\n\n\n\n<p>Manuel Aguiar tinha a mesma opini\u00e3o: &#8220;Tivemos grandes conquistas. Foi a primeira vez que o segmento foi referenciado em v\u00e1rios cap\u00edtulos e artigos em uma Constitui\u00e7\u00e3o brasileira. Na Sa\u00fade, na Seguridade e na Assist\u00eancia Social, no Trabalho, na Acessibilidade, e n\u00e3o somente na Educa\u00e7\u00e3o. Tudo, para n\u00f3s, ca\u00eda onde? Na educa\u00e7\u00e3o! Tudo, cara.&#8221;&#8230; &#8220;Isso foi um marco, uma conquista de nossa Luta. Foi um divisor de \u00e1guas. Como lhe disse, passei a ser uma pessoa&#8221;. <\/p>\n\n\n\n<p>Alguns dos ativistas que participaram do processo: <\/p>\n\n\n\n<p>Ros\u00e2ngela Berman Bieler, Izabel Maior, Maria Paula Teperino, Maur\u00edcio Zeni, Lilia Pinto Martins, Chico Te\u00f3filo, Ethel Rosenfeld, Jos\u00e9 Carlos Morais, Ana Rita Paula, Lia Crespo, L\u00edgia Assump\u00e7\u00e3o Amaral, C\u00e2ndido Pinto, entre outros.<\/p>\n\n\n\n<p>Confira a \u00edntegra do cap\u00edtulo 4 do livro Hist\u00f3ria do Movimento Pol\u00edtico das Pessoas com Defici\u00eancia no Brasil. No final do livro est\u00e3o as entrevistas com ativistas.<\/p>\n\n\n\n<p>O Movimento das Pessoas com Defici\u00eancia e a Assembleia Nacional Constituinte<\/p>\n\n\n\n<p>Cap\u00edtulo 4<\/p>\n\n\n\n<p><br>O Movimento das Pessoas com Defici\u00eancia e a Assembleia Nacional Constituinte<br>A Assembleia Nacional Constituinte (ANC) foi um importante acontecimento<br>para o movimento das pessoas com defici\u00eancia, em decorr\u00eancia da como\u00e7\u00e3o e da<br>mobiliza\u00e7\u00e3o social diante da expectativa de uma nova Constitui\u00e7\u00e3o. A hist\u00f3ria da<br>Rep\u00fablica brasileira foi marcada por dificuldades para implementar a democracia.<br>A Rep\u00fablica oscilou entre per\u00edodos liberais na Primeira Rep\u00fablica (1889-1930) com<br>inst\u00e1vel experi\u00eancia democr\u00e1tica (1945-1964) e per\u00edodos de regimes de exce\u00e7\u00e3o,<br>durante as ditaduras de Get\u00falio Vargas (1930-1945) e a ditadura militar (1964-<br>1985). Ap\u00f3s o fim da ditadura militar, criou-se uma grande expectativa no Brasil<br>para a consolida\u00e7\u00e3o de um sistema democr\u00e1tico de governo efetivo e duradouro,<br>e, para isso, iniciou-se o processo de elabora\u00e7\u00e3o de uma nova Constitui\u00e7\u00e3o. Todas<br>as esperan\u00e7as dos brasileiros e das brasileiras que sofreram por 21 anos a<br>repress\u00e3o do Estado comandado pelos militares foram depositadas na nova Carta<br>Magna. O movimento das pessoas com defici\u00eancia tamb\u00e9m participou desse<br>processo, na busca pela inser\u00e7\u00e3o de suas demandas no texto constitucional.<br>A Emenda Constitucional n\u00b0 26, de 27 de novembro de 1985, atribuiu<br>poderes constituintes aos membros da C\u00e2mara dos Deputados e do Senado<br>Federal e determinou sua reuni\u00e3o, unicameralmente, em Assembleia Nacional<br>Constituinte (ANC), a partir de 1\u00b0 de fevereiro de 1987. Um anteprojeto de<br>Constitui\u00e7\u00e3o foi elaborado pela Comiss\u00e3o Provis\u00f3ria de Estudos Constitucionais,<br>criada pelo Poder Executivo em 1986 e que ficou conhecida como \u201cComiss\u00e3o<br>Afonso Arinos\u201d, por ser dirigida pelo jurista e ex-deputado federal Afonso Arinos<br>de Melo Franco.<br>O texto constitucional foi constru\u00eddo com base nos trabalhos de 24<br>subcomiss\u00f5es que compunham nove comiss\u00f5es tem\u00e1ticas. O Regimento Interno da<br>ANC determinou, dentre outras medidas, o recebimento de sugest\u00f5es de \u00f3rg\u00e3os<br>legislativos subnacionais, de entidades associativas e de tribunais, al\u00e9m de<br>parlamentares; a realiza\u00e7\u00e3o de audi\u00eancias p\u00fablicas pelas subcomiss\u00f5es para ouvir<br>a sociedade; a aprecia\u00e7\u00e3o de emendas populares respaldadas em pelo menos 30<br>mil assinaturas; e a obrigatoriedade do voto nominal nas mat\u00e9rias<br>constitucionais.<br>Os trabalhos das comiss\u00f5es foram intensos e, entre os dias 7 de abril e 25 de<br>maio de 1987, ocorreram mais de 200 audi\u00eancias p\u00fablicas realizadas com as<br>subcomiss\u00f5es. Tanto os resultados das discuss\u00f5es nas subcomiss\u00f5es quanto as<br>65<br>emendas populares foram encaminhados \u00e0 Comiss\u00e3o de Sistematiza\u00e7\u00e3o. Em 24 de<br>novembro, o Projeto aprovado pela Comiss\u00e3o de Sistematiza\u00e7\u00e3o foi entregue ao<br>presidente da ANC. Entre fevereiro e setembro de 1988, o projeto foi discutido,<br>quando representantes das entidades da sociedade civil defenderam as emendas<br>populares. O plen\u00e1rio aprovou a reda\u00e7\u00e3o final do texto em 22 de setembro e,<br>finalmente, em 5 de outubro, foi promulgada a atual Constitui\u00e7\u00e3o da Rep\u00fablica<br>Federativa do Brasil, que, pela abertura dada \u00e0 participa\u00e7\u00e3o popular no processo<br>de sua elabora\u00e7\u00e3o \u2013 algo in\u00e9dito no hist\u00f3rico constitucional do pa\u00eds \u2013, recebeu a<br>adjetiva\u00e7\u00e3o de \u201cConstitui\u00e7\u00e3o Cidad\u00e3\u201d.<br>At\u00e9 esse momento da hist\u00f3ria, em termos constitucionais, a \u00fanica<br>refer\u00eancia aos direitos das pessoas com defici\u00eancia era a Emenda n\u00b0 12, de 1978,<br>conhecida como \u201cEmenda Thales Ramalho\u201d, que no seu artigo \u00fanico define:. \u201c\u00c9<br>assegurado aos deficientes a melhoria de sua condi\u00e7\u00e3o social e econ\u00f4mica<br>especialmente mediante: I. educa\u00e7\u00e3o especial e gratuita; II. assist\u00eancia,<br>reabilita\u00e7\u00e3o e reinser\u00e7\u00e3o na vida econ\u00f4mica e social do pa\u00eds; III. proibi\u00e7\u00e3o de<br>discrimina\u00e7\u00e3o, inclusive quanto a admiss\u00e3o ao trabalho ou ao servi\u00e7o p\u00fablico e a<br>sal\u00e1rios; IV. possibilidade de acesso a edif\u00edcios e logradouros p\u00fablicos.\u201d<br>Segundo Messias Tavares, militante da FCD e coordenador da Onedef na<br>\u00e9poca da Constituinte, esta emenda foi gestada em Pernambuco, em discuss\u00f5es<br>entre a Associa\u00e7\u00e3o de Deficientes Motores de Pernambuco (ADM), a Fraternidade<br>Crist\u00e3 de Doentes e Deficientes (FCD) e o deputado Thales Ramalho, que possu\u00eda<br>uma defici\u00eancia f\u00edsica por sequela de um acidente vascular cerebral.<br>As pessoas com defici\u00eancia participaram ativamente das discuss\u00f5es da ANC.<br>Assuntos relacionados a esse grupo foram tratados na Subcomiss\u00e3o dos Negros,<br>Popula\u00e7\u00f5es Ind\u00edgenas, Pessoas Deficientes e Minorias, subordinada \u00e0 Comiss\u00e3o<br>Tem\u00e1tica da Ordem Social, que realizou oito audi\u00eancias p\u00fablicas, sendo tr\u00eas<br>destinadas a discutir quest\u00f5es atinentes \u00e0s pessoas com defici\u00eancia: a audi\u00eancia do<br>dia 27 de abril, \u201cDeficientes Mentais; Alco\u00f3latras; Deficientes Auditivos\u201d; a do dia<br>30 de abril, \u201cDeficientes F\u00edsicos; Ostomizados; Hansenianos; Talass\u00eamicos\u201d e a do<br>dia 4 de maio, \u201cDeficientes Visuais; Hemof\u00edlicos; Negros\u201d.<br>A articula\u00e7\u00e3o do movimento das pessoas com defici\u00eancia para participar da<br>ANC ocorreu de duas maneiras: em 1986, por meio do ciclo de encontros \u201cA<br>Constituinte e os Portadores de Defici\u00eancia\u201d, realizado em v\u00e1rias capitais<br>brasileiras pelo Minist\u00e9rio da Cultura entre 1986 e 1987.<br>Os debates no \u00e2mbito nacional sobre a nova Constitui\u00e7\u00e3o tiveram in\u00edcio j\u00e1<br>em 1986, mesmo antes da instala\u00e7\u00e3o da ANC. Um importante fator que fomentou<br>essas discuss\u00f5es foi a presen\u00e7a de Paulo Roberto Guimar\u00e3es, militante do<br>movimento das pessoas com defici\u00eancia desde o final da d\u00e9cada de 1970 e<br>membro da Comiss\u00e3o Organizadora do 1\u00b0 Encontro Nacional de Entidades de<br>Pessoas Deficientes, realizado em 1980, no Minist\u00e9rio da Cultura. Em 1986, Paulo<br>Roberto era respons\u00e1vel pelo \u201cPrograma de Cultura e Portadores de Defici\u00eancia\u201d<br>66<br>e organizou um ciclo de encontros, durante o segundo semestre de 1986, em 11<br>capitais brasileiras. Paulo Roberto Guimar\u00e3es foi o cidad\u00e3o \u201cn\u00e3o parlamentar\u201d<br>que mais pronunciamentos fez durante as audi\u00eancias p\u00fablicas na Assembleia<br>Nacional Constituinte.<br>Durante a \u00faltima audi\u00eancia da Comiss\u00e3o da Soberania e dos Direitos e<br>Garantias do Homem e da Mulher, Paulo Roberto falou logo depois do ex-<br>governador Leonel Brizola.<br>\u201c\u00c9 com muita alegria e admira\u00e7\u00e3o rara que vejo que Vossa Excel\u00eancia<br>tamb\u00e9m se preocupar com os n\u00e3o indiv\u00edduos, os exilados, os velhos. Sua<br>Excel\u00eancia tamb\u00e9m se preocupa com os n\u00e3o-indiv\u00edduos, os exilados<br>internos, os ap\u00e1tridas. Vossa Excel\u00eancia n\u00e3o \u00e9 mais um exilado, mas muitos<br>ainda o s\u00e3o. Os negros e os velhos s\u00e3o exilados neste pa\u00eds. N\u00f3s mesmos<br>somos exilados dos banheiros, das escolas das institui\u00e7\u00f5es, dos pal\u00e1cios, da<br>nossa pr\u00f3pria casa. Somos exilados internos deste pa\u00eds, e o Sr. Governador<br>percebeu isso. Alias, ele \u00e9 positivamente esperto por que percebe a<br>realidade, justamente porque viveu a l\u00f3gica dos que perderam a cidadania.<br>Somos os sem sujeito, hist\u00f3rica, pol\u00edtica e culturalmente deserdados, e<br>vamos, com certeza, herdar cultura. (\u2026) A soberania de uma na\u00e7\u00e3o reside<br>no fato de ela poder respeitar todos seus integrantes. A\u00ed sim, ela ser\u00e1<br>forte. Como pode haver uma na\u00e7\u00e3o forte se seus indiv\u00edduos s\u00e3o mutilados<br>em progress\u00e3o geom\u00e9trica, enquanto o assistencialismo e o paternalismo<br>auxiliam em progress\u00e3o aritm\u00e9tica?\u201d<br>Na mesma ocasi\u00e3o, Paulo Roberto concluiu:<br>\u201cSenhor Governador, estou encantado com as suas palavras. E acho que as<br>autoridades brasileiras precisam parar de falar que os nossos problemas s\u00e3o<br>de sa\u00fade, de educa\u00e7\u00e3o e, quando muito, de transporte. Na verdade, o nosso<br>grande problema \u00e9 de direito, de cidadania, de exist\u00eancia. Estamos sendo<br>massacrados, quem n\u00e3o sabe disso? Os pobres est\u00e3o sendo massacrados.<br>Desprezam e massacram toda a forma de pobreza, a defici\u00eancia, a velhice,<br>o fato de ser menor e n\u00e3o ser crian\u00e7a. Este pa\u00eds est\u00e1 sendo massacrado,<br>completamente massacrado.\u201d<br>Paulo Roberto publicou, em 1990, o livro \u201cCultura, Diferen\u00e7a e<br>Defici\u00eancia\u201d, colet\u00e2nea de artigos e pronunciamentos.<br>Ele recorda que naquela \u00e9poca n\u00e3o existia CORDE ou qualquer outro \u00f3rg\u00e3o<br>gestor da pol\u00edtica da pessoa com defici\u00eancia. \u201cDurante a Constituinte, n\u00e3o existia<br>nada; t\u00ednhamos que come\u00e7ar do zero. Nessa \u00e9poca, quem elaborava a pol\u00edtica do<br>governo para pessoas com defici\u00eancia era o Minist\u00e9rio da Educa\u00e7\u00e3o e o da<br>Cultura\u201d. Ainda segundo Paulo Roberto, o trabalho da Educa\u00e7\u00e3o ainda era muito<br>voltado \u00e0s associa\u00e7\u00f5es filantr\u00f3picas e assistenciais. \u201cA primeira vez que se teve<br>67<br>um trabalho do ponto de vista da garantia dos direitos das pessoas com<br>defici\u00eancia foi via Minist\u00e9rio da Cultura\u201d.<br>O ciclo promoveu encontros em S\u00e3o Paulo \u2013 em duas ocasi\u00f5es \u2013, Rio de<br>Janeiro, Bras\u00edlia, Belo Horizonte, Porto Alegre, Salvador, Recife, Florian\u00f3polis,<br>Bel\u00e9m, Curitiba e Goi\u00e2nia.<br>Participaram de todos os debates C\u00e2ndido Pinto de Melo, do MDPD; Luzimar<br>Alvino Sombra, assessor jur\u00eddico do Centro Nacional de Educa\u00e7\u00e3o Especial<br>(Cenesp); e Paulo Roberto Guimar\u00e3es, coordenador do Programa de Cultura e<br>Portadores de Defici\u00eancia do Minist\u00e9rio da Cultura. O objetivo com o ciclo de<br>encontros era estimular o debate e articular as pessoas com defici\u00eancia para<br>reivindicarem direitos e garanti-los no texto constitucional. Ap\u00f3s o t\u00e9rmino dos<br>encontros, o Minist\u00e9rio da Cultura continuou a auxiliar o movimento das pessoas<br>com defici\u00eancia assessorando e patrocinando viagens a Bras\u00edlia de alguns l\u00edderes<br>para negocia\u00e7\u00f5es com parlamentares constituintes.<br>Uma das principais reivindica\u00e7\u00f5es das pessoas com defici\u00eancia discutida nos<br>encontros era que o texto constitucional n\u00e3o consolidasse a tutela, e, sim, a<br>autonomia. Nesse sentido, os argumentos do movimento n\u00e3o eram consent\u00e2neos<br>ao anteprojeto de Constitui\u00e7\u00e3o, elaborado pela Comiss\u00e3o Provis\u00f3ria de Estudos<br>Constitucionais, que tinha um cap\u00edtulo intitulado \u201cTutelas Especiais\u201d, espec\u00edfico<br>para as pessoas com defici\u00eancia e com necessidades de tutelas especiais. O<br>movimento n\u00e3o queria as tutelas especiais, mas, sim, direitos iguais garantidos<br>juntamente com os de todas as pessoas. A separa\u00e7\u00e3o, na vis\u00e3o do movimento, era<br>discriminat\u00f3ria. Desde o in\u00edcio da d\u00e9cada de 1980, a principal demanda do<br>movimento era a igualdade de direitos, e, nesse sentido, reivindicavam que os<br>dispositivos constitucionais voltados para as pessoas com defici\u00eancia deveriam<br>integrar os cap\u00edtulos dirigidos a todos os cidad\u00e3os.1 O movimento vislumbrava,<br>portanto, que o tema defici\u00eancia fosse transversal no texto constitucional.<br>A segunda etapa de discuss\u00f5es do movimento ocorreu entre o final de 1986<br>e 1987, nos encontros de conselhos, assessorias e coordenadorias de pessoas com<br>defici\u00eancia de todo o Brasil. Durante a 3\u00b0 Reuni\u00e3o de Conselhos e<br>Coordenadorias Estaduais e Municipais de Apoio \u00e0 Pessoa Deficiente \u2013 realizada<br>em Belo Horizonte, de 5 a 7 de dezembro de 1986 e que contou com<br>representantes de coordenadorias e conselhos de todo o Brasil, al\u00e9m de<br>entidades de e para pessoas com defici\u00eancia \u2013, o movimento aprovou uma<br>proposta a ser levada \u00e0 Assembleia Nacional Constituinte. No documento que<br>sintetizava as propostas (QUADRO 4) para a Constitui\u00e7\u00e3o, a preocupa\u00e7\u00e3o em n\u00e3o<br>se criar um cap\u00edtulo espec\u00edfico para as pessoas com defici\u00eancia ganhou destaque,<br>conforme relatado em um jornal do movimento:<br>1 A CONSTITUINTE que\u2026, 1986.<br>68<br>A alternativa de incluir na Constitui\u00e7\u00e3o um texto, \u00e0 parte, abordando,<br>simultaneamente, os direitos fundamentais das pessoas portadoras de<br>defici\u00eancia, \u00e9 admiss\u00edvel, mas, com muita probabilidade, refor\u00e7adora da<br>segrega\u00e7\u00e3o e do estigma. A distribui\u00e7\u00e3o da mat\u00e9ria pelos temas b\u00e1sicos da<br>Carta Magna contribui para o reconhecimento de que as pessoas portadoras<br>de defici\u00eancia mere\u00e7am ter seus direitos assegurados nos lugares pr\u00f3prios,<br>onde s\u00e3o disciplinados os direitos de todos os cidad\u00e3os.2<br>Era, portanto, consenso no movimento a contrariedade em rela\u00e7\u00e3o \u00e0 ado\u00e7\u00e3o<br>de um cap\u00edtulo espec\u00edfico para tratar das pessoas com defici\u00eancia na Constitui\u00e7\u00e3o. O<br>documento que consolidou as discuss\u00f5es organizadas pelo Minist\u00e9rio da Cultura e<br>dos encontros de conselhos, assessorias e coordenadorias resultou nas propostas<br>aprovadas na 3\u00b0 Reuni\u00e3o de Conselhos e Coordenadorias. Esse documento foi a base<br>do texto entregue ao presidente da subcomiss\u00e3o das minorias, deputado Ivo Lech.<br>Ap\u00f3s a fase de sistematiza\u00e7\u00e3o do texto da Constitui\u00e7\u00e3o a ser votado em<br>plen\u00e1rio, as propostas do movimento das pessoas com defici\u00eancia n\u00e3o foram<br>incorporadas da forma esperada. Em decorr\u00eancia disso, o movimento preparou<br>um projeto de Emenda Popular e iniciou campanhas em todo o Brasil para<br>recolher as 30 mil assinaturas necess\u00e1rias para submet\u00ea-lo \u00e0 ANC.<br>A Emenda Popular n\u00b0 PE00086-5 foi submetida \u00e0 ANC sob a responsabilidade<br>de tr\u00eas organiza\u00e7\u00f5es do movimento das pessoas com defici\u00eancia, a Onedef, o<br>Movimento de Defesa das Pessoas Portadoras de Defici\u00eancia (MDPD) e a<br>Associa\u00e7\u00e3o Nacional dos Ostomizados, e contou com 32.899 assinaturas. A<br>proposta continha 14 artigos sugerindo altera\u00e7\u00f5es no projeto da Constitui\u00e7\u00e3o,<br>onde coubessem temas como igualdade de direitos, discrimina\u00e7\u00e3o,<br>acessibilidade, trabalho, preven\u00e7\u00e3o de defici\u00eancias, habilita\u00e7\u00e3o e reabilita\u00e7\u00e3o,<br>direito \u00e0 informa\u00e7\u00e3o, educa\u00e7\u00e3o b\u00e1sica e profissionalizante.<br>Messias Tavares de Souza, \u00e0 \u00e9poca coordenador da Onedef, foi o escolhido<br>pelo movimento para defender a Emenda Popular na Assembleia Nacional<br>Constituinte. Em discurso pronunciado no plen\u00e1rio, afirmou que v\u00e1rias das<br>propostas das pessoas com defici\u00eancia n\u00e3o estavam sendo contempladas no<br>texto constitucional. Messias Tavares exp\u00f4s um hist\u00f3rico das lutas das pessoas<br>com defici\u00eancia por autonomia, destacou as diferen\u00e7as entre as organiza\u00e7\u00f5es<br>de e para pessoas com defici\u00eancia e criticou o relat\u00f3rio da Subcomiss\u00e3o dos<br>Negros, Popula\u00e7\u00f5es Ind\u00edgenas, Pessoas Deficientes e Minorias, no qual as<br>propostas do movimento das pessoas com defici\u00eancia perdiam espa\u00e7o para as<br>das entidades assistencialistas:<br>2 O QUE foi \u2026, 1987.<br>69<br>A organiza\u00e7\u00e3o de entidade de cunho assistencial e paternalista, no Brasil,<br>come\u00e7ou h\u00e1 mais de trinta anos. Cabe a ela, historicamente e ainda hoje,<br>desafogar a consci\u00eancia pesada, coletiva, do sistema \u201efeudal\u201f e capitalista<br>emergente, provocada pela mis\u00e9ria progressiva e a crescente perda do valor<br>do ser humano, em prol do culto \u00e0 m\u00e1quina, ao capital.<br>No decorrer dos anos 50 e 60, a mis\u00e9ria causada pela pobreza e<br>defici\u00eancias, se organiza nos grandes centros. A esmola disfar\u00e7ada ou o<br>subemprego, como a venda organizada de balas, v\u00eam criar as pequenas<br>iniciativas de organiza\u00e7\u00e3o, sem liberdade ou usando a explora\u00e7\u00e3o, o que<br>perdura at\u00e9 hoje.<br>Na d\u00e9cada de 70, os portadores de defici\u00eancia, bem como os negros, as<br>mulheres e outros grupos da sociedade civil, resolvem se organizar, por<br>uma quest\u00e3o de sobreviv\u00eancia. O abandono e a atomiza\u00e7\u00e3o, pelas quais<br>passam as minorias, chegam a um grau insuport\u00e1vel. Surgem, ent\u00e3o, pelos<br>recantos mais politizados do Pa\u00eds, associa\u00e7\u00f5es que, ainda usando o lazer<br>como pretexto, promove a conscientiza\u00e7\u00e3o, comandadas por l\u00edderes<br>eventuais e raros. Implantam-se ent\u00e3o as discuss\u00f5es regionais, sem que<br>cada uma saiba da exist\u00eancia das outras.<br>De 1979 at\u00e9 nossos dias, formam-se as organiza\u00e7\u00f5es nacionais de cegos,<br>hansenianos, portadores de defici\u00eancias f\u00edsicas, surdos, ostomizados,<br>talass\u00eamicos, diab\u00e9ticos, renais cr\u00f4nicos, paralisados cerebrais, entre<br>outros, sem que haja uma representa\u00e7\u00e3o geral destes segmentos, como<br>resposta a uma necessidade, que j\u00e1 se faz sentir.<br>[\u2026].<br>O relat\u00f3rio inicial da Subcomiss\u00e3o tinha o tom do relat\u00f3rio da Federa\u00e7\u00e3o<br>Nacional das APAEs. Estava em jogo a vit\u00f3ria do passado assistencialista e<br>paternalista e o presente de luta por direitos burgueses, m\u00ednimos e<br>necess\u00e1rios \u00e0 cidadania, \u00e0 possibilidade de sermos sujeitos al\u00e9m de objetos<br>das pol\u00edticas da sociedade e do governo.<br>O que Messias Tavares defendia, na ocasi\u00e3o do discurso, era que o texto<br>constitucional garantisse \u00e0s pessoas com defici\u00eancia a possibilidade de uma vida<br>aut\u00f4noma e de exerc\u00edcio pleno da cidadania. Voltava-se, dessa forma, \u00e0s<br>principais bandeiras de luta do movimento desde o in\u00edcio de sua organiza\u00e7\u00e3o: a<br>autonomia e o protagonismo.<br>Na emenda popular sugeriu-se, por exemplo, para o cap\u00edtulo \u201cDos Direitos<br>Individuais\u201d, a seguinte reda\u00e7\u00e3o: \u201cArt. [\u2026] Todos s\u00e3o iguais perante a lei, sem<br>distin\u00e7\u00e3o de sexo, ra\u00e7a, trabalho, credo religioso e convic\u00e7\u00f5es pol\u00edticas ou por<br>ser portador de defici\u00eancia de qualquer ordem.\u201d A inten\u00e7\u00e3o era inserir a<br>expl\u00edcita igualdade de direitos para as pessoas com defici\u00eancia. Na reda\u00e7\u00e3o final<br>da Constitui\u00e7\u00e3o determinou-se: \u201cTodos s\u00e3o iguais perante a lei, sem distin\u00e7\u00e3o de<br>qualquer natureza\u201d, sem especific\u00e1-las.<br>Na emenda popular tamb\u00e9m se propunha transformar a \u201caposentadoria por<br>invalidez\u201d em \u201cseguro-reabilita\u00e7\u00e3o\u201d. O objetivo era permitir que a pessoa com<br>70<br>defici\u00eancia trabalhasse em uma fun\u00e7\u00e3o diferente ap\u00f3s a reabilita\u00e7\u00e3o, mas, quando<br>em situa\u00e7\u00e3o de desemprego, contaria com o seguro, que subsidiaria o per\u00edodo de<br>recoloca\u00e7\u00e3o profissional. Essa foi uma das propostas que n\u00e3o foi incorporada \u00e0<br>Constitui\u00e7\u00e3o promulgada em 1988. Proposta diferenciada substituiu esse artigo e<br>foi encaminhada por outra Emenda Popular, n\u00b0 PE00077-6, de autoria da<br>Associa\u00e7\u00e3o Canoense de Deficientes F\u00edsicos, da Escola Especial de Canoas e da Liga<br>Feminina de Combate ao C\u00e2ncer, e que previa o pagamento de um sal\u00e1rio m\u00ednimo<br>mensal \u00e0s pessoas com defici\u00eancia que n\u00e3o tivessem meios de se manter. Essa<br>proposta gerou o Benef\u00edcio da Presta\u00e7\u00e3o Continuada (BPC).<br>Para parte do movimento das pessoas com defici\u00eancia, a proposta do BPC<br>representa uma tutela que afronta os paradigmas que estimularam o surgimento<br>de organiza\u00e7\u00f5es de pessoas com defici\u00eancia, ocorrido desde o final da d\u00e9cada de<br><\/p>\n\n\n\n<p>O principal argumento dos que s\u00e3o contr\u00e1rios ao BPC \u00e9 que ele estimula a<br>tutela ao inv\u00e9s de proporcionar \u00e0s pessoas com defici\u00eancia mecanismos de<br>conquista da autonomia. Teresa Costa d\u201fAmaral, \u00e0 \u00e9poca coordenadora da<br>Coordenadoria Nacional para a Integra\u00e7\u00e3o da Pessoa Portadora de Defici\u00eancia<br>(CORDE), explica que a proposi\u00e7\u00e3o do BPC partiu de uma iniciativa individual:<br>Por exemplo, tem um fato interessante da Constituinte: h\u00e1 um artigo que<br>cria o Benef\u00edcio da Presta\u00e7\u00e3o Continuada. E, em rela\u00e7\u00e3o \u00e0 cria\u00e7\u00e3o desse<br>benef\u00edcio, o movimento era contra, eu fui contra. Mas uma senhora, m\u00e3e<br>de um deficiente do Rio Grande do Sul, resolveu que ela ia fazer passar um<br>benef\u00edcio para o filho dela que era deficiente intelectual e para os outros<br>deficientes. Conseguiu o n\u00famero de assinaturas que eram necess\u00e1rias para<br>uma Emenda Popular e conseguiu incluir sua proposta. (Teresa Costa<br>d\u201fAmaral. Depoimento oral, 28 de abril de 2009)<br>O movimento das pessoas com defici\u00eancia articulou-se de forma efetiva em<br>torno do objetivo de incorporar suas demandas no texto constitucional. Mesmo<br>quando, ainda durante a fase de sistematiza\u00e7\u00e3o, tais demandas n\u00e3o foram<br>incorporadas ao projeto do texto constitucional, o movimento mostrou for\u00e7a e<br>se rearticulou rapidamente na elabora\u00e7\u00e3o da emenda popular. O principal \u00eaxito<br>dessa luta foi o fato de o movimento ter conseguido superar a l\u00f3gica da<br>segrega\u00e7\u00e3o presente na proposta do cap\u00edtulo \u201cTutelas Especiais\u201d e incorporar,<br>mais do que direitos ao longo de todo o texto constitucional, ao menos pelo vi\u00e9s<br>legal, o princ\u00edpio da inclus\u00e3o das pessoas com defici\u00eancia na sociedade.<br>As impress\u00f5es do movimento sobre as conquistas na Constitui\u00e7\u00e3o de 1988<br>podem ser percebidas nos depoimentos de Ros\u00e2ngela Berman Bieler e Romeu<br>Kazumi Sassaki:<br>A gente conseguiu, na reforma constitucional, distribuir o tema da<br>defici\u00eancia em todos os artigos constitucionais, o que j\u00e1 \u00e9 vanguarda. [\u2026]<br>Quando voc\u00ea pega um texto constitucional, h\u00e1 duas op\u00e7\u00f5es estrat\u00e9gicas: ou<br>se cria um bloco inteiro sobre defici\u00eancia [\u2026], pega tudo e joga ali naquela<\/p>\n\n\n\n<p>caixinha, que n\u00e3o s\u00f3 \u00e9 mais f\u00e1cil de botar como \u00e9 f\u00e1cil de tirar; ou se<\/p>\n\n\n\n<p>integra o tema em todo o corpo constitucional, nos t\u00f3picos do direito do<\/p>\n\n\n\n<p>cidad\u00e3o, do direito \u00e0 sa\u00fade, do direito \u00e0 educa\u00e7\u00e3o. (Ros\u00e2ngela Berman<\/p>\n\n\n\n<p>Bieler. Depoimento oral, 2 de fevereiro de 2009)<\/p>\n\n\n\n<p>Em 1986, j\u00e1 estava pronto o anteprojeto da Constitui\u00e7\u00e3o. Se voc\u00ea comparar o<\/p>\n\n\n\n<p>anteprojeto com a Constitui\u00e7\u00e3o de 1988, vai ver a grande diferen\u00e7a, o<\/p>\n\n\n\n<p>quanto n\u00f3s conseguimos interferir. O anteprojeto era muito fraco, com<\/p>\n\n\n\n<p>aquela vis\u00e3o antiga, paternalista, sobre pessoas com defici\u00eancia. Ali<\/p>\n\n\n\n<p>realmente n\u00f3s crescemos. (Romeu Kazumi Sassaki. Depoimento oral, 5 de<\/p>\n\n\n\n<p>fevereiro de 2009)<\/p>\n\n\n\n<p>O esfor\u00e7o de unifica\u00e7\u00e3o nacional das pessoas com defici\u00eancia, durante a<\/p>\n\n\n\n<p>d\u00e9cada de 1980, passou por rearranjos pol\u00edticos importantes que resultaram na<\/p>\n\n\n\n<p>organiza\u00e7\u00e3o do movimento por grupos com a mesma manifesta\u00e7\u00e3o da defici\u00eancia.<\/p>\n\n\n\n<p>Esse rearranjo foi visto por muitos militantes da \u00e9poca como insucesso na tentativa<\/p>\n\n\n\n<p>de criar uma grande organiza\u00e7\u00e3o nacional, unificada em torno da Coaliz\u00e3o. No<\/p>\n\n\n\n<p>entanto, a experi\u00eancia de articula\u00e7\u00e3o do movimento adquirida no in\u00edcio da d\u00e9cada<\/p>\n\n\n\n<p>de 1980 foi bastante prof\u00edcua para que, independentemente do tipo de<\/p>\n\n\n\n<p>defici\u00eancia, se conseguisse incorporar os princ\u00edpios de igualdade na Constitui\u00e7\u00e3o<\/p>\n\n\n\n<p>de 1988.<\/p>\n\n\n\n<p>Fonte: <a href=\"https:\/\/www.inclusivenews.com.br\/wp-content\/uploads\/2010\/12\/Movimento1.pdf\" target=\"_blank\" rel=\"noreferrer noopener\">https:\/\/www.inclusivenews.com.br\/wp-content\/uploads\/2010\/12\/Movimento1.pdf<\/a><\/p>\n\n\n\n<p>Document\u00e1rio: <a href=\"https:\/\/youtu.be\/uSZsJs3TN70?si=nYl4cDD0BOjXbAQS\" target=\"_blank\" rel=\"noreferrer noopener\">https:\/\/youtu.be\/uSZsJs3TN70?si=nYl4cDD0BOjXbAQS<\/a><\/p>\n","protected":false},"excerpt":{"rendered":"<p>Patricia Almeida O primeiro grande feito pol\u00edtico do movimento social organizado das pessoas com defici\u00eancia foi a mobiliza\u00e7\u00e3o para inser\u00e7\u00e3o das pessoas com defici\u00eancia no texto da Constitui\u00e7\u00e3o de 1988. &#8220;Os principais atores deste processo n\u00e3o est\u00e3o mais a\u00ed, o Paulo Roberto Guimar\u00e3es, que morava em Bras\u00edlia na \u00e9poca e o Messias Tavares, de Pernambuco, [&hellip;]<\/p>\n","protected":false},"author":1,"featured_media":33136,"comment_status":"open","ping_status":"open","sticky":false,"template":"","format":"standard","meta":{"site-container-style":"default","site-container-layout":"default","site-sidebar-layout":"default","disable-article-header":"default","disable-site-header":"default","disable-site-footer":"default","disable-content-area-spacing":"default","footnotes":""},"categories":[1],"tags":[],"class_list":["post-33132","post","type-post","status-publish","format-standard","has-post-thumbnail","hentry","category-blog"],"yoast_head":"<!-- This site is optimized with the Yoast SEO plugin v27.4 - https:\/\/yoast.com\/product\/yoast-seo-wordpress\/ -->\n<title>As pessoas com defici\u00eancia na Constitui\u00e7\u00e3o de 1988 -<\/title>\n<meta name=\"robots\" content=\"index, follow, max-snippet:-1, max-image-preview:large, max-video-preview:-1\" \/>\n<link rel=\"canonical\" href=\"https:\/\/inclusivenews.com.br\/?p=33132\" \/>\n<meta property=\"og:locale\" content=\"pt_PT\" \/>\n<meta property=\"og:type\" content=\"article\" \/>\n<meta property=\"og:title\" content=\"As pessoas com defici\u00eancia na Constitui\u00e7\u00e3o de 1988 -\" \/>\n<meta property=\"og:description\" content=\"Patricia Almeida O primeiro grande feito pol\u00edtico do movimento social organizado das pessoas com defici\u00eancia foi a mobiliza\u00e7\u00e3o para inser\u00e7\u00e3o das pessoas com defici\u00eancia no texto da Constitui\u00e7\u00e3o de 1988. &#8220;Os principais atores deste processo n\u00e3o est\u00e3o mais a\u00ed, o Paulo Roberto Guimar\u00e3es, que morava em Bras\u00edlia na \u00e9poca e o Messias Tavares, de Pernambuco, [&hellip;]\" \/>\n<meta property=\"og:url\" content=\"https:\/\/inclusivenews.com.br\/?p=33132\" \/>\n<meta property=\"article:publisher\" content=\"https:\/\/www.facebook.com\/agenciainclusive\/\" \/>\n<meta property=\"article:published_time\" content=\"2024-04-21T20:10:47+00:00\" \/>\n<meta property=\"article:modified_time\" content=\"2024-04-22T13:24:47+00:00\" \/>\n<meta property=\"og:image\" content=\"https:\/\/inclusivenews.com.br\/wp-content\/uploads\/2024\/04\/const.png\" \/>\n\t<meta property=\"og:image:width\" content=\"1958\" \/>\n\t<meta property=\"og:image:height\" content=\"1136\" \/>\n\t<meta property=\"og:image:type\" content=\"image\/png\" \/>\n<meta name=\"author\" content=\"inclusivenews2024\" \/>\n<meta name=\"twitter:card\" content=\"summary_large_image\" \/>\n<meta name=\"twitter:label1\" content=\"Escrito por\" \/>\n\t<meta name=\"twitter:data1\" content=\"inclusivenews2024\" \/>\n\t<meta name=\"twitter:label2\" content=\"Tempo estimado de leitura\" \/>\n\t<meta name=\"twitter:data2\" content=\"21 minutos\" \/>\n<script type=\"application\/ld+json\" class=\"yoast-schema-graph\">{\"@context\":\"https:\\\/\\\/schema.org\",\"@graph\":[{\"@type\":\"Article\",\"@id\":\"https:\\\/\\\/inclusivenews.com.br\\\/?p=33132#article\",\"isPartOf\":{\"@id\":\"https:\\\/\\\/inclusivenews.com.br\\\/?p=33132\"},\"author\":{\"name\":\"inclusivenews2024\",\"@id\":\"https:\\\/\\\/inclusivenews.com.br\\\/#\\\/schema\\\/person\\\/ae4ec7087559b8692fb33b6fffd2273b\"},\"headline\":\"As pessoas com defici\u00eancia na Constitui\u00e7\u00e3o de 1988\",\"datePublished\":\"2024-04-21T20:10:47+00:00\",\"dateModified\":\"2024-04-22T13:24:47+00:00\",\"mainEntityOfPage\":{\"@id\":\"https:\\\/\\\/inclusivenews.com.br\\\/?p=33132\"},\"wordCount\":3997,\"commentCount\":0,\"publisher\":{\"@id\":\"https:\\\/\\\/inclusivenews.com.br\\\/#organization\"},\"image\":{\"@id\":\"https:\\\/\\\/inclusivenews.com.br\\\/?p=33132#primaryimage\"},\"thumbnailUrl\":\"https:\\\/\\\/inclusivenews.com.br\\\/wp-content\\\/uploads\\\/2024\\\/04\\\/const.png\",\"articleSection\":[\"Blog\"],\"inLanguage\":\"pt-PT\",\"potentialAction\":[{\"@type\":\"CommentAction\",\"name\":\"Comment\",\"target\":[\"https:\\\/\\\/inclusivenews.com.br\\\/?p=33132#respond\"]}]},{\"@type\":\"WebPage\",\"@id\":\"https:\\\/\\\/inclusivenews.com.br\\\/?p=33132\",\"url\":\"https:\\\/\\\/inclusivenews.com.br\\\/?p=33132\",\"name\":\"As pessoas com defici\u00eancia na Constitui\u00e7\u00e3o de 1988 -\",\"isPartOf\":{\"@id\":\"https:\\\/\\\/inclusivenews.com.br\\\/#website\"},\"primaryImageOfPage\":{\"@id\":\"https:\\\/\\\/inclusivenews.com.br\\\/?p=33132#primaryimage\"},\"image\":{\"@id\":\"https:\\\/\\\/inclusivenews.com.br\\\/?p=33132#primaryimage\"},\"thumbnailUrl\":\"https:\\\/\\\/inclusivenews.com.br\\\/wp-content\\\/uploads\\\/2024\\\/04\\\/const.png\",\"datePublished\":\"2024-04-21T20:10:47+00:00\",\"dateModified\":\"2024-04-22T13:24:47+00:00\",\"breadcrumb\":{\"@id\":\"https:\\\/\\\/inclusivenews.com.br\\\/?p=33132#breadcrumb\"},\"inLanguage\":\"pt-PT\",\"potentialAction\":[{\"@type\":\"ReadAction\",\"target\":[\"https:\\\/\\\/inclusivenews.com.br\\\/?p=33132\"]}]},{\"@type\":\"ImageObject\",\"inLanguage\":\"pt-PT\",\"@id\":\"https:\\\/\\\/inclusivenews.com.br\\\/?p=33132#primaryimage\",\"url\":\"https:\\\/\\\/inclusivenews.com.br\\\/wp-content\\\/uploads\\\/2024\\\/04\\\/const.png\",\"contentUrl\":\"https:\\\/\\\/inclusivenews.com.br\\\/wp-content\\\/uploads\\\/2024\\\/04\\\/const.png\",\"width\":1958,\"height\":1136},{\"@type\":\"BreadcrumbList\",\"@id\":\"https:\\\/\\\/inclusivenews.com.br\\\/?p=33132#breadcrumb\",\"itemListElement\":[{\"@type\":\"ListItem\",\"position\":1,\"name\":\"In\u00edcio\",\"item\":\"https:\\\/\\\/inclusivenews.com.br\\\/\"},{\"@type\":\"ListItem\",\"position\":2,\"name\":\"As pessoas com defici\u00eancia na Constitui\u00e7\u00e3o de 1988\"}]},{\"@type\":\"WebSite\",\"@id\":\"https:\\\/\\\/inclusivenews.com.br\\\/#website\",\"url\":\"https:\\\/\\\/inclusivenews.com.br\\\/\",\"name\":\"Inclusive News\",\"description\":\"Inclusive News\",\"publisher\":{\"@id\":\"https:\\\/\\\/inclusivenews.com.br\\\/#organization\"},\"potentialAction\":[{\"@type\":\"SearchAction\",\"target\":{\"@type\":\"EntryPoint\",\"urlTemplate\":\"https:\\\/\\\/inclusivenews.com.br\\\/?s={search_term_string}\"},\"query-input\":{\"@type\":\"PropertyValueSpecification\",\"valueRequired\":true,\"valueName\":\"search_term_string\"}}],\"inLanguage\":\"pt-PT\"},{\"@type\":\"Organization\",\"@id\":\"https:\\\/\\\/inclusivenews.com.br\\\/#organization\",\"name\":\"Inclusive - inclus\u00e3o e cidadania\",\"url\":\"https:\\\/\\\/inclusivenews.com.br\\\/\",\"logo\":{\"@type\":\"ImageObject\",\"inLanguage\":\"pt-PT\",\"@id\":\"https:\\\/\\\/inclusivenews.com.br\\\/#\\\/schema\\\/logo\\\/image\\\/\",\"url\":\"https:\\\/\\\/inclusivenews.com.br\\\/wp-content\\\/uploads\\\/2024\\\/03\\\/@grandesite.png\",\"contentUrl\":\"https:\\\/\\\/inclusivenews.com.br\\\/wp-content\\\/uploads\\\/2024\\\/03\\\/@grandesite.png\",\"width\":1080,\"height\":1080,\"caption\":\"Inclusive - inclus\u00e3o e cidadania\"},\"image\":{\"@id\":\"https:\\\/\\\/inclusivenews.com.br\\\/#\\\/schema\\\/logo\\\/image\\\/\"},\"sameAs\":[\"https:\\\/\\\/www.facebook.com\\\/agenciainclusive\\\/\",\"https:\\\/\\\/www.instagram.com\\\/newsinclusive\\\/\"]},{\"@type\":\"Person\",\"@id\":\"https:\\\/\\\/inclusivenews.com.br\\\/#\\\/schema\\\/person\\\/ae4ec7087559b8692fb33b6fffd2273b\",\"name\":\"inclusivenews2024\",\"image\":{\"@type\":\"ImageObject\",\"inLanguage\":\"pt-PT\",\"@id\":\"https:\\\/\\\/secure.gravatar.com\\\/avatar\\\/c5a7ef84c66fa914f55bc4f7ce26cfa275a3b9a1c5568b907bd184fb4dde7b40?s=96&d=mm&r=g\",\"url\":\"https:\\\/\\\/secure.gravatar.com\\\/avatar\\\/c5a7ef84c66fa914f55bc4f7ce26cfa275a3b9a1c5568b907bd184fb4dde7b40?s=96&d=mm&r=g\",\"contentUrl\":\"https:\\\/\\\/secure.gravatar.com\\\/avatar\\\/c5a7ef84c66fa914f55bc4f7ce26cfa275a3b9a1c5568b907bd184fb4dde7b40?s=96&d=mm&r=g\",\"caption\":\"inclusivenews2024\"},\"sameAs\":[\"https:\\\/\\\/inclusivenews.com.br\"],\"url\":\"https:\\\/\\\/inclusivenews.com.br\\\/?author=1\"}]}<\/script>\n<!-- \/ Yoast SEO plugin. -->","yoast_head_json":{"title":"As pessoas com defici\u00eancia na Constitui\u00e7\u00e3o de 1988 -","robots":{"index":"index","follow":"follow","max-snippet":"max-snippet:-1","max-image-preview":"max-image-preview:large","max-video-preview":"max-video-preview:-1"},"canonical":"https:\/\/inclusivenews.com.br\/?p=33132","og_locale":"pt_PT","og_type":"article","og_title":"As pessoas com defici\u00eancia na Constitui\u00e7\u00e3o de 1988 -","og_description":"Patricia Almeida O primeiro grande feito pol\u00edtico do movimento social organizado das pessoas com defici\u00eancia foi a mobiliza\u00e7\u00e3o para inser\u00e7\u00e3o das pessoas com defici\u00eancia no texto da Constitui\u00e7\u00e3o de 1988. &#8220;Os principais atores deste processo n\u00e3o est\u00e3o mais a\u00ed, o Paulo Roberto Guimar\u00e3es, que morava em Bras\u00edlia na \u00e9poca e o Messias Tavares, de Pernambuco, [&hellip;]","og_url":"https:\/\/inclusivenews.com.br\/?p=33132","article_publisher":"https:\/\/www.facebook.com\/agenciainclusive\/","article_published_time":"2024-04-21T20:10:47+00:00","article_modified_time":"2024-04-22T13:24:47+00:00","og_image":[{"width":1958,"height":1136,"url":"https:\/\/inclusivenews.com.br\/wp-content\/uploads\/2024\/04\/const.png","type":"image\/png"}],"author":"inclusivenews2024","twitter_card":"summary_large_image","twitter_misc":{"Escrito por":"inclusivenews2024","Tempo estimado de leitura":"21 minutos"},"schema":{"@context":"https:\/\/schema.org","@graph":[{"@type":"Article","@id":"https:\/\/inclusivenews.com.br\/?p=33132#article","isPartOf":{"@id":"https:\/\/inclusivenews.com.br\/?p=33132"},"author":{"name":"inclusivenews2024","@id":"https:\/\/inclusivenews.com.br\/#\/schema\/person\/ae4ec7087559b8692fb33b6fffd2273b"},"headline":"As pessoas com defici\u00eancia na Constitui\u00e7\u00e3o de 1988","datePublished":"2024-04-21T20:10:47+00:00","dateModified":"2024-04-22T13:24:47+00:00","mainEntityOfPage":{"@id":"https:\/\/inclusivenews.com.br\/?p=33132"},"wordCount":3997,"commentCount":0,"publisher":{"@id":"https:\/\/inclusivenews.com.br\/#organization"},"image":{"@id":"https:\/\/inclusivenews.com.br\/?p=33132#primaryimage"},"thumbnailUrl":"https:\/\/inclusivenews.com.br\/wp-content\/uploads\/2024\/04\/const.png","articleSection":["Blog"],"inLanguage":"pt-PT","potentialAction":[{"@type":"CommentAction","name":"Comment","target":["https:\/\/inclusivenews.com.br\/?p=33132#respond"]}]},{"@type":"WebPage","@id":"https:\/\/inclusivenews.com.br\/?p=33132","url":"https:\/\/inclusivenews.com.br\/?p=33132","name":"As pessoas com defici\u00eancia na Constitui\u00e7\u00e3o de 1988 -","isPartOf":{"@id":"https:\/\/inclusivenews.com.br\/#website"},"primaryImageOfPage":{"@id":"https:\/\/inclusivenews.com.br\/?p=33132#primaryimage"},"image":{"@id":"https:\/\/inclusivenews.com.br\/?p=33132#primaryimage"},"thumbnailUrl":"https:\/\/inclusivenews.com.br\/wp-content\/uploads\/2024\/04\/const.png","datePublished":"2024-04-21T20:10:47+00:00","dateModified":"2024-04-22T13:24:47+00:00","breadcrumb":{"@id":"https:\/\/inclusivenews.com.br\/?p=33132#breadcrumb"},"inLanguage":"pt-PT","potentialAction":[{"@type":"ReadAction","target":["https:\/\/inclusivenews.com.br\/?p=33132"]}]},{"@type":"ImageObject","inLanguage":"pt-PT","@id":"https:\/\/inclusivenews.com.br\/?p=33132#primaryimage","url":"https:\/\/inclusivenews.com.br\/wp-content\/uploads\/2024\/04\/const.png","contentUrl":"https:\/\/inclusivenews.com.br\/wp-content\/uploads\/2024\/04\/const.png","width":1958,"height":1136},{"@type":"BreadcrumbList","@id":"https:\/\/inclusivenews.com.br\/?p=33132#breadcrumb","itemListElement":[{"@type":"ListItem","position":1,"name":"In\u00edcio","item":"https:\/\/inclusivenews.com.br\/"},{"@type":"ListItem","position":2,"name":"As pessoas com defici\u00eancia na Constitui\u00e7\u00e3o de 1988"}]},{"@type":"WebSite","@id":"https:\/\/inclusivenews.com.br\/#website","url":"https:\/\/inclusivenews.com.br\/","name":"Inclusive News","description":"Inclusive News","publisher":{"@id":"https:\/\/inclusivenews.com.br\/#organization"},"potentialAction":[{"@type":"SearchAction","target":{"@type":"EntryPoint","urlTemplate":"https:\/\/inclusivenews.com.br\/?s={search_term_string}"},"query-input":{"@type":"PropertyValueSpecification","valueRequired":true,"valueName":"search_term_string"}}],"inLanguage":"pt-PT"},{"@type":"Organization","@id":"https:\/\/inclusivenews.com.br\/#organization","name":"Inclusive - inclus\u00e3o e cidadania","url":"https:\/\/inclusivenews.com.br\/","logo":{"@type":"ImageObject","inLanguage":"pt-PT","@id":"https:\/\/inclusivenews.com.br\/#\/schema\/logo\/image\/","url":"https:\/\/inclusivenews.com.br\/wp-content\/uploads\/2024\/03\/@grandesite.png","contentUrl":"https:\/\/inclusivenews.com.br\/wp-content\/uploads\/2024\/03\/@grandesite.png","width":1080,"height":1080,"caption":"Inclusive - inclus\u00e3o e cidadania"},"image":{"@id":"https:\/\/inclusivenews.com.br\/#\/schema\/logo\/image\/"},"sameAs":["https:\/\/www.facebook.com\/agenciainclusive\/","https:\/\/www.instagram.com\/newsinclusive\/"]},{"@type":"Person","@id":"https:\/\/inclusivenews.com.br\/#\/schema\/person\/ae4ec7087559b8692fb33b6fffd2273b","name":"inclusivenews2024","image":{"@type":"ImageObject","inLanguage":"pt-PT","@id":"https:\/\/secure.gravatar.com\/avatar\/c5a7ef84c66fa914f55bc4f7ce26cfa275a3b9a1c5568b907bd184fb4dde7b40?s=96&d=mm&r=g","url":"https:\/\/secure.gravatar.com\/avatar\/c5a7ef84c66fa914f55bc4f7ce26cfa275a3b9a1c5568b907bd184fb4dde7b40?s=96&d=mm&r=g","contentUrl":"https:\/\/secure.gravatar.com\/avatar\/c5a7ef84c66fa914f55bc4f7ce26cfa275a3b9a1c5568b907bd184fb4dde7b40?s=96&d=mm&r=g","caption":"inclusivenews2024"},"sameAs":["https:\/\/inclusivenews.com.br"],"url":"https:\/\/inclusivenews.com.br\/?author=1"}]}},"_links":{"self":[{"href":"https:\/\/inclusivenews.com.br\/index.php?rest_route=\/wp\/v2\/posts\/33132","targetHints":{"allow":["GET"]}}],"collection":[{"href":"https:\/\/inclusivenews.com.br\/index.php?rest_route=\/wp\/v2\/posts"}],"about":[{"href":"https:\/\/inclusivenews.com.br\/index.php?rest_route=\/wp\/v2\/types\/post"}],"author":[{"embeddable":true,"href":"https:\/\/inclusivenews.com.br\/index.php?rest_route=\/wp\/v2\/users\/1"}],"replies":[{"embeddable":true,"href":"https:\/\/inclusivenews.com.br\/index.php?rest_route=%2Fwp%2Fv2%2Fcomments&post=33132"}],"version-history":[{"count":10,"href":"https:\/\/inclusivenews.com.br\/index.php?rest_route=\/wp\/v2\/posts\/33132\/revisions"}],"predecessor-version":[{"id":33145,"href":"https:\/\/inclusivenews.com.br\/index.php?rest_route=\/wp\/v2\/posts\/33132\/revisions\/33145"}],"wp:featuredmedia":[{"embeddable":true,"href":"https:\/\/inclusivenews.com.br\/index.php?rest_route=\/wp\/v2\/media\/33136"}],"wp:attachment":[{"href":"https:\/\/inclusivenews.com.br\/index.php?rest_route=%2Fwp%2Fv2%2Fmedia&parent=33132"}],"wp:term":[{"taxonomy":"category","embeddable":true,"href":"https:\/\/inclusivenews.com.br\/index.php?rest_route=%2Fwp%2Fv2%2Fcategories&post=33132"},{"taxonomy":"post_tag","embeddable":true,"href":"https:\/\/inclusivenews.com.br\/index.php?rest_route=%2Fwp%2Fv2%2Ftags&post=33132"}],"curies":[{"name":"wp","href":"https:\/\/api.w.org\/{rel}","templated":true}]}}