{"id":33146,"date":"2024-04-22T20:38:35","date_gmt":"2024-04-22T20:38:35","guid":{"rendered":"https:\/\/inclusivenews.com.br\/?p=33146"},"modified":"2024-04-22T21:56:45","modified_gmt":"2024-04-22T21:56:45","slug":"acessibilidade-nas-nuvens","status":"publish","type":"post","link":"https:\/\/inclusivenews.com.br\/?p=33146","title":{"rendered":"Acessibilidade nas Nuvens"},"content":{"rendered":"\n<div class=\"wp-block-media-text is-stacked-on-mobile\"><figure class=\"wp-block-media-text__media\"><img loading=\"lazy\" decoding=\"async\" width=\"1024\" height=\"570\" src=\"https:\/\/inclusivenews.com.br\/wp-content\/uploads\/2024\/04\/b0fb9119-2acc-42ab-a9d7-278456b35178-8.jpeg\" alt=\"\" class=\"wp-image-33147 size-full\" srcset=\"https:\/\/inclusivenews.com.br\/wp-content\/uploads\/2024\/04\/b0fb9119-2acc-42ab-a9d7-278456b35178-8.jpeg 1024w, https:\/\/inclusivenews.com.br\/wp-content\/uploads\/2024\/04\/b0fb9119-2acc-42ab-a9d7-278456b35178-8-300x167.jpeg 300w, https:\/\/inclusivenews.com.br\/wp-content\/uploads\/2024\/04\/b0fb9119-2acc-42ab-a9d7-278456b35178-8-768x428.jpeg 768w\" sizes=\"auto, (max-width: 1024px) 100vw, 1024px\" \/><\/figure><div class=\"wp-block-media-text__content\">\n<p><strong>Epis\u00f3dio 13\/2024<\/strong><\/p>\n\n\n\n<p><strong>23\/04<\/strong><\/p>\n\n\n\n<p>Voar e utilizar os aeroportos ainda s\u00e3o desafios para pessoas com defici\u00eancia no Brasil. N\u00e3o \u00e9 incomum not\u00edcias de desrespeito e n\u00e3o cumprimento de normas que atendam a esse p\u00fablico. O Podcast Acessando Luc\u00edlia desta ter\u00e7a-feira, 23\/04, conversa sobre acessibilidade na avia\u00e7\u00e3o, contando experi\u00eancias pessoais e ouvindo especialistas sobre o assunto. A discuss\u00e3o ganha ainda mais relev\u00e2ncia com a proposta do Senado que prev\u00ea a reserva e gratuidade de passagem a\u00e9rea para Pessoas com Defici\u00eancia de baixa renda.<\/p>\n\n\n\n<p>Nossas convidadas s\u00e3o:<\/p>\n\n\n\n<p>Ci\u00e7a Cordeiro, jornalista, p\u00f3s-graduada em Gest\u00e3o P\u00fablica e Direitos Humanos, \u00e9 consultora em acessibilidade, diversidade, equidade e inclus\u00e3o na empresa Talento Incluir; especialista em cultura inclusiva, comunica\u00e7\u00e3o e eventos acess\u00edveis. Um de seus trabalhos \u00e9 oferecer treinamento sobre &#8220;Atendimento a Passageiros com Necessidades de Assist\u00eancia Especial\u201d em aeroportos.<\/p>\n\n\n\n<p>Luciana Trindade, graduada em comunica\u00e7\u00e3o social e especialista em Direitos da Pessoa com Defici\u00eancia pela Pontif\u00edcia Universidade Cat\u00f3lica &#8211; PUC Rio; atualmente cursa direito e atua como secret\u00e1ria nacional do Partido Socialista Brasileiro &#8211; PSB inclus\u00e3o.<\/p>\n\n\n\n<p>&nbsp;O bate-papo vai contar com int\u00e9rprete de libras e ser\u00e1 transmitido ao vivo, \u00e0s 18h, no canal do ACESSANDO LUC\u00cdLIA no Youtube: <a href=\"https:\/\/www.youtube.com\/@acessandolucilia5059\">http+s:\/\/www.youtube.com\/@acessandolucilia5059<\/a><\/p>\n\n\n\n<p>E tamb\u00e9m na Web R\u00e1dio Censura Livre, no Youtube: (youtube.com\/c\/Censuralivre), no Facebook facebook.com\/webradiocensuralivre-e\/), no site (www.clwebradio.com) e no aplicativo: RadiosNet (<a href=\"http:\/\/l.radios.com.br\/r\/100204\">http:\/\/l.radios.com.br\/r\/100204<\/a>).<\/p>\n\n\n\n<p><\/p>\n<\/div><\/div>\n","protected":false},"excerpt":{"rendered":"<p>Epis\u00f3dio 13\/2024 23\/04 Voar e utilizar os aeroportos ainda s\u00e3o desafios para pessoas com defici\u00eancia no Brasil. N\u00e3o \u00e9 incomum not\u00edcias de desrespeito e n\u00e3o cumprimento de normas que atendam a esse p\u00fablico. O Podcast Acessando Luc\u00edlia desta ter\u00e7a-feira, 23\/04, conversa sobre acessibilidade na avia\u00e7\u00e3o, contando experi\u00eancias pessoais e ouvindo especialistas sobre o assunto. A [&hellip;]<\/p>\n","protected":false},"author":1,"featured_media":33147,"comment_status":"open","ping_status":"open","sticky":false,"template":"","format":"standard","meta":{"site-container-style":"default","site-container-layout":"default","site-sidebar-layout":"default","disable-article-header":"default","disable-site-header":"default","disable-site-footer":"default","disable-content-area-spacing":"default","footnotes":""},"categories":[1],"tags":[],"class_list":["post-33146","post","type-post","status-publish","format-standard","has-post-thumbnail","hentry","category-blog"],"yoast_head":"<!-- This site is optimized with the Yoast SEO plugin v27.4 - https:\/\/yoast.com\/product\/yoast-seo-wordpress\/ -->\n<title>Acessibilidade nas Nuvens -<\/title>\n<meta name=\"robots\" content=\"index, follow, max-snippet:-1, max-image-preview:large, max-video-preview:-1\" \/>\n<link rel=\"canonical\" href=\"https:\/\/inclusivenews.com.br\/?p=33146\" \/>\n<meta property=\"og:locale\" content=\"pt_PT\" \/>\n<meta property=\"og:type\" content=\"article\" \/>\n<meta property=\"og:title\" content=\"Acessibilidade nas Nuvens -\" \/>\n<meta property=\"og:description\" content=\"Epis\u00f3dio 13\/2024 23\/04 Voar e utilizar os aeroportos ainda s\u00e3o desafios para pessoas com defici\u00eancia no Brasil. N\u00e3o \u00e9 incomum not\u00edcias de desrespeito e n\u00e3o cumprimento de normas que atendam a esse p\u00fablico. O Podcast Acessando Luc\u00edlia desta ter\u00e7a-feira, 23\/04, conversa sobre acessibilidade na avia\u00e7\u00e3o, contando experi\u00eancias pessoais e ouvindo especialistas sobre o assunto. A [&hellip;]\" \/>\n<meta property=\"og:url\" content=\"https:\/\/inclusivenews.com.br\/?p=33146\" \/>\n<meta property=\"article:publisher\" content=\"https:\/\/www.facebook.com\/agenciainclusive\/\" \/>\n<meta property=\"article:published_time\" content=\"2024-04-22T20:38:35+00:00\" \/>\n<meta property=\"article:modified_time\" content=\"2024-04-22T21:56:45+00:00\" \/>\n<meta property=\"og:image\" content=\"https:\/\/inclusivenews.com.br\/wp-content\/uploads\/2024\/04\/b0fb9119-2acc-42ab-a9d7-278456b35178-8.jpeg\" \/>\n\t<meta property=\"og:image:width\" content=\"1024\" \/>\n\t<meta property=\"og:image:height\" content=\"570\" \/>\n\t<meta property=\"og:image:type\" content=\"image\/jpeg\" \/>\n<meta name=\"author\" content=\"inclusivenews2024\" \/>\n<meta name=\"twitter:card\" content=\"summary_large_image\" \/>\n<meta name=\"twitter:label1\" content=\"Escrito por\" \/>\n\t<meta name=\"twitter:data1\" content=\"inclusivenews2024\" \/>\n\t<meta name=\"twitter:label2\" content=\"Tempo estimado de leitura\" \/>\n\t<meta name=\"twitter:data2\" content=\"2 minutos\" \/>\n<script type=\"application\/ld+json\" class=\"yoast-schema-graph\">{\"@context\":\"https:\\\/\\\/schema.org\",\"@graph\":[{\"@type\":\"Article\",\"@id\":\"https:\\\/\\\/inclusivenews.com.br\\\/?p=33146#article\",\"isPartOf\":{\"@id\":\"https:\\\/\\\/inclusivenews.com.br\\\/?p=33146\"},\"author\":{\"name\":\"inclusivenews2024\",\"@id\":\"https:\\\/\\\/inclusivenews.com.br\\\/#\\\/schema\\\/person\\\/ae4ec7087559b8692fb33b6fffd2273b\"},\"headline\":\"Acessibilidade nas Nuvens\",\"datePublished\":\"2024-04-22T20:38:35+00:00\",\"dateModified\":\"2024-04-22T21:56:45+00:00\",\"mainEntityOfPage\":{\"@id\":\"https:\\\/\\\/inclusivenews.com.br\\\/?p=33146\"},\"wordCount\":261,\"commentCount\":0,\"publisher\":{\"@id\":\"https:\\\/\\\/inclusivenews.com.br\\\/#organization\"},\"image\":{\"@id\":\"https:\\\/\\\/inclusivenews.com.br\\\/?p=33146#primaryimage\"},\"thumbnailUrl\":\"https:\\\/\\\/inclusivenews.com.br\\\/wp-content\\\/uploads\\\/2024\\\/04\\\/b0fb9119-2acc-42ab-a9d7-278456b35178-8.jpeg\",\"articleSection\":[\"Blog\"],\"inLanguage\":\"pt-PT\",\"potentialAction\":[{\"@type\":\"CommentAction\",\"name\":\"Comment\",\"target\":[\"https:\\\/\\\/inclusivenews.com.br\\\/?p=33146#respond\"]}]},{\"@type\":\"WebPage\",\"@id\":\"https:\\\/\\\/inclusivenews.com.br\\\/?p=33146\",\"url\":\"https:\\\/\\\/inclusivenews.com.br\\\/?p=33146\",\"name\":\"Acessibilidade nas Nuvens -\",\"isPartOf\":{\"@id\":\"https:\\\/\\\/inclusivenews.com.br\\\/#website\"},\"primaryImageOfPage\":{\"@id\":\"https:\\\/\\\/inclusivenews.com.br\\\/?p=33146#primaryimage\"},\"image\":{\"@id\":\"https:\\\/\\\/inclusivenews.com.br\\\/?p=33146#primaryimage\"},\"thumbnailUrl\":\"https:\\\/\\\/inclusivenews.com.br\\\/wp-content\\\/uploads\\\/2024\\\/04\\\/b0fb9119-2acc-42ab-a9d7-278456b35178-8.jpeg\",\"datePublished\":\"2024-04-22T20:38:35+00:00\",\"dateModified\":\"2024-04-22T21:56:45+00:00\",\"breadcrumb\":{\"@id\":\"https:\\\/\\\/inclusivenews.com.br\\\/?p=33146#breadcrumb\"},\"inLanguage\":\"pt-PT\",\"potentialAction\":[{\"@type\":\"ReadAction\",\"target\":[\"https:\\\/\\\/inclusivenews.com.br\\\/?p=33146\"]}]},{\"@type\":\"ImageObject\",\"inLanguage\":\"pt-PT\",\"@id\":\"https:\\\/\\\/inclusivenews.com.br\\\/?p=33146#primaryimage\",\"url\":\"https:\\\/\\\/inclusivenews.com.br\\\/wp-content\\\/uploads\\\/2024\\\/04\\\/b0fb9119-2acc-42ab-a9d7-278456b35178-8.jpeg\",\"contentUrl\":\"https:\\\/\\\/inclusivenews.com.br\\\/wp-content\\\/uploads\\\/2024\\\/04\\\/b0fb9119-2acc-42ab-a9d7-278456b35178-8.jpeg\",\"width\":1024,\"height\":570,\"caption\":\"Card preto com letras brancas e imagem de ondas sonoras em rosa ao fundo \u00c0 esquerda: Podcast Mais abaixo dentro de uma tarja o desenho estilizado de um microfone e \\\"Acessando Luc\u00edlia\\\" Do lado direito dentro de uma moldura em forma de gota rosa, a foto de uma mulher branca de perfil. Ela usa \u00f3culos e blusa branca. Ter\u00e7a-feira -18h Com Luc\u00edlia Machado Dentro de tarjas sobrepostas nas cores verdes e rosa: YouTube.com\\\/@acessandolucolia59 Facebook.com\\\/Webradiocensuralivre https:\\\/\\\/www.youtube.com\\\/@RadioCensuraLivre \u00c0 direita, o logo da Inclusive News e ao lado, o da Web R\u00e1dio Censura Livre.\"},{\"@type\":\"BreadcrumbList\",\"@id\":\"https:\\\/\\\/inclusivenews.com.br\\\/?p=33146#breadcrumb\",\"itemListElement\":[{\"@type\":\"ListItem\",\"position\":1,\"name\":\"In\u00edcio\",\"item\":\"https:\\\/\\\/inclusivenews.com.br\\\/\"},{\"@type\":\"ListItem\",\"position\":2,\"name\":\"Acessibilidade nas Nuvens\"}]},{\"@type\":\"WebSite\",\"@id\":\"https:\\\/\\\/inclusivenews.com.br\\\/#website\",\"url\":\"https:\\\/\\\/inclusivenews.com.br\\\/\",\"name\":\"Inclusive News\",\"description\":\"Inclusive News\",\"publisher\":{\"@id\":\"https:\\\/\\\/inclusivenews.com.br\\\/#organization\"},\"potentialAction\":[{\"@type\":\"SearchAction\",\"target\":{\"@type\":\"EntryPoint\",\"urlTemplate\":\"https:\\\/\\\/inclusivenews.com.br\\\/?s={search_term_string}\"},\"query-input\":{\"@type\":\"PropertyValueSpecification\",\"valueRequired\":true,\"valueName\":\"search_term_string\"}}],\"inLanguage\":\"pt-PT\"},{\"@type\":\"Organization\",\"@id\":\"https:\\\/\\\/inclusivenews.com.br\\\/#organization\",\"name\":\"Inclusive - inclus\u00e3o e cidadania\",\"url\":\"https:\\\/\\\/inclusivenews.com.br\\\/\",\"logo\":{\"@type\":\"ImageObject\",\"inLanguage\":\"pt-PT\",\"@id\":\"https:\\\/\\\/inclusivenews.com.br\\\/#\\\/schema\\\/logo\\\/image\\\/\",\"url\":\"https:\\\/\\\/inclusivenews.com.br\\\/wp-content\\\/uploads\\\/2024\\\/03\\\/@grandesite.png\",\"contentUrl\":\"https:\\\/\\\/inclusivenews.com.br\\\/wp-content\\\/uploads\\\/2024\\\/03\\\/@grandesite.png\",\"width\":1080,\"height\":1080,\"caption\":\"Inclusive - inclus\u00e3o e cidadania\"},\"image\":{\"@id\":\"https:\\\/\\\/inclusivenews.com.br\\\/#\\\/schema\\\/logo\\\/image\\\/\"},\"sameAs\":[\"https:\\\/\\\/www.facebook.com\\\/agenciainclusive\\\/\",\"https:\\\/\\\/www.instagram.com\\\/newsinclusive\\\/\"]},{\"@type\":\"Person\",\"@id\":\"https:\\\/\\\/inclusivenews.com.br\\\/#\\\/schema\\\/person\\\/ae4ec7087559b8692fb33b6fffd2273b\",\"name\":\"inclusivenews2024\",\"image\":{\"@type\":\"ImageObject\",\"inLanguage\":\"pt-PT\",\"@id\":\"https:\\\/\\\/secure.gravatar.com\\\/avatar\\\/c5a7ef84c66fa914f55bc4f7ce26cfa275a3b9a1c5568b907bd184fb4dde7b40?s=96&d=mm&r=g\",\"url\":\"https:\\\/\\\/secure.gravatar.com\\\/avatar\\\/c5a7ef84c66fa914f55bc4f7ce26cfa275a3b9a1c5568b907bd184fb4dde7b40?s=96&d=mm&r=g\",\"contentUrl\":\"https:\\\/\\\/secure.gravatar.com\\\/avatar\\\/c5a7ef84c66fa914f55bc4f7ce26cfa275a3b9a1c5568b907bd184fb4dde7b40?s=96&d=mm&r=g\",\"caption\":\"inclusivenews2024\"},\"sameAs\":[\"https:\\\/\\\/inclusivenews.com.br\"],\"url\":\"https:\\\/\\\/inclusivenews.com.br\\\/?author=1\"}]}<\/script>\n<!-- \/ Yoast SEO plugin. -->","yoast_head_json":{"title":"Acessibilidade nas Nuvens -","robots":{"index":"index","follow":"follow","max-snippet":"max-snippet:-1","max-image-preview":"max-image-preview:large","max-video-preview":"max-video-preview:-1"},"canonical":"https:\/\/inclusivenews.com.br\/?p=33146","og_locale":"pt_PT","og_type":"article","og_title":"Acessibilidade nas Nuvens -","og_description":"Epis\u00f3dio 13\/2024 23\/04 Voar e utilizar os aeroportos ainda s\u00e3o desafios para pessoas com defici\u00eancia no Brasil. N\u00e3o \u00e9 incomum not\u00edcias de desrespeito e n\u00e3o cumprimento de normas que atendam a esse p\u00fablico. O Podcast Acessando Luc\u00edlia desta ter\u00e7a-feira, 23\/04, conversa sobre acessibilidade na avia\u00e7\u00e3o, contando experi\u00eancias pessoais e ouvindo especialistas sobre o assunto. A [&hellip;]","og_url":"https:\/\/inclusivenews.com.br\/?p=33146","article_publisher":"https:\/\/www.facebook.com\/agenciainclusive\/","article_published_time":"2024-04-22T20:38:35+00:00","article_modified_time":"2024-04-22T21:56:45+00:00","og_image":[{"width":1024,"height":570,"url":"https:\/\/inclusivenews.com.br\/wp-content\/uploads\/2024\/04\/b0fb9119-2acc-42ab-a9d7-278456b35178-8.jpeg","type":"image\/jpeg"}],"author":"inclusivenews2024","twitter_card":"summary_large_image","twitter_misc":{"Escrito por":"inclusivenews2024","Tempo estimado de leitura":"2 minutos"},"schema":{"@context":"https:\/\/schema.org","@graph":[{"@type":"Article","@id":"https:\/\/inclusivenews.com.br\/?p=33146#article","isPartOf":{"@id":"https:\/\/inclusivenews.com.br\/?p=33146"},"author":{"name":"inclusivenews2024","@id":"https:\/\/inclusivenews.com.br\/#\/schema\/person\/ae4ec7087559b8692fb33b6fffd2273b"},"headline":"Acessibilidade nas Nuvens","datePublished":"2024-04-22T20:38:35+00:00","dateModified":"2024-04-22T21:56:45+00:00","mainEntityOfPage":{"@id":"https:\/\/inclusivenews.com.br\/?p=33146"},"wordCount":261,"commentCount":0,"publisher":{"@id":"https:\/\/inclusivenews.com.br\/#organization"},"image":{"@id":"https:\/\/inclusivenews.com.br\/?p=33146#primaryimage"},"thumbnailUrl":"https:\/\/inclusivenews.com.br\/wp-content\/uploads\/2024\/04\/b0fb9119-2acc-42ab-a9d7-278456b35178-8.jpeg","articleSection":["Blog"],"inLanguage":"pt-PT","potentialAction":[{"@type":"CommentAction","name":"Comment","target":["https:\/\/inclusivenews.com.br\/?p=33146#respond"]}]},{"@type":"WebPage","@id":"https:\/\/inclusivenews.com.br\/?p=33146","url":"https:\/\/inclusivenews.com.br\/?p=33146","name":"Acessibilidade nas Nuvens -","isPartOf":{"@id":"https:\/\/inclusivenews.com.br\/#website"},"primaryImageOfPage":{"@id":"https:\/\/inclusivenews.com.br\/?p=33146#primaryimage"},"image":{"@id":"https:\/\/inclusivenews.com.br\/?p=33146#primaryimage"},"thumbnailUrl":"https:\/\/inclusivenews.com.br\/wp-content\/uploads\/2024\/04\/b0fb9119-2acc-42ab-a9d7-278456b35178-8.jpeg","datePublished":"2024-04-22T20:38:35+00:00","dateModified":"2024-04-22T21:56:45+00:00","breadcrumb":{"@id":"https:\/\/inclusivenews.com.br\/?p=33146#breadcrumb"},"inLanguage":"pt-PT","potentialAction":[{"@type":"ReadAction","target":["https:\/\/inclusivenews.com.br\/?p=33146"]}]},{"@type":"ImageObject","inLanguage":"pt-PT","@id":"https:\/\/inclusivenews.com.br\/?p=33146#primaryimage","url":"https:\/\/inclusivenews.com.br\/wp-content\/uploads\/2024\/04\/b0fb9119-2acc-42ab-a9d7-278456b35178-8.jpeg","contentUrl":"https:\/\/inclusivenews.com.br\/wp-content\/uploads\/2024\/04\/b0fb9119-2acc-42ab-a9d7-278456b35178-8.jpeg","width":1024,"height":570,"caption":"Card preto com letras brancas e imagem de ondas sonoras em rosa ao fundo \u00c0 esquerda: Podcast Mais abaixo dentro de uma tarja o desenho estilizado de um microfone e \"Acessando Luc\u00edlia\" Do lado direito dentro de uma moldura em forma de gota rosa, a foto de uma mulher branca de perfil. Ela usa \u00f3culos e blusa branca. Ter\u00e7a-feira -18h Com Luc\u00edlia Machado Dentro de tarjas sobrepostas nas cores verdes e rosa: YouTube.com\/@acessandolucolia59 Facebook.com\/Webradiocensuralivre https:\/\/www.youtube.com\/@RadioCensuraLivre \u00c0 direita, o logo da Inclusive News e ao lado, o da Web R\u00e1dio Censura Livre."},{"@type":"BreadcrumbList","@id":"https:\/\/inclusivenews.com.br\/?p=33146#breadcrumb","itemListElement":[{"@type":"ListItem","position":1,"name":"In\u00edcio","item":"https:\/\/inclusivenews.com.br\/"},{"@type":"ListItem","position":2,"name":"Acessibilidade nas Nuvens"}]},{"@type":"WebSite","@id":"https:\/\/inclusivenews.com.br\/#website","url":"https:\/\/inclusivenews.com.br\/","name":"Inclusive News","description":"Inclusive News","publisher":{"@id":"https:\/\/inclusivenews.com.br\/#organization"},"potentialAction":[{"@type":"SearchAction","target":{"@type":"EntryPoint","urlTemplate":"https:\/\/inclusivenews.com.br\/?s={search_term_string}"},"query-input":{"@type":"PropertyValueSpecification","valueRequired":true,"valueName":"search_term_string"}}],"inLanguage":"pt-PT"},{"@type":"Organization","@id":"https:\/\/inclusivenews.com.br\/#organization","name":"Inclusive - inclus\u00e3o e cidadania","url":"https:\/\/inclusivenews.com.br\/","logo":{"@type":"ImageObject","inLanguage":"pt-PT","@id":"https:\/\/inclusivenews.com.br\/#\/schema\/logo\/image\/","url":"https:\/\/inclusivenews.com.br\/wp-content\/uploads\/2024\/03\/@grandesite.png","contentUrl":"https:\/\/inclusivenews.com.br\/wp-content\/uploads\/2024\/03\/@grandesite.png","width":1080,"height":1080,"caption":"Inclusive - inclus\u00e3o e cidadania"},"image":{"@id":"https:\/\/inclusivenews.com.br\/#\/schema\/logo\/image\/"},"sameAs":["https:\/\/www.facebook.com\/agenciainclusive\/","https:\/\/www.instagram.com\/newsinclusive\/"]},{"@type":"Person","@id":"https:\/\/inclusivenews.com.br\/#\/schema\/person\/ae4ec7087559b8692fb33b6fffd2273b","name":"inclusivenews2024","image":{"@type":"ImageObject","inLanguage":"pt-PT","@id":"https:\/\/secure.gravatar.com\/avatar\/c5a7ef84c66fa914f55bc4f7ce26cfa275a3b9a1c5568b907bd184fb4dde7b40?s=96&d=mm&r=g","url":"https:\/\/secure.gravatar.com\/avatar\/c5a7ef84c66fa914f55bc4f7ce26cfa275a3b9a1c5568b907bd184fb4dde7b40?s=96&d=mm&r=g","contentUrl":"https:\/\/secure.gravatar.com\/avatar\/c5a7ef84c66fa914f55bc4f7ce26cfa275a3b9a1c5568b907bd184fb4dde7b40?s=96&d=mm&r=g","caption":"inclusivenews2024"},"sameAs":["https:\/\/inclusivenews.com.br"],"url":"https:\/\/inclusivenews.com.br\/?author=1"}]}},"_links":{"self":[{"href":"https:\/\/inclusivenews.com.br\/index.php?rest_route=\/wp\/v2\/posts\/33146","targetHints":{"allow":["GET"]}}],"collection":[{"href":"https:\/\/inclusivenews.com.br\/index.php?rest_route=\/wp\/v2\/posts"}],"about":[{"href":"https:\/\/inclusivenews.com.br\/index.php?rest_route=\/wp\/v2\/types\/post"}],"author":[{"embeddable":true,"href":"https:\/\/inclusivenews.com.br\/index.php?rest_route=\/wp\/v2\/users\/1"}],"replies":[{"embeddable":true,"href":"https:\/\/inclusivenews.com.br\/index.php?rest_route=%2Fwp%2Fv2%2Fcomments&post=33146"}],"version-history":[{"count":1,"href":"https:\/\/inclusivenews.com.br\/index.php?rest_route=\/wp\/v2\/posts\/33146\/revisions"}],"predecessor-version":[{"id":33148,"href":"https:\/\/inclusivenews.com.br\/index.php?rest_route=\/wp\/v2\/posts\/33146\/revisions\/33148"}],"wp:featuredmedia":[{"embeddable":true,"href":"https:\/\/inclusivenews.com.br\/index.php?rest_route=\/wp\/v2\/media\/33147"}],"wp:attachment":[{"href":"https:\/\/inclusivenews.com.br\/index.php?rest_route=%2Fwp%2Fv2%2Fmedia&parent=33146"}],"wp:term":[{"taxonomy":"category","embeddable":true,"href":"https:\/\/inclusivenews.com.br\/index.php?rest_route=%2Fwp%2Fv2%2Fcategories&post=33146"},{"taxonomy":"post_tag","embeddable":true,"href":"https:\/\/inclusivenews.com.br\/index.php?rest_route=%2Fwp%2Fv2%2Ftags&post=33146"}],"curies":[{"name":"wp","href":"https:\/\/api.w.org\/{rel}","templated":true}]}}