{"id":33160,"date":"2024-04-26T17:44:35","date_gmt":"2024-04-26T17:44:35","guid":{"rendered":"https:\/\/inclusivenews.com.br\/?p=33160"},"modified":"2024-04-26T17:44:37","modified_gmt":"2024-04-26T17:44:37","slug":"a-quantas-anda-a-inclusao","status":"publish","type":"post","link":"https:\/\/inclusivenews.com.br\/?p=33160","title":{"rendered":"A quantas anda a inclus\u00e3o?"},"content":{"rendered":"\n<p>Voc\u00ea vai se atualizar no tema inclus\u00e3o da pessoa com defici\u00eancia com uma das maiores refer\u00eancias da \u00e1rea.<\/p>\n\n\n\n<p>Aula aberta com Marta Gil.<\/p>\n\n\n\n<figure class=\"wp-block-image aligncenter size-large is-resized\"><img loading=\"lazy\" decoding=\"async\" width=\"1024\" height=\"1024\" src=\"https:\/\/inclusivenews.com.br\/wp-content\/uploads\/2024\/04\/48c06cd8-af61-486e-b838-89995533e6fe-1024x1024.jpg\" alt=\"Card - aula aberta. \u00c0 esquerda, foto de Marta Gil, mulher branca e sorridente. Fundo laranja, t\u00edtulo em letras brancas: A quantas anda a inclus\u00e3o? Em letras azuis: aula aberta. Dia 27\/04 das 9 \u00e0s 10h;30. 100% on-line e gratuito. Abaixo, s\u00edmbolo de c\u00e2mera de v\u00eddeo e em letras brancas: plataforma zoom. Abaixo: Voc\u00ea vai se atualizar no tema inclus\u00e3o da pessoa com defici\u00eancia com uma das maiores refer\u00eancias da \u00e1rea. Abaixo: Marta Gil, Soci\u00f3loga, Fundadora e Coordenadora Executiva do Amankay Instituto de Estudos e Pesquisas; consultora para empresas e \u00f3rg\u00e3os p\u00fablicos, palestrante em eventos nacionais e internacionais; autora de livros e artigos. \u00c0 direita link na bio. Abaixo: maiores informa\u00e7\u00f5es. cce puc-rio (21)97658- 6094. https:\/\/www.cce.puc-rio.br\/sitecce\/website\/website.dll\/folder?nCurso=aula-aberta:-a-quantas-anda-a-inclusao(question)&amp;nInst=cce\" class=\"wp-image-33161\" style=\"width:264px;height:auto\" srcset=\"https:\/\/inclusivenews.com.br\/wp-content\/uploads\/2024\/04\/48c06cd8-af61-486e-b838-89995533e6fe-1024x1024.jpg 1024w, https:\/\/inclusivenews.com.br\/wp-content\/uploads\/2024\/04\/48c06cd8-af61-486e-b838-89995533e6fe-300x300.jpg 300w, https:\/\/inclusivenews.com.br\/wp-content\/uploads\/2024\/04\/48c06cd8-af61-486e-b838-89995533e6fe-150x150.jpg 150w, https:\/\/inclusivenews.com.br\/wp-content\/uploads\/2024\/04\/48c06cd8-af61-486e-b838-89995533e6fe-768x768.jpg 768w, https:\/\/inclusivenews.com.br\/wp-content\/uploads\/2024\/04\/48c06cd8-af61-486e-b838-89995533e6fe.jpg 1080w\" sizes=\"auto, (max-width: 1024px) 100vw, 1024px\" \/><\/figure>\n\n\n\n<p>Marta Gil \u00e9 soci\u00f3loga, fundadora e Coordenadora Executiva do Amankay Instituto de Estudos e Pesquisas; consultora para empresas e \u00f3rg\u00e3os p\u00fablicos, palestrante em eventos nacionais e internacionais; autora de livros e artigos.<\/p>\n\n\n\n<p>Acima, foto de Marta Gil, mulher branca e sorridente. Fundo laranja, t\u00edtulo em letras brancas: A quantas anda a inclus\u00e3o? Em letras azuis: aula aberta. Dia 27\/04 das 9 \u00e0s 10h;30. 100% on-line e gratuito. Abaixo, s\u00edmbolo de c\u00e2mera de v\u00eddeo e em letras brancas: plataforma zoom.<\/p>\n\n\n\n<p>Maiores informa\u00e7\u00f5es. <a href=\"https:\/\/www.cce.puc-rio.br\/sitecce\/website\/website.dll\/folder?nCurso=aula-aberta:-a-quantas-anda-a-inclusao(question)&amp;nInst=cce\">cce puc-rio<\/a> (21)97658- 6094.<\/p>\n","protected":false},"excerpt":{"rendered":"<p>Voc\u00ea vai se atualizar no tema inclus\u00e3o da pessoa com defici\u00eancia com uma das maiores refer\u00eancias da \u00e1rea. Aula aberta com Marta Gil. Marta Gil \u00e9 soci\u00f3loga, fundadora e Coordenadora Executiva do Amankay Instituto de Estudos e Pesquisas; consultora para empresas e \u00f3rg\u00e3os p\u00fablicos, palestrante em eventos nacionais e internacionais; autora de livros e artigos. [&hellip;]<\/p>\n","protected":false},"author":1,"featured_media":33161,"comment_status":"open","ping_status":"open","sticky":false,"template":"","format":"standard","meta":{"site-container-style":"default","site-container-layout":"default","site-sidebar-layout":"default","disable-article-header":"default","disable-site-header":"default","disable-site-footer":"default","disable-content-area-spacing":"default","footnotes":""},"categories":[12],"tags":[],"class_list":["post-33160","post","type-post","status-publish","format-standard","has-post-thumbnail","hentry","category-cursos-e-eventos"],"yoast_head":"<!-- This site is optimized with the Yoast SEO plugin v27.4 - https:\/\/yoast.com\/product\/yoast-seo-wordpress\/ -->\n<title>A quantas anda a inclus\u00e3o? -<\/title>\n<meta name=\"robots\" content=\"index, follow, max-snippet:-1, max-image-preview:large, max-video-preview:-1\" \/>\n<link rel=\"canonical\" href=\"https:\/\/inclusivenews.com.br\/?p=33160\" \/>\n<meta property=\"og:locale\" content=\"pt_PT\" \/>\n<meta property=\"og:type\" content=\"article\" \/>\n<meta property=\"og:title\" content=\"A quantas anda a inclus\u00e3o? -\" \/>\n<meta property=\"og:description\" content=\"Voc\u00ea vai se atualizar no tema inclus\u00e3o da pessoa com defici\u00eancia com uma das maiores refer\u00eancias da \u00e1rea. Aula aberta com Marta Gil. Marta Gil \u00e9 soci\u00f3loga, fundadora e Coordenadora Executiva do Amankay Instituto de Estudos e Pesquisas; consultora para empresas e \u00f3rg\u00e3os p\u00fablicos, palestrante em eventos nacionais e internacionais; autora de livros e artigos. [&hellip;]\" \/>\n<meta property=\"og:url\" content=\"https:\/\/inclusivenews.com.br\/?p=33160\" \/>\n<meta property=\"article:publisher\" content=\"https:\/\/www.facebook.com\/agenciainclusive\/\" \/>\n<meta property=\"article:published_time\" content=\"2024-04-26T17:44:35+00:00\" \/>\n<meta property=\"article:modified_time\" content=\"2024-04-26T17:44:37+00:00\" \/>\n<meta property=\"og:image\" content=\"https:\/\/inclusivenews.com.br\/wp-content\/uploads\/2024\/04\/48c06cd8-af61-486e-b838-89995533e6fe.jpg\" \/>\n\t<meta property=\"og:image:width\" content=\"1080\" \/>\n\t<meta property=\"og:image:height\" content=\"1080\" \/>\n\t<meta property=\"og:image:type\" content=\"image\/jpeg\" \/>\n<meta name=\"author\" content=\"inclusivenews2024\" \/>\n<meta name=\"twitter:card\" content=\"summary_large_image\" \/>\n<meta name=\"twitter:label1\" content=\"Escrito por\" \/>\n\t<meta name=\"twitter:data1\" content=\"inclusivenews2024\" \/>\n\t<meta name=\"twitter:label2\" content=\"Tempo estimado de leitura\" \/>\n\t<meta name=\"twitter:data2\" content=\"1 minuto\" \/>\n<script type=\"application\/ld+json\" class=\"yoast-schema-graph\">{\"@context\":\"https:\\\/\\\/schema.org\",\"@graph\":[{\"@type\":\"Article\",\"@id\":\"https:\\\/\\\/inclusivenews.com.br\\\/?p=33160#article\",\"isPartOf\":{\"@id\":\"https:\\\/\\\/inclusivenews.com.br\\\/?p=33160\"},\"author\":{\"name\":\"inclusivenews2024\",\"@id\":\"https:\\\/\\\/inclusivenews.com.br\\\/#\\\/schema\\\/person\\\/ae4ec7087559b8692fb33b6fffd2273b\"},\"headline\":\"A quantas anda a inclus\u00e3o?\",\"datePublished\":\"2024-04-26T17:44:35+00:00\",\"dateModified\":\"2024-04-26T17:44:37+00:00\",\"mainEntityOfPage\":{\"@id\":\"https:\\\/\\\/inclusivenews.com.br\\\/?p=33160\"},\"wordCount\":121,\"commentCount\":0,\"publisher\":{\"@id\":\"https:\\\/\\\/inclusivenews.com.br\\\/#organization\"},\"image\":{\"@id\":\"https:\\\/\\\/inclusivenews.com.br\\\/?p=33160#primaryimage\"},\"thumbnailUrl\":\"https:\\\/\\\/inclusivenews.com.br\\\/wp-content\\\/uploads\\\/2024\\\/04\\\/48c06cd8-af61-486e-b838-89995533e6fe.jpg\",\"articleSection\":[\"Cursos e eventos\"],\"inLanguage\":\"pt-PT\",\"potentialAction\":[{\"@type\":\"CommentAction\",\"name\":\"Comment\",\"target\":[\"https:\\\/\\\/inclusivenews.com.br\\\/?p=33160#respond\"]}]},{\"@type\":\"WebPage\",\"@id\":\"https:\\\/\\\/inclusivenews.com.br\\\/?p=33160\",\"url\":\"https:\\\/\\\/inclusivenews.com.br\\\/?p=33160\",\"name\":\"A quantas anda a inclus\u00e3o? -\",\"isPartOf\":{\"@id\":\"https:\\\/\\\/inclusivenews.com.br\\\/#website\"},\"primaryImageOfPage\":{\"@id\":\"https:\\\/\\\/inclusivenews.com.br\\\/?p=33160#primaryimage\"},\"image\":{\"@id\":\"https:\\\/\\\/inclusivenews.com.br\\\/?p=33160#primaryimage\"},\"thumbnailUrl\":\"https:\\\/\\\/inclusivenews.com.br\\\/wp-content\\\/uploads\\\/2024\\\/04\\\/48c06cd8-af61-486e-b838-89995533e6fe.jpg\",\"datePublished\":\"2024-04-26T17:44:35+00:00\",\"dateModified\":\"2024-04-26T17:44:37+00:00\",\"breadcrumb\":{\"@id\":\"https:\\\/\\\/inclusivenews.com.br\\\/?p=33160#breadcrumb\"},\"inLanguage\":\"pt-PT\",\"potentialAction\":[{\"@type\":\"ReadAction\",\"target\":[\"https:\\\/\\\/inclusivenews.com.br\\\/?p=33160\"]}]},{\"@type\":\"ImageObject\",\"inLanguage\":\"pt-PT\",\"@id\":\"https:\\\/\\\/inclusivenews.com.br\\\/?p=33160#primaryimage\",\"url\":\"https:\\\/\\\/inclusivenews.com.br\\\/wp-content\\\/uploads\\\/2024\\\/04\\\/48c06cd8-af61-486e-b838-89995533e6fe.jpg\",\"contentUrl\":\"https:\\\/\\\/inclusivenews.com.br\\\/wp-content\\\/uploads\\\/2024\\\/04\\\/48c06cd8-af61-486e-b838-89995533e6fe.jpg\",\"width\":1080,\"height\":1080,\"caption\":\"Card - aula aberta. \u00c0 esquerda, foto de Marta Gil, mulher branca e sorridente. Fundo laranja, t\u00edtulo em letras brancas: A quantas anda a inclus\u00e3o? Em letras azuis: aula aberta. Dia 27\\\/04 das 9 \u00e0s 10h;30. 100% on-line e gratuito. Abaixo, s\u00edmbolo de c\u00e2mera de v\u00eddeo e em letras brancas: plataforma zoom. Abaixo: Voc\u00ea vai se atualizar no tema inclus\u00e3o da pessoa com defici\u00eancia com uma das maiores refer\u00eancias da \u00e1rea. Abaixo: Marta Gil, Soci\u00f3loga, Fundadora e Coordenadora Executiva do Amankay Instituto de Estudos e Pesquisas; consultora para empresas e \u00f3rg\u00e3os p\u00fablicos, palestrante em eventos nacionais e internacionais; autora de livros e artigos. \u00c0 direita link na bio. Abaixo: maiores informa\u00e7\u00f5es. cce puc-rio (21)97658- 6094. https:\\\/\\\/www.cce.puc-rio.br\\\/sitecce\\\/website\\\/website.dll\\\/folder?nCurso=aula-aberta:-a-quantas-anda-a-inclusao(question)&nInst=cce\"},{\"@type\":\"BreadcrumbList\",\"@id\":\"https:\\\/\\\/inclusivenews.com.br\\\/?p=33160#breadcrumb\",\"itemListElement\":[{\"@type\":\"ListItem\",\"position\":1,\"name\":\"In\u00edcio\",\"item\":\"https:\\\/\\\/inclusivenews.com.br\\\/\"},{\"@type\":\"ListItem\",\"position\":2,\"name\":\"A quantas anda a inclus\u00e3o?\"}]},{\"@type\":\"WebSite\",\"@id\":\"https:\\\/\\\/inclusivenews.com.br\\\/#website\",\"url\":\"https:\\\/\\\/inclusivenews.com.br\\\/\",\"name\":\"Inclusive News\",\"description\":\"Inclusive News\",\"publisher\":{\"@id\":\"https:\\\/\\\/inclusivenews.com.br\\\/#organization\"},\"potentialAction\":[{\"@type\":\"SearchAction\",\"target\":{\"@type\":\"EntryPoint\",\"urlTemplate\":\"https:\\\/\\\/inclusivenews.com.br\\\/?s={search_term_string}\"},\"query-input\":{\"@type\":\"PropertyValueSpecification\",\"valueRequired\":true,\"valueName\":\"search_term_string\"}}],\"inLanguage\":\"pt-PT\"},{\"@type\":\"Organization\",\"@id\":\"https:\\\/\\\/inclusivenews.com.br\\\/#organization\",\"name\":\"Inclusive - inclus\u00e3o e cidadania\",\"url\":\"https:\\\/\\\/inclusivenews.com.br\\\/\",\"logo\":{\"@type\":\"ImageObject\",\"inLanguage\":\"pt-PT\",\"@id\":\"https:\\\/\\\/inclusivenews.com.br\\\/#\\\/schema\\\/logo\\\/image\\\/\",\"url\":\"https:\\\/\\\/inclusivenews.com.br\\\/wp-content\\\/uploads\\\/2024\\\/03\\\/@grandesite.png\",\"contentUrl\":\"https:\\\/\\\/inclusivenews.com.br\\\/wp-content\\\/uploads\\\/2024\\\/03\\\/@grandesite.png\",\"width\":1080,\"height\":1080,\"caption\":\"Inclusive - inclus\u00e3o e cidadania\"},\"image\":{\"@id\":\"https:\\\/\\\/inclusivenews.com.br\\\/#\\\/schema\\\/logo\\\/image\\\/\"},\"sameAs\":[\"https:\\\/\\\/www.facebook.com\\\/agenciainclusive\\\/\",\"https:\\\/\\\/www.instagram.com\\\/newsinclusive\\\/\"]},{\"@type\":\"Person\",\"@id\":\"https:\\\/\\\/inclusivenews.com.br\\\/#\\\/schema\\\/person\\\/ae4ec7087559b8692fb33b6fffd2273b\",\"name\":\"inclusivenews2024\",\"image\":{\"@type\":\"ImageObject\",\"inLanguage\":\"pt-PT\",\"@id\":\"https:\\\/\\\/secure.gravatar.com\\\/avatar\\\/c5a7ef84c66fa914f55bc4f7ce26cfa275a3b9a1c5568b907bd184fb4dde7b40?s=96&d=mm&r=g\",\"url\":\"https:\\\/\\\/secure.gravatar.com\\\/avatar\\\/c5a7ef84c66fa914f55bc4f7ce26cfa275a3b9a1c5568b907bd184fb4dde7b40?s=96&d=mm&r=g\",\"contentUrl\":\"https:\\\/\\\/secure.gravatar.com\\\/avatar\\\/c5a7ef84c66fa914f55bc4f7ce26cfa275a3b9a1c5568b907bd184fb4dde7b40?s=96&d=mm&r=g\",\"caption\":\"inclusivenews2024\"},\"sameAs\":[\"https:\\\/\\\/inclusivenews.com.br\"],\"url\":\"https:\\\/\\\/inclusivenews.com.br\\\/?author=1\"}]}<\/script>\n<!-- \/ Yoast SEO plugin. -->","yoast_head_json":{"title":"A quantas anda a inclus\u00e3o? -","robots":{"index":"index","follow":"follow","max-snippet":"max-snippet:-1","max-image-preview":"max-image-preview:large","max-video-preview":"max-video-preview:-1"},"canonical":"https:\/\/inclusivenews.com.br\/?p=33160","og_locale":"pt_PT","og_type":"article","og_title":"A quantas anda a inclus\u00e3o? -","og_description":"Voc\u00ea vai se atualizar no tema inclus\u00e3o da pessoa com defici\u00eancia com uma das maiores refer\u00eancias da \u00e1rea. Aula aberta com Marta Gil. Marta Gil \u00e9 soci\u00f3loga, fundadora e Coordenadora Executiva do Amankay Instituto de Estudos e Pesquisas; consultora para empresas e \u00f3rg\u00e3os p\u00fablicos, palestrante em eventos nacionais e internacionais; autora de livros e artigos. [&hellip;]","og_url":"https:\/\/inclusivenews.com.br\/?p=33160","article_publisher":"https:\/\/www.facebook.com\/agenciainclusive\/","article_published_time":"2024-04-26T17:44:35+00:00","article_modified_time":"2024-04-26T17:44:37+00:00","og_image":[{"width":1080,"height":1080,"url":"https:\/\/inclusivenews.com.br\/wp-content\/uploads\/2024\/04\/48c06cd8-af61-486e-b838-89995533e6fe.jpg","type":"image\/jpeg"}],"author":"inclusivenews2024","twitter_card":"summary_large_image","twitter_misc":{"Escrito por":"inclusivenews2024","Tempo estimado de leitura":"1 minuto"},"schema":{"@context":"https:\/\/schema.org","@graph":[{"@type":"Article","@id":"https:\/\/inclusivenews.com.br\/?p=33160#article","isPartOf":{"@id":"https:\/\/inclusivenews.com.br\/?p=33160"},"author":{"name":"inclusivenews2024","@id":"https:\/\/inclusivenews.com.br\/#\/schema\/person\/ae4ec7087559b8692fb33b6fffd2273b"},"headline":"A quantas anda a inclus\u00e3o?","datePublished":"2024-04-26T17:44:35+00:00","dateModified":"2024-04-26T17:44:37+00:00","mainEntityOfPage":{"@id":"https:\/\/inclusivenews.com.br\/?p=33160"},"wordCount":121,"commentCount":0,"publisher":{"@id":"https:\/\/inclusivenews.com.br\/#organization"},"image":{"@id":"https:\/\/inclusivenews.com.br\/?p=33160#primaryimage"},"thumbnailUrl":"https:\/\/inclusivenews.com.br\/wp-content\/uploads\/2024\/04\/48c06cd8-af61-486e-b838-89995533e6fe.jpg","articleSection":["Cursos e eventos"],"inLanguage":"pt-PT","potentialAction":[{"@type":"CommentAction","name":"Comment","target":["https:\/\/inclusivenews.com.br\/?p=33160#respond"]}]},{"@type":"WebPage","@id":"https:\/\/inclusivenews.com.br\/?p=33160","url":"https:\/\/inclusivenews.com.br\/?p=33160","name":"A quantas anda a inclus\u00e3o? -","isPartOf":{"@id":"https:\/\/inclusivenews.com.br\/#website"},"primaryImageOfPage":{"@id":"https:\/\/inclusivenews.com.br\/?p=33160#primaryimage"},"image":{"@id":"https:\/\/inclusivenews.com.br\/?p=33160#primaryimage"},"thumbnailUrl":"https:\/\/inclusivenews.com.br\/wp-content\/uploads\/2024\/04\/48c06cd8-af61-486e-b838-89995533e6fe.jpg","datePublished":"2024-04-26T17:44:35+00:00","dateModified":"2024-04-26T17:44:37+00:00","breadcrumb":{"@id":"https:\/\/inclusivenews.com.br\/?p=33160#breadcrumb"},"inLanguage":"pt-PT","potentialAction":[{"@type":"ReadAction","target":["https:\/\/inclusivenews.com.br\/?p=33160"]}]},{"@type":"ImageObject","inLanguage":"pt-PT","@id":"https:\/\/inclusivenews.com.br\/?p=33160#primaryimage","url":"https:\/\/inclusivenews.com.br\/wp-content\/uploads\/2024\/04\/48c06cd8-af61-486e-b838-89995533e6fe.jpg","contentUrl":"https:\/\/inclusivenews.com.br\/wp-content\/uploads\/2024\/04\/48c06cd8-af61-486e-b838-89995533e6fe.jpg","width":1080,"height":1080,"caption":"Card - aula aberta. \u00c0 esquerda, foto de Marta Gil, mulher branca e sorridente. Fundo laranja, t\u00edtulo em letras brancas: A quantas anda a inclus\u00e3o? Em letras azuis: aula aberta. Dia 27\/04 das 9 \u00e0s 10h;30. 100% on-line e gratuito. Abaixo, s\u00edmbolo de c\u00e2mera de v\u00eddeo e em letras brancas: plataforma zoom. Abaixo: Voc\u00ea vai se atualizar no tema inclus\u00e3o da pessoa com defici\u00eancia com uma das maiores refer\u00eancias da \u00e1rea. Abaixo: Marta Gil, Soci\u00f3loga, Fundadora e Coordenadora Executiva do Amankay Instituto de Estudos e Pesquisas; consultora para empresas e \u00f3rg\u00e3os p\u00fablicos, palestrante em eventos nacionais e internacionais; autora de livros e artigos. \u00c0 direita link na bio. Abaixo: maiores informa\u00e7\u00f5es. cce puc-rio (21)97658- 6094. https:\/\/www.cce.puc-rio.br\/sitecce\/website\/website.dll\/folder?nCurso=aula-aberta:-a-quantas-anda-a-inclusao(question)&nInst=cce"},{"@type":"BreadcrumbList","@id":"https:\/\/inclusivenews.com.br\/?p=33160#breadcrumb","itemListElement":[{"@type":"ListItem","position":1,"name":"In\u00edcio","item":"https:\/\/inclusivenews.com.br\/"},{"@type":"ListItem","position":2,"name":"A quantas anda a inclus\u00e3o?"}]},{"@type":"WebSite","@id":"https:\/\/inclusivenews.com.br\/#website","url":"https:\/\/inclusivenews.com.br\/","name":"Inclusive News","description":"Inclusive News","publisher":{"@id":"https:\/\/inclusivenews.com.br\/#organization"},"potentialAction":[{"@type":"SearchAction","target":{"@type":"EntryPoint","urlTemplate":"https:\/\/inclusivenews.com.br\/?s={search_term_string}"},"query-input":{"@type":"PropertyValueSpecification","valueRequired":true,"valueName":"search_term_string"}}],"inLanguage":"pt-PT"},{"@type":"Organization","@id":"https:\/\/inclusivenews.com.br\/#organization","name":"Inclusive - inclus\u00e3o e cidadania","url":"https:\/\/inclusivenews.com.br\/","logo":{"@type":"ImageObject","inLanguage":"pt-PT","@id":"https:\/\/inclusivenews.com.br\/#\/schema\/logo\/image\/","url":"https:\/\/inclusivenews.com.br\/wp-content\/uploads\/2024\/03\/@grandesite.png","contentUrl":"https:\/\/inclusivenews.com.br\/wp-content\/uploads\/2024\/03\/@grandesite.png","width":1080,"height":1080,"caption":"Inclusive - inclus\u00e3o e cidadania"},"image":{"@id":"https:\/\/inclusivenews.com.br\/#\/schema\/logo\/image\/"},"sameAs":["https:\/\/www.facebook.com\/agenciainclusive\/","https:\/\/www.instagram.com\/newsinclusive\/"]},{"@type":"Person","@id":"https:\/\/inclusivenews.com.br\/#\/schema\/person\/ae4ec7087559b8692fb33b6fffd2273b","name":"inclusivenews2024","image":{"@type":"ImageObject","inLanguage":"pt-PT","@id":"https:\/\/secure.gravatar.com\/avatar\/c5a7ef84c66fa914f55bc4f7ce26cfa275a3b9a1c5568b907bd184fb4dde7b40?s=96&d=mm&r=g","url":"https:\/\/secure.gravatar.com\/avatar\/c5a7ef84c66fa914f55bc4f7ce26cfa275a3b9a1c5568b907bd184fb4dde7b40?s=96&d=mm&r=g","contentUrl":"https:\/\/secure.gravatar.com\/avatar\/c5a7ef84c66fa914f55bc4f7ce26cfa275a3b9a1c5568b907bd184fb4dde7b40?s=96&d=mm&r=g","caption":"inclusivenews2024"},"sameAs":["https:\/\/inclusivenews.com.br"],"url":"https:\/\/inclusivenews.com.br\/?author=1"}]}},"_links":{"self":[{"href":"https:\/\/inclusivenews.com.br\/index.php?rest_route=\/wp\/v2\/posts\/33160","targetHints":{"allow":["GET"]}}],"collection":[{"href":"https:\/\/inclusivenews.com.br\/index.php?rest_route=\/wp\/v2\/posts"}],"about":[{"href":"https:\/\/inclusivenews.com.br\/index.php?rest_route=\/wp\/v2\/types\/post"}],"author":[{"embeddable":true,"href":"https:\/\/inclusivenews.com.br\/index.php?rest_route=\/wp\/v2\/users\/1"}],"replies":[{"embeddable":true,"href":"https:\/\/inclusivenews.com.br\/index.php?rest_route=%2Fwp%2Fv2%2Fcomments&post=33160"}],"version-history":[{"count":1,"href":"https:\/\/inclusivenews.com.br\/index.php?rest_route=\/wp\/v2\/posts\/33160\/revisions"}],"predecessor-version":[{"id":33162,"href":"https:\/\/inclusivenews.com.br\/index.php?rest_route=\/wp\/v2\/posts\/33160\/revisions\/33162"}],"wp:featuredmedia":[{"embeddable":true,"href":"https:\/\/inclusivenews.com.br\/index.php?rest_route=\/wp\/v2\/media\/33161"}],"wp:attachment":[{"href":"https:\/\/inclusivenews.com.br\/index.php?rest_route=%2Fwp%2Fv2%2Fmedia&parent=33160"}],"wp:term":[{"taxonomy":"category","embeddable":true,"href":"https:\/\/inclusivenews.com.br\/index.php?rest_route=%2Fwp%2Fv2%2Fcategories&post=33160"},{"taxonomy":"post_tag","embeddable":true,"href":"https:\/\/inclusivenews.com.br\/index.php?rest_route=%2Fwp%2Fv2%2Ftags&post=33160"}],"curies":[{"name":"wp","href":"https:\/\/api.w.org\/{rel}","templated":true}]}}