{"id":33163,"date":"2024-04-28T15:29:34","date_gmt":"2024-04-28T15:29:34","guid":{"rendered":"https:\/\/inclusivenews.com.br\/?p=33163"},"modified":"2024-04-28T15:29:35","modified_gmt":"2024-04-28T15:29:35","slug":"participacao-social-na-politica-nacional-de-cuidados","status":"publish","type":"post","link":"https:\/\/inclusivenews.com.br\/?p=33163","title":{"rendered":"Participa\u00e7\u00e3o social na pol\u00edtica nacional de cuidados"},"content":{"rendered":"\n<p>&#8220;Cuidado n\u00e3o \u00e9 um servi\u00e7o nem somente &#8216;cuidados b\u00e1sicos de vida di\u00e1ria&#8217;. <br>\u00c9 um instrumental de participa\u00e7\u00e3o pessoal, \u00e9 uma media\u00e7\u00e3o assistiva, de pessoas inclusive, <br>para a garantia de uma vida digna, com igualdade de oportunidade, de Cuidados e Cuidadoras.&#8221; <\/p>\n\n\n\n<figure class=\"wp-block-image size-large is-resized\"><img loading=\"lazy\" decoding=\"async\" width=\"1024\" height=\"572\" src=\"https:\/\/inclusivenews.com.br\/wp-content\/uploads\/2024\/04\/cuidado-1024x572.png\" alt=\"Grupo participantes, a maioria mulheres com e sem defici\u00eancia.\" class=\"wp-image-33164\" style=\"width:657px;height:auto\" srcset=\"https:\/\/inclusivenews.com.br\/wp-content\/uploads\/2024\/04\/cuidado-1024x572.png 1024w, https:\/\/inclusivenews.com.br\/wp-content\/uploads\/2024\/04\/cuidado-300x168.png 300w, https:\/\/inclusivenews.com.br\/wp-content\/uploads\/2024\/04\/cuidado-768x429.png 768w, https:\/\/inclusivenews.com.br\/wp-content\/uploads\/2024\/04\/cuidado.png 1260w\" sizes=\"auto, (max-width: 1024px) 100vw, 1024px\" \/><\/figure>\n\n\n\n<p>Na \u00faltima semana, a Secretaria Nacional da Pol\u00edtica de Cuidados e Fam\u00edlia <br>do Minist\u00e9rio do Desenvolvimento e Assist\u00eancia Social, Fam\u00edlia e Combate \u00e0 Fome <br>realizou Oficina de Constru\u00e7\u00e3o de Proposta de Participa\u00e7\u00e3o Social na Governan\u00e7a <br>do Plano Nacional de Cuidado, que reuniu representantes de representantes <br>de movimentos sociais priorit\u00e1rios.<\/p>\n\n\n\n<figure class=\"wp-block-image size-large is-resized\"><img loading=\"lazy\" decoding=\"async\" width=\"1024\" height=\"769\" src=\"https:\/\/inclusivenews.com.br\/wp-content\/uploads\/2024\/04\/lisane-rosana-thais-1024x769.jpg\" alt=\"Thais, Lisame e Rosana Lago.\" class=\"wp-image-33165\" style=\"width:523px;height:auto\" srcset=\"https:\/\/inclusivenews.com.br\/wp-content\/uploads\/2024\/04\/lisane-rosana-thais-1024x769.jpg 1024w, https:\/\/inclusivenews.com.br\/wp-content\/uploads\/2024\/04\/lisane-rosana-thais-300x225.jpg 300w, https:\/\/inclusivenews.com.br\/wp-content\/uploads\/2024\/04\/lisane-rosana-thais-768x577.jpg 768w, https:\/\/inclusivenews.com.br\/wp-content\/uploads\/2024\/04\/lisane-rosana-thais.jpg 1080w\" sizes=\"auto, (max-width: 1024px) 100vw, 1024px\" \/><\/figure>\n\n\n\n<p>Foto: Thais Becker, do Instituto C\u00e1ue, Lisane Marques Lima, do MDS e Rosana Lago, da Frente Nacional das Mulheres com Defici\u00eancia.<\/p>\n\n\n\n<p>O objetivo da Oficina foi coletar informa\u00e7\u00f5es e sugest\u00f5es <br>para a elabora\u00e7\u00e3o da Pol\u00edtica Nacional de Cuidados.<\/p>\n\n\n\n<p>A Secret\u00e1ria Lais Abramo apresentou os principais eixos do Plano Nacional de Cuidados e seus desafios. <br>Foram expostas tamb\u00e9m experi\u00eancias e boas pr\u00e1ticas na \u00e1rea.<\/p>\n\n\n\n<figure class=\"wp-block-image size-large is-resized\"><img loading=\"lazy\" decoding=\"async\" width=\"1024\" height=\"797\" src=\"https:\/\/inclusivenews.com.br\/wp-content\/uploads\/2024\/04\/jng-flavia-1024x797.png\" alt=\"grupo de discuss\u00e3o\" class=\"wp-image-33166\" style=\"width:511px;height:auto\" srcset=\"https:\/\/inclusivenews.com.br\/wp-content\/uploads\/2024\/04\/jng-flavia-1024x797.png 1024w, https:\/\/inclusivenews.com.br\/wp-content\/uploads\/2024\/04\/jng-flavia-300x233.png 300w, https:\/\/inclusivenews.com.br\/wp-content\/uploads\/2024\/04\/jng-flavia-768x597.png 768w, https:\/\/inclusivenews.com.br\/wp-content\/uploads\/2024\/04\/jng-flavia.png 1054w\" sizes=\"auto, (max-width: 1024px) 100vw, 1024px\" \/><\/figure>\n\n\n\n<p>Foto: grupo reunido em mesa, incluindo Flavia Poppe, de brando, do Instituto JNG, representando a Rede Brasileira de Inclus\u00e3o.<\/p>\n\n\n\n<p>Em seguida, os participantes se reuniram em grupos para propor sugest\u00f5es <br>para a participa\u00e7\u00e3o social na implanta\u00e7\u00e3o da pol\u00edtica.<\/p>\n\n\n\n<p>Como aponta Deusina Lopes da Cruz:<\/p>\n\n\n\n<p>&#8221; CUIDADO \u00e9 um conceito poliss\u00eamico.<br><br>Na SA\u00daDE significa cuidar da sa\u00fade mental inclusive e da doen\u00e7a<br>Na EDUCA\u00c7\u00c3O garantir a acessibilidade e as condi\u00e7\u00f5es de inclus\u00e3o nas escolas em todos os n\u00edveis &#8211; o Profissional de Apoio Escolar e outros recursos da Educa\u00e7\u00e3o Especial e do AEE. <br>Na ASSIST\u00caNCIA SOCIALl significa garantir conviv\u00eancia e o fortalecimento de v\u00ednculos em situa\u00e7\u00e3o de risco. Prestar servi\u00e7os e benef\u00edcios que garantam a seguran\u00e7a alimentar, acolhimento, evitem o isolamento social, compartilham cuidados b\u00e1sicos de vida di\u00e1ria e cuidados instrumentai de participacao social com as m\u00e3es cuidadoras. <br>Envolve ainda a CULTURA, LAZER, TRABALHO, renda, auxilios, isen\u00e7\u00f5es, redu\u00e7\u00e3o de taxas, licen\u00e7a para cuidar de homens e mulheres cuidadoras. <\/p>\n\n\n\n<p>As a\u00e7\u00f5es da pol\u00edtica consideram o CUIDADO interralacional, envolve cuidados e cuidadoras, \u00e9 um direito social, pol\u00edtico, \u00e9tico e econ\u00f4mico. Imp\u00f5e profissionaliza\u00e7\u00e3o, capacita\u00e7\u00e3o, emprego, renda e prote\u00e7\u00e3o na velhice. <\/p>\n\n\n\n<p>\u00c9 esta a riqueza que agiganta a nova cultura do cuidado na \u00e1rea das Pcds, autistas e cuidadoras.<\/p>\n\n\n\n<figure class=\"wp-block-image size-large is-resized\"><img loading=\"lazy\" decoding=\"async\" width=\"1024\" height=\"768\" src=\"https:\/\/inclusivenews.com.br\/wp-content\/uploads\/2024\/04\/rosana-deusina-1024x768.jpg\" alt=\"Rosana Lago da Frente Nacional de Mulheres com Defici\u00eancia e Deusina Lopes da Cruz, do MDS.\" class=\"wp-image-33167\" style=\"width:537px;height:auto\" srcset=\"https:\/\/inclusivenews.com.br\/wp-content\/uploads\/2024\/04\/rosana-deusina-1024x768.jpg 1024w, https:\/\/inclusivenews.com.br\/wp-content\/uploads\/2024\/04\/rosana-deusina-300x225.jpg 300w, https:\/\/inclusivenews.com.br\/wp-content\/uploads\/2024\/04\/rosana-deusina-768x576.jpg 768w, https:\/\/inclusivenews.com.br\/wp-content\/uploads\/2024\/04\/rosana-deusina.jpg 1080w\" sizes=\"auto, (max-width: 1024px) 100vw, 1024px\" \/><\/figure>\n\n\n\n<p>Foto: Rosana Lago da Frente Nacional de Mulheres com Defici\u00eancia e Deusina Lopes Cruz do MDS e da FNMD.<\/p>\n\n\n\n<p>Pesquisa nacional sobre Trabalho Dom\u00e9stico e de Cuidados, feita pelo governo brasileiro, em parceria do Instituto de Pesquisas Aplicada (IPEA) com o Minist\u00e9rio da Igualdade Racial, revelou que no Brasil, existem aproximadamente 47,5 milh\u00f5es de pessoas envolvidas em cuidados, sendo que 78,0% s\u00e3o mulheres e 55% s\u00e3o mulheres negras.<\/p>\n\n\n\n<p>A proposta de Pol\u00edtica Nacional de Cuidados e o Plano Nacional de Cuidados, previstos para serem entregues em maio, est\u00e3o sendo desenvolvidos em conjunto pelo MDs e Minist\u00e9rio das Mulheres e pretendem garantir o direito ao cuidado para todas as pessoas que necessitam, reconhecendo e enfrentando as desigualdades estruturais da sociedade brasileira, incluindo g\u00eanero, classe, ra\u00e7a, etnia, defici\u00eancia e idade.<\/p>\n\n\n\n<p><\/p>\n","protected":false},"excerpt":{"rendered":"<p>&#8220;Cuidado n\u00e3o \u00e9 um servi\u00e7o nem somente &#8216;cuidados b\u00e1sicos de vida di\u00e1ria&#8217;. \u00c9 um instrumental de participa\u00e7\u00e3o pessoal, \u00e9 uma media\u00e7\u00e3o assistiva, de pessoas inclusive, para a garantia de uma vida digna, com igualdade de oportunidade, de Cuidados e Cuidadoras.&#8221; Na \u00faltima semana, a Secretaria Nacional da Pol\u00edtica de Cuidados e Fam\u00edlia do Minist\u00e9rio do [&hellip;]<\/p>\n","protected":false},"author":1,"featured_media":33164,"comment_status":"open","ping_status":"open","sticky":false,"template":"","format":"standard","meta":{"site-container-style":"default","site-container-layout":"default","site-sidebar-layout":"default","disable-article-header":"default","disable-site-header":"default","disable-site-footer":"default","disable-content-area-spacing":"default","footnotes":""},"categories":[467,49],"tags":[],"class_list":["post-33163","post","type-post","status-publish","format-standard","has-post-thumbnail","hentry","category-participacao-social","category-politicas-publicas"],"yoast_head":"<!-- This site is optimized with the Yoast SEO plugin v27.4 - https:\/\/yoast.com\/product\/yoast-seo-wordpress\/ -->\n<title>Participa\u00e7\u00e3o social na pol\u00edtica nacional de cuidados -<\/title>\n<meta name=\"robots\" content=\"index, follow, max-snippet:-1, max-image-preview:large, max-video-preview:-1\" \/>\n<link rel=\"canonical\" href=\"https:\/\/inclusivenews.com.br\/?p=33163\" \/>\n<meta property=\"og:locale\" content=\"pt_PT\" \/>\n<meta property=\"og:type\" content=\"article\" \/>\n<meta property=\"og:title\" content=\"Participa\u00e7\u00e3o social na pol\u00edtica nacional de cuidados -\" \/>\n<meta property=\"og:description\" content=\"&#8220;Cuidado n\u00e3o \u00e9 um servi\u00e7o nem somente &#8216;cuidados b\u00e1sicos de vida di\u00e1ria&#8217;. \u00c9 um instrumental de participa\u00e7\u00e3o pessoal, \u00e9 uma media\u00e7\u00e3o assistiva, de pessoas inclusive, para a garantia de uma vida digna, com igualdade de oportunidade, de Cuidados e Cuidadoras.&#8221; Na \u00faltima semana, a Secretaria Nacional da Pol\u00edtica de Cuidados e Fam\u00edlia do Minist\u00e9rio do [&hellip;]\" \/>\n<meta property=\"og:url\" content=\"https:\/\/inclusivenews.com.br\/?p=33163\" \/>\n<meta property=\"article:publisher\" content=\"https:\/\/www.facebook.com\/agenciainclusive\/\" \/>\n<meta property=\"article:published_time\" content=\"2024-04-28T15:29:34+00:00\" \/>\n<meta property=\"article:modified_time\" content=\"2024-04-28T15:29:35+00:00\" \/>\n<meta property=\"og:image\" content=\"https:\/\/inclusivenews.com.br\/wp-content\/uploads\/2024\/04\/cuidado.png\" \/>\n\t<meta property=\"og:image:width\" content=\"1260\" \/>\n\t<meta property=\"og:image:height\" content=\"704\" \/>\n\t<meta property=\"og:image:type\" content=\"image\/png\" \/>\n<meta name=\"author\" content=\"inclusivenews2024\" \/>\n<meta name=\"twitter:card\" content=\"summary_large_image\" \/>\n<meta name=\"twitter:label1\" content=\"Escrito por\" \/>\n\t<meta name=\"twitter:data1\" content=\"inclusivenews2024\" \/>\n\t<meta name=\"twitter:label2\" content=\"Tempo estimado de leitura\" \/>\n\t<meta name=\"twitter:data2\" content=\"4 minutos\" \/>\n<script type=\"application\/ld+json\" class=\"yoast-schema-graph\">{\"@context\":\"https:\\\/\\\/schema.org\",\"@graph\":[{\"@type\":\"Article\",\"@id\":\"https:\\\/\\\/inclusivenews.com.br\\\/?p=33163#article\",\"isPartOf\":{\"@id\":\"https:\\\/\\\/inclusivenews.com.br\\\/?p=33163\"},\"author\":{\"name\":\"inclusivenews2024\",\"@id\":\"https:\\\/\\\/inclusivenews.com.br\\\/#\\\/schema\\\/person\\\/ae4ec7087559b8692fb33b6fffd2273b\"},\"headline\":\"Participa\u00e7\u00e3o social na pol\u00edtica nacional de cuidados\",\"datePublished\":\"2024-04-28T15:29:34+00:00\",\"dateModified\":\"2024-04-28T15:29:35+00:00\",\"mainEntityOfPage\":{\"@id\":\"https:\\\/\\\/inclusivenews.com.br\\\/?p=33163\"},\"wordCount\":553,\"commentCount\":0,\"publisher\":{\"@id\":\"https:\\\/\\\/inclusivenews.com.br\\\/#organization\"},\"image\":{\"@id\":\"https:\\\/\\\/inclusivenews.com.br\\\/?p=33163#primaryimage\"},\"thumbnailUrl\":\"https:\\\/\\\/inclusivenews.com.br\\\/wp-content\\\/uploads\\\/2024\\\/04\\\/cuidado.png\",\"articleSection\":[\"Participa\u00e7\u00e3o social\",\"Pol\u00edticas p\u00fablicas\"],\"inLanguage\":\"pt-PT\",\"potentialAction\":[{\"@type\":\"CommentAction\",\"name\":\"Comment\",\"target\":[\"https:\\\/\\\/inclusivenews.com.br\\\/?p=33163#respond\"]}]},{\"@type\":\"WebPage\",\"@id\":\"https:\\\/\\\/inclusivenews.com.br\\\/?p=33163\",\"url\":\"https:\\\/\\\/inclusivenews.com.br\\\/?p=33163\",\"name\":\"Participa\u00e7\u00e3o social na pol\u00edtica nacional de cuidados -\",\"isPartOf\":{\"@id\":\"https:\\\/\\\/inclusivenews.com.br\\\/#website\"},\"primaryImageOfPage\":{\"@id\":\"https:\\\/\\\/inclusivenews.com.br\\\/?p=33163#primaryimage\"},\"image\":{\"@id\":\"https:\\\/\\\/inclusivenews.com.br\\\/?p=33163#primaryimage\"},\"thumbnailUrl\":\"https:\\\/\\\/inclusivenews.com.br\\\/wp-content\\\/uploads\\\/2024\\\/04\\\/cuidado.png\",\"datePublished\":\"2024-04-28T15:29:34+00:00\",\"dateModified\":\"2024-04-28T15:29:35+00:00\",\"breadcrumb\":{\"@id\":\"https:\\\/\\\/inclusivenews.com.br\\\/?p=33163#breadcrumb\"},\"inLanguage\":\"pt-PT\",\"potentialAction\":[{\"@type\":\"ReadAction\",\"target\":[\"https:\\\/\\\/inclusivenews.com.br\\\/?p=33163\"]}]},{\"@type\":\"ImageObject\",\"inLanguage\":\"pt-PT\",\"@id\":\"https:\\\/\\\/inclusivenews.com.br\\\/?p=33163#primaryimage\",\"url\":\"https:\\\/\\\/inclusivenews.com.br\\\/wp-content\\\/uploads\\\/2024\\\/04\\\/cuidado.png\",\"contentUrl\":\"https:\\\/\\\/inclusivenews.com.br\\\/wp-content\\\/uploads\\\/2024\\\/04\\\/cuidado.png\",\"width\":1260,\"height\":704},{\"@type\":\"BreadcrumbList\",\"@id\":\"https:\\\/\\\/inclusivenews.com.br\\\/?p=33163#breadcrumb\",\"itemListElement\":[{\"@type\":\"ListItem\",\"position\":1,\"name\":\"In\u00edcio\",\"item\":\"https:\\\/\\\/inclusivenews.com.br\\\/\"},{\"@type\":\"ListItem\",\"position\":2,\"name\":\"Participa\u00e7\u00e3o social na pol\u00edtica nacional de cuidados\"}]},{\"@type\":\"WebSite\",\"@id\":\"https:\\\/\\\/inclusivenews.com.br\\\/#website\",\"url\":\"https:\\\/\\\/inclusivenews.com.br\\\/\",\"name\":\"Inclusive News\",\"description\":\"Inclusive News\",\"publisher\":{\"@id\":\"https:\\\/\\\/inclusivenews.com.br\\\/#organization\"},\"potentialAction\":[{\"@type\":\"SearchAction\",\"target\":{\"@type\":\"EntryPoint\",\"urlTemplate\":\"https:\\\/\\\/inclusivenews.com.br\\\/?s={search_term_string}\"},\"query-input\":{\"@type\":\"PropertyValueSpecification\",\"valueRequired\":true,\"valueName\":\"search_term_string\"}}],\"inLanguage\":\"pt-PT\"},{\"@type\":\"Organization\",\"@id\":\"https:\\\/\\\/inclusivenews.com.br\\\/#organization\",\"name\":\"Inclusive - inclus\u00e3o e cidadania\",\"url\":\"https:\\\/\\\/inclusivenews.com.br\\\/\",\"logo\":{\"@type\":\"ImageObject\",\"inLanguage\":\"pt-PT\",\"@id\":\"https:\\\/\\\/inclusivenews.com.br\\\/#\\\/schema\\\/logo\\\/image\\\/\",\"url\":\"https:\\\/\\\/inclusivenews.com.br\\\/wp-content\\\/uploads\\\/2024\\\/03\\\/@grandesite.png\",\"contentUrl\":\"https:\\\/\\\/inclusivenews.com.br\\\/wp-content\\\/uploads\\\/2024\\\/03\\\/@grandesite.png\",\"width\":1080,\"height\":1080,\"caption\":\"Inclusive - inclus\u00e3o e cidadania\"},\"image\":{\"@id\":\"https:\\\/\\\/inclusivenews.com.br\\\/#\\\/schema\\\/logo\\\/image\\\/\"},\"sameAs\":[\"https:\\\/\\\/www.facebook.com\\\/agenciainclusive\\\/\",\"https:\\\/\\\/www.instagram.com\\\/newsinclusive\\\/\"]},{\"@type\":\"Person\",\"@id\":\"https:\\\/\\\/inclusivenews.com.br\\\/#\\\/schema\\\/person\\\/ae4ec7087559b8692fb33b6fffd2273b\",\"name\":\"inclusivenews2024\",\"image\":{\"@type\":\"ImageObject\",\"inLanguage\":\"pt-PT\",\"@id\":\"https:\\\/\\\/secure.gravatar.com\\\/avatar\\\/c5a7ef84c66fa914f55bc4f7ce26cfa275a3b9a1c5568b907bd184fb4dde7b40?s=96&d=mm&r=g\",\"url\":\"https:\\\/\\\/secure.gravatar.com\\\/avatar\\\/c5a7ef84c66fa914f55bc4f7ce26cfa275a3b9a1c5568b907bd184fb4dde7b40?s=96&d=mm&r=g\",\"contentUrl\":\"https:\\\/\\\/secure.gravatar.com\\\/avatar\\\/c5a7ef84c66fa914f55bc4f7ce26cfa275a3b9a1c5568b907bd184fb4dde7b40?s=96&d=mm&r=g\",\"caption\":\"inclusivenews2024\"},\"sameAs\":[\"https:\\\/\\\/inclusivenews.com.br\"],\"url\":\"https:\\\/\\\/inclusivenews.com.br\\\/?author=1\"}]}<\/script>\n<!-- \/ Yoast SEO plugin. -->","yoast_head_json":{"title":"Participa\u00e7\u00e3o social na pol\u00edtica nacional de cuidados -","robots":{"index":"index","follow":"follow","max-snippet":"max-snippet:-1","max-image-preview":"max-image-preview:large","max-video-preview":"max-video-preview:-1"},"canonical":"https:\/\/inclusivenews.com.br\/?p=33163","og_locale":"pt_PT","og_type":"article","og_title":"Participa\u00e7\u00e3o social na pol\u00edtica nacional de cuidados -","og_description":"&#8220;Cuidado n\u00e3o \u00e9 um servi\u00e7o nem somente &#8216;cuidados b\u00e1sicos de vida di\u00e1ria&#8217;. \u00c9 um instrumental de participa\u00e7\u00e3o pessoal, \u00e9 uma media\u00e7\u00e3o assistiva, de pessoas inclusive, para a garantia de uma vida digna, com igualdade de oportunidade, de Cuidados e Cuidadoras.&#8221; Na \u00faltima semana, a Secretaria Nacional da Pol\u00edtica de Cuidados e Fam\u00edlia do Minist\u00e9rio do [&hellip;]","og_url":"https:\/\/inclusivenews.com.br\/?p=33163","article_publisher":"https:\/\/www.facebook.com\/agenciainclusive\/","article_published_time":"2024-04-28T15:29:34+00:00","article_modified_time":"2024-04-28T15:29:35+00:00","og_image":[{"width":1260,"height":704,"url":"https:\/\/inclusivenews.com.br\/wp-content\/uploads\/2024\/04\/cuidado.png","type":"image\/png"}],"author":"inclusivenews2024","twitter_card":"summary_large_image","twitter_misc":{"Escrito por":"inclusivenews2024","Tempo estimado de leitura":"4 minutos"},"schema":{"@context":"https:\/\/schema.org","@graph":[{"@type":"Article","@id":"https:\/\/inclusivenews.com.br\/?p=33163#article","isPartOf":{"@id":"https:\/\/inclusivenews.com.br\/?p=33163"},"author":{"name":"inclusivenews2024","@id":"https:\/\/inclusivenews.com.br\/#\/schema\/person\/ae4ec7087559b8692fb33b6fffd2273b"},"headline":"Participa\u00e7\u00e3o social na pol\u00edtica nacional de cuidados","datePublished":"2024-04-28T15:29:34+00:00","dateModified":"2024-04-28T15:29:35+00:00","mainEntityOfPage":{"@id":"https:\/\/inclusivenews.com.br\/?p=33163"},"wordCount":553,"commentCount":0,"publisher":{"@id":"https:\/\/inclusivenews.com.br\/#organization"},"image":{"@id":"https:\/\/inclusivenews.com.br\/?p=33163#primaryimage"},"thumbnailUrl":"https:\/\/inclusivenews.com.br\/wp-content\/uploads\/2024\/04\/cuidado.png","articleSection":["Participa\u00e7\u00e3o social","Pol\u00edticas p\u00fablicas"],"inLanguage":"pt-PT","potentialAction":[{"@type":"CommentAction","name":"Comment","target":["https:\/\/inclusivenews.com.br\/?p=33163#respond"]}]},{"@type":"WebPage","@id":"https:\/\/inclusivenews.com.br\/?p=33163","url":"https:\/\/inclusivenews.com.br\/?p=33163","name":"Participa\u00e7\u00e3o social na pol\u00edtica nacional de cuidados -","isPartOf":{"@id":"https:\/\/inclusivenews.com.br\/#website"},"primaryImageOfPage":{"@id":"https:\/\/inclusivenews.com.br\/?p=33163#primaryimage"},"image":{"@id":"https:\/\/inclusivenews.com.br\/?p=33163#primaryimage"},"thumbnailUrl":"https:\/\/inclusivenews.com.br\/wp-content\/uploads\/2024\/04\/cuidado.png","datePublished":"2024-04-28T15:29:34+00:00","dateModified":"2024-04-28T15:29:35+00:00","breadcrumb":{"@id":"https:\/\/inclusivenews.com.br\/?p=33163#breadcrumb"},"inLanguage":"pt-PT","potentialAction":[{"@type":"ReadAction","target":["https:\/\/inclusivenews.com.br\/?p=33163"]}]},{"@type":"ImageObject","inLanguage":"pt-PT","@id":"https:\/\/inclusivenews.com.br\/?p=33163#primaryimage","url":"https:\/\/inclusivenews.com.br\/wp-content\/uploads\/2024\/04\/cuidado.png","contentUrl":"https:\/\/inclusivenews.com.br\/wp-content\/uploads\/2024\/04\/cuidado.png","width":1260,"height":704},{"@type":"BreadcrumbList","@id":"https:\/\/inclusivenews.com.br\/?p=33163#breadcrumb","itemListElement":[{"@type":"ListItem","position":1,"name":"In\u00edcio","item":"https:\/\/inclusivenews.com.br\/"},{"@type":"ListItem","position":2,"name":"Participa\u00e7\u00e3o social na pol\u00edtica nacional de cuidados"}]},{"@type":"WebSite","@id":"https:\/\/inclusivenews.com.br\/#website","url":"https:\/\/inclusivenews.com.br\/","name":"Inclusive News","description":"Inclusive News","publisher":{"@id":"https:\/\/inclusivenews.com.br\/#organization"},"potentialAction":[{"@type":"SearchAction","target":{"@type":"EntryPoint","urlTemplate":"https:\/\/inclusivenews.com.br\/?s={search_term_string}"},"query-input":{"@type":"PropertyValueSpecification","valueRequired":true,"valueName":"search_term_string"}}],"inLanguage":"pt-PT"},{"@type":"Organization","@id":"https:\/\/inclusivenews.com.br\/#organization","name":"Inclusive - inclus\u00e3o e cidadania","url":"https:\/\/inclusivenews.com.br\/","logo":{"@type":"ImageObject","inLanguage":"pt-PT","@id":"https:\/\/inclusivenews.com.br\/#\/schema\/logo\/image\/","url":"https:\/\/inclusivenews.com.br\/wp-content\/uploads\/2024\/03\/@grandesite.png","contentUrl":"https:\/\/inclusivenews.com.br\/wp-content\/uploads\/2024\/03\/@grandesite.png","width":1080,"height":1080,"caption":"Inclusive - inclus\u00e3o e cidadania"},"image":{"@id":"https:\/\/inclusivenews.com.br\/#\/schema\/logo\/image\/"},"sameAs":["https:\/\/www.facebook.com\/agenciainclusive\/","https:\/\/www.instagram.com\/newsinclusive\/"]},{"@type":"Person","@id":"https:\/\/inclusivenews.com.br\/#\/schema\/person\/ae4ec7087559b8692fb33b6fffd2273b","name":"inclusivenews2024","image":{"@type":"ImageObject","inLanguage":"pt-PT","@id":"https:\/\/secure.gravatar.com\/avatar\/c5a7ef84c66fa914f55bc4f7ce26cfa275a3b9a1c5568b907bd184fb4dde7b40?s=96&d=mm&r=g","url":"https:\/\/secure.gravatar.com\/avatar\/c5a7ef84c66fa914f55bc4f7ce26cfa275a3b9a1c5568b907bd184fb4dde7b40?s=96&d=mm&r=g","contentUrl":"https:\/\/secure.gravatar.com\/avatar\/c5a7ef84c66fa914f55bc4f7ce26cfa275a3b9a1c5568b907bd184fb4dde7b40?s=96&d=mm&r=g","caption":"inclusivenews2024"},"sameAs":["https:\/\/inclusivenews.com.br"],"url":"https:\/\/inclusivenews.com.br\/?author=1"}]}},"_links":{"self":[{"href":"https:\/\/inclusivenews.com.br\/index.php?rest_route=\/wp\/v2\/posts\/33163","targetHints":{"allow":["GET"]}}],"collection":[{"href":"https:\/\/inclusivenews.com.br\/index.php?rest_route=\/wp\/v2\/posts"}],"about":[{"href":"https:\/\/inclusivenews.com.br\/index.php?rest_route=\/wp\/v2\/types\/post"}],"author":[{"embeddable":true,"href":"https:\/\/inclusivenews.com.br\/index.php?rest_route=\/wp\/v2\/users\/1"}],"replies":[{"embeddable":true,"href":"https:\/\/inclusivenews.com.br\/index.php?rest_route=%2Fwp%2Fv2%2Fcomments&post=33163"}],"version-history":[{"count":2,"href":"https:\/\/inclusivenews.com.br\/index.php?rest_route=\/wp\/v2\/posts\/33163\/revisions"}],"predecessor-version":[{"id":33169,"href":"https:\/\/inclusivenews.com.br\/index.php?rest_route=\/wp\/v2\/posts\/33163\/revisions\/33169"}],"wp:featuredmedia":[{"embeddable":true,"href":"https:\/\/inclusivenews.com.br\/index.php?rest_route=\/wp\/v2\/media\/33164"}],"wp:attachment":[{"href":"https:\/\/inclusivenews.com.br\/index.php?rest_route=%2Fwp%2Fv2%2Fmedia&parent=33163"}],"wp:term":[{"taxonomy":"category","embeddable":true,"href":"https:\/\/inclusivenews.com.br\/index.php?rest_route=%2Fwp%2Fv2%2Fcategories&post=33163"},{"taxonomy":"post_tag","embeddable":true,"href":"https:\/\/inclusivenews.com.br\/index.php?rest_route=%2Fwp%2Fv2%2Ftags&post=33163"}],"curies":[{"name":"wp","href":"https:\/\/api.w.org\/{rel}","templated":true}]}}