{"id":33170,"date":"2024-04-30T15:50:23","date_gmt":"2024-04-30T15:50:23","guid":{"rendered":"https:\/\/inclusivenews.com.br\/?p=33170"},"modified":"2024-04-30T16:10:00","modified_gmt":"2024-04-30T16:10:00","slug":"libras-avancos-e-desafios","status":"publish","type":"post","link":"https:\/\/inclusivenews.com.br\/?p=33170","title":{"rendered":"Libras: Avan\u00e7os e Desafios"},"content":{"rendered":"\n<p>Epis\u00f3dio 14\/2024<br>30\/04<\/p>\n\n\n\n<figure class=\"wp-block-image size-large is-resized\"><img loading=\"lazy\" decoding=\"async\" width=\"1024\" height=\"576\" src=\"https:\/\/inclusivenews.com.br\/wp-content\/uploads\/2024\/04\/Acessando-Lucilia-1280-x-720-px-1024x576.png\" alt=\"Card preto com letras brancas e imagem de ondas sonoras em rosa ao fundo \u00c0 esquerda: Podcast Mais abaixo dentro de uma tarja o desenho estilizado de um microfone e &quot;Acessando Luc\u00edlia&quot; Do lado direito dentro de uma moldura em forma de gota rosa, a foto de uma mulher branca de perfil. Ela usa \u00f3culos e blusa branca. Ter\u00e7a-feira -18h Com Luc\u00edlia Machado Dentro de tarjas sobrepostas nas cores verdes e rosa: \u00c0 direita: YouTube.com\/@acessandolucolia59 Facebook.com\/Webradiocensuralivre https:\/\/www.youtube.com\/@RadioCensuraLivre e no canto esquerdo, o \u00edcone de acess\u00edvel em libras. \u00c0 direita, o logo da Inclusive News e ao lado, o da Web R\u00e1dio Censura Livre.\" class=\"wp-image-33171\" style=\"width:438px;height:auto\" srcset=\"https:\/\/inclusivenews.com.br\/wp-content\/uploads\/2024\/04\/Acessando-Lucilia-1280-x-720-px-1024x576.png 1024w, https:\/\/inclusivenews.com.br\/wp-content\/uploads\/2024\/04\/Acessando-Lucilia-1280-x-720-px-300x169.png 300w, https:\/\/inclusivenews.com.br\/wp-content\/uploads\/2024\/04\/Acessando-Lucilia-1280-x-720-px-768x432.png 768w, https:\/\/inclusivenews.com.br\/wp-content\/uploads\/2024\/04\/Acessando-Lucilia-1280-x-720-px.png 1280w\" sizes=\"auto, (max-width: 1024px) 100vw, 1024px\" \/><\/figure>\n\n\n\n<p>O Dia Nacional da Libras (L\u00edngua Brasileira de Sinais) \u00e9 comemorado em 24 de abril e este \u00e9 o tema do Podcast Acessando Luc\u00edlia desta ter\u00e7a-feira, 30\/04. Foi nessa data, no ano de 2002, que a Lei 10.436 reconheceu a l\u00edngua brasileira de sinais como meio legal de comunica\u00e7\u00e3o e express\u00e3o. Mas, s\u00f3 em 22 de dezembro de 2005, que o Decreto 5.626 regulamentou essa lei, incluindo libras como uma disciplina curricular obrigat\u00f3ria na forma\u00e7\u00e3o de professores surdos, professores bil\u00edngues, pedagogos e fonoaudi\u00f3logos.<\/p>\n\n\n\n<p>As pessoas surdas t\u00eam direitos lingu\u00edsticos assegurados pela Conven\u00e7\u00e3o sobre Direitos das Pessoas com Defici\u00eancia, aprovado pela Assembleia Geral das Na\u00e7\u00f5es Unidas (ONU) em 13 de dezembro de 2006 e pela Lei 13.146\/2015, Lei Brasileira de Inclus\u00e3o (LBI), mas apesar dos avan\u00e7os ainda s\u00e3o muitos os desafios enfrentados pela comunidade surda.<\/p>\n\n\n\n<p>A nossa convidada para essa conversa \u00e9 Heloise Gripp Diniz, Doutora pelo Programa de P\u00f3s Gradua\u00e7\u00e3o em Lingu\u00edstica pela Universidade Federal do Rio de Janeiro (UFRJ), Mestre pelo Programa de P\u00f3s Gradua\u00e7\u00e3o em Lingu\u00edstica pela Universidade Federal de Santa Catariana (UFSC). Possui gradua\u00e7\u00e3o em Letras Libras licenciatura pela Universidade Federal de Santa Catarina (UFSC) e gradua\u00e7\u00e3o em Pedagogia pela Universidade Est\u00e1cio de S\u00e1. Professora assistente do Departamento de Letras Libras da UFRJ. Tem conhecimentos na \u00e1rea de Lingu\u00edstica, atuando principalmente nos seguintes temas: estrutura lingu\u00edstica e gramatical da l\u00edngua de sinais brasileira &#8211; libras, cultura e identidade surda, processo de tradu\u00e7\u00e3o &#8211; libras\/portugu\u00eas, tradu\u00e7\u00e3o cultural, varia\u00e7\u00e3o e mudan\u00e7a lingu\u00edstica. Possui experi\u00eancias profissionais na \u00e1rea da educa\u00e7\u00e3o b\u00e1sica, do magist\u00e9rio superior e da interpreta\u00e7\u00e3o\/tradu\u00e7\u00e3o em Libras\/L\u00edngua Portuguesa da modalidade escrita nas \u00e1reas da literatura e da lingu\u00edstica, em l\u00edngua de sinais americana e em Sinais internacionais. \u00c9 autora do livro \u201cA Hist\u00f3ria da L\u00edngua de Sinais dos Surdos Brasileiros\u201d.<\/p>\n\n\n\n<p>O bate-papo vai contar com int\u00e9rprete de libras e ser\u00e1 transmitido ao vivo, \u00e0s 18h, no canal do ACESSANDO LUC\u00cdLIA no Youtube: http+s:\/\/www.youtube.com\/@acessandolucilia5059<\/p>\n\n\n\n<p>E tamb\u00e9m na Web R\u00e1dio Censura Livre, no Youtube: (youtube.com\/c\/Censuralivre), no Facebook facebook.com\/webradiocensuralivre-e\/), no site (www.clwebradio.com) e no aplicativo: RadiosNet (http:\/\/l.radios.com.br\/r\/100204).<\/p>\n","protected":false},"excerpt":{"rendered":"<p>Epis\u00f3dio 14\/202430\/04 O Dia Nacional da Libras (L\u00edngua Brasileira de Sinais) \u00e9 comemorado em 24 de abril e este \u00e9 o tema do Podcast Acessando Luc\u00edlia desta ter\u00e7a-feira, 30\/04. Foi nessa data, no ano de 2002, que a Lei 10.436 reconheceu a l\u00edngua brasileira de sinais como meio legal de comunica\u00e7\u00e3o e express\u00e3o. Mas, s\u00f3 [&hellip;]<\/p>\n","protected":false},"author":1,"featured_media":33171,"comment_status":"open","ping_status":"open","sticky":false,"template":"","format":"standard","meta":{"site-container-style":"default","site-container-layout":"default","site-sidebar-layout":"default","disable-article-header":"default","disable-site-header":"default","disable-site-footer":"default","disable-content-area-spacing":"default","footnotes":""},"categories":[471,470],"tags":[468,198,469],"class_list":["post-33170","post","type-post","status-publish","format-standard","has-post-thumbnail","hentry","category-libras","category-podcast","tag-comunidade-surdalingua-brasileira-de-sinais","tag-libras","tag-surdez"],"yoast_head":"<!-- This site is optimized with the Yoast SEO plugin v27.4 - https:\/\/yoast.com\/product\/yoast-seo-wordpress\/ -->\n<title>Libras: Avan\u00e7os e Desafios -<\/title>\n<meta name=\"robots\" content=\"index, follow, max-snippet:-1, max-image-preview:large, max-video-preview:-1\" \/>\n<link rel=\"canonical\" href=\"https:\/\/inclusivenews.com.br\/?p=33170\" \/>\n<meta property=\"og:locale\" content=\"pt_PT\" \/>\n<meta property=\"og:type\" content=\"article\" \/>\n<meta property=\"og:title\" content=\"Libras: Avan\u00e7os e Desafios -\" \/>\n<meta property=\"og:description\" content=\"Epis\u00f3dio 14\/202430\/04 O Dia Nacional da Libras (L\u00edngua Brasileira de Sinais) \u00e9 comemorado em 24 de abril e este \u00e9 o tema do Podcast Acessando Luc\u00edlia desta ter\u00e7a-feira, 30\/04. Foi nessa data, no ano de 2002, que a Lei 10.436 reconheceu a l\u00edngua brasileira de sinais como meio legal de comunica\u00e7\u00e3o e express\u00e3o. Mas, s\u00f3 [&hellip;]\" \/>\n<meta property=\"og:url\" content=\"https:\/\/inclusivenews.com.br\/?p=33170\" \/>\n<meta property=\"article:publisher\" content=\"https:\/\/www.facebook.com\/agenciainclusive\/\" \/>\n<meta property=\"article:published_time\" content=\"2024-04-30T15:50:23+00:00\" \/>\n<meta property=\"article:modified_time\" content=\"2024-04-30T16:10:00+00:00\" \/>\n<meta property=\"og:image\" content=\"https:\/\/inclusivenews.com.br\/wp-content\/uploads\/2024\/04\/Acessando-Lucilia-1280-x-720-px.png\" \/>\n\t<meta property=\"og:image:width\" content=\"1280\" \/>\n\t<meta property=\"og:image:height\" content=\"720\" \/>\n\t<meta property=\"og:image:type\" content=\"image\/png\" \/>\n<meta name=\"author\" content=\"inclusivenews2024\" \/>\n<meta name=\"twitter:card\" content=\"summary_large_image\" \/>\n<meta name=\"twitter:label1\" content=\"Escrito por\" \/>\n\t<meta name=\"twitter:data1\" content=\"inclusivenews2024\" \/>\n\t<meta name=\"twitter:label2\" content=\"Tempo estimado de leitura\" \/>\n\t<meta name=\"twitter:data2\" content=\"3 minutos\" \/>\n<script type=\"application\/ld+json\" class=\"yoast-schema-graph\">{\"@context\":\"https:\\\/\\\/schema.org\",\"@graph\":[{\"@type\":\"Article\",\"@id\":\"https:\\\/\\\/inclusivenews.com.br\\\/?p=33170#article\",\"isPartOf\":{\"@id\":\"https:\\\/\\\/inclusivenews.com.br\\\/?p=33170\"},\"author\":{\"name\":\"inclusivenews2024\",\"@id\":\"https:\\\/\\\/inclusivenews.com.br\\\/#\\\/schema\\\/person\\\/ae4ec7087559b8692fb33b6fffd2273b\"},\"headline\":\"Libras: Avan\u00e7os e Desafios\",\"datePublished\":\"2024-04-30T15:50:23+00:00\",\"dateModified\":\"2024-04-30T16:10:00+00:00\",\"mainEntityOfPage\":{\"@id\":\"https:\\\/\\\/inclusivenews.com.br\\\/?p=33170\"},\"wordCount\":400,\"commentCount\":0,\"publisher\":{\"@id\":\"https:\\\/\\\/inclusivenews.com.br\\\/#organization\"},\"image\":{\"@id\":\"https:\\\/\\\/inclusivenews.com.br\\\/?p=33170#primaryimage\"},\"thumbnailUrl\":\"https:\\\/\\\/inclusivenews.com.br\\\/wp-content\\\/uploads\\\/2024\\\/04\\\/Acessando-Lucilia-1280-x-720-px.png\",\"keywords\":[\"Comunidade surdaL\u00edngua Brasileira de Sinais\",\"Libras\",\"Surdez\"],\"articleSection\":[\"LIBRAS\",\"PODCAST\"],\"inLanguage\":\"pt-PT\",\"potentialAction\":[{\"@type\":\"CommentAction\",\"name\":\"Comment\",\"target\":[\"https:\\\/\\\/inclusivenews.com.br\\\/?p=33170#respond\"]}]},{\"@type\":\"WebPage\",\"@id\":\"https:\\\/\\\/inclusivenews.com.br\\\/?p=33170\",\"url\":\"https:\\\/\\\/inclusivenews.com.br\\\/?p=33170\",\"name\":\"Libras: Avan\u00e7os e Desafios -\",\"isPartOf\":{\"@id\":\"https:\\\/\\\/inclusivenews.com.br\\\/#website\"},\"primaryImageOfPage\":{\"@id\":\"https:\\\/\\\/inclusivenews.com.br\\\/?p=33170#primaryimage\"},\"image\":{\"@id\":\"https:\\\/\\\/inclusivenews.com.br\\\/?p=33170#primaryimage\"},\"thumbnailUrl\":\"https:\\\/\\\/inclusivenews.com.br\\\/wp-content\\\/uploads\\\/2024\\\/04\\\/Acessando-Lucilia-1280-x-720-px.png\",\"datePublished\":\"2024-04-30T15:50:23+00:00\",\"dateModified\":\"2024-04-30T16:10:00+00:00\",\"breadcrumb\":{\"@id\":\"https:\\\/\\\/inclusivenews.com.br\\\/?p=33170#breadcrumb\"},\"inLanguage\":\"pt-PT\",\"potentialAction\":[{\"@type\":\"ReadAction\",\"target\":[\"https:\\\/\\\/inclusivenews.com.br\\\/?p=33170\"]}]},{\"@type\":\"ImageObject\",\"inLanguage\":\"pt-PT\",\"@id\":\"https:\\\/\\\/inclusivenews.com.br\\\/?p=33170#primaryimage\",\"url\":\"https:\\\/\\\/inclusivenews.com.br\\\/wp-content\\\/uploads\\\/2024\\\/04\\\/Acessando-Lucilia-1280-x-720-px.png\",\"contentUrl\":\"https:\\\/\\\/inclusivenews.com.br\\\/wp-content\\\/uploads\\\/2024\\\/04\\\/Acessando-Lucilia-1280-x-720-px.png\",\"width\":1280,\"height\":720,\"caption\":\"Card preto com letras brancas e imagem de ondas sonoras em rosa ao fundo \u00c0 esquerda: Podcast Mais abaixo dentro de uma tarja o desenho estilizado de um microfone e \\\"Acessando Luc\u00edlia\\\" Do lado direito dentro de uma moldura em forma de gota rosa, a foto de uma mulher branca de perfil. Ela usa \u00f3culos e blusa branca. Ter\u00e7a-feira -18h Com Luc\u00edlia Machado Dentro de tarjas sobrepostas nas cores verdes e rosa: \u00c0 direita: YouTube.com\\\/@acessandolucolia59 Facebook.com\\\/Webradiocensuralivre https:\\\/\\\/www.youtube.com\\\/@RadioCensuraLivre e no canto esquerdo, o \u00edcone de acess\u00edvel em libras. \u00c0 direita, o logo da Inclusive News e ao lado, o da Web R\u00e1dio Censura Livre.\"},{\"@type\":\"BreadcrumbList\",\"@id\":\"https:\\\/\\\/inclusivenews.com.br\\\/?p=33170#breadcrumb\",\"itemListElement\":[{\"@type\":\"ListItem\",\"position\":1,\"name\":\"In\u00edcio\",\"item\":\"https:\\\/\\\/inclusivenews.com.br\\\/\"},{\"@type\":\"ListItem\",\"position\":2,\"name\":\"Libras: Avan\u00e7os e Desafios\"}]},{\"@type\":\"WebSite\",\"@id\":\"https:\\\/\\\/inclusivenews.com.br\\\/#website\",\"url\":\"https:\\\/\\\/inclusivenews.com.br\\\/\",\"name\":\"Inclusive News\",\"description\":\"Inclusive News\",\"publisher\":{\"@id\":\"https:\\\/\\\/inclusivenews.com.br\\\/#organization\"},\"potentialAction\":[{\"@type\":\"SearchAction\",\"target\":{\"@type\":\"EntryPoint\",\"urlTemplate\":\"https:\\\/\\\/inclusivenews.com.br\\\/?s={search_term_string}\"},\"query-input\":{\"@type\":\"PropertyValueSpecification\",\"valueRequired\":true,\"valueName\":\"search_term_string\"}}],\"inLanguage\":\"pt-PT\"},{\"@type\":\"Organization\",\"@id\":\"https:\\\/\\\/inclusivenews.com.br\\\/#organization\",\"name\":\"Inclusive - inclus\u00e3o e cidadania\",\"url\":\"https:\\\/\\\/inclusivenews.com.br\\\/\",\"logo\":{\"@type\":\"ImageObject\",\"inLanguage\":\"pt-PT\",\"@id\":\"https:\\\/\\\/inclusivenews.com.br\\\/#\\\/schema\\\/logo\\\/image\\\/\",\"url\":\"https:\\\/\\\/inclusivenews.com.br\\\/wp-content\\\/uploads\\\/2024\\\/03\\\/@grandesite.png\",\"contentUrl\":\"https:\\\/\\\/inclusivenews.com.br\\\/wp-content\\\/uploads\\\/2024\\\/03\\\/@grandesite.png\",\"width\":1080,\"height\":1080,\"caption\":\"Inclusive - inclus\u00e3o e cidadania\"},\"image\":{\"@id\":\"https:\\\/\\\/inclusivenews.com.br\\\/#\\\/schema\\\/logo\\\/image\\\/\"},\"sameAs\":[\"https:\\\/\\\/www.facebook.com\\\/agenciainclusive\\\/\",\"https:\\\/\\\/www.instagram.com\\\/newsinclusive\\\/\"]},{\"@type\":\"Person\",\"@id\":\"https:\\\/\\\/inclusivenews.com.br\\\/#\\\/schema\\\/person\\\/ae4ec7087559b8692fb33b6fffd2273b\",\"name\":\"inclusivenews2024\",\"image\":{\"@type\":\"ImageObject\",\"inLanguage\":\"pt-PT\",\"@id\":\"https:\\\/\\\/secure.gravatar.com\\\/avatar\\\/c5a7ef84c66fa914f55bc4f7ce26cfa275a3b9a1c5568b907bd184fb4dde7b40?s=96&d=mm&r=g\",\"url\":\"https:\\\/\\\/secure.gravatar.com\\\/avatar\\\/c5a7ef84c66fa914f55bc4f7ce26cfa275a3b9a1c5568b907bd184fb4dde7b40?s=96&d=mm&r=g\",\"contentUrl\":\"https:\\\/\\\/secure.gravatar.com\\\/avatar\\\/c5a7ef84c66fa914f55bc4f7ce26cfa275a3b9a1c5568b907bd184fb4dde7b40?s=96&d=mm&r=g\",\"caption\":\"inclusivenews2024\"},\"sameAs\":[\"https:\\\/\\\/inclusivenews.com.br\"],\"url\":\"https:\\\/\\\/inclusivenews.com.br\\\/?author=1\"}]}<\/script>\n<!-- \/ Yoast SEO plugin. -->","yoast_head_json":{"title":"Libras: Avan\u00e7os e Desafios -","robots":{"index":"index","follow":"follow","max-snippet":"max-snippet:-1","max-image-preview":"max-image-preview:large","max-video-preview":"max-video-preview:-1"},"canonical":"https:\/\/inclusivenews.com.br\/?p=33170","og_locale":"pt_PT","og_type":"article","og_title":"Libras: Avan\u00e7os e Desafios -","og_description":"Epis\u00f3dio 14\/202430\/04 O Dia Nacional da Libras (L\u00edngua Brasileira de Sinais) \u00e9 comemorado em 24 de abril e este \u00e9 o tema do Podcast Acessando Luc\u00edlia desta ter\u00e7a-feira, 30\/04. Foi nessa data, no ano de 2002, que a Lei 10.436 reconheceu a l\u00edngua brasileira de sinais como meio legal de comunica\u00e7\u00e3o e express\u00e3o. Mas, s\u00f3 [&hellip;]","og_url":"https:\/\/inclusivenews.com.br\/?p=33170","article_publisher":"https:\/\/www.facebook.com\/agenciainclusive\/","article_published_time":"2024-04-30T15:50:23+00:00","article_modified_time":"2024-04-30T16:10:00+00:00","og_image":[{"width":1280,"height":720,"url":"https:\/\/inclusivenews.com.br\/wp-content\/uploads\/2024\/04\/Acessando-Lucilia-1280-x-720-px.png","type":"image\/png"}],"author":"inclusivenews2024","twitter_card":"summary_large_image","twitter_misc":{"Escrito por":"inclusivenews2024","Tempo estimado de leitura":"3 minutos"},"schema":{"@context":"https:\/\/schema.org","@graph":[{"@type":"Article","@id":"https:\/\/inclusivenews.com.br\/?p=33170#article","isPartOf":{"@id":"https:\/\/inclusivenews.com.br\/?p=33170"},"author":{"name":"inclusivenews2024","@id":"https:\/\/inclusivenews.com.br\/#\/schema\/person\/ae4ec7087559b8692fb33b6fffd2273b"},"headline":"Libras: Avan\u00e7os e Desafios","datePublished":"2024-04-30T15:50:23+00:00","dateModified":"2024-04-30T16:10:00+00:00","mainEntityOfPage":{"@id":"https:\/\/inclusivenews.com.br\/?p=33170"},"wordCount":400,"commentCount":0,"publisher":{"@id":"https:\/\/inclusivenews.com.br\/#organization"},"image":{"@id":"https:\/\/inclusivenews.com.br\/?p=33170#primaryimage"},"thumbnailUrl":"https:\/\/inclusivenews.com.br\/wp-content\/uploads\/2024\/04\/Acessando-Lucilia-1280-x-720-px.png","keywords":["Comunidade surdaL\u00edngua Brasileira de Sinais","Libras","Surdez"],"articleSection":["LIBRAS","PODCAST"],"inLanguage":"pt-PT","potentialAction":[{"@type":"CommentAction","name":"Comment","target":["https:\/\/inclusivenews.com.br\/?p=33170#respond"]}]},{"@type":"WebPage","@id":"https:\/\/inclusivenews.com.br\/?p=33170","url":"https:\/\/inclusivenews.com.br\/?p=33170","name":"Libras: Avan\u00e7os e Desafios -","isPartOf":{"@id":"https:\/\/inclusivenews.com.br\/#website"},"primaryImageOfPage":{"@id":"https:\/\/inclusivenews.com.br\/?p=33170#primaryimage"},"image":{"@id":"https:\/\/inclusivenews.com.br\/?p=33170#primaryimage"},"thumbnailUrl":"https:\/\/inclusivenews.com.br\/wp-content\/uploads\/2024\/04\/Acessando-Lucilia-1280-x-720-px.png","datePublished":"2024-04-30T15:50:23+00:00","dateModified":"2024-04-30T16:10:00+00:00","breadcrumb":{"@id":"https:\/\/inclusivenews.com.br\/?p=33170#breadcrumb"},"inLanguage":"pt-PT","potentialAction":[{"@type":"ReadAction","target":["https:\/\/inclusivenews.com.br\/?p=33170"]}]},{"@type":"ImageObject","inLanguage":"pt-PT","@id":"https:\/\/inclusivenews.com.br\/?p=33170#primaryimage","url":"https:\/\/inclusivenews.com.br\/wp-content\/uploads\/2024\/04\/Acessando-Lucilia-1280-x-720-px.png","contentUrl":"https:\/\/inclusivenews.com.br\/wp-content\/uploads\/2024\/04\/Acessando-Lucilia-1280-x-720-px.png","width":1280,"height":720,"caption":"Card preto com letras brancas e imagem de ondas sonoras em rosa ao fundo \u00c0 esquerda: Podcast Mais abaixo dentro de uma tarja o desenho estilizado de um microfone e \"Acessando Luc\u00edlia\" Do lado direito dentro de uma moldura em forma de gota rosa, a foto de uma mulher branca de perfil. Ela usa \u00f3culos e blusa branca. Ter\u00e7a-feira -18h Com Luc\u00edlia Machado Dentro de tarjas sobrepostas nas cores verdes e rosa: \u00c0 direita: YouTube.com\/@acessandolucolia59 Facebook.com\/Webradiocensuralivre https:\/\/www.youtube.com\/@RadioCensuraLivre e no canto esquerdo, o \u00edcone de acess\u00edvel em libras. \u00c0 direita, o logo da Inclusive News e ao lado, o da Web R\u00e1dio Censura Livre."},{"@type":"BreadcrumbList","@id":"https:\/\/inclusivenews.com.br\/?p=33170#breadcrumb","itemListElement":[{"@type":"ListItem","position":1,"name":"In\u00edcio","item":"https:\/\/inclusivenews.com.br\/"},{"@type":"ListItem","position":2,"name":"Libras: Avan\u00e7os e Desafios"}]},{"@type":"WebSite","@id":"https:\/\/inclusivenews.com.br\/#website","url":"https:\/\/inclusivenews.com.br\/","name":"Inclusive News","description":"Inclusive News","publisher":{"@id":"https:\/\/inclusivenews.com.br\/#organization"},"potentialAction":[{"@type":"SearchAction","target":{"@type":"EntryPoint","urlTemplate":"https:\/\/inclusivenews.com.br\/?s={search_term_string}"},"query-input":{"@type":"PropertyValueSpecification","valueRequired":true,"valueName":"search_term_string"}}],"inLanguage":"pt-PT"},{"@type":"Organization","@id":"https:\/\/inclusivenews.com.br\/#organization","name":"Inclusive - inclus\u00e3o e cidadania","url":"https:\/\/inclusivenews.com.br\/","logo":{"@type":"ImageObject","inLanguage":"pt-PT","@id":"https:\/\/inclusivenews.com.br\/#\/schema\/logo\/image\/","url":"https:\/\/inclusivenews.com.br\/wp-content\/uploads\/2024\/03\/@grandesite.png","contentUrl":"https:\/\/inclusivenews.com.br\/wp-content\/uploads\/2024\/03\/@grandesite.png","width":1080,"height":1080,"caption":"Inclusive - inclus\u00e3o e cidadania"},"image":{"@id":"https:\/\/inclusivenews.com.br\/#\/schema\/logo\/image\/"},"sameAs":["https:\/\/www.facebook.com\/agenciainclusive\/","https:\/\/www.instagram.com\/newsinclusive\/"]},{"@type":"Person","@id":"https:\/\/inclusivenews.com.br\/#\/schema\/person\/ae4ec7087559b8692fb33b6fffd2273b","name":"inclusivenews2024","image":{"@type":"ImageObject","inLanguage":"pt-PT","@id":"https:\/\/secure.gravatar.com\/avatar\/c5a7ef84c66fa914f55bc4f7ce26cfa275a3b9a1c5568b907bd184fb4dde7b40?s=96&d=mm&r=g","url":"https:\/\/secure.gravatar.com\/avatar\/c5a7ef84c66fa914f55bc4f7ce26cfa275a3b9a1c5568b907bd184fb4dde7b40?s=96&d=mm&r=g","contentUrl":"https:\/\/secure.gravatar.com\/avatar\/c5a7ef84c66fa914f55bc4f7ce26cfa275a3b9a1c5568b907bd184fb4dde7b40?s=96&d=mm&r=g","caption":"inclusivenews2024"},"sameAs":["https:\/\/inclusivenews.com.br"],"url":"https:\/\/inclusivenews.com.br\/?author=1"}]}},"_links":{"self":[{"href":"https:\/\/inclusivenews.com.br\/index.php?rest_route=\/wp\/v2\/posts\/33170","targetHints":{"allow":["GET"]}}],"collection":[{"href":"https:\/\/inclusivenews.com.br\/index.php?rest_route=\/wp\/v2\/posts"}],"about":[{"href":"https:\/\/inclusivenews.com.br\/index.php?rest_route=\/wp\/v2\/types\/post"}],"author":[{"embeddable":true,"href":"https:\/\/inclusivenews.com.br\/index.php?rest_route=\/wp\/v2\/users\/1"}],"replies":[{"embeddable":true,"href":"https:\/\/inclusivenews.com.br\/index.php?rest_route=%2Fwp%2Fv2%2Fcomments&post=33170"}],"version-history":[{"count":2,"href":"https:\/\/inclusivenews.com.br\/index.php?rest_route=\/wp\/v2\/posts\/33170\/revisions"}],"predecessor-version":[{"id":33174,"href":"https:\/\/inclusivenews.com.br\/index.php?rest_route=\/wp\/v2\/posts\/33170\/revisions\/33174"}],"wp:featuredmedia":[{"embeddable":true,"href":"https:\/\/inclusivenews.com.br\/index.php?rest_route=\/wp\/v2\/media\/33171"}],"wp:attachment":[{"href":"https:\/\/inclusivenews.com.br\/index.php?rest_route=%2Fwp%2Fv2%2Fmedia&parent=33170"}],"wp:term":[{"taxonomy":"category","embeddable":true,"href":"https:\/\/inclusivenews.com.br\/index.php?rest_route=%2Fwp%2Fv2%2Fcategories&post=33170"},{"taxonomy":"post_tag","embeddable":true,"href":"https:\/\/inclusivenews.com.br\/index.php?rest_route=%2Fwp%2Fv2%2Ftags&post=33170"}],"curies":[{"name":"wp","href":"https:\/\/api.w.org\/{rel}","templated":true}]}}