{"id":33177,"date":"2024-05-02T12:27:31","date_gmt":"2024-05-02T12:27:31","guid":{"rendered":"https:\/\/inclusivenews.com.br\/?p=33177"},"modified":"2024-05-02T16:20:47","modified_gmt":"2024-05-02T16:20:47","slug":"morre-grande-defensor-das-pessoas-com-deficiencia-intelectual-robert-martin","status":"publish","type":"post","link":"https:\/\/inclusivenews.com.br\/?p=33177","title":{"rendered":"Morre grande defensor das pessoas com defici\u00eancia intelectual, Robert Martin"},"content":{"rendered":"\n<p>Patricia Almeida<\/p>\n\n\n\n<figure class=\"wp-block-image size-large is-resized\"><img loading=\"lazy\" decoding=\"async\" width=\"1024\" height=\"684\" src=\"https:\/\/inclusivenews.com.br\/wp-content\/uploads\/2024\/05\/robert-martin-1024x684.png\" alt=\"A Embaixadora do Brasil junto \u00e0 ONU em Genebra, Maria Nazar\u00e9 Farani, Patricia Almeida e Robert Martin. Robert aperta a m\u00e3o de Maria Nazar\u00e9 e Patricia observa, sorrindo. \" class=\"wp-image-33178\" style=\"width:722px;height:auto\" srcset=\"https:\/\/inclusivenews.com.br\/wp-content\/uploads\/2024\/05\/robert-martin-1024x684.png 1024w, https:\/\/inclusivenews.com.br\/wp-content\/uploads\/2024\/05\/robert-martin-300x200.png 300w, https:\/\/inclusivenews.com.br\/wp-content\/uploads\/2024\/05\/robert-martin-768x513.png 768w, https:\/\/inclusivenews.com.br\/wp-content\/uploads\/2024\/05\/robert-martin-1536x1025.png 1536w, https:\/\/inclusivenews.com.br\/wp-content\/uploads\/2024\/05\/robert-martin.png 1630w\" sizes=\"auto, (max-width: 1024px) 100vw, 1024px\" \/><\/figure>\n\n\n\n<p>Foto: A Embaixadora do Brasil junto \u00e0 ONU em Genebra, Maria Nazar\u00e9 Farani, Patricia Almeida e Robert Martin.<\/p>\n\n\n\n<p>O defensor dos direitos das pessoas com defici\u00eancia, Sir Robert Martin, faleceu ontem, em Whanganui, na Nova Zel\u00e2ndia. <\/p>\n\n\n\n<p>Ele foi a primeira pessoa com defici\u00eancia intelectual eleita membro do Comit\u00ea da Conven\u00e7\u00e3o sobre os Direitos das Pessoas com Defici\u00eancia da ONU, em 2017.<\/p>\n\n\n\n<p>Robert Martin foi um defensor ferrenho do uso da Linguagem Simples na ONU e no mundo.<\/p>\n\n\n\n<p>Ele tamb\u00e9m defendia a desinstitucionaliza\u00e7\u00e3o e o direito \u00e0 tomada de decis\u00f5es pelas pessoas com defici\u00eancia. <\/p>\n\n\n\n<p>Em 2008, Martin tornou-se Membro da Ordem de M\u00e9rito da Nova Zel\u00e2ndia e em 2020 Cavaleiro Companheiro da Ordem de M\u00e9rito da Nova Zel\u00e2ndia por servi\u00e7os prestados a pessoas com defici\u00eancia. <\/p>\n\n\n\n<p>Ele ocupou cargos na Inclus\u00e3o Internacional e foi consultor nacional de autodefesa e enfrentamento \u00e0 viol\u00eancia na Nova Zel\u00e2ndia.<\/p>\n\n\n\n<figure class=\"wp-block-embed is-type-wp-embed is-provider-m-dia-incorporada wp-block-embed-m-dia-incorporada\"><div class=\"wp-block-embed__wrapper\">\n<blockquote class=\"wp-embedded-content\" data-secret=\"UeK8shmcXy\"><a href=\"https:\/\/inclusivenews.com.br\/?p=31814\">&quot;Precisamos aprender com nossos erros&quot;, diz Robert Martin sobre o assassinato de jovem com s\u00edndrome de Down pela pol\u00edcia na \u00c1frica do Sul<\/a><\/blockquote><iframe loading=\"lazy\" class=\"wp-embedded-content\" sandbox=\"allow-scripts\" security=\"restricted\" style=\"position: absolute; clip: rect(1px, 1px, 1px, 1px);\" title=\"&#8220;&quot;Precisamos aprender com nossos erros&quot;, diz Robert Martin sobre o assassinato de jovem com s\u00edndrome de Down pela pol\u00edcia na \u00c1frica do Sul&#8221; &#8212; \" src=\"https:\/\/inclusivenews.com.br\/?p=31814&#038;embed=true#?secret=XH2H8PtYYs#?secret=UeK8shmcXy\" data-secret=\"UeK8shmcXy\" width=\"500\" height=\"282\" frameborder=\"0\" marginwidth=\"0\" marginheight=\"0\" scrolling=\"no\"><\/iframe>\n<\/div><\/figure>\n\n\n\n<p>Robert Martin foi institucionalizado por muitos anos.  <\/p>\n\n\n\n<p>Conheci Robert Martin na ONU, em Genebra. <\/p>\n\n\n\n<p>Sua presen\u00e7a no Comit\u00ea da Conven\u00e7\u00e3o foi fundamental para que as pessoas com defici\u00eancia intelectual  fossem mais reconhecidas, respeitadas <br>e valorizadas.<\/p>\n\n\n\n<p>Ele participou do primeiro evento do Dia Internacional da S\u00edndrome de Down que organizamos na ONU em 2017.<\/p>\n\n\n\n<p>Acesse aqui: <a href=\"https:\/\/inclusivenews.com.br\/?p=30157\" target=\"_blank\" rel=\"noreferrer noopener\">https:\/\/inclusivenews.com.br\/?p=30157<\/a><\/p>\n\n\n\n<p>Robert era membro vital\u00edcio da People First New Zeland (Pessoas Primeiro Nova Zel\u00e2ndia), e declarava que queria um l\u00edder que se parecesse <br>e soasse como ele. <\/p>\n\n\n\n<p>Como n\u00e3o havia nenhum, ele decidiu preencher a lacuna. <\/p>\n\n\n\n<p>\u201c\u00c9 por isso que lutei com unhas e dentes por organiza\u00e7\u00f5es como a People First, a \u00fanica organiza\u00e7\u00e3o na Nova Zel\u00e2ndia que fala por e em nome das pessoas com dificuldades de aprendizagem.\u201d, dizia.<\/p>\n\n\n\n<p>A Relatora da ONU dos Direitos das Pessoas com Defici\u00eancia, Prudence Walker, disse que Sir Robert dedicou sua vida aos direitos das pessoas com defici\u00eancia depois de viver em institui\u00e7\u00f5es em sua juventude, e falou de suas experi\u00eancias na inf\u00e2ncia em depoimento no inqu\u00e9rito sobre abuso no cuidado em institui\u00e7\u00f5es.<\/p>\n\n\n\n<p>Perdemos uma lideran\u00e7a, um s\u00edmbolo e um exemplo. <\/p>\n\n\n\n<ul class=\"wp-block-list\">\n<li>Patricia Almeida &#8211; ex-membro da Down Syndrome International, Cofundadora do Movimento Down e especialista em Linguagem Simples.<\/li>\n<\/ul>\n\n\n\n<p>Fonte: <a href=\"https:\/\/www.rnz.co.nz\/news\/national\/515695\/disability-rights-advocate-sir-robert-martin-dies\" target=\"_blank\" rel=\"noreferrer noopener\">https:\/\/www.rnz.co.nz\/news\/national\/515695\/disability-rights-advocate-sir-robert-martin-dies<\/a><\/p>\n\n\n\n<p><\/p>\n","protected":false},"excerpt":{"rendered":"<p>Patricia Almeida Foto: A Embaixadora do Brasil junto \u00e0 ONU em Genebra, Maria Nazar\u00e9 Farani, Patricia Almeida e Robert Martin. O defensor dos direitos das pessoas com defici\u00eancia, Sir Robert Martin, faleceu ontem, em Whanganui, na Nova Zel\u00e2ndia. Ele foi a primeira pessoa com defici\u00eancia intelectual eleita membro do Comit\u00ea da Conven\u00e7\u00e3o sobre os Direitos [&hellip;]<\/p>\n","protected":false},"author":1,"featured_media":33178,"comment_status":"open","ping_status":"open","sticky":false,"template":"","format":"standard","meta":{"site-container-style":"default","site-container-layout":"default","site-sidebar-layout":"default","disable-article-header":"default","disable-site-header":"default","disable-site-footer":"default","disable-content-area-spacing":"default","footnotes":""},"categories":[1,11],"tags":[],"class_list":["post-33177","post","type-post","status-publish","format-standard","has-post-thumbnail","hentry","category-blog","category-direitos-humanos"],"yoast_head":"<!-- This site is optimized with the Yoast SEO plugin v27.4 - https:\/\/yoast.com\/product\/yoast-seo-wordpress\/ -->\n<title>Morre grande defensor das pessoas com defici\u00eancia intelectual, Robert Martin -<\/title>\n<meta name=\"robots\" content=\"index, follow, max-snippet:-1, max-image-preview:large, max-video-preview:-1\" \/>\n<link rel=\"canonical\" href=\"https:\/\/inclusivenews.com.br\/?p=33177\" \/>\n<meta property=\"og:locale\" content=\"pt_PT\" \/>\n<meta property=\"og:type\" content=\"article\" \/>\n<meta property=\"og:title\" content=\"Morre grande defensor das pessoas com defici\u00eancia intelectual, Robert Martin -\" \/>\n<meta property=\"og:description\" content=\"Patricia Almeida Foto: A Embaixadora do Brasil junto \u00e0 ONU em Genebra, Maria Nazar\u00e9 Farani, Patricia Almeida e Robert Martin. O defensor dos direitos das pessoas com defici\u00eancia, Sir Robert Martin, faleceu ontem, em Whanganui, na Nova Zel\u00e2ndia. Ele foi a primeira pessoa com defici\u00eancia intelectual eleita membro do Comit\u00ea da Conven\u00e7\u00e3o sobre os Direitos [&hellip;]\" \/>\n<meta property=\"og:url\" content=\"https:\/\/inclusivenews.com.br\/?p=33177\" \/>\n<meta property=\"article:publisher\" content=\"https:\/\/www.facebook.com\/agenciainclusive\/\" \/>\n<meta property=\"article:published_time\" content=\"2024-05-02T12:27:31+00:00\" \/>\n<meta property=\"article:modified_time\" content=\"2024-05-02T16:20:47+00:00\" \/>\n<meta property=\"og:image\" content=\"https:\/\/inclusivenews.com.br\/wp-content\/uploads\/2024\/05\/robert-martin-1024x684.png\" \/>\n\t<meta property=\"og:image:width\" content=\"1024\" \/>\n\t<meta property=\"og:image:height\" content=\"684\" \/>\n\t<meta property=\"og:image:type\" content=\"image\/png\" \/>\n<meta name=\"author\" content=\"inclusivenews2024\" \/>\n<meta name=\"twitter:card\" content=\"summary_large_image\" \/>\n<meta name=\"twitter:label1\" content=\"Escrito por\" \/>\n\t<meta name=\"twitter:data1\" content=\"inclusivenews2024\" \/>\n\t<meta name=\"twitter:label2\" content=\"Tempo estimado de leitura\" \/>\n\t<meta name=\"twitter:data2\" content=\"3 minutos\" \/>\n<script type=\"application\/ld+json\" class=\"yoast-schema-graph\">{\"@context\":\"https:\\\/\\\/schema.org\",\"@graph\":[{\"@type\":\"Article\",\"@id\":\"https:\\\/\\\/inclusivenews.com.br\\\/?p=33177#article\",\"isPartOf\":{\"@id\":\"https:\\\/\\\/inclusivenews.com.br\\\/?p=33177\"},\"author\":{\"name\":\"inclusivenews2024\",\"@id\":\"https:\\\/\\\/inclusivenews.com.br\\\/#\\\/schema\\\/person\\\/ae4ec7087559b8692fb33b6fffd2273b\"},\"headline\":\"Morre grande defensor das pessoas com defici\u00eancia intelectual, Robert Martin\",\"datePublished\":\"2024-05-02T12:27:31+00:00\",\"dateModified\":\"2024-05-02T16:20:47+00:00\",\"mainEntityOfPage\":{\"@id\":\"https:\\\/\\\/inclusivenews.com.br\\\/?p=33177\"},\"wordCount\":404,\"commentCount\":0,\"publisher\":{\"@id\":\"https:\\\/\\\/inclusivenews.com.br\\\/#organization\"},\"image\":{\"@id\":\"https:\\\/\\\/inclusivenews.com.br\\\/?p=33177#primaryimage\"},\"thumbnailUrl\":\"https:\\\/\\\/inclusivenews.com.br\\\/wp-content\\\/uploads\\\/2024\\\/05\\\/robert-martin.png\",\"articleSection\":[\"Blog\",\"DIREITOS HUMANOS\"],\"inLanguage\":\"pt-PT\",\"potentialAction\":[{\"@type\":\"CommentAction\",\"name\":\"Comment\",\"target\":[\"https:\\\/\\\/inclusivenews.com.br\\\/?p=33177#respond\"]}]},{\"@type\":\"WebPage\",\"@id\":\"https:\\\/\\\/inclusivenews.com.br\\\/?p=33177\",\"url\":\"https:\\\/\\\/inclusivenews.com.br\\\/?p=33177\",\"name\":\"Morre grande defensor das pessoas com defici\u00eancia intelectual, Robert Martin -\",\"isPartOf\":{\"@id\":\"https:\\\/\\\/inclusivenews.com.br\\\/#website\"},\"primaryImageOfPage\":{\"@id\":\"https:\\\/\\\/inclusivenews.com.br\\\/?p=33177#primaryimage\"},\"image\":{\"@id\":\"https:\\\/\\\/inclusivenews.com.br\\\/?p=33177#primaryimage\"},\"thumbnailUrl\":\"https:\\\/\\\/inclusivenews.com.br\\\/wp-content\\\/uploads\\\/2024\\\/05\\\/robert-martin.png\",\"datePublished\":\"2024-05-02T12:27:31+00:00\",\"dateModified\":\"2024-05-02T16:20:47+00:00\",\"breadcrumb\":{\"@id\":\"https:\\\/\\\/inclusivenews.com.br\\\/?p=33177#breadcrumb\"},\"inLanguage\":\"pt-PT\",\"potentialAction\":[{\"@type\":\"ReadAction\",\"target\":[\"https:\\\/\\\/inclusivenews.com.br\\\/?p=33177\"]}]},{\"@type\":\"ImageObject\",\"inLanguage\":\"pt-PT\",\"@id\":\"https:\\\/\\\/inclusivenews.com.br\\\/?p=33177#primaryimage\",\"url\":\"https:\\\/\\\/inclusivenews.com.br\\\/wp-content\\\/uploads\\\/2024\\\/05\\\/robert-martin.png\",\"contentUrl\":\"https:\\\/\\\/inclusivenews.com.br\\\/wp-content\\\/uploads\\\/2024\\\/05\\\/robert-martin.png\",\"width\":1630,\"height\":1088,\"caption\":\"embaixadora nazare, ronbert martin e patricia almeida\"},{\"@type\":\"BreadcrumbList\",\"@id\":\"https:\\\/\\\/inclusivenews.com.br\\\/?p=33177#breadcrumb\",\"itemListElement\":[{\"@type\":\"ListItem\",\"position\":1,\"name\":\"In\u00edcio\",\"item\":\"https:\\\/\\\/inclusivenews.com.br\\\/\"},{\"@type\":\"ListItem\",\"position\":2,\"name\":\"Morre grande defensor das pessoas com defici\u00eancia intelectual, Robert Martin\"}]},{\"@type\":\"WebSite\",\"@id\":\"https:\\\/\\\/inclusivenews.com.br\\\/#website\",\"url\":\"https:\\\/\\\/inclusivenews.com.br\\\/\",\"name\":\"Inclusive News\",\"description\":\"Inclusive News\",\"publisher\":{\"@id\":\"https:\\\/\\\/inclusivenews.com.br\\\/#organization\"},\"potentialAction\":[{\"@type\":\"SearchAction\",\"target\":{\"@type\":\"EntryPoint\",\"urlTemplate\":\"https:\\\/\\\/inclusivenews.com.br\\\/?s={search_term_string}\"},\"query-input\":{\"@type\":\"PropertyValueSpecification\",\"valueRequired\":true,\"valueName\":\"search_term_string\"}}],\"inLanguage\":\"pt-PT\"},{\"@type\":\"Organization\",\"@id\":\"https:\\\/\\\/inclusivenews.com.br\\\/#organization\",\"name\":\"Inclusive - inclus\u00e3o e cidadania\",\"url\":\"https:\\\/\\\/inclusivenews.com.br\\\/\",\"logo\":{\"@type\":\"ImageObject\",\"inLanguage\":\"pt-PT\",\"@id\":\"https:\\\/\\\/inclusivenews.com.br\\\/#\\\/schema\\\/logo\\\/image\\\/\",\"url\":\"https:\\\/\\\/inclusivenews.com.br\\\/wp-content\\\/uploads\\\/2024\\\/03\\\/@grandesite.png\",\"contentUrl\":\"https:\\\/\\\/inclusivenews.com.br\\\/wp-content\\\/uploads\\\/2024\\\/03\\\/@grandesite.png\",\"width\":1080,\"height\":1080,\"caption\":\"Inclusive - inclus\u00e3o e cidadania\"},\"image\":{\"@id\":\"https:\\\/\\\/inclusivenews.com.br\\\/#\\\/schema\\\/logo\\\/image\\\/\"},\"sameAs\":[\"https:\\\/\\\/www.facebook.com\\\/agenciainclusive\\\/\",\"https:\\\/\\\/www.instagram.com\\\/newsinclusive\\\/\"]},{\"@type\":\"Person\",\"@id\":\"https:\\\/\\\/inclusivenews.com.br\\\/#\\\/schema\\\/person\\\/ae4ec7087559b8692fb33b6fffd2273b\",\"name\":\"inclusivenews2024\",\"image\":{\"@type\":\"ImageObject\",\"inLanguage\":\"pt-PT\",\"@id\":\"https:\\\/\\\/secure.gravatar.com\\\/avatar\\\/c5a7ef84c66fa914f55bc4f7ce26cfa275a3b9a1c5568b907bd184fb4dde7b40?s=96&d=mm&r=g\",\"url\":\"https:\\\/\\\/secure.gravatar.com\\\/avatar\\\/c5a7ef84c66fa914f55bc4f7ce26cfa275a3b9a1c5568b907bd184fb4dde7b40?s=96&d=mm&r=g\",\"contentUrl\":\"https:\\\/\\\/secure.gravatar.com\\\/avatar\\\/c5a7ef84c66fa914f55bc4f7ce26cfa275a3b9a1c5568b907bd184fb4dde7b40?s=96&d=mm&r=g\",\"caption\":\"inclusivenews2024\"},\"sameAs\":[\"https:\\\/\\\/inclusivenews.com.br\"],\"url\":\"https:\\\/\\\/inclusivenews.com.br\\\/?author=1\"}]}<\/script>\n<!-- \/ Yoast SEO plugin. -->","yoast_head_json":{"title":"Morre grande defensor das pessoas com defici\u00eancia intelectual, Robert Martin -","robots":{"index":"index","follow":"follow","max-snippet":"max-snippet:-1","max-image-preview":"max-image-preview:large","max-video-preview":"max-video-preview:-1"},"canonical":"https:\/\/inclusivenews.com.br\/?p=33177","og_locale":"pt_PT","og_type":"article","og_title":"Morre grande defensor das pessoas com defici\u00eancia intelectual, Robert Martin -","og_description":"Patricia Almeida Foto: A Embaixadora do Brasil junto \u00e0 ONU em Genebra, Maria Nazar\u00e9 Farani, Patricia Almeida e Robert Martin. O defensor dos direitos das pessoas com defici\u00eancia, Sir Robert Martin, faleceu ontem, em Whanganui, na Nova Zel\u00e2ndia. Ele foi a primeira pessoa com defici\u00eancia intelectual eleita membro do Comit\u00ea da Conven\u00e7\u00e3o sobre os Direitos [&hellip;]","og_url":"https:\/\/inclusivenews.com.br\/?p=33177","article_publisher":"https:\/\/www.facebook.com\/agenciainclusive\/","article_published_time":"2024-05-02T12:27:31+00:00","article_modified_time":"2024-05-02T16:20:47+00:00","og_image":[{"width":1024,"height":684,"url":"https:\/\/inclusivenews.com.br\/wp-content\/uploads\/2024\/05\/robert-martin-1024x684.png","type":"image\/png"}],"author":"inclusivenews2024","twitter_card":"summary_large_image","twitter_misc":{"Escrito por":"inclusivenews2024","Tempo estimado de leitura":"3 minutos"},"schema":{"@context":"https:\/\/schema.org","@graph":[{"@type":"Article","@id":"https:\/\/inclusivenews.com.br\/?p=33177#article","isPartOf":{"@id":"https:\/\/inclusivenews.com.br\/?p=33177"},"author":{"name":"inclusivenews2024","@id":"https:\/\/inclusivenews.com.br\/#\/schema\/person\/ae4ec7087559b8692fb33b6fffd2273b"},"headline":"Morre grande defensor das pessoas com defici\u00eancia intelectual, Robert Martin","datePublished":"2024-05-02T12:27:31+00:00","dateModified":"2024-05-02T16:20:47+00:00","mainEntityOfPage":{"@id":"https:\/\/inclusivenews.com.br\/?p=33177"},"wordCount":404,"commentCount":0,"publisher":{"@id":"https:\/\/inclusivenews.com.br\/#organization"},"image":{"@id":"https:\/\/inclusivenews.com.br\/?p=33177#primaryimage"},"thumbnailUrl":"https:\/\/inclusivenews.com.br\/wp-content\/uploads\/2024\/05\/robert-martin.png","articleSection":["Blog","DIREITOS HUMANOS"],"inLanguage":"pt-PT","potentialAction":[{"@type":"CommentAction","name":"Comment","target":["https:\/\/inclusivenews.com.br\/?p=33177#respond"]}]},{"@type":"WebPage","@id":"https:\/\/inclusivenews.com.br\/?p=33177","url":"https:\/\/inclusivenews.com.br\/?p=33177","name":"Morre grande defensor das pessoas com defici\u00eancia intelectual, Robert Martin -","isPartOf":{"@id":"https:\/\/inclusivenews.com.br\/#website"},"primaryImageOfPage":{"@id":"https:\/\/inclusivenews.com.br\/?p=33177#primaryimage"},"image":{"@id":"https:\/\/inclusivenews.com.br\/?p=33177#primaryimage"},"thumbnailUrl":"https:\/\/inclusivenews.com.br\/wp-content\/uploads\/2024\/05\/robert-martin.png","datePublished":"2024-05-02T12:27:31+00:00","dateModified":"2024-05-02T16:20:47+00:00","breadcrumb":{"@id":"https:\/\/inclusivenews.com.br\/?p=33177#breadcrumb"},"inLanguage":"pt-PT","potentialAction":[{"@type":"ReadAction","target":["https:\/\/inclusivenews.com.br\/?p=33177"]}]},{"@type":"ImageObject","inLanguage":"pt-PT","@id":"https:\/\/inclusivenews.com.br\/?p=33177#primaryimage","url":"https:\/\/inclusivenews.com.br\/wp-content\/uploads\/2024\/05\/robert-martin.png","contentUrl":"https:\/\/inclusivenews.com.br\/wp-content\/uploads\/2024\/05\/robert-martin.png","width":1630,"height":1088,"caption":"embaixadora nazare, ronbert martin e patricia almeida"},{"@type":"BreadcrumbList","@id":"https:\/\/inclusivenews.com.br\/?p=33177#breadcrumb","itemListElement":[{"@type":"ListItem","position":1,"name":"In\u00edcio","item":"https:\/\/inclusivenews.com.br\/"},{"@type":"ListItem","position":2,"name":"Morre grande defensor das pessoas com defici\u00eancia intelectual, Robert Martin"}]},{"@type":"WebSite","@id":"https:\/\/inclusivenews.com.br\/#website","url":"https:\/\/inclusivenews.com.br\/","name":"Inclusive News","description":"Inclusive News","publisher":{"@id":"https:\/\/inclusivenews.com.br\/#organization"},"potentialAction":[{"@type":"SearchAction","target":{"@type":"EntryPoint","urlTemplate":"https:\/\/inclusivenews.com.br\/?s={search_term_string}"},"query-input":{"@type":"PropertyValueSpecification","valueRequired":true,"valueName":"search_term_string"}}],"inLanguage":"pt-PT"},{"@type":"Organization","@id":"https:\/\/inclusivenews.com.br\/#organization","name":"Inclusive - inclus\u00e3o e cidadania","url":"https:\/\/inclusivenews.com.br\/","logo":{"@type":"ImageObject","inLanguage":"pt-PT","@id":"https:\/\/inclusivenews.com.br\/#\/schema\/logo\/image\/","url":"https:\/\/inclusivenews.com.br\/wp-content\/uploads\/2024\/03\/@grandesite.png","contentUrl":"https:\/\/inclusivenews.com.br\/wp-content\/uploads\/2024\/03\/@grandesite.png","width":1080,"height":1080,"caption":"Inclusive - inclus\u00e3o e cidadania"},"image":{"@id":"https:\/\/inclusivenews.com.br\/#\/schema\/logo\/image\/"},"sameAs":["https:\/\/www.facebook.com\/agenciainclusive\/","https:\/\/www.instagram.com\/newsinclusive\/"]},{"@type":"Person","@id":"https:\/\/inclusivenews.com.br\/#\/schema\/person\/ae4ec7087559b8692fb33b6fffd2273b","name":"inclusivenews2024","image":{"@type":"ImageObject","inLanguage":"pt-PT","@id":"https:\/\/secure.gravatar.com\/avatar\/c5a7ef84c66fa914f55bc4f7ce26cfa275a3b9a1c5568b907bd184fb4dde7b40?s=96&d=mm&r=g","url":"https:\/\/secure.gravatar.com\/avatar\/c5a7ef84c66fa914f55bc4f7ce26cfa275a3b9a1c5568b907bd184fb4dde7b40?s=96&d=mm&r=g","contentUrl":"https:\/\/secure.gravatar.com\/avatar\/c5a7ef84c66fa914f55bc4f7ce26cfa275a3b9a1c5568b907bd184fb4dde7b40?s=96&d=mm&r=g","caption":"inclusivenews2024"},"sameAs":["https:\/\/inclusivenews.com.br"],"url":"https:\/\/inclusivenews.com.br\/?author=1"}]}},"_links":{"self":[{"href":"https:\/\/inclusivenews.com.br\/index.php?rest_route=\/wp\/v2\/posts\/33177","targetHints":{"allow":["GET"]}}],"collection":[{"href":"https:\/\/inclusivenews.com.br\/index.php?rest_route=\/wp\/v2\/posts"}],"about":[{"href":"https:\/\/inclusivenews.com.br\/index.php?rest_route=\/wp\/v2\/types\/post"}],"author":[{"embeddable":true,"href":"https:\/\/inclusivenews.com.br\/index.php?rest_route=\/wp\/v2\/users\/1"}],"replies":[{"embeddable":true,"href":"https:\/\/inclusivenews.com.br\/index.php?rest_route=%2Fwp%2Fv2%2Fcomments&post=33177"}],"version-history":[{"count":3,"href":"https:\/\/inclusivenews.com.br\/index.php?rest_route=\/wp\/v2\/posts\/33177\/revisions"}],"predecessor-version":[{"id":33185,"href":"https:\/\/inclusivenews.com.br\/index.php?rest_route=\/wp\/v2\/posts\/33177\/revisions\/33185"}],"wp:featuredmedia":[{"embeddable":true,"href":"https:\/\/inclusivenews.com.br\/index.php?rest_route=\/wp\/v2\/media\/33178"}],"wp:attachment":[{"href":"https:\/\/inclusivenews.com.br\/index.php?rest_route=%2Fwp%2Fv2%2Fmedia&parent=33177"}],"wp:term":[{"taxonomy":"category","embeddable":true,"href":"https:\/\/inclusivenews.com.br\/index.php?rest_route=%2Fwp%2Fv2%2Fcategories&post=33177"},{"taxonomy":"post_tag","embeddable":true,"href":"https:\/\/inclusivenews.com.br\/index.php?rest_route=%2Fwp%2Fv2%2Ftags&post=33177"}],"curies":[{"name":"wp","href":"https:\/\/api.w.org\/{rel}","templated":true}]}}