{"id":33181,"date":"2024-05-02T15:36:59","date_gmt":"2024-05-02T15:36:59","guid":{"rendered":"https:\/\/inclusivenews.com.br\/?p=33181"},"modified":"2024-05-02T15:37:00","modified_gmt":"2024-05-02T15:37:00","slug":"maio-laranja-violencia-contra-pessoas-com-deficiencia-precisamos-falar-sobre-isso","status":"publish","type":"post","link":"https:\/\/inclusivenews.com.br\/?p=33181","title":{"rendered":"Maio Laranja &#8211; Viol\u00eancia contra pessoas com defici\u00eancia. Precisamos falar sobre isso."},"content":{"rendered":"\n<figure class=\"wp-block-image size-full\"><img loading=\"lazy\" decoding=\"async\" width=\"637\" height=\"443\" src=\"https:\/\/inclusivenews.com.br\/wp-content\/uploads\/2024\/05\/silenciadas-documentario.png\" alt=\"\" class=\"wp-image-33183\" srcset=\"https:\/\/inclusivenews.com.br\/wp-content\/uploads\/2024\/05\/silenciadas-documentario.png 637w, https:\/\/inclusivenews.com.br\/wp-content\/uploads\/2024\/05\/silenciadas-documentario-300x209.png 300w\" sizes=\"auto, (max-width: 637px) 100vw, 637px\" \/><figcaption class=\"wp-element-caption\">foto de mulher de costas na penumbra.<\/figcaption><\/figure>\n\n\n\n<p>Chega o m\u00eas de maio e sabemos que est\u00e1 na hora de enfrentar a viol\u00eancia contra crian\u00e7as e adolescentes.<\/p>\n\n\n\n<p>Mas e quando elas t\u00eam defici\u00eancia?<\/p>\n\n\n\n<p>Ningu\u00e9m quer falar sobre isso. Afinal, elas sofrem a viol\u00eancia mas nada falam&#8230; muitas vezes n\u00e3o sabem o que \u00e9, n\u00e3o sabem que \u00e9 errado. <\/p>\n\n\n\n<p>Muitas vezes at\u00e9 tentam falar mas ningu\u00e9m acredita nelas.<\/p>\n\n\n\n<p>Muitas vezes os agressores s\u00e3o os cuidadores&#8230;<\/p>\n\n\n\n<p>Todas estas situa\u00e7\u00f5es s\u00e3o relatadas pelas protagonistas de &#8220;Silenciadas. Em busca de uma voz&#8221;.<\/p>\n\n\n\n<p>S\u00e3o as \u201cmem\u00f3rias\u201d sobre a viol\u00eancia, no document\u00e1rio dirigido e produzido pela Educadora Social e Mestra em Letras Fl\u00e1via Pieretti Cardoso,.<\/p>\n\n\n\n<p>Fl\u00e1via atua na \u00e1rea da Educa\u00e7\u00e3o Inclusiva h\u00e1 17 anos e na \u00e1rea da viol\u00eancia contra mulheres com defici\u00eancia h\u00e1 9 anos, desde sua experi\u00eancia na Casa da Mulher Brasileira como int\u00e9rprete de Libras, no ano de 2015 e pela sua milit\u00e2ncia junto \u00e0 Associa\u00e7\u00e3o de Mulheres com Defici\u00eancia do MS \u2013 AMDEFMS. <\/p>\n\n\n\n<p>Ana Paula Cardoso, jornalista e mulher com defici\u00eancia f\u00edsica, tetraplegia, ap\u00f3s acidente automobil\u00edstico em 2009 e que, tamb\u00e9m, atua como volunt\u00e1ria na AMDEF MS \u00e9 a roteirista.<\/p>\n\n\n\n<p>O document\u00e1rio \u00e9 resultado da pesquisa de disserta\u00e7\u00e3o de Mestrado em Letras\/Linguagem de F\u00e1via, pela Universidade Estadual de Mato Grosso do Sul \u2013 UEMS, que tem como t\u00edtulo: VOZES DE MULHERES COM DEFICI\u00caNCIA E A VIOL\u00caNCIA DE G\u00caNERO: AN\u00c1LISE DISCURSIVA DE NARRATIVAS DE VIDA EM CAMPO GRANDE \u2013 MS.<\/p>\n\n\n\n<p>\u00c9 preciso conhecer para previnir e enfrentar a viol\u00eancia.<\/p>\n\n\n\n<p>Assista o document\u00e1rio no Youtube, com int\u00e9rprete de Libras e legenda.<\/p>\n\n\n\n<figure class=\"wp-block-embed is-type-video is-provider-youtube wp-block-embed-youtube wp-embed-aspect-16-9 wp-has-aspect-ratio\"><div class=\"wp-block-embed__wrapper\">\n<iframe loading=\"lazy\" title=\"SILENCIADAS: Em busca de uma voz (Dire\u00e7\u00e3o e Produ\u00e7\u00e3o Fl\u00e1via Pieretti e Roteiro Ana Paula Cardoso)\" width=\"500\" height=\"281\" src=\"https:\/\/www.youtube.com\/embed\/xa9moW4WawY?feature=oembed\" frameborder=\"0\" allow=\"accelerometer; autoplay; clipboard-write; encrypted-media; gyroscope; picture-in-picture; web-share\" referrerpolicy=\"strict-origin-when-cross-origin\" allowfullscreen><\/iframe>\n<\/div><figcaption class=\"wp-element-caption\">Confira o debate sobre o filme no Festivel de cinema Assim Vivemos de 2021.<\/figcaption><\/figure>\n\n\n\n<figure class=\"wp-block-embed is-type-video is-provider-youtube wp-block-embed-youtube wp-embed-aspect-16-9 wp-has-aspect-ratio\"><div class=\"wp-block-embed__wrapper\">\n<iframe loading=\"lazy\" title=\"Debate 4 SP - Em busca de uma voz - Assim Vivemos 2021\" width=\"500\" height=\"281\" src=\"https:\/\/www.youtube.com\/embed\/G9PQm5ENe1s?feature=oembed\" frameborder=\"0\" allow=\"accelerometer; autoplay; clipboard-write; encrypted-media; gyroscope; picture-in-picture; web-share\" referrerpolicy=\"strict-origin-when-cross-origin\" allowfullscreen><\/iframe>\n<\/div><\/figure>\n\n\n\n<p>Previna a viol\u00eancia, antes que ela aconte\u00e7a!<\/p>\n\n\n\n<figure class=\"wp-block-image size-large is-resized\"><img loading=\"lazy\" decoding=\"async\" width=\"1024\" height=\"930\" src=\"https:\/\/inclusivenews.com.br\/wp-content\/uploads\/2024\/05\/emp-logo-1024x930.png\" alt=\"mascote do eu me protejo - menina negra com cara enfezada e mao aberta espalmada a frente em sinal de pare. flor faca bonito no vestido amarelo.\" class=\"wp-image-33182\" style=\"width:562px;height:auto\" srcset=\"https:\/\/inclusivenews.com.br\/wp-content\/uploads\/2024\/05\/emp-logo-1024x930.png 1024w, https:\/\/inclusivenews.com.br\/wp-content\/uploads\/2024\/05\/emp-logo-300x272.png 300w, https:\/\/inclusivenews.com.br\/wp-content\/uploads\/2024\/05\/emp-logo-768x698.png 768w, https:\/\/inclusivenews.com.br\/wp-content\/uploads\/2024\/05\/emp-logo.png 1264w\" sizes=\"auto, (max-width: 1024px) 100vw, 1024px\" \/><\/figure>\n\n\n\n<p>Conhe\u00e7a os materiais gratuitos e com acessibilidade do Eu Me Protejo: educa\u00e7\u00e3o inclusiva para preven\u00e7\u00e3o contra a viol\u00eancia na inf\u00e2ncia:<\/p>\n\n\n\n<p><a href=\"http:\/\/www.eumeprotejo.com\">www.eumeprotejo.com<\/a><\/p>\n\n\n\n<p><a href=\"https:\/\/www.instagram.com\/eumeprotejobrasil\">https:\/\/www.instagram.com\/eumeprotejobrasil<\/a><\/p>\n","protected":false},"excerpt":{"rendered":"<p>Chega o m\u00eas de maio e sabemos que est\u00e1 na hora de enfrentar a viol\u00eancia contra crian\u00e7as e adolescentes. Mas e quando elas t\u00eam defici\u00eancia? Ningu\u00e9m quer falar sobre isso. Afinal, elas sofrem a viol\u00eancia mas nada falam&#8230; muitas vezes n\u00e3o sabem o que \u00e9, n\u00e3o sabem que \u00e9 errado. Muitas vezes at\u00e9 tentam falar [&hellip;]<\/p>\n","protected":false},"author":1,"featured_media":33183,"comment_status":"open","ping_status":"open","sticky":false,"template":"","format":"standard","meta":{"site-container-style":"default","site-container-layout":"default","site-sidebar-layout":"default","disable-article-header":"default","disable-site-header":"default","disable-site-footer":"default","disable-content-area-spacing":"default","footnotes":""},"categories":[451],"tags":[],"class_list":["post-33181","post","type-post","status-publish","format-standard","has-post-thumbnail","hentry","category-prevencao-a-violencia"],"yoast_head":"<!-- This site is optimized with the Yoast SEO plugin v27.4 - https:\/\/yoast.com\/product\/yoast-seo-wordpress\/ -->\n<title>Maio Laranja - Viol\u00eancia contra pessoas com defici\u00eancia. Precisamos falar sobre isso. -<\/title>\n<meta name=\"robots\" content=\"index, follow, max-snippet:-1, max-image-preview:large, max-video-preview:-1\" \/>\n<link rel=\"canonical\" href=\"https:\/\/inclusivenews.com.br\/?p=33181\" \/>\n<meta property=\"og:locale\" content=\"pt_PT\" \/>\n<meta property=\"og:type\" content=\"article\" \/>\n<meta property=\"og:title\" content=\"Maio Laranja - Viol\u00eancia contra pessoas com defici\u00eancia. Precisamos falar sobre isso. -\" \/>\n<meta property=\"og:description\" content=\"Chega o m\u00eas de maio e sabemos que est\u00e1 na hora de enfrentar a viol\u00eancia contra crian\u00e7as e adolescentes. Mas e quando elas t\u00eam defici\u00eancia? Ningu\u00e9m quer falar sobre isso. Afinal, elas sofrem a viol\u00eancia mas nada falam&#8230; muitas vezes n\u00e3o sabem o que \u00e9, n\u00e3o sabem que \u00e9 errado. Muitas vezes at\u00e9 tentam falar [&hellip;]\" \/>\n<meta property=\"og:url\" content=\"https:\/\/inclusivenews.com.br\/?p=33181\" \/>\n<meta property=\"article:publisher\" content=\"https:\/\/www.facebook.com\/agenciainclusive\/\" \/>\n<meta property=\"article:published_time\" content=\"2024-05-02T15:36:59+00:00\" \/>\n<meta property=\"article:modified_time\" content=\"2024-05-02T15:37:00+00:00\" \/>\n<meta property=\"og:image\" content=\"https:\/\/inclusivenews.com.br\/wp-content\/uploads\/2024\/05\/silenciadas-documentario.png\" \/>\n\t<meta property=\"og:image:width\" content=\"637\" \/>\n\t<meta property=\"og:image:height\" content=\"443\" \/>\n\t<meta property=\"og:image:type\" content=\"image\/png\" \/>\n<meta name=\"author\" content=\"inclusivenews2024\" \/>\n<meta name=\"twitter:card\" content=\"summary_large_image\" \/>\n<meta name=\"twitter:label1\" content=\"Escrito por\" \/>\n\t<meta name=\"twitter:data1\" content=\"inclusivenews2024\" \/>\n\t<meta name=\"twitter:label2\" content=\"Tempo estimado de leitura\" \/>\n\t<meta name=\"twitter:data2\" content=\"1 minuto\" \/>\n<script type=\"application\/ld+json\" class=\"yoast-schema-graph\">{\"@context\":\"https:\\\/\\\/schema.org\",\"@graph\":[{\"@type\":\"Article\",\"@id\":\"https:\\\/\\\/inclusivenews.com.br\\\/?p=33181#article\",\"isPartOf\":{\"@id\":\"https:\\\/\\\/inclusivenews.com.br\\\/?p=33181\"},\"author\":{\"name\":\"inclusivenews2024\",\"@id\":\"https:\\\/\\\/inclusivenews.com.br\\\/#\\\/schema\\\/person\\\/ae4ec7087559b8692fb33b6fffd2273b\"},\"headline\":\"Maio Laranja &#8211; Viol\u00eancia contra pessoas com defici\u00eancia. Precisamos falar sobre isso.\",\"datePublished\":\"2024-05-02T15:36:59+00:00\",\"dateModified\":\"2024-05-02T15:37:00+00:00\",\"mainEntityOfPage\":{\"@id\":\"https:\\\/\\\/inclusivenews.com.br\\\/?p=33181\"},\"wordCount\":382,\"commentCount\":0,\"publisher\":{\"@id\":\"https:\\\/\\\/inclusivenews.com.br\\\/#organization\"},\"image\":{\"@id\":\"https:\\\/\\\/inclusivenews.com.br\\\/?p=33181#primaryimage\"},\"thumbnailUrl\":\"https:\\\/\\\/inclusivenews.com.br\\\/wp-content\\\/uploads\\\/2024\\\/05\\\/silenciadas-documentario.png\",\"articleSection\":[\"Preven\u00e7\u00e3o \u00e0 viol\u00eancia\"],\"inLanguage\":\"pt-PT\",\"potentialAction\":[{\"@type\":\"CommentAction\",\"name\":\"Comment\",\"target\":[\"https:\\\/\\\/inclusivenews.com.br\\\/?p=33181#respond\"]}]},{\"@type\":\"WebPage\",\"@id\":\"https:\\\/\\\/inclusivenews.com.br\\\/?p=33181\",\"url\":\"https:\\\/\\\/inclusivenews.com.br\\\/?p=33181\",\"name\":\"Maio Laranja - Viol\u00eancia contra pessoas com defici\u00eancia. Precisamos falar sobre isso. -\",\"isPartOf\":{\"@id\":\"https:\\\/\\\/inclusivenews.com.br\\\/#website\"},\"primaryImageOfPage\":{\"@id\":\"https:\\\/\\\/inclusivenews.com.br\\\/?p=33181#primaryimage\"},\"image\":{\"@id\":\"https:\\\/\\\/inclusivenews.com.br\\\/?p=33181#primaryimage\"},\"thumbnailUrl\":\"https:\\\/\\\/inclusivenews.com.br\\\/wp-content\\\/uploads\\\/2024\\\/05\\\/silenciadas-documentario.png\",\"datePublished\":\"2024-05-02T15:36:59+00:00\",\"dateModified\":\"2024-05-02T15:37:00+00:00\",\"breadcrumb\":{\"@id\":\"https:\\\/\\\/inclusivenews.com.br\\\/?p=33181#breadcrumb\"},\"inLanguage\":\"pt-PT\",\"potentialAction\":[{\"@type\":\"ReadAction\",\"target\":[\"https:\\\/\\\/inclusivenews.com.br\\\/?p=33181\"]}]},{\"@type\":\"ImageObject\",\"inLanguage\":\"pt-PT\",\"@id\":\"https:\\\/\\\/inclusivenews.com.br\\\/?p=33181#primaryimage\",\"url\":\"https:\\\/\\\/inclusivenews.com.br\\\/wp-content\\\/uploads\\\/2024\\\/05\\\/silenciadas-documentario.png\",\"contentUrl\":\"https:\\\/\\\/inclusivenews.com.br\\\/wp-content\\\/uploads\\\/2024\\\/05\\\/silenciadas-documentario.png\",\"width\":637,\"height\":443,\"caption\":\"foto de mulher de costas na penumbra.\"},{\"@type\":\"BreadcrumbList\",\"@id\":\"https:\\\/\\\/inclusivenews.com.br\\\/?p=33181#breadcrumb\",\"itemListElement\":[{\"@type\":\"ListItem\",\"position\":1,\"name\":\"In\u00edcio\",\"item\":\"https:\\\/\\\/inclusivenews.com.br\\\/\"},{\"@type\":\"ListItem\",\"position\":2,\"name\":\"Maio Laranja &#8211; Viol\u00eancia contra pessoas com defici\u00eancia. Precisamos falar sobre isso.\"}]},{\"@type\":\"WebSite\",\"@id\":\"https:\\\/\\\/inclusivenews.com.br\\\/#website\",\"url\":\"https:\\\/\\\/inclusivenews.com.br\\\/\",\"name\":\"Inclusive News\",\"description\":\"Inclusive News\",\"publisher\":{\"@id\":\"https:\\\/\\\/inclusivenews.com.br\\\/#organization\"},\"potentialAction\":[{\"@type\":\"SearchAction\",\"target\":{\"@type\":\"EntryPoint\",\"urlTemplate\":\"https:\\\/\\\/inclusivenews.com.br\\\/?s={search_term_string}\"},\"query-input\":{\"@type\":\"PropertyValueSpecification\",\"valueRequired\":true,\"valueName\":\"search_term_string\"}}],\"inLanguage\":\"pt-PT\"},{\"@type\":\"Organization\",\"@id\":\"https:\\\/\\\/inclusivenews.com.br\\\/#organization\",\"name\":\"Inclusive - inclus\u00e3o e cidadania\",\"url\":\"https:\\\/\\\/inclusivenews.com.br\\\/\",\"logo\":{\"@type\":\"ImageObject\",\"inLanguage\":\"pt-PT\",\"@id\":\"https:\\\/\\\/inclusivenews.com.br\\\/#\\\/schema\\\/logo\\\/image\\\/\",\"url\":\"https:\\\/\\\/inclusivenews.com.br\\\/wp-content\\\/uploads\\\/2024\\\/03\\\/@grandesite.png\",\"contentUrl\":\"https:\\\/\\\/inclusivenews.com.br\\\/wp-content\\\/uploads\\\/2024\\\/03\\\/@grandesite.png\",\"width\":1080,\"height\":1080,\"caption\":\"Inclusive - inclus\u00e3o e cidadania\"},\"image\":{\"@id\":\"https:\\\/\\\/inclusivenews.com.br\\\/#\\\/schema\\\/logo\\\/image\\\/\"},\"sameAs\":[\"https:\\\/\\\/www.facebook.com\\\/agenciainclusive\\\/\",\"https:\\\/\\\/www.instagram.com\\\/newsinclusive\\\/\"]},{\"@type\":\"Person\",\"@id\":\"https:\\\/\\\/inclusivenews.com.br\\\/#\\\/schema\\\/person\\\/ae4ec7087559b8692fb33b6fffd2273b\",\"name\":\"inclusivenews2024\",\"image\":{\"@type\":\"ImageObject\",\"inLanguage\":\"pt-PT\",\"@id\":\"https:\\\/\\\/secure.gravatar.com\\\/avatar\\\/c5a7ef84c66fa914f55bc4f7ce26cfa275a3b9a1c5568b907bd184fb4dde7b40?s=96&d=mm&r=g\",\"url\":\"https:\\\/\\\/secure.gravatar.com\\\/avatar\\\/c5a7ef84c66fa914f55bc4f7ce26cfa275a3b9a1c5568b907bd184fb4dde7b40?s=96&d=mm&r=g\",\"contentUrl\":\"https:\\\/\\\/secure.gravatar.com\\\/avatar\\\/c5a7ef84c66fa914f55bc4f7ce26cfa275a3b9a1c5568b907bd184fb4dde7b40?s=96&d=mm&r=g\",\"caption\":\"inclusivenews2024\"},\"sameAs\":[\"https:\\\/\\\/inclusivenews.com.br\"],\"url\":\"https:\\\/\\\/inclusivenews.com.br\\\/?author=1\"}]}<\/script>\n<!-- \/ Yoast SEO plugin. -->","yoast_head_json":{"title":"Maio Laranja - Viol\u00eancia contra pessoas com defici\u00eancia. Precisamos falar sobre isso. -","robots":{"index":"index","follow":"follow","max-snippet":"max-snippet:-1","max-image-preview":"max-image-preview:large","max-video-preview":"max-video-preview:-1"},"canonical":"https:\/\/inclusivenews.com.br\/?p=33181","og_locale":"pt_PT","og_type":"article","og_title":"Maio Laranja - Viol\u00eancia contra pessoas com defici\u00eancia. Precisamos falar sobre isso. -","og_description":"Chega o m\u00eas de maio e sabemos que est\u00e1 na hora de enfrentar a viol\u00eancia contra crian\u00e7as e adolescentes. Mas e quando elas t\u00eam defici\u00eancia? Ningu\u00e9m quer falar sobre isso. Afinal, elas sofrem a viol\u00eancia mas nada falam&#8230; muitas vezes n\u00e3o sabem o que \u00e9, n\u00e3o sabem que \u00e9 errado. Muitas vezes at\u00e9 tentam falar [&hellip;]","og_url":"https:\/\/inclusivenews.com.br\/?p=33181","article_publisher":"https:\/\/www.facebook.com\/agenciainclusive\/","article_published_time":"2024-05-02T15:36:59+00:00","article_modified_time":"2024-05-02T15:37:00+00:00","og_image":[{"width":637,"height":443,"url":"https:\/\/inclusivenews.com.br\/wp-content\/uploads\/2024\/05\/silenciadas-documentario.png","type":"image\/png"}],"author":"inclusivenews2024","twitter_card":"summary_large_image","twitter_misc":{"Escrito por":"inclusivenews2024","Tempo estimado de leitura":"1 minuto"},"schema":{"@context":"https:\/\/schema.org","@graph":[{"@type":"Article","@id":"https:\/\/inclusivenews.com.br\/?p=33181#article","isPartOf":{"@id":"https:\/\/inclusivenews.com.br\/?p=33181"},"author":{"name":"inclusivenews2024","@id":"https:\/\/inclusivenews.com.br\/#\/schema\/person\/ae4ec7087559b8692fb33b6fffd2273b"},"headline":"Maio Laranja &#8211; Viol\u00eancia contra pessoas com defici\u00eancia. Precisamos falar sobre isso.","datePublished":"2024-05-02T15:36:59+00:00","dateModified":"2024-05-02T15:37:00+00:00","mainEntityOfPage":{"@id":"https:\/\/inclusivenews.com.br\/?p=33181"},"wordCount":382,"commentCount":0,"publisher":{"@id":"https:\/\/inclusivenews.com.br\/#organization"},"image":{"@id":"https:\/\/inclusivenews.com.br\/?p=33181#primaryimage"},"thumbnailUrl":"https:\/\/inclusivenews.com.br\/wp-content\/uploads\/2024\/05\/silenciadas-documentario.png","articleSection":["Preven\u00e7\u00e3o \u00e0 viol\u00eancia"],"inLanguage":"pt-PT","potentialAction":[{"@type":"CommentAction","name":"Comment","target":["https:\/\/inclusivenews.com.br\/?p=33181#respond"]}]},{"@type":"WebPage","@id":"https:\/\/inclusivenews.com.br\/?p=33181","url":"https:\/\/inclusivenews.com.br\/?p=33181","name":"Maio Laranja - Viol\u00eancia contra pessoas com defici\u00eancia. Precisamos falar sobre isso. -","isPartOf":{"@id":"https:\/\/inclusivenews.com.br\/#website"},"primaryImageOfPage":{"@id":"https:\/\/inclusivenews.com.br\/?p=33181#primaryimage"},"image":{"@id":"https:\/\/inclusivenews.com.br\/?p=33181#primaryimage"},"thumbnailUrl":"https:\/\/inclusivenews.com.br\/wp-content\/uploads\/2024\/05\/silenciadas-documentario.png","datePublished":"2024-05-02T15:36:59+00:00","dateModified":"2024-05-02T15:37:00+00:00","breadcrumb":{"@id":"https:\/\/inclusivenews.com.br\/?p=33181#breadcrumb"},"inLanguage":"pt-PT","potentialAction":[{"@type":"ReadAction","target":["https:\/\/inclusivenews.com.br\/?p=33181"]}]},{"@type":"ImageObject","inLanguage":"pt-PT","@id":"https:\/\/inclusivenews.com.br\/?p=33181#primaryimage","url":"https:\/\/inclusivenews.com.br\/wp-content\/uploads\/2024\/05\/silenciadas-documentario.png","contentUrl":"https:\/\/inclusivenews.com.br\/wp-content\/uploads\/2024\/05\/silenciadas-documentario.png","width":637,"height":443,"caption":"foto de mulher de costas na penumbra."},{"@type":"BreadcrumbList","@id":"https:\/\/inclusivenews.com.br\/?p=33181#breadcrumb","itemListElement":[{"@type":"ListItem","position":1,"name":"In\u00edcio","item":"https:\/\/inclusivenews.com.br\/"},{"@type":"ListItem","position":2,"name":"Maio Laranja &#8211; Viol\u00eancia contra pessoas com defici\u00eancia. Precisamos falar sobre isso."}]},{"@type":"WebSite","@id":"https:\/\/inclusivenews.com.br\/#website","url":"https:\/\/inclusivenews.com.br\/","name":"Inclusive News","description":"Inclusive News","publisher":{"@id":"https:\/\/inclusivenews.com.br\/#organization"},"potentialAction":[{"@type":"SearchAction","target":{"@type":"EntryPoint","urlTemplate":"https:\/\/inclusivenews.com.br\/?s={search_term_string}"},"query-input":{"@type":"PropertyValueSpecification","valueRequired":true,"valueName":"search_term_string"}}],"inLanguage":"pt-PT"},{"@type":"Organization","@id":"https:\/\/inclusivenews.com.br\/#organization","name":"Inclusive - inclus\u00e3o e cidadania","url":"https:\/\/inclusivenews.com.br\/","logo":{"@type":"ImageObject","inLanguage":"pt-PT","@id":"https:\/\/inclusivenews.com.br\/#\/schema\/logo\/image\/","url":"https:\/\/inclusivenews.com.br\/wp-content\/uploads\/2024\/03\/@grandesite.png","contentUrl":"https:\/\/inclusivenews.com.br\/wp-content\/uploads\/2024\/03\/@grandesite.png","width":1080,"height":1080,"caption":"Inclusive - inclus\u00e3o e cidadania"},"image":{"@id":"https:\/\/inclusivenews.com.br\/#\/schema\/logo\/image\/"},"sameAs":["https:\/\/www.facebook.com\/agenciainclusive\/","https:\/\/www.instagram.com\/newsinclusive\/"]},{"@type":"Person","@id":"https:\/\/inclusivenews.com.br\/#\/schema\/person\/ae4ec7087559b8692fb33b6fffd2273b","name":"inclusivenews2024","image":{"@type":"ImageObject","inLanguage":"pt-PT","@id":"https:\/\/secure.gravatar.com\/avatar\/c5a7ef84c66fa914f55bc4f7ce26cfa275a3b9a1c5568b907bd184fb4dde7b40?s=96&d=mm&r=g","url":"https:\/\/secure.gravatar.com\/avatar\/c5a7ef84c66fa914f55bc4f7ce26cfa275a3b9a1c5568b907bd184fb4dde7b40?s=96&d=mm&r=g","contentUrl":"https:\/\/secure.gravatar.com\/avatar\/c5a7ef84c66fa914f55bc4f7ce26cfa275a3b9a1c5568b907bd184fb4dde7b40?s=96&d=mm&r=g","caption":"inclusivenews2024"},"sameAs":["https:\/\/inclusivenews.com.br"],"url":"https:\/\/inclusivenews.com.br\/?author=1"}]}},"_links":{"self":[{"href":"https:\/\/inclusivenews.com.br\/index.php?rest_route=\/wp\/v2\/posts\/33181","targetHints":{"allow":["GET"]}}],"collection":[{"href":"https:\/\/inclusivenews.com.br\/index.php?rest_route=\/wp\/v2\/posts"}],"about":[{"href":"https:\/\/inclusivenews.com.br\/index.php?rest_route=\/wp\/v2\/types\/post"}],"author":[{"embeddable":true,"href":"https:\/\/inclusivenews.com.br\/index.php?rest_route=\/wp\/v2\/users\/1"}],"replies":[{"embeddable":true,"href":"https:\/\/inclusivenews.com.br\/index.php?rest_route=%2Fwp%2Fv2%2Fcomments&post=33181"}],"version-history":[{"count":1,"href":"https:\/\/inclusivenews.com.br\/index.php?rest_route=\/wp\/v2\/posts\/33181\/revisions"}],"predecessor-version":[{"id":33184,"href":"https:\/\/inclusivenews.com.br\/index.php?rest_route=\/wp\/v2\/posts\/33181\/revisions\/33184"}],"wp:featuredmedia":[{"embeddable":true,"href":"https:\/\/inclusivenews.com.br\/index.php?rest_route=\/wp\/v2\/media\/33183"}],"wp:attachment":[{"href":"https:\/\/inclusivenews.com.br\/index.php?rest_route=%2Fwp%2Fv2%2Fmedia&parent=33181"}],"wp:term":[{"taxonomy":"category","embeddable":true,"href":"https:\/\/inclusivenews.com.br\/index.php?rest_route=%2Fwp%2Fv2%2Fcategories&post=33181"},{"taxonomy":"post_tag","embeddable":true,"href":"https:\/\/inclusivenews.com.br\/index.php?rest_route=%2Fwp%2Fv2%2Ftags&post=33181"}],"curies":[{"name":"wp","href":"https:\/\/api.w.org\/{rel}","templated":true}]}}