{"id":33186,"date":"2024-05-03T10:51:16","date_gmt":"2024-05-03T10:51:16","guid":{"rendered":"https:\/\/inclusivenews.com.br\/?p=33186"},"modified":"2024-05-03T10:52:39","modified_gmt":"2024-05-03T10:52:39","slug":"debates-sobre-bullying-e-sobre-bpc-na-camara-dos-deputados-participe","status":"publish","type":"post","link":"https:\/\/inclusivenews.com.br\/?p=33186","title":{"rendered":"Debates sobre bullying e sobre BPC na C\u00e2mara dos Deputados. Participe!"},"content":{"rendered":"\n<figure class=\"wp-block-image size-large is-resized\"><img loading=\"lazy\" decoding=\"async\" width=\"1024\" height=\"1024\" src=\"https:\/\/inclusivenews.com.br\/wp-content\/uploads\/2024\/05\/bpc-1024x1024.jpg\" alt=\"cart\u00e3o audi\u00eancia p\u00fablica valor e crit\u00e9rios para concess\u00e3o do benef\u00edcio de presta\u00e7\u00e3o continuada \u00e0s pessoas com defici\u00eancia. 7\/5, 13 h, plen\u00e1rio 13 - comiss\u00e3o pcd, c\u00e2mara dos deputados.\" class=\"wp-image-33189\" style=\"width:441px;height:auto\" srcset=\"https:\/\/inclusivenews.com.br\/wp-content\/uploads\/2024\/05\/bpc-1024x1024.jpg 1024w, https:\/\/inclusivenews.com.br\/wp-content\/uploads\/2024\/05\/bpc-300x300.jpg 300w, https:\/\/inclusivenews.com.br\/wp-content\/uploads\/2024\/05\/bpc-150x150.jpg 150w, https:\/\/inclusivenews.com.br\/wp-content\/uploads\/2024\/05\/bpc-768x768.jpg 768w, https:\/\/inclusivenews.com.br\/wp-content\/uploads\/2024\/05\/bpc.jpg 1080w\" sizes=\"auto, (max-width: 1024px) 100vw, 1024px\" \/><\/figure>\n\n\n\n<p>Dois debates interativos (com perguntas on-line dos cidad\u00e3os) v\u00e3o estar em pauta na ter\u00e7a-feira, 7\/5, <br>na Comiss\u00e3o em Defesa dos Direitos das Pessoas com Defici\u00eancia da C\u00e2mara dos Deputados.<\/p>\n\n\n\n<p>C\u00e2mara dos Deputados &#8211; Plen\u00e1rio 13.<\/p>\n\n\n\n<p>Qualquer pessoa pode participar presencialmente ou mandar perguntas desde j\u00e1, para deputados ou os especialistas participantes.<\/p>\n\n\n\n<ul class=\"wp-block-list\">\n<li>Crit\u00e9rios para a concess\u00e3o do benef\u00edcio de presta\u00e7\u00e3o continuada, 7\/5, 13h:<br><a href=\"https:\/\/www.camara.leg.br\/evento-legislativo\/72715\" target=\"_blank\" rel=\"noreferrer noopener\">https:\/\/www.camara.leg.br\/evento-legislativo\/72715<\/a><\/li>\n<\/ul>\n\n\n\n<p>Vai contar com os seguintes convidados:<\/p>\n\n\n\n<p>RAIMUNDO NONATO DE SOUSA (Confirmado)<br>Diretor do Departamento de Benef\u00edcios Assistenciais<br>Minist\u00e9rio do Desenvolvimento e Assist\u00eancia Social, Fam\u00edlia e Combate \u00e0 Fome<\/p>\n\n\n\n<p>RAQUEL DE F\u00c1TIMA ANTUNES MARTINS (Confirmada)<br>Coordenadora-Geral de Regula\u00e7\u00e3o e An\u00e1lise Normativa<br>Minist\u00e9rio do Desenvolvimento e Assist\u00eancia Social, Fam\u00edlia e Combate \u00e0 Fome<\/p>\n\n\n\n<p>REPRESENTANTE (A confirmar)<br>Minist\u00e9rio dos Direitos Humanos e da Cidadania<\/p>\n\n\n\n<p>REPRESENTANTE (A confirmar)<br>Minist\u00e9rio do Planejamento e Or\u00e7amento<\/p>\n\n\n\n<p>REPRESENTANTE (A confirmar)<br>Instituto Nacional do Seguro Social<\/p>\n\n\n\n<p><\/p>\n\n\n\n<ul class=\"wp-block-list\">\n<li>Combate ao bullying contra pessoas com defici\u00eancia, 7\/5, 16h: <br><a href=\"https:\/\/www.camara.leg.br\/evento-legislativo\/72575\" target=\"_blank\" rel=\"noreferrer noopener\">https:\/\/www.camara.leg.br\/evento-legislativo\/72575<\/a><\/li>\n<\/ul>\n\n\n\n<p>Vai contar com os seguintes convidados<\/p>\n\n\n\n<p>MARCOS DA COSTA (Confirmado)<br>Secret\u00e1rio Estadual da Pessoa com Defici\u00eancia do Estado de S\u00e3o Paulo;<\/p>\n\n\n\n<p>CL\u00c1UDIO PANOEIRO (Confirmado)<br>ex Secret\u00e1rio Nacional da Pessoa com Defici\u00eancia;<br>Mediador da C\u00e2mara de media\u00e7\u00e3o e concilia\u00e7\u00e3o da administra\u00e7\u00e3o p\u00fablica Federal &#8211; Advocacia-geral da Uni\u00e3o;<\/p>\n\n\n\n<p>GABRIELA NEUBER (Confirmada)<br>Psic\u00f3loga;<\/p>\n\n\n\n<p>LARISSA LAFAIETE (Confirmada)<br>Advogada e fundadora do Movimento Terapia de M\u00e3es At\u00edpicas;<\/p>\n\n\n\n<p>FLAVIANA MARTINS (Confirmada)<br>Psicopedagoga; e<\/p>\n\n\n\n<p>FRANCISCO PAIVA J\u00daNIOR (Confirmado)<br>Jornalista, respons\u00e1vel pela revista Autismo.<\/p>\n\n\n\n<ol class=\"wp-block-list\"><\/ol>\n\n\n\n<p><\/p>\n","protected":false},"excerpt":{"rendered":"<p>Dois debates interativos (com perguntas on-line dos cidad\u00e3os) v\u00e3o estar em pauta na ter\u00e7a-feira, 7\/5, na Comiss\u00e3o em Defesa dos Direitos das Pessoas com Defici\u00eancia da C\u00e2mara dos Deputados. C\u00e2mara dos Deputados &#8211; Plen\u00e1rio 13. Qualquer pessoa pode participar presencialmente ou mandar perguntas desde j\u00e1, para deputados ou os especialistas participantes. Vai contar com os [&hellip;]<\/p>\n","protected":false},"author":1,"featured_media":33189,"comment_status":"open","ping_status":"open","sticky":false,"template":"","format":"standard","meta":{"site-container-style":"default","site-container-layout":"default","site-sidebar-layout":"default","disable-article-header":"default","disable-site-header":"default","disable-site-footer":"default","disable-content-area-spacing":"default","footnotes":""},"categories":[1,472,49],"tags":[],"class_list":["post-33186","post","type-post","status-publish","format-standard","has-post-thumbnail","hentry","category-blog","category-participacao","category-politicas-publicas"],"yoast_head":"<!-- This site is optimized with the Yoast SEO plugin v27.4 - https:\/\/yoast.com\/product\/yoast-seo-wordpress\/ -->\n<title>Debates sobre bullying e sobre BPC na C\u00e2mara dos Deputados. Participe! -<\/title>\n<meta name=\"robots\" content=\"index, follow, max-snippet:-1, max-image-preview:large, max-video-preview:-1\" \/>\n<link rel=\"canonical\" href=\"https:\/\/inclusivenews.com.br\/?p=33186\" \/>\n<meta property=\"og:locale\" content=\"pt_PT\" \/>\n<meta property=\"og:type\" content=\"article\" \/>\n<meta property=\"og:title\" content=\"Debates sobre bullying e sobre BPC na C\u00e2mara dos Deputados. Participe! -\" \/>\n<meta property=\"og:description\" content=\"Dois debates interativos (com perguntas on-line dos cidad\u00e3os) v\u00e3o estar em pauta na ter\u00e7a-feira, 7\/5, na Comiss\u00e3o em Defesa dos Direitos das Pessoas com Defici\u00eancia da C\u00e2mara dos Deputados. C\u00e2mara dos Deputados &#8211; Plen\u00e1rio 13. Qualquer pessoa pode participar presencialmente ou mandar perguntas desde j\u00e1, para deputados ou os especialistas participantes. Vai contar com os [&hellip;]\" \/>\n<meta property=\"og:url\" content=\"https:\/\/inclusivenews.com.br\/?p=33186\" \/>\n<meta property=\"article:publisher\" content=\"https:\/\/www.facebook.com\/agenciainclusive\/\" \/>\n<meta property=\"article:published_time\" content=\"2024-05-03T10:51:16+00:00\" \/>\n<meta property=\"article:modified_time\" content=\"2024-05-03T10:52:39+00:00\" \/>\n<meta property=\"og:image\" content=\"https:\/\/inclusivenews.com.br\/wp-content\/uploads\/2024\/05\/bpc.jpg\" \/>\n\t<meta property=\"og:image:width\" content=\"1080\" \/>\n\t<meta property=\"og:image:height\" content=\"1080\" \/>\n\t<meta property=\"og:image:type\" content=\"image\/jpeg\" \/>\n<meta name=\"author\" content=\"inclusivenews2024\" \/>\n<meta name=\"twitter:card\" content=\"summary_large_image\" \/>\n<meta name=\"twitter:label1\" content=\"Escrito por\" \/>\n\t<meta name=\"twitter:data1\" content=\"inclusivenews2024\" \/>\n\t<meta name=\"twitter:label2\" content=\"Tempo estimado de leitura\" \/>\n\t<meta name=\"twitter:data2\" content=\"2 minutos\" \/>\n<script type=\"application\/ld+json\" class=\"yoast-schema-graph\">{\"@context\":\"https:\\\/\\\/schema.org\",\"@graph\":[{\"@type\":\"Article\",\"@id\":\"https:\\\/\\\/inclusivenews.com.br\\\/?p=33186#article\",\"isPartOf\":{\"@id\":\"https:\\\/\\\/inclusivenews.com.br\\\/?p=33186\"},\"author\":{\"name\":\"inclusivenews2024\",\"@id\":\"https:\\\/\\\/inclusivenews.com.br\\\/#\\\/schema\\\/person\\\/ae4ec7087559b8692fb33b6fffd2273b\"},\"headline\":\"Debates sobre bullying e sobre BPC na C\u00e2mara dos Deputados. Participe!\",\"datePublished\":\"2024-05-03T10:51:16+00:00\",\"dateModified\":\"2024-05-03T10:52:39+00:00\",\"mainEntityOfPage\":{\"@id\":\"https:\\\/\\\/inclusivenews.com.br\\\/?p=33186\"},\"wordCount\":283,\"commentCount\":0,\"publisher\":{\"@id\":\"https:\\\/\\\/inclusivenews.com.br\\\/#organization\"},\"image\":{\"@id\":\"https:\\\/\\\/inclusivenews.com.br\\\/?p=33186#primaryimage\"},\"thumbnailUrl\":\"https:\\\/\\\/inclusivenews.com.br\\\/wp-content\\\/uploads\\\/2024\\\/05\\\/bpc.jpg\",\"articleSection\":[\"Blog\",\"Participa\u00e7\u00e3o\",\"Pol\u00edticas p\u00fablicas\"],\"inLanguage\":\"pt-PT\",\"potentialAction\":[{\"@type\":\"CommentAction\",\"name\":\"Comment\",\"target\":[\"https:\\\/\\\/inclusivenews.com.br\\\/?p=33186#respond\"]}]},{\"@type\":\"WebPage\",\"@id\":\"https:\\\/\\\/inclusivenews.com.br\\\/?p=33186\",\"url\":\"https:\\\/\\\/inclusivenews.com.br\\\/?p=33186\",\"name\":\"Debates sobre bullying e sobre BPC na C\u00e2mara dos Deputados. Participe! -\",\"isPartOf\":{\"@id\":\"https:\\\/\\\/inclusivenews.com.br\\\/#website\"},\"primaryImageOfPage\":{\"@id\":\"https:\\\/\\\/inclusivenews.com.br\\\/?p=33186#primaryimage\"},\"image\":{\"@id\":\"https:\\\/\\\/inclusivenews.com.br\\\/?p=33186#primaryimage\"},\"thumbnailUrl\":\"https:\\\/\\\/inclusivenews.com.br\\\/wp-content\\\/uploads\\\/2024\\\/05\\\/bpc.jpg\",\"datePublished\":\"2024-05-03T10:51:16+00:00\",\"dateModified\":\"2024-05-03T10:52:39+00:00\",\"breadcrumb\":{\"@id\":\"https:\\\/\\\/inclusivenews.com.br\\\/?p=33186#breadcrumb\"},\"inLanguage\":\"pt-PT\",\"potentialAction\":[{\"@type\":\"ReadAction\",\"target\":[\"https:\\\/\\\/inclusivenews.com.br\\\/?p=33186\"]}]},{\"@type\":\"ImageObject\",\"inLanguage\":\"pt-PT\",\"@id\":\"https:\\\/\\\/inclusivenews.com.br\\\/?p=33186#primaryimage\",\"url\":\"https:\\\/\\\/inclusivenews.com.br\\\/wp-content\\\/uploads\\\/2024\\\/05\\\/bpc.jpg\",\"contentUrl\":\"https:\\\/\\\/inclusivenews.com.br\\\/wp-content\\\/uploads\\\/2024\\\/05\\\/bpc.jpg\",\"width\":1080,\"height\":1080,\"caption\":\"cart\u00e3o convite debate BPC\"},{\"@type\":\"BreadcrumbList\",\"@id\":\"https:\\\/\\\/inclusivenews.com.br\\\/?p=33186#breadcrumb\",\"itemListElement\":[{\"@type\":\"ListItem\",\"position\":1,\"name\":\"In\u00edcio\",\"item\":\"https:\\\/\\\/inclusivenews.com.br\\\/\"},{\"@type\":\"ListItem\",\"position\":2,\"name\":\"Debates sobre bullying e sobre BPC na C\u00e2mara dos Deputados. Participe!\"}]},{\"@type\":\"WebSite\",\"@id\":\"https:\\\/\\\/inclusivenews.com.br\\\/#website\",\"url\":\"https:\\\/\\\/inclusivenews.com.br\\\/\",\"name\":\"Inclusive News\",\"description\":\"Inclusive News\",\"publisher\":{\"@id\":\"https:\\\/\\\/inclusivenews.com.br\\\/#organization\"},\"potentialAction\":[{\"@type\":\"SearchAction\",\"target\":{\"@type\":\"EntryPoint\",\"urlTemplate\":\"https:\\\/\\\/inclusivenews.com.br\\\/?s={search_term_string}\"},\"query-input\":{\"@type\":\"PropertyValueSpecification\",\"valueRequired\":true,\"valueName\":\"search_term_string\"}}],\"inLanguage\":\"pt-PT\"},{\"@type\":\"Organization\",\"@id\":\"https:\\\/\\\/inclusivenews.com.br\\\/#organization\",\"name\":\"Inclusive - inclus\u00e3o e cidadania\",\"url\":\"https:\\\/\\\/inclusivenews.com.br\\\/\",\"logo\":{\"@type\":\"ImageObject\",\"inLanguage\":\"pt-PT\",\"@id\":\"https:\\\/\\\/inclusivenews.com.br\\\/#\\\/schema\\\/logo\\\/image\\\/\",\"url\":\"https:\\\/\\\/inclusivenews.com.br\\\/wp-content\\\/uploads\\\/2024\\\/03\\\/@grandesite.png\",\"contentUrl\":\"https:\\\/\\\/inclusivenews.com.br\\\/wp-content\\\/uploads\\\/2024\\\/03\\\/@grandesite.png\",\"width\":1080,\"height\":1080,\"caption\":\"Inclusive - inclus\u00e3o e cidadania\"},\"image\":{\"@id\":\"https:\\\/\\\/inclusivenews.com.br\\\/#\\\/schema\\\/logo\\\/image\\\/\"},\"sameAs\":[\"https:\\\/\\\/www.facebook.com\\\/agenciainclusive\\\/\",\"https:\\\/\\\/www.instagram.com\\\/newsinclusive\\\/\"]},{\"@type\":\"Person\",\"@id\":\"https:\\\/\\\/inclusivenews.com.br\\\/#\\\/schema\\\/person\\\/ae4ec7087559b8692fb33b6fffd2273b\",\"name\":\"inclusivenews2024\",\"image\":{\"@type\":\"ImageObject\",\"inLanguage\":\"pt-PT\",\"@id\":\"https:\\\/\\\/secure.gravatar.com\\\/avatar\\\/c5a7ef84c66fa914f55bc4f7ce26cfa275a3b9a1c5568b907bd184fb4dde7b40?s=96&d=mm&r=g\",\"url\":\"https:\\\/\\\/secure.gravatar.com\\\/avatar\\\/c5a7ef84c66fa914f55bc4f7ce26cfa275a3b9a1c5568b907bd184fb4dde7b40?s=96&d=mm&r=g\",\"contentUrl\":\"https:\\\/\\\/secure.gravatar.com\\\/avatar\\\/c5a7ef84c66fa914f55bc4f7ce26cfa275a3b9a1c5568b907bd184fb4dde7b40?s=96&d=mm&r=g\",\"caption\":\"inclusivenews2024\"},\"sameAs\":[\"https:\\\/\\\/inclusivenews.com.br\"],\"url\":\"https:\\\/\\\/inclusivenews.com.br\\\/?author=1\"}]}<\/script>\n<!-- \/ Yoast SEO plugin. -->","yoast_head_json":{"title":"Debates sobre bullying e sobre BPC na C\u00e2mara dos Deputados. Participe! -","robots":{"index":"index","follow":"follow","max-snippet":"max-snippet:-1","max-image-preview":"max-image-preview:large","max-video-preview":"max-video-preview:-1"},"canonical":"https:\/\/inclusivenews.com.br\/?p=33186","og_locale":"pt_PT","og_type":"article","og_title":"Debates sobre bullying e sobre BPC na C\u00e2mara dos Deputados. Participe! -","og_description":"Dois debates interativos (com perguntas on-line dos cidad\u00e3os) v\u00e3o estar em pauta na ter\u00e7a-feira, 7\/5, na Comiss\u00e3o em Defesa dos Direitos das Pessoas com Defici\u00eancia da C\u00e2mara dos Deputados. C\u00e2mara dos Deputados &#8211; Plen\u00e1rio 13. Qualquer pessoa pode participar presencialmente ou mandar perguntas desde j\u00e1, para deputados ou os especialistas participantes. Vai contar com os [&hellip;]","og_url":"https:\/\/inclusivenews.com.br\/?p=33186","article_publisher":"https:\/\/www.facebook.com\/agenciainclusive\/","article_published_time":"2024-05-03T10:51:16+00:00","article_modified_time":"2024-05-03T10:52:39+00:00","og_image":[{"width":1080,"height":1080,"url":"https:\/\/inclusivenews.com.br\/wp-content\/uploads\/2024\/05\/bpc.jpg","type":"image\/jpeg"}],"author":"inclusivenews2024","twitter_card":"summary_large_image","twitter_misc":{"Escrito por":"inclusivenews2024","Tempo estimado de leitura":"2 minutos"},"schema":{"@context":"https:\/\/schema.org","@graph":[{"@type":"Article","@id":"https:\/\/inclusivenews.com.br\/?p=33186#article","isPartOf":{"@id":"https:\/\/inclusivenews.com.br\/?p=33186"},"author":{"name":"inclusivenews2024","@id":"https:\/\/inclusivenews.com.br\/#\/schema\/person\/ae4ec7087559b8692fb33b6fffd2273b"},"headline":"Debates sobre bullying e sobre BPC na C\u00e2mara dos Deputados. Participe!","datePublished":"2024-05-03T10:51:16+00:00","dateModified":"2024-05-03T10:52:39+00:00","mainEntityOfPage":{"@id":"https:\/\/inclusivenews.com.br\/?p=33186"},"wordCount":283,"commentCount":0,"publisher":{"@id":"https:\/\/inclusivenews.com.br\/#organization"},"image":{"@id":"https:\/\/inclusivenews.com.br\/?p=33186#primaryimage"},"thumbnailUrl":"https:\/\/inclusivenews.com.br\/wp-content\/uploads\/2024\/05\/bpc.jpg","articleSection":["Blog","Participa\u00e7\u00e3o","Pol\u00edticas p\u00fablicas"],"inLanguage":"pt-PT","potentialAction":[{"@type":"CommentAction","name":"Comment","target":["https:\/\/inclusivenews.com.br\/?p=33186#respond"]}]},{"@type":"WebPage","@id":"https:\/\/inclusivenews.com.br\/?p=33186","url":"https:\/\/inclusivenews.com.br\/?p=33186","name":"Debates sobre bullying e sobre BPC na C\u00e2mara dos Deputados. Participe! -","isPartOf":{"@id":"https:\/\/inclusivenews.com.br\/#website"},"primaryImageOfPage":{"@id":"https:\/\/inclusivenews.com.br\/?p=33186#primaryimage"},"image":{"@id":"https:\/\/inclusivenews.com.br\/?p=33186#primaryimage"},"thumbnailUrl":"https:\/\/inclusivenews.com.br\/wp-content\/uploads\/2024\/05\/bpc.jpg","datePublished":"2024-05-03T10:51:16+00:00","dateModified":"2024-05-03T10:52:39+00:00","breadcrumb":{"@id":"https:\/\/inclusivenews.com.br\/?p=33186#breadcrumb"},"inLanguage":"pt-PT","potentialAction":[{"@type":"ReadAction","target":["https:\/\/inclusivenews.com.br\/?p=33186"]}]},{"@type":"ImageObject","inLanguage":"pt-PT","@id":"https:\/\/inclusivenews.com.br\/?p=33186#primaryimage","url":"https:\/\/inclusivenews.com.br\/wp-content\/uploads\/2024\/05\/bpc.jpg","contentUrl":"https:\/\/inclusivenews.com.br\/wp-content\/uploads\/2024\/05\/bpc.jpg","width":1080,"height":1080,"caption":"cart\u00e3o convite debate BPC"},{"@type":"BreadcrumbList","@id":"https:\/\/inclusivenews.com.br\/?p=33186#breadcrumb","itemListElement":[{"@type":"ListItem","position":1,"name":"In\u00edcio","item":"https:\/\/inclusivenews.com.br\/"},{"@type":"ListItem","position":2,"name":"Debates sobre bullying e sobre BPC na C\u00e2mara dos Deputados. Participe!"}]},{"@type":"WebSite","@id":"https:\/\/inclusivenews.com.br\/#website","url":"https:\/\/inclusivenews.com.br\/","name":"Inclusive News","description":"Inclusive News","publisher":{"@id":"https:\/\/inclusivenews.com.br\/#organization"},"potentialAction":[{"@type":"SearchAction","target":{"@type":"EntryPoint","urlTemplate":"https:\/\/inclusivenews.com.br\/?s={search_term_string}"},"query-input":{"@type":"PropertyValueSpecification","valueRequired":true,"valueName":"search_term_string"}}],"inLanguage":"pt-PT"},{"@type":"Organization","@id":"https:\/\/inclusivenews.com.br\/#organization","name":"Inclusive - inclus\u00e3o e cidadania","url":"https:\/\/inclusivenews.com.br\/","logo":{"@type":"ImageObject","inLanguage":"pt-PT","@id":"https:\/\/inclusivenews.com.br\/#\/schema\/logo\/image\/","url":"https:\/\/inclusivenews.com.br\/wp-content\/uploads\/2024\/03\/@grandesite.png","contentUrl":"https:\/\/inclusivenews.com.br\/wp-content\/uploads\/2024\/03\/@grandesite.png","width":1080,"height":1080,"caption":"Inclusive - inclus\u00e3o e cidadania"},"image":{"@id":"https:\/\/inclusivenews.com.br\/#\/schema\/logo\/image\/"},"sameAs":["https:\/\/www.facebook.com\/agenciainclusive\/","https:\/\/www.instagram.com\/newsinclusive\/"]},{"@type":"Person","@id":"https:\/\/inclusivenews.com.br\/#\/schema\/person\/ae4ec7087559b8692fb33b6fffd2273b","name":"inclusivenews2024","image":{"@type":"ImageObject","inLanguage":"pt-PT","@id":"https:\/\/secure.gravatar.com\/avatar\/c5a7ef84c66fa914f55bc4f7ce26cfa275a3b9a1c5568b907bd184fb4dde7b40?s=96&d=mm&r=g","url":"https:\/\/secure.gravatar.com\/avatar\/c5a7ef84c66fa914f55bc4f7ce26cfa275a3b9a1c5568b907bd184fb4dde7b40?s=96&d=mm&r=g","contentUrl":"https:\/\/secure.gravatar.com\/avatar\/c5a7ef84c66fa914f55bc4f7ce26cfa275a3b9a1c5568b907bd184fb4dde7b40?s=96&d=mm&r=g","caption":"inclusivenews2024"},"sameAs":["https:\/\/inclusivenews.com.br"],"url":"https:\/\/inclusivenews.com.br\/?author=1"}]}},"_links":{"self":[{"href":"https:\/\/inclusivenews.com.br\/index.php?rest_route=\/wp\/v2\/posts\/33186","targetHints":{"allow":["GET"]}}],"collection":[{"href":"https:\/\/inclusivenews.com.br\/index.php?rest_route=\/wp\/v2\/posts"}],"about":[{"href":"https:\/\/inclusivenews.com.br\/index.php?rest_route=\/wp\/v2\/types\/post"}],"author":[{"embeddable":true,"href":"https:\/\/inclusivenews.com.br\/index.php?rest_route=\/wp\/v2\/users\/1"}],"replies":[{"embeddable":true,"href":"https:\/\/inclusivenews.com.br\/index.php?rest_route=%2Fwp%2Fv2%2Fcomments&post=33186"}],"version-history":[{"count":3,"href":"https:\/\/inclusivenews.com.br\/index.php?rest_route=\/wp\/v2\/posts\/33186\/revisions"}],"predecessor-version":[{"id":33192,"href":"https:\/\/inclusivenews.com.br\/index.php?rest_route=\/wp\/v2\/posts\/33186\/revisions\/33192"}],"wp:featuredmedia":[{"embeddable":true,"href":"https:\/\/inclusivenews.com.br\/index.php?rest_route=\/wp\/v2\/media\/33189"}],"wp:attachment":[{"href":"https:\/\/inclusivenews.com.br\/index.php?rest_route=%2Fwp%2Fv2%2Fmedia&parent=33186"}],"wp:term":[{"taxonomy":"category","embeddable":true,"href":"https:\/\/inclusivenews.com.br\/index.php?rest_route=%2Fwp%2Fv2%2Fcategories&post=33186"},{"taxonomy":"post_tag","embeddable":true,"href":"https:\/\/inclusivenews.com.br\/index.php?rest_route=%2Fwp%2Fv2%2Ftags&post=33186"}],"curies":[{"name":"wp","href":"https:\/\/api.w.org\/{rel}","templated":true}]}}