{"id":33193,"date":"2024-05-03T11:22:49","date_gmt":"2024-05-03T11:22:49","guid":{"rendered":"https:\/\/inclusivenews.com.br\/?p=33193"},"modified":"2024-05-03T12:56:01","modified_gmt":"2024-05-03T12:56:01","slug":"ofensa-capacitista-em-rede-social-gera-demissao-por-justa-causa-diz-trt-15","status":"publish","type":"post","link":"https:\/\/inclusivenews.com.br\/?p=33193","title":{"rendered":"Ofensa capacitista em rede social leva \u00e0 demiss\u00e3o por justa causa"},"content":{"rendered":"\n<figure class=\"wp-block-image size-full is-resized\"><img loading=\"lazy\" decoding=\"async\" width=\"810\" height=\"540\" src=\"https:\/\/inclusivenews.com.br\/wp-content\/uploads\/2024\/05\/11-dejutica-balancacisao-11.6.jpg\" alt=\"imagem desfocada de s\u00edmbulo da justi\u00e7a, mulher vendada, e \u00e0 sua frente uma balan\u00e7a.vendada\" class=\"wp-image-33194\" style=\"width:570px;height:auto\" srcset=\"https:\/\/inclusivenews.com.br\/wp-content\/uploads\/2024\/05\/11-dejutica-balancacisao-11.6.jpg 810w, https:\/\/inclusivenews.com.br\/wp-content\/uploads\/2024\/05\/11-dejutica-balancacisao-11.6-300x200.jpg 300w, https:\/\/inclusivenews.com.br\/wp-content\/uploads\/2024\/05\/11-dejutica-balancacisao-11.6-768x512.jpg 768w\" sizes=\"auto, (max-width: 810px) 100vw, 810px\" \/><\/figure>\n\n\n\n<p>Uma empregada de empresa de alimentos que fez postagem capacitista em sua rede social vai ser demitida por justa causa.<\/p>\n\n\n\n<p>Ela publicou foto de uma colega de trabalho cega, acompanhada de c\u00e3o-guia, na frente do estabelecimento comercial da empresa, com ofensas.<\/p>\n\n\n\n<p>A 4\u00aa C\u00e2mara do Tribunal Regional do Trabalho da 15\u00aa Regi\u00e3o (Campinas e interior de SP) reconheceu a validade da justa causa.<\/p>\n\n\n\n<p>A trabalhadora tamb\u00e9m ter\u00e1 que pagar uma multa por m\u00e1-f\u00e9 por ter mentido no processo, que ser\u00e1 revertido \u00e0 empresa, equivalente a 1,1% do valor corrigido da causa (R$ 259.767,27).<\/p>\n\n\n\n<p>Segundo o processo, a empregada publicou em sua rede social uma foto de uma trabalhadora cega acompanhada de c\u00e3o-guia, na frente da empresa com os seguintes coment\u00e1rios: \u201cesta pessoa \u00e9 s\u00f3 para aparecer na m\u00eddia e ter desconto no imposto de renda porque s\u00f3 fazem n\u00famero n\u00e3o fazem nada s\u00f3 cumprem hor\u00e1rio\u201d e \u201capenas mais uma para diminuir no imposto de renda e n\u00e3o fazer nada\u201d.<\/p>\n\n\n\n<p>Para a relatora, desembargadora Eleonora Bordini Coca, \u201co comportamento da autora se mostrou grave o bastante para, ainda que isoladamente, justificar a dispensa por justa causa\u201d.<\/p>\n\n\n\n<p>Disse tamb\u00e9m que, \u201ca atitude da reclamante revelou-se preconceituosa e ofendeu n\u00e3o apenas a imagem da reclamada como tamb\u00e9m a de seus empregados com defici\u00eancia, enquadrando-se nas al\u00edneas \u201cb\u201d e \u201ck\u201d do artigo 482 da CLT, que cita \u201cmau procedimento e ato lesivo da honra e da boa fama contra o empregador\u201d.<\/p>\n\n\n\n<p>A empregada tentou alegar que os coment\u00e1rios foram feitos por seu filho, \u201cportador de esquizofrenia, que pegou o aparelho celular da reclamante sem permiss\u00e3o\u201d, mas depois ela mesma voltou a admitir que \u201cfoi a respons\u00e1vel pelas postagens\u201d. <\/p>\n\n\n\n<p>Por esta raz\u00e3o, foi condenada tamb\u00e9m ao pagamento de multa por m\u00e1-f\u00e9.<\/p>\n\n\n\n<p>Fonte: <a href=\"https:\/\/www.conjur.com.br\/2024-mai-01\/ofensa-capacitista-em-rede-social-gera-demissao-por-justa-causa-diz-trt-15\/\" target=\"_blank\" rel=\"noreferrer noopener\"> https:\/\/www.conjur.com.br\/2024-mai-01\/ofensa-capacitista-em-rede-social-gera-demissao-por-justa-causa-diz-trt-15\/<\/a><\/p>\n\n\n\n<p><\/p>\n\n\n\n<p>e alimentos a uma <\/p>\n","protected":false},"excerpt":{"rendered":"<p>Uma empregada de empresa de alimentos que fez postagem capacitista em sua rede social vai ser demitida por justa causa. Ela publicou foto de uma colega de trabalho cega, acompanhada de c\u00e3o-guia, na frente do estabelecimento comercial da empresa, com ofensas. A 4\u00aa C\u00e2mara do Tribunal Regional do Trabalho da 15\u00aa Regi\u00e3o (Campinas e interior [&hellip;]<\/p>\n","protected":false},"author":1,"featured_media":33194,"comment_status":"open","ping_status":"open","sticky":false,"template":"","format":"standard","meta":{"site-container-style":"default","site-container-layout":"default","site-sidebar-layout":"default","disable-article-header":"default","disable-site-header":"default","disable-site-footer":"default","disable-content-area-spacing":"default","footnotes":""},"categories":[473],"tags":[],"class_list":["post-33193","post","type-post","status-publish","format-standard","has-post-thumbnail","hentry","category-capacitismo"],"yoast_head":"<!-- This site is optimized with the Yoast SEO plugin v27.4 - https:\/\/yoast.com\/product\/yoast-seo-wordpress\/ -->\n<title>Ofensa capacitista em rede social leva \u00e0 demiss\u00e3o por justa causa -<\/title>\n<meta name=\"robots\" content=\"index, follow, max-snippet:-1, max-image-preview:large, max-video-preview:-1\" \/>\n<link rel=\"canonical\" href=\"https:\/\/inclusivenews.com.br\/?p=33193\" \/>\n<meta property=\"og:locale\" content=\"pt_PT\" \/>\n<meta property=\"og:type\" content=\"article\" \/>\n<meta property=\"og:title\" content=\"Ofensa capacitista em rede social leva \u00e0 demiss\u00e3o por justa causa -\" \/>\n<meta property=\"og:description\" content=\"Uma empregada de empresa de alimentos que fez postagem capacitista em sua rede social vai ser demitida por justa causa. Ela publicou foto de uma colega de trabalho cega, acompanhada de c\u00e3o-guia, na frente do estabelecimento comercial da empresa, com ofensas. A 4\u00aa C\u00e2mara do Tribunal Regional do Trabalho da 15\u00aa Regi\u00e3o (Campinas e interior [&hellip;]\" \/>\n<meta property=\"og:url\" content=\"https:\/\/inclusivenews.com.br\/?p=33193\" \/>\n<meta property=\"article:publisher\" content=\"https:\/\/www.facebook.com\/agenciainclusive\/\" \/>\n<meta property=\"article:published_time\" content=\"2024-05-03T11:22:49+00:00\" \/>\n<meta property=\"article:modified_time\" content=\"2024-05-03T12:56:01+00:00\" \/>\n<meta property=\"og:image\" content=\"https:\/\/inclusivenews.com.br\/wp-content\/uploads\/2024\/05\/11-dejutica-balancacisao-11.6.jpg\" \/>\n\t<meta property=\"og:image:width\" content=\"810\" \/>\n\t<meta property=\"og:image:height\" content=\"540\" \/>\n\t<meta property=\"og:image:type\" content=\"image\/jpeg\" \/>\n<meta name=\"author\" content=\"inclusivenews2024\" \/>\n<meta name=\"twitter:card\" content=\"summary_large_image\" \/>\n<meta name=\"twitter:label1\" content=\"Escrito por\" \/>\n\t<meta name=\"twitter:data1\" content=\"inclusivenews2024\" \/>\n\t<meta name=\"twitter:label2\" content=\"Tempo estimado de leitura\" \/>\n\t<meta name=\"twitter:data2\" content=\"3 minutos\" \/>\n<script type=\"application\/ld+json\" class=\"yoast-schema-graph\">{\"@context\":\"https:\\\/\\\/schema.org\",\"@graph\":[{\"@type\":\"Article\",\"@id\":\"https:\\\/\\\/inclusivenews.com.br\\\/?p=33193#article\",\"isPartOf\":{\"@id\":\"https:\\\/\\\/inclusivenews.com.br\\\/?p=33193\"},\"author\":{\"name\":\"inclusivenews2024\",\"@id\":\"https:\\\/\\\/inclusivenews.com.br\\\/#\\\/schema\\\/person\\\/ae4ec7087559b8692fb33b6fffd2273b\"},\"headline\":\"Ofensa capacitista em rede social leva \u00e0 demiss\u00e3o por justa causa\",\"datePublished\":\"2024-05-03T11:22:49+00:00\",\"dateModified\":\"2024-05-03T12:56:01+00:00\",\"mainEntityOfPage\":{\"@id\":\"https:\\\/\\\/inclusivenews.com.br\\\/?p=33193\"},\"wordCount\":325,\"commentCount\":0,\"publisher\":{\"@id\":\"https:\\\/\\\/inclusivenews.com.br\\\/#organization\"},\"image\":{\"@id\":\"https:\\\/\\\/inclusivenews.com.br\\\/?p=33193#primaryimage\"},\"thumbnailUrl\":\"https:\\\/\\\/inclusivenews.com.br\\\/wp-content\\\/uploads\\\/2024\\\/05\\\/11-dejutica-balancacisao-11.6.jpg\",\"articleSection\":[\"Capacitismo\"],\"inLanguage\":\"pt-PT\",\"potentialAction\":[{\"@type\":\"CommentAction\",\"name\":\"Comment\",\"target\":[\"https:\\\/\\\/inclusivenews.com.br\\\/?p=33193#respond\"]}]},{\"@type\":\"WebPage\",\"@id\":\"https:\\\/\\\/inclusivenews.com.br\\\/?p=33193\",\"url\":\"https:\\\/\\\/inclusivenews.com.br\\\/?p=33193\",\"name\":\"Ofensa capacitista em rede social leva \u00e0 demiss\u00e3o por justa causa -\",\"isPartOf\":{\"@id\":\"https:\\\/\\\/inclusivenews.com.br\\\/#website\"},\"primaryImageOfPage\":{\"@id\":\"https:\\\/\\\/inclusivenews.com.br\\\/?p=33193#primaryimage\"},\"image\":{\"@id\":\"https:\\\/\\\/inclusivenews.com.br\\\/?p=33193#primaryimage\"},\"thumbnailUrl\":\"https:\\\/\\\/inclusivenews.com.br\\\/wp-content\\\/uploads\\\/2024\\\/05\\\/11-dejutica-balancacisao-11.6.jpg\",\"datePublished\":\"2024-05-03T11:22:49+00:00\",\"dateModified\":\"2024-05-03T12:56:01+00:00\",\"breadcrumb\":{\"@id\":\"https:\\\/\\\/inclusivenews.com.br\\\/?p=33193#breadcrumb\"},\"inLanguage\":\"pt-PT\",\"potentialAction\":[{\"@type\":\"ReadAction\",\"target\":[\"https:\\\/\\\/inclusivenews.com.br\\\/?p=33193\"]}]},{\"@type\":\"ImageObject\",\"inLanguage\":\"pt-PT\",\"@id\":\"https:\\\/\\\/inclusivenews.com.br\\\/?p=33193#primaryimage\",\"url\":\"https:\\\/\\\/inclusivenews.com.br\\\/wp-content\\\/uploads\\\/2024\\\/05\\\/11-dejutica-balancacisao-11.6.jpg\",\"contentUrl\":\"https:\\\/\\\/inclusivenews.com.br\\\/wp-content\\\/uploads\\\/2024\\\/05\\\/11-dejutica-balancacisao-11.6.jpg\",\"width\":810,\"height\":540,\"caption\":\"Closeup of a sculpture of Themis, mythological Greek goddess, symbol of justice, blind and holding empty balance in her hand\"},{\"@type\":\"BreadcrumbList\",\"@id\":\"https:\\\/\\\/inclusivenews.com.br\\\/?p=33193#breadcrumb\",\"itemListElement\":[{\"@type\":\"ListItem\",\"position\":1,\"name\":\"In\u00edcio\",\"item\":\"https:\\\/\\\/inclusivenews.com.br\\\/\"},{\"@type\":\"ListItem\",\"position\":2,\"name\":\"Ofensa capacitista em rede social leva \u00e0 demiss\u00e3o por justa causa\"}]},{\"@type\":\"WebSite\",\"@id\":\"https:\\\/\\\/inclusivenews.com.br\\\/#website\",\"url\":\"https:\\\/\\\/inclusivenews.com.br\\\/\",\"name\":\"Inclusive News\",\"description\":\"Inclusive News\",\"publisher\":{\"@id\":\"https:\\\/\\\/inclusivenews.com.br\\\/#organization\"},\"potentialAction\":[{\"@type\":\"SearchAction\",\"target\":{\"@type\":\"EntryPoint\",\"urlTemplate\":\"https:\\\/\\\/inclusivenews.com.br\\\/?s={search_term_string}\"},\"query-input\":{\"@type\":\"PropertyValueSpecification\",\"valueRequired\":true,\"valueName\":\"search_term_string\"}}],\"inLanguage\":\"pt-PT\"},{\"@type\":\"Organization\",\"@id\":\"https:\\\/\\\/inclusivenews.com.br\\\/#organization\",\"name\":\"Inclusive - inclus\u00e3o e cidadania\",\"url\":\"https:\\\/\\\/inclusivenews.com.br\\\/\",\"logo\":{\"@type\":\"ImageObject\",\"inLanguage\":\"pt-PT\",\"@id\":\"https:\\\/\\\/inclusivenews.com.br\\\/#\\\/schema\\\/logo\\\/image\\\/\",\"url\":\"https:\\\/\\\/inclusivenews.com.br\\\/wp-content\\\/uploads\\\/2024\\\/03\\\/@grandesite.png\",\"contentUrl\":\"https:\\\/\\\/inclusivenews.com.br\\\/wp-content\\\/uploads\\\/2024\\\/03\\\/@grandesite.png\",\"width\":1080,\"height\":1080,\"caption\":\"Inclusive - inclus\u00e3o e cidadania\"},\"image\":{\"@id\":\"https:\\\/\\\/inclusivenews.com.br\\\/#\\\/schema\\\/logo\\\/image\\\/\"},\"sameAs\":[\"https:\\\/\\\/www.facebook.com\\\/agenciainclusive\\\/\",\"https:\\\/\\\/www.instagram.com\\\/newsinclusive\\\/\"]},{\"@type\":\"Person\",\"@id\":\"https:\\\/\\\/inclusivenews.com.br\\\/#\\\/schema\\\/person\\\/ae4ec7087559b8692fb33b6fffd2273b\",\"name\":\"inclusivenews2024\",\"image\":{\"@type\":\"ImageObject\",\"inLanguage\":\"pt-PT\",\"@id\":\"https:\\\/\\\/secure.gravatar.com\\\/avatar\\\/c5a7ef84c66fa914f55bc4f7ce26cfa275a3b9a1c5568b907bd184fb4dde7b40?s=96&d=mm&r=g\",\"url\":\"https:\\\/\\\/secure.gravatar.com\\\/avatar\\\/c5a7ef84c66fa914f55bc4f7ce26cfa275a3b9a1c5568b907bd184fb4dde7b40?s=96&d=mm&r=g\",\"contentUrl\":\"https:\\\/\\\/secure.gravatar.com\\\/avatar\\\/c5a7ef84c66fa914f55bc4f7ce26cfa275a3b9a1c5568b907bd184fb4dde7b40?s=96&d=mm&r=g\",\"caption\":\"inclusivenews2024\"},\"sameAs\":[\"https:\\\/\\\/inclusivenews.com.br\"],\"url\":\"https:\\\/\\\/inclusivenews.com.br\\\/?author=1\"}]}<\/script>\n<!-- \/ Yoast SEO plugin. -->","yoast_head_json":{"title":"Ofensa capacitista em rede social leva \u00e0 demiss\u00e3o por justa causa -","robots":{"index":"index","follow":"follow","max-snippet":"max-snippet:-1","max-image-preview":"max-image-preview:large","max-video-preview":"max-video-preview:-1"},"canonical":"https:\/\/inclusivenews.com.br\/?p=33193","og_locale":"pt_PT","og_type":"article","og_title":"Ofensa capacitista em rede social leva \u00e0 demiss\u00e3o por justa causa -","og_description":"Uma empregada de empresa de alimentos que fez postagem capacitista em sua rede social vai ser demitida por justa causa. Ela publicou foto de uma colega de trabalho cega, acompanhada de c\u00e3o-guia, na frente do estabelecimento comercial da empresa, com ofensas. A 4\u00aa C\u00e2mara do Tribunal Regional do Trabalho da 15\u00aa Regi\u00e3o (Campinas e interior [&hellip;]","og_url":"https:\/\/inclusivenews.com.br\/?p=33193","article_publisher":"https:\/\/www.facebook.com\/agenciainclusive\/","article_published_time":"2024-05-03T11:22:49+00:00","article_modified_time":"2024-05-03T12:56:01+00:00","og_image":[{"width":810,"height":540,"url":"https:\/\/inclusivenews.com.br\/wp-content\/uploads\/2024\/05\/11-dejutica-balancacisao-11.6.jpg","type":"image\/jpeg"}],"author":"inclusivenews2024","twitter_card":"summary_large_image","twitter_misc":{"Escrito por":"inclusivenews2024","Tempo estimado de leitura":"3 minutos"},"schema":{"@context":"https:\/\/schema.org","@graph":[{"@type":"Article","@id":"https:\/\/inclusivenews.com.br\/?p=33193#article","isPartOf":{"@id":"https:\/\/inclusivenews.com.br\/?p=33193"},"author":{"name":"inclusivenews2024","@id":"https:\/\/inclusivenews.com.br\/#\/schema\/person\/ae4ec7087559b8692fb33b6fffd2273b"},"headline":"Ofensa capacitista em rede social leva \u00e0 demiss\u00e3o por justa causa","datePublished":"2024-05-03T11:22:49+00:00","dateModified":"2024-05-03T12:56:01+00:00","mainEntityOfPage":{"@id":"https:\/\/inclusivenews.com.br\/?p=33193"},"wordCount":325,"commentCount":0,"publisher":{"@id":"https:\/\/inclusivenews.com.br\/#organization"},"image":{"@id":"https:\/\/inclusivenews.com.br\/?p=33193#primaryimage"},"thumbnailUrl":"https:\/\/inclusivenews.com.br\/wp-content\/uploads\/2024\/05\/11-dejutica-balancacisao-11.6.jpg","articleSection":["Capacitismo"],"inLanguage":"pt-PT","potentialAction":[{"@type":"CommentAction","name":"Comment","target":["https:\/\/inclusivenews.com.br\/?p=33193#respond"]}]},{"@type":"WebPage","@id":"https:\/\/inclusivenews.com.br\/?p=33193","url":"https:\/\/inclusivenews.com.br\/?p=33193","name":"Ofensa capacitista em rede social leva \u00e0 demiss\u00e3o por justa causa -","isPartOf":{"@id":"https:\/\/inclusivenews.com.br\/#website"},"primaryImageOfPage":{"@id":"https:\/\/inclusivenews.com.br\/?p=33193#primaryimage"},"image":{"@id":"https:\/\/inclusivenews.com.br\/?p=33193#primaryimage"},"thumbnailUrl":"https:\/\/inclusivenews.com.br\/wp-content\/uploads\/2024\/05\/11-dejutica-balancacisao-11.6.jpg","datePublished":"2024-05-03T11:22:49+00:00","dateModified":"2024-05-03T12:56:01+00:00","breadcrumb":{"@id":"https:\/\/inclusivenews.com.br\/?p=33193#breadcrumb"},"inLanguage":"pt-PT","potentialAction":[{"@type":"ReadAction","target":["https:\/\/inclusivenews.com.br\/?p=33193"]}]},{"@type":"ImageObject","inLanguage":"pt-PT","@id":"https:\/\/inclusivenews.com.br\/?p=33193#primaryimage","url":"https:\/\/inclusivenews.com.br\/wp-content\/uploads\/2024\/05\/11-dejutica-balancacisao-11.6.jpg","contentUrl":"https:\/\/inclusivenews.com.br\/wp-content\/uploads\/2024\/05\/11-dejutica-balancacisao-11.6.jpg","width":810,"height":540,"caption":"Closeup of a sculpture of Themis, mythological Greek goddess, symbol of justice, blind and holding empty balance in her hand"},{"@type":"BreadcrumbList","@id":"https:\/\/inclusivenews.com.br\/?p=33193#breadcrumb","itemListElement":[{"@type":"ListItem","position":1,"name":"In\u00edcio","item":"https:\/\/inclusivenews.com.br\/"},{"@type":"ListItem","position":2,"name":"Ofensa capacitista em rede social leva \u00e0 demiss\u00e3o por justa causa"}]},{"@type":"WebSite","@id":"https:\/\/inclusivenews.com.br\/#website","url":"https:\/\/inclusivenews.com.br\/","name":"Inclusive News","description":"Inclusive News","publisher":{"@id":"https:\/\/inclusivenews.com.br\/#organization"},"potentialAction":[{"@type":"SearchAction","target":{"@type":"EntryPoint","urlTemplate":"https:\/\/inclusivenews.com.br\/?s={search_term_string}"},"query-input":{"@type":"PropertyValueSpecification","valueRequired":true,"valueName":"search_term_string"}}],"inLanguage":"pt-PT"},{"@type":"Organization","@id":"https:\/\/inclusivenews.com.br\/#organization","name":"Inclusive - inclus\u00e3o e cidadania","url":"https:\/\/inclusivenews.com.br\/","logo":{"@type":"ImageObject","inLanguage":"pt-PT","@id":"https:\/\/inclusivenews.com.br\/#\/schema\/logo\/image\/","url":"https:\/\/inclusivenews.com.br\/wp-content\/uploads\/2024\/03\/@grandesite.png","contentUrl":"https:\/\/inclusivenews.com.br\/wp-content\/uploads\/2024\/03\/@grandesite.png","width":1080,"height":1080,"caption":"Inclusive - inclus\u00e3o e cidadania"},"image":{"@id":"https:\/\/inclusivenews.com.br\/#\/schema\/logo\/image\/"},"sameAs":["https:\/\/www.facebook.com\/agenciainclusive\/","https:\/\/www.instagram.com\/newsinclusive\/"]},{"@type":"Person","@id":"https:\/\/inclusivenews.com.br\/#\/schema\/person\/ae4ec7087559b8692fb33b6fffd2273b","name":"inclusivenews2024","image":{"@type":"ImageObject","inLanguage":"pt-PT","@id":"https:\/\/secure.gravatar.com\/avatar\/c5a7ef84c66fa914f55bc4f7ce26cfa275a3b9a1c5568b907bd184fb4dde7b40?s=96&d=mm&r=g","url":"https:\/\/secure.gravatar.com\/avatar\/c5a7ef84c66fa914f55bc4f7ce26cfa275a3b9a1c5568b907bd184fb4dde7b40?s=96&d=mm&r=g","contentUrl":"https:\/\/secure.gravatar.com\/avatar\/c5a7ef84c66fa914f55bc4f7ce26cfa275a3b9a1c5568b907bd184fb4dde7b40?s=96&d=mm&r=g","caption":"inclusivenews2024"},"sameAs":["https:\/\/inclusivenews.com.br"],"url":"https:\/\/inclusivenews.com.br\/?author=1"}]}},"_links":{"self":[{"href":"https:\/\/inclusivenews.com.br\/index.php?rest_route=\/wp\/v2\/posts\/33193","targetHints":{"allow":["GET"]}}],"collection":[{"href":"https:\/\/inclusivenews.com.br\/index.php?rest_route=\/wp\/v2\/posts"}],"about":[{"href":"https:\/\/inclusivenews.com.br\/index.php?rest_route=\/wp\/v2\/types\/post"}],"author":[{"embeddable":true,"href":"https:\/\/inclusivenews.com.br\/index.php?rest_route=\/wp\/v2\/users\/1"}],"replies":[{"embeddable":true,"href":"https:\/\/inclusivenews.com.br\/index.php?rest_route=%2Fwp%2Fv2%2Fcomments&post=33193"}],"version-history":[{"count":6,"href":"https:\/\/inclusivenews.com.br\/index.php?rest_route=\/wp\/v2\/posts\/33193\/revisions"}],"predecessor-version":[{"id":33201,"href":"https:\/\/inclusivenews.com.br\/index.php?rest_route=\/wp\/v2\/posts\/33193\/revisions\/33201"}],"wp:featuredmedia":[{"embeddable":true,"href":"https:\/\/inclusivenews.com.br\/index.php?rest_route=\/wp\/v2\/media\/33194"}],"wp:attachment":[{"href":"https:\/\/inclusivenews.com.br\/index.php?rest_route=%2Fwp%2Fv2%2Fmedia&parent=33193"}],"wp:term":[{"taxonomy":"category","embeddable":true,"href":"https:\/\/inclusivenews.com.br\/index.php?rest_route=%2Fwp%2Fv2%2Fcategories&post=33193"},{"taxonomy":"post_tag","embeddable":true,"href":"https:\/\/inclusivenews.com.br\/index.php?rest_route=%2Fwp%2Fv2%2Ftags&post=33193"}],"curies":[{"name":"wp","href":"https:\/\/api.w.org\/{rel}","templated":true}]}}