{"id":33202,"date":"2024-05-03T13:29:05","date_gmt":"2024-05-03T13:29:05","guid":{"rendered":"https:\/\/inclusivenews.com.br\/?p=33202"},"modified":"2024-05-03T16:17:02","modified_gmt":"2024-05-03T16:17:02","slug":"rj-faz-parceria-com-eu-me-protejo-para-prevencao-contra-a-violencia","status":"publish","type":"post","link":"https:\/\/inclusivenews.com.br\/?p=33202","title":{"rendered":"RJ faz parceria com Eu Me Protejo para preven\u00e7\u00e3o contra a viol\u00eancia"},"content":{"rendered":"\n<p><em>Eu Me Protejo chega ao Rio de Janeiro e vai a Maraj\u00f3! O projeto gratuito de educa\u00e7\u00e3o inclusiva para preven\u00e7\u00e3o contra a viol\u00eancia na inf\u00e2ncia e adolesc\u00eancia se expande<\/em><\/p>\n\n\n\n<figure class=\"wp-block-image size-large is-resized\"><img loading=\"lazy\" decoding=\"async\" width=\"1024\" height=\"607\" src=\"https:\/\/inclusivenews.com.br\/wp-content\/uploads\/2024\/05\/emp-fia-1024x607.png\" alt=\"seis mulheres em p\u00e9, atr\u00e1s de mesa, segurando cartiilhas, bonecas e algumas vestindo camisetas eu me protejo.\" class=\"wp-image-33209\" style=\"width:797px;height:auto\" srcset=\"https:\/\/inclusivenews.com.br\/wp-content\/uploads\/2024\/05\/emp-fia-1024x607.png 1024w, https:\/\/inclusivenews.com.br\/wp-content\/uploads\/2024\/05\/emp-fia-300x178.png 300w, https:\/\/inclusivenews.com.br\/wp-content\/uploads\/2024\/05\/emp-fia-768x455.png 768w, https:\/\/inclusivenews.com.br\/wp-content\/uploads\/2024\/05\/emp-fia-1536x910.png 1536w, https:\/\/inclusivenews.com.br\/wp-content\/uploads\/2024\/05\/emp-fia.png 1860w\" sizes=\"auto, (max-width: 1024px) 100vw, 1024px\" \/><\/figure>\n\n\n\n<p>Representantes do Eu Me Protejo  educa\u00e7\u00e3o inclusiva para preven\u00e7\u00e3o contra a viol\u00eancia na inf\u00e2ncia, assinaram ontem parceria com a Funda\u00e7\u00e3o da Inf\u00e2ncia e Adolesc\u00eancia (FIA-RJ) \u2013 \u00f3rg\u00e3o do governo do estado do Rio de Janeiro, ligado \u00e0 Secretaria de Estado de Desenvolvimento Social e Direitos Humanos (SEDSODH). <\/p>\n\n\n\n<p>Giulia Jesus, Adriana Leal e Taiga Tavares, representaram o Eu Me Protejo e a Presidente da FIA-RJ, Fernanda Lessa assinou a parceria pela Funda\u00e7\u00e3o.<\/p>\n\n\n\n<p>Hoje, o Eu Me Protejo realizar\u00e1 palestra virtual de forma\u00e7\u00e3o para o Tribunal de Justi\u00e7a do RJ e a FIA-RJ.<\/p>\n\n\n\n<p>A Funda\u00e7\u00e3o \u00e9 o principal ente p\u00fablico do Poder Executivo, no contexto do Sistema de Garantia de Direitos (SGD), na \u00e1rea da Crian\u00e7a e do Adolescente do Estado do Rio de Janeiro.&nbsp;<\/p>\n\n\n\n<p>Link para a cartilha da parceria: <a href=\"https:\/\/www.eumeprotejo.com\/_files\/ugd\/f04b3c_41fd333ff51d480f9aa4e653afcbd5e0.pdf\">https:\/\/www.eumeprotejo.com\/_files\/ugd\/f04b3c_41fd333ff51d480f9aa4e653afcbd5e0.pdf<\/a><\/p>\n\n\n\n<p>Uma das atribui\u00e7\u00f5es da FIA-RJ \u00e9 o Programa de Aten\u00e7\u00e3o \u00e0 Crian\u00e7a e ao Adolescente V\u00edtimas de Viol\u00eancia, que desenvolve a\u00e7\u00f5es dirigidas ao atendimento de crian\u00e7as e adolescentes em situa\u00e7\u00e3o de viol\u00eancia f\u00edsica, psicol\u00f3gica, neglig\u00eancia, abandono e abuso sexual no \u00e2mbito familiar.<\/p>\n\n\n\n<p>O trabalho \u00e9 realizado nos <strong>N\u00facleos de Atendimento \u00e0 Crian\u00e7a e ao Adolescente V\u00edtimas de Viol\u00eancia (NACAs)<\/strong> atrav\u00e9s de parceria com institui\u00e7\u00f5es credenciadas, que atuam sob a supervis\u00e3o da FIA, para elaborar diagn\u00f3stico psicossocial espec\u00edfico e promover a\u00e7\u00f5es de prote\u00e7\u00e3o integral a crian\u00e7a \/ adolescente e \u00e0 fam\u00edlia.<\/p>\n\n\n\n<p>O objetivo \u00e9 interromper a situa\u00e7\u00e3o de viol\u00eancia e buscar novas formas de conviv\u00eancia familiar que proporcionem um ambiente adequado ao pleno desenvolvimento das crian\u00e7as e dos adolescentes.&nbsp;<\/p>\n\n\n\n<p>O Programa tamb\u00e9m prev\u00ea a\u00e7\u00f5es de aten\u00e7\u00e3o \u00e0 fam\u00edlia e atividades de preven\u00e7\u00e3o com palestras e orienta\u00e7\u00e3o aos pais e respons\u00e1veis. <\/p>\n\n\n\n<p>Existem 19 NACAs que atendem os 92 munic\u00edpios do Rio de Janeiro, e mais dois v\u00e3o ser abertos no pr\u00f3ximo semestre.<\/p>\n\n\n\n<p>Confira os NACAs e sua abrang\u00eancia:<\/p>\n\n\n\n<p><a href=\"https:\/\/www.fia.rj.gov.br\/node\/56\">https:\/\/www.fia.rj.gov.br\/node\/56<\/a><\/p>\n\n\n\n<p>&#8211; O Eu Me Protejo vem se fortalecendo na Costa Verde fluminense, com v\u00e1rios projetos de lei instituindo o projeto. Dois deles j\u00e1 foram sancionados e viraram lei: Paraty e Angra dos Reis. Alem disso, um PL estadual no mesmo sentido tamb\u00e9m tramita na ALERJ.<\/p>\n\n\n\n<p>No ano passado, o Eu Me Protejo foi implantado pela Secretaria Municipal da Pessoa com Defici\u00eancia da cidade do Rio de Janeiro, nos 8 Centros de Refer\u00eancia da Pessoa com Defici\u00eancia. Este ano, esteve no camarote acess\u00edvel da Prefeitura no Samb\u00f3dromo.<\/p>\n\n\n\n<p><\/p>\n\n\n\n<p><strong>Maraj\u00f3<\/strong><\/p>\n\n\n\n<p>Uma regi\u00e3o que tem n\u00fameros alarmantes de abuso: o Arquip\u00e9lago de Maraj\u00f3.<\/p>\n\n\n\n<p>O Eu Me Protejo se tornou lei estadual no Par\u00e1 (10.169, de 21 de novembro de 2023) e uma caravana partir\u00e1 para o Maraj\u00f3, liderada pelo Ministro dos Direitos Humanos e Cidadania, Silvio Almeida, a Secret\u00e1ria Nacional dos Direitos das Pessoas com Defici\u00eancia do Minist\u00e9rio dos Direitos Humanos e Cidadania, Anna Paula Feminella, a coautora do Eu Me Protejo, a psic\u00f3loga Neusa Maria, a advogada Gisele Costa, e bonequeiro Gabriel Calasans, que d\u00e1 vida \u00e0 boneca Cotinha.<\/p>\n\n\n\n<p>O Programa Viver Sem Limite 2 tamb\u00e9m ser\u00e1 lan\u00e7ado no Maraj\u00f3 na ocasi\u00e3o.<\/p>\n\n\n\n<p>A deputada estadual Paula Titan, que prop\u00f4s o projeto de lei, j\u00e1 come\u00e7ou as a\u00e7\u00f5es do Eu Me Protejo no Maraj\u00f3 em abril, pelo munic\u00edpio de Afu\u00e1.<\/p>\n\n\n\n<p>O grupo tamb\u00e9m participar\u00e1 de audi\u00eancia p\u00fablica na Assembleia Legislativa do Par\u00e1 \u2013 ALEPA.<\/p>\n\n\n\n<p>Quatorze munic\u00edpios do arquip\u00e9lago j\u00e1 se interessaram em receber o projeto e a ideia \u00e9 formar a rede de prote\u00e7\u00e3o &#8211; secretarias de educa\u00e7\u00e3o, sa\u00fade, assistente, conselhos tutelares e ONGs da regi\u00e3o, multiplicando o Eu Me Protejo em todo territ\u00f3rio.<\/p>\n\n\n\n<p>Como a comunica\u00e7\u00e3o na regi\u00e3o \u00e9 feita principalmente atrav\u00e9s do r\u00e1dio, foram criados spots de \u00e1udio para divulgar o projeto e as m\u00fasicas \u201cEu amo o meu corpinho\u201d e \u201cMeu corpinho \u00e9 meu\u201d v\u00e3o ser tocadas nas r\u00e1dios locais.<\/p>\n\n\n\n<p><\/p>\n\n\n\n<p><strong>Maio Laranja<\/strong><\/p>\n\n\n\n<p>Neste m\u00eas, todas as aten\u00e7\u00f5es v\u00e3o para uma causa que, infelizmente, ainda \u00e9 extremamente necess\u00e1ria: a preven\u00e7\u00e3o \u00e0 viol\u00eancia sexual contra crian\u00e7as e adolescentes.<\/p>\n\n\n\n<p>O dia 18 de maio foi escolhido por ser a data da morte de Araceli Crespo, torturada, estuprada e assassinada em no Esp\u00edrito Santo em 1973. Em 2020, tornou-se Dia Nacional de Combate ao Abuso e Explora\u00e7\u00e3o Sexual de Crian\u00e7as e Adolescentes.<\/p>\n\n\n\n<p>E h\u00e1 4 anos, um grupo multidisciplinar foi formado em torno da elabora\u00e7\u00e3o de uma cartilha que orienta a pr\u00f3pria crian\u00e7a a se proteger: Eu Me Protejo foi escrito em Linguagem Simples pela jornalista Patricia Almeida, para a filha, que tem s\u00edndrome de Down, pela psic\u00f3loga Neusa Maria, e mais de 50 colaboradores.<\/p>\n\n\n\n<p>Al\u00e9m da cartilha muito f\u00e1cil de entender, a equipe desenvolveu uma s\u00e9rie de materiais gratuitos para fortalecer as crian\u00e7as com e sem defici\u00eancia com informa\u00e7\u00f5es sobre situa\u00e7\u00f5es de risco e o que fazer, caso aconte\u00e7am. Educar para prevenir dispon\u00edvel no site www.eumeprotejo.com e pelo Instagram @eumeprotejobrasil<\/p>\n\n\n\n<p>O Eu Me Protejo j\u00e1 ganhou v\u00e1rios pr\u00eamios e tem como mascote a boneca Cotinha, que ano passado fez sucesso no Pal\u00e1cio do Planalto e no Congresso Nacional.<\/p>\n\n\n\n<p>Mais sobre o Eu Me Protejo: <a href=\"https:\/\/www.eumeprotejo.com\/_files\/ugd\/f04b3c_529954933042410e879acf54011455ca.pdf\">https:\/\/www.eumeprotejo.com\/_files\/ugd\/f04b3c_529954933042410e879acf54011455ca.pdf<\/a><\/p>\n\n\n\n<p><\/p>\n\n\n\n<p><\/p>\n","protected":false},"excerpt":{"rendered":"<p>Eu Me Protejo chega ao Rio de Janeiro e vai a Maraj\u00f3! O projeto gratuito de educa\u00e7\u00e3o inclusiva para preven\u00e7\u00e3o contra a viol\u00eancia na inf\u00e2ncia e adolesc\u00eancia se expande Representantes do Eu Me Protejo educa\u00e7\u00e3o inclusiva para preven\u00e7\u00e3o contra a viol\u00eancia na inf\u00e2ncia, assinaram ontem parceria com a Funda\u00e7\u00e3o da Inf\u00e2ncia e Adolesc\u00eancia (FIA-RJ) \u2013 [&hellip;]<\/p>\n","protected":false},"author":1,"featured_media":33209,"comment_status":"open","ping_status":"open","sticky":false,"template":"","format":"standard","meta":{"site-container-style":"default","site-container-layout":"default","site-sidebar-layout":"default","disable-article-header":"default","disable-site-header":"default","disable-site-footer":"default","disable-content-area-spacing":"default","footnotes":""},"categories":[1,451],"tags":[],"class_list":["post-33202","post","type-post","status-publish","format-standard","has-post-thumbnail","hentry","category-blog","category-prevencao-a-violencia"],"yoast_head":"<!-- This site is optimized with the Yoast SEO plugin v27.4 - https:\/\/yoast.com\/product\/yoast-seo-wordpress\/ -->\n<title>RJ faz parceria com Eu Me Protejo para preven\u00e7\u00e3o contra a viol\u00eancia -<\/title>\n<meta name=\"robots\" content=\"index, follow, max-snippet:-1, max-image-preview:large, max-video-preview:-1\" \/>\n<link rel=\"canonical\" href=\"https:\/\/inclusivenews.com.br\/?p=33202\" \/>\n<meta property=\"og:locale\" content=\"pt_PT\" \/>\n<meta property=\"og:type\" content=\"article\" \/>\n<meta property=\"og:title\" content=\"RJ faz parceria com Eu Me Protejo para preven\u00e7\u00e3o contra a viol\u00eancia -\" \/>\n<meta property=\"og:description\" content=\"Eu Me Protejo chega ao Rio de Janeiro e vai a Maraj\u00f3! O projeto gratuito de educa\u00e7\u00e3o inclusiva para preven\u00e7\u00e3o contra a viol\u00eancia na inf\u00e2ncia e adolesc\u00eancia se expande Representantes do Eu Me Protejo educa\u00e7\u00e3o inclusiva para preven\u00e7\u00e3o contra a viol\u00eancia na inf\u00e2ncia, assinaram ontem parceria com a Funda\u00e7\u00e3o da Inf\u00e2ncia e Adolesc\u00eancia (FIA-RJ) \u2013 [&hellip;]\" \/>\n<meta property=\"og:url\" content=\"https:\/\/inclusivenews.com.br\/?p=33202\" \/>\n<meta property=\"article:publisher\" content=\"https:\/\/www.facebook.com\/agenciainclusive\/\" \/>\n<meta property=\"article:published_time\" content=\"2024-05-03T13:29:05+00:00\" \/>\n<meta property=\"article:modified_time\" content=\"2024-05-03T16:17:02+00:00\" \/>\n<meta property=\"og:image\" content=\"https:\/\/inclusivenews.com.br\/wp-content\/uploads\/2024\/05\/emp-fia-1024x607.png\" \/>\n\t<meta property=\"og:image:width\" content=\"1024\" \/>\n\t<meta property=\"og:image:height\" content=\"607\" \/>\n\t<meta property=\"og:image:type\" content=\"image\/png\" \/>\n<meta name=\"author\" content=\"inclusivenews2024\" \/>\n<meta name=\"twitter:card\" content=\"summary_large_image\" \/>\n<meta name=\"twitter:label1\" content=\"Escrito por\" \/>\n\t<meta name=\"twitter:data1\" content=\"inclusivenews2024\" \/>\n\t<meta name=\"twitter:label2\" content=\"Tempo estimado de leitura\" \/>\n\t<meta name=\"twitter:data2\" content=\"6 minutos\" \/>\n<script type=\"application\/ld+json\" class=\"yoast-schema-graph\">{\"@context\":\"https:\\\/\\\/schema.org\",\"@graph\":[{\"@type\":\"Article\",\"@id\":\"https:\\\/\\\/inclusivenews.com.br\\\/?p=33202#article\",\"isPartOf\":{\"@id\":\"https:\\\/\\\/inclusivenews.com.br\\\/?p=33202\"},\"author\":{\"name\":\"inclusivenews2024\",\"@id\":\"https:\\\/\\\/inclusivenews.com.br\\\/#\\\/schema\\\/person\\\/ae4ec7087559b8692fb33b6fffd2273b\"},\"headline\":\"RJ faz parceria com Eu Me Protejo para preven\u00e7\u00e3o contra a viol\u00eancia\",\"datePublished\":\"2024-05-03T13:29:05+00:00\",\"dateModified\":\"2024-05-03T16:17:02+00:00\",\"mainEntityOfPage\":{\"@id\":\"https:\\\/\\\/inclusivenews.com.br\\\/?p=33202\"},\"wordCount\":984,\"commentCount\":0,\"publisher\":{\"@id\":\"https:\\\/\\\/inclusivenews.com.br\\\/#organization\"},\"image\":{\"@id\":\"https:\\\/\\\/inclusivenews.com.br\\\/?p=33202#primaryimage\"},\"thumbnailUrl\":\"https:\\\/\\\/inclusivenews.com.br\\\/wp-content\\\/uploads\\\/2024\\\/05\\\/emp-fia.png\",\"articleSection\":[\"Blog\",\"Preven\u00e7\u00e3o \u00e0 viol\u00eancia\"],\"inLanguage\":\"pt-PT\",\"potentialAction\":[{\"@type\":\"CommentAction\",\"name\":\"Comment\",\"target\":[\"https:\\\/\\\/inclusivenews.com.br\\\/?p=33202#respond\"]}]},{\"@type\":\"WebPage\",\"@id\":\"https:\\\/\\\/inclusivenews.com.br\\\/?p=33202\",\"url\":\"https:\\\/\\\/inclusivenews.com.br\\\/?p=33202\",\"name\":\"RJ faz parceria com Eu Me Protejo para preven\u00e7\u00e3o contra a viol\u00eancia -\",\"isPartOf\":{\"@id\":\"https:\\\/\\\/inclusivenews.com.br\\\/#website\"},\"primaryImageOfPage\":{\"@id\":\"https:\\\/\\\/inclusivenews.com.br\\\/?p=33202#primaryimage\"},\"image\":{\"@id\":\"https:\\\/\\\/inclusivenews.com.br\\\/?p=33202#primaryimage\"},\"thumbnailUrl\":\"https:\\\/\\\/inclusivenews.com.br\\\/wp-content\\\/uploads\\\/2024\\\/05\\\/emp-fia.png\",\"datePublished\":\"2024-05-03T13:29:05+00:00\",\"dateModified\":\"2024-05-03T16:17:02+00:00\",\"breadcrumb\":{\"@id\":\"https:\\\/\\\/inclusivenews.com.br\\\/?p=33202#breadcrumb\"},\"inLanguage\":\"pt-PT\",\"potentialAction\":[{\"@type\":\"ReadAction\",\"target\":[\"https:\\\/\\\/inclusivenews.com.br\\\/?p=33202\"]}]},{\"@type\":\"ImageObject\",\"inLanguage\":\"pt-PT\",\"@id\":\"https:\\\/\\\/inclusivenews.com.br\\\/?p=33202#primaryimage\",\"url\":\"https:\\\/\\\/inclusivenews.com.br\\\/wp-content\\\/uploads\\\/2024\\\/05\\\/emp-fia.png\",\"contentUrl\":\"https:\\\/\\\/inclusivenews.com.br\\\/wp-content\\\/uploads\\\/2024\\\/05\\\/emp-fia.png\",\"width\":1860,\"height\":1102},{\"@type\":\"BreadcrumbList\",\"@id\":\"https:\\\/\\\/inclusivenews.com.br\\\/?p=33202#breadcrumb\",\"itemListElement\":[{\"@type\":\"ListItem\",\"position\":1,\"name\":\"In\u00edcio\",\"item\":\"https:\\\/\\\/inclusivenews.com.br\\\/\"},{\"@type\":\"ListItem\",\"position\":2,\"name\":\"RJ faz parceria com Eu Me Protejo para preven\u00e7\u00e3o contra a viol\u00eancia\"}]},{\"@type\":\"WebSite\",\"@id\":\"https:\\\/\\\/inclusivenews.com.br\\\/#website\",\"url\":\"https:\\\/\\\/inclusivenews.com.br\\\/\",\"name\":\"Inclusive News\",\"description\":\"Inclusive News\",\"publisher\":{\"@id\":\"https:\\\/\\\/inclusivenews.com.br\\\/#organization\"},\"potentialAction\":[{\"@type\":\"SearchAction\",\"target\":{\"@type\":\"EntryPoint\",\"urlTemplate\":\"https:\\\/\\\/inclusivenews.com.br\\\/?s={search_term_string}\"},\"query-input\":{\"@type\":\"PropertyValueSpecification\",\"valueRequired\":true,\"valueName\":\"search_term_string\"}}],\"inLanguage\":\"pt-PT\"},{\"@type\":\"Organization\",\"@id\":\"https:\\\/\\\/inclusivenews.com.br\\\/#organization\",\"name\":\"Inclusive - inclus\u00e3o e cidadania\",\"url\":\"https:\\\/\\\/inclusivenews.com.br\\\/\",\"logo\":{\"@type\":\"ImageObject\",\"inLanguage\":\"pt-PT\",\"@id\":\"https:\\\/\\\/inclusivenews.com.br\\\/#\\\/schema\\\/logo\\\/image\\\/\",\"url\":\"https:\\\/\\\/inclusivenews.com.br\\\/wp-content\\\/uploads\\\/2024\\\/03\\\/@grandesite.png\",\"contentUrl\":\"https:\\\/\\\/inclusivenews.com.br\\\/wp-content\\\/uploads\\\/2024\\\/03\\\/@grandesite.png\",\"width\":1080,\"height\":1080,\"caption\":\"Inclusive - inclus\u00e3o e cidadania\"},\"image\":{\"@id\":\"https:\\\/\\\/inclusivenews.com.br\\\/#\\\/schema\\\/logo\\\/image\\\/\"},\"sameAs\":[\"https:\\\/\\\/www.facebook.com\\\/agenciainclusive\\\/\",\"https:\\\/\\\/www.instagram.com\\\/newsinclusive\\\/\"]},{\"@type\":\"Person\",\"@id\":\"https:\\\/\\\/inclusivenews.com.br\\\/#\\\/schema\\\/person\\\/ae4ec7087559b8692fb33b6fffd2273b\",\"name\":\"inclusivenews2024\",\"image\":{\"@type\":\"ImageObject\",\"inLanguage\":\"pt-PT\",\"@id\":\"https:\\\/\\\/secure.gravatar.com\\\/avatar\\\/c5a7ef84c66fa914f55bc4f7ce26cfa275a3b9a1c5568b907bd184fb4dde7b40?s=96&d=mm&r=g\",\"url\":\"https:\\\/\\\/secure.gravatar.com\\\/avatar\\\/c5a7ef84c66fa914f55bc4f7ce26cfa275a3b9a1c5568b907bd184fb4dde7b40?s=96&d=mm&r=g\",\"contentUrl\":\"https:\\\/\\\/secure.gravatar.com\\\/avatar\\\/c5a7ef84c66fa914f55bc4f7ce26cfa275a3b9a1c5568b907bd184fb4dde7b40?s=96&d=mm&r=g\",\"caption\":\"inclusivenews2024\"},\"sameAs\":[\"https:\\\/\\\/inclusivenews.com.br\"],\"url\":\"https:\\\/\\\/inclusivenews.com.br\\\/?author=1\"}]}<\/script>\n<!-- \/ Yoast SEO plugin. -->","yoast_head_json":{"title":"RJ faz parceria com Eu Me Protejo para preven\u00e7\u00e3o contra a viol\u00eancia -","robots":{"index":"index","follow":"follow","max-snippet":"max-snippet:-1","max-image-preview":"max-image-preview:large","max-video-preview":"max-video-preview:-1"},"canonical":"https:\/\/inclusivenews.com.br\/?p=33202","og_locale":"pt_PT","og_type":"article","og_title":"RJ faz parceria com Eu Me Protejo para preven\u00e7\u00e3o contra a viol\u00eancia -","og_description":"Eu Me Protejo chega ao Rio de Janeiro e vai a Maraj\u00f3! O projeto gratuito de educa\u00e7\u00e3o inclusiva para preven\u00e7\u00e3o contra a viol\u00eancia na inf\u00e2ncia e adolesc\u00eancia se expande Representantes do Eu Me Protejo educa\u00e7\u00e3o inclusiva para preven\u00e7\u00e3o contra a viol\u00eancia na inf\u00e2ncia, assinaram ontem parceria com a Funda\u00e7\u00e3o da Inf\u00e2ncia e Adolesc\u00eancia (FIA-RJ) \u2013 [&hellip;]","og_url":"https:\/\/inclusivenews.com.br\/?p=33202","article_publisher":"https:\/\/www.facebook.com\/agenciainclusive\/","article_published_time":"2024-05-03T13:29:05+00:00","article_modified_time":"2024-05-03T16:17:02+00:00","og_image":[{"width":1024,"height":607,"url":"https:\/\/inclusivenews.com.br\/wp-content\/uploads\/2024\/05\/emp-fia-1024x607.png","type":"image\/png"}],"author":"inclusivenews2024","twitter_card":"summary_large_image","twitter_misc":{"Escrito por":"inclusivenews2024","Tempo estimado de leitura":"6 minutos"},"schema":{"@context":"https:\/\/schema.org","@graph":[{"@type":"Article","@id":"https:\/\/inclusivenews.com.br\/?p=33202#article","isPartOf":{"@id":"https:\/\/inclusivenews.com.br\/?p=33202"},"author":{"name":"inclusivenews2024","@id":"https:\/\/inclusivenews.com.br\/#\/schema\/person\/ae4ec7087559b8692fb33b6fffd2273b"},"headline":"RJ faz parceria com Eu Me Protejo para preven\u00e7\u00e3o contra a viol\u00eancia","datePublished":"2024-05-03T13:29:05+00:00","dateModified":"2024-05-03T16:17:02+00:00","mainEntityOfPage":{"@id":"https:\/\/inclusivenews.com.br\/?p=33202"},"wordCount":984,"commentCount":0,"publisher":{"@id":"https:\/\/inclusivenews.com.br\/#organization"},"image":{"@id":"https:\/\/inclusivenews.com.br\/?p=33202#primaryimage"},"thumbnailUrl":"https:\/\/inclusivenews.com.br\/wp-content\/uploads\/2024\/05\/emp-fia.png","articleSection":["Blog","Preven\u00e7\u00e3o \u00e0 viol\u00eancia"],"inLanguage":"pt-PT","potentialAction":[{"@type":"CommentAction","name":"Comment","target":["https:\/\/inclusivenews.com.br\/?p=33202#respond"]}]},{"@type":"WebPage","@id":"https:\/\/inclusivenews.com.br\/?p=33202","url":"https:\/\/inclusivenews.com.br\/?p=33202","name":"RJ faz parceria com Eu Me Protejo para preven\u00e7\u00e3o contra a viol\u00eancia -","isPartOf":{"@id":"https:\/\/inclusivenews.com.br\/#website"},"primaryImageOfPage":{"@id":"https:\/\/inclusivenews.com.br\/?p=33202#primaryimage"},"image":{"@id":"https:\/\/inclusivenews.com.br\/?p=33202#primaryimage"},"thumbnailUrl":"https:\/\/inclusivenews.com.br\/wp-content\/uploads\/2024\/05\/emp-fia.png","datePublished":"2024-05-03T13:29:05+00:00","dateModified":"2024-05-03T16:17:02+00:00","breadcrumb":{"@id":"https:\/\/inclusivenews.com.br\/?p=33202#breadcrumb"},"inLanguage":"pt-PT","potentialAction":[{"@type":"ReadAction","target":["https:\/\/inclusivenews.com.br\/?p=33202"]}]},{"@type":"ImageObject","inLanguage":"pt-PT","@id":"https:\/\/inclusivenews.com.br\/?p=33202#primaryimage","url":"https:\/\/inclusivenews.com.br\/wp-content\/uploads\/2024\/05\/emp-fia.png","contentUrl":"https:\/\/inclusivenews.com.br\/wp-content\/uploads\/2024\/05\/emp-fia.png","width":1860,"height":1102},{"@type":"BreadcrumbList","@id":"https:\/\/inclusivenews.com.br\/?p=33202#breadcrumb","itemListElement":[{"@type":"ListItem","position":1,"name":"In\u00edcio","item":"https:\/\/inclusivenews.com.br\/"},{"@type":"ListItem","position":2,"name":"RJ faz parceria com Eu Me Protejo para preven\u00e7\u00e3o contra a viol\u00eancia"}]},{"@type":"WebSite","@id":"https:\/\/inclusivenews.com.br\/#website","url":"https:\/\/inclusivenews.com.br\/","name":"Inclusive News","description":"Inclusive News","publisher":{"@id":"https:\/\/inclusivenews.com.br\/#organization"},"potentialAction":[{"@type":"SearchAction","target":{"@type":"EntryPoint","urlTemplate":"https:\/\/inclusivenews.com.br\/?s={search_term_string}"},"query-input":{"@type":"PropertyValueSpecification","valueRequired":true,"valueName":"search_term_string"}}],"inLanguage":"pt-PT"},{"@type":"Organization","@id":"https:\/\/inclusivenews.com.br\/#organization","name":"Inclusive - inclus\u00e3o e cidadania","url":"https:\/\/inclusivenews.com.br\/","logo":{"@type":"ImageObject","inLanguage":"pt-PT","@id":"https:\/\/inclusivenews.com.br\/#\/schema\/logo\/image\/","url":"https:\/\/inclusivenews.com.br\/wp-content\/uploads\/2024\/03\/@grandesite.png","contentUrl":"https:\/\/inclusivenews.com.br\/wp-content\/uploads\/2024\/03\/@grandesite.png","width":1080,"height":1080,"caption":"Inclusive - inclus\u00e3o e cidadania"},"image":{"@id":"https:\/\/inclusivenews.com.br\/#\/schema\/logo\/image\/"},"sameAs":["https:\/\/www.facebook.com\/agenciainclusive\/","https:\/\/www.instagram.com\/newsinclusive\/"]},{"@type":"Person","@id":"https:\/\/inclusivenews.com.br\/#\/schema\/person\/ae4ec7087559b8692fb33b6fffd2273b","name":"inclusivenews2024","image":{"@type":"ImageObject","inLanguage":"pt-PT","@id":"https:\/\/secure.gravatar.com\/avatar\/c5a7ef84c66fa914f55bc4f7ce26cfa275a3b9a1c5568b907bd184fb4dde7b40?s=96&d=mm&r=g","url":"https:\/\/secure.gravatar.com\/avatar\/c5a7ef84c66fa914f55bc4f7ce26cfa275a3b9a1c5568b907bd184fb4dde7b40?s=96&d=mm&r=g","contentUrl":"https:\/\/secure.gravatar.com\/avatar\/c5a7ef84c66fa914f55bc4f7ce26cfa275a3b9a1c5568b907bd184fb4dde7b40?s=96&d=mm&r=g","caption":"inclusivenews2024"},"sameAs":["https:\/\/inclusivenews.com.br"],"url":"https:\/\/inclusivenews.com.br\/?author=1"}]}},"_links":{"self":[{"href":"https:\/\/inclusivenews.com.br\/index.php?rest_route=\/wp\/v2\/posts\/33202","targetHints":{"allow":["GET"]}}],"collection":[{"href":"https:\/\/inclusivenews.com.br\/index.php?rest_route=\/wp\/v2\/posts"}],"about":[{"href":"https:\/\/inclusivenews.com.br\/index.php?rest_route=\/wp\/v2\/types\/post"}],"author":[{"embeddable":true,"href":"https:\/\/inclusivenews.com.br\/index.php?rest_route=\/wp\/v2\/users\/1"}],"replies":[{"embeddable":true,"href":"https:\/\/inclusivenews.com.br\/index.php?rest_route=%2Fwp%2Fv2%2Fcomments&post=33202"}],"version-history":[{"count":4,"href":"https:\/\/inclusivenews.com.br\/index.php?rest_route=\/wp\/v2\/posts\/33202\/revisions"}],"predecessor-version":[{"id":33210,"href":"https:\/\/inclusivenews.com.br\/index.php?rest_route=\/wp\/v2\/posts\/33202\/revisions\/33210"}],"wp:featuredmedia":[{"embeddable":true,"href":"https:\/\/inclusivenews.com.br\/index.php?rest_route=\/wp\/v2\/media\/33209"}],"wp:attachment":[{"href":"https:\/\/inclusivenews.com.br\/index.php?rest_route=%2Fwp%2Fv2%2Fmedia&parent=33202"}],"wp:term":[{"taxonomy":"category","embeddable":true,"href":"https:\/\/inclusivenews.com.br\/index.php?rest_route=%2Fwp%2Fv2%2Fcategories&post=33202"},{"taxonomy":"post_tag","embeddable":true,"href":"https:\/\/inclusivenews.com.br\/index.php?rest_route=%2Fwp%2Fv2%2Ftags&post=33202"}],"curies":[{"name":"wp","href":"https:\/\/api.w.org\/{rel}","templated":true}]}}