{"id":33216,"date":"2024-05-04T16:04:42","date_gmt":"2024-05-04T16:04:42","guid":{"rendered":"https:\/\/inclusivenews.com.br\/?p=33216"},"modified":"2024-05-04T16:40:27","modified_gmt":"2024-05-04T16:40:27","slug":"pessoas-com-deficiencia-prioridade-nas-calamidades","status":"publish","type":"post","link":"https:\/\/inclusivenews.com.br\/?p=33216","title":{"rendered":"Pessoas com defici\u00eancia: prioridade nas calamidades"},"content":{"rendered":"\n<p>A imagem de um homem cadeirante necessitando de tratamento sendo transportado por v\u00e1rias pessoas, em <a href=\"https:\/\/gauchazh.clicrbs.com.br\/porto-alegre\/noticia\/2024\/05\/acessos-ao-hospital-mae-de-deus-sao-bloqueados-por-conta-de-alagamentos-no-entorno-do-bairro-clvrzz85802fs011wv4sqxwn7.html\">reportagem do jornal Zero Hora<\/a> deste s\u00e1bado, nos faz pensar na dific\u00edlima situa\u00e7\u00e3o por que est\u00e1 passando a popula\u00e7\u00e3o \u2014 especialmente a popula\u00e7\u00e3o de pessoas com defici\u00eancia \u2014 do Rio Grande do Sul neste momento de calamidade. Faz pensar na situa\u00e7\u00e3o de s\u00fabita hipervulnerabilidade de pessoas com as mais diversas condi\u00e7\u00f5es, sejam f\u00edsicas, sensoriais e intelectuais, idosos e crian\u00e7as principalmente.<\/p>\n\n\n\n<p>Num momento de crise, a gest\u00e3o dos recursos de socorro e sa\u00fade j\u00e1 \u00e9 naturalmente estrangulada. No entanto, \u00e9 preciso pensar mais nas pessoas que mais precisam, pois esta \u00e9 a \u00fanica \u00e9tica p\u00fablica poss\u00edvel e aceit\u00e1vel nestas condi\u00e7\u00f5es.<\/p>\n\n\n\n<p>Deste modo, o que se pede \u00e0s autoridades \u00e9 que todos os direitos inerentes \u00e0s pessoas com defici\u00eancia sejam resguardados diante \u00e0s muitas escolhas dif\u00edceis que gestores e pessoas a servi\u00e7o do atendimento ao p\u00fablico precisar\u00e3o fazer. \u00c9 suficiente que se tenha em mente o Art. 10 da Lei Brasileira de Inclus\u00e3o (Lei 13.146, de 06 de julho de 2015), que em par\u00e1grafo \u00fanico reitera que &#8220;em situa\u00e7\u00f5es de risco, emerg\u00eancia ou estado de calamidade p\u00fablica, a pessoa com defici\u00eancia ser\u00e1 considerada vulner\u00e1vel, devendo o poder p\u00fablico adotar medidas para sua prote\u00e7\u00e3o e seguran\u00e7a&#8221;.<\/p>\n\n\n\n<p>Pessoas f\u00edsicas e jur\u00eddicas em condi\u00e7\u00f5es de colaborar com a crise no Rio Grande do Sul, prefiram usar os canais do governo estadual, a fim de evitar golpes disseminados em <em>fake news<\/em>. Prefira usar o servi\u00e7o SOS Emerg\u00eancia, dispon\u00edvel no link a seguir. Aqueles que puderem ajudar pessoalmente, prefiram se dirigir \u00e0 <a href=\"https:\/\/www.defesacivil.rs.gov.br\/inicial\">Defesa Civil do Estado do RS<\/a>.<\/p>\n\n\n\n<figure class=\"wp-block-image aligncenter size-full is-resized\"><img loading=\"lazy\" decoding=\"async\" width=\"800\" height=\"450\" src=\"https:\/\/inclusivenews.com.br\/wp-content\/uploads\/2024\/05\/02161827_2129879_GD-1.png\" alt=\"\" class=\"wp-image-33218\" style=\"width:570px;height:auto\" srcset=\"https:\/\/inclusivenews.com.br\/wp-content\/uploads\/2024\/05\/02161827_2129879_GD-1.png 800w, https:\/\/inclusivenews.com.br\/wp-content\/uploads\/2024\/05\/02161827_2129879_GD-1-300x169.png 300w, https:\/\/inclusivenews.com.br\/wp-content\/uploads\/2024\/05\/02161827_2129879_GD-1-768x432.png 768w\" sizes=\"auto, (max-width: 800px) 100vw, 800px\" \/><\/figure>\n\n\n\n<p>Dados para doa\u00e7\u00e3o:<\/p>\n\n\n\n<p><strong>Pix para a conta SOS Rio Grande do Sul<\/strong><br><strong>CNPJ: 92.958.800\/0001-38<\/strong><br>&#8220;<strong>Associa\u00e7\u00e3o dos Bancos No Estado do Rio Grande do Sul<\/strong>&#8220;<br><strong>ou&nbsp;&#8220;Banco do Estado do Rio Grande do Sul&#8221; (as duas op\u00e7\u00f5es podem aparecer)<\/strong><\/p>\n\n\n\n<p>Fonte: Inclusive News<\/p>\n","protected":false},"excerpt":{"rendered":"<p>A imagem de um homem cadeirante necessitando de tratamento sendo transportado por v\u00e1rias pessoas, em reportagem do jornal Zero Hora deste s\u00e1bado, nos faz pensar na dific\u00edlima situa\u00e7\u00e3o por que est\u00e1 passando a popula\u00e7\u00e3o \u2014 especialmente a popula\u00e7\u00e3o de pessoas com defici\u00eancia \u2014 do Rio Grande do Sul neste momento de calamidade. Faz pensar na [&hellip;]<\/p>\n","protected":false},"author":1,"featured_media":33219,"comment_status":"open","ping_status":"open","sticky":false,"template":"","format":"standard","meta":{"site-container-style":"default","site-container-layout":"default","site-sidebar-layout":"default","disable-article-header":"default","disable-site-header":"default","disable-site-footer":"default","disable-content-area-spacing":"default","footnotes":""},"categories":[4],"tags":[474,476,475],"class_list":["post-33216","post","type-post","status-publish","format-standard","has-post-thumbnail","hentry","category-noticias","tag-calamidade","tag-pessoa-com-deficienca","tag-rio-grande-do-sul"],"yoast_head":"<!-- This site is optimized with the Yoast SEO plugin v27.4 - https:\/\/yoast.com\/product\/yoast-seo-wordpress\/ -->\n<title>Pessoas com defici\u00eancia: prioridade nas calamidades -<\/title>\n<meta name=\"robots\" content=\"index, follow, max-snippet:-1, max-image-preview:large, max-video-preview:-1\" \/>\n<link rel=\"canonical\" href=\"https:\/\/inclusivenews.com.br\/?p=33216\" \/>\n<meta property=\"og:locale\" content=\"pt_PT\" \/>\n<meta property=\"og:type\" content=\"article\" \/>\n<meta property=\"og:title\" content=\"Pessoas com defici\u00eancia: prioridade nas calamidades -\" \/>\n<meta property=\"og:description\" content=\"A imagem de um homem cadeirante necessitando de tratamento sendo transportado por v\u00e1rias pessoas, em reportagem do jornal Zero Hora deste s\u00e1bado, nos faz pensar na dific\u00edlima situa\u00e7\u00e3o por que est\u00e1 passando a popula\u00e7\u00e3o \u2014 especialmente a popula\u00e7\u00e3o de pessoas com defici\u00eancia \u2014 do Rio Grande do Sul neste momento de calamidade. Faz pensar na [&hellip;]\" \/>\n<meta property=\"og:url\" content=\"https:\/\/inclusivenews.com.br\/?p=33216\" \/>\n<meta property=\"article:publisher\" content=\"https:\/\/www.facebook.com\/agenciainclusive\/\" \/>\n<meta property=\"article:published_time\" content=\"2024-05-04T16:04:42+00:00\" \/>\n<meta property=\"article:modified_time\" content=\"2024-05-04T16:40:27+00:00\" \/>\n<meta property=\"og:image\" content=\"https:\/\/inclusivenews.com.br\/wp-content\/uploads\/2024\/05\/stdtrib.jpg\" \/>\n\t<meta property=\"og:image:width\" content=\"1200\" \/>\n\t<meta property=\"og:image:height\" content=\"783\" \/>\n\t<meta property=\"og:image:type\" content=\"image\/jpeg\" \/>\n<meta name=\"author\" content=\"inclusivenews2024\" \/>\n<meta name=\"twitter:card\" content=\"summary_large_image\" \/>\n<meta name=\"twitter:label1\" content=\"Escrito por\" \/>\n\t<meta name=\"twitter:data1\" content=\"inclusivenews2024\" \/>\n\t<meta name=\"twitter:label2\" content=\"Tempo estimado de leitura\" \/>\n\t<meta name=\"twitter:data2\" content=\"3 minutos\" \/>\n<script type=\"application\/ld+json\" class=\"yoast-schema-graph\">{\"@context\":\"https:\\\/\\\/schema.org\",\"@graph\":[{\"@type\":\"Article\",\"@id\":\"https:\\\/\\\/inclusivenews.com.br\\\/?p=33216#article\",\"isPartOf\":{\"@id\":\"https:\\\/\\\/inclusivenews.com.br\\\/?p=33216\"},\"author\":{\"name\":\"inclusivenews2024\",\"@id\":\"https:\\\/\\\/inclusivenews.com.br\\\/#\\\/schema\\\/person\\\/ae4ec7087559b8692fb33b6fffd2273b\"},\"headline\":\"Pessoas com defici\u00eancia: prioridade nas calamidades\",\"datePublished\":\"2024-05-04T16:04:42+00:00\",\"dateModified\":\"2024-05-04T16:40:27+00:00\",\"mainEntityOfPage\":{\"@id\":\"https:\\\/\\\/inclusivenews.com.br\\\/?p=33216\"},\"wordCount\":345,\"commentCount\":0,\"publisher\":{\"@id\":\"https:\\\/\\\/inclusivenews.com.br\\\/#organization\"},\"image\":{\"@id\":\"https:\\\/\\\/inclusivenews.com.br\\\/?p=33216#primaryimage\"},\"thumbnailUrl\":\"https:\\\/\\\/inclusivenews.com.br\\\/wp-content\\\/uploads\\\/2024\\\/05\\\/stdtrib.jpg\",\"keywords\":[\"calamidade\",\"pessoa com defici\u00eanca\",\"Rio Grande do Sul\"],\"articleSection\":[\"NOT\u00cdCIAS\"],\"inLanguage\":\"pt-PT\",\"potentialAction\":[{\"@type\":\"CommentAction\",\"name\":\"Comment\",\"target\":[\"https:\\\/\\\/inclusivenews.com.br\\\/?p=33216#respond\"]}]},{\"@type\":\"WebPage\",\"@id\":\"https:\\\/\\\/inclusivenews.com.br\\\/?p=33216\",\"url\":\"https:\\\/\\\/inclusivenews.com.br\\\/?p=33216\",\"name\":\"Pessoas com defici\u00eancia: prioridade nas calamidades -\",\"isPartOf\":{\"@id\":\"https:\\\/\\\/inclusivenews.com.br\\\/#website\"},\"primaryImageOfPage\":{\"@id\":\"https:\\\/\\\/inclusivenews.com.br\\\/?p=33216#primaryimage\"},\"image\":{\"@id\":\"https:\\\/\\\/inclusivenews.com.br\\\/?p=33216#primaryimage\"},\"thumbnailUrl\":\"https:\\\/\\\/inclusivenews.com.br\\\/wp-content\\\/uploads\\\/2024\\\/05\\\/stdtrib.jpg\",\"datePublished\":\"2024-05-04T16:04:42+00:00\",\"dateModified\":\"2024-05-04T16:40:27+00:00\",\"breadcrumb\":{\"@id\":\"https:\\\/\\\/inclusivenews.com.br\\\/?p=33216#breadcrumb\"},\"inLanguage\":\"pt-PT\",\"potentialAction\":[{\"@type\":\"ReadAction\",\"target\":[\"https:\\\/\\\/inclusivenews.com.br\\\/?p=33216\"]}]},{\"@type\":\"ImageObject\",\"inLanguage\":\"pt-PT\",\"@id\":\"https:\\\/\\\/inclusivenews.com.br\\\/?p=33216#primaryimage\",\"url\":\"https:\\\/\\\/inclusivenews.com.br\\\/wp-content\\\/uploads\\\/2024\\\/05\\\/stdtrib.jpg\",\"contentUrl\":\"https:\\\/\\\/inclusivenews.com.br\\\/wp-content\\\/uploads\\\/2024\\\/05\\\/stdtrib.jpg\",\"width\":1200,\"height\":783,\"caption\":\"Muljer cadeirante sendo consudizda por militar em local de alagamento. Imagem do St, Diego Tribune.\"},{\"@type\":\"BreadcrumbList\",\"@id\":\"https:\\\/\\\/inclusivenews.com.br\\\/?p=33216#breadcrumb\",\"itemListElement\":[{\"@type\":\"ListItem\",\"position\":1,\"name\":\"In\u00edcio\",\"item\":\"https:\\\/\\\/inclusivenews.com.br\\\/\"},{\"@type\":\"ListItem\",\"position\":2,\"name\":\"Pessoas com defici\u00eancia: prioridade nas calamidades\"}]},{\"@type\":\"WebSite\",\"@id\":\"https:\\\/\\\/inclusivenews.com.br\\\/#website\",\"url\":\"https:\\\/\\\/inclusivenews.com.br\\\/\",\"name\":\"Inclusive News\",\"description\":\"Inclusive News\",\"publisher\":{\"@id\":\"https:\\\/\\\/inclusivenews.com.br\\\/#organization\"},\"potentialAction\":[{\"@type\":\"SearchAction\",\"target\":{\"@type\":\"EntryPoint\",\"urlTemplate\":\"https:\\\/\\\/inclusivenews.com.br\\\/?s={search_term_string}\"},\"query-input\":{\"@type\":\"PropertyValueSpecification\",\"valueRequired\":true,\"valueName\":\"search_term_string\"}}],\"inLanguage\":\"pt-PT\"},{\"@type\":\"Organization\",\"@id\":\"https:\\\/\\\/inclusivenews.com.br\\\/#organization\",\"name\":\"Inclusive - inclus\u00e3o e cidadania\",\"url\":\"https:\\\/\\\/inclusivenews.com.br\\\/\",\"logo\":{\"@type\":\"ImageObject\",\"inLanguage\":\"pt-PT\",\"@id\":\"https:\\\/\\\/inclusivenews.com.br\\\/#\\\/schema\\\/logo\\\/image\\\/\",\"url\":\"https:\\\/\\\/inclusivenews.com.br\\\/wp-content\\\/uploads\\\/2024\\\/03\\\/@grandesite.png\",\"contentUrl\":\"https:\\\/\\\/inclusivenews.com.br\\\/wp-content\\\/uploads\\\/2024\\\/03\\\/@grandesite.png\",\"width\":1080,\"height\":1080,\"caption\":\"Inclusive - inclus\u00e3o e cidadania\"},\"image\":{\"@id\":\"https:\\\/\\\/inclusivenews.com.br\\\/#\\\/schema\\\/logo\\\/image\\\/\"},\"sameAs\":[\"https:\\\/\\\/www.facebook.com\\\/agenciainclusive\\\/\",\"https:\\\/\\\/www.instagram.com\\\/newsinclusive\\\/\"]},{\"@type\":\"Person\",\"@id\":\"https:\\\/\\\/inclusivenews.com.br\\\/#\\\/schema\\\/person\\\/ae4ec7087559b8692fb33b6fffd2273b\",\"name\":\"inclusivenews2024\",\"image\":{\"@type\":\"ImageObject\",\"inLanguage\":\"pt-PT\",\"@id\":\"https:\\\/\\\/secure.gravatar.com\\\/avatar\\\/c5a7ef84c66fa914f55bc4f7ce26cfa275a3b9a1c5568b907bd184fb4dde7b40?s=96&d=mm&r=g\",\"url\":\"https:\\\/\\\/secure.gravatar.com\\\/avatar\\\/c5a7ef84c66fa914f55bc4f7ce26cfa275a3b9a1c5568b907bd184fb4dde7b40?s=96&d=mm&r=g\",\"contentUrl\":\"https:\\\/\\\/secure.gravatar.com\\\/avatar\\\/c5a7ef84c66fa914f55bc4f7ce26cfa275a3b9a1c5568b907bd184fb4dde7b40?s=96&d=mm&r=g\",\"caption\":\"inclusivenews2024\"},\"sameAs\":[\"https:\\\/\\\/inclusivenews.com.br\"],\"url\":\"https:\\\/\\\/inclusivenews.com.br\\\/?author=1\"}]}<\/script>\n<!-- \/ Yoast SEO plugin. -->","yoast_head_json":{"title":"Pessoas com defici\u00eancia: prioridade nas calamidades -","robots":{"index":"index","follow":"follow","max-snippet":"max-snippet:-1","max-image-preview":"max-image-preview:large","max-video-preview":"max-video-preview:-1"},"canonical":"https:\/\/inclusivenews.com.br\/?p=33216","og_locale":"pt_PT","og_type":"article","og_title":"Pessoas com defici\u00eancia: prioridade nas calamidades -","og_description":"A imagem de um homem cadeirante necessitando de tratamento sendo transportado por v\u00e1rias pessoas, em reportagem do jornal Zero Hora deste s\u00e1bado, nos faz pensar na dific\u00edlima situa\u00e7\u00e3o por que est\u00e1 passando a popula\u00e7\u00e3o \u2014 especialmente a popula\u00e7\u00e3o de pessoas com defici\u00eancia \u2014 do Rio Grande do Sul neste momento de calamidade. Faz pensar na [&hellip;]","og_url":"https:\/\/inclusivenews.com.br\/?p=33216","article_publisher":"https:\/\/www.facebook.com\/agenciainclusive\/","article_published_time":"2024-05-04T16:04:42+00:00","article_modified_time":"2024-05-04T16:40:27+00:00","og_image":[{"width":1200,"height":783,"url":"https:\/\/inclusivenews.com.br\/wp-content\/uploads\/2024\/05\/stdtrib.jpg","type":"image\/jpeg"}],"author":"inclusivenews2024","twitter_card":"summary_large_image","twitter_misc":{"Escrito por":"inclusivenews2024","Tempo estimado de leitura":"3 minutos"},"schema":{"@context":"https:\/\/schema.org","@graph":[{"@type":"Article","@id":"https:\/\/inclusivenews.com.br\/?p=33216#article","isPartOf":{"@id":"https:\/\/inclusivenews.com.br\/?p=33216"},"author":{"name":"inclusivenews2024","@id":"https:\/\/inclusivenews.com.br\/#\/schema\/person\/ae4ec7087559b8692fb33b6fffd2273b"},"headline":"Pessoas com defici\u00eancia: prioridade nas calamidades","datePublished":"2024-05-04T16:04:42+00:00","dateModified":"2024-05-04T16:40:27+00:00","mainEntityOfPage":{"@id":"https:\/\/inclusivenews.com.br\/?p=33216"},"wordCount":345,"commentCount":0,"publisher":{"@id":"https:\/\/inclusivenews.com.br\/#organization"},"image":{"@id":"https:\/\/inclusivenews.com.br\/?p=33216#primaryimage"},"thumbnailUrl":"https:\/\/inclusivenews.com.br\/wp-content\/uploads\/2024\/05\/stdtrib.jpg","keywords":["calamidade","pessoa com defici\u00eanca","Rio Grande do Sul"],"articleSection":["NOT\u00cdCIAS"],"inLanguage":"pt-PT","potentialAction":[{"@type":"CommentAction","name":"Comment","target":["https:\/\/inclusivenews.com.br\/?p=33216#respond"]}]},{"@type":"WebPage","@id":"https:\/\/inclusivenews.com.br\/?p=33216","url":"https:\/\/inclusivenews.com.br\/?p=33216","name":"Pessoas com defici\u00eancia: prioridade nas calamidades -","isPartOf":{"@id":"https:\/\/inclusivenews.com.br\/#website"},"primaryImageOfPage":{"@id":"https:\/\/inclusivenews.com.br\/?p=33216#primaryimage"},"image":{"@id":"https:\/\/inclusivenews.com.br\/?p=33216#primaryimage"},"thumbnailUrl":"https:\/\/inclusivenews.com.br\/wp-content\/uploads\/2024\/05\/stdtrib.jpg","datePublished":"2024-05-04T16:04:42+00:00","dateModified":"2024-05-04T16:40:27+00:00","breadcrumb":{"@id":"https:\/\/inclusivenews.com.br\/?p=33216#breadcrumb"},"inLanguage":"pt-PT","potentialAction":[{"@type":"ReadAction","target":["https:\/\/inclusivenews.com.br\/?p=33216"]}]},{"@type":"ImageObject","inLanguage":"pt-PT","@id":"https:\/\/inclusivenews.com.br\/?p=33216#primaryimage","url":"https:\/\/inclusivenews.com.br\/wp-content\/uploads\/2024\/05\/stdtrib.jpg","contentUrl":"https:\/\/inclusivenews.com.br\/wp-content\/uploads\/2024\/05\/stdtrib.jpg","width":1200,"height":783,"caption":"Muljer cadeirante sendo consudizda por militar em local de alagamento. Imagem do St, Diego Tribune."},{"@type":"BreadcrumbList","@id":"https:\/\/inclusivenews.com.br\/?p=33216#breadcrumb","itemListElement":[{"@type":"ListItem","position":1,"name":"In\u00edcio","item":"https:\/\/inclusivenews.com.br\/"},{"@type":"ListItem","position":2,"name":"Pessoas com defici\u00eancia: prioridade nas calamidades"}]},{"@type":"WebSite","@id":"https:\/\/inclusivenews.com.br\/#website","url":"https:\/\/inclusivenews.com.br\/","name":"Inclusive News","description":"Inclusive News","publisher":{"@id":"https:\/\/inclusivenews.com.br\/#organization"},"potentialAction":[{"@type":"SearchAction","target":{"@type":"EntryPoint","urlTemplate":"https:\/\/inclusivenews.com.br\/?s={search_term_string}"},"query-input":{"@type":"PropertyValueSpecification","valueRequired":true,"valueName":"search_term_string"}}],"inLanguage":"pt-PT"},{"@type":"Organization","@id":"https:\/\/inclusivenews.com.br\/#organization","name":"Inclusive - inclus\u00e3o e cidadania","url":"https:\/\/inclusivenews.com.br\/","logo":{"@type":"ImageObject","inLanguage":"pt-PT","@id":"https:\/\/inclusivenews.com.br\/#\/schema\/logo\/image\/","url":"https:\/\/inclusivenews.com.br\/wp-content\/uploads\/2024\/03\/@grandesite.png","contentUrl":"https:\/\/inclusivenews.com.br\/wp-content\/uploads\/2024\/03\/@grandesite.png","width":1080,"height":1080,"caption":"Inclusive - inclus\u00e3o e cidadania"},"image":{"@id":"https:\/\/inclusivenews.com.br\/#\/schema\/logo\/image\/"},"sameAs":["https:\/\/www.facebook.com\/agenciainclusive\/","https:\/\/www.instagram.com\/newsinclusive\/"]},{"@type":"Person","@id":"https:\/\/inclusivenews.com.br\/#\/schema\/person\/ae4ec7087559b8692fb33b6fffd2273b","name":"inclusivenews2024","image":{"@type":"ImageObject","inLanguage":"pt-PT","@id":"https:\/\/secure.gravatar.com\/avatar\/c5a7ef84c66fa914f55bc4f7ce26cfa275a3b9a1c5568b907bd184fb4dde7b40?s=96&d=mm&r=g","url":"https:\/\/secure.gravatar.com\/avatar\/c5a7ef84c66fa914f55bc4f7ce26cfa275a3b9a1c5568b907bd184fb4dde7b40?s=96&d=mm&r=g","contentUrl":"https:\/\/secure.gravatar.com\/avatar\/c5a7ef84c66fa914f55bc4f7ce26cfa275a3b9a1c5568b907bd184fb4dde7b40?s=96&d=mm&r=g","caption":"inclusivenews2024"},"sameAs":["https:\/\/inclusivenews.com.br"],"url":"https:\/\/inclusivenews.com.br\/?author=1"}]}},"_links":{"self":[{"href":"https:\/\/inclusivenews.com.br\/index.php?rest_route=\/wp\/v2\/posts\/33216","targetHints":{"allow":["GET"]}}],"collection":[{"href":"https:\/\/inclusivenews.com.br\/index.php?rest_route=\/wp\/v2\/posts"}],"about":[{"href":"https:\/\/inclusivenews.com.br\/index.php?rest_route=\/wp\/v2\/types\/post"}],"author":[{"embeddable":true,"href":"https:\/\/inclusivenews.com.br\/index.php?rest_route=\/wp\/v2\/users\/1"}],"replies":[{"embeddable":true,"href":"https:\/\/inclusivenews.com.br\/index.php?rest_route=%2Fwp%2Fv2%2Fcomments&post=33216"}],"version-history":[{"count":4,"href":"https:\/\/inclusivenews.com.br\/index.php?rest_route=\/wp\/v2\/posts\/33216\/revisions"}],"predecessor-version":[{"id":33223,"href":"https:\/\/inclusivenews.com.br\/index.php?rest_route=\/wp\/v2\/posts\/33216\/revisions\/33223"}],"wp:featuredmedia":[{"embeddable":true,"href":"https:\/\/inclusivenews.com.br\/index.php?rest_route=\/wp\/v2\/media\/33219"}],"wp:attachment":[{"href":"https:\/\/inclusivenews.com.br\/index.php?rest_route=%2Fwp%2Fv2%2Fmedia&parent=33216"}],"wp:term":[{"taxonomy":"category","embeddable":true,"href":"https:\/\/inclusivenews.com.br\/index.php?rest_route=%2Fwp%2Fv2%2Fcategories&post=33216"},{"taxonomy":"post_tag","embeddable":true,"href":"https:\/\/inclusivenews.com.br\/index.php?rest_route=%2Fwp%2Fv2%2Ftags&post=33216"}],"curies":[{"name":"wp","href":"https:\/\/api.w.org\/{rel}","templated":true}]}}