{"id":33353,"date":"2024-05-20T00:29:00","date_gmt":"2024-05-20T00:29:00","guid":{"rendered":"https:\/\/inclusivenews.com.br\/?p=33353"},"modified":"2024-05-20T00:30:06","modified_gmt":"2024-05-20T00:30:06","slug":"eu-me-protejo-entra-em-campo-com-o-clube-do-remo-em-belem-do-para","status":"publish","type":"post","link":"https:\/\/inclusivenews.com.br\/?p=33353","title":{"rendered":"Eu Me Protejo entra em campo com o Clube do Remo em Bel\u00e9m do Par\u00e1"},"content":{"rendered":"\n<p>A Secret\u00e1ria Nacional dos Direitos da Pessoa com Defici\u00eancia, Anna Paula Feminella, a psic\u00f3loga Neusa Maria, coautora do Eu Me Protejo e ao bonequeiro Gabriel Calasans, que d\u00e1 vida \u00e0 boneca mascote do projeto, Cotinha, chegaram a Bel\u00e9m do Par\u00e1 para a Caravana Eu Me Protejo ao Maraj\u00f3.<\/p>\n\n\n\n<p>A coordenadora do Eu Me Protejo para a regi\u00e3o Norte, Gisele Costa e a filha Gigi receberam o grupo.<\/p>\n\n\n\n<p>Na tarde de domingo o grupo participou de uma homenagem do Clube do Remo ao Eu Me Protejo, cujo time entrou em campo com o time no jogo contra o Tombense pelo Brasileir\u00e3o C.<\/p>\n\n\n\n<figure class=\"wp-block-image size-full is-resized\"><img loading=\"lazy\" decoding=\"async\" width=\"994\" height=\"970\" src=\"https:\/\/inclusivenews.com.br\/wp-content\/uploads\/2024\/05\/remo1.png\" alt=\"Cadeirantes esperando para entrar em campo Gigi e Anna Paula, junto com Cotinha e Neusa Maria\" class=\"wp-image-33356\" style=\"width:724px;height:auto\" srcset=\"https:\/\/inclusivenews.com.br\/wp-content\/uploads\/2024\/05\/remo1.png 994w, https:\/\/inclusivenews.com.br\/wp-content\/uploads\/2024\/05\/remo1-300x293.png 300w, https:\/\/inclusivenews.com.br\/wp-content\/uploads\/2024\/05\/remo1-768x749.png 768w\" sizes=\"auto, (max-width: 994px) 100vw, 994px\" \/><\/figure>\n\n\n\n<p>A Boneca Cotinha fez sucesso ensinado \u00e0s crian\u00e7as o gesto de prote\u00e7\u00e3o &#8211; a m\u00e3o espalmada \u00e0 frente, em sinal de pare!<\/p>\n\n\n\n<figure class=\"wp-block-image size-large is-resized\"><img loading=\"lazy\" decoding=\"async\" width=\"1024\" height=\"768\" src=\"https:\/\/inclusivenews.com.br\/wp-content\/uploads\/2024\/05\/WhatsApp-Image-2024-05-19-at-6.56.47-PM-1024x768.jpeg\" alt=\"Cotinha, Neusa Maria e Gisele\" class=\"wp-image-33355\" style=\"width:723px;height:auto\" srcset=\"https:\/\/inclusivenews.com.br\/wp-content\/uploads\/2024\/05\/WhatsApp-Image-2024-05-19-at-6.56.47-PM-1024x768.jpeg 1024w, https:\/\/inclusivenews.com.br\/wp-content\/uploads\/2024\/05\/WhatsApp-Image-2024-05-19-at-6.56.47-PM-300x225.jpeg 300w, https:\/\/inclusivenews.com.br\/wp-content\/uploads\/2024\/05\/WhatsApp-Image-2024-05-19-at-6.56.47-PM-768x576.jpeg 768w, https:\/\/inclusivenews.com.br\/wp-content\/uploads\/2024\/05\/WhatsApp-Image-2024-05-19-at-6.56.47-PM-1536x1152.jpeg 1536w, https:\/\/inclusivenews.com.br\/wp-content\/uploads\/2024\/05\/WhatsApp-Image-2024-05-19-at-6.56.47-PM.jpeg 1600w\" sizes=\"auto, (max-width: 1024px) 100vw, 1024px\" \/><\/figure>\n\n\n\n<p>Os jogadores do Clube do Remo entraram em campo com a faixa Eu Me Protejo porque meu corpinno \u00e9 meu &#8211; 18 de maio, dia nacional de enfrentamento \u00e0 viol\u00eancia e explora\u00e7\u00e3o sexual de crian\u00e7as e adolescentes.<\/p>\n\n\n\n<figure class=\"wp-block-image size-large\"><img loading=\"lazy\" decoding=\"async\" width=\"1024\" height=\"616\" src=\"https:\/\/inclusivenews.com.br\/wp-content\/uploads\/2024\/05\/remo4-1024x616.png\" alt=\"faixa eu me protejo porque meu corpinho e meu no gramado\" class=\"wp-image-33358\" srcset=\"https:\/\/inclusivenews.com.br\/wp-content\/uploads\/2024\/05\/remo4-1024x616.png 1024w, https:\/\/inclusivenews.com.br\/wp-content\/uploads\/2024\/05\/remo4-300x180.png 300w, https:\/\/inclusivenews.com.br\/wp-content\/uploads\/2024\/05\/remo4-768x462.png 768w, https:\/\/inclusivenews.com.br\/wp-content\/uploads\/2024\/05\/remo4.png 1144w\" sizes=\"auto, (max-width: 1024px) 100vw, 1024px\" \/><\/figure>\n\n\n\n<p>V\u00e1rias crian\u00e7as e pessoas com defici\u00eancia entraram no gramado e cantaram o hino nacional.<\/p>\n\n\n\n<p>Na segunda-feira o grupo segue para o Maraj\u00f3 para duas forma\u00e7\u00f5es do Eu Me Protejo:<\/p>\n\n\n\n<ul class=\"wp-block-list\">\n<li>20 de maio em Ponta de Pedras \u00e0s 16h na C\u00e2mara Municipal de Ponta de Pedras, junto com o Ministro dos Direitos Humanos e Cidadania, Silvio Almeida<\/li>\n\n\n\n<li>22 de maio, em Soure, \u00e0s 9h, na Prefeitura, Audit\u00f3rio Carlos Augusto Nunes Coreeia &#8211; Bairro Tucumanduba<\/li>\n\n\n\n<li>Acesse: <a href=\"http:\/\/www.eumeprotejo.com\">www.eumeprotejo.com<\/a>  Educa\u00e7\u00e3o inclusiva para preven\u00e7\u00e3o contra a viol\u00eancia na inf\u00e2ncia.<\/li>\n<\/ul>\n","protected":false},"excerpt":{"rendered":"<p>A Secret\u00e1ria Nacional dos Direitos da Pessoa com Defici\u00eancia, Anna Paula Feminella, a psic\u00f3loga Neusa Maria, coautora do Eu Me Protejo e ao bonequeiro Gabriel Calasans, que d\u00e1 vida \u00e0 boneca mascote do projeto, Cotinha, chegaram a Bel\u00e9m do Par\u00e1 para a Caravana Eu Me Protejo ao Maraj\u00f3. A coordenadora do Eu Me Protejo para [&hellip;]<\/p>\n","protected":false},"author":1,"featured_media":33358,"comment_status":"open","ping_status":"open","sticky":false,"template":"","format":"standard","meta":{"site-container-style":"default","site-container-layout":"default","site-sidebar-layout":"default","disable-article-header":"default","disable-site-header":"default","disable-site-footer":"default","disable-content-area-spacing":"default","footnotes":""},"categories":[1,451],"tags":[],"class_list":["post-33353","post","type-post","status-publish","format-standard","has-post-thumbnail","hentry","category-blog","category-prevencao-a-violencia"],"yoast_head":"<!-- This site is optimized with the Yoast SEO plugin v27.4 - https:\/\/yoast.com\/product\/yoast-seo-wordpress\/ -->\n<title>Eu Me Protejo entra em campo com o Clube do Remo em Bel\u00e9m do Par\u00e1 -<\/title>\n<meta name=\"robots\" content=\"index, follow, max-snippet:-1, max-image-preview:large, max-video-preview:-1\" \/>\n<link rel=\"canonical\" href=\"https:\/\/inclusivenews.com.br\/?p=33353\" \/>\n<meta property=\"og:locale\" content=\"pt_PT\" \/>\n<meta property=\"og:type\" content=\"article\" \/>\n<meta property=\"og:title\" content=\"Eu Me Protejo entra em campo com o Clube do Remo em Bel\u00e9m do Par\u00e1 -\" \/>\n<meta property=\"og:description\" content=\"A Secret\u00e1ria Nacional dos Direitos da Pessoa com Defici\u00eancia, Anna Paula Feminella, a psic\u00f3loga Neusa Maria, coautora do Eu Me Protejo e ao bonequeiro Gabriel Calasans, que d\u00e1 vida \u00e0 boneca mascote do projeto, Cotinha, chegaram a Bel\u00e9m do Par\u00e1 para a Caravana Eu Me Protejo ao Maraj\u00f3. A coordenadora do Eu Me Protejo para [&hellip;]\" \/>\n<meta property=\"og:url\" content=\"https:\/\/inclusivenews.com.br\/?p=33353\" \/>\n<meta property=\"article:publisher\" content=\"https:\/\/www.facebook.com\/agenciainclusive\/\" \/>\n<meta property=\"article:published_time\" content=\"2024-05-20T00:29:00+00:00\" \/>\n<meta property=\"article:modified_time\" content=\"2024-05-20T00:30:06+00:00\" \/>\n<meta property=\"og:image\" content=\"https:\/\/inclusivenews.com.br\/wp-content\/uploads\/2024\/05\/remo4.png\" \/>\n\t<meta property=\"og:image:width\" content=\"1144\" \/>\n\t<meta property=\"og:image:height\" content=\"688\" \/>\n\t<meta property=\"og:image:type\" content=\"image\/png\" \/>\n<meta name=\"author\" content=\"inclusivenews2024\" \/>\n<meta name=\"twitter:card\" content=\"summary_large_image\" \/>\n<meta name=\"twitter:label1\" content=\"Escrito por\" \/>\n\t<meta name=\"twitter:data1\" content=\"inclusivenews2024\" \/>\n\t<meta name=\"twitter:label2\" content=\"Tempo estimado de leitura\" \/>\n\t<meta name=\"twitter:data2\" content=\"3 minutos\" \/>\n<script type=\"application\/ld+json\" class=\"yoast-schema-graph\">{\"@context\":\"https:\\\/\\\/schema.org\",\"@graph\":[{\"@type\":\"Article\",\"@id\":\"https:\\\/\\\/inclusivenews.com.br\\\/?p=33353#article\",\"isPartOf\":{\"@id\":\"https:\\\/\\\/inclusivenews.com.br\\\/?p=33353\"},\"author\":{\"name\":\"inclusivenews2024\",\"@id\":\"https:\\\/\\\/inclusivenews.com.br\\\/#\\\/schema\\\/person\\\/ae4ec7087559b8692fb33b6fffd2273b\"},\"headline\":\"Eu Me Protejo entra em campo com o Clube do Remo em Bel\u00e9m do Par\u00e1\",\"datePublished\":\"2024-05-20T00:29:00+00:00\",\"dateModified\":\"2024-05-20T00:30:06+00:00\",\"mainEntityOfPage\":{\"@id\":\"https:\\\/\\\/inclusivenews.com.br\\\/?p=33353\"},\"wordCount\":277,\"commentCount\":0,\"publisher\":{\"@id\":\"https:\\\/\\\/inclusivenews.com.br\\\/#organization\"},\"image\":{\"@id\":\"https:\\\/\\\/inclusivenews.com.br\\\/?p=33353#primaryimage\"},\"thumbnailUrl\":\"https:\\\/\\\/inclusivenews.com.br\\\/wp-content\\\/uploads\\\/2024\\\/05\\\/remo4.png\",\"articleSection\":[\"Blog\",\"Preven\u00e7\u00e3o \u00e0 viol\u00eancia\"],\"inLanguage\":\"pt-PT\",\"potentialAction\":[{\"@type\":\"CommentAction\",\"name\":\"Comment\",\"target\":[\"https:\\\/\\\/inclusivenews.com.br\\\/?p=33353#respond\"]}]},{\"@type\":\"WebPage\",\"@id\":\"https:\\\/\\\/inclusivenews.com.br\\\/?p=33353\",\"url\":\"https:\\\/\\\/inclusivenews.com.br\\\/?p=33353\",\"name\":\"Eu Me Protejo entra em campo com o Clube do Remo em Bel\u00e9m do Par\u00e1 -\",\"isPartOf\":{\"@id\":\"https:\\\/\\\/inclusivenews.com.br\\\/#website\"},\"primaryImageOfPage\":{\"@id\":\"https:\\\/\\\/inclusivenews.com.br\\\/?p=33353#primaryimage\"},\"image\":{\"@id\":\"https:\\\/\\\/inclusivenews.com.br\\\/?p=33353#primaryimage\"},\"thumbnailUrl\":\"https:\\\/\\\/inclusivenews.com.br\\\/wp-content\\\/uploads\\\/2024\\\/05\\\/remo4.png\",\"datePublished\":\"2024-05-20T00:29:00+00:00\",\"dateModified\":\"2024-05-20T00:30:06+00:00\",\"breadcrumb\":{\"@id\":\"https:\\\/\\\/inclusivenews.com.br\\\/?p=33353#breadcrumb\"},\"inLanguage\":\"pt-PT\",\"potentialAction\":[{\"@type\":\"ReadAction\",\"target\":[\"https:\\\/\\\/inclusivenews.com.br\\\/?p=33353\"]}]},{\"@type\":\"ImageObject\",\"inLanguage\":\"pt-PT\",\"@id\":\"https:\\\/\\\/inclusivenews.com.br\\\/?p=33353#primaryimage\",\"url\":\"https:\\\/\\\/inclusivenews.com.br\\\/wp-content\\\/uploads\\\/2024\\\/05\\\/remo4.png\",\"contentUrl\":\"https:\\\/\\\/inclusivenews.com.br\\\/wp-content\\\/uploads\\\/2024\\\/05\\\/remo4.png\",\"width\":1144,\"height\":688},{\"@type\":\"BreadcrumbList\",\"@id\":\"https:\\\/\\\/inclusivenews.com.br\\\/?p=33353#breadcrumb\",\"itemListElement\":[{\"@type\":\"ListItem\",\"position\":1,\"name\":\"In\u00edcio\",\"item\":\"https:\\\/\\\/inclusivenews.com.br\\\/\"},{\"@type\":\"ListItem\",\"position\":2,\"name\":\"Eu Me Protejo entra em campo com o Clube do Remo em Bel\u00e9m do Par\u00e1\"}]},{\"@type\":\"WebSite\",\"@id\":\"https:\\\/\\\/inclusivenews.com.br\\\/#website\",\"url\":\"https:\\\/\\\/inclusivenews.com.br\\\/\",\"name\":\"Inclusive News\",\"description\":\"Inclusive News\",\"publisher\":{\"@id\":\"https:\\\/\\\/inclusivenews.com.br\\\/#organization\"},\"potentialAction\":[{\"@type\":\"SearchAction\",\"target\":{\"@type\":\"EntryPoint\",\"urlTemplate\":\"https:\\\/\\\/inclusivenews.com.br\\\/?s={search_term_string}\"},\"query-input\":{\"@type\":\"PropertyValueSpecification\",\"valueRequired\":true,\"valueName\":\"search_term_string\"}}],\"inLanguage\":\"pt-PT\"},{\"@type\":\"Organization\",\"@id\":\"https:\\\/\\\/inclusivenews.com.br\\\/#organization\",\"name\":\"Inclusive - inclus\u00e3o e cidadania\",\"url\":\"https:\\\/\\\/inclusivenews.com.br\\\/\",\"logo\":{\"@type\":\"ImageObject\",\"inLanguage\":\"pt-PT\",\"@id\":\"https:\\\/\\\/inclusivenews.com.br\\\/#\\\/schema\\\/logo\\\/image\\\/\",\"url\":\"https:\\\/\\\/inclusivenews.com.br\\\/wp-content\\\/uploads\\\/2024\\\/03\\\/@grandesite.png\",\"contentUrl\":\"https:\\\/\\\/inclusivenews.com.br\\\/wp-content\\\/uploads\\\/2024\\\/03\\\/@grandesite.png\",\"width\":1080,\"height\":1080,\"caption\":\"Inclusive - inclus\u00e3o e cidadania\"},\"image\":{\"@id\":\"https:\\\/\\\/inclusivenews.com.br\\\/#\\\/schema\\\/logo\\\/image\\\/\"},\"sameAs\":[\"https:\\\/\\\/www.facebook.com\\\/agenciainclusive\\\/\",\"https:\\\/\\\/www.instagram.com\\\/newsinclusive\\\/\"]},{\"@type\":\"Person\",\"@id\":\"https:\\\/\\\/inclusivenews.com.br\\\/#\\\/schema\\\/person\\\/ae4ec7087559b8692fb33b6fffd2273b\",\"name\":\"inclusivenews2024\",\"image\":{\"@type\":\"ImageObject\",\"inLanguage\":\"pt-PT\",\"@id\":\"https:\\\/\\\/secure.gravatar.com\\\/avatar\\\/c5a7ef84c66fa914f55bc4f7ce26cfa275a3b9a1c5568b907bd184fb4dde7b40?s=96&d=mm&r=g\",\"url\":\"https:\\\/\\\/secure.gravatar.com\\\/avatar\\\/c5a7ef84c66fa914f55bc4f7ce26cfa275a3b9a1c5568b907bd184fb4dde7b40?s=96&d=mm&r=g\",\"contentUrl\":\"https:\\\/\\\/secure.gravatar.com\\\/avatar\\\/c5a7ef84c66fa914f55bc4f7ce26cfa275a3b9a1c5568b907bd184fb4dde7b40?s=96&d=mm&r=g\",\"caption\":\"inclusivenews2024\"},\"sameAs\":[\"https:\\\/\\\/inclusivenews.com.br\"],\"url\":\"https:\\\/\\\/inclusivenews.com.br\\\/?author=1\"}]}<\/script>\n<!-- \/ Yoast SEO plugin. -->","yoast_head_json":{"title":"Eu Me Protejo entra em campo com o Clube do Remo em Bel\u00e9m do Par\u00e1 -","robots":{"index":"index","follow":"follow","max-snippet":"max-snippet:-1","max-image-preview":"max-image-preview:large","max-video-preview":"max-video-preview:-1"},"canonical":"https:\/\/inclusivenews.com.br\/?p=33353","og_locale":"pt_PT","og_type":"article","og_title":"Eu Me Protejo entra em campo com o Clube do Remo em Bel\u00e9m do Par\u00e1 -","og_description":"A Secret\u00e1ria Nacional dos Direitos da Pessoa com Defici\u00eancia, Anna Paula Feminella, a psic\u00f3loga Neusa Maria, coautora do Eu Me Protejo e ao bonequeiro Gabriel Calasans, que d\u00e1 vida \u00e0 boneca mascote do projeto, Cotinha, chegaram a Bel\u00e9m do Par\u00e1 para a Caravana Eu Me Protejo ao Maraj\u00f3. A coordenadora do Eu Me Protejo para [&hellip;]","og_url":"https:\/\/inclusivenews.com.br\/?p=33353","article_publisher":"https:\/\/www.facebook.com\/agenciainclusive\/","article_published_time":"2024-05-20T00:29:00+00:00","article_modified_time":"2024-05-20T00:30:06+00:00","og_image":[{"width":1144,"height":688,"url":"https:\/\/inclusivenews.com.br\/wp-content\/uploads\/2024\/05\/remo4.png","type":"image\/png"}],"author":"inclusivenews2024","twitter_card":"summary_large_image","twitter_misc":{"Escrito por":"inclusivenews2024","Tempo estimado de leitura":"3 minutos"},"schema":{"@context":"https:\/\/schema.org","@graph":[{"@type":"Article","@id":"https:\/\/inclusivenews.com.br\/?p=33353#article","isPartOf":{"@id":"https:\/\/inclusivenews.com.br\/?p=33353"},"author":{"name":"inclusivenews2024","@id":"https:\/\/inclusivenews.com.br\/#\/schema\/person\/ae4ec7087559b8692fb33b6fffd2273b"},"headline":"Eu Me Protejo entra em campo com o Clube do Remo em Bel\u00e9m do Par\u00e1","datePublished":"2024-05-20T00:29:00+00:00","dateModified":"2024-05-20T00:30:06+00:00","mainEntityOfPage":{"@id":"https:\/\/inclusivenews.com.br\/?p=33353"},"wordCount":277,"commentCount":0,"publisher":{"@id":"https:\/\/inclusivenews.com.br\/#organization"},"image":{"@id":"https:\/\/inclusivenews.com.br\/?p=33353#primaryimage"},"thumbnailUrl":"https:\/\/inclusivenews.com.br\/wp-content\/uploads\/2024\/05\/remo4.png","articleSection":["Blog","Preven\u00e7\u00e3o \u00e0 viol\u00eancia"],"inLanguage":"pt-PT","potentialAction":[{"@type":"CommentAction","name":"Comment","target":["https:\/\/inclusivenews.com.br\/?p=33353#respond"]}]},{"@type":"WebPage","@id":"https:\/\/inclusivenews.com.br\/?p=33353","url":"https:\/\/inclusivenews.com.br\/?p=33353","name":"Eu Me Protejo entra em campo com o Clube do Remo em Bel\u00e9m do Par\u00e1 -","isPartOf":{"@id":"https:\/\/inclusivenews.com.br\/#website"},"primaryImageOfPage":{"@id":"https:\/\/inclusivenews.com.br\/?p=33353#primaryimage"},"image":{"@id":"https:\/\/inclusivenews.com.br\/?p=33353#primaryimage"},"thumbnailUrl":"https:\/\/inclusivenews.com.br\/wp-content\/uploads\/2024\/05\/remo4.png","datePublished":"2024-05-20T00:29:00+00:00","dateModified":"2024-05-20T00:30:06+00:00","breadcrumb":{"@id":"https:\/\/inclusivenews.com.br\/?p=33353#breadcrumb"},"inLanguage":"pt-PT","potentialAction":[{"@type":"ReadAction","target":["https:\/\/inclusivenews.com.br\/?p=33353"]}]},{"@type":"ImageObject","inLanguage":"pt-PT","@id":"https:\/\/inclusivenews.com.br\/?p=33353#primaryimage","url":"https:\/\/inclusivenews.com.br\/wp-content\/uploads\/2024\/05\/remo4.png","contentUrl":"https:\/\/inclusivenews.com.br\/wp-content\/uploads\/2024\/05\/remo4.png","width":1144,"height":688},{"@type":"BreadcrumbList","@id":"https:\/\/inclusivenews.com.br\/?p=33353#breadcrumb","itemListElement":[{"@type":"ListItem","position":1,"name":"In\u00edcio","item":"https:\/\/inclusivenews.com.br\/"},{"@type":"ListItem","position":2,"name":"Eu Me Protejo entra em campo com o Clube do Remo em Bel\u00e9m do Par\u00e1"}]},{"@type":"WebSite","@id":"https:\/\/inclusivenews.com.br\/#website","url":"https:\/\/inclusivenews.com.br\/","name":"Inclusive News","description":"Inclusive News","publisher":{"@id":"https:\/\/inclusivenews.com.br\/#organization"},"potentialAction":[{"@type":"SearchAction","target":{"@type":"EntryPoint","urlTemplate":"https:\/\/inclusivenews.com.br\/?s={search_term_string}"},"query-input":{"@type":"PropertyValueSpecification","valueRequired":true,"valueName":"search_term_string"}}],"inLanguage":"pt-PT"},{"@type":"Organization","@id":"https:\/\/inclusivenews.com.br\/#organization","name":"Inclusive - inclus\u00e3o e cidadania","url":"https:\/\/inclusivenews.com.br\/","logo":{"@type":"ImageObject","inLanguage":"pt-PT","@id":"https:\/\/inclusivenews.com.br\/#\/schema\/logo\/image\/","url":"https:\/\/inclusivenews.com.br\/wp-content\/uploads\/2024\/03\/@grandesite.png","contentUrl":"https:\/\/inclusivenews.com.br\/wp-content\/uploads\/2024\/03\/@grandesite.png","width":1080,"height":1080,"caption":"Inclusive - inclus\u00e3o e cidadania"},"image":{"@id":"https:\/\/inclusivenews.com.br\/#\/schema\/logo\/image\/"},"sameAs":["https:\/\/www.facebook.com\/agenciainclusive\/","https:\/\/www.instagram.com\/newsinclusive\/"]},{"@type":"Person","@id":"https:\/\/inclusivenews.com.br\/#\/schema\/person\/ae4ec7087559b8692fb33b6fffd2273b","name":"inclusivenews2024","image":{"@type":"ImageObject","inLanguage":"pt-PT","@id":"https:\/\/secure.gravatar.com\/avatar\/c5a7ef84c66fa914f55bc4f7ce26cfa275a3b9a1c5568b907bd184fb4dde7b40?s=96&d=mm&r=g","url":"https:\/\/secure.gravatar.com\/avatar\/c5a7ef84c66fa914f55bc4f7ce26cfa275a3b9a1c5568b907bd184fb4dde7b40?s=96&d=mm&r=g","contentUrl":"https:\/\/secure.gravatar.com\/avatar\/c5a7ef84c66fa914f55bc4f7ce26cfa275a3b9a1c5568b907bd184fb4dde7b40?s=96&d=mm&r=g","caption":"inclusivenews2024"},"sameAs":["https:\/\/inclusivenews.com.br"],"url":"https:\/\/inclusivenews.com.br\/?author=1"}]}},"_links":{"self":[{"href":"https:\/\/inclusivenews.com.br\/index.php?rest_route=\/wp\/v2\/posts\/33353","targetHints":{"allow":["GET"]}}],"collection":[{"href":"https:\/\/inclusivenews.com.br\/index.php?rest_route=\/wp\/v2\/posts"}],"about":[{"href":"https:\/\/inclusivenews.com.br\/index.php?rest_route=\/wp\/v2\/types\/post"}],"author":[{"embeddable":true,"href":"https:\/\/inclusivenews.com.br\/index.php?rest_route=\/wp\/v2\/users\/1"}],"replies":[{"embeddable":true,"href":"https:\/\/inclusivenews.com.br\/index.php?rest_route=%2Fwp%2Fv2%2Fcomments&post=33353"}],"version-history":[{"count":3,"href":"https:\/\/inclusivenews.com.br\/index.php?rest_route=\/wp\/v2\/posts\/33353\/revisions"}],"predecessor-version":[{"id":33361,"href":"https:\/\/inclusivenews.com.br\/index.php?rest_route=\/wp\/v2\/posts\/33353\/revisions\/33361"}],"wp:featuredmedia":[{"embeddable":true,"href":"https:\/\/inclusivenews.com.br\/index.php?rest_route=\/wp\/v2\/media\/33358"}],"wp:attachment":[{"href":"https:\/\/inclusivenews.com.br\/index.php?rest_route=%2Fwp%2Fv2%2Fmedia&parent=33353"}],"wp:term":[{"taxonomy":"category","embeddable":true,"href":"https:\/\/inclusivenews.com.br\/index.php?rest_route=%2Fwp%2Fv2%2Fcategories&post=33353"},{"taxonomy":"post_tag","embeddable":true,"href":"https:\/\/inclusivenews.com.br\/index.php?rest_route=%2Fwp%2Fv2%2Ftags&post=33353"}],"curies":[{"name":"wp","href":"https:\/\/api.w.org\/{rel}","templated":true}]}}