{"id":33455,"date":"2024-05-29T12:17:26","date_gmt":"2024-05-29T12:17:26","guid":{"rendered":"https:\/\/inclusivenews.com.br\/?p=33455"},"modified":"2024-05-29T12:17:54","modified_gmt":"2024-05-29T12:17:54","slug":"edital-para-construcao-do-conceito-de-deficiencia-psicossocial","status":"publish","type":"post","link":"https:\/\/inclusivenews.com.br\/?p=33455","title":{"rendered":"Edital para constru\u00e7\u00e3o do conceito de defici\u00eancia psicossocial"},"content":{"rendered":"\n<figure class=\"wp-block-image size-full\"><img loading=\"lazy\" decoding=\"async\" width=\"768\" height=\"512\" src=\"https:\/\/inclusivenews.com.br\/wp-content\/uploads\/2024\/05\/pcd.jpeg\" alt=\"mulher em cadeira de rodas em frente a computador\" class=\"wp-image-33456\" srcset=\"https:\/\/inclusivenews.com.br\/wp-content\/uploads\/2024\/05\/pcd.jpeg 768w, https:\/\/inclusivenews.com.br\/wp-content\/uploads\/2024\/05\/pcd-300x200.jpeg 300w\" sizes=\"auto, (max-width: 768px) 100vw, 768px\" \/><\/figure>\n\n\n\n<p>Edital 2\/2024 &#8211; tem como foco a elabora\u00e7\u00e3o de estudos sobre a constru\u00e7\u00e3o do conceito de defici\u00eancia psicossocial e suas interse\u00e7\u00f5es com a sa\u00fade mental. Esse trabalho abordar\u00e1 quest\u00f5es relacionadas \u00e0 neurodiverg\u00eancia e diversidade, fornecendo subs\u00eddios importantes para a\u00e7\u00f5es que promovam a sa\u00fade e defendam os direitos das pessoas com defici\u00eancia.<\/p>\n\n\n\n<p>Para se candidatar, \u00e9 necess\u00e1rio ter forma\u00e7\u00e3o acad\u00eamica, na modalidade mestrado, em ci\u00eancias sociais, ci\u00eancias humanas, ci\u00eancias biol\u00f3gicas, ci\u00eancias da sa\u00fade, pol\u00edticas p\u00fablicas ou direitos humanos, em institui\u00e7\u00e3o reconhecida pelo Minist\u00e9rio da Educa\u00e7\u00e3o; al\u00e9m de experi\u00eancia profissional m\u00ednima de tr\u00eas anos em gest\u00e3o e planejamento de pol\u00edticas p\u00fablicas de defici\u00eancia psicossocial e de sa\u00fade mental, realizada nos \u00faltimos dez anos.<\/p>\n\n\n\n<p><strong>Inscri\u00e7\u00f5es<\/strong><\/p>\n\n\n\n<p>Os interessados em participar da sele\u00e7\u00e3o devem enviar curr\u00edculo at\u00e9 dia 6 de junho para editais.sndpd@mdh.gov.br. O documento deve, obrigatoriamente, conter no m\u00e1ximo quatro p\u00e1ginas e ser encaminhado em PDF e em l\u00edngua portuguesa. No e-mail, o candidato deve informar para qual edital est\u00e1 se candidatando da seguinte forma: Projeto BRA\/18\/008 &#8211; Edital n\u00ba 01\/2024; Projeto BRA\/18\/008 &#8211; Edital n\u00ba 02\/2024.<\/p>\n\n\n\n<p><strong>Para d\u00favidas e mais informa\u00e7\u00f5es:<\/strong><\/p>\n\n\n\n<p>pessoacomdeficiencia@mdh.gov.br<\/p>\n\n\n\n<p>Fonte: https:\/\/www.gov.br\/mdh\/pt-br\/assuntos\/noticias\/2024\/maio\/direitos-humanos-e-pnud-selecionam-consultoria-para-fortalecer-politicas-publicas-voltadas-para-pessoas-com-deficiencia<\/p>\n","protected":false},"excerpt":{"rendered":"<p>Edital 2\/2024 &#8211; tem como foco a elabora\u00e7\u00e3o de estudos sobre a constru\u00e7\u00e3o do conceito de defici\u00eancia psicossocial e suas interse\u00e7\u00f5es com a sa\u00fade mental. Esse trabalho abordar\u00e1 quest\u00f5es relacionadas \u00e0 neurodiverg\u00eancia e diversidade, fornecendo subs\u00eddios importantes para a\u00e7\u00f5es que promovam a sa\u00fade e defendam os direitos das pessoas com defici\u00eancia. Para se candidatar, \u00e9 [&hellip;]<\/p>\n","protected":false},"author":1,"featured_media":33456,"comment_status":"open","ping_status":"open","sticky":false,"template":"","format":"standard","meta":{"site-container-style":"default","site-container-layout":"default","site-sidebar-layout":"default","disable-article-header":"default","disable-site-header":"default","disable-site-footer":"default","disable-content-area-spacing":"default","footnotes":""},"categories":[49],"tags":[],"class_list":["post-33455","post","type-post","status-publish","format-standard","has-post-thumbnail","hentry","category-politicas-publicas"],"yoast_head":"<!-- This site is optimized with the Yoast SEO plugin v27.4 - https:\/\/yoast.com\/product\/yoast-seo-wordpress\/ -->\n<title>Edital para constru\u00e7\u00e3o do conceito de defici\u00eancia psicossocial -<\/title>\n<meta name=\"robots\" content=\"index, follow, max-snippet:-1, max-image-preview:large, max-video-preview:-1\" \/>\n<link rel=\"canonical\" href=\"https:\/\/inclusivenews.com.br\/?p=33455\" \/>\n<meta property=\"og:locale\" content=\"pt_PT\" \/>\n<meta property=\"og:type\" content=\"article\" \/>\n<meta property=\"og:title\" content=\"Edital para constru\u00e7\u00e3o do conceito de defici\u00eancia psicossocial -\" \/>\n<meta property=\"og:description\" content=\"Edital 2\/2024 &#8211; tem como foco a elabora\u00e7\u00e3o de estudos sobre a constru\u00e7\u00e3o do conceito de defici\u00eancia psicossocial e suas interse\u00e7\u00f5es com a sa\u00fade mental. Esse trabalho abordar\u00e1 quest\u00f5es relacionadas \u00e0 neurodiverg\u00eancia e diversidade, fornecendo subs\u00eddios importantes para a\u00e7\u00f5es que promovam a sa\u00fade e defendam os direitos das pessoas com defici\u00eancia. Para se candidatar, \u00e9 [&hellip;]\" \/>\n<meta property=\"og:url\" content=\"https:\/\/inclusivenews.com.br\/?p=33455\" \/>\n<meta property=\"article:publisher\" content=\"https:\/\/www.facebook.com\/agenciainclusive\/\" \/>\n<meta property=\"article:published_time\" content=\"2024-05-29T12:17:26+00:00\" \/>\n<meta property=\"article:modified_time\" content=\"2024-05-29T12:17:54+00:00\" \/>\n<meta property=\"og:image\" content=\"https:\/\/inclusivenews.com.br\/wp-content\/uploads\/2024\/05\/pcd.jpeg\" \/>\n\t<meta property=\"og:image:width\" content=\"768\" \/>\n\t<meta property=\"og:image:height\" content=\"512\" \/>\n\t<meta property=\"og:image:type\" content=\"image\/jpeg\" \/>\n<meta name=\"author\" content=\"inclusivenews2024\" \/>\n<meta name=\"twitter:card\" content=\"summary_large_image\" \/>\n<meta name=\"twitter:label1\" content=\"Escrito por\" \/>\n\t<meta name=\"twitter:data1\" content=\"inclusivenews2024\" \/>\n\t<meta name=\"twitter:label2\" content=\"Tempo estimado de leitura\" \/>\n\t<meta name=\"twitter:data2\" content=\"2 minutos\" \/>\n<script type=\"application\/ld+json\" class=\"yoast-schema-graph\">{\"@context\":\"https:\\\/\\\/schema.org\",\"@graph\":[{\"@type\":\"Article\",\"@id\":\"https:\\\/\\\/inclusivenews.com.br\\\/?p=33455#article\",\"isPartOf\":{\"@id\":\"https:\\\/\\\/inclusivenews.com.br\\\/?p=33455\"},\"author\":{\"name\":\"inclusivenews2024\",\"@id\":\"https:\\\/\\\/inclusivenews.com.br\\\/#\\\/schema\\\/person\\\/ae4ec7087559b8692fb33b6fffd2273b\"},\"headline\":\"Edital para constru\u00e7\u00e3o do conceito de defici\u00eancia psicossocial\",\"datePublished\":\"2024-05-29T12:17:26+00:00\",\"dateModified\":\"2024-05-29T12:17:54+00:00\",\"mainEntityOfPage\":{\"@id\":\"https:\\\/\\\/inclusivenews.com.br\\\/?p=33455\"},\"wordCount\":243,\"commentCount\":0,\"publisher\":{\"@id\":\"https:\\\/\\\/inclusivenews.com.br\\\/#organization\"},\"image\":{\"@id\":\"https:\\\/\\\/inclusivenews.com.br\\\/?p=33455#primaryimage\"},\"thumbnailUrl\":\"https:\\\/\\\/inclusivenews.com.br\\\/wp-content\\\/uploads\\\/2024\\\/05\\\/pcd.jpeg\",\"articleSection\":[\"Pol\u00edticas p\u00fablicas\"],\"inLanguage\":\"pt-PT\",\"potentialAction\":[{\"@type\":\"CommentAction\",\"name\":\"Comment\",\"target\":[\"https:\\\/\\\/inclusivenews.com.br\\\/?p=33455#respond\"]}]},{\"@type\":\"WebPage\",\"@id\":\"https:\\\/\\\/inclusivenews.com.br\\\/?p=33455\",\"url\":\"https:\\\/\\\/inclusivenews.com.br\\\/?p=33455\",\"name\":\"Edital para constru\u00e7\u00e3o do conceito de defici\u00eancia psicossocial -\",\"isPartOf\":{\"@id\":\"https:\\\/\\\/inclusivenews.com.br\\\/#website\"},\"primaryImageOfPage\":{\"@id\":\"https:\\\/\\\/inclusivenews.com.br\\\/?p=33455#primaryimage\"},\"image\":{\"@id\":\"https:\\\/\\\/inclusivenews.com.br\\\/?p=33455#primaryimage\"},\"thumbnailUrl\":\"https:\\\/\\\/inclusivenews.com.br\\\/wp-content\\\/uploads\\\/2024\\\/05\\\/pcd.jpeg\",\"datePublished\":\"2024-05-29T12:17:26+00:00\",\"dateModified\":\"2024-05-29T12:17:54+00:00\",\"breadcrumb\":{\"@id\":\"https:\\\/\\\/inclusivenews.com.br\\\/?p=33455#breadcrumb\"},\"inLanguage\":\"pt-PT\",\"potentialAction\":[{\"@type\":\"ReadAction\",\"target\":[\"https:\\\/\\\/inclusivenews.com.br\\\/?p=33455\"]}]},{\"@type\":\"ImageObject\",\"inLanguage\":\"pt-PT\",\"@id\":\"https:\\\/\\\/inclusivenews.com.br\\\/?p=33455#primaryimage\",\"url\":\"https:\\\/\\\/inclusivenews.com.br\\\/wp-content\\\/uploads\\\/2024\\\/05\\\/pcd.jpeg\",\"contentUrl\":\"https:\\\/\\\/inclusivenews.com.br\\\/wp-content\\\/uploads\\\/2024\\\/05\\\/pcd.jpeg\",\"width\":768,\"height\":512,\"caption\":\"mulher em cadeira de rodas em frente a computador\"},{\"@type\":\"BreadcrumbList\",\"@id\":\"https:\\\/\\\/inclusivenews.com.br\\\/?p=33455#breadcrumb\",\"itemListElement\":[{\"@type\":\"ListItem\",\"position\":1,\"name\":\"In\u00edcio\",\"item\":\"https:\\\/\\\/inclusivenews.com.br\\\/\"},{\"@type\":\"ListItem\",\"position\":2,\"name\":\"Edital para constru\u00e7\u00e3o do conceito de defici\u00eancia psicossocial\"}]},{\"@type\":\"WebSite\",\"@id\":\"https:\\\/\\\/inclusivenews.com.br\\\/#website\",\"url\":\"https:\\\/\\\/inclusivenews.com.br\\\/\",\"name\":\"Inclusive News\",\"description\":\"Inclusive News\",\"publisher\":{\"@id\":\"https:\\\/\\\/inclusivenews.com.br\\\/#organization\"},\"potentialAction\":[{\"@type\":\"SearchAction\",\"target\":{\"@type\":\"EntryPoint\",\"urlTemplate\":\"https:\\\/\\\/inclusivenews.com.br\\\/?s={search_term_string}\"},\"query-input\":{\"@type\":\"PropertyValueSpecification\",\"valueRequired\":true,\"valueName\":\"search_term_string\"}}],\"inLanguage\":\"pt-PT\"},{\"@type\":\"Organization\",\"@id\":\"https:\\\/\\\/inclusivenews.com.br\\\/#organization\",\"name\":\"Inclusive - inclus\u00e3o e cidadania\",\"url\":\"https:\\\/\\\/inclusivenews.com.br\\\/\",\"logo\":{\"@type\":\"ImageObject\",\"inLanguage\":\"pt-PT\",\"@id\":\"https:\\\/\\\/inclusivenews.com.br\\\/#\\\/schema\\\/logo\\\/image\\\/\",\"url\":\"https:\\\/\\\/inclusivenews.com.br\\\/wp-content\\\/uploads\\\/2024\\\/03\\\/@grandesite.png\",\"contentUrl\":\"https:\\\/\\\/inclusivenews.com.br\\\/wp-content\\\/uploads\\\/2024\\\/03\\\/@grandesite.png\",\"width\":1080,\"height\":1080,\"caption\":\"Inclusive - inclus\u00e3o e cidadania\"},\"image\":{\"@id\":\"https:\\\/\\\/inclusivenews.com.br\\\/#\\\/schema\\\/logo\\\/image\\\/\"},\"sameAs\":[\"https:\\\/\\\/www.facebook.com\\\/agenciainclusive\\\/\",\"https:\\\/\\\/www.instagram.com\\\/newsinclusive\\\/\"]},{\"@type\":\"Person\",\"@id\":\"https:\\\/\\\/inclusivenews.com.br\\\/#\\\/schema\\\/person\\\/ae4ec7087559b8692fb33b6fffd2273b\",\"name\":\"inclusivenews2024\",\"image\":{\"@type\":\"ImageObject\",\"inLanguage\":\"pt-PT\",\"@id\":\"https:\\\/\\\/secure.gravatar.com\\\/avatar\\\/c5a7ef84c66fa914f55bc4f7ce26cfa275a3b9a1c5568b907bd184fb4dde7b40?s=96&d=mm&r=g\",\"url\":\"https:\\\/\\\/secure.gravatar.com\\\/avatar\\\/c5a7ef84c66fa914f55bc4f7ce26cfa275a3b9a1c5568b907bd184fb4dde7b40?s=96&d=mm&r=g\",\"contentUrl\":\"https:\\\/\\\/secure.gravatar.com\\\/avatar\\\/c5a7ef84c66fa914f55bc4f7ce26cfa275a3b9a1c5568b907bd184fb4dde7b40?s=96&d=mm&r=g\",\"caption\":\"inclusivenews2024\"},\"sameAs\":[\"https:\\\/\\\/inclusivenews.com.br\"],\"url\":\"https:\\\/\\\/inclusivenews.com.br\\\/?author=1\"}]}<\/script>\n<!-- \/ Yoast SEO plugin. -->","yoast_head_json":{"title":"Edital para constru\u00e7\u00e3o do conceito de defici\u00eancia psicossocial -","robots":{"index":"index","follow":"follow","max-snippet":"max-snippet:-1","max-image-preview":"max-image-preview:large","max-video-preview":"max-video-preview:-1"},"canonical":"https:\/\/inclusivenews.com.br\/?p=33455","og_locale":"pt_PT","og_type":"article","og_title":"Edital para constru\u00e7\u00e3o do conceito de defici\u00eancia psicossocial -","og_description":"Edital 2\/2024 &#8211; tem como foco a elabora\u00e7\u00e3o de estudos sobre a constru\u00e7\u00e3o do conceito de defici\u00eancia psicossocial e suas interse\u00e7\u00f5es com a sa\u00fade mental. Esse trabalho abordar\u00e1 quest\u00f5es relacionadas \u00e0 neurodiverg\u00eancia e diversidade, fornecendo subs\u00eddios importantes para a\u00e7\u00f5es que promovam a sa\u00fade e defendam os direitos das pessoas com defici\u00eancia. Para se candidatar, \u00e9 [&hellip;]","og_url":"https:\/\/inclusivenews.com.br\/?p=33455","article_publisher":"https:\/\/www.facebook.com\/agenciainclusive\/","article_published_time":"2024-05-29T12:17:26+00:00","article_modified_time":"2024-05-29T12:17:54+00:00","og_image":[{"width":768,"height":512,"url":"https:\/\/inclusivenews.com.br\/wp-content\/uploads\/2024\/05\/pcd.jpeg","type":"image\/jpeg"}],"author":"inclusivenews2024","twitter_card":"summary_large_image","twitter_misc":{"Escrito por":"inclusivenews2024","Tempo estimado de leitura":"2 minutos"},"schema":{"@context":"https:\/\/schema.org","@graph":[{"@type":"Article","@id":"https:\/\/inclusivenews.com.br\/?p=33455#article","isPartOf":{"@id":"https:\/\/inclusivenews.com.br\/?p=33455"},"author":{"name":"inclusivenews2024","@id":"https:\/\/inclusivenews.com.br\/#\/schema\/person\/ae4ec7087559b8692fb33b6fffd2273b"},"headline":"Edital para constru\u00e7\u00e3o do conceito de defici\u00eancia psicossocial","datePublished":"2024-05-29T12:17:26+00:00","dateModified":"2024-05-29T12:17:54+00:00","mainEntityOfPage":{"@id":"https:\/\/inclusivenews.com.br\/?p=33455"},"wordCount":243,"commentCount":0,"publisher":{"@id":"https:\/\/inclusivenews.com.br\/#organization"},"image":{"@id":"https:\/\/inclusivenews.com.br\/?p=33455#primaryimage"},"thumbnailUrl":"https:\/\/inclusivenews.com.br\/wp-content\/uploads\/2024\/05\/pcd.jpeg","articleSection":["Pol\u00edticas p\u00fablicas"],"inLanguage":"pt-PT","potentialAction":[{"@type":"CommentAction","name":"Comment","target":["https:\/\/inclusivenews.com.br\/?p=33455#respond"]}]},{"@type":"WebPage","@id":"https:\/\/inclusivenews.com.br\/?p=33455","url":"https:\/\/inclusivenews.com.br\/?p=33455","name":"Edital para constru\u00e7\u00e3o do conceito de defici\u00eancia psicossocial -","isPartOf":{"@id":"https:\/\/inclusivenews.com.br\/#website"},"primaryImageOfPage":{"@id":"https:\/\/inclusivenews.com.br\/?p=33455#primaryimage"},"image":{"@id":"https:\/\/inclusivenews.com.br\/?p=33455#primaryimage"},"thumbnailUrl":"https:\/\/inclusivenews.com.br\/wp-content\/uploads\/2024\/05\/pcd.jpeg","datePublished":"2024-05-29T12:17:26+00:00","dateModified":"2024-05-29T12:17:54+00:00","breadcrumb":{"@id":"https:\/\/inclusivenews.com.br\/?p=33455#breadcrumb"},"inLanguage":"pt-PT","potentialAction":[{"@type":"ReadAction","target":["https:\/\/inclusivenews.com.br\/?p=33455"]}]},{"@type":"ImageObject","inLanguage":"pt-PT","@id":"https:\/\/inclusivenews.com.br\/?p=33455#primaryimage","url":"https:\/\/inclusivenews.com.br\/wp-content\/uploads\/2024\/05\/pcd.jpeg","contentUrl":"https:\/\/inclusivenews.com.br\/wp-content\/uploads\/2024\/05\/pcd.jpeg","width":768,"height":512,"caption":"mulher em cadeira de rodas em frente a computador"},{"@type":"BreadcrumbList","@id":"https:\/\/inclusivenews.com.br\/?p=33455#breadcrumb","itemListElement":[{"@type":"ListItem","position":1,"name":"In\u00edcio","item":"https:\/\/inclusivenews.com.br\/"},{"@type":"ListItem","position":2,"name":"Edital para constru\u00e7\u00e3o do conceito de defici\u00eancia psicossocial"}]},{"@type":"WebSite","@id":"https:\/\/inclusivenews.com.br\/#website","url":"https:\/\/inclusivenews.com.br\/","name":"Inclusive News","description":"Inclusive News","publisher":{"@id":"https:\/\/inclusivenews.com.br\/#organization"},"potentialAction":[{"@type":"SearchAction","target":{"@type":"EntryPoint","urlTemplate":"https:\/\/inclusivenews.com.br\/?s={search_term_string}"},"query-input":{"@type":"PropertyValueSpecification","valueRequired":true,"valueName":"search_term_string"}}],"inLanguage":"pt-PT"},{"@type":"Organization","@id":"https:\/\/inclusivenews.com.br\/#organization","name":"Inclusive - inclus\u00e3o e cidadania","url":"https:\/\/inclusivenews.com.br\/","logo":{"@type":"ImageObject","inLanguage":"pt-PT","@id":"https:\/\/inclusivenews.com.br\/#\/schema\/logo\/image\/","url":"https:\/\/inclusivenews.com.br\/wp-content\/uploads\/2024\/03\/@grandesite.png","contentUrl":"https:\/\/inclusivenews.com.br\/wp-content\/uploads\/2024\/03\/@grandesite.png","width":1080,"height":1080,"caption":"Inclusive - inclus\u00e3o e cidadania"},"image":{"@id":"https:\/\/inclusivenews.com.br\/#\/schema\/logo\/image\/"},"sameAs":["https:\/\/www.facebook.com\/agenciainclusive\/","https:\/\/www.instagram.com\/newsinclusive\/"]},{"@type":"Person","@id":"https:\/\/inclusivenews.com.br\/#\/schema\/person\/ae4ec7087559b8692fb33b6fffd2273b","name":"inclusivenews2024","image":{"@type":"ImageObject","inLanguage":"pt-PT","@id":"https:\/\/secure.gravatar.com\/avatar\/c5a7ef84c66fa914f55bc4f7ce26cfa275a3b9a1c5568b907bd184fb4dde7b40?s=96&d=mm&r=g","url":"https:\/\/secure.gravatar.com\/avatar\/c5a7ef84c66fa914f55bc4f7ce26cfa275a3b9a1c5568b907bd184fb4dde7b40?s=96&d=mm&r=g","contentUrl":"https:\/\/secure.gravatar.com\/avatar\/c5a7ef84c66fa914f55bc4f7ce26cfa275a3b9a1c5568b907bd184fb4dde7b40?s=96&d=mm&r=g","caption":"inclusivenews2024"},"sameAs":["https:\/\/inclusivenews.com.br"],"url":"https:\/\/inclusivenews.com.br\/?author=1"}]}},"_links":{"self":[{"href":"https:\/\/inclusivenews.com.br\/index.php?rest_route=\/wp\/v2\/posts\/33455","targetHints":{"allow":["GET"]}}],"collection":[{"href":"https:\/\/inclusivenews.com.br\/index.php?rest_route=\/wp\/v2\/posts"}],"about":[{"href":"https:\/\/inclusivenews.com.br\/index.php?rest_route=\/wp\/v2\/types\/post"}],"author":[{"embeddable":true,"href":"https:\/\/inclusivenews.com.br\/index.php?rest_route=\/wp\/v2\/users\/1"}],"replies":[{"embeddable":true,"href":"https:\/\/inclusivenews.com.br\/index.php?rest_route=%2Fwp%2Fv2%2Fcomments&post=33455"}],"version-history":[{"count":2,"href":"https:\/\/inclusivenews.com.br\/index.php?rest_route=\/wp\/v2\/posts\/33455\/revisions"}],"predecessor-version":[{"id":33458,"href":"https:\/\/inclusivenews.com.br\/index.php?rest_route=\/wp\/v2\/posts\/33455\/revisions\/33458"}],"wp:featuredmedia":[{"embeddable":true,"href":"https:\/\/inclusivenews.com.br\/index.php?rest_route=\/wp\/v2\/media\/33456"}],"wp:attachment":[{"href":"https:\/\/inclusivenews.com.br\/index.php?rest_route=%2Fwp%2Fv2%2Fmedia&parent=33455"}],"wp:term":[{"taxonomy":"category","embeddable":true,"href":"https:\/\/inclusivenews.com.br\/index.php?rest_route=%2Fwp%2Fv2%2Fcategories&post=33455"},{"taxonomy":"post_tag","embeddable":true,"href":"https:\/\/inclusivenews.com.br\/index.php?rest_route=%2Fwp%2Fv2%2Ftags&post=33455"}],"curies":[{"name":"wp","href":"https:\/\/api.w.org\/{rel}","templated":true}]}}