{"id":33511,"date":"2024-06-06T16:06:01","date_gmt":"2024-06-06T16:06:01","guid":{"rendered":"https:\/\/inclusivenews.com.br\/?p=33511"},"modified":"2024-06-08T21:38:38","modified_gmt":"2024-06-08T21:38:38","slug":"sonialivre-campanha-pela-liberdade-de-sonia-de-jesus","status":"publish","type":"post","link":"https:\/\/inclusivenews.com.br\/?p=33511","title":{"rendered":"#SoniaLivre Campanha pela liberdade de Sonia de Jesus"},"content":{"rendered":"\n<figure class=\"wp-block-image size-large is-resized\"><img loading=\"lazy\" decoding=\"async\" width=\"1024\" height=\"561\" src=\"https:\/\/inclusivenews.com.br\/wp-content\/uploads\/2024\/06\/sonia-livre-1024x561.png\" alt=\"tela de zoom com 6 pessoas mostrando cartaz com #sonia livre\" class=\"wp-image-33518\" style=\"width:570px;height:auto\" srcset=\"https:\/\/inclusivenews.com.br\/wp-content\/uploads\/2024\/06\/sonia-livre-1024x561.png 1024w, https:\/\/inclusivenews.com.br\/wp-content\/uploads\/2024\/06\/sonia-livre-300x164.png 300w, https:\/\/inclusivenews.com.br\/wp-content\/uploads\/2024\/06\/sonia-livre-768x421.png 768w, https:\/\/inclusivenews.com.br\/wp-content\/uploads\/2024\/06\/sonia-livre-1536x841.png 1536w, https:\/\/inclusivenews.com.br\/wp-content\/uploads\/2024\/06\/sonia-livre.png 1902w\" sizes=\"auto, (max-width: 1024px) 100vw, 1024px\" \/><\/figure>\n\n\n\n<p>A campanha global pela liberta\u00e7\u00e3o de Sonia Maria de Jesus, lan\u00e7ada hoje, contou com a participa\u00e7\u00e3o de personalidades e organiza\u00e7\u00f5es de diversas regi\u00f5es do mundo.<\/p>\n\n\n\n<p>Sonia Maria de Jesus, natural da Zona Oeste de S\u00e3o Paulo, foi retirada de sua terra natal e levada para Santa Catarina, quando tinha entre 8 e 9 anos de idade, pela psic\u00f3loga Maria Leonor Gayotto, m\u00e3e de Ana Cristina Gayotto de Borba, esposa do desembargador Jorge Luiz de Borba, em 1982.<br><br>Mulher negra e surda, Sonia foi libertada aos 49 anos, ap\u00f3s uma den\u00fancia an\u00f4nima revelar que estava submetida a condi\u00e7\u00f5es de trabalho semelhantes \u00e0 escravid\u00e3o.<br><br>Entretanto, a liberdade de Sonia foi moment\u00e2nea, pois uma decis\u00e3o do ministro do Supremo Tribunal Federal, Andr\u00e9 Mendon\u00e7a, permitiu que ela retornasse \u00e0 casa do casal, acolhendo o argumento de que Sonia fazia parte da fam\u00edlia.<br><br>Agora, o desembargador busca obter a paternidade socioafetiva de Sonia como uma forma de regularizar a situa\u00e7\u00e3o. Enquanto isso, a fam\u00edlia biol\u00f3gica luta na justi\u00e7a para libert\u00e1-la daquela casa, apresentando um pedido de habeas corpus no STF atrav\u00e9s da Defensoria P\u00fablica da Uni\u00e3o, em setembro do ano passado.<\/p>\n\n\n\n<p>Participaram do evento de lan\u00e7amento da campanha:<\/p>\n\n\n\n<p>Mylene Ramos Seidl &#8211; Presidenta do IPEATRA &#8211; Instituto de Pesquisas e Estudos Avan\u00e7ados da Magistratura e Minist\u00e9rio P\u00fablico do Trabalho<br>Marcelo Zig &#8211; Mergulho Cidad\u00e3o e Quilombo PCD<br>Luciano Arag\u00e3o &#8211; Coordenador de Erradica\u00e7\u00e3o do Trabalho Escravo e Enfrentamento ao Tr\u00e1fico de Pessoas do Minist\u00e9rio P\u00fablico do Trabalho<br>Anna Paula Feminella &#8211; Secretaria Nacional dos Direitos das Pessoas com Defici\u00eancia &#8211; Minist\u00e9rio dos Direitos Humanos e Cidadania<br>Mart\u00edn Nieves &#8211; Coordenador Executivo da Secretaria de Defici\u00eancia &#8211; Montevideu, Uruguai<br>Frei Xavier Plassat &#8211; CONATRAE\/TO<br>Elisabete Aparecida Pinto &#8211; N\u00facleo de Estudos e Pesquisa &#8211; A\u00e7\u00f5es Afirmativas e Assist\u00eancia Estudantil<br>Marta Maria de Jesus &#8211; Irm\u00e3 de Sonia Maria de Jesus<br>Valdirene Boaventura &#8211; Sindidom\u00e9stico\/BA<br>Valderez Monte &#8211; Auditora Fiscal do Trabalho aposentada<\/p>\n\n\n\n<p><\/p>\n\n\n\n<p><\/p>\n\n\n\n<figure class=\"wp-block-embed is-type-video is-provider-youtube wp-block-embed-youtube wp-embed-aspect-16-9 wp-has-aspect-ratio\"><div class=\"wp-block-embed__wrapper\">\n<iframe loading=\"lazy\" title=\"Campanha Global Sonia Livre\" width=\"500\" height=\"281\" src=\"https:\/\/www.youtube.com\/embed\/2Oejz2-I5wo?feature=oembed\" frameborder=\"0\" allow=\"accelerometer; autoplay; clipboard-write; encrypted-media; gyroscope; picture-in-picture; web-share\" referrerpolicy=\"strict-origin-when-cross-origin\" allowfullscreen><\/iframe>\n<\/div><\/figure>\n\n\n\n<p>Siga o Instagram da campanha <a href=\"https:\/\/www.instagram.com\/sonialivreoficial\/\" target=\"_blank\" rel=\"noreferrer noopener\">https:\/\/www.instagram.com\/sonialivreoficial\/<\/a><\/p>\n\n\n\n<p>Fonte: <a href=\"https:\/\/www.instagram.com\/p\/C7zFPbmIWRC\/?img_index=1\" target=\"_blank\" rel=\"noreferrer noopener\">https:\/\/www.instagram.com\/p\/C7zFPbmIWRC\/?img_index=1<\/a><\/p>\n\n\n\n<p>Veja a hist\u00f3ria de Sonia Maria de Jesus nesta mat\u00e9ria do Fant\u00e1stico <a href=\"https:\/\/globoplay.globo.com\/v\/11691561\/\" target=\"_blank\" rel=\"noreferrer noopener\">https:\/\/globoplay.globo.com\/v\/11691561\/<\/a><\/p>\n","protected":false},"excerpt":{"rendered":"<p>A campanha global pela liberta\u00e7\u00e3o de Sonia Maria de Jesus, lan\u00e7ada hoje, contou com a participa\u00e7\u00e3o de personalidades e organiza\u00e7\u00f5es de diversas regi\u00f5es do mundo. Sonia Maria de Jesus, natural da Zona Oeste de S\u00e3o Paulo, foi retirada de sua terra natal e levada para Santa Catarina, quando tinha entre 8 e 9 anos de [&hellip;]<\/p>\n","protected":false},"author":1,"featured_media":33518,"comment_status":"open","ping_status":"open","sticky":false,"template":"","format":"standard","meta":{"site-container-style":"default","site-container-layout":"default","site-sidebar-layout":"default","disable-article-header":"default","disable-site-header":"default","disable-site-footer":"default","disable-content-area-spacing":"default","footnotes":""},"categories":[1,3],"tags":[],"class_list":["post-33511","post","type-post","status-publish","format-standard","has-post-thumbnail","hentry","category-blog","category-campanhas"],"yoast_head":"<!-- This site is optimized with the Yoast SEO plugin v27.4 - https:\/\/yoast.com\/product\/yoast-seo-wordpress\/ -->\n<title>#SoniaLivre Campanha pela liberdade de Sonia de Jesus -<\/title>\n<meta name=\"robots\" content=\"index, follow, max-snippet:-1, max-image-preview:large, max-video-preview:-1\" \/>\n<link rel=\"canonical\" href=\"https:\/\/inclusivenews.com.br\/?p=33511\" \/>\n<meta property=\"og:locale\" content=\"pt_PT\" \/>\n<meta property=\"og:type\" content=\"article\" \/>\n<meta property=\"og:title\" content=\"#SoniaLivre Campanha pela liberdade de Sonia de Jesus -\" \/>\n<meta property=\"og:description\" content=\"A campanha global pela liberta\u00e7\u00e3o de Sonia Maria de Jesus, lan\u00e7ada hoje, contou com a participa\u00e7\u00e3o de personalidades e organiza\u00e7\u00f5es de diversas regi\u00f5es do mundo. Sonia Maria de Jesus, natural da Zona Oeste de S\u00e3o Paulo, foi retirada de sua terra natal e levada para Santa Catarina, quando tinha entre 8 e 9 anos de [&hellip;]\" \/>\n<meta property=\"og:url\" content=\"https:\/\/inclusivenews.com.br\/?p=33511\" \/>\n<meta property=\"article:publisher\" content=\"https:\/\/www.facebook.com\/agenciainclusive\/\" \/>\n<meta property=\"article:published_time\" content=\"2024-06-06T16:06:01+00:00\" \/>\n<meta property=\"article:modified_time\" content=\"2024-06-08T21:38:38+00:00\" \/>\n<meta property=\"og:image\" content=\"https:\/\/inclusivenews.com.br\/wp-content\/uploads\/2024\/06\/sonia-livre.png\" \/>\n\t<meta property=\"og:image:width\" content=\"1902\" \/>\n\t<meta property=\"og:image:height\" content=\"1042\" \/>\n\t<meta property=\"og:image:type\" content=\"image\/png\" \/>\n<meta name=\"author\" content=\"inclusivenews2024\" \/>\n<meta name=\"twitter:card\" content=\"summary_large_image\" \/>\n<meta name=\"twitter:label1\" content=\"Escrito por\" \/>\n\t<meta name=\"twitter:data1\" content=\"inclusivenews2024\" \/>\n\t<meta name=\"twitter:label2\" content=\"Tempo estimado de leitura\" \/>\n\t<meta name=\"twitter:data2\" content=\"3 minutos\" \/>\n<script type=\"application\/ld+json\" class=\"yoast-schema-graph\">{\"@context\":\"https:\\\/\\\/schema.org\",\"@graph\":[{\"@type\":\"Article\",\"@id\":\"https:\\\/\\\/inclusivenews.com.br\\\/?p=33511#article\",\"isPartOf\":{\"@id\":\"https:\\\/\\\/inclusivenews.com.br\\\/?p=33511\"},\"author\":{\"name\":\"inclusivenews2024\",\"@id\":\"https:\\\/\\\/inclusivenews.com.br\\\/#\\\/schema\\\/person\\\/ae4ec7087559b8692fb33b6fffd2273b\"},\"headline\":\"#SoniaLivre Campanha pela liberdade de Sonia de Jesus\",\"datePublished\":\"2024-06-06T16:06:01+00:00\",\"dateModified\":\"2024-06-08T21:38:38+00:00\",\"mainEntityOfPage\":{\"@id\":\"https:\\\/\\\/inclusivenews.com.br\\\/?p=33511\"},\"wordCount\":407,\"commentCount\":0,\"publisher\":{\"@id\":\"https:\\\/\\\/inclusivenews.com.br\\\/#organization\"},\"image\":{\"@id\":\"https:\\\/\\\/inclusivenews.com.br\\\/?p=33511#primaryimage\"},\"thumbnailUrl\":\"https:\\\/\\\/inclusivenews.com.br\\\/wp-content\\\/uploads\\\/2024\\\/06\\\/sonia-livre.png\",\"articleSection\":[\"Blog\",\"CAMPANHAS\"],\"inLanguage\":\"pt-PT\",\"potentialAction\":[{\"@type\":\"CommentAction\",\"name\":\"Comment\",\"target\":[\"https:\\\/\\\/inclusivenews.com.br\\\/?p=33511#respond\"]}]},{\"@type\":\"WebPage\",\"@id\":\"https:\\\/\\\/inclusivenews.com.br\\\/?p=33511\",\"url\":\"https:\\\/\\\/inclusivenews.com.br\\\/?p=33511\",\"name\":\"#SoniaLivre Campanha pela liberdade de Sonia de Jesus -\",\"isPartOf\":{\"@id\":\"https:\\\/\\\/inclusivenews.com.br\\\/#website\"},\"primaryImageOfPage\":{\"@id\":\"https:\\\/\\\/inclusivenews.com.br\\\/?p=33511#primaryimage\"},\"image\":{\"@id\":\"https:\\\/\\\/inclusivenews.com.br\\\/?p=33511#primaryimage\"},\"thumbnailUrl\":\"https:\\\/\\\/inclusivenews.com.br\\\/wp-content\\\/uploads\\\/2024\\\/06\\\/sonia-livre.png\",\"datePublished\":\"2024-06-06T16:06:01+00:00\",\"dateModified\":\"2024-06-08T21:38:38+00:00\",\"breadcrumb\":{\"@id\":\"https:\\\/\\\/inclusivenews.com.br\\\/?p=33511#breadcrumb\"},\"inLanguage\":\"pt-PT\",\"potentialAction\":[{\"@type\":\"ReadAction\",\"target\":[\"https:\\\/\\\/inclusivenews.com.br\\\/?p=33511\"]}]},{\"@type\":\"ImageObject\",\"inLanguage\":\"pt-PT\",\"@id\":\"https:\\\/\\\/inclusivenews.com.br\\\/?p=33511#primaryimage\",\"url\":\"https:\\\/\\\/inclusivenews.com.br\\\/wp-content\\\/uploads\\\/2024\\\/06\\\/sonia-livre.png\",\"contentUrl\":\"https:\\\/\\\/inclusivenews.com.br\\\/wp-content\\\/uploads\\\/2024\\\/06\\\/sonia-livre.png\",\"width\":1902,\"height\":1042,\"caption\":\"tela de zoom com 6 pessoas mostrando cartaz com #sonia livre\"},{\"@type\":\"BreadcrumbList\",\"@id\":\"https:\\\/\\\/inclusivenews.com.br\\\/?p=33511#breadcrumb\",\"itemListElement\":[{\"@type\":\"ListItem\",\"position\":1,\"name\":\"In\u00edcio\",\"item\":\"https:\\\/\\\/inclusivenews.com.br\\\/\"},{\"@type\":\"ListItem\",\"position\":2,\"name\":\"#SoniaLivre Campanha pela liberdade de Sonia de Jesus\"}]},{\"@type\":\"WebSite\",\"@id\":\"https:\\\/\\\/inclusivenews.com.br\\\/#website\",\"url\":\"https:\\\/\\\/inclusivenews.com.br\\\/\",\"name\":\"Inclusive News\",\"description\":\"Inclusive News\",\"publisher\":{\"@id\":\"https:\\\/\\\/inclusivenews.com.br\\\/#organization\"},\"potentialAction\":[{\"@type\":\"SearchAction\",\"target\":{\"@type\":\"EntryPoint\",\"urlTemplate\":\"https:\\\/\\\/inclusivenews.com.br\\\/?s={search_term_string}\"},\"query-input\":{\"@type\":\"PropertyValueSpecification\",\"valueRequired\":true,\"valueName\":\"search_term_string\"}}],\"inLanguage\":\"pt-PT\"},{\"@type\":\"Organization\",\"@id\":\"https:\\\/\\\/inclusivenews.com.br\\\/#organization\",\"name\":\"Inclusive - inclus\u00e3o e cidadania\",\"url\":\"https:\\\/\\\/inclusivenews.com.br\\\/\",\"logo\":{\"@type\":\"ImageObject\",\"inLanguage\":\"pt-PT\",\"@id\":\"https:\\\/\\\/inclusivenews.com.br\\\/#\\\/schema\\\/logo\\\/image\\\/\",\"url\":\"https:\\\/\\\/inclusivenews.com.br\\\/wp-content\\\/uploads\\\/2024\\\/03\\\/@grandesite.png\",\"contentUrl\":\"https:\\\/\\\/inclusivenews.com.br\\\/wp-content\\\/uploads\\\/2024\\\/03\\\/@grandesite.png\",\"width\":1080,\"height\":1080,\"caption\":\"Inclusive - inclus\u00e3o e cidadania\"},\"image\":{\"@id\":\"https:\\\/\\\/inclusivenews.com.br\\\/#\\\/schema\\\/logo\\\/image\\\/\"},\"sameAs\":[\"https:\\\/\\\/www.facebook.com\\\/agenciainclusive\\\/\",\"https:\\\/\\\/www.instagram.com\\\/newsinclusive\\\/\"]},{\"@type\":\"Person\",\"@id\":\"https:\\\/\\\/inclusivenews.com.br\\\/#\\\/schema\\\/person\\\/ae4ec7087559b8692fb33b6fffd2273b\",\"name\":\"inclusivenews2024\",\"image\":{\"@type\":\"ImageObject\",\"inLanguage\":\"pt-PT\",\"@id\":\"https:\\\/\\\/secure.gravatar.com\\\/avatar\\\/c5a7ef84c66fa914f55bc4f7ce26cfa275a3b9a1c5568b907bd184fb4dde7b40?s=96&d=mm&r=g\",\"url\":\"https:\\\/\\\/secure.gravatar.com\\\/avatar\\\/c5a7ef84c66fa914f55bc4f7ce26cfa275a3b9a1c5568b907bd184fb4dde7b40?s=96&d=mm&r=g\",\"contentUrl\":\"https:\\\/\\\/secure.gravatar.com\\\/avatar\\\/c5a7ef84c66fa914f55bc4f7ce26cfa275a3b9a1c5568b907bd184fb4dde7b40?s=96&d=mm&r=g\",\"caption\":\"inclusivenews2024\"},\"sameAs\":[\"https:\\\/\\\/inclusivenews.com.br\"],\"url\":\"https:\\\/\\\/inclusivenews.com.br\\\/?author=1\"}]}<\/script>\n<!-- \/ Yoast SEO plugin. -->","yoast_head_json":{"title":"#SoniaLivre Campanha pela liberdade de Sonia de Jesus -","robots":{"index":"index","follow":"follow","max-snippet":"max-snippet:-1","max-image-preview":"max-image-preview:large","max-video-preview":"max-video-preview:-1"},"canonical":"https:\/\/inclusivenews.com.br\/?p=33511","og_locale":"pt_PT","og_type":"article","og_title":"#SoniaLivre Campanha pela liberdade de Sonia de Jesus -","og_description":"A campanha global pela liberta\u00e7\u00e3o de Sonia Maria de Jesus, lan\u00e7ada hoje, contou com a participa\u00e7\u00e3o de personalidades e organiza\u00e7\u00f5es de diversas regi\u00f5es do mundo. Sonia Maria de Jesus, natural da Zona Oeste de S\u00e3o Paulo, foi retirada de sua terra natal e levada para Santa Catarina, quando tinha entre 8 e 9 anos de [&hellip;]","og_url":"https:\/\/inclusivenews.com.br\/?p=33511","article_publisher":"https:\/\/www.facebook.com\/agenciainclusive\/","article_published_time":"2024-06-06T16:06:01+00:00","article_modified_time":"2024-06-08T21:38:38+00:00","og_image":[{"width":1902,"height":1042,"url":"https:\/\/inclusivenews.com.br\/wp-content\/uploads\/2024\/06\/sonia-livre.png","type":"image\/png"}],"author":"inclusivenews2024","twitter_card":"summary_large_image","twitter_misc":{"Escrito por":"inclusivenews2024","Tempo estimado de leitura":"3 minutos"},"schema":{"@context":"https:\/\/schema.org","@graph":[{"@type":"Article","@id":"https:\/\/inclusivenews.com.br\/?p=33511#article","isPartOf":{"@id":"https:\/\/inclusivenews.com.br\/?p=33511"},"author":{"name":"inclusivenews2024","@id":"https:\/\/inclusivenews.com.br\/#\/schema\/person\/ae4ec7087559b8692fb33b6fffd2273b"},"headline":"#SoniaLivre Campanha pela liberdade de Sonia de Jesus","datePublished":"2024-06-06T16:06:01+00:00","dateModified":"2024-06-08T21:38:38+00:00","mainEntityOfPage":{"@id":"https:\/\/inclusivenews.com.br\/?p=33511"},"wordCount":407,"commentCount":0,"publisher":{"@id":"https:\/\/inclusivenews.com.br\/#organization"},"image":{"@id":"https:\/\/inclusivenews.com.br\/?p=33511#primaryimage"},"thumbnailUrl":"https:\/\/inclusivenews.com.br\/wp-content\/uploads\/2024\/06\/sonia-livre.png","articleSection":["Blog","CAMPANHAS"],"inLanguage":"pt-PT","potentialAction":[{"@type":"CommentAction","name":"Comment","target":["https:\/\/inclusivenews.com.br\/?p=33511#respond"]}]},{"@type":"WebPage","@id":"https:\/\/inclusivenews.com.br\/?p=33511","url":"https:\/\/inclusivenews.com.br\/?p=33511","name":"#SoniaLivre Campanha pela liberdade de Sonia de Jesus -","isPartOf":{"@id":"https:\/\/inclusivenews.com.br\/#website"},"primaryImageOfPage":{"@id":"https:\/\/inclusivenews.com.br\/?p=33511#primaryimage"},"image":{"@id":"https:\/\/inclusivenews.com.br\/?p=33511#primaryimage"},"thumbnailUrl":"https:\/\/inclusivenews.com.br\/wp-content\/uploads\/2024\/06\/sonia-livre.png","datePublished":"2024-06-06T16:06:01+00:00","dateModified":"2024-06-08T21:38:38+00:00","breadcrumb":{"@id":"https:\/\/inclusivenews.com.br\/?p=33511#breadcrumb"},"inLanguage":"pt-PT","potentialAction":[{"@type":"ReadAction","target":["https:\/\/inclusivenews.com.br\/?p=33511"]}]},{"@type":"ImageObject","inLanguage":"pt-PT","@id":"https:\/\/inclusivenews.com.br\/?p=33511#primaryimage","url":"https:\/\/inclusivenews.com.br\/wp-content\/uploads\/2024\/06\/sonia-livre.png","contentUrl":"https:\/\/inclusivenews.com.br\/wp-content\/uploads\/2024\/06\/sonia-livre.png","width":1902,"height":1042,"caption":"tela de zoom com 6 pessoas mostrando cartaz com #sonia livre"},{"@type":"BreadcrumbList","@id":"https:\/\/inclusivenews.com.br\/?p=33511#breadcrumb","itemListElement":[{"@type":"ListItem","position":1,"name":"In\u00edcio","item":"https:\/\/inclusivenews.com.br\/"},{"@type":"ListItem","position":2,"name":"#SoniaLivre Campanha pela liberdade de Sonia de Jesus"}]},{"@type":"WebSite","@id":"https:\/\/inclusivenews.com.br\/#website","url":"https:\/\/inclusivenews.com.br\/","name":"Inclusive News","description":"Inclusive News","publisher":{"@id":"https:\/\/inclusivenews.com.br\/#organization"},"potentialAction":[{"@type":"SearchAction","target":{"@type":"EntryPoint","urlTemplate":"https:\/\/inclusivenews.com.br\/?s={search_term_string}"},"query-input":{"@type":"PropertyValueSpecification","valueRequired":true,"valueName":"search_term_string"}}],"inLanguage":"pt-PT"},{"@type":"Organization","@id":"https:\/\/inclusivenews.com.br\/#organization","name":"Inclusive - inclus\u00e3o e cidadania","url":"https:\/\/inclusivenews.com.br\/","logo":{"@type":"ImageObject","inLanguage":"pt-PT","@id":"https:\/\/inclusivenews.com.br\/#\/schema\/logo\/image\/","url":"https:\/\/inclusivenews.com.br\/wp-content\/uploads\/2024\/03\/@grandesite.png","contentUrl":"https:\/\/inclusivenews.com.br\/wp-content\/uploads\/2024\/03\/@grandesite.png","width":1080,"height":1080,"caption":"Inclusive - inclus\u00e3o e cidadania"},"image":{"@id":"https:\/\/inclusivenews.com.br\/#\/schema\/logo\/image\/"},"sameAs":["https:\/\/www.facebook.com\/agenciainclusive\/","https:\/\/www.instagram.com\/newsinclusive\/"]},{"@type":"Person","@id":"https:\/\/inclusivenews.com.br\/#\/schema\/person\/ae4ec7087559b8692fb33b6fffd2273b","name":"inclusivenews2024","image":{"@type":"ImageObject","inLanguage":"pt-PT","@id":"https:\/\/secure.gravatar.com\/avatar\/c5a7ef84c66fa914f55bc4f7ce26cfa275a3b9a1c5568b907bd184fb4dde7b40?s=96&d=mm&r=g","url":"https:\/\/secure.gravatar.com\/avatar\/c5a7ef84c66fa914f55bc4f7ce26cfa275a3b9a1c5568b907bd184fb4dde7b40?s=96&d=mm&r=g","contentUrl":"https:\/\/secure.gravatar.com\/avatar\/c5a7ef84c66fa914f55bc4f7ce26cfa275a3b9a1c5568b907bd184fb4dde7b40?s=96&d=mm&r=g","caption":"inclusivenews2024"},"sameAs":["https:\/\/inclusivenews.com.br"],"url":"https:\/\/inclusivenews.com.br\/?author=1"}]}},"_links":{"self":[{"href":"https:\/\/inclusivenews.com.br\/index.php?rest_route=\/wp\/v2\/posts\/33511","targetHints":{"allow":["GET"]}}],"collection":[{"href":"https:\/\/inclusivenews.com.br\/index.php?rest_route=\/wp\/v2\/posts"}],"about":[{"href":"https:\/\/inclusivenews.com.br\/index.php?rest_route=\/wp\/v2\/types\/post"}],"author":[{"embeddable":true,"href":"https:\/\/inclusivenews.com.br\/index.php?rest_route=\/wp\/v2\/users\/1"}],"replies":[{"embeddable":true,"href":"https:\/\/inclusivenews.com.br\/index.php?rest_route=%2Fwp%2Fv2%2Fcomments&post=33511"}],"version-history":[{"count":7,"href":"https:\/\/inclusivenews.com.br\/index.php?rest_route=\/wp\/v2\/posts\/33511\/revisions"}],"predecessor-version":[{"id":33545,"href":"https:\/\/inclusivenews.com.br\/index.php?rest_route=\/wp\/v2\/posts\/33511\/revisions\/33545"}],"wp:featuredmedia":[{"embeddable":true,"href":"https:\/\/inclusivenews.com.br\/index.php?rest_route=\/wp\/v2\/media\/33518"}],"wp:attachment":[{"href":"https:\/\/inclusivenews.com.br\/index.php?rest_route=%2Fwp%2Fv2%2Fmedia&parent=33511"}],"wp:term":[{"taxonomy":"category","embeddable":true,"href":"https:\/\/inclusivenews.com.br\/index.php?rest_route=%2Fwp%2Fv2%2Fcategories&post=33511"},{"taxonomy":"post_tag","embeddable":true,"href":"https:\/\/inclusivenews.com.br\/index.php?rest_route=%2Fwp%2Fv2%2Ftags&post=33511"}],"curies":[{"name":"wp","href":"https:\/\/api.w.org\/{rel}","templated":true}]}}