{"id":33530,"date":"2024-06-08T15:18:35","date_gmt":"2024-06-08T15:18:35","guid":{"rendered":"https:\/\/inclusivenews.com.br\/?p=33530"},"modified":"2024-06-08T15:18:36","modified_gmt":"2024-06-08T15:18:36","slug":"o-movimento-social-da-neurodiversidade-e-a-consciencia-politica-autista","status":"publish","type":"post","link":"https:\/\/inclusivenews.com.br\/?p=33530","title":{"rendered":"O movimento social da neurodiversidade e a consci\u00eancia pol\u00edtica autista"},"content":{"rendered":"\n<figure class=\"wp-block-image size-full is-resized\"><img loading=\"lazy\" decoding=\"async\" width=\"805\" height=\"365\" src=\"https:\/\/inclusivenews.com.br\/wp-content\/uploads\/2024\/06\/neurodiversidade.png\" alt=\"s\u00edmbolo da neurodiversidade, em formato de 8 deitado colorido.\" class=\"wp-image-33531\" style=\"width:531px;height:auto\" srcset=\"https:\/\/inclusivenews.com.br\/wp-content\/uploads\/2024\/06\/neurodiversidade.png 805w, https:\/\/inclusivenews.com.br\/wp-content\/uploads\/2024\/06\/neurodiversidade-300x136.png 300w, https:\/\/inclusivenews.com.br\/wp-content\/uploads\/2024\/06\/neurodiversidade-768x348.png 768w\" sizes=\"auto, (max-width: 805px) 100vw, 805px\" \/><\/figure>\n\n\n\n<p>A neurodiversidade \u00e9 a ideia que o autismo \u00e9 uma diferen\u00e7a neurol\u00f3gica que faz parte da identidade de cada autista. O termo tamb\u00e9m \u00e9 utilizado para designar o movimento social protagonizado por autistas e que caracteriza o espectro autista como uma condi\u00e7\u00e3o opondo-se ao modelo m\u00e9dico que fala em transtorno. O artigo estuda o movimento a partir do Modelo Anal\u00edtico da Consci\u00eancia Pol\u00edtica de Salvador Sandoval, que examina os aspectos psicopol\u00edticos dos movimentos sociais a partir de 7 dimens\u00f5es: Identidade Coletiva; Cren\u00e7as, Valores e Expectativas Sobre a Sociedade; Interesses Coletivos; Efic\u00e1cia Pol\u00edtica; Sentimentos com Respeito aos Advers\u00e1rios; Metas e Repert\u00f3rio de A\u00e7\u00f5es e Vontade de Agir Coletivamente, al\u00e9m da mem\u00f3ria pol\u00edtica como dimens\u00e3o transversal ao modelo. O foco \u00e9 a Associa\u00e7\u00e3o Brasileira para A\u00e7\u00e3o por Direitos das Pessoas Autistas (ABRA\u00c7A), entidade liderada por autistas e que adere \u00e0 ideia de neurodiversidade.<\/p>\n\n\n\n<p>Leia o artigo de Aline Reis Calvo Hernandez e Marcos Weiss Bliacheris publicado na Revista Psicologia Pol\u00edtica.<\/p>\n\n\n\n<p><a href=\"https:\/\/submission-pepsic.scielo.br\/index.php\/rpp\/article\/view\/24081\">https:\/\/submission-pepsic.scielo.br\/index.php\/rpp\/article\/view\/24081<\/a><\/p>\n","protected":false},"excerpt":{"rendered":"<p>A neurodiversidade \u00e9 a ideia que o autismo \u00e9 uma diferen\u00e7a neurol\u00f3gica que faz parte da identidade de cada autista. O termo tamb\u00e9m \u00e9 utilizado para designar o movimento social protagonizado por autistas e que caracteriza o espectro autista como uma condi\u00e7\u00e3o opondo-se ao modelo m\u00e9dico que fala em transtorno. O artigo estuda o movimento [&hellip;]<\/p>\n","protected":false},"author":1,"featured_media":33531,"comment_status":"open","ping_status":"open","sticky":false,"template":"","format":"standard","meta":{"site-container-style":"default","site-container-layout":"default","site-sidebar-layout":"default","disable-article-header":"default","disable-site-header":"default","disable-site-footer":"default","disable-content-area-spacing":"default","footnotes":""},"categories":[24],"tags":[],"class_list":["post-33530","post","type-post","status-publish","format-standard","has-post-thumbnail","hentry","category-producao-academica"],"yoast_head":"<!-- This site is optimized with the Yoast SEO plugin v27.4 - https:\/\/yoast.com\/product\/yoast-seo-wordpress\/ -->\n<title>O movimento social da neurodiversidade e a consci\u00eancia pol\u00edtica autista -<\/title>\n<meta name=\"robots\" content=\"index, follow, max-snippet:-1, max-image-preview:large, max-video-preview:-1\" \/>\n<link rel=\"canonical\" href=\"https:\/\/inclusivenews.com.br\/?p=33530\" \/>\n<meta property=\"og:locale\" content=\"pt_PT\" \/>\n<meta property=\"og:type\" content=\"article\" \/>\n<meta property=\"og:title\" content=\"O movimento social da neurodiversidade e a consci\u00eancia pol\u00edtica autista -\" \/>\n<meta property=\"og:description\" content=\"A neurodiversidade \u00e9 a ideia que o autismo \u00e9 uma diferen\u00e7a neurol\u00f3gica que faz parte da identidade de cada autista. O termo tamb\u00e9m \u00e9 utilizado para designar o movimento social protagonizado por autistas e que caracteriza o espectro autista como uma condi\u00e7\u00e3o opondo-se ao modelo m\u00e9dico que fala em transtorno. O artigo estuda o movimento [&hellip;]\" \/>\n<meta property=\"og:url\" content=\"https:\/\/inclusivenews.com.br\/?p=33530\" \/>\n<meta property=\"article:publisher\" content=\"https:\/\/www.facebook.com\/agenciainclusive\/\" \/>\n<meta property=\"article:published_time\" content=\"2024-06-08T15:18:35+00:00\" \/>\n<meta property=\"article:modified_time\" content=\"2024-06-08T15:18:36+00:00\" \/>\n<meta property=\"og:image\" content=\"https:\/\/inclusivenews.com.br\/wp-content\/uploads\/2024\/06\/neurodiversidade.png\" \/>\n\t<meta property=\"og:image:width\" content=\"805\" \/>\n\t<meta property=\"og:image:height\" content=\"365\" \/>\n\t<meta property=\"og:image:type\" content=\"image\/png\" \/>\n<meta name=\"author\" content=\"inclusivenews2024\" \/>\n<meta name=\"twitter:card\" content=\"summary_large_image\" \/>\n<meta name=\"twitter:label1\" content=\"Escrito por\" \/>\n\t<meta name=\"twitter:data1\" content=\"inclusivenews2024\" \/>\n\t<meta name=\"twitter:label2\" content=\"Tempo estimado de leitura\" \/>\n\t<meta name=\"twitter:data2\" content=\"2 minutos\" \/>\n<script type=\"application\/ld+json\" class=\"yoast-schema-graph\">{\"@context\":\"https:\\\/\\\/schema.org\",\"@graph\":[{\"@type\":\"Article\",\"@id\":\"https:\\\/\\\/inclusivenews.com.br\\\/?p=33530#article\",\"isPartOf\":{\"@id\":\"https:\\\/\\\/inclusivenews.com.br\\\/?p=33530\"},\"author\":{\"name\":\"inclusivenews2024\",\"@id\":\"https:\\\/\\\/inclusivenews.com.br\\\/#\\\/schema\\\/person\\\/ae4ec7087559b8692fb33b6fffd2273b\"},\"headline\":\"O movimento social da neurodiversidade e a consci\u00eancia pol\u00edtica autista\",\"datePublished\":\"2024-06-08T15:18:35+00:00\",\"dateModified\":\"2024-06-08T15:18:36+00:00\",\"mainEntityOfPage\":{\"@id\":\"https:\\\/\\\/inclusivenews.com.br\\\/?p=33530\"},\"wordCount\":197,\"commentCount\":0,\"publisher\":{\"@id\":\"https:\\\/\\\/inclusivenews.com.br\\\/#organization\"},\"image\":{\"@id\":\"https:\\\/\\\/inclusivenews.com.br\\\/?p=33530#primaryimage\"},\"thumbnailUrl\":\"https:\\\/\\\/inclusivenews.com.br\\\/wp-content\\\/uploads\\\/2024\\\/06\\\/neurodiversidade.png\",\"articleSection\":[\"Produ\u00e7\u00e3o acad\u00eamica\"],\"inLanguage\":\"pt-PT\",\"potentialAction\":[{\"@type\":\"CommentAction\",\"name\":\"Comment\",\"target\":[\"https:\\\/\\\/inclusivenews.com.br\\\/?p=33530#respond\"]}]},{\"@type\":\"WebPage\",\"@id\":\"https:\\\/\\\/inclusivenews.com.br\\\/?p=33530\",\"url\":\"https:\\\/\\\/inclusivenews.com.br\\\/?p=33530\",\"name\":\"O movimento social da neurodiversidade e a consci\u00eancia pol\u00edtica autista -\",\"isPartOf\":{\"@id\":\"https:\\\/\\\/inclusivenews.com.br\\\/#website\"},\"primaryImageOfPage\":{\"@id\":\"https:\\\/\\\/inclusivenews.com.br\\\/?p=33530#primaryimage\"},\"image\":{\"@id\":\"https:\\\/\\\/inclusivenews.com.br\\\/?p=33530#primaryimage\"},\"thumbnailUrl\":\"https:\\\/\\\/inclusivenews.com.br\\\/wp-content\\\/uploads\\\/2024\\\/06\\\/neurodiversidade.png\",\"datePublished\":\"2024-06-08T15:18:35+00:00\",\"dateModified\":\"2024-06-08T15:18:36+00:00\",\"breadcrumb\":{\"@id\":\"https:\\\/\\\/inclusivenews.com.br\\\/?p=33530#breadcrumb\"},\"inLanguage\":\"pt-PT\",\"potentialAction\":[{\"@type\":\"ReadAction\",\"target\":[\"https:\\\/\\\/inclusivenews.com.br\\\/?p=33530\"]}]},{\"@type\":\"ImageObject\",\"inLanguage\":\"pt-PT\",\"@id\":\"https:\\\/\\\/inclusivenews.com.br\\\/?p=33530#primaryimage\",\"url\":\"https:\\\/\\\/inclusivenews.com.br\\\/wp-content\\\/uploads\\\/2024\\\/06\\\/neurodiversidade.png\",\"contentUrl\":\"https:\\\/\\\/inclusivenews.com.br\\\/wp-content\\\/uploads\\\/2024\\\/06\\\/neurodiversidade.png\",\"width\":805,\"height\":365,\"caption\":\"s\u00edmbolo da neurodiversidade, em formato de 8 deitado colorido.\"},{\"@type\":\"BreadcrumbList\",\"@id\":\"https:\\\/\\\/inclusivenews.com.br\\\/?p=33530#breadcrumb\",\"itemListElement\":[{\"@type\":\"ListItem\",\"position\":1,\"name\":\"In\u00edcio\",\"item\":\"https:\\\/\\\/inclusivenews.com.br\\\/\"},{\"@type\":\"ListItem\",\"position\":2,\"name\":\"O movimento social da neurodiversidade e a consci\u00eancia pol\u00edtica autista\"}]},{\"@type\":\"WebSite\",\"@id\":\"https:\\\/\\\/inclusivenews.com.br\\\/#website\",\"url\":\"https:\\\/\\\/inclusivenews.com.br\\\/\",\"name\":\"Inclusive News\",\"description\":\"Inclusive News\",\"publisher\":{\"@id\":\"https:\\\/\\\/inclusivenews.com.br\\\/#organization\"},\"potentialAction\":[{\"@type\":\"SearchAction\",\"target\":{\"@type\":\"EntryPoint\",\"urlTemplate\":\"https:\\\/\\\/inclusivenews.com.br\\\/?s={search_term_string}\"},\"query-input\":{\"@type\":\"PropertyValueSpecification\",\"valueRequired\":true,\"valueName\":\"search_term_string\"}}],\"inLanguage\":\"pt-PT\"},{\"@type\":\"Organization\",\"@id\":\"https:\\\/\\\/inclusivenews.com.br\\\/#organization\",\"name\":\"Inclusive - inclus\u00e3o e cidadania\",\"url\":\"https:\\\/\\\/inclusivenews.com.br\\\/\",\"logo\":{\"@type\":\"ImageObject\",\"inLanguage\":\"pt-PT\",\"@id\":\"https:\\\/\\\/inclusivenews.com.br\\\/#\\\/schema\\\/logo\\\/image\\\/\",\"url\":\"https:\\\/\\\/inclusivenews.com.br\\\/wp-content\\\/uploads\\\/2024\\\/03\\\/@grandesite.png\",\"contentUrl\":\"https:\\\/\\\/inclusivenews.com.br\\\/wp-content\\\/uploads\\\/2024\\\/03\\\/@grandesite.png\",\"width\":1080,\"height\":1080,\"caption\":\"Inclusive - inclus\u00e3o e cidadania\"},\"image\":{\"@id\":\"https:\\\/\\\/inclusivenews.com.br\\\/#\\\/schema\\\/logo\\\/image\\\/\"},\"sameAs\":[\"https:\\\/\\\/www.facebook.com\\\/agenciainclusive\\\/\",\"https:\\\/\\\/www.instagram.com\\\/newsinclusive\\\/\"]},{\"@type\":\"Person\",\"@id\":\"https:\\\/\\\/inclusivenews.com.br\\\/#\\\/schema\\\/person\\\/ae4ec7087559b8692fb33b6fffd2273b\",\"name\":\"inclusivenews2024\",\"image\":{\"@type\":\"ImageObject\",\"inLanguage\":\"pt-PT\",\"@id\":\"https:\\\/\\\/secure.gravatar.com\\\/avatar\\\/c5a7ef84c66fa914f55bc4f7ce26cfa275a3b9a1c5568b907bd184fb4dde7b40?s=96&d=mm&r=g\",\"url\":\"https:\\\/\\\/secure.gravatar.com\\\/avatar\\\/c5a7ef84c66fa914f55bc4f7ce26cfa275a3b9a1c5568b907bd184fb4dde7b40?s=96&d=mm&r=g\",\"contentUrl\":\"https:\\\/\\\/secure.gravatar.com\\\/avatar\\\/c5a7ef84c66fa914f55bc4f7ce26cfa275a3b9a1c5568b907bd184fb4dde7b40?s=96&d=mm&r=g\",\"caption\":\"inclusivenews2024\"},\"sameAs\":[\"https:\\\/\\\/inclusivenews.com.br\"],\"url\":\"https:\\\/\\\/inclusivenews.com.br\\\/?author=1\"}]}<\/script>\n<!-- \/ Yoast SEO plugin. -->","yoast_head_json":{"title":"O movimento social da neurodiversidade e a consci\u00eancia pol\u00edtica autista -","robots":{"index":"index","follow":"follow","max-snippet":"max-snippet:-1","max-image-preview":"max-image-preview:large","max-video-preview":"max-video-preview:-1"},"canonical":"https:\/\/inclusivenews.com.br\/?p=33530","og_locale":"pt_PT","og_type":"article","og_title":"O movimento social da neurodiversidade e a consci\u00eancia pol\u00edtica autista -","og_description":"A neurodiversidade \u00e9 a ideia que o autismo \u00e9 uma diferen\u00e7a neurol\u00f3gica que faz parte da identidade de cada autista. O termo tamb\u00e9m \u00e9 utilizado para designar o movimento social protagonizado por autistas e que caracteriza o espectro autista como uma condi\u00e7\u00e3o opondo-se ao modelo m\u00e9dico que fala em transtorno. O artigo estuda o movimento [&hellip;]","og_url":"https:\/\/inclusivenews.com.br\/?p=33530","article_publisher":"https:\/\/www.facebook.com\/agenciainclusive\/","article_published_time":"2024-06-08T15:18:35+00:00","article_modified_time":"2024-06-08T15:18:36+00:00","og_image":[{"width":805,"height":365,"url":"https:\/\/inclusivenews.com.br\/wp-content\/uploads\/2024\/06\/neurodiversidade.png","type":"image\/png"}],"author":"inclusivenews2024","twitter_card":"summary_large_image","twitter_misc":{"Escrito por":"inclusivenews2024","Tempo estimado de leitura":"2 minutos"},"schema":{"@context":"https:\/\/schema.org","@graph":[{"@type":"Article","@id":"https:\/\/inclusivenews.com.br\/?p=33530#article","isPartOf":{"@id":"https:\/\/inclusivenews.com.br\/?p=33530"},"author":{"name":"inclusivenews2024","@id":"https:\/\/inclusivenews.com.br\/#\/schema\/person\/ae4ec7087559b8692fb33b6fffd2273b"},"headline":"O movimento social da neurodiversidade e a consci\u00eancia pol\u00edtica autista","datePublished":"2024-06-08T15:18:35+00:00","dateModified":"2024-06-08T15:18:36+00:00","mainEntityOfPage":{"@id":"https:\/\/inclusivenews.com.br\/?p=33530"},"wordCount":197,"commentCount":0,"publisher":{"@id":"https:\/\/inclusivenews.com.br\/#organization"},"image":{"@id":"https:\/\/inclusivenews.com.br\/?p=33530#primaryimage"},"thumbnailUrl":"https:\/\/inclusivenews.com.br\/wp-content\/uploads\/2024\/06\/neurodiversidade.png","articleSection":["Produ\u00e7\u00e3o acad\u00eamica"],"inLanguage":"pt-PT","potentialAction":[{"@type":"CommentAction","name":"Comment","target":["https:\/\/inclusivenews.com.br\/?p=33530#respond"]}]},{"@type":"WebPage","@id":"https:\/\/inclusivenews.com.br\/?p=33530","url":"https:\/\/inclusivenews.com.br\/?p=33530","name":"O movimento social da neurodiversidade e a consci\u00eancia pol\u00edtica autista -","isPartOf":{"@id":"https:\/\/inclusivenews.com.br\/#website"},"primaryImageOfPage":{"@id":"https:\/\/inclusivenews.com.br\/?p=33530#primaryimage"},"image":{"@id":"https:\/\/inclusivenews.com.br\/?p=33530#primaryimage"},"thumbnailUrl":"https:\/\/inclusivenews.com.br\/wp-content\/uploads\/2024\/06\/neurodiversidade.png","datePublished":"2024-06-08T15:18:35+00:00","dateModified":"2024-06-08T15:18:36+00:00","breadcrumb":{"@id":"https:\/\/inclusivenews.com.br\/?p=33530#breadcrumb"},"inLanguage":"pt-PT","potentialAction":[{"@type":"ReadAction","target":["https:\/\/inclusivenews.com.br\/?p=33530"]}]},{"@type":"ImageObject","inLanguage":"pt-PT","@id":"https:\/\/inclusivenews.com.br\/?p=33530#primaryimage","url":"https:\/\/inclusivenews.com.br\/wp-content\/uploads\/2024\/06\/neurodiversidade.png","contentUrl":"https:\/\/inclusivenews.com.br\/wp-content\/uploads\/2024\/06\/neurodiversidade.png","width":805,"height":365,"caption":"s\u00edmbolo da neurodiversidade, em formato de 8 deitado colorido."},{"@type":"BreadcrumbList","@id":"https:\/\/inclusivenews.com.br\/?p=33530#breadcrumb","itemListElement":[{"@type":"ListItem","position":1,"name":"In\u00edcio","item":"https:\/\/inclusivenews.com.br\/"},{"@type":"ListItem","position":2,"name":"O movimento social da neurodiversidade e a consci\u00eancia pol\u00edtica autista"}]},{"@type":"WebSite","@id":"https:\/\/inclusivenews.com.br\/#website","url":"https:\/\/inclusivenews.com.br\/","name":"Inclusive News","description":"Inclusive News","publisher":{"@id":"https:\/\/inclusivenews.com.br\/#organization"},"potentialAction":[{"@type":"SearchAction","target":{"@type":"EntryPoint","urlTemplate":"https:\/\/inclusivenews.com.br\/?s={search_term_string}"},"query-input":{"@type":"PropertyValueSpecification","valueRequired":true,"valueName":"search_term_string"}}],"inLanguage":"pt-PT"},{"@type":"Organization","@id":"https:\/\/inclusivenews.com.br\/#organization","name":"Inclusive - inclus\u00e3o e cidadania","url":"https:\/\/inclusivenews.com.br\/","logo":{"@type":"ImageObject","inLanguage":"pt-PT","@id":"https:\/\/inclusivenews.com.br\/#\/schema\/logo\/image\/","url":"https:\/\/inclusivenews.com.br\/wp-content\/uploads\/2024\/03\/@grandesite.png","contentUrl":"https:\/\/inclusivenews.com.br\/wp-content\/uploads\/2024\/03\/@grandesite.png","width":1080,"height":1080,"caption":"Inclusive - inclus\u00e3o e cidadania"},"image":{"@id":"https:\/\/inclusivenews.com.br\/#\/schema\/logo\/image\/"},"sameAs":["https:\/\/www.facebook.com\/agenciainclusive\/","https:\/\/www.instagram.com\/newsinclusive\/"]},{"@type":"Person","@id":"https:\/\/inclusivenews.com.br\/#\/schema\/person\/ae4ec7087559b8692fb33b6fffd2273b","name":"inclusivenews2024","image":{"@type":"ImageObject","inLanguage":"pt-PT","@id":"https:\/\/secure.gravatar.com\/avatar\/c5a7ef84c66fa914f55bc4f7ce26cfa275a3b9a1c5568b907bd184fb4dde7b40?s=96&d=mm&r=g","url":"https:\/\/secure.gravatar.com\/avatar\/c5a7ef84c66fa914f55bc4f7ce26cfa275a3b9a1c5568b907bd184fb4dde7b40?s=96&d=mm&r=g","contentUrl":"https:\/\/secure.gravatar.com\/avatar\/c5a7ef84c66fa914f55bc4f7ce26cfa275a3b9a1c5568b907bd184fb4dde7b40?s=96&d=mm&r=g","caption":"inclusivenews2024"},"sameAs":["https:\/\/inclusivenews.com.br"],"url":"https:\/\/inclusivenews.com.br\/?author=1"}]}},"_links":{"self":[{"href":"https:\/\/inclusivenews.com.br\/index.php?rest_route=\/wp\/v2\/posts\/33530","targetHints":{"allow":["GET"]}}],"collection":[{"href":"https:\/\/inclusivenews.com.br\/index.php?rest_route=\/wp\/v2\/posts"}],"about":[{"href":"https:\/\/inclusivenews.com.br\/index.php?rest_route=\/wp\/v2\/types\/post"}],"author":[{"embeddable":true,"href":"https:\/\/inclusivenews.com.br\/index.php?rest_route=\/wp\/v2\/users\/1"}],"replies":[{"embeddable":true,"href":"https:\/\/inclusivenews.com.br\/index.php?rest_route=%2Fwp%2Fv2%2Fcomments&post=33530"}],"version-history":[{"count":1,"href":"https:\/\/inclusivenews.com.br\/index.php?rest_route=\/wp\/v2\/posts\/33530\/revisions"}],"predecessor-version":[{"id":33532,"href":"https:\/\/inclusivenews.com.br\/index.php?rest_route=\/wp\/v2\/posts\/33530\/revisions\/33532"}],"wp:featuredmedia":[{"embeddable":true,"href":"https:\/\/inclusivenews.com.br\/index.php?rest_route=\/wp\/v2\/media\/33531"}],"wp:attachment":[{"href":"https:\/\/inclusivenews.com.br\/index.php?rest_route=%2Fwp%2Fv2%2Fmedia&parent=33530"}],"wp:term":[{"taxonomy":"category","embeddable":true,"href":"https:\/\/inclusivenews.com.br\/index.php?rest_route=%2Fwp%2Fv2%2Fcategories&post=33530"},{"taxonomy":"post_tag","embeddable":true,"href":"https:\/\/inclusivenews.com.br\/index.php?rest_route=%2Fwp%2Fv2%2Ftags&post=33530"}],"curies":[{"name":"wp","href":"https:\/\/api.w.org\/{rel}","templated":true}]}}