{"id":33533,"date":"2024-06-08T16:44:22","date_gmt":"2024-06-08T16:44:22","guid":{"rendered":"https:\/\/inclusivenews.com.br\/?p=33533"},"modified":"2024-06-08T22:28:29","modified_gmt":"2024-06-08T22:28:29","slug":"em-ny-mara-gabrilli-e-a-candidata-do-brasil-para-comite-da-onu","status":"publish","type":"post","link":"https:\/\/inclusivenews.com.br\/?p=33533","title":{"rendered":"Em NY, Mara Gabrilli \u00e9 a candidata do Brasil para comit\u00ea da ONU"},"content":{"rendered":"\n<figure class=\"wp-block-image size-full is-resized\"><img loading=\"lazy\" decoding=\"async\" width=\"800\" height=\"407\" src=\"https:\/\/inclusivenews.com.br\/wp-content\/uploads\/2024\/06\/Mara-ONU-site.jpg\" alt=\"foto de mara gabrilli, em cadeira de rodas, a frente de duas bandeiras, do brasil e da onu.\" class=\"wp-image-33534\" style=\"width:494px;height:auto\" srcset=\"https:\/\/inclusivenews.com.br\/wp-content\/uploads\/2024\/06\/Mara-ONU-site.jpg 800w, https:\/\/inclusivenews.com.br\/wp-content\/uploads\/2024\/06\/Mara-ONU-site-300x153.jpg 300w, https:\/\/inclusivenews.com.br\/wp-content\/uploads\/2024\/06\/Mara-ONU-site-768x391.jpg 768w\" sizes=\"auto, (max-width: 800px) 100vw, 800px\" \/><\/figure>\n\n\n\n<p>A senadora Mara Gabrilli \u00e9 a representante do Brasil na elei\u00e7\u00e3o que vai escolher os novos integrantes do Comit\u00ea da ONU sobre os Direitos das Pessoas com Defici\u00eancia \u2013 CDPD.<\/p>\n\n\n\n<p>A elei\u00e7\u00e3o acontece na pr\u00f3xima ter\u00e7a-feira, 12\/6, durante a 11\u00aa Confer\u00eancia dos Estados Partes da Conven\u00e7\u00e3o sobre os Direitos das Pessoas com Defici\u00eancia, em Nova Iorque. Ser\u00e3o eleitos nove representantes para o per\u00edodo 2025 \u2013 2028. A senadora j\u00e1 foi membro do comit\u00ea entre 2019 e 2022. Ela foi indicada pelo governo brasileiro em mar\u00e7o do ano passado para concorrer \u00e0 reelei\u00e7\u00e3o. O mandato \u00e9 de 2025 a 2028 e o cargo n\u00e3o \u00e9 remunerado, mas todas as despesas s\u00e3o custeadas pela ONU, sem gastos para o Brasil.<\/p>\n\n\n\n<p>O Comit\u00ea \u00e9 respons\u00e1vel por monitorar a implementa\u00e7\u00e3o da Conven\u00e7\u00e3o e re\u00fane 18 membros peritos de diferentes pa\u00edses. A candidata brasileira faz um alarde para a sub-representa\u00e7\u00e3o que existe na atual composi\u00e7\u00e3o. \u201cDos 18 integrantes, temos apenas um representante da Am\u00e9rica Latina e somente uma mulher. E, segundo dados da ONU, existem cerca de 1 bilh\u00e3o de pessoas com defici\u00eancia no mundo, dos quais 600 milh\u00f5es s\u00e3o mulheres. O Brasil nunca teve representante; chegou a nossa hora\u201d, afirma Mara Gabrilli.<\/p>\n\n\n\n<p>A elei\u00e7\u00e3o \u00e9 feita pelos pa\u00edses signat\u00e1rios da Conven\u00e7\u00e3o, portanto, atualmente, 177 pa\u00edses t\u00eam direito a voto. Por enquanto, 27 pa\u00edses apresentaram candidatos, o que faz dessa elei\u00e7\u00e3o a mais concorrida do hist\u00f3rico das Na\u00e7\u00f5es Unidas.<\/p>\n\n\n\n<p>A atual diretoria da ONU vem trabalhando para fortalecer a igualdade de g\u00eaneros e tem pedido a todos os pa\u00edses que assegurem uma base s\u00f3lida em suas agendas, garantindo que a voz e a experi\u00eancia de meninas e mulheres ressoem dentro de suas delibera\u00e7\u00f5es. O secret\u00e1rio-geral da ONU, Ant\u00f3nio Guterres, fez desse tema e da igualdade de representa\u00e7\u00e3o das mulheres uma prioridade de seu mandato.<\/p>\n\n\n\n<p>A candidatura de Mara Gabrilli conta com o apoio dos tr\u00eas poderes e da sociedade civil. Vale lembrar que uma eventual elei\u00e7\u00e3o na ONU n\u00e3o a impede de concorrer nas elei\u00e7\u00f5es nacionais deste ano, nas quais \u00e9 pr\u00e9-candidata ao Senado por S\u00e3o Paulo. O Comit\u00ea se re\u00fane em Genebra, na Su\u00ed\u00e7a, duas vezes ao ano e muitos de seus trabalhos ocorrem remotamente e atrav\u00e9s de videoconfer\u00eancia.<\/p>\n\n\n\n<p>\u201cPoder realizar essa representa\u00e7\u00e3o internacional, em paralelo \u00e0 atua\u00e7\u00e3o nacional, \u00e9 uma via de m\u00e3o dupla. Vai significar um ato de solidariedade internacional, permitindo trazer ao Brasil experi\u00eancias exitosas em pol\u00edticas p\u00fablicas para pessoas com defici\u00eancia e replicando para o mundo os avan\u00e7os que aqui j\u00e1 conquistamos\u201d, avalia Mara.<\/p>\n\n\n\n<p><strong>Sobre a Conven\u00e7\u00e3o<\/strong><\/p>\n\n\n\n<p>H\u00e1 dez anos, em 13 de dezembro de 2006, a Assembleia Geral da ONU adotou resolu\u00e7\u00e3o que estabeleceu a Conven\u00e7\u00e3o sobre os Direitos das Pessoas com Defici\u00eancia, com o objetivo de \u201cproteger e garantir o total e igual acesso a todos os direitos humanos e liberdades fundamentais por todas as pessoas com defici\u00eancia, e promover o respeito \u00e0 sua dignidade\u201d. Atualmente, 177 pa\u00edses ratificaram a Conven\u00e7\u00e3o e outros 11 s\u00e3o signat\u00e1rios. No Brasil o documento foi ratificado pelo Congresso Nacional em 2008 e internalizado em 2009, com status de emenda constitucional.<\/p>\n\n\n\n<p><strong>Mara Gabrilli<\/strong><\/p>\n\n\n\n<p>Tetrapl\u00e9gica em fun\u00e7\u00e3o de um acidente de carro em 1994, Mara Cristina Gabrilli \u00e9 psic\u00f3loga, publicit\u00e1ria e senadora. Fundou em 1997 o Instituto Mara Gabrilli, que desenvolve programas de defesa de direitos das pessoas com defici\u00eancia, promove o Desenho Universal e fomenta projetos esportivos, culturais e pesquisas cient\u00edficas.<\/p>\n\n\n\n<p>Al\u00e9m de comandar programas de r\u00e1dio e manter colunas na m\u00eddia impressa sobre temas pertinentes \u00e0s pessoas com defici\u00eancia, foi vereadora na C\u00e2mara Municipal de S\u00e3o Paulo (2007-2010) e a primeira titular da Secretaria Municipal da Pessoa com Defici\u00eancia e Mobilidade Reduzida na cidade de S\u00e3o Paulo, no per\u00edodo entre 2005 e 2007.<\/p>\n\n\n\n<p>Quando deputada federal por S\u00e3o Paulo, Mara Gabrilli foi presidente da Comiss\u00e3o de Defesa dos Direitos das Pessoas com Defici\u00eancia na C\u00e2mara dos Deputados, membro titular da Comiss\u00e3o de Seguridade Social, integra a Frente Parlamentar Mista do Congresso Nacional em Defesa dos Direitos das Pessoas com Defici\u00eancia e preside a Frente Parlamentar Mista de Aten\u00e7\u00e3o Integral \u00e0s pessoas com doen\u00e7as raras.<\/p>\n\n\n\n<p>Foi relatora e autora do texto substitutivo da LBI \u2013 Lei Brasileira de Inclus\u00e3o, que entrou em vigor em 2016, ap\u00f3s consulta p\u00fablica e ampla participa\u00e7\u00e3o da sociedade civil na sua estrutura\u00e7\u00e3o.<\/p>\n\n\n\n<p>Fonte: <a href=\"https:\/\/maragabrilli.com.br\/em-ny-mara-gabrilli-e-a-candidata-do-brasil-para-comite-da-onu\/\">https:\/\/maragabrilli.com.br\/em-ny-mara-gabrilli-e-a-candidata-do-brasil-para-comite-da-onu\/<\/a><\/p>\n\n\n\n<p><a href=\"https:\/\/www12.senado.leg.br\/noticias\/materias\/2024\/06\/06\/mara-gabrilli-participa-da-17a-conferencia-da-onu-sobre-pessoas-com-deficiencia\">https:\/\/www12.senado.leg.br\/noticias\/materias\/2024\/06\/06\/mara-gabrilli-participa-da-17a-conferencia-da-onu-sobre-pessoas-com-deficiencia<\/a><\/p>\n\n\n\n<p><\/p>\n","protected":false},"excerpt":{"rendered":"<p>A senadora Mara Gabrilli \u00e9 a representante do Brasil na elei\u00e7\u00e3o que vai escolher os novos integrantes do Comit\u00ea da ONU sobre os Direitos das Pessoas com Defici\u00eancia \u2013 CDPD. A elei\u00e7\u00e3o acontece na pr\u00f3xima ter\u00e7a-feira, 12\/6, durante a 11\u00aa Confer\u00eancia dos Estados Partes da Conven\u00e7\u00e3o sobre os Direitos das Pessoas com Defici\u00eancia, em Nova [&hellip;]<\/p>\n","protected":false},"author":1,"featured_media":33534,"comment_status":"open","ping_status":"open","sticky":false,"template":"","format":"standard","meta":{"site-container-style":"default","site-container-layout":"default","site-sidebar-layout":"default","disable-article-header":"default","disable-site-header":"default","disable-site-footer":"default","disable-content-area-spacing":"default","footnotes":""},"categories":[1],"tags":[],"class_list":["post-33533","post","type-post","status-publish","format-standard","has-post-thumbnail","hentry","category-blog"],"yoast_head":"<!-- This site is optimized with the Yoast SEO plugin v27.4 - https:\/\/yoast.com\/product\/yoast-seo-wordpress\/ -->\n<title>Em NY, Mara Gabrilli \u00e9 a candidata do Brasil para comit\u00ea da ONU -<\/title>\n<meta name=\"robots\" content=\"index, follow, max-snippet:-1, max-image-preview:large, max-video-preview:-1\" \/>\n<link rel=\"canonical\" href=\"https:\/\/inclusivenews.com.br\/?p=33533\" \/>\n<meta property=\"og:locale\" content=\"pt_PT\" \/>\n<meta property=\"og:type\" content=\"article\" \/>\n<meta property=\"og:title\" content=\"Em NY, Mara Gabrilli \u00e9 a candidata do Brasil para comit\u00ea da ONU -\" \/>\n<meta property=\"og:description\" content=\"A senadora Mara Gabrilli \u00e9 a representante do Brasil na elei\u00e7\u00e3o que vai escolher os novos integrantes do Comit\u00ea da ONU sobre os Direitos das Pessoas com Defici\u00eancia \u2013 CDPD. A elei\u00e7\u00e3o acontece na pr\u00f3xima ter\u00e7a-feira, 12\/6, durante a 11\u00aa Confer\u00eancia dos Estados Partes da Conven\u00e7\u00e3o sobre os Direitos das Pessoas com Defici\u00eancia, em Nova [&hellip;]\" \/>\n<meta property=\"og:url\" content=\"https:\/\/inclusivenews.com.br\/?p=33533\" \/>\n<meta property=\"article:publisher\" content=\"https:\/\/www.facebook.com\/agenciainclusive\/\" \/>\n<meta property=\"article:published_time\" content=\"2024-06-08T16:44:22+00:00\" \/>\n<meta property=\"article:modified_time\" content=\"2024-06-08T22:28:29+00:00\" \/>\n<meta property=\"og:image\" content=\"https:\/\/inclusivenews.com.br\/wp-content\/uploads\/2024\/06\/Mara-ONU-site.jpg\" \/>\n\t<meta property=\"og:image:width\" content=\"800\" \/>\n\t<meta property=\"og:image:height\" content=\"407\" \/>\n\t<meta property=\"og:image:type\" content=\"image\/jpeg\" \/>\n<meta name=\"author\" content=\"inclusivenews2024\" \/>\n<meta name=\"twitter:card\" content=\"summary_large_image\" \/>\n<meta name=\"twitter:label1\" content=\"Escrito por\" \/>\n\t<meta name=\"twitter:data1\" content=\"inclusivenews2024\" \/>\n\t<meta name=\"twitter:label2\" content=\"Tempo estimado de leitura\" \/>\n\t<meta name=\"twitter:data2\" content=\"5 minutos\" \/>\n<script type=\"application\/ld+json\" class=\"yoast-schema-graph\">{\"@context\":\"https:\\\/\\\/schema.org\",\"@graph\":[{\"@type\":\"Article\",\"@id\":\"https:\\\/\\\/inclusivenews.com.br\\\/?p=33533#article\",\"isPartOf\":{\"@id\":\"https:\\\/\\\/inclusivenews.com.br\\\/?p=33533\"},\"author\":{\"name\":\"inclusivenews2024\",\"@id\":\"https:\\\/\\\/inclusivenews.com.br\\\/#\\\/schema\\\/person\\\/ae4ec7087559b8692fb33b6fffd2273b\"},\"headline\":\"Em NY, Mara Gabrilli \u00e9 a candidata do Brasil para comit\u00ea da ONU\",\"datePublished\":\"2024-06-08T16:44:22+00:00\",\"dateModified\":\"2024-06-08T22:28:29+00:00\",\"mainEntityOfPage\":{\"@id\":\"https:\\\/\\\/inclusivenews.com.br\\\/?p=33533\"},\"wordCount\":791,\"commentCount\":0,\"publisher\":{\"@id\":\"https:\\\/\\\/inclusivenews.com.br\\\/#organization\"},\"image\":{\"@id\":\"https:\\\/\\\/inclusivenews.com.br\\\/?p=33533#primaryimage\"},\"thumbnailUrl\":\"https:\\\/\\\/inclusivenews.com.br\\\/wp-content\\\/uploads\\\/2024\\\/06\\\/Mara-ONU-site.jpg\",\"articleSection\":[\"Blog\"],\"inLanguage\":\"pt-PT\",\"potentialAction\":[{\"@type\":\"CommentAction\",\"name\":\"Comment\",\"target\":[\"https:\\\/\\\/inclusivenews.com.br\\\/?p=33533#respond\"]}]},{\"@type\":\"WebPage\",\"@id\":\"https:\\\/\\\/inclusivenews.com.br\\\/?p=33533\",\"url\":\"https:\\\/\\\/inclusivenews.com.br\\\/?p=33533\",\"name\":\"Em NY, Mara Gabrilli \u00e9 a candidata do Brasil para comit\u00ea da ONU -\",\"isPartOf\":{\"@id\":\"https:\\\/\\\/inclusivenews.com.br\\\/#website\"},\"primaryImageOfPage\":{\"@id\":\"https:\\\/\\\/inclusivenews.com.br\\\/?p=33533#primaryimage\"},\"image\":{\"@id\":\"https:\\\/\\\/inclusivenews.com.br\\\/?p=33533#primaryimage\"},\"thumbnailUrl\":\"https:\\\/\\\/inclusivenews.com.br\\\/wp-content\\\/uploads\\\/2024\\\/06\\\/Mara-ONU-site.jpg\",\"datePublished\":\"2024-06-08T16:44:22+00:00\",\"dateModified\":\"2024-06-08T22:28:29+00:00\",\"breadcrumb\":{\"@id\":\"https:\\\/\\\/inclusivenews.com.br\\\/?p=33533#breadcrumb\"},\"inLanguage\":\"pt-PT\",\"potentialAction\":[{\"@type\":\"ReadAction\",\"target\":[\"https:\\\/\\\/inclusivenews.com.br\\\/?p=33533\"]}]},{\"@type\":\"ImageObject\",\"inLanguage\":\"pt-PT\",\"@id\":\"https:\\\/\\\/inclusivenews.com.br\\\/?p=33533#primaryimage\",\"url\":\"https:\\\/\\\/inclusivenews.com.br\\\/wp-content\\\/uploads\\\/2024\\\/06\\\/Mara-ONU-site.jpg\",\"contentUrl\":\"https:\\\/\\\/inclusivenews.com.br\\\/wp-content\\\/uploads\\\/2024\\\/06\\\/Mara-ONU-site.jpg\",\"width\":800,\"height\":407,\"caption\":\"foto de mara gabrilli, em cadeira de rodas, a frente de duas bandeiras, do brasil e da onu.\"},{\"@type\":\"BreadcrumbList\",\"@id\":\"https:\\\/\\\/inclusivenews.com.br\\\/?p=33533#breadcrumb\",\"itemListElement\":[{\"@type\":\"ListItem\",\"position\":1,\"name\":\"In\u00edcio\",\"item\":\"https:\\\/\\\/inclusivenews.com.br\\\/\"},{\"@type\":\"ListItem\",\"position\":2,\"name\":\"Em NY, Mara Gabrilli \u00e9 a candidata do Brasil para comit\u00ea da ONU\"}]},{\"@type\":\"WebSite\",\"@id\":\"https:\\\/\\\/inclusivenews.com.br\\\/#website\",\"url\":\"https:\\\/\\\/inclusivenews.com.br\\\/\",\"name\":\"Inclusive News\",\"description\":\"Inclusive News\",\"publisher\":{\"@id\":\"https:\\\/\\\/inclusivenews.com.br\\\/#organization\"},\"potentialAction\":[{\"@type\":\"SearchAction\",\"target\":{\"@type\":\"EntryPoint\",\"urlTemplate\":\"https:\\\/\\\/inclusivenews.com.br\\\/?s={search_term_string}\"},\"query-input\":{\"@type\":\"PropertyValueSpecification\",\"valueRequired\":true,\"valueName\":\"search_term_string\"}}],\"inLanguage\":\"pt-PT\"},{\"@type\":\"Organization\",\"@id\":\"https:\\\/\\\/inclusivenews.com.br\\\/#organization\",\"name\":\"Inclusive - inclus\u00e3o e cidadania\",\"url\":\"https:\\\/\\\/inclusivenews.com.br\\\/\",\"logo\":{\"@type\":\"ImageObject\",\"inLanguage\":\"pt-PT\",\"@id\":\"https:\\\/\\\/inclusivenews.com.br\\\/#\\\/schema\\\/logo\\\/image\\\/\",\"url\":\"https:\\\/\\\/inclusivenews.com.br\\\/wp-content\\\/uploads\\\/2024\\\/03\\\/@grandesite.png\",\"contentUrl\":\"https:\\\/\\\/inclusivenews.com.br\\\/wp-content\\\/uploads\\\/2024\\\/03\\\/@grandesite.png\",\"width\":1080,\"height\":1080,\"caption\":\"Inclusive - inclus\u00e3o e cidadania\"},\"image\":{\"@id\":\"https:\\\/\\\/inclusivenews.com.br\\\/#\\\/schema\\\/logo\\\/image\\\/\"},\"sameAs\":[\"https:\\\/\\\/www.facebook.com\\\/agenciainclusive\\\/\",\"https:\\\/\\\/www.instagram.com\\\/newsinclusive\\\/\"]},{\"@type\":\"Person\",\"@id\":\"https:\\\/\\\/inclusivenews.com.br\\\/#\\\/schema\\\/person\\\/ae4ec7087559b8692fb33b6fffd2273b\",\"name\":\"inclusivenews2024\",\"image\":{\"@type\":\"ImageObject\",\"inLanguage\":\"pt-PT\",\"@id\":\"https:\\\/\\\/secure.gravatar.com\\\/avatar\\\/c5a7ef84c66fa914f55bc4f7ce26cfa275a3b9a1c5568b907bd184fb4dde7b40?s=96&d=mm&r=g\",\"url\":\"https:\\\/\\\/secure.gravatar.com\\\/avatar\\\/c5a7ef84c66fa914f55bc4f7ce26cfa275a3b9a1c5568b907bd184fb4dde7b40?s=96&d=mm&r=g\",\"contentUrl\":\"https:\\\/\\\/secure.gravatar.com\\\/avatar\\\/c5a7ef84c66fa914f55bc4f7ce26cfa275a3b9a1c5568b907bd184fb4dde7b40?s=96&d=mm&r=g\",\"caption\":\"inclusivenews2024\"},\"sameAs\":[\"https:\\\/\\\/inclusivenews.com.br\"],\"url\":\"https:\\\/\\\/inclusivenews.com.br\\\/?author=1\"}]}<\/script>\n<!-- \/ Yoast SEO plugin. -->","yoast_head_json":{"title":"Em NY, Mara Gabrilli \u00e9 a candidata do Brasil para comit\u00ea da ONU -","robots":{"index":"index","follow":"follow","max-snippet":"max-snippet:-1","max-image-preview":"max-image-preview:large","max-video-preview":"max-video-preview:-1"},"canonical":"https:\/\/inclusivenews.com.br\/?p=33533","og_locale":"pt_PT","og_type":"article","og_title":"Em NY, Mara Gabrilli \u00e9 a candidata do Brasil para comit\u00ea da ONU -","og_description":"A senadora Mara Gabrilli \u00e9 a representante do Brasil na elei\u00e7\u00e3o que vai escolher os novos integrantes do Comit\u00ea da ONU sobre os Direitos das Pessoas com Defici\u00eancia \u2013 CDPD. A elei\u00e7\u00e3o acontece na pr\u00f3xima ter\u00e7a-feira, 12\/6, durante a 11\u00aa Confer\u00eancia dos Estados Partes da Conven\u00e7\u00e3o sobre os Direitos das Pessoas com Defici\u00eancia, em Nova [&hellip;]","og_url":"https:\/\/inclusivenews.com.br\/?p=33533","article_publisher":"https:\/\/www.facebook.com\/agenciainclusive\/","article_published_time":"2024-06-08T16:44:22+00:00","article_modified_time":"2024-06-08T22:28:29+00:00","og_image":[{"width":800,"height":407,"url":"https:\/\/inclusivenews.com.br\/wp-content\/uploads\/2024\/06\/Mara-ONU-site.jpg","type":"image\/jpeg"}],"author":"inclusivenews2024","twitter_card":"summary_large_image","twitter_misc":{"Escrito por":"inclusivenews2024","Tempo estimado de leitura":"5 minutos"},"schema":{"@context":"https:\/\/schema.org","@graph":[{"@type":"Article","@id":"https:\/\/inclusivenews.com.br\/?p=33533#article","isPartOf":{"@id":"https:\/\/inclusivenews.com.br\/?p=33533"},"author":{"name":"inclusivenews2024","@id":"https:\/\/inclusivenews.com.br\/#\/schema\/person\/ae4ec7087559b8692fb33b6fffd2273b"},"headline":"Em NY, Mara Gabrilli \u00e9 a candidata do Brasil para comit\u00ea da ONU","datePublished":"2024-06-08T16:44:22+00:00","dateModified":"2024-06-08T22:28:29+00:00","mainEntityOfPage":{"@id":"https:\/\/inclusivenews.com.br\/?p=33533"},"wordCount":791,"commentCount":0,"publisher":{"@id":"https:\/\/inclusivenews.com.br\/#organization"},"image":{"@id":"https:\/\/inclusivenews.com.br\/?p=33533#primaryimage"},"thumbnailUrl":"https:\/\/inclusivenews.com.br\/wp-content\/uploads\/2024\/06\/Mara-ONU-site.jpg","articleSection":["Blog"],"inLanguage":"pt-PT","potentialAction":[{"@type":"CommentAction","name":"Comment","target":["https:\/\/inclusivenews.com.br\/?p=33533#respond"]}]},{"@type":"WebPage","@id":"https:\/\/inclusivenews.com.br\/?p=33533","url":"https:\/\/inclusivenews.com.br\/?p=33533","name":"Em NY, Mara Gabrilli \u00e9 a candidata do Brasil para comit\u00ea da ONU -","isPartOf":{"@id":"https:\/\/inclusivenews.com.br\/#website"},"primaryImageOfPage":{"@id":"https:\/\/inclusivenews.com.br\/?p=33533#primaryimage"},"image":{"@id":"https:\/\/inclusivenews.com.br\/?p=33533#primaryimage"},"thumbnailUrl":"https:\/\/inclusivenews.com.br\/wp-content\/uploads\/2024\/06\/Mara-ONU-site.jpg","datePublished":"2024-06-08T16:44:22+00:00","dateModified":"2024-06-08T22:28:29+00:00","breadcrumb":{"@id":"https:\/\/inclusivenews.com.br\/?p=33533#breadcrumb"},"inLanguage":"pt-PT","potentialAction":[{"@type":"ReadAction","target":["https:\/\/inclusivenews.com.br\/?p=33533"]}]},{"@type":"ImageObject","inLanguage":"pt-PT","@id":"https:\/\/inclusivenews.com.br\/?p=33533#primaryimage","url":"https:\/\/inclusivenews.com.br\/wp-content\/uploads\/2024\/06\/Mara-ONU-site.jpg","contentUrl":"https:\/\/inclusivenews.com.br\/wp-content\/uploads\/2024\/06\/Mara-ONU-site.jpg","width":800,"height":407,"caption":"foto de mara gabrilli, em cadeira de rodas, a frente de duas bandeiras, do brasil e da onu."},{"@type":"BreadcrumbList","@id":"https:\/\/inclusivenews.com.br\/?p=33533#breadcrumb","itemListElement":[{"@type":"ListItem","position":1,"name":"In\u00edcio","item":"https:\/\/inclusivenews.com.br\/"},{"@type":"ListItem","position":2,"name":"Em NY, Mara Gabrilli \u00e9 a candidata do Brasil para comit\u00ea da ONU"}]},{"@type":"WebSite","@id":"https:\/\/inclusivenews.com.br\/#website","url":"https:\/\/inclusivenews.com.br\/","name":"Inclusive News","description":"Inclusive News","publisher":{"@id":"https:\/\/inclusivenews.com.br\/#organization"},"potentialAction":[{"@type":"SearchAction","target":{"@type":"EntryPoint","urlTemplate":"https:\/\/inclusivenews.com.br\/?s={search_term_string}"},"query-input":{"@type":"PropertyValueSpecification","valueRequired":true,"valueName":"search_term_string"}}],"inLanguage":"pt-PT"},{"@type":"Organization","@id":"https:\/\/inclusivenews.com.br\/#organization","name":"Inclusive - inclus\u00e3o e cidadania","url":"https:\/\/inclusivenews.com.br\/","logo":{"@type":"ImageObject","inLanguage":"pt-PT","@id":"https:\/\/inclusivenews.com.br\/#\/schema\/logo\/image\/","url":"https:\/\/inclusivenews.com.br\/wp-content\/uploads\/2024\/03\/@grandesite.png","contentUrl":"https:\/\/inclusivenews.com.br\/wp-content\/uploads\/2024\/03\/@grandesite.png","width":1080,"height":1080,"caption":"Inclusive - inclus\u00e3o e cidadania"},"image":{"@id":"https:\/\/inclusivenews.com.br\/#\/schema\/logo\/image\/"},"sameAs":["https:\/\/www.facebook.com\/agenciainclusive\/","https:\/\/www.instagram.com\/newsinclusive\/"]},{"@type":"Person","@id":"https:\/\/inclusivenews.com.br\/#\/schema\/person\/ae4ec7087559b8692fb33b6fffd2273b","name":"inclusivenews2024","image":{"@type":"ImageObject","inLanguage":"pt-PT","@id":"https:\/\/secure.gravatar.com\/avatar\/c5a7ef84c66fa914f55bc4f7ce26cfa275a3b9a1c5568b907bd184fb4dde7b40?s=96&d=mm&r=g","url":"https:\/\/secure.gravatar.com\/avatar\/c5a7ef84c66fa914f55bc4f7ce26cfa275a3b9a1c5568b907bd184fb4dde7b40?s=96&d=mm&r=g","contentUrl":"https:\/\/secure.gravatar.com\/avatar\/c5a7ef84c66fa914f55bc4f7ce26cfa275a3b9a1c5568b907bd184fb4dde7b40?s=96&d=mm&r=g","caption":"inclusivenews2024"},"sameAs":["https:\/\/inclusivenews.com.br"],"url":"https:\/\/inclusivenews.com.br\/?author=1"}]}},"_links":{"self":[{"href":"https:\/\/inclusivenews.com.br\/index.php?rest_route=\/wp\/v2\/posts\/33533","targetHints":{"allow":["GET"]}}],"collection":[{"href":"https:\/\/inclusivenews.com.br\/index.php?rest_route=\/wp\/v2\/posts"}],"about":[{"href":"https:\/\/inclusivenews.com.br\/index.php?rest_route=\/wp\/v2\/types\/post"}],"author":[{"embeddable":true,"href":"https:\/\/inclusivenews.com.br\/index.php?rest_route=\/wp\/v2\/users\/1"}],"replies":[{"embeddable":true,"href":"https:\/\/inclusivenews.com.br\/index.php?rest_route=%2Fwp%2Fv2%2Fcomments&post=33533"}],"version-history":[{"count":8,"href":"https:\/\/inclusivenews.com.br\/index.php?rest_route=\/wp\/v2\/posts\/33533\/revisions"}],"predecessor-version":[{"id":33550,"href":"https:\/\/inclusivenews.com.br\/index.php?rest_route=\/wp\/v2\/posts\/33533\/revisions\/33550"}],"wp:featuredmedia":[{"embeddable":true,"href":"https:\/\/inclusivenews.com.br\/index.php?rest_route=\/wp\/v2\/media\/33534"}],"wp:attachment":[{"href":"https:\/\/inclusivenews.com.br\/index.php?rest_route=%2Fwp%2Fv2%2Fmedia&parent=33533"}],"wp:term":[{"taxonomy":"category","embeddable":true,"href":"https:\/\/inclusivenews.com.br\/index.php?rest_route=%2Fwp%2Fv2%2Fcategories&post=33533"},{"taxonomy":"post_tag","embeddable":true,"href":"https:\/\/inclusivenews.com.br\/index.php?rest_route=%2Fwp%2Fv2%2Ftags&post=33533"}],"curies":[{"name":"wp","href":"https:\/\/api.w.org\/{rel}","templated":true}]}}