{"id":33551,"date":"2024-06-11T15:31:14","date_gmt":"2024-06-11T15:31:14","guid":{"rendered":"https:\/\/inclusivenews.com.br\/?p=33551"},"modified":"2024-06-11T15:31:14","modified_gmt":"2024-06-11T15:31:14","slug":"a-convencao-da-onu-o-protocolo-facultativo-e-as-emergencias-humanitarias","status":"publish","type":"post","link":"https:\/\/inclusivenews.com.br\/?p=33551","title":{"rendered":"A Conven\u00e7\u00e3o da ONU, o Protocolo Facultativo e as emerg\u00eancias humanit\u00e1rias"},"content":{"rendered":"\n<p><strong>Epis\u00f3dio 20\/2024<\/strong><\/p>\n\n\n\n<p><strong>11\/06<\/strong><\/p>\n\n\n\n<p><strong>A Conven\u00e7\u00e3o da ONU, o Protocolo Facultativo e as emerg\u00eancias humanit\u00e1rias<\/strong><\/p>\n\n\n\n<p>Embora o Brasil tenha uma das mais avan\u00e7adas legisla\u00e7\u00f5es do mundo para as pessoas com defici\u00eancia, colocar em pr\u00e1tica e garantir os direitos dessa popula\u00e7\u00e3o ainda \u00e9 um desafio. Ratificada com status de emenda constitucional no Brasil, a Conven\u00e7\u00e3o sobre os Direitos das Pessoas com Defici\u00eancia-CDPD, da Organiza\u00e7\u00e3o das Na\u00e7\u00f5es Unidas (ONU), estabelece, em seu artigo 11, que em situa\u00e7\u00f5es de risco e emerg\u00eancias humanit\u00e1rias, cabe ao Estado tomar todas as medidas necess\u00e1rias para assegurar a prote\u00e7\u00e3o e a seguran\u00e7a das pessoas com defici\u00eancia que se encontrarem em situa\u00e7\u00f5es de risco, inclusive em situa\u00e7\u00f5es de eventos de desastres naturais. Do mesmo modo, a Lei Brasileira de Inclus\u00e3o da Pessoa com Defici\u00eancia (LBI &#8211; Lei 13.146, de 2015) confirma a obriga\u00e7\u00e3o do poder p\u00fablico de tomar medidas para prote\u00e7\u00e3o e seguran\u00e7a dessas pessoas.<\/p>\n\n\n\n<p>A import\u00e2ncia da Conven\u00e7\u00e3o sobre os Direitos das Pessoas com Defici\u00eancia e o Protocolo Facultativo, tratado internacional e instrumento diverso, que veio complementar a CDPD sobre os direitos das pessoas com defici\u00eancia, no intuito de agregar a ela a possibilidade de grupos ou indiv\u00edduos, ou seus representantes apresentarem reclama\u00e7\u00f5es de que tenham sido v\u00edtimas ao \u00f3rg\u00e3o de vigil\u00e2ncia da Conven\u00e7\u00e3o, \u00e9 o tema do Podcast Acessando Luc\u00edlia desta ter\u00e7a-feira, 11\/06.<\/p>\n\n\n\n<p>Os convidados para essa conversa s\u00e3o:<\/p>\n\n\n\n<p>Joelson Dias, Mestre em Direito pela Universidade de Harvard, j\u00e1 foi Ministro substituto do Tribunal Superior Eleitoral (TSE). Representante Titular do Conselho Federal da OAB (CFOAB) no Conselho Nacional dos Direitos das Pessoas com Defici\u00eancia (CONADE), integra a Comiss\u00e3o Nacional dos Direitos da Pessoa com Defici\u00eancia do Conselho Federal da OAB, foi Secret\u00e1rio do Conselho de Col\u00e9gios e Ordens de Advogados do Mercosul (COADEM) e da Comiss\u00e3o Nacional de Rela\u00e7\u00f5es Internacionais do Conselho Federal da OAB. \u00c9 Fundador da Rede de Direitos Humanos (RDH) e do Instituto de Estudos Jur\u00eddicos e Di\u00e1logos Constitucionais (IDECON)<\/p>\n\n\n\n<p>Marta Gil, soci\u00f3loga, membro do Inclusive News, fundadora e coordenadora executiva do Amankay &#8211; Instituto de Estudos e Pesquisas, voltado para inclus\u00e3o e qualidade de vida, e atuante na produ\u00e7\u00e3o, comunica\u00e7\u00e3o e dissemina\u00e7\u00e3o de informa\u00e7\u00f5es sobre educa\u00e7\u00e3o, trabalho e acessibilidade desde 1990. Palestrante em eventos nacionais e internacionais, produtora de conte\u00fado e empreendedora social reconhecida pela Ashoka Empreendedores Sociais.<\/p>\n\n\n\n<p>O bate-papo, que \u00e9 uma parceria com a Inclusive News, conta com int\u00e9rprete de libras e ser\u00e1 transmitido ao vivo, \u00e0s 18h, no canal do ACESSANDO LUC\u00cdLIA no Youtube: <a href=\"https:\/\/www.youtube.com\/@acessandolucilia5059\">https:\/\/www.youtube.com\/@acessandolucilia5059<\/a> e tamb\u00e9m na Web R\u00e1dio Censura Livre, no Youtube: (youtube.com\/c\/Censuralivre), no Facebook facebook.com\/webradiocensuralivre-e\/), no site (www.clwebradio.com) e no aplicativo: RadiosNet (http:\/\/l.radios.com.br\/r\/100204).<\/p>\n","protected":false},"excerpt":{"rendered":"<p>Epis\u00f3dio 20\/2024 11\/06 A Conven\u00e7\u00e3o da ONU, o Protocolo Facultativo e as emerg\u00eancias humanit\u00e1rias Embora o Brasil tenha uma das mais avan\u00e7adas legisla\u00e7\u00f5es do mundo para as pessoas com defici\u00eancia, colocar em pr\u00e1tica e garantir os direitos dessa popula\u00e7\u00e3o ainda \u00e9 um desafio. Ratificada com status de emenda constitucional no Brasil, a Conven\u00e7\u00e3o sobre os [&hellip;]<\/p>\n","protected":false},"author":1,"featured_media":33470,"comment_status":"open","ping_status":"open","sticky":false,"template":"","format":"standard","meta":{"site-container-style":"default","site-container-layout":"default","site-sidebar-layout":"default","disable-article-header":"default","disable-site-header":"default","disable-site-footer":"default","disable-content-area-spacing":"default","footnotes":""},"categories":[470],"tags":[393,482],"class_list":["post-33551","post","type-post","status-publish","format-standard","has-post-thumbnail","hentry","category-podcast","tag-convencao-sobre-os-direitos-da-pessoa-com-deficiencia","tag-mudancas-climaticas"],"yoast_head":"<!-- This site is optimized with the Yoast SEO plugin v27.5 - https:\/\/yoast.com\/product\/yoast-seo-wordpress\/ -->\n<title>A Conven\u00e7\u00e3o da ONU, o Protocolo Facultativo e as emerg\u00eancias humanit\u00e1rias -<\/title>\n<meta name=\"robots\" content=\"index, follow, max-snippet:-1, max-image-preview:large, max-video-preview:-1\" \/>\n<link rel=\"canonical\" href=\"https:\/\/inclusivenews.com.br\/?p=33551\" \/>\n<meta property=\"og:locale\" content=\"pt_PT\" \/>\n<meta property=\"og:type\" content=\"article\" \/>\n<meta property=\"og:title\" content=\"A Conven\u00e7\u00e3o da ONU, o Protocolo Facultativo e as emerg\u00eancias humanit\u00e1rias -\" \/>\n<meta property=\"og:description\" content=\"Epis\u00f3dio 20\/2024 11\/06 A Conven\u00e7\u00e3o da ONU, o Protocolo Facultativo e as emerg\u00eancias humanit\u00e1rias Embora o Brasil tenha uma das mais avan\u00e7adas legisla\u00e7\u00f5es do mundo para as pessoas com defici\u00eancia, colocar em pr\u00e1tica e garantir os direitos dessa popula\u00e7\u00e3o ainda \u00e9 um desafio. Ratificada com status de emenda constitucional no Brasil, a Conven\u00e7\u00e3o sobre os [&hellip;]\" \/>\n<meta property=\"og:url\" content=\"https:\/\/inclusivenews.com.br\/?p=33551\" \/>\n<meta property=\"article:publisher\" content=\"https:\/\/www.facebook.com\/agenciainclusive\/\" \/>\n<meta property=\"article:published_time\" content=\"2024-06-11T15:31:14+00:00\" \/>\n<meta property=\"og:image\" content=\"https:\/\/inclusivenews.com.br\/wp-content\/uploads\/2024\/06\/NOVO-LOGO-PODCAST-COM-LIBRAS.png\" \/>\n\t<meta property=\"og:image:width\" content=\"1280\" \/>\n\t<meta property=\"og:image:height\" content=\"720\" \/>\n\t<meta property=\"og:image:type\" content=\"image\/png\" \/>\n<meta name=\"author\" content=\"inclusivenews2024\" \/>\n<meta name=\"twitter:card\" content=\"summary_large_image\" \/>\n<meta name=\"twitter:label1\" content=\"Escrito por\" \/>\n\t<meta name=\"twitter:data1\" content=\"inclusivenews2024\" \/>\n\t<meta name=\"twitter:label2\" content=\"Tempo estimado de leitura\" \/>\n\t<meta name=\"twitter:data2\" content=\"3 minutos\" \/>\n<script type=\"application\/ld+json\" class=\"yoast-schema-graph\">{\"@context\":\"https:\\\/\\\/schema.org\",\"@graph\":[{\"@type\":\"Article\",\"@id\":\"https:\\\/\\\/inclusivenews.com.br\\\/?p=33551#article\",\"isPartOf\":{\"@id\":\"https:\\\/\\\/inclusivenews.com.br\\\/?p=33551\"},\"author\":{\"name\":\"inclusivenews2024\",\"@id\":\"https:\\\/\\\/inclusivenews.com.br\\\/#\\\/schema\\\/person\\\/ae4ec7087559b8692fb33b6fffd2273b\"},\"headline\":\"A Conven\u00e7\u00e3o da ONU, o Protocolo Facultativo e as emerg\u00eancias humanit\u00e1rias\",\"datePublished\":\"2024-06-11T15:31:14+00:00\",\"mainEntityOfPage\":{\"@id\":\"https:\\\/\\\/inclusivenews.com.br\\\/?p=33551\"},\"wordCount\":507,\"commentCount\":0,\"publisher\":{\"@id\":\"https:\\\/\\\/inclusivenews.com.br\\\/#organization\"},\"image\":{\"@id\":\"https:\\\/\\\/inclusivenews.com.br\\\/?p=33551#primaryimage\"},\"thumbnailUrl\":\"https:\\\/\\\/inclusivenews.com.br\\\/wp-content\\\/uploads\\\/2024\\\/06\\\/NOVO-LOGO-PODCAST-COM-LIBRAS.png\",\"keywords\":[\"Conven\u00e7\u00e3o sobre Os Direitos da Pessoa com Defici\u00eancia\",\"Mudan\u00e7as clim\u00e1ticas\"],\"articleSection\":[\"PODCAST\"],\"inLanguage\":\"pt-PT\",\"potentialAction\":[{\"@type\":\"CommentAction\",\"name\":\"Comment\",\"target\":[\"https:\\\/\\\/inclusivenews.com.br\\\/?p=33551#respond\"]}]},{\"@type\":\"WebPage\",\"@id\":\"https:\\\/\\\/inclusivenews.com.br\\\/?p=33551\",\"url\":\"https:\\\/\\\/inclusivenews.com.br\\\/?p=33551\",\"name\":\"A Conven\u00e7\u00e3o da ONU, o Protocolo Facultativo e as emerg\u00eancias humanit\u00e1rias -\",\"isPartOf\":{\"@id\":\"https:\\\/\\\/inclusivenews.com.br\\\/#website\"},\"primaryImageOfPage\":{\"@id\":\"https:\\\/\\\/inclusivenews.com.br\\\/?p=33551#primaryimage\"},\"image\":{\"@id\":\"https:\\\/\\\/inclusivenews.com.br\\\/?p=33551#primaryimage\"},\"thumbnailUrl\":\"https:\\\/\\\/inclusivenews.com.br\\\/wp-content\\\/uploads\\\/2024\\\/06\\\/NOVO-LOGO-PODCAST-COM-LIBRAS.png\",\"datePublished\":\"2024-06-11T15:31:14+00:00\",\"breadcrumb\":{\"@id\":\"https:\\\/\\\/inclusivenews.com.br\\\/?p=33551#breadcrumb\"},\"inLanguage\":\"pt-PT\",\"potentialAction\":[{\"@type\":\"ReadAction\",\"target\":[\"https:\\\/\\\/inclusivenews.com.br\\\/?p=33551\"]}]},{\"@type\":\"ImageObject\",\"inLanguage\":\"pt-PT\",\"@id\":\"https:\\\/\\\/inclusivenews.com.br\\\/?p=33551#primaryimage\",\"url\":\"https:\\\/\\\/inclusivenews.com.br\\\/wp-content\\\/uploads\\\/2024\\\/06\\\/NOVO-LOGO-PODCAST-COM-LIBRAS.png\",\"contentUrl\":\"https:\\\/\\\/inclusivenews.com.br\\\/wp-content\\\/uploads\\\/2024\\\/06\\\/NOVO-LOGO-PODCAST-COM-LIBRAS.png\",\"width\":1280,\"height\":720},{\"@type\":\"BreadcrumbList\",\"@id\":\"https:\\\/\\\/inclusivenews.com.br\\\/?p=33551#breadcrumb\",\"itemListElement\":[{\"@type\":\"ListItem\",\"position\":1,\"name\":\"In\u00edcio\",\"item\":\"https:\\\/\\\/inclusivenews.com.br\\\/\"},{\"@type\":\"ListItem\",\"position\":2,\"name\":\"A Conven\u00e7\u00e3o da ONU, o Protocolo Facultativo e as emerg\u00eancias humanit\u00e1rias\"}]},{\"@type\":\"WebSite\",\"@id\":\"https:\\\/\\\/inclusivenews.com.br\\\/#website\",\"url\":\"https:\\\/\\\/inclusivenews.com.br\\\/\",\"name\":\"Inclusive News\",\"description\":\"Inclusive News\",\"publisher\":{\"@id\":\"https:\\\/\\\/inclusivenews.com.br\\\/#organization\"},\"potentialAction\":[{\"@type\":\"SearchAction\",\"target\":{\"@type\":\"EntryPoint\",\"urlTemplate\":\"https:\\\/\\\/inclusivenews.com.br\\\/?s={search_term_string}\"},\"query-input\":{\"@type\":\"PropertyValueSpecification\",\"valueRequired\":true,\"valueName\":\"search_term_string\"}}],\"inLanguage\":\"pt-PT\"},{\"@type\":\"Organization\",\"@id\":\"https:\\\/\\\/inclusivenews.com.br\\\/#organization\",\"name\":\"Inclusive - inclus\u00e3o e cidadania\",\"url\":\"https:\\\/\\\/inclusivenews.com.br\\\/\",\"logo\":{\"@type\":\"ImageObject\",\"inLanguage\":\"pt-PT\",\"@id\":\"https:\\\/\\\/inclusivenews.com.br\\\/#\\\/schema\\\/logo\\\/image\\\/\",\"url\":\"https:\\\/\\\/inclusivenews.com.br\\\/wp-content\\\/uploads\\\/2024\\\/03\\\/@grandesite.png\",\"contentUrl\":\"https:\\\/\\\/inclusivenews.com.br\\\/wp-content\\\/uploads\\\/2024\\\/03\\\/@grandesite.png\",\"width\":1080,\"height\":1080,\"caption\":\"Inclusive - inclus\u00e3o e cidadania\"},\"image\":{\"@id\":\"https:\\\/\\\/inclusivenews.com.br\\\/#\\\/schema\\\/logo\\\/image\\\/\"},\"sameAs\":[\"https:\\\/\\\/www.facebook.com\\\/agenciainclusive\\\/\",\"https:\\\/\\\/www.instagram.com\\\/newsinclusive\\\/\"]},{\"@type\":\"Person\",\"@id\":\"https:\\\/\\\/inclusivenews.com.br\\\/#\\\/schema\\\/person\\\/ae4ec7087559b8692fb33b6fffd2273b\",\"name\":\"inclusivenews2024\",\"image\":{\"@type\":\"ImageObject\",\"inLanguage\":\"pt-PT\",\"@id\":\"https:\\\/\\\/secure.gravatar.com\\\/avatar\\\/c5a7ef84c66fa914f55bc4f7ce26cfa275a3b9a1c5568b907bd184fb4dde7b40?s=96&d=mm&r=g\",\"url\":\"https:\\\/\\\/secure.gravatar.com\\\/avatar\\\/c5a7ef84c66fa914f55bc4f7ce26cfa275a3b9a1c5568b907bd184fb4dde7b40?s=96&d=mm&r=g\",\"contentUrl\":\"https:\\\/\\\/secure.gravatar.com\\\/avatar\\\/c5a7ef84c66fa914f55bc4f7ce26cfa275a3b9a1c5568b907bd184fb4dde7b40?s=96&d=mm&r=g\",\"caption\":\"inclusivenews2024\"},\"sameAs\":[\"https:\\\/\\\/inclusivenews.com.br\"],\"url\":\"https:\\\/\\\/inclusivenews.com.br\\\/?author=1\"}]}<\/script>\n<!-- \/ Yoast SEO plugin. -->","yoast_head_json":{"title":"A Conven\u00e7\u00e3o da ONU, o Protocolo Facultativo e as emerg\u00eancias humanit\u00e1rias -","robots":{"index":"index","follow":"follow","max-snippet":"max-snippet:-1","max-image-preview":"max-image-preview:large","max-video-preview":"max-video-preview:-1"},"canonical":"https:\/\/inclusivenews.com.br\/?p=33551","og_locale":"pt_PT","og_type":"article","og_title":"A Conven\u00e7\u00e3o da ONU, o Protocolo Facultativo e as emerg\u00eancias humanit\u00e1rias -","og_description":"Epis\u00f3dio 20\/2024 11\/06 A Conven\u00e7\u00e3o da ONU, o Protocolo Facultativo e as emerg\u00eancias humanit\u00e1rias Embora o Brasil tenha uma das mais avan\u00e7adas legisla\u00e7\u00f5es do mundo para as pessoas com defici\u00eancia, colocar em pr\u00e1tica e garantir os direitos dessa popula\u00e7\u00e3o ainda \u00e9 um desafio. Ratificada com status de emenda constitucional no Brasil, a Conven\u00e7\u00e3o sobre os [&hellip;]","og_url":"https:\/\/inclusivenews.com.br\/?p=33551","article_publisher":"https:\/\/www.facebook.com\/agenciainclusive\/","article_published_time":"2024-06-11T15:31:14+00:00","og_image":[{"width":1280,"height":720,"url":"https:\/\/inclusivenews.com.br\/wp-content\/uploads\/2024\/06\/NOVO-LOGO-PODCAST-COM-LIBRAS.png","type":"image\/png"}],"author":"inclusivenews2024","twitter_card":"summary_large_image","twitter_misc":{"Escrito por":"inclusivenews2024","Tempo estimado de leitura":"3 minutos"},"schema":{"@context":"https:\/\/schema.org","@graph":[{"@type":"Article","@id":"https:\/\/inclusivenews.com.br\/?p=33551#article","isPartOf":{"@id":"https:\/\/inclusivenews.com.br\/?p=33551"},"author":{"name":"inclusivenews2024","@id":"https:\/\/inclusivenews.com.br\/#\/schema\/person\/ae4ec7087559b8692fb33b6fffd2273b"},"headline":"A Conven\u00e7\u00e3o da ONU, o Protocolo Facultativo e as emerg\u00eancias humanit\u00e1rias","datePublished":"2024-06-11T15:31:14+00:00","mainEntityOfPage":{"@id":"https:\/\/inclusivenews.com.br\/?p=33551"},"wordCount":507,"commentCount":0,"publisher":{"@id":"https:\/\/inclusivenews.com.br\/#organization"},"image":{"@id":"https:\/\/inclusivenews.com.br\/?p=33551#primaryimage"},"thumbnailUrl":"https:\/\/inclusivenews.com.br\/wp-content\/uploads\/2024\/06\/NOVO-LOGO-PODCAST-COM-LIBRAS.png","keywords":["Conven\u00e7\u00e3o sobre Os Direitos da Pessoa com Defici\u00eancia","Mudan\u00e7as clim\u00e1ticas"],"articleSection":["PODCAST"],"inLanguage":"pt-PT","potentialAction":[{"@type":"CommentAction","name":"Comment","target":["https:\/\/inclusivenews.com.br\/?p=33551#respond"]}]},{"@type":"WebPage","@id":"https:\/\/inclusivenews.com.br\/?p=33551","url":"https:\/\/inclusivenews.com.br\/?p=33551","name":"A Conven\u00e7\u00e3o da ONU, o Protocolo Facultativo e as emerg\u00eancias humanit\u00e1rias -","isPartOf":{"@id":"https:\/\/inclusivenews.com.br\/#website"},"primaryImageOfPage":{"@id":"https:\/\/inclusivenews.com.br\/?p=33551#primaryimage"},"image":{"@id":"https:\/\/inclusivenews.com.br\/?p=33551#primaryimage"},"thumbnailUrl":"https:\/\/inclusivenews.com.br\/wp-content\/uploads\/2024\/06\/NOVO-LOGO-PODCAST-COM-LIBRAS.png","datePublished":"2024-06-11T15:31:14+00:00","breadcrumb":{"@id":"https:\/\/inclusivenews.com.br\/?p=33551#breadcrumb"},"inLanguage":"pt-PT","potentialAction":[{"@type":"ReadAction","target":["https:\/\/inclusivenews.com.br\/?p=33551"]}]},{"@type":"ImageObject","inLanguage":"pt-PT","@id":"https:\/\/inclusivenews.com.br\/?p=33551#primaryimage","url":"https:\/\/inclusivenews.com.br\/wp-content\/uploads\/2024\/06\/NOVO-LOGO-PODCAST-COM-LIBRAS.png","contentUrl":"https:\/\/inclusivenews.com.br\/wp-content\/uploads\/2024\/06\/NOVO-LOGO-PODCAST-COM-LIBRAS.png","width":1280,"height":720},{"@type":"BreadcrumbList","@id":"https:\/\/inclusivenews.com.br\/?p=33551#breadcrumb","itemListElement":[{"@type":"ListItem","position":1,"name":"In\u00edcio","item":"https:\/\/inclusivenews.com.br\/"},{"@type":"ListItem","position":2,"name":"A Conven\u00e7\u00e3o da ONU, o Protocolo Facultativo e as emerg\u00eancias humanit\u00e1rias"}]},{"@type":"WebSite","@id":"https:\/\/inclusivenews.com.br\/#website","url":"https:\/\/inclusivenews.com.br\/","name":"Inclusive News","description":"Inclusive News","publisher":{"@id":"https:\/\/inclusivenews.com.br\/#organization"},"potentialAction":[{"@type":"SearchAction","target":{"@type":"EntryPoint","urlTemplate":"https:\/\/inclusivenews.com.br\/?s={search_term_string}"},"query-input":{"@type":"PropertyValueSpecification","valueRequired":true,"valueName":"search_term_string"}}],"inLanguage":"pt-PT"},{"@type":"Organization","@id":"https:\/\/inclusivenews.com.br\/#organization","name":"Inclusive - inclus\u00e3o e cidadania","url":"https:\/\/inclusivenews.com.br\/","logo":{"@type":"ImageObject","inLanguage":"pt-PT","@id":"https:\/\/inclusivenews.com.br\/#\/schema\/logo\/image\/","url":"https:\/\/inclusivenews.com.br\/wp-content\/uploads\/2024\/03\/@grandesite.png","contentUrl":"https:\/\/inclusivenews.com.br\/wp-content\/uploads\/2024\/03\/@grandesite.png","width":1080,"height":1080,"caption":"Inclusive - inclus\u00e3o e cidadania"},"image":{"@id":"https:\/\/inclusivenews.com.br\/#\/schema\/logo\/image\/"},"sameAs":["https:\/\/www.facebook.com\/agenciainclusive\/","https:\/\/www.instagram.com\/newsinclusive\/"]},{"@type":"Person","@id":"https:\/\/inclusivenews.com.br\/#\/schema\/person\/ae4ec7087559b8692fb33b6fffd2273b","name":"inclusivenews2024","image":{"@type":"ImageObject","inLanguage":"pt-PT","@id":"https:\/\/secure.gravatar.com\/avatar\/c5a7ef84c66fa914f55bc4f7ce26cfa275a3b9a1c5568b907bd184fb4dde7b40?s=96&d=mm&r=g","url":"https:\/\/secure.gravatar.com\/avatar\/c5a7ef84c66fa914f55bc4f7ce26cfa275a3b9a1c5568b907bd184fb4dde7b40?s=96&d=mm&r=g","contentUrl":"https:\/\/secure.gravatar.com\/avatar\/c5a7ef84c66fa914f55bc4f7ce26cfa275a3b9a1c5568b907bd184fb4dde7b40?s=96&d=mm&r=g","caption":"inclusivenews2024"},"sameAs":["https:\/\/inclusivenews.com.br"],"url":"https:\/\/inclusivenews.com.br\/?author=1"}]}},"_links":{"self":[{"href":"https:\/\/inclusivenews.com.br\/index.php?rest_route=\/wp\/v2\/posts\/33551","targetHints":{"allow":["GET"]}}],"collection":[{"href":"https:\/\/inclusivenews.com.br\/index.php?rest_route=\/wp\/v2\/posts"}],"about":[{"href":"https:\/\/inclusivenews.com.br\/index.php?rest_route=\/wp\/v2\/types\/post"}],"author":[{"embeddable":true,"href":"https:\/\/inclusivenews.com.br\/index.php?rest_route=\/wp\/v2\/users\/1"}],"replies":[{"embeddable":true,"href":"https:\/\/inclusivenews.com.br\/index.php?rest_route=%2Fwp%2Fv2%2Fcomments&post=33551"}],"version-history":[{"count":1,"href":"https:\/\/inclusivenews.com.br\/index.php?rest_route=\/wp\/v2\/posts\/33551\/revisions"}],"predecessor-version":[{"id":33552,"href":"https:\/\/inclusivenews.com.br\/index.php?rest_route=\/wp\/v2\/posts\/33551\/revisions\/33552"}],"wp:featuredmedia":[{"embeddable":true,"href":"https:\/\/inclusivenews.com.br\/index.php?rest_route=\/wp\/v2\/media\/33470"}],"wp:attachment":[{"href":"https:\/\/inclusivenews.com.br\/index.php?rest_route=%2Fwp%2Fv2%2Fmedia&parent=33551"}],"wp:term":[{"taxonomy":"category","embeddable":true,"href":"https:\/\/inclusivenews.com.br\/index.php?rest_route=%2Fwp%2Fv2%2Fcategories&post=33551"},{"taxonomy":"post_tag","embeddable":true,"href":"https:\/\/inclusivenews.com.br\/index.php?rest_route=%2Fwp%2Fv2%2Ftags&post=33551"}],"curies":[{"name":"wp","href":"https:\/\/api.w.org\/{rel}","templated":true}]}}