{"id":33555,"date":"2024-06-11T19:14:40","date_gmt":"2024-06-11T19:14:40","guid":{"rendered":"https:\/\/inclusivenews.com.br\/?p=33555"},"modified":"2024-06-11T19:15:56","modified_gmt":"2024-06-11T19:15:56","slug":"compartilhar-o-cuidado","status":"publish","type":"post","link":"https:\/\/inclusivenews.com.br\/?p=33555","title":{"rendered":"Compartilhar o cuidado"},"content":{"rendered":"\n<p>As enchentes tiraram pessoas da invisibilidade costumeira, revelando situa\u00e7\u00f5es e hist\u00f3rias que s\u00e3o ignoradas durante \u201ctempos normais\u201d<\/p>\n\n\n\n<figure class=\"wp-block-image is-resized\"><img loading=\"lazy\" decoding=\"async\" width=\"1000\" height=\"667\" src=\"https:\/\/inclusivenews.com.br\/wp-content\/uploads\/2024\/06\/AdobeStock-hUnTxBKr1w.jpg\" alt=\"A imagem mostra duas m\u00e3os abertas segurando recortes de papel em formato de figuras humanas. As figuras formam uma cadeia de pessoas de m\u00e3os dadas, incluindo uma pessoa em uma cadeira de rodas no centro. A cena simboliza inclus\u00e3o, apoio e uni\u00e3o. As figuras humanas s\u00e3o simples, estilizadas, e a composi\u00e7\u00e3o geral transmite uma mensagem de solidariedade e acolhimento para todas as pessoas.\" class=\"wp-image-33556\" style=\"width:494px\" srcset=\"https:\/\/inclusivenews.com.br\/wp-content\/uploads\/2024\/06\/AdobeStock-hUnTxBKr1w.jpg 1000w, https:\/\/inclusivenews.com.br\/wp-content\/uploads\/2024\/06\/AdobeStock-hUnTxBKr1w-300x200.jpg 300w, https:\/\/inclusivenews.com.br\/wp-content\/uploads\/2024\/06\/AdobeStock-hUnTxBKr1w-768x512.jpg 768w\" sizes=\"auto, (max-width: 1000px) 100vw, 1000px\" \/><\/figure>\n\n\n\n<p>Paternalidade Consciente, esse foi o tema de evento organizado pela Escola Superior da Advocacia-Geral da Uni\u00e3o na \u00faltima semana. Estive entre os palestrantes junto com outros colegas advogados p\u00fablicos federais, conversando sobre a paternidade consciente e o fortalecimento de v\u00ednculos emocionais.<\/p>\n\n\n\n<p>Estou acostumado a conversar sobre a \u201cpaternalidade at\u00edpica\u201d, ser pai de um autista em nossa sociedade. Ser autista ou pai\/m\u00e3e de autista \u00e9 cansativo demais, exige um esfor\u00e7o di\u00e1rio para realizar tarefas banais para as pessoas neurot\u00edpicas.<\/p>\n\n\n\n<p><br>Por\u00e9m, nesse per\u00edodo de enchentes, de cidades e casas destru\u00eddas, pessoas desabrigadas, a cat\u00e1strofe clim\u00e1tica foi tomando minha fala. Como disse a Luciane Slomka em um lindo texto aqui na SLER, \u201c\u00e9 preciso narrar\u201d. Na medida em que a como\u00e7\u00e3o passa, o choque vai se esvanecendo e vamos voltando a uma rotina, mesmo que imperfeita, precisamos falar e elaborar o que passamos e estamos passando.<\/p>\n\n\n\n<p>Assim como a \u00e1gua barrenta invadindo as casas do Humait\u00e1, os pensamentos sobre a calamidade que vivemos v\u00e3o ocupando meus pensamentos. Como falar de paternidade e maternidade ignorando o que vivemos nas \u00faltimas semanas? Eu n\u00e3o poderia falar do assunto e esquecer as conversas que tive nessas \u00faltimas semanas por desabrigados e profissionais e volunt\u00e1rios que compartilharam suas hist\u00f3rias comigo em abrigos, centros de distribui\u00e7\u00e3o de donativos e outros locais.<\/p>\n\n\n\n<p>Nos abrigos, conheci pais e m\u00e3es incr\u00edveis que dividiram responsabilidades e se multiplicaram em muitos para dar conta das necessidades de seu filhos e filhas. Pais que n\u00e3o deixaram de estar ao lado de seus filhos mesmo diante de crises que profissionais da sa\u00fade ou policiais n\u00e3o souberam como agir. Ou como o pai de duas crian\u00e7as autistas, que se definia como \u201csobrevivente do Dil\u00favio\u201d e que viu a comunidade se unir para salvar o c\u00e3o de apoio de seu filho. O pet foi resgatado da casa alagada mais de uma semana ap\u00f3s a fam\u00edlia ter sido resgatada em um barco. Crian\u00e7as, pais e cachorro passam bem, embora seja dif\u00edcil dar conta das perdas do passado e da incerteza sobre o futuro.<\/p>\n\n\n\n<p>Se existem pais que est\u00e3o nos abrigos junto com suas fam\u00edlias, isso n\u00e3o apaga o fato que a maternidade at\u00edpica \u00e9 caracterizada por um alto \u00edndice de abandono paterno. N\u00e3o estou falando de separa\u00e7\u00f5es ou div\u00f3rcios, mas de homens que abandonam mulher e filhos e, quando muito, pagam alguma pens\u00e3o. Abrigos para crian\u00e7as autistas e suas fam\u00edlias acolheram m\u00e3es que estavam vagando pelas ruas com os filhos no colo, sem saber para onde ir. N\u00e3o foi uma ou duas vezes que ouvi esses relatos.<\/p>\n\n\n\n<p>As enchentes tiram pessoas e situa\u00e7\u00f5es da invisibilidade costumeira. O interesse de governos e sociedade nas \u00e1reas atingidas pelos desastres clim\u00e1ticos revelam situa\u00e7\u00f5es e hist\u00f3rias que s\u00e3o ignoradas durante \u201ctempos normais\u201d. Muitas m\u00e3es de autistas tem seu dia a dia limitado \u00e0 casa ou a institui\u00e7\u00f5es de sa\u00fade. Seu surgimento nos abrigos e nos jornais trazem uma verdade inc\u00f4moda e que costuma ser ignorada.<\/p>\n\n\n\n<p>Para a maioria das pessoas, o ambiente de abrigo \u00e9 um ambiente in\u00f3spito, tudo \u00e9 provis\u00f3rio. Mesmo em bons abrigos, h\u00e1 pessoas e objetos amontoados. A privacidade \u00e9 um luxo distante. Ainda assim, conheci m\u00e3es que se sentiam melhores nesses espa\u00e7os que em suas casas. No abrigo, encontraram alimenta\u00e7\u00e3o e prote\u00e7\u00e3o contra a viol\u00eancia dom\u00e9stica. A desgra\u00e7a lhes permitiu fugir da mis\u00e9ria e opress\u00f5es di\u00e1rias. Ainda que muitas tenham encontrado a viol\u00eancia do desamparo e mesmo da expuls\u00e3o dos abrigos em que se encontravam dada a n\u00e3o aceita\u00e7\u00e3o das singularidades de seus filhos.<\/p>\n\n\n\n<p>Daquelas mulheres que n\u00e3o passaram pela experi\u00eancia do abandono, surgiram relatos, e n\u00e3o foram poucos, de m\u00e3es sobrecarregadas que passaram a ter que administrar a casa, a fam\u00edlia e as priva\u00e7\u00f5es decorrentes das inunda\u00e7\u00f5es sem contar com o apoio de seus maridos ou companheiros. As mesmas \u00e1guas que n\u00e3o impediam o cuidado das m\u00e3es eram tratadas como obst\u00e1culos intranspon\u00edveis pelos pais das crian\u00e7as.<\/p>\n\n\n\n<p>M\u00e3es cansadas e que, mesmo assim, conseguiram cuidar dos outros e tamb\u00e9m de sua fam\u00edlia, lamentando a aus\u00eancia dos pais de seus filhos e filhas e de seus companheiros. Simone de Beauvoir alertava que basta uma crise para que os direitos das mulheres sejam questionados. Isso n\u00e3o ocorre somente em crises de um pa\u00eds ou de uma sociedade. Havendo qualquer ruptura que abale nosso modo de vida, com a maior necessidade de cuidado, logo se retrocede ao modelo patriarcal em que o trabalho de cuidar \u00e9 destinado unicamente \u00e0 mulher.<\/p>\n\n\n\n<p>As trag\u00e9dias clim\u00e1ticas nos mostram que o trabalho do cuidado tem que ser compartilhado por todos, seja do setor p\u00fablico ou do privado, da sociedade civil mas, principalmente, independente do g\u00eanero do cuidador ou cuidadora, afinal, qualquer pessoa pode cuidar ou ser cuidada.<\/p>\n\n\n\n<p><\/p>\n\n\n\n<p>Texto de Marcos Weiss Bliacheris<\/p>\n\n\n\n<p><strong>Fonte:<\/strong> https:\/\/sler.com.br\/compartilhar-o-cuidado-abrigos\/<\/p>\n","protected":false},"excerpt":{"rendered":"<p>As enchentes tiraram pessoas da invisibilidade costumeira, revelando situa\u00e7\u00f5es e hist\u00f3rias que s\u00e3o ignoradas durante \u201ctempos normais\u201d Paternalidade Consciente, esse foi o tema de evento organizado pela Escola Superior da Advocacia-Geral da Uni\u00e3o na \u00faltima semana. Estive entre os palestrantes junto com outros colegas advogados p\u00fablicos federais, conversando sobre a paternidade consciente e o fortalecimento [&hellip;]<\/p>\n","protected":false},"author":1,"featured_media":33556,"comment_status":"open","ping_status":"open","sticky":false,"template":"","format":"standard","meta":{"site-container-style":"default","site-container-layout":"default","site-sidebar-layout":"default","disable-article-header":"default","disable-site-header":"default","disable-site-footer":"default","disable-content-area-spacing":"default","footnotes":""},"categories":[1,483],"tags":[],"class_list":["post-33555","post","type-post","status-publish","format-standard","has-post-thumbnail","hentry","category-blog","category-familia-atipica"],"yoast_head":"<!-- This site is optimized with the Yoast SEO plugin v27.4 - https:\/\/yoast.com\/product\/yoast-seo-wordpress\/ -->\n<title>Compartilhar o cuidado -<\/title>\n<meta name=\"robots\" content=\"index, follow, max-snippet:-1, max-image-preview:large, max-video-preview:-1\" \/>\n<link rel=\"canonical\" href=\"https:\/\/inclusivenews.com.br\/?p=33555\" \/>\n<meta property=\"og:locale\" content=\"pt_PT\" \/>\n<meta property=\"og:type\" content=\"article\" \/>\n<meta property=\"og:title\" content=\"Compartilhar o cuidado -\" \/>\n<meta property=\"og:description\" content=\"As enchentes tiraram pessoas da invisibilidade costumeira, revelando situa\u00e7\u00f5es e hist\u00f3rias que s\u00e3o ignoradas durante \u201ctempos normais\u201d Paternalidade Consciente, esse foi o tema de evento organizado pela Escola Superior da Advocacia-Geral da Uni\u00e3o na \u00faltima semana. Estive entre os palestrantes junto com outros colegas advogados p\u00fablicos federais, conversando sobre a paternidade consciente e o fortalecimento [&hellip;]\" \/>\n<meta property=\"og:url\" content=\"https:\/\/inclusivenews.com.br\/?p=33555\" \/>\n<meta property=\"article:publisher\" content=\"https:\/\/www.facebook.com\/agenciainclusive\/\" \/>\n<meta property=\"article:published_time\" content=\"2024-06-11T19:14:40+00:00\" \/>\n<meta property=\"article:modified_time\" content=\"2024-06-11T19:15:56+00:00\" \/>\n<meta property=\"og:image\" content=\"https:\/\/inclusivenews.com.br\/wp-content\/uploads\/2024\/06\/AdobeStock-hUnTxBKr1w.jpg\" \/>\n\t<meta property=\"og:image:width\" content=\"1000\" \/>\n\t<meta property=\"og:image:height\" content=\"667\" \/>\n\t<meta property=\"og:image:type\" content=\"image\/jpeg\" \/>\n<meta name=\"author\" content=\"inclusivenews2024\" \/>\n<meta name=\"twitter:card\" content=\"summary_large_image\" \/>\n<meta name=\"twitter:label1\" content=\"Escrito por\" \/>\n\t<meta name=\"twitter:data1\" content=\"inclusivenews2024\" \/>\n\t<meta name=\"twitter:label2\" content=\"Tempo estimado de leitura\" \/>\n\t<meta name=\"twitter:data2\" content=\"5 minutos\" \/>\n<script type=\"application\/ld+json\" class=\"yoast-schema-graph\">{\"@context\":\"https:\\\/\\\/schema.org\",\"@graph\":[{\"@type\":\"Article\",\"@id\":\"https:\\\/\\\/inclusivenews.com.br\\\/?p=33555#article\",\"isPartOf\":{\"@id\":\"https:\\\/\\\/inclusivenews.com.br\\\/?p=33555\"},\"author\":{\"name\":\"inclusivenews2024\",\"@id\":\"https:\\\/\\\/inclusivenews.com.br\\\/#\\\/schema\\\/person\\\/ae4ec7087559b8692fb33b6fffd2273b\"},\"headline\":\"Compartilhar o cuidado\",\"datePublished\":\"2024-06-11T19:14:40+00:00\",\"dateModified\":\"2024-06-11T19:15:56+00:00\",\"mainEntityOfPage\":{\"@id\":\"https:\\\/\\\/inclusivenews.com.br\\\/?p=33555\"},\"wordCount\":888,\"commentCount\":0,\"publisher\":{\"@id\":\"https:\\\/\\\/inclusivenews.com.br\\\/#organization\"},\"image\":{\"@id\":\"https:\\\/\\\/inclusivenews.com.br\\\/?p=33555#primaryimage\"},\"thumbnailUrl\":\"https:\\\/\\\/inclusivenews.com.br\\\/wp-content\\\/uploads\\\/2024\\\/06\\\/AdobeStock-hUnTxBKr1w.jpg\",\"articleSection\":[\"Blog\",\"Fam\u00edlia at\u00edpica\"],\"inLanguage\":\"pt-PT\",\"potentialAction\":[{\"@type\":\"CommentAction\",\"name\":\"Comment\",\"target\":[\"https:\\\/\\\/inclusivenews.com.br\\\/?p=33555#respond\"]}]},{\"@type\":\"WebPage\",\"@id\":\"https:\\\/\\\/inclusivenews.com.br\\\/?p=33555\",\"url\":\"https:\\\/\\\/inclusivenews.com.br\\\/?p=33555\",\"name\":\"Compartilhar o cuidado -\",\"isPartOf\":{\"@id\":\"https:\\\/\\\/inclusivenews.com.br\\\/#website\"},\"primaryImageOfPage\":{\"@id\":\"https:\\\/\\\/inclusivenews.com.br\\\/?p=33555#primaryimage\"},\"image\":{\"@id\":\"https:\\\/\\\/inclusivenews.com.br\\\/?p=33555#primaryimage\"},\"thumbnailUrl\":\"https:\\\/\\\/inclusivenews.com.br\\\/wp-content\\\/uploads\\\/2024\\\/06\\\/AdobeStock-hUnTxBKr1w.jpg\",\"datePublished\":\"2024-06-11T19:14:40+00:00\",\"dateModified\":\"2024-06-11T19:15:56+00:00\",\"breadcrumb\":{\"@id\":\"https:\\\/\\\/inclusivenews.com.br\\\/?p=33555#breadcrumb\"},\"inLanguage\":\"pt-PT\",\"potentialAction\":[{\"@type\":\"ReadAction\",\"target\":[\"https:\\\/\\\/inclusivenews.com.br\\\/?p=33555\"]}]},{\"@type\":\"ImageObject\",\"inLanguage\":\"pt-PT\",\"@id\":\"https:\\\/\\\/inclusivenews.com.br\\\/?p=33555#primaryimage\",\"url\":\"https:\\\/\\\/inclusivenews.com.br\\\/wp-content\\\/uploads\\\/2024\\\/06\\\/AdobeStock-hUnTxBKr1w.jpg\",\"contentUrl\":\"https:\\\/\\\/inclusivenews.com.br\\\/wp-content\\\/uploads\\\/2024\\\/06\\\/AdobeStock-hUnTxBKr1w.jpg\",\"width\":1000,\"height\":667,\"caption\":\"A imagem mostra duas m\u00e3os abertas segurando recortes de papel em formato de figuras humanas. As figuras formam uma cadeia de pessoas de m\u00e3os dadas, incluindo uma pessoa em uma cadeira de rodas no centro. A cena simboliza inclus\u00e3o, apoio e uni\u00e3o. As figuras humanas s\u00e3o simples, estilizadas, e a composi\u00e7\u00e3o geral transmite uma mensagem de solidariedade e acolhimento para todas as pessoas.\"},{\"@type\":\"BreadcrumbList\",\"@id\":\"https:\\\/\\\/inclusivenews.com.br\\\/?p=33555#breadcrumb\",\"itemListElement\":[{\"@type\":\"ListItem\",\"position\":1,\"name\":\"In\u00edcio\",\"item\":\"https:\\\/\\\/inclusivenews.com.br\\\/\"},{\"@type\":\"ListItem\",\"position\":2,\"name\":\"Compartilhar o cuidado\"}]},{\"@type\":\"WebSite\",\"@id\":\"https:\\\/\\\/inclusivenews.com.br\\\/#website\",\"url\":\"https:\\\/\\\/inclusivenews.com.br\\\/\",\"name\":\"Inclusive News\",\"description\":\"Inclusive News\",\"publisher\":{\"@id\":\"https:\\\/\\\/inclusivenews.com.br\\\/#organization\"},\"potentialAction\":[{\"@type\":\"SearchAction\",\"target\":{\"@type\":\"EntryPoint\",\"urlTemplate\":\"https:\\\/\\\/inclusivenews.com.br\\\/?s={search_term_string}\"},\"query-input\":{\"@type\":\"PropertyValueSpecification\",\"valueRequired\":true,\"valueName\":\"search_term_string\"}}],\"inLanguage\":\"pt-PT\"},{\"@type\":\"Organization\",\"@id\":\"https:\\\/\\\/inclusivenews.com.br\\\/#organization\",\"name\":\"Inclusive - inclus\u00e3o e cidadania\",\"url\":\"https:\\\/\\\/inclusivenews.com.br\\\/\",\"logo\":{\"@type\":\"ImageObject\",\"inLanguage\":\"pt-PT\",\"@id\":\"https:\\\/\\\/inclusivenews.com.br\\\/#\\\/schema\\\/logo\\\/image\\\/\",\"url\":\"https:\\\/\\\/inclusivenews.com.br\\\/wp-content\\\/uploads\\\/2024\\\/03\\\/@grandesite.png\",\"contentUrl\":\"https:\\\/\\\/inclusivenews.com.br\\\/wp-content\\\/uploads\\\/2024\\\/03\\\/@grandesite.png\",\"width\":1080,\"height\":1080,\"caption\":\"Inclusive - inclus\u00e3o e cidadania\"},\"image\":{\"@id\":\"https:\\\/\\\/inclusivenews.com.br\\\/#\\\/schema\\\/logo\\\/image\\\/\"},\"sameAs\":[\"https:\\\/\\\/www.facebook.com\\\/agenciainclusive\\\/\",\"https:\\\/\\\/www.instagram.com\\\/newsinclusive\\\/\"]},{\"@type\":\"Person\",\"@id\":\"https:\\\/\\\/inclusivenews.com.br\\\/#\\\/schema\\\/person\\\/ae4ec7087559b8692fb33b6fffd2273b\",\"name\":\"inclusivenews2024\",\"image\":{\"@type\":\"ImageObject\",\"inLanguage\":\"pt-PT\",\"@id\":\"https:\\\/\\\/secure.gravatar.com\\\/avatar\\\/c5a7ef84c66fa914f55bc4f7ce26cfa275a3b9a1c5568b907bd184fb4dde7b40?s=96&d=mm&r=g\",\"url\":\"https:\\\/\\\/secure.gravatar.com\\\/avatar\\\/c5a7ef84c66fa914f55bc4f7ce26cfa275a3b9a1c5568b907bd184fb4dde7b40?s=96&d=mm&r=g\",\"contentUrl\":\"https:\\\/\\\/secure.gravatar.com\\\/avatar\\\/c5a7ef84c66fa914f55bc4f7ce26cfa275a3b9a1c5568b907bd184fb4dde7b40?s=96&d=mm&r=g\",\"caption\":\"inclusivenews2024\"},\"sameAs\":[\"https:\\\/\\\/inclusivenews.com.br\"],\"url\":\"https:\\\/\\\/inclusivenews.com.br\\\/?author=1\"}]}<\/script>\n<!-- \/ Yoast SEO plugin. -->","yoast_head_json":{"title":"Compartilhar o cuidado -","robots":{"index":"index","follow":"follow","max-snippet":"max-snippet:-1","max-image-preview":"max-image-preview:large","max-video-preview":"max-video-preview:-1"},"canonical":"https:\/\/inclusivenews.com.br\/?p=33555","og_locale":"pt_PT","og_type":"article","og_title":"Compartilhar o cuidado -","og_description":"As enchentes tiraram pessoas da invisibilidade costumeira, revelando situa\u00e7\u00f5es e hist\u00f3rias que s\u00e3o ignoradas durante \u201ctempos normais\u201d Paternalidade Consciente, esse foi o tema de evento organizado pela Escola Superior da Advocacia-Geral da Uni\u00e3o na \u00faltima semana. Estive entre os palestrantes junto com outros colegas advogados p\u00fablicos federais, conversando sobre a paternidade consciente e o fortalecimento [&hellip;]","og_url":"https:\/\/inclusivenews.com.br\/?p=33555","article_publisher":"https:\/\/www.facebook.com\/agenciainclusive\/","article_published_time":"2024-06-11T19:14:40+00:00","article_modified_time":"2024-06-11T19:15:56+00:00","og_image":[{"width":1000,"height":667,"url":"https:\/\/inclusivenews.com.br\/wp-content\/uploads\/2024\/06\/AdobeStock-hUnTxBKr1w.jpg","type":"image\/jpeg"}],"author":"inclusivenews2024","twitter_card":"summary_large_image","twitter_misc":{"Escrito por":"inclusivenews2024","Tempo estimado de leitura":"5 minutos"},"schema":{"@context":"https:\/\/schema.org","@graph":[{"@type":"Article","@id":"https:\/\/inclusivenews.com.br\/?p=33555#article","isPartOf":{"@id":"https:\/\/inclusivenews.com.br\/?p=33555"},"author":{"name":"inclusivenews2024","@id":"https:\/\/inclusivenews.com.br\/#\/schema\/person\/ae4ec7087559b8692fb33b6fffd2273b"},"headline":"Compartilhar o cuidado","datePublished":"2024-06-11T19:14:40+00:00","dateModified":"2024-06-11T19:15:56+00:00","mainEntityOfPage":{"@id":"https:\/\/inclusivenews.com.br\/?p=33555"},"wordCount":888,"commentCount":0,"publisher":{"@id":"https:\/\/inclusivenews.com.br\/#organization"},"image":{"@id":"https:\/\/inclusivenews.com.br\/?p=33555#primaryimage"},"thumbnailUrl":"https:\/\/inclusivenews.com.br\/wp-content\/uploads\/2024\/06\/AdobeStock-hUnTxBKr1w.jpg","articleSection":["Blog","Fam\u00edlia at\u00edpica"],"inLanguage":"pt-PT","potentialAction":[{"@type":"CommentAction","name":"Comment","target":["https:\/\/inclusivenews.com.br\/?p=33555#respond"]}]},{"@type":"WebPage","@id":"https:\/\/inclusivenews.com.br\/?p=33555","url":"https:\/\/inclusivenews.com.br\/?p=33555","name":"Compartilhar o cuidado -","isPartOf":{"@id":"https:\/\/inclusivenews.com.br\/#website"},"primaryImageOfPage":{"@id":"https:\/\/inclusivenews.com.br\/?p=33555#primaryimage"},"image":{"@id":"https:\/\/inclusivenews.com.br\/?p=33555#primaryimage"},"thumbnailUrl":"https:\/\/inclusivenews.com.br\/wp-content\/uploads\/2024\/06\/AdobeStock-hUnTxBKr1w.jpg","datePublished":"2024-06-11T19:14:40+00:00","dateModified":"2024-06-11T19:15:56+00:00","breadcrumb":{"@id":"https:\/\/inclusivenews.com.br\/?p=33555#breadcrumb"},"inLanguage":"pt-PT","potentialAction":[{"@type":"ReadAction","target":["https:\/\/inclusivenews.com.br\/?p=33555"]}]},{"@type":"ImageObject","inLanguage":"pt-PT","@id":"https:\/\/inclusivenews.com.br\/?p=33555#primaryimage","url":"https:\/\/inclusivenews.com.br\/wp-content\/uploads\/2024\/06\/AdobeStock-hUnTxBKr1w.jpg","contentUrl":"https:\/\/inclusivenews.com.br\/wp-content\/uploads\/2024\/06\/AdobeStock-hUnTxBKr1w.jpg","width":1000,"height":667,"caption":"A imagem mostra duas m\u00e3os abertas segurando recortes de papel em formato de figuras humanas. As figuras formam uma cadeia de pessoas de m\u00e3os dadas, incluindo uma pessoa em uma cadeira de rodas no centro. A cena simboliza inclus\u00e3o, apoio e uni\u00e3o. As figuras humanas s\u00e3o simples, estilizadas, e a composi\u00e7\u00e3o geral transmite uma mensagem de solidariedade e acolhimento para todas as pessoas."},{"@type":"BreadcrumbList","@id":"https:\/\/inclusivenews.com.br\/?p=33555#breadcrumb","itemListElement":[{"@type":"ListItem","position":1,"name":"In\u00edcio","item":"https:\/\/inclusivenews.com.br\/"},{"@type":"ListItem","position":2,"name":"Compartilhar o cuidado"}]},{"@type":"WebSite","@id":"https:\/\/inclusivenews.com.br\/#website","url":"https:\/\/inclusivenews.com.br\/","name":"Inclusive News","description":"Inclusive News","publisher":{"@id":"https:\/\/inclusivenews.com.br\/#organization"},"potentialAction":[{"@type":"SearchAction","target":{"@type":"EntryPoint","urlTemplate":"https:\/\/inclusivenews.com.br\/?s={search_term_string}"},"query-input":{"@type":"PropertyValueSpecification","valueRequired":true,"valueName":"search_term_string"}}],"inLanguage":"pt-PT"},{"@type":"Organization","@id":"https:\/\/inclusivenews.com.br\/#organization","name":"Inclusive - inclus\u00e3o e cidadania","url":"https:\/\/inclusivenews.com.br\/","logo":{"@type":"ImageObject","inLanguage":"pt-PT","@id":"https:\/\/inclusivenews.com.br\/#\/schema\/logo\/image\/","url":"https:\/\/inclusivenews.com.br\/wp-content\/uploads\/2024\/03\/@grandesite.png","contentUrl":"https:\/\/inclusivenews.com.br\/wp-content\/uploads\/2024\/03\/@grandesite.png","width":1080,"height":1080,"caption":"Inclusive - inclus\u00e3o e cidadania"},"image":{"@id":"https:\/\/inclusivenews.com.br\/#\/schema\/logo\/image\/"},"sameAs":["https:\/\/www.facebook.com\/agenciainclusive\/","https:\/\/www.instagram.com\/newsinclusive\/"]},{"@type":"Person","@id":"https:\/\/inclusivenews.com.br\/#\/schema\/person\/ae4ec7087559b8692fb33b6fffd2273b","name":"inclusivenews2024","image":{"@type":"ImageObject","inLanguage":"pt-PT","@id":"https:\/\/secure.gravatar.com\/avatar\/c5a7ef84c66fa914f55bc4f7ce26cfa275a3b9a1c5568b907bd184fb4dde7b40?s=96&d=mm&r=g","url":"https:\/\/secure.gravatar.com\/avatar\/c5a7ef84c66fa914f55bc4f7ce26cfa275a3b9a1c5568b907bd184fb4dde7b40?s=96&d=mm&r=g","contentUrl":"https:\/\/secure.gravatar.com\/avatar\/c5a7ef84c66fa914f55bc4f7ce26cfa275a3b9a1c5568b907bd184fb4dde7b40?s=96&d=mm&r=g","caption":"inclusivenews2024"},"sameAs":["https:\/\/inclusivenews.com.br"],"url":"https:\/\/inclusivenews.com.br\/?author=1"}]}},"_links":{"self":[{"href":"https:\/\/inclusivenews.com.br\/index.php?rest_route=\/wp\/v2\/posts\/33555","targetHints":{"allow":["GET"]}}],"collection":[{"href":"https:\/\/inclusivenews.com.br\/index.php?rest_route=\/wp\/v2\/posts"}],"about":[{"href":"https:\/\/inclusivenews.com.br\/index.php?rest_route=\/wp\/v2\/types\/post"}],"author":[{"embeddable":true,"href":"https:\/\/inclusivenews.com.br\/index.php?rest_route=\/wp\/v2\/users\/1"}],"replies":[{"embeddable":true,"href":"https:\/\/inclusivenews.com.br\/index.php?rest_route=%2Fwp%2Fv2%2Fcomments&post=33555"}],"version-history":[{"count":1,"href":"https:\/\/inclusivenews.com.br\/index.php?rest_route=\/wp\/v2\/posts\/33555\/revisions"}],"predecessor-version":[{"id":33557,"href":"https:\/\/inclusivenews.com.br\/index.php?rest_route=\/wp\/v2\/posts\/33555\/revisions\/33557"}],"wp:featuredmedia":[{"embeddable":true,"href":"https:\/\/inclusivenews.com.br\/index.php?rest_route=\/wp\/v2\/media\/33556"}],"wp:attachment":[{"href":"https:\/\/inclusivenews.com.br\/index.php?rest_route=%2Fwp%2Fv2%2Fmedia&parent=33555"}],"wp:term":[{"taxonomy":"category","embeddable":true,"href":"https:\/\/inclusivenews.com.br\/index.php?rest_route=%2Fwp%2Fv2%2Fcategories&post=33555"},{"taxonomy":"post_tag","embeddable":true,"href":"https:\/\/inclusivenews.com.br\/index.php?rest_route=%2Fwp%2Fv2%2Ftags&post=33555"}],"curies":[{"name":"wp","href":"https:\/\/api.w.org\/{rel}","templated":true}]}}