{"id":33594,"date":"2024-06-17T16:36:38","date_gmt":"2024-06-17T16:36:38","guid":{"rendered":"https:\/\/inclusivenews.com.br\/?p=33594"},"modified":"2024-06-17T16:38:52","modified_gmt":"2024-06-17T16:38:52","slug":"o-movimento-da-autodefensoria-e-a-criacao-da-rede-nacional-contra-o-capacitismo-e-em-favor-da-educacao-inclusiva","status":"publish","type":"post","link":"https:\/\/inclusivenews.com.br\/?p=33594","title":{"rendered":"O Movimento da Autodefensoria e a Cria\u00e7\u00e3o da Rede Nacional Contra o Capacitismo e em Favor da Educa\u00e7\u00e3o Inclusiva"},"content":{"rendered":"\n<p>Epis\u00f3dio 21\/2024<br>18\/06<br>O Movimento da Autodefensoria e a Cria\u00e7\u00e3o da Rede Nacional Contra o Capacitismo e em Favor da Educa\u00e7\u00e3o Inclusiva<\/p>\n\n\n\n<p>A Rede Nacional de Autodefensoria contra o Capacitismo e em favor da Educa\u00e7\u00e3o Inclusiva criada recentemente pelo MEC \u00e9 o tema do Podcast Acessando Luc\u00edlia desta ter\u00e7a-feira, 18\/06. Composta por 80 autodefensores, com s\u00edndrome de Down, defici\u00eancia intelectual e autismo, das cinco regi\u00f5es do Pa\u00eds, a Rede \u00e9 resultado da mobiliza\u00e7\u00e3o de diversos movimentos sociais, em di\u00e1logo com o Minist\u00e9rio e tem como proposta promover e oportunizar o exerc\u00edcio da autonomia desses cidad\u00e3os na defesa e na garantia do direito \u00e0 educa\u00e7\u00e3o, conforme a Constitui\u00e7\u00e3o Federal (CF), a Conven\u00e7\u00e3o sobre os Direitos das Pessoas com Defici\u00eancia (CDPD) e a Lei Brasileira de Inclus\u00e3o (LBI).<\/p>\n\n\n\n<p>Em outras palavras, \u00e9 mais um importante passo para reconhecer o direito de todas as pessoas com defici\u00eancia \u00e0 aprendizagem em um sistema de ensino inclusivo em todos os n\u00edveis, dotado dos apoios e meios necess\u00e1rios para que o direito \u00e0 educa\u00e7\u00e3o se d\u00ea com base na igualdade de condi\u00e7\u00f5es.<\/p>\n\n\n\n<p>Para essa conversa vamos receber:<\/p>\n\n\n\n<p>Cl\u00e9o Bohn, presidente da Federa\u00e7\u00e3o Brasileira das Associa\u00e7\u00f5es de S\u00edndrome de Down, ex-conselheira distrital da pessoa com defici\u00eancia.<\/p>\n\n\n\n<p>Edna Maia, coordenadora da autodefensoria nacional da Federa\u00e7\u00e3o Brasileira das Associa\u00e7\u00f5es de S\u00edndrome de Down.<\/p>\n\n\n\n<p>Claudio Aleone Arruda, pessoa com S\u00edndrome de Down e autodefensor.<\/p>\n\n\n\n<p>O bate-papo, que \u00e9 uma parceria com a Inclusive News, conta com int\u00e9rprete de libras e ser\u00e1 transmitido ao vivo, \u00e0s 18h, no canal do ACESSANDO LUC\u00cdLIA no Youtube: https:\/\/www.youtube.com\/@acessandolucilia5059 e tamb\u00e9m na Web R\u00e1dio Censura Livre, no Youtube: (youtube.com\/c\/Censuralivre), no Facebook facebook.com\/webradiocensuralivre-e\/), no site (www.clwebradio.com) e no aplicativo: RadiosNet (http:\/\/l.radios.com.br\/r\/100204).<\/p>\n","protected":false},"excerpt":{"rendered":"<p>Epis\u00f3dio 21\/202418\/06O Movimento da Autodefensoria e a Cria\u00e7\u00e3o da Rede Nacional Contra o Capacitismo e em Favor da Educa\u00e7\u00e3o Inclusiva A Rede Nacional de Autodefensoria contra o Capacitismo e em favor da Educa\u00e7\u00e3o Inclusiva criada recentemente pelo MEC \u00e9 o tema do Podcast Acessando Luc\u00edlia desta ter\u00e7a-feira, 18\/06. Composta por 80 autodefensores, com s\u00edndrome de [&hellip;]<\/p>\n","protected":false},"author":1,"featured_media":33470,"comment_status":"open","ping_status":"open","sticky":false,"template":"","format":"standard","meta":{"site-container-style":"default","site-container-layout":"default","site-sidebar-layout":"default","disable-article-header":"default","disable-site-header":"default","disable-site-footer":"default","disable-content-area-spacing":"default","footnotes":""},"categories":[470],"tags":[],"class_list":["post-33594","post","type-post","status-publish","format-standard","has-post-thumbnail","hentry","category-podcast"],"yoast_head":"<!-- This site is optimized with the Yoast SEO plugin v27.5 - https:\/\/yoast.com\/product\/yoast-seo-wordpress\/ -->\n<title>O Movimento da Autodefensoria e a Cria\u00e7\u00e3o da Rede Nacional Contra o Capacitismo e em Favor da Educa\u00e7\u00e3o Inclusiva -<\/title>\n<meta name=\"robots\" content=\"index, follow, max-snippet:-1, max-image-preview:large, max-video-preview:-1\" \/>\n<link rel=\"canonical\" href=\"https:\/\/inclusivenews.com.br\/?p=33594\" \/>\n<meta property=\"og:locale\" content=\"pt_PT\" \/>\n<meta property=\"og:type\" content=\"article\" \/>\n<meta property=\"og:title\" content=\"O Movimento da Autodefensoria e a Cria\u00e7\u00e3o da Rede Nacional Contra o Capacitismo e em Favor da Educa\u00e7\u00e3o Inclusiva -\" \/>\n<meta property=\"og:description\" content=\"Epis\u00f3dio 21\/202418\/06O Movimento da Autodefensoria e a Cria\u00e7\u00e3o da Rede Nacional Contra o Capacitismo e em Favor da Educa\u00e7\u00e3o Inclusiva A Rede Nacional de Autodefensoria contra o Capacitismo e em favor da Educa\u00e7\u00e3o Inclusiva criada recentemente pelo MEC \u00e9 o tema do Podcast Acessando Luc\u00edlia desta ter\u00e7a-feira, 18\/06. Composta por 80 autodefensores, com s\u00edndrome de [&hellip;]\" \/>\n<meta property=\"og:url\" content=\"https:\/\/inclusivenews.com.br\/?p=33594\" \/>\n<meta property=\"article:publisher\" content=\"https:\/\/www.facebook.com\/agenciainclusive\/\" \/>\n<meta property=\"article:published_time\" content=\"2024-06-17T16:36:38+00:00\" \/>\n<meta property=\"article:modified_time\" content=\"2024-06-17T16:38:52+00:00\" \/>\n<meta property=\"og:image\" content=\"https:\/\/inclusivenews.com.br\/wp-content\/uploads\/2024\/06\/NOVO-LOGO-PODCAST-COM-LIBRAS.png\" \/>\n\t<meta property=\"og:image:width\" content=\"1280\" \/>\n\t<meta property=\"og:image:height\" content=\"720\" \/>\n\t<meta property=\"og:image:type\" content=\"image\/png\" \/>\n<meta name=\"author\" content=\"inclusivenews2024\" \/>\n<meta name=\"twitter:card\" content=\"summary_large_image\" \/>\n<meta name=\"twitter:label1\" content=\"Escrito por\" \/>\n\t<meta name=\"twitter:data1\" content=\"inclusivenews2024\" \/>\n\t<meta name=\"twitter:label2\" content=\"Tempo estimado de leitura\" \/>\n\t<meta name=\"twitter:data2\" content=\"2 minutos\" \/>\n<script type=\"application\/ld+json\" class=\"yoast-schema-graph\">{\"@context\":\"https:\\\/\\\/schema.org\",\"@graph\":[{\"@type\":\"Article\",\"@id\":\"https:\\\/\\\/inclusivenews.com.br\\\/?p=33594#article\",\"isPartOf\":{\"@id\":\"https:\\\/\\\/inclusivenews.com.br\\\/?p=33594\"},\"author\":{\"name\":\"inclusivenews2024\",\"@id\":\"https:\\\/\\\/inclusivenews.com.br\\\/#\\\/schema\\\/person\\\/ae4ec7087559b8692fb33b6fffd2273b\"},\"headline\":\"O Movimento da Autodefensoria e a Cria\u00e7\u00e3o da Rede Nacional Contra o Capacitismo e em Favor da Educa\u00e7\u00e3o Inclusiva\",\"datePublished\":\"2024-06-17T16:36:38+00:00\",\"dateModified\":\"2024-06-17T16:38:52+00:00\",\"mainEntityOfPage\":{\"@id\":\"https:\\\/\\\/inclusivenews.com.br\\\/?p=33594\"},\"wordCount\":339,\"commentCount\":0,\"publisher\":{\"@id\":\"https:\\\/\\\/inclusivenews.com.br\\\/#organization\"},\"image\":{\"@id\":\"https:\\\/\\\/inclusivenews.com.br\\\/?p=33594#primaryimage\"},\"thumbnailUrl\":\"https:\\\/\\\/inclusivenews.com.br\\\/wp-content\\\/uploads\\\/2024\\\/06\\\/NOVO-LOGO-PODCAST-COM-LIBRAS.png\",\"articleSection\":[\"PODCAST\"],\"inLanguage\":\"pt-PT\",\"potentialAction\":[{\"@type\":\"CommentAction\",\"name\":\"Comment\",\"target\":[\"https:\\\/\\\/inclusivenews.com.br\\\/?p=33594#respond\"]}]},{\"@type\":\"WebPage\",\"@id\":\"https:\\\/\\\/inclusivenews.com.br\\\/?p=33594\",\"url\":\"https:\\\/\\\/inclusivenews.com.br\\\/?p=33594\",\"name\":\"O Movimento da Autodefensoria e a Cria\u00e7\u00e3o da Rede Nacional Contra o Capacitismo e em Favor da Educa\u00e7\u00e3o Inclusiva -\",\"isPartOf\":{\"@id\":\"https:\\\/\\\/inclusivenews.com.br\\\/#website\"},\"primaryImageOfPage\":{\"@id\":\"https:\\\/\\\/inclusivenews.com.br\\\/?p=33594#primaryimage\"},\"image\":{\"@id\":\"https:\\\/\\\/inclusivenews.com.br\\\/?p=33594#primaryimage\"},\"thumbnailUrl\":\"https:\\\/\\\/inclusivenews.com.br\\\/wp-content\\\/uploads\\\/2024\\\/06\\\/NOVO-LOGO-PODCAST-COM-LIBRAS.png\",\"datePublished\":\"2024-06-17T16:36:38+00:00\",\"dateModified\":\"2024-06-17T16:38:52+00:00\",\"breadcrumb\":{\"@id\":\"https:\\\/\\\/inclusivenews.com.br\\\/?p=33594#breadcrumb\"},\"inLanguage\":\"pt-PT\",\"potentialAction\":[{\"@type\":\"ReadAction\",\"target\":[\"https:\\\/\\\/inclusivenews.com.br\\\/?p=33594\"]}]},{\"@type\":\"ImageObject\",\"inLanguage\":\"pt-PT\",\"@id\":\"https:\\\/\\\/inclusivenews.com.br\\\/?p=33594#primaryimage\",\"url\":\"https:\\\/\\\/inclusivenews.com.br\\\/wp-content\\\/uploads\\\/2024\\\/06\\\/NOVO-LOGO-PODCAST-COM-LIBRAS.png\",\"contentUrl\":\"https:\\\/\\\/inclusivenews.com.br\\\/wp-content\\\/uploads\\\/2024\\\/06\\\/NOVO-LOGO-PODCAST-COM-LIBRAS.png\",\"width\":1280,\"height\":720},{\"@type\":\"BreadcrumbList\",\"@id\":\"https:\\\/\\\/inclusivenews.com.br\\\/?p=33594#breadcrumb\",\"itemListElement\":[{\"@type\":\"ListItem\",\"position\":1,\"name\":\"In\u00edcio\",\"item\":\"https:\\\/\\\/inclusivenews.com.br\\\/\"},{\"@type\":\"ListItem\",\"position\":2,\"name\":\"O Movimento da Autodefensoria e a Cria\u00e7\u00e3o da Rede Nacional Contra o Capacitismo e em Favor da Educa\u00e7\u00e3o Inclusiva\"}]},{\"@type\":\"WebSite\",\"@id\":\"https:\\\/\\\/inclusivenews.com.br\\\/#website\",\"url\":\"https:\\\/\\\/inclusivenews.com.br\\\/\",\"name\":\"Inclusive News\",\"description\":\"Inclusive News\",\"publisher\":{\"@id\":\"https:\\\/\\\/inclusivenews.com.br\\\/#organization\"},\"potentialAction\":[{\"@type\":\"SearchAction\",\"target\":{\"@type\":\"EntryPoint\",\"urlTemplate\":\"https:\\\/\\\/inclusivenews.com.br\\\/?s={search_term_string}\"},\"query-input\":{\"@type\":\"PropertyValueSpecification\",\"valueRequired\":true,\"valueName\":\"search_term_string\"}}],\"inLanguage\":\"pt-PT\"},{\"@type\":\"Organization\",\"@id\":\"https:\\\/\\\/inclusivenews.com.br\\\/#organization\",\"name\":\"Inclusive - inclus\u00e3o e cidadania\",\"url\":\"https:\\\/\\\/inclusivenews.com.br\\\/\",\"logo\":{\"@type\":\"ImageObject\",\"inLanguage\":\"pt-PT\",\"@id\":\"https:\\\/\\\/inclusivenews.com.br\\\/#\\\/schema\\\/logo\\\/image\\\/\",\"url\":\"https:\\\/\\\/inclusivenews.com.br\\\/wp-content\\\/uploads\\\/2024\\\/03\\\/@grandesite.png\",\"contentUrl\":\"https:\\\/\\\/inclusivenews.com.br\\\/wp-content\\\/uploads\\\/2024\\\/03\\\/@grandesite.png\",\"width\":1080,\"height\":1080,\"caption\":\"Inclusive - inclus\u00e3o e cidadania\"},\"image\":{\"@id\":\"https:\\\/\\\/inclusivenews.com.br\\\/#\\\/schema\\\/logo\\\/image\\\/\"},\"sameAs\":[\"https:\\\/\\\/www.facebook.com\\\/agenciainclusive\\\/\",\"https:\\\/\\\/www.instagram.com\\\/newsinclusive\\\/\"]},{\"@type\":\"Person\",\"@id\":\"https:\\\/\\\/inclusivenews.com.br\\\/#\\\/schema\\\/person\\\/ae4ec7087559b8692fb33b6fffd2273b\",\"name\":\"inclusivenews2024\",\"image\":{\"@type\":\"ImageObject\",\"inLanguage\":\"pt-PT\",\"@id\":\"https:\\\/\\\/secure.gravatar.com\\\/avatar\\\/c5a7ef84c66fa914f55bc4f7ce26cfa275a3b9a1c5568b907bd184fb4dde7b40?s=96&d=mm&r=g\",\"url\":\"https:\\\/\\\/secure.gravatar.com\\\/avatar\\\/c5a7ef84c66fa914f55bc4f7ce26cfa275a3b9a1c5568b907bd184fb4dde7b40?s=96&d=mm&r=g\",\"contentUrl\":\"https:\\\/\\\/secure.gravatar.com\\\/avatar\\\/c5a7ef84c66fa914f55bc4f7ce26cfa275a3b9a1c5568b907bd184fb4dde7b40?s=96&d=mm&r=g\",\"caption\":\"inclusivenews2024\"},\"sameAs\":[\"https:\\\/\\\/inclusivenews.com.br\"],\"url\":\"https:\\\/\\\/inclusivenews.com.br\\\/?author=1\"}]}<\/script>\n<!-- \/ Yoast SEO plugin. -->","yoast_head_json":{"title":"O Movimento da Autodefensoria e a Cria\u00e7\u00e3o da Rede Nacional Contra o Capacitismo e em Favor da Educa\u00e7\u00e3o Inclusiva -","robots":{"index":"index","follow":"follow","max-snippet":"max-snippet:-1","max-image-preview":"max-image-preview:large","max-video-preview":"max-video-preview:-1"},"canonical":"https:\/\/inclusivenews.com.br\/?p=33594","og_locale":"pt_PT","og_type":"article","og_title":"O Movimento da Autodefensoria e a Cria\u00e7\u00e3o da Rede Nacional Contra o Capacitismo e em Favor da Educa\u00e7\u00e3o Inclusiva -","og_description":"Epis\u00f3dio 21\/202418\/06O Movimento da Autodefensoria e a Cria\u00e7\u00e3o da Rede Nacional Contra o Capacitismo e em Favor da Educa\u00e7\u00e3o Inclusiva A Rede Nacional de Autodefensoria contra o Capacitismo e em favor da Educa\u00e7\u00e3o Inclusiva criada recentemente pelo MEC \u00e9 o tema do Podcast Acessando Luc\u00edlia desta ter\u00e7a-feira, 18\/06. Composta por 80 autodefensores, com s\u00edndrome de [&hellip;]","og_url":"https:\/\/inclusivenews.com.br\/?p=33594","article_publisher":"https:\/\/www.facebook.com\/agenciainclusive\/","article_published_time":"2024-06-17T16:36:38+00:00","article_modified_time":"2024-06-17T16:38:52+00:00","og_image":[{"width":1280,"height":720,"url":"https:\/\/inclusivenews.com.br\/wp-content\/uploads\/2024\/06\/NOVO-LOGO-PODCAST-COM-LIBRAS.png","type":"image\/png"}],"author":"inclusivenews2024","twitter_card":"summary_large_image","twitter_misc":{"Escrito por":"inclusivenews2024","Tempo estimado de leitura":"2 minutos"},"schema":{"@context":"https:\/\/schema.org","@graph":[{"@type":"Article","@id":"https:\/\/inclusivenews.com.br\/?p=33594#article","isPartOf":{"@id":"https:\/\/inclusivenews.com.br\/?p=33594"},"author":{"name":"inclusivenews2024","@id":"https:\/\/inclusivenews.com.br\/#\/schema\/person\/ae4ec7087559b8692fb33b6fffd2273b"},"headline":"O Movimento da Autodefensoria e a Cria\u00e7\u00e3o da Rede Nacional Contra o Capacitismo e em Favor da Educa\u00e7\u00e3o Inclusiva","datePublished":"2024-06-17T16:36:38+00:00","dateModified":"2024-06-17T16:38:52+00:00","mainEntityOfPage":{"@id":"https:\/\/inclusivenews.com.br\/?p=33594"},"wordCount":339,"commentCount":0,"publisher":{"@id":"https:\/\/inclusivenews.com.br\/#organization"},"image":{"@id":"https:\/\/inclusivenews.com.br\/?p=33594#primaryimage"},"thumbnailUrl":"https:\/\/inclusivenews.com.br\/wp-content\/uploads\/2024\/06\/NOVO-LOGO-PODCAST-COM-LIBRAS.png","articleSection":["PODCAST"],"inLanguage":"pt-PT","potentialAction":[{"@type":"CommentAction","name":"Comment","target":["https:\/\/inclusivenews.com.br\/?p=33594#respond"]}]},{"@type":"WebPage","@id":"https:\/\/inclusivenews.com.br\/?p=33594","url":"https:\/\/inclusivenews.com.br\/?p=33594","name":"O Movimento da Autodefensoria e a Cria\u00e7\u00e3o da Rede Nacional Contra o Capacitismo e em Favor da Educa\u00e7\u00e3o Inclusiva -","isPartOf":{"@id":"https:\/\/inclusivenews.com.br\/#website"},"primaryImageOfPage":{"@id":"https:\/\/inclusivenews.com.br\/?p=33594#primaryimage"},"image":{"@id":"https:\/\/inclusivenews.com.br\/?p=33594#primaryimage"},"thumbnailUrl":"https:\/\/inclusivenews.com.br\/wp-content\/uploads\/2024\/06\/NOVO-LOGO-PODCAST-COM-LIBRAS.png","datePublished":"2024-06-17T16:36:38+00:00","dateModified":"2024-06-17T16:38:52+00:00","breadcrumb":{"@id":"https:\/\/inclusivenews.com.br\/?p=33594#breadcrumb"},"inLanguage":"pt-PT","potentialAction":[{"@type":"ReadAction","target":["https:\/\/inclusivenews.com.br\/?p=33594"]}]},{"@type":"ImageObject","inLanguage":"pt-PT","@id":"https:\/\/inclusivenews.com.br\/?p=33594#primaryimage","url":"https:\/\/inclusivenews.com.br\/wp-content\/uploads\/2024\/06\/NOVO-LOGO-PODCAST-COM-LIBRAS.png","contentUrl":"https:\/\/inclusivenews.com.br\/wp-content\/uploads\/2024\/06\/NOVO-LOGO-PODCAST-COM-LIBRAS.png","width":1280,"height":720},{"@type":"BreadcrumbList","@id":"https:\/\/inclusivenews.com.br\/?p=33594#breadcrumb","itemListElement":[{"@type":"ListItem","position":1,"name":"In\u00edcio","item":"https:\/\/inclusivenews.com.br\/"},{"@type":"ListItem","position":2,"name":"O Movimento da Autodefensoria e a Cria\u00e7\u00e3o da Rede Nacional Contra o Capacitismo e em Favor da Educa\u00e7\u00e3o Inclusiva"}]},{"@type":"WebSite","@id":"https:\/\/inclusivenews.com.br\/#website","url":"https:\/\/inclusivenews.com.br\/","name":"Inclusive News","description":"Inclusive News","publisher":{"@id":"https:\/\/inclusivenews.com.br\/#organization"},"potentialAction":[{"@type":"SearchAction","target":{"@type":"EntryPoint","urlTemplate":"https:\/\/inclusivenews.com.br\/?s={search_term_string}"},"query-input":{"@type":"PropertyValueSpecification","valueRequired":true,"valueName":"search_term_string"}}],"inLanguage":"pt-PT"},{"@type":"Organization","@id":"https:\/\/inclusivenews.com.br\/#organization","name":"Inclusive - inclus\u00e3o e cidadania","url":"https:\/\/inclusivenews.com.br\/","logo":{"@type":"ImageObject","inLanguage":"pt-PT","@id":"https:\/\/inclusivenews.com.br\/#\/schema\/logo\/image\/","url":"https:\/\/inclusivenews.com.br\/wp-content\/uploads\/2024\/03\/@grandesite.png","contentUrl":"https:\/\/inclusivenews.com.br\/wp-content\/uploads\/2024\/03\/@grandesite.png","width":1080,"height":1080,"caption":"Inclusive - inclus\u00e3o e cidadania"},"image":{"@id":"https:\/\/inclusivenews.com.br\/#\/schema\/logo\/image\/"},"sameAs":["https:\/\/www.facebook.com\/agenciainclusive\/","https:\/\/www.instagram.com\/newsinclusive\/"]},{"@type":"Person","@id":"https:\/\/inclusivenews.com.br\/#\/schema\/person\/ae4ec7087559b8692fb33b6fffd2273b","name":"inclusivenews2024","image":{"@type":"ImageObject","inLanguage":"pt-PT","@id":"https:\/\/secure.gravatar.com\/avatar\/c5a7ef84c66fa914f55bc4f7ce26cfa275a3b9a1c5568b907bd184fb4dde7b40?s=96&d=mm&r=g","url":"https:\/\/secure.gravatar.com\/avatar\/c5a7ef84c66fa914f55bc4f7ce26cfa275a3b9a1c5568b907bd184fb4dde7b40?s=96&d=mm&r=g","contentUrl":"https:\/\/secure.gravatar.com\/avatar\/c5a7ef84c66fa914f55bc4f7ce26cfa275a3b9a1c5568b907bd184fb4dde7b40?s=96&d=mm&r=g","caption":"inclusivenews2024"},"sameAs":["https:\/\/inclusivenews.com.br"],"url":"https:\/\/inclusivenews.com.br\/?author=1"}]}},"_links":{"self":[{"href":"https:\/\/inclusivenews.com.br\/index.php?rest_route=\/wp\/v2\/posts\/33594","targetHints":{"allow":["GET"]}}],"collection":[{"href":"https:\/\/inclusivenews.com.br\/index.php?rest_route=\/wp\/v2\/posts"}],"about":[{"href":"https:\/\/inclusivenews.com.br\/index.php?rest_route=\/wp\/v2\/types\/post"}],"author":[{"embeddable":true,"href":"https:\/\/inclusivenews.com.br\/index.php?rest_route=\/wp\/v2\/users\/1"}],"replies":[{"embeddable":true,"href":"https:\/\/inclusivenews.com.br\/index.php?rest_route=%2Fwp%2Fv2%2Fcomments&post=33594"}],"version-history":[{"count":2,"href":"https:\/\/inclusivenews.com.br\/index.php?rest_route=\/wp\/v2\/posts\/33594\/revisions"}],"predecessor-version":[{"id":33597,"href":"https:\/\/inclusivenews.com.br\/index.php?rest_route=\/wp\/v2\/posts\/33594\/revisions\/33597"}],"wp:featuredmedia":[{"embeddable":true,"href":"https:\/\/inclusivenews.com.br\/index.php?rest_route=\/wp\/v2\/media\/33470"}],"wp:attachment":[{"href":"https:\/\/inclusivenews.com.br\/index.php?rest_route=%2Fwp%2Fv2%2Fmedia&parent=33594"}],"wp:term":[{"taxonomy":"category","embeddable":true,"href":"https:\/\/inclusivenews.com.br\/index.php?rest_route=%2Fwp%2Fv2%2Fcategories&post=33594"},{"taxonomy":"post_tag","embeddable":true,"href":"https:\/\/inclusivenews.com.br\/index.php?rest_route=%2Fwp%2Fv2%2Ftags&post=33594"}],"curies":[{"name":"wp","href":"https:\/\/api.w.org\/{rel}","templated":true}]}}