{"id":33607,"date":"2024-06-21T02:03:21","date_gmt":"2024-06-21T02:03:21","guid":{"rendered":"https:\/\/inclusivenews.com.br\/?p=33607"},"modified":"2024-06-21T12:38:26","modified_gmt":"2024-06-21T12:38:26","slug":"e-o-leao-de-ouro-em-cannes-vai-para-campanha-do-dia-internacional-da-sindrome-de-down-assuma-que-eu-posso","status":"publish","type":"post","link":"https:\/\/inclusivenews.com.br\/?p=33607","title":{"rendered":"E o Le\u00e3o de Ouro em Cannes vai para&#8230; a campanha do Dia Internacional da S\u00edndrome de Down &#8220;Assuma que eu posso!&#8221;"},"content":{"rendered":"\n<figure class=\"wp-block-image size-large is-resized\"><img loading=\"lazy\" decoding=\"async\" width=\"1016\" height=\"1024\" src=\"https:\/\/inclusivenews.com.br\/wp-content\/uploads\/2024\/06\/gold-1016x1024.png\" alt=\"4 homens e 3 mulheres segurando a estatua de um le\u00e3o e sorrindo, comemorando.\" class=\"wp-image-33608\" style=\"width:544px;height:auto\" srcset=\"https:\/\/inclusivenews.com.br\/wp-content\/uploads\/2024\/06\/gold-1016x1024.png 1016w, https:\/\/inclusivenews.com.br\/wp-content\/uploads\/2024\/06\/gold-298x300.png 298w, https:\/\/inclusivenews.com.br\/wp-content\/uploads\/2024\/06\/gold-150x150.png 150w, https:\/\/inclusivenews.com.br\/wp-content\/uploads\/2024\/06\/gold-768x774.png 768w, https:\/\/inclusivenews.com.br\/wp-content\/uploads\/2024\/06\/gold.png 1202w\" sizes=\"auto, (max-width: 1016px) 100vw, 1016px\" \/><\/figure>\n\n\n\n<p>A atriz canadense Madison Tevlin era s\u00f3 felicidade quando subiu ao palco do Pal\u00e1cio dos Festivais em Cannes, na Fran\u00e7a, para receber o Le\u00e3o de Ouro pela campanha &#8220;Assuma que eu posso&#8221;, da Coordown, pelo dia Internacional da S\u00edndrome de Down 2024.<\/p>\n\n\n\n<p>O p\u00fablico aplaudiu a premia\u00e7\u00e3o de p\u00e9.<\/p>\n\n\n\n<p>Martina Fuga, da Coordown, e os criadores italianos Lucca Pannese e Lucca Lorenzini, da Small agency, de Nova York, tamb\u00e9m comemoraram o pr\u00eamio m\u00e1ximo do Festival de Publicidade de Cannes. <\/p>\n\n\n\n<p>O Festival postou no Linkedin: &#8220;A criatividade inspiradora tem o poder de quebrar estigmas e promover progresso real. A premia\u00e7\u00e3o &#8220;Assuma que eu posso&#8221;, da Small Agency Nova York para Coordown, levou o Le\u00e3o de Ouro Social &amp; Influencer&#8221;.<\/p>\n\n\n\n<p>Veja o v\u00eddeo da premia\u00e7\u00e3o no link:<\/p>\n\n\n\n<p><a href=\"https:\/\/www.linkedin.com\/posts\/cannes-lions-international-advertising-festival_canneslions2024-activity-7209573566441242624-lXbP\">https:\/\/www.linkedin.com\/posts\/cannes-lions-international-advertising-festival_canneslions2024-activity-7209573566441242624-lXbP<\/a><\/p>\n\n\n\n<figure class=\"wp-block-image size-large is-resized\"><img loading=\"lazy\" decoding=\"async\" width=\"1024\" height=\"576\" src=\"https:\/\/inclusivenews.com.br\/wp-content\/uploads\/2024\/06\/assume-1024x576.jpg\" alt=\"grupo de pessoas com sindrome de down - assume that i can so maybe i will - assume que eu posso e talvez eu possa.\" class=\"wp-image-33614\" style=\"width:537px;height:auto\" srcset=\"https:\/\/inclusivenews.com.br\/wp-content\/uploads\/2024\/06\/assume-1024x576.jpg 1024w, https:\/\/inclusivenews.com.br\/wp-content\/uploads\/2024\/06\/assume-300x169.jpg 300w, https:\/\/inclusivenews.com.br\/wp-content\/uploads\/2024\/06\/assume-768x432.jpg 768w, https:\/\/inclusivenews.com.br\/wp-content\/uploads\/2024\/06\/assume.jpg 1280w\" sizes=\"auto, (max-width: 1024px) 100vw, 1024px\" \/><\/figure>\n\n\n\n<p>Lan\u00e7ado pelo dia 21 de mar\u00e7o, em uma semana o v\u00eddeo teve mais de 150 milh\u00f5es de visualiza\u00e7\u00f5es. Pessoas com s\u00edndrome de Down entraram na campanha enviando v\u00eddeos sobre o mesmo tema. Saiba mais sobre o v\u00eddeo: <a href=\"http:\/\/www.movimentodown.org.br\/2024\/03\/assuma-que-eu-posso\/\">http:\/\/www.movimentodown.org.br\/2024\/03\/assuma-que-eu-posso\/<\/a><\/p>\n\n\n\n<p>Saiba mais sobre os 10 anos de hist\u00f3ria e premia\u00e7\u00f5es das campanhas da Coordaown pelo Dia Internacional da S\u00edndrome de Down: http:\/\/<a href=\"http:\/\/www.movimentodown.org.br\/2024\/03\/campanhas-do-dia-internacional-da-sindrome-de-down-da-coordown-mais-de-10-anos-de-historia-e-quase-100-premios\/\">www.movimentodown.org.br\/2024\/03\/campanhas-do-dia-internacional-da-sindrome-de-down-da-coordown-mais-de-10-anos-de-historia-e-quase-100-premios\/<\/a><\/p>\n\n\n\n<p>Saiba mais sobre os 10 anos de campanha pelo dia internacional da S\u00edndrome de Down da Coordown:<a href=\" http:\/\/www.movimentodown.org.br\/2024\/03\/campanhas-do-dia-internacional-da-sindrome-de-down-da-coordown-mais-de-10-anos-de-historia-e-quase-100-premios\/\"> http:\/\/www.movimentodown.org.br\/2024\/03\/campanhas-do-dia-internacional-da-sindrome-de-down-da-coordown-mais-de-10-anos-de-historia-e-quase-100-premios\/<\/a><\/p>\n\n\n\n<p><blockquote class=\"wp-embedded-content\" data-secret=\"npiNCqqV8N\"><a href=\"http:\/\/www.movimentodown.org.br\/2024\/03\/campanhas-do-dia-internacional-da-sindrome-de-down-da-coordown-mais-de-10-anos-de-historia-e-quase-100-premios\/\">Campanhas do Dia Internacional da S\u00edndrome de Down da Coordown \u2013 mais de 10 anos de hist\u00f3ria e quase 100 pr\u00eamios<\/a><\/blockquote><iframe loading=\"lazy\" class=\"wp-embedded-content\" sandbox=\"allow-scripts\" security=\"restricted\" style=\"position: absolute; clip: rect(1px, 1px, 1px, 1px);\" title=\"&#8220;Campanhas do Dia Internacional da S\u00edndrome de Down da Coordown \u2013 mais de 10 anos de hist\u00f3ria e quase 100 pr\u00eamios&#8221; &#8212; Movimento Down\" src=\"http:\/\/www.movimentodown.org.br\/2024\/03\/campanhas-do-dia-internacional-da-sindrome-de-down-da-coordown-mais-de-10-anos-de-historia-e-quase-100-premios\/embed\/#?secret=KhP9flOkmm#?secret=npiNCqqV8N\" data-secret=\"npiNCqqV8N\" width=\"500\" height=\"282\" frameborder=\"0\" marginwidth=\"0\" marginheight=\"0\" scrolling=\"no\"><\/iframe><\/p>\n\n\n\n<p><\/p>\n","protected":false},"excerpt":{"rendered":"<p>A atriz canadense Madison Tevlin era s\u00f3 felicidade quando subiu ao palco do Pal\u00e1cio dos Festivais em Cannes, na Fran\u00e7a, para receber o Le\u00e3o de Ouro pela campanha &#8220;Assuma que eu posso&#8221;, da Coordown, pelo dia Internacional da S\u00edndrome de Down 2024. O p\u00fablico aplaudiu a premia\u00e7\u00e3o de p\u00e9. Martina Fuga, da Coordown, e os [&hellip;]<\/p>\n","protected":false},"author":1,"featured_media":33608,"comment_status":"open","ping_status":"open","sticky":false,"template":"","format":"standard","meta":{"site-container-style":"default","site-container-layout":"default","site-sidebar-layout":"default","disable-article-header":"default","disable-site-header":"default","disable-site-footer":"default","disable-content-area-spacing":"default","footnotes":""},"categories":[460],"tags":[],"class_list":["post-33607","post","type-post","status-publish","format-standard","has-post-thumbnail","hentry","category-wdsd-2024"],"yoast_head":"<!-- This site is optimized with the Yoast SEO plugin v27.4 - https:\/\/yoast.com\/product\/yoast-seo-wordpress\/ -->\n<title>E o Le\u00e3o de Ouro em Cannes vai para... a campanha do Dia Internacional da S\u00edndrome de Down &quot;Assuma que eu posso!&quot; -<\/title>\n<meta name=\"robots\" content=\"index, follow, max-snippet:-1, max-image-preview:large, max-video-preview:-1\" \/>\n<link rel=\"canonical\" href=\"https:\/\/inclusivenews.com.br\/?p=33607\" \/>\n<meta property=\"og:locale\" content=\"pt_PT\" \/>\n<meta property=\"og:type\" content=\"article\" \/>\n<meta property=\"og:title\" content=\"E o Le\u00e3o de Ouro em Cannes vai para... a campanha do Dia Internacional da S\u00edndrome de Down &quot;Assuma que eu posso!&quot; -\" \/>\n<meta property=\"og:description\" content=\"A atriz canadense Madison Tevlin era s\u00f3 felicidade quando subiu ao palco do Pal\u00e1cio dos Festivais em Cannes, na Fran\u00e7a, para receber o Le\u00e3o de Ouro pela campanha &#8220;Assuma que eu posso&#8221;, da Coordown, pelo dia Internacional da S\u00edndrome de Down 2024. O p\u00fablico aplaudiu a premia\u00e7\u00e3o de p\u00e9. Martina Fuga, da Coordown, e os [&hellip;]\" \/>\n<meta property=\"og:url\" content=\"https:\/\/inclusivenews.com.br\/?p=33607\" \/>\n<meta property=\"article:publisher\" content=\"https:\/\/www.facebook.com\/agenciainclusive\/\" \/>\n<meta property=\"article:published_time\" content=\"2024-06-21T02:03:21+00:00\" \/>\n<meta property=\"article:modified_time\" content=\"2024-06-21T12:38:26+00:00\" \/>\n<meta property=\"og:image\" content=\"https:\/\/inclusivenews.com.br\/wp-content\/uploads\/2024\/06\/gold-1016x1024.png\" \/>\n\t<meta property=\"og:image:width\" content=\"1016\" \/>\n\t<meta property=\"og:image:height\" content=\"1024\" \/>\n\t<meta property=\"og:image:type\" content=\"image\/png\" \/>\n<meta name=\"author\" content=\"inclusivenews2024\" \/>\n<meta name=\"twitter:card\" content=\"summary_large_image\" \/>\n<meta name=\"twitter:label1\" content=\"Escrito por\" \/>\n\t<meta name=\"twitter:data1\" content=\"inclusivenews2024\" \/>\n\t<meta name=\"twitter:label2\" content=\"Tempo estimado de leitura\" \/>\n\t<meta name=\"twitter:data2\" content=\"2 minutos\" \/>\n<script type=\"application\/ld+json\" class=\"yoast-schema-graph\">{\"@context\":\"https:\\\/\\\/schema.org\",\"@graph\":[{\"@type\":\"Article\",\"@id\":\"https:\\\/\\\/inclusivenews.com.br\\\/?p=33607#article\",\"isPartOf\":{\"@id\":\"https:\\\/\\\/inclusivenews.com.br\\\/?p=33607\"},\"author\":{\"name\":\"inclusivenews2024\",\"@id\":\"https:\\\/\\\/inclusivenews.com.br\\\/#\\\/schema\\\/person\\\/ae4ec7087559b8692fb33b6fffd2273b\"},\"headline\":\"E o Le\u00e3o de Ouro em Cannes vai para&#8230; a campanha do Dia Internacional da S\u00edndrome de Down &#8220;Assuma que eu posso!&#8221;\",\"datePublished\":\"2024-06-21T02:03:21+00:00\",\"dateModified\":\"2024-06-21T12:38:26+00:00\",\"mainEntityOfPage\":{\"@id\":\"https:\\\/\\\/inclusivenews.com.br\\\/?p=33607\"},\"wordCount\":283,\"commentCount\":0,\"publisher\":{\"@id\":\"https:\\\/\\\/inclusivenews.com.br\\\/#organization\"},\"image\":{\"@id\":\"https:\\\/\\\/inclusivenews.com.br\\\/?p=33607#primaryimage\"},\"thumbnailUrl\":\"https:\\\/\\\/inclusivenews.com.br\\\/wp-content\\\/uploads\\\/2024\\\/06\\\/gold.png\",\"articleSection\":[\"WDSD 2024\"],\"inLanguage\":\"pt-PT\",\"potentialAction\":[{\"@type\":\"CommentAction\",\"name\":\"Comment\",\"target\":[\"https:\\\/\\\/inclusivenews.com.br\\\/?p=33607#respond\"]}]},{\"@type\":\"WebPage\",\"@id\":\"https:\\\/\\\/inclusivenews.com.br\\\/?p=33607\",\"url\":\"https:\\\/\\\/inclusivenews.com.br\\\/?p=33607\",\"name\":\"E o Le\u00e3o de Ouro em Cannes vai para... a campanha do Dia Internacional da S\u00edndrome de Down \\\"Assuma que eu posso!\\\" -\",\"isPartOf\":{\"@id\":\"https:\\\/\\\/inclusivenews.com.br\\\/#website\"},\"primaryImageOfPage\":{\"@id\":\"https:\\\/\\\/inclusivenews.com.br\\\/?p=33607#primaryimage\"},\"image\":{\"@id\":\"https:\\\/\\\/inclusivenews.com.br\\\/?p=33607#primaryimage\"},\"thumbnailUrl\":\"https:\\\/\\\/inclusivenews.com.br\\\/wp-content\\\/uploads\\\/2024\\\/06\\\/gold.png\",\"datePublished\":\"2024-06-21T02:03:21+00:00\",\"dateModified\":\"2024-06-21T12:38:26+00:00\",\"breadcrumb\":{\"@id\":\"https:\\\/\\\/inclusivenews.com.br\\\/?p=33607#breadcrumb\"},\"inLanguage\":\"pt-PT\",\"potentialAction\":[{\"@type\":\"ReadAction\",\"target\":[\"https:\\\/\\\/inclusivenews.com.br\\\/?p=33607\"]}]},{\"@type\":\"ImageObject\",\"inLanguage\":\"pt-PT\",\"@id\":\"https:\\\/\\\/inclusivenews.com.br\\\/?p=33607#primaryimage\",\"url\":\"https:\\\/\\\/inclusivenews.com.br\\\/wp-content\\\/uploads\\\/2024\\\/06\\\/gold.png\",\"contentUrl\":\"https:\\\/\\\/inclusivenews.com.br\\\/wp-content\\\/uploads\\\/2024\\\/06\\\/gold.png\",\"width\":1202,\"height\":1212,\"caption\":\"4 homens e 3 mulheres segurando a estatua de um le\u00e3o e sorrindo, comemorando.\"},{\"@type\":\"BreadcrumbList\",\"@id\":\"https:\\\/\\\/inclusivenews.com.br\\\/?p=33607#breadcrumb\",\"itemListElement\":[{\"@type\":\"ListItem\",\"position\":1,\"name\":\"In\u00edcio\",\"item\":\"https:\\\/\\\/inclusivenews.com.br\\\/\"},{\"@type\":\"ListItem\",\"position\":2,\"name\":\"E o Le\u00e3o de Ouro em Cannes vai para&#8230; a campanha do Dia Internacional da S\u00edndrome de Down &#8220;Assuma que eu posso!&#8221;\"}]},{\"@type\":\"WebSite\",\"@id\":\"https:\\\/\\\/inclusivenews.com.br\\\/#website\",\"url\":\"https:\\\/\\\/inclusivenews.com.br\\\/\",\"name\":\"Inclusive News\",\"description\":\"Inclusive News\",\"publisher\":{\"@id\":\"https:\\\/\\\/inclusivenews.com.br\\\/#organization\"},\"potentialAction\":[{\"@type\":\"SearchAction\",\"target\":{\"@type\":\"EntryPoint\",\"urlTemplate\":\"https:\\\/\\\/inclusivenews.com.br\\\/?s={search_term_string}\"},\"query-input\":{\"@type\":\"PropertyValueSpecification\",\"valueRequired\":true,\"valueName\":\"search_term_string\"}}],\"inLanguage\":\"pt-PT\"},{\"@type\":\"Organization\",\"@id\":\"https:\\\/\\\/inclusivenews.com.br\\\/#organization\",\"name\":\"Inclusive - inclus\u00e3o e cidadania\",\"url\":\"https:\\\/\\\/inclusivenews.com.br\\\/\",\"logo\":{\"@type\":\"ImageObject\",\"inLanguage\":\"pt-PT\",\"@id\":\"https:\\\/\\\/inclusivenews.com.br\\\/#\\\/schema\\\/logo\\\/image\\\/\",\"url\":\"https:\\\/\\\/inclusivenews.com.br\\\/wp-content\\\/uploads\\\/2024\\\/03\\\/@grandesite.png\",\"contentUrl\":\"https:\\\/\\\/inclusivenews.com.br\\\/wp-content\\\/uploads\\\/2024\\\/03\\\/@grandesite.png\",\"width\":1080,\"height\":1080,\"caption\":\"Inclusive - inclus\u00e3o e cidadania\"},\"image\":{\"@id\":\"https:\\\/\\\/inclusivenews.com.br\\\/#\\\/schema\\\/logo\\\/image\\\/\"},\"sameAs\":[\"https:\\\/\\\/www.facebook.com\\\/agenciainclusive\\\/\",\"https:\\\/\\\/www.instagram.com\\\/newsinclusive\\\/\"]},{\"@type\":\"Person\",\"@id\":\"https:\\\/\\\/inclusivenews.com.br\\\/#\\\/schema\\\/person\\\/ae4ec7087559b8692fb33b6fffd2273b\",\"name\":\"inclusivenews2024\",\"image\":{\"@type\":\"ImageObject\",\"inLanguage\":\"pt-PT\",\"@id\":\"https:\\\/\\\/secure.gravatar.com\\\/avatar\\\/c5a7ef84c66fa914f55bc4f7ce26cfa275a3b9a1c5568b907bd184fb4dde7b40?s=96&d=mm&r=g\",\"url\":\"https:\\\/\\\/secure.gravatar.com\\\/avatar\\\/c5a7ef84c66fa914f55bc4f7ce26cfa275a3b9a1c5568b907bd184fb4dde7b40?s=96&d=mm&r=g\",\"contentUrl\":\"https:\\\/\\\/secure.gravatar.com\\\/avatar\\\/c5a7ef84c66fa914f55bc4f7ce26cfa275a3b9a1c5568b907bd184fb4dde7b40?s=96&d=mm&r=g\",\"caption\":\"inclusivenews2024\"},\"sameAs\":[\"https:\\\/\\\/inclusivenews.com.br\"],\"url\":\"https:\\\/\\\/inclusivenews.com.br\\\/?author=1\"}]}<\/script>\n<!-- \/ Yoast SEO plugin. -->","yoast_head_json":{"title":"E o Le\u00e3o de Ouro em Cannes vai para... a campanha do Dia Internacional da S\u00edndrome de Down \"Assuma que eu posso!\" -","robots":{"index":"index","follow":"follow","max-snippet":"max-snippet:-1","max-image-preview":"max-image-preview:large","max-video-preview":"max-video-preview:-1"},"canonical":"https:\/\/inclusivenews.com.br\/?p=33607","og_locale":"pt_PT","og_type":"article","og_title":"E o Le\u00e3o de Ouro em Cannes vai para... a campanha do Dia Internacional da S\u00edndrome de Down \"Assuma que eu posso!\" -","og_description":"A atriz canadense Madison Tevlin era s\u00f3 felicidade quando subiu ao palco do Pal\u00e1cio dos Festivais em Cannes, na Fran\u00e7a, para receber o Le\u00e3o de Ouro pela campanha &#8220;Assuma que eu posso&#8221;, da Coordown, pelo dia Internacional da S\u00edndrome de Down 2024. O p\u00fablico aplaudiu a premia\u00e7\u00e3o de p\u00e9. Martina Fuga, da Coordown, e os [&hellip;]","og_url":"https:\/\/inclusivenews.com.br\/?p=33607","article_publisher":"https:\/\/www.facebook.com\/agenciainclusive\/","article_published_time":"2024-06-21T02:03:21+00:00","article_modified_time":"2024-06-21T12:38:26+00:00","og_image":[{"width":1016,"height":1024,"url":"https:\/\/inclusivenews.com.br\/wp-content\/uploads\/2024\/06\/gold-1016x1024.png","type":"image\/png"}],"author":"inclusivenews2024","twitter_card":"summary_large_image","twitter_misc":{"Escrito por":"inclusivenews2024","Tempo estimado de leitura":"2 minutos"},"schema":{"@context":"https:\/\/schema.org","@graph":[{"@type":"Article","@id":"https:\/\/inclusivenews.com.br\/?p=33607#article","isPartOf":{"@id":"https:\/\/inclusivenews.com.br\/?p=33607"},"author":{"name":"inclusivenews2024","@id":"https:\/\/inclusivenews.com.br\/#\/schema\/person\/ae4ec7087559b8692fb33b6fffd2273b"},"headline":"E o Le\u00e3o de Ouro em Cannes vai para&#8230; a campanha do Dia Internacional da S\u00edndrome de Down &#8220;Assuma que eu posso!&#8221;","datePublished":"2024-06-21T02:03:21+00:00","dateModified":"2024-06-21T12:38:26+00:00","mainEntityOfPage":{"@id":"https:\/\/inclusivenews.com.br\/?p=33607"},"wordCount":283,"commentCount":0,"publisher":{"@id":"https:\/\/inclusivenews.com.br\/#organization"},"image":{"@id":"https:\/\/inclusivenews.com.br\/?p=33607#primaryimage"},"thumbnailUrl":"https:\/\/inclusivenews.com.br\/wp-content\/uploads\/2024\/06\/gold.png","articleSection":["WDSD 2024"],"inLanguage":"pt-PT","potentialAction":[{"@type":"CommentAction","name":"Comment","target":["https:\/\/inclusivenews.com.br\/?p=33607#respond"]}]},{"@type":"WebPage","@id":"https:\/\/inclusivenews.com.br\/?p=33607","url":"https:\/\/inclusivenews.com.br\/?p=33607","name":"E o Le\u00e3o de Ouro em Cannes vai para... a campanha do Dia Internacional da S\u00edndrome de Down \"Assuma que eu posso!\" -","isPartOf":{"@id":"https:\/\/inclusivenews.com.br\/#website"},"primaryImageOfPage":{"@id":"https:\/\/inclusivenews.com.br\/?p=33607#primaryimage"},"image":{"@id":"https:\/\/inclusivenews.com.br\/?p=33607#primaryimage"},"thumbnailUrl":"https:\/\/inclusivenews.com.br\/wp-content\/uploads\/2024\/06\/gold.png","datePublished":"2024-06-21T02:03:21+00:00","dateModified":"2024-06-21T12:38:26+00:00","breadcrumb":{"@id":"https:\/\/inclusivenews.com.br\/?p=33607#breadcrumb"},"inLanguage":"pt-PT","potentialAction":[{"@type":"ReadAction","target":["https:\/\/inclusivenews.com.br\/?p=33607"]}]},{"@type":"ImageObject","inLanguage":"pt-PT","@id":"https:\/\/inclusivenews.com.br\/?p=33607#primaryimage","url":"https:\/\/inclusivenews.com.br\/wp-content\/uploads\/2024\/06\/gold.png","contentUrl":"https:\/\/inclusivenews.com.br\/wp-content\/uploads\/2024\/06\/gold.png","width":1202,"height":1212,"caption":"4 homens e 3 mulheres segurando a estatua de um le\u00e3o e sorrindo, comemorando."},{"@type":"BreadcrumbList","@id":"https:\/\/inclusivenews.com.br\/?p=33607#breadcrumb","itemListElement":[{"@type":"ListItem","position":1,"name":"In\u00edcio","item":"https:\/\/inclusivenews.com.br\/"},{"@type":"ListItem","position":2,"name":"E o Le\u00e3o de Ouro em Cannes vai para&#8230; a campanha do Dia Internacional da S\u00edndrome de Down &#8220;Assuma que eu posso!&#8221;"}]},{"@type":"WebSite","@id":"https:\/\/inclusivenews.com.br\/#website","url":"https:\/\/inclusivenews.com.br\/","name":"Inclusive News","description":"Inclusive News","publisher":{"@id":"https:\/\/inclusivenews.com.br\/#organization"},"potentialAction":[{"@type":"SearchAction","target":{"@type":"EntryPoint","urlTemplate":"https:\/\/inclusivenews.com.br\/?s={search_term_string}"},"query-input":{"@type":"PropertyValueSpecification","valueRequired":true,"valueName":"search_term_string"}}],"inLanguage":"pt-PT"},{"@type":"Organization","@id":"https:\/\/inclusivenews.com.br\/#organization","name":"Inclusive - inclus\u00e3o e cidadania","url":"https:\/\/inclusivenews.com.br\/","logo":{"@type":"ImageObject","inLanguage":"pt-PT","@id":"https:\/\/inclusivenews.com.br\/#\/schema\/logo\/image\/","url":"https:\/\/inclusivenews.com.br\/wp-content\/uploads\/2024\/03\/@grandesite.png","contentUrl":"https:\/\/inclusivenews.com.br\/wp-content\/uploads\/2024\/03\/@grandesite.png","width":1080,"height":1080,"caption":"Inclusive - inclus\u00e3o e cidadania"},"image":{"@id":"https:\/\/inclusivenews.com.br\/#\/schema\/logo\/image\/"},"sameAs":["https:\/\/www.facebook.com\/agenciainclusive\/","https:\/\/www.instagram.com\/newsinclusive\/"]},{"@type":"Person","@id":"https:\/\/inclusivenews.com.br\/#\/schema\/person\/ae4ec7087559b8692fb33b6fffd2273b","name":"inclusivenews2024","image":{"@type":"ImageObject","inLanguage":"pt-PT","@id":"https:\/\/secure.gravatar.com\/avatar\/c5a7ef84c66fa914f55bc4f7ce26cfa275a3b9a1c5568b907bd184fb4dde7b40?s=96&d=mm&r=g","url":"https:\/\/secure.gravatar.com\/avatar\/c5a7ef84c66fa914f55bc4f7ce26cfa275a3b9a1c5568b907bd184fb4dde7b40?s=96&d=mm&r=g","contentUrl":"https:\/\/secure.gravatar.com\/avatar\/c5a7ef84c66fa914f55bc4f7ce26cfa275a3b9a1c5568b907bd184fb4dde7b40?s=96&d=mm&r=g","caption":"inclusivenews2024"},"sameAs":["https:\/\/inclusivenews.com.br"],"url":"https:\/\/inclusivenews.com.br\/?author=1"}]}},"_links":{"self":[{"href":"https:\/\/inclusivenews.com.br\/index.php?rest_route=\/wp\/v2\/posts\/33607","targetHints":{"allow":["GET"]}}],"collection":[{"href":"https:\/\/inclusivenews.com.br\/index.php?rest_route=\/wp\/v2\/posts"}],"about":[{"href":"https:\/\/inclusivenews.com.br\/index.php?rest_route=\/wp\/v2\/types\/post"}],"author":[{"embeddable":true,"href":"https:\/\/inclusivenews.com.br\/index.php?rest_route=\/wp\/v2\/users\/1"}],"replies":[{"embeddable":true,"href":"https:\/\/inclusivenews.com.br\/index.php?rest_route=%2Fwp%2Fv2%2Fcomments&post=33607"}],"version-history":[{"count":2,"href":"https:\/\/inclusivenews.com.br\/index.php?rest_route=\/wp\/v2\/posts\/33607\/revisions"}],"predecessor-version":[{"id":33615,"href":"https:\/\/inclusivenews.com.br\/index.php?rest_route=\/wp\/v2\/posts\/33607\/revisions\/33615"}],"wp:featuredmedia":[{"embeddable":true,"href":"https:\/\/inclusivenews.com.br\/index.php?rest_route=\/wp\/v2\/media\/33608"}],"wp:attachment":[{"href":"https:\/\/inclusivenews.com.br\/index.php?rest_route=%2Fwp%2Fv2%2Fmedia&parent=33607"}],"wp:term":[{"taxonomy":"category","embeddable":true,"href":"https:\/\/inclusivenews.com.br\/index.php?rest_route=%2Fwp%2Fv2%2Fcategories&post=33607"},{"taxonomy":"post_tag","embeddable":true,"href":"https:\/\/inclusivenews.com.br\/index.php?rest_route=%2Fwp%2Fv2%2Ftags&post=33607"}],"curies":[{"name":"wp","href":"https:\/\/api.w.org\/{rel}","templated":true}]}}