{"id":33622,"date":"2024-06-23T13:22:04","date_gmt":"2024-06-23T13:22:04","guid":{"rendered":"https:\/\/inclusivenews.com.br\/?p=33622"},"modified":"2024-06-24T02:24:04","modified_gmt":"2024-06-24T02:24:04","slug":"cade-a-educacao-para-prevenir-a-violencia","status":"publish","type":"post","link":"https:\/\/inclusivenews.com.br\/?p=33622","title":{"rendered":"Cad\u00ea a educa\u00e7\u00e3o para prevenir o abuso?"},"content":{"rendered":"\n<figure class=\"wp-block-image size-full is-resized\"><img loading=\"lazy\" decoding=\"async\" width=\"980\" height=\"958\" src=\"https:\/\/inclusivenews.com.br\/wp-content\/uploads\/2024\/06\/tocar-partes.png\" alt=\"menino e menina com a cara enfezada, vestidos, cobrindo as partes \u00edntimas. texto: n\u00e3o podem tocar nas minhas partes \u00edntimas.\" class=\"wp-image-33623\" style=\"width:525px;height:auto\" srcset=\"https:\/\/inclusivenews.com.br\/wp-content\/uploads\/2024\/06\/tocar-partes.png 980w, https:\/\/inclusivenews.com.br\/wp-content\/uploads\/2024\/06\/tocar-partes-300x293.png 300w, https:\/\/inclusivenews.com.br\/wp-content\/uploads\/2024\/06\/tocar-partes-768x751.png 768w\" sizes=\"auto, (max-width: 980px) 100vw, 980px\" \/><\/figure>\n\n\n\n<p>Os dados do Atlas da Viol\u00eancia 2024 mais uma vez confirmam o que estamos cansados de saber. A viol\u00eancia sexual \u00e9 maior entre as crian\u00e7as at\u00e9 14 anos e ocorre dentro de casa.<\/p>\n\n\n\n<p>Com rela\u00e7\u00e3o \u00e0s pessoas com defici\u00eancia, os maiores \u00edndices de notifica\u00e7\u00e3o s\u00e3o contra pessoas com defici\u00eancia intelectual, sendo que uma em cada tr\u00eas pessoas com esse tipo de defici\u00eancia sofre abuso sexual na idade adulta.<\/p>\n\n\n\n<p>Mas parece que continuamos sem querer enxergar esta realidade. Sen\u00e3o, estar\u00edamos gritando para que a educa\u00e7\u00e3o inclusiva para preven\u00e7\u00e3o contra a viol\u00eancia fizesse parte do curr\u00edculo desde a creche. Sim, desde a creche. 10% das v\u00edtimas de estupro s\u00e3o crian\u00e7as de 0 a 4 anos. Duro ler as estat\u00edsticas, n\u00e3o \u00e9?<\/p>\n\n\n\n<p>E o que estamos fazendo sobre isso?<\/p>\n\n\n\n<p>Al\u00e9m de garantir que meninas que engravidam por estupro n\u00e3o sejam ainda mais martirizadas do que j\u00e1 s\u00e3o para ter acesso ao aborto legal, conforme a legisla\u00e7\u00e3o, precisamos parar de correr atr\u00e1s de tanto preju\u00edzo e investir em preven\u00e7\u00e3o.<\/p>\n\n\n\n<p>Meninas e meninos est\u00e3o sendo abusados sem saber que isso \u00e9 errado.<\/p>\n\n\n\n<p>Precisamos ensinar \u00e0s crian\u00e7as quais s\u00e3o as partes \u00edntimas desde cedo, de maneira natural, assim como aprendem a nomear cabe\u00e7a, ombro, joelho e p\u00e9. Devemos alertar que as partes \u00edntimas ficam cobertas, que ningu\u00e9m deve tocar nelas e que n\u00e3o devem guardar segredo.<\/p>\n\n\n\n<p>Os adultos tamb\u00e9m precisam ser educados. Devem ser pessoas de confian\u00e7a, que sabem conversar, observar sinais, estar abertos e dispon\u00edveis para o di\u00e1logo, acreditar na palavra da crian\u00e7a, acolh\u00ea-la e proteg\u00ea-la.<\/p>\n\n\n\n<p>Ao encontrar uma crian\u00e7a fortalecida por informa\u00e7\u00e3o e uma fam\u00edlia atenta \u00e0 sua seguran\u00e7a, agressores v\u00e3o pensar duas vezes antes de se aproximar.<\/p>\n\n\n\n<p>\u00c9 claro que n\u00e3o se espera que uma crian\u00e7a pequena e indefesa se proteja sozinha. Mas imagine quantas se salvariam sabendo reconhecer situa\u00e7\u00f5es de perigo e o que fazer, caso elas aconte\u00e7am.<\/p>\n\n\n\n<p>Patricia Almeida \u00e9 coautora do <a href=\"http:\/\/www.eumeprotejo.com\">Eu Me Protejo \u2013 educa\u00e7\u00e3o inclusiva para preven\u00e7\u00e3o contra a viol\u00eancia na inf\u00e2ncia<\/a><\/p>\n\n\n\n<p>Atlas da Viol\u00eancia 2024 organizado pelo IPEA &#8211; Instituto de Pesquisa Econ\u00f4mica Aplicada e pelo F\u00f3rum Brasileiro de Seguran\u00e7a P\u00fablica<\/p>\n\n\n\n<p><a href=\"https:\/\/apidspace.universilab.com.br\/server\/api\/core\/bitstreams\/755afa27-702c-4558-a2f5-7bcfa1dcf5e6\/content\">https:\/\/apidspace.universilab.com.br\/server\/api\/core\/bitstreams\/755afa27-702c-4558-a2f5-7bcfa1dcf5e6\/content<\/a><\/p>\n\n\n\n<p>Atlas da Viol\u00eancia 2024 organizado pelo IPEA &#8211; Instituto de Pesquisa Econ\u00f4mica Aplicada e pelo F\u00f3rum Brasileiro de Seguran\u00e7a P\u00fablica<br>https:\/\/apidspace.universilab.com.br\/server\/api\/core\/bitstreams\/755afa27-702c-4558-a2f5-7bcfa1dcf5e6\/content<\/p>\n\n\n\n<p>Patricia Almeida \u00e9 coautora do Eu Me Protejo \u2013 educa\u00e7\u00e3o inclusiva para preven\u00e7\u00e3o contra a viol\u00eancia na inf\u00e2ncia<\/p>\n\n\n\n<p>Atlas da Viol\u00eancia 2024 organizado pelo IPEA &#8211; Instituto de Pesquisa Econ\u00f4mica Aplicada e pelo F\u00f3rum Brasileiro de Seguran\u00e7a P\u00fablica<br>https:\/\/apidspace.universilab.com.br\/server\/api\/core\/bitstreams\/755afa27-702c-4558-a2f5-7bcfa1dcf5e6\/content<\/p>\n","protected":false},"excerpt":{"rendered":"<p>Os dados do Atlas da Viol\u00eancia 2024 mais uma vez confirmam o que estamos cansados de saber. A viol\u00eancia sexual \u00e9 maior entre as crian\u00e7as at\u00e9 14 anos e ocorre dentro de casa. Com rela\u00e7\u00e3o \u00e0s pessoas com defici\u00eancia, os maiores \u00edndices de notifica\u00e7\u00e3o s\u00e3o contra pessoas com defici\u00eancia intelectual, sendo que uma em cada [&hellip;]<\/p>\n","protected":false},"author":1,"featured_media":33623,"comment_status":"open","ping_status":"open","sticky":false,"template":"","format":"standard","meta":{"site-container-style":"default","site-container-layout":"default","site-sidebar-layout":"default","disable-article-header":"default","disable-site-header":"default","disable-site-footer":"default","disable-content-area-spacing":"default","footnotes":""},"categories":[451],"tags":[],"class_list":["post-33622","post","type-post","status-publish","format-standard","has-post-thumbnail","hentry","category-prevencao-a-violencia"],"yoast_head":"<!-- This site is optimized with the Yoast SEO plugin v27.4 - https:\/\/yoast.com\/product\/yoast-seo-wordpress\/ -->\n<title>Cad\u00ea a educa\u00e7\u00e3o para prevenir o abuso? -<\/title>\n<meta name=\"robots\" content=\"index, follow, max-snippet:-1, max-image-preview:large, max-video-preview:-1\" \/>\n<link rel=\"canonical\" href=\"https:\/\/inclusivenews.com.br\/?p=33622\" \/>\n<meta property=\"og:locale\" content=\"pt_PT\" \/>\n<meta property=\"og:type\" content=\"article\" \/>\n<meta property=\"og:title\" content=\"Cad\u00ea a educa\u00e7\u00e3o para prevenir o abuso? -\" \/>\n<meta property=\"og:description\" content=\"Os dados do Atlas da Viol\u00eancia 2024 mais uma vez confirmam o que estamos cansados de saber. A viol\u00eancia sexual \u00e9 maior entre as crian\u00e7as at\u00e9 14 anos e ocorre dentro de casa. Com rela\u00e7\u00e3o \u00e0s pessoas com defici\u00eancia, os maiores \u00edndices de notifica\u00e7\u00e3o s\u00e3o contra pessoas com defici\u00eancia intelectual, sendo que uma em cada [&hellip;]\" \/>\n<meta property=\"og:url\" content=\"https:\/\/inclusivenews.com.br\/?p=33622\" \/>\n<meta property=\"article:publisher\" content=\"https:\/\/www.facebook.com\/agenciainclusive\/\" \/>\n<meta property=\"article:published_time\" content=\"2024-06-23T13:22:04+00:00\" \/>\n<meta property=\"article:modified_time\" content=\"2024-06-24T02:24:04+00:00\" \/>\n<meta property=\"og:image\" content=\"https:\/\/inclusivenews.com.br\/wp-content\/uploads\/2024\/06\/tocar-partes.png\" \/>\n\t<meta property=\"og:image:width\" content=\"980\" \/>\n\t<meta property=\"og:image:height\" content=\"958\" \/>\n\t<meta property=\"og:image:type\" content=\"image\/png\" \/>\n<meta name=\"author\" content=\"inclusivenews2024\" \/>\n<meta name=\"twitter:card\" content=\"summary_large_image\" \/>\n<meta name=\"twitter:label1\" content=\"Escrito por\" \/>\n\t<meta name=\"twitter:data1\" content=\"inclusivenews2024\" \/>\n\t<meta name=\"twitter:label2\" content=\"Tempo estimado de leitura\" \/>\n\t<meta name=\"twitter:data2\" content=\"3 minutos\" \/>\n<script type=\"application\/ld+json\" class=\"yoast-schema-graph\">{\"@context\":\"https:\\\/\\\/schema.org\",\"@graph\":[{\"@type\":\"Article\",\"@id\":\"https:\\\/\\\/inclusivenews.com.br\\\/?p=33622#article\",\"isPartOf\":{\"@id\":\"https:\\\/\\\/inclusivenews.com.br\\\/?p=33622\"},\"author\":{\"name\":\"inclusivenews2024\",\"@id\":\"https:\\\/\\\/inclusivenews.com.br\\\/#\\\/schema\\\/person\\\/ae4ec7087559b8692fb33b6fffd2273b\"},\"headline\":\"Cad\u00ea a educa\u00e7\u00e3o para prevenir o abuso?\",\"datePublished\":\"2024-06-23T13:22:04+00:00\",\"dateModified\":\"2024-06-24T02:24:04+00:00\",\"mainEntityOfPage\":{\"@id\":\"https:\\\/\\\/inclusivenews.com.br\\\/?p=33622\"},\"wordCount\":521,\"commentCount\":0,\"publisher\":{\"@id\":\"https:\\\/\\\/inclusivenews.com.br\\\/#organization\"},\"image\":{\"@id\":\"https:\\\/\\\/inclusivenews.com.br\\\/?p=33622#primaryimage\"},\"thumbnailUrl\":\"https:\\\/\\\/inclusivenews.com.br\\\/wp-content\\\/uploads\\\/2024\\\/06\\\/tocar-partes.png\",\"articleSection\":[\"Preven\u00e7\u00e3o \u00e0 viol\u00eancia\"],\"inLanguage\":\"pt-PT\",\"potentialAction\":[{\"@type\":\"CommentAction\",\"name\":\"Comment\",\"target\":[\"https:\\\/\\\/inclusivenews.com.br\\\/?p=33622#respond\"]}]},{\"@type\":\"WebPage\",\"@id\":\"https:\\\/\\\/inclusivenews.com.br\\\/?p=33622\",\"url\":\"https:\\\/\\\/inclusivenews.com.br\\\/?p=33622\",\"name\":\"Cad\u00ea a educa\u00e7\u00e3o para prevenir o abuso? -\",\"isPartOf\":{\"@id\":\"https:\\\/\\\/inclusivenews.com.br\\\/#website\"},\"primaryImageOfPage\":{\"@id\":\"https:\\\/\\\/inclusivenews.com.br\\\/?p=33622#primaryimage\"},\"image\":{\"@id\":\"https:\\\/\\\/inclusivenews.com.br\\\/?p=33622#primaryimage\"},\"thumbnailUrl\":\"https:\\\/\\\/inclusivenews.com.br\\\/wp-content\\\/uploads\\\/2024\\\/06\\\/tocar-partes.png\",\"datePublished\":\"2024-06-23T13:22:04+00:00\",\"dateModified\":\"2024-06-24T02:24:04+00:00\",\"breadcrumb\":{\"@id\":\"https:\\\/\\\/inclusivenews.com.br\\\/?p=33622#breadcrumb\"},\"inLanguage\":\"pt-PT\",\"potentialAction\":[{\"@type\":\"ReadAction\",\"target\":[\"https:\\\/\\\/inclusivenews.com.br\\\/?p=33622\"]}]},{\"@type\":\"ImageObject\",\"inLanguage\":\"pt-PT\",\"@id\":\"https:\\\/\\\/inclusivenews.com.br\\\/?p=33622#primaryimage\",\"url\":\"https:\\\/\\\/inclusivenews.com.br\\\/wp-content\\\/uploads\\\/2024\\\/06\\\/tocar-partes.png\",\"contentUrl\":\"https:\\\/\\\/inclusivenews.com.br\\\/wp-content\\\/uploads\\\/2024\\\/06\\\/tocar-partes.png\",\"width\":980,\"height\":958,\"caption\":\"menino e menina com a cara enfezada, vestidos, cobrindo as partes \u00edntimas. texto: n\u00e3o podem tocar nas minhas partes \u00edntimas.\"},{\"@type\":\"BreadcrumbList\",\"@id\":\"https:\\\/\\\/inclusivenews.com.br\\\/?p=33622#breadcrumb\",\"itemListElement\":[{\"@type\":\"ListItem\",\"position\":1,\"name\":\"In\u00edcio\",\"item\":\"https:\\\/\\\/inclusivenews.com.br\\\/\"},{\"@type\":\"ListItem\",\"position\":2,\"name\":\"Cad\u00ea a educa\u00e7\u00e3o para prevenir o abuso?\"}]},{\"@type\":\"WebSite\",\"@id\":\"https:\\\/\\\/inclusivenews.com.br\\\/#website\",\"url\":\"https:\\\/\\\/inclusivenews.com.br\\\/\",\"name\":\"Inclusive News\",\"description\":\"Inclusive News\",\"publisher\":{\"@id\":\"https:\\\/\\\/inclusivenews.com.br\\\/#organization\"},\"potentialAction\":[{\"@type\":\"SearchAction\",\"target\":{\"@type\":\"EntryPoint\",\"urlTemplate\":\"https:\\\/\\\/inclusivenews.com.br\\\/?s={search_term_string}\"},\"query-input\":{\"@type\":\"PropertyValueSpecification\",\"valueRequired\":true,\"valueName\":\"search_term_string\"}}],\"inLanguage\":\"pt-PT\"},{\"@type\":\"Organization\",\"@id\":\"https:\\\/\\\/inclusivenews.com.br\\\/#organization\",\"name\":\"Inclusive - inclus\u00e3o e cidadania\",\"url\":\"https:\\\/\\\/inclusivenews.com.br\\\/\",\"logo\":{\"@type\":\"ImageObject\",\"inLanguage\":\"pt-PT\",\"@id\":\"https:\\\/\\\/inclusivenews.com.br\\\/#\\\/schema\\\/logo\\\/image\\\/\",\"url\":\"https:\\\/\\\/inclusivenews.com.br\\\/wp-content\\\/uploads\\\/2024\\\/03\\\/@grandesite.png\",\"contentUrl\":\"https:\\\/\\\/inclusivenews.com.br\\\/wp-content\\\/uploads\\\/2024\\\/03\\\/@grandesite.png\",\"width\":1080,\"height\":1080,\"caption\":\"Inclusive - inclus\u00e3o e cidadania\"},\"image\":{\"@id\":\"https:\\\/\\\/inclusivenews.com.br\\\/#\\\/schema\\\/logo\\\/image\\\/\"},\"sameAs\":[\"https:\\\/\\\/www.facebook.com\\\/agenciainclusive\\\/\",\"https:\\\/\\\/www.instagram.com\\\/newsinclusive\\\/\"]},{\"@type\":\"Person\",\"@id\":\"https:\\\/\\\/inclusivenews.com.br\\\/#\\\/schema\\\/person\\\/ae4ec7087559b8692fb33b6fffd2273b\",\"name\":\"inclusivenews2024\",\"image\":{\"@type\":\"ImageObject\",\"inLanguage\":\"pt-PT\",\"@id\":\"https:\\\/\\\/secure.gravatar.com\\\/avatar\\\/c5a7ef84c66fa914f55bc4f7ce26cfa275a3b9a1c5568b907bd184fb4dde7b40?s=96&d=mm&r=g\",\"url\":\"https:\\\/\\\/secure.gravatar.com\\\/avatar\\\/c5a7ef84c66fa914f55bc4f7ce26cfa275a3b9a1c5568b907bd184fb4dde7b40?s=96&d=mm&r=g\",\"contentUrl\":\"https:\\\/\\\/secure.gravatar.com\\\/avatar\\\/c5a7ef84c66fa914f55bc4f7ce26cfa275a3b9a1c5568b907bd184fb4dde7b40?s=96&d=mm&r=g\",\"caption\":\"inclusivenews2024\"},\"sameAs\":[\"https:\\\/\\\/inclusivenews.com.br\"],\"url\":\"https:\\\/\\\/inclusivenews.com.br\\\/?author=1\"}]}<\/script>\n<!-- \/ Yoast SEO plugin. -->","yoast_head_json":{"title":"Cad\u00ea a educa\u00e7\u00e3o para prevenir o abuso? -","robots":{"index":"index","follow":"follow","max-snippet":"max-snippet:-1","max-image-preview":"max-image-preview:large","max-video-preview":"max-video-preview:-1"},"canonical":"https:\/\/inclusivenews.com.br\/?p=33622","og_locale":"pt_PT","og_type":"article","og_title":"Cad\u00ea a educa\u00e7\u00e3o para prevenir o abuso? -","og_description":"Os dados do Atlas da Viol\u00eancia 2024 mais uma vez confirmam o que estamos cansados de saber. A viol\u00eancia sexual \u00e9 maior entre as crian\u00e7as at\u00e9 14 anos e ocorre dentro de casa. Com rela\u00e7\u00e3o \u00e0s pessoas com defici\u00eancia, os maiores \u00edndices de notifica\u00e7\u00e3o s\u00e3o contra pessoas com defici\u00eancia intelectual, sendo que uma em cada [&hellip;]","og_url":"https:\/\/inclusivenews.com.br\/?p=33622","article_publisher":"https:\/\/www.facebook.com\/agenciainclusive\/","article_published_time":"2024-06-23T13:22:04+00:00","article_modified_time":"2024-06-24T02:24:04+00:00","og_image":[{"width":980,"height":958,"url":"https:\/\/inclusivenews.com.br\/wp-content\/uploads\/2024\/06\/tocar-partes.png","type":"image\/png"}],"author":"inclusivenews2024","twitter_card":"summary_large_image","twitter_misc":{"Escrito por":"inclusivenews2024","Tempo estimado de leitura":"3 minutos"},"schema":{"@context":"https:\/\/schema.org","@graph":[{"@type":"Article","@id":"https:\/\/inclusivenews.com.br\/?p=33622#article","isPartOf":{"@id":"https:\/\/inclusivenews.com.br\/?p=33622"},"author":{"name":"inclusivenews2024","@id":"https:\/\/inclusivenews.com.br\/#\/schema\/person\/ae4ec7087559b8692fb33b6fffd2273b"},"headline":"Cad\u00ea a educa\u00e7\u00e3o para prevenir o abuso?","datePublished":"2024-06-23T13:22:04+00:00","dateModified":"2024-06-24T02:24:04+00:00","mainEntityOfPage":{"@id":"https:\/\/inclusivenews.com.br\/?p=33622"},"wordCount":521,"commentCount":0,"publisher":{"@id":"https:\/\/inclusivenews.com.br\/#organization"},"image":{"@id":"https:\/\/inclusivenews.com.br\/?p=33622#primaryimage"},"thumbnailUrl":"https:\/\/inclusivenews.com.br\/wp-content\/uploads\/2024\/06\/tocar-partes.png","articleSection":["Preven\u00e7\u00e3o \u00e0 viol\u00eancia"],"inLanguage":"pt-PT","potentialAction":[{"@type":"CommentAction","name":"Comment","target":["https:\/\/inclusivenews.com.br\/?p=33622#respond"]}]},{"@type":"WebPage","@id":"https:\/\/inclusivenews.com.br\/?p=33622","url":"https:\/\/inclusivenews.com.br\/?p=33622","name":"Cad\u00ea a educa\u00e7\u00e3o para prevenir o abuso? -","isPartOf":{"@id":"https:\/\/inclusivenews.com.br\/#website"},"primaryImageOfPage":{"@id":"https:\/\/inclusivenews.com.br\/?p=33622#primaryimage"},"image":{"@id":"https:\/\/inclusivenews.com.br\/?p=33622#primaryimage"},"thumbnailUrl":"https:\/\/inclusivenews.com.br\/wp-content\/uploads\/2024\/06\/tocar-partes.png","datePublished":"2024-06-23T13:22:04+00:00","dateModified":"2024-06-24T02:24:04+00:00","breadcrumb":{"@id":"https:\/\/inclusivenews.com.br\/?p=33622#breadcrumb"},"inLanguage":"pt-PT","potentialAction":[{"@type":"ReadAction","target":["https:\/\/inclusivenews.com.br\/?p=33622"]}]},{"@type":"ImageObject","inLanguage":"pt-PT","@id":"https:\/\/inclusivenews.com.br\/?p=33622#primaryimage","url":"https:\/\/inclusivenews.com.br\/wp-content\/uploads\/2024\/06\/tocar-partes.png","contentUrl":"https:\/\/inclusivenews.com.br\/wp-content\/uploads\/2024\/06\/tocar-partes.png","width":980,"height":958,"caption":"menino e menina com a cara enfezada, vestidos, cobrindo as partes \u00edntimas. texto: n\u00e3o podem tocar nas minhas partes \u00edntimas."},{"@type":"BreadcrumbList","@id":"https:\/\/inclusivenews.com.br\/?p=33622#breadcrumb","itemListElement":[{"@type":"ListItem","position":1,"name":"In\u00edcio","item":"https:\/\/inclusivenews.com.br\/"},{"@type":"ListItem","position":2,"name":"Cad\u00ea a educa\u00e7\u00e3o para prevenir o abuso?"}]},{"@type":"WebSite","@id":"https:\/\/inclusivenews.com.br\/#website","url":"https:\/\/inclusivenews.com.br\/","name":"Inclusive News","description":"Inclusive News","publisher":{"@id":"https:\/\/inclusivenews.com.br\/#organization"},"potentialAction":[{"@type":"SearchAction","target":{"@type":"EntryPoint","urlTemplate":"https:\/\/inclusivenews.com.br\/?s={search_term_string}"},"query-input":{"@type":"PropertyValueSpecification","valueRequired":true,"valueName":"search_term_string"}}],"inLanguage":"pt-PT"},{"@type":"Organization","@id":"https:\/\/inclusivenews.com.br\/#organization","name":"Inclusive - inclus\u00e3o e cidadania","url":"https:\/\/inclusivenews.com.br\/","logo":{"@type":"ImageObject","inLanguage":"pt-PT","@id":"https:\/\/inclusivenews.com.br\/#\/schema\/logo\/image\/","url":"https:\/\/inclusivenews.com.br\/wp-content\/uploads\/2024\/03\/@grandesite.png","contentUrl":"https:\/\/inclusivenews.com.br\/wp-content\/uploads\/2024\/03\/@grandesite.png","width":1080,"height":1080,"caption":"Inclusive - inclus\u00e3o e cidadania"},"image":{"@id":"https:\/\/inclusivenews.com.br\/#\/schema\/logo\/image\/"},"sameAs":["https:\/\/www.facebook.com\/agenciainclusive\/","https:\/\/www.instagram.com\/newsinclusive\/"]},{"@type":"Person","@id":"https:\/\/inclusivenews.com.br\/#\/schema\/person\/ae4ec7087559b8692fb33b6fffd2273b","name":"inclusivenews2024","image":{"@type":"ImageObject","inLanguage":"pt-PT","@id":"https:\/\/secure.gravatar.com\/avatar\/c5a7ef84c66fa914f55bc4f7ce26cfa275a3b9a1c5568b907bd184fb4dde7b40?s=96&d=mm&r=g","url":"https:\/\/secure.gravatar.com\/avatar\/c5a7ef84c66fa914f55bc4f7ce26cfa275a3b9a1c5568b907bd184fb4dde7b40?s=96&d=mm&r=g","contentUrl":"https:\/\/secure.gravatar.com\/avatar\/c5a7ef84c66fa914f55bc4f7ce26cfa275a3b9a1c5568b907bd184fb4dde7b40?s=96&d=mm&r=g","caption":"inclusivenews2024"},"sameAs":["https:\/\/inclusivenews.com.br"],"url":"https:\/\/inclusivenews.com.br\/?author=1"}]}},"_links":{"self":[{"href":"https:\/\/inclusivenews.com.br\/index.php?rest_route=\/wp\/v2\/posts\/33622","targetHints":{"allow":["GET"]}}],"collection":[{"href":"https:\/\/inclusivenews.com.br\/index.php?rest_route=\/wp\/v2\/posts"}],"about":[{"href":"https:\/\/inclusivenews.com.br\/index.php?rest_route=\/wp\/v2\/types\/post"}],"author":[{"embeddable":true,"href":"https:\/\/inclusivenews.com.br\/index.php?rest_route=\/wp\/v2\/users\/1"}],"replies":[{"embeddable":true,"href":"https:\/\/inclusivenews.com.br\/index.php?rest_route=%2Fwp%2Fv2%2Fcomments&post=33622"}],"version-history":[{"count":4,"href":"https:\/\/inclusivenews.com.br\/index.php?rest_route=\/wp\/v2\/posts\/33622\/revisions"}],"predecessor-version":[{"id":33627,"href":"https:\/\/inclusivenews.com.br\/index.php?rest_route=\/wp\/v2\/posts\/33622\/revisions\/33627"}],"wp:featuredmedia":[{"embeddable":true,"href":"https:\/\/inclusivenews.com.br\/index.php?rest_route=\/wp\/v2\/media\/33623"}],"wp:attachment":[{"href":"https:\/\/inclusivenews.com.br\/index.php?rest_route=%2Fwp%2Fv2%2Fmedia&parent=33622"}],"wp:term":[{"taxonomy":"category","embeddable":true,"href":"https:\/\/inclusivenews.com.br\/index.php?rest_route=%2Fwp%2Fv2%2Fcategories&post=33622"},{"taxonomy":"post_tag","embeddable":true,"href":"https:\/\/inclusivenews.com.br\/index.php?rest_route=%2Fwp%2Fv2%2Ftags&post=33622"}],"curies":[{"name":"wp","href":"https:\/\/api.w.org\/{rel}","templated":true}]}}