{"id":3363,"date":"2009-01-27T00:08:45","date_gmt":"2009-01-27T00:08:45","guid":{"rendered":"http:\/\/agenciainclusive.wordpress.com\/?p=3363"},"modified":"2009-01-27T00:08:45","modified_gmt":"2009-01-27T00:08:45","slug":"no-forum-mundial-de-educacao-senadora-marina-silva-propoe-novo-processo-civilizatorio","status":"publish","type":"post","link":"https:\/\/inclusivenews.com.br\/?p=3363","title":{"rendered":"No F\u00f3rum Mundial de Educa\u00e7\u00e3o, Senadora Marina Silva prop\u00f5e novo processo civilizat\u00f3rio"},"content":{"rendered":"<p>BRAS\u00cdLIA &#8211; Ao falar a um p\u00fablico de aproximadamente 6 mil pessoas na abertura do F\u00f3rum Mundial da Educa\u00e7\u00e3o &#8211; evento paralelo ao F\u00f3rum Social Mundial  &#8211; na manh\u00e3 desta segunda-feira (26), em Bel\u00e9m (PA), a senadora Marina Silva (PT-AC) lan\u00e7ou um desafio: &#8220;A vis\u00e3o de que os recursos naturais eram infinitos caiu por terra. Precisamos mudar essa percep\u00e7\u00e3o, criar um novo caminho, ou ao menos uma nova maneira de caminhar. Da\u00ed a import\u00e2ncia da educa\u00e7\u00e3o&#8221;.<\/p>\n<p>Ao fazer men\u00e7\u00e3o aos dois principais temas que orientam as discuss\u00f5es da 9\u00aa edi\u00e7\u00e3o do F\u00f3rum Social Mundial, a senadora, que dividiu a mesa com o professor Moacir Gadotti, diretor do Instituto Paulo Freire, e com o te\u00f3logo Leonardo Boff, observou que, a seu ver, a crise ambiental \u00e9 mais s\u00e9ria que a econ\u00f4mica, mas que as duas ter\u00e3o que ser resolvidas agora, por essa gera\u00e7\u00e3o, e ao mesmo tempo.<\/p>\n<p>Dessa forma, ela convidou os professores presentes ao encontro a participarem da refunda\u00e7\u00e3o do conceito de educa\u00e7\u00e3o, em busca de um novo processo civilizat\u00f3rio baseado na aceita\u00e7\u00e3o da diferen\u00e7a, na coautoria e na cria\u00e7\u00e3o permanente.<\/p>\n<p>&#8220;Estamos adaptados a agir, a pensar e fazer as coisas de um jeito, e vamos ter que nos desadaptar. N\u00e3o vamos mais ensinar para, mas ensinar com&#8221;,  disse.<\/p>\n<p>Para o te\u00f3logo Leonardo Boff, o grande desafio da educa\u00e7\u00e3o dos novos tempos &#8220;\u00e9 impedir que a civiliza\u00e7\u00e3o se bifurque entre os que usam os servi\u00e7os da Humanidade a seu servi\u00e7o e os exclu\u00eddos&#8221;.<\/p>\n<p>&#8220;A educa\u00e7\u00e3o deve manter o planeta unido. Estamos numa situa\u00e7\u00e3o de caos. Depende de n\u00f3s que isso se transforme num salto de qualidade&#8221;,  disse a senadora.<\/p>\n<p>Desmercantiliza\u00e7\u00e3o da educa\u00e7\u00e3o<\/p>\n<p>De acordo com Moacir Gadotti, um dos idealizadores do evento, o principal objetivo do FME \u00e9 afirmar a educa\u00e7\u00e3o como direito, e n\u00e3o como mercadoria. &#8220;Para muitas pessoas, \u00e9 muito dif\u00edcil estudar. Por isso, n\u00e3o podemos perder a esperan\u00e7a e lutar pelo direito \u00e0 educa\u00e7\u00e3o, para que nossos governantes levem isso a s\u00e9rio. Estamos avan\u00e7ando, mas ainda a passos lentos. A educa\u00e7\u00e3o continua uma mercadoria. S\u00f3 t\u00eam aqueles que podem pagar. As universidades est\u00e3o a\u00ed para ver. N\u00e3o pode continuar sendo assim t\u00e3o dif\u00edcil&#8221;,  disse.<\/p>\n<p>Os participantes do 7\u00ba F\u00f3rum Mundial da Educa\u00e7\u00e3o foram recebidos por grupos folcl\u00f3ricos paraenses, por crian\u00e7as de escolas p\u00fablicas do estado e por bandas tradicionais da regi\u00e3o. A programa\u00e7\u00e3o do evento, que se estende at\u00e9 o dia 1\u00ba de fevereiro, inclui debates sobre temas como pol\u00edtica ambiental nos curr\u00edculos escolares, experi\u00eancias de educa\u00e7\u00e3o integral em escolas p\u00fablicas, contribui\u00e7\u00f5es da intelig\u00eancia emocional para a educa\u00e7\u00e3o infantil, inclus\u00e3o social na escola, experi\u00eancias entre outros.<\/p>\n<p>A senadora F\u00e1tima Cleide (PT-RO) tamb\u00e9m compareceu \u00e0 abertura do FME, assim como o ex-senador Roberto Saturnino (PT-RJ). Outros eventos paralelos est\u00e3o sendo realizados nesta segunda-feira, como o F\u00f3rum Mundial de M\u00eddia Livre. A abertura oficial do F\u00f3rum Social Mundial acontecer\u00e1 nesta ter\u00e7a-feira (27), \u00e0s 15h, com uma caminhada que reunir\u00e1 todos os participantes. De acordo com a organiza\u00e7\u00e3o do evento, cerca de 100 mil pessoas de 150 pa\u00edses foram inscritas.<\/p>\n<p>Fonte: <a href=\"http:\/\/www.dci.com.br\/noticia.asp?id_editoria=5&amp;id_noticia=271218\" target=\"_blank\" rel=\"noopener\">http:\/\/www.dci.com.br\/noticia.asp?id_editoria=5&amp;id_noticia=271218 <\/a><\/p>\n","protected":false},"excerpt":{"rendered":"<p>BRAS\u00cdLIA &#8211; Ao falar a um p\u00fablico de aproximadamente 6 mil pessoas na abertura do F\u00f3rum Mundial da Educa\u00e7\u00e3o &#8211; evento paralelo ao F\u00f3rum Social Mundial &#8211; na manh\u00e3 desta segunda-feira (26), em Bel\u00e9m (PA), a senadora Marina Silva (PT-AC) lan\u00e7ou um desafio: &#8220;A vis\u00e3o de que os recursos naturais eram infinitos caiu por terra. [&hellip;]<\/p>\n","protected":false},"author":2,"featured_media":0,"comment_status":"open","ping_status":"open","sticky":false,"template":"","format":"standard","meta":{"site-container-style":"default","site-container-layout":"default","site-sidebar-layout":"default","disable-article-header":"default","disable-site-header":"default","disable-site-footer":"default","disable-content-area-spacing":"default","footnotes":""},"categories":[4],"tags":[22],"class_list":["post-3363","post","type-post","status-publish","format-standard","hentry","category-noticias","tag-fsm2009"],"yoast_head":"<!-- This site is optimized with the Yoast SEO plugin v27.4 - https:\/\/yoast.com\/product\/yoast-seo-wordpress\/ -->\n<title>No F\u00f3rum Mundial de Educa\u00e7\u00e3o, Senadora Marina Silva prop\u00f5e novo processo civilizat\u00f3rio -<\/title>\n<meta name=\"robots\" content=\"index, follow, max-snippet:-1, max-image-preview:large, max-video-preview:-1\" \/>\n<link rel=\"canonical\" href=\"https:\/\/inclusivenews.com.br\/?p=3363\" \/>\n<meta property=\"og:locale\" content=\"pt_PT\" \/>\n<meta property=\"og:type\" content=\"article\" \/>\n<meta property=\"og:title\" content=\"No F\u00f3rum Mundial de Educa\u00e7\u00e3o, Senadora Marina Silva prop\u00f5e novo processo civilizat\u00f3rio -\" \/>\n<meta property=\"og:description\" content=\"BRAS\u00cdLIA &#8211; Ao falar a um p\u00fablico de aproximadamente 6 mil pessoas na abertura do F\u00f3rum Mundial da Educa\u00e7\u00e3o &#8211; evento paralelo ao F\u00f3rum Social Mundial &#8211; na manh\u00e3 desta segunda-feira (26), em Bel\u00e9m (PA), a senadora Marina Silva (PT-AC) lan\u00e7ou um desafio: &#8220;A vis\u00e3o de que os recursos naturais eram infinitos caiu por terra. [&hellip;]\" \/>\n<meta property=\"og:url\" content=\"https:\/\/inclusivenews.com.br\/?p=3363\" \/>\n<meta property=\"article:publisher\" content=\"https:\/\/www.facebook.com\/agenciainclusive\/\" \/>\n<meta property=\"article:published_time\" content=\"2009-01-27T00:08:45+00:00\" \/>\n<meta name=\"author\" content=\"Inclusive\" \/>\n<meta name=\"twitter:card\" content=\"summary_large_image\" \/>\n<meta name=\"twitter:label1\" content=\"Escrito por\" \/>\n\t<meta name=\"twitter:data1\" content=\"Inclusive\" \/>\n\t<meta name=\"twitter:label2\" content=\"Tempo estimado de leitura\" \/>\n\t<meta name=\"twitter:data2\" content=\"3 minutos\" \/>\n<script type=\"application\/ld+json\" class=\"yoast-schema-graph\">{\"@context\":\"https:\\\/\\\/schema.org\",\"@graph\":[{\"@type\":\"Article\",\"@id\":\"https:\\\/\\\/inclusivenews.com.br\\\/?p=3363#article\",\"isPartOf\":{\"@id\":\"https:\\\/\\\/inclusivenews.com.br\\\/?p=3363\"},\"author\":{\"name\":\"Inclusive\",\"@id\":\"https:\\\/\\\/inclusivenews.com.br\\\/#\\\/schema\\\/person\\\/0dab492019871b94abb65fa8ee7c8c44\"},\"headline\":\"No F\u00f3rum Mundial de Educa\u00e7\u00e3o, Senadora Marina Silva prop\u00f5e novo processo civilizat\u00f3rio\",\"datePublished\":\"2009-01-27T00:08:45+00:00\",\"mainEntityOfPage\":{\"@id\":\"https:\\\/\\\/inclusivenews.com.br\\\/?p=3363\"},\"wordCount\":593,\"commentCount\":0,\"publisher\":{\"@id\":\"https:\\\/\\\/inclusivenews.com.br\\\/#organization\"},\"keywords\":[\"FSM2009\"],\"articleSection\":[\"NOT\u00cdCIAS\"],\"inLanguage\":\"pt-PT\",\"potentialAction\":[{\"@type\":\"CommentAction\",\"name\":\"Comment\",\"target\":[\"https:\\\/\\\/inclusivenews.com.br\\\/?p=3363#respond\"]}]},{\"@type\":\"WebPage\",\"@id\":\"https:\\\/\\\/inclusivenews.com.br\\\/?p=3363\",\"url\":\"https:\\\/\\\/inclusivenews.com.br\\\/?p=3363\",\"name\":\"No F\u00f3rum Mundial de Educa\u00e7\u00e3o, Senadora Marina Silva prop\u00f5e novo processo civilizat\u00f3rio -\",\"isPartOf\":{\"@id\":\"https:\\\/\\\/inclusivenews.com.br\\\/#website\"},\"datePublished\":\"2009-01-27T00:08:45+00:00\",\"breadcrumb\":{\"@id\":\"https:\\\/\\\/inclusivenews.com.br\\\/?p=3363#breadcrumb\"},\"inLanguage\":\"pt-PT\",\"potentialAction\":[{\"@type\":\"ReadAction\",\"target\":[\"https:\\\/\\\/inclusivenews.com.br\\\/?p=3363\"]}]},{\"@type\":\"BreadcrumbList\",\"@id\":\"https:\\\/\\\/inclusivenews.com.br\\\/?p=3363#breadcrumb\",\"itemListElement\":[{\"@type\":\"ListItem\",\"position\":1,\"name\":\"In\u00edcio\",\"item\":\"https:\\\/\\\/inclusivenews.com.br\\\/\"},{\"@type\":\"ListItem\",\"position\":2,\"name\":\"No F\u00f3rum Mundial de Educa\u00e7\u00e3o, Senadora Marina Silva prop\u00f5e novo processo civilizat\u00f3rio\"}]},{\"@type\":\"WebSite\",\"@id\":\"https:\\\/\\\/inclusivenews.com.br\\\/#website\",\"url\":\"https:\\\/\\\/inclusivenews.com.br\\\/\",\"name\":\"Inclusive News\",\"description\":\"Inclusive News\",\"publisher\":{\"@id\":\"https:\\\/\\\/inclusivenews.com.br\\\/#organization\"},\"potentialAction\":[{\"@type\":\"SearchAction\",\"target\":{\"@type\":\"EntryPoint\",\"urlTemplate\":\"https:\\\/\\\/inclusivenews.com.br\\\/?s={search_term_string}\"},\"query-input\":{\"@type\":\"PropertyValueSpecification\",\"valueRequired\":true,\"valueName\":\"search_term_string\"}}],\"inLanguage\":\"pt-PT\"},{\"@type\":\"Organization\",\"@id\":\"https:\\\/\\\/inclusivenews.com.br\\\/#organization\",\"name\":\"Inclusive - inclus\u00e3o e cidadania\",\"url\":\"https:\\\/\\\/inclusivenews.com.br\\\/\",\"logo\":{\"@type\":\"ImageObject\",\"inLanguage\":\"pt-PT\",\"@id\":\"https:\\\/\\\/inclusivenews.com.br\\\/#\\\/schema\\\/logo\\\/image\\\/\",\"url\":\"https:\\\/\\\/inclusivenews.com.br\\\/wp-content\\\/uploads\\\/2024\\\/03\\\/@grandesite.png\",\"contentUrl\":\"https:\\\/\\\/inclusivenews.com.br\\\/wp-content\\\/uploads\\\/2024\\\/03\\\/@grandesite.png\",\"width\":1080,\"height\":1080,\"caption\":\"Inclusive - inclus\u00e3o e cidadania\"},\"image\":{\"@id\":\"https:\\\/\\\/inclusivenews.com.br\\\/#\\\/schema\\\/logo\\\/image\\\/\"},\"sameAs\":[\"https:\\\/\\\/www.facebook.com\\\/agenciainclusive\\\/\",\"https:\\\/\\\/www.instagram.com\\\/newsinclusive\\\/\"]},{\"@type\":\"Person\",\"@id\":\"https:\\\/\\\/inclusivenews.com.br\\\/#\\\/schema\\\/person\\\/0dab492019871b94abb65fa8ee7c8c44\",\"name\":\"Inclusive\",\"image\":{\"@type\":\"ImageObject\",\"inLanguage\":\"pt-PT\",\"@id\":\"https:\\\/\\\/secure.gravatar.com\\\/avatar\\\/?s=96&d=mm&r=g\",\"url\":\"https:\\\/\\\/secure.gravatar.com\\\/avatar\\\/?s=96&d=mm&r=g\",\"contentUrl\":\"https:\\\/\\\/secure.gravatar.com\\\/avatar\\\/?s=96&d=mm&r=g\",\"caption\":\"Inclusive\"},\"url\":\"https:\\\/\\\/inclusivenews.com.br\\\/?author=2\"}]}<\/script>\n<!-- \/ Yoast SEO plugin. -->","yoast_head_json":{"title":"No F\u00f3rum Mundial de Educa\u00e7\u00e3o, Senadora Marina Silva prop\u00f5e novo processo civilizat\u00f3rio -","robots":{"index":"index","follow":"follow","max-snippet":"max-snippet:-1","max-image-preview":"max-image-preview:large","max-video-preview":"max-video-preview:-1"},"canonical":"https:\/\/inclusivenews.com.br\/?p=3363","og_locale":"pt_PT","og_type":"article","og_title":"No F\u00f3rum Mundial de Educa\u00e7\u00e3o, Senadora Marina Silva prop\u00f5e novo processo civilizat\u00f3rio -","og_description":"BRAS\u00cdLIA &#8211; Ao falar a um p\u00fablico de aproximadamente 6 mil pessoas na abertura do F\u00f3rum Mundial da Educa\u00e7\u00e3o &#8211; evento paralelo ao F\u00f3rum Social Mundial &#8211; na manh\u00e3 desta segunda-feira (26), em Bel\u00e9m (PA), a senadora Marina Silva (PT-AC) lan\u00e7ou um desafio: &#8220;A vis\u00e3o de que os recursos naturais eram infinitos caiu por terra. [&hellip;]","og_url":"https:\/\/inclusivenews.com.br\/?p=3363","article_publisher":"https:\/\/www.facebook.com\/agenciainclusive\/","article_published_time":"2009-01-27T00:08:45+00:00","author":"Inclusive","twitter_card":"summary_large_image","twitter_misc":{"Escrito por":"Inclusive","Tempo estimado de leitura":"3 minutos"},"schema":{"@context":"https:\/\/schema.org","@graph":[{"@type":"Article","@id":"https:\/\/inclusivenews.com.br\/?p=3363#article","isPartOf":{"@id":"https:\/\/inclusivenews.com.br\/?p=3363"},"author":{"name":"Inclusive","@id":"https:\/\/inclusivenews.com.br\/#\/schema\/person\/0dab492019871b94abb65fa8ee7c8c44"},"headline":"No F\u00f3rum Mundial de Educa\u00e7\u00e3o, Senadora Marina Silva prop\u00f5e novo processo civilizat\u00f3rio","datePublished":"2009-01-27T00:08:45+00:00","mainEntityOfPage":{"@id":"https:\/\/inclusivenews.com.br\/?p=3363"},"wordCount":593,"commentCount":0,"publisher":{"@id":"https:\/\/inclusivenews.com.br\/#organization"},"keywords":["FSM2009"],"articleSection":["NOT\u00cdCIAS"],"inLanguage":"pt-PT","potentialAction":[{"@type":"CommentAction","name":"Comment","target":["https:\/\/inclusivenews.com.br\/?p=3363#respond"]}]},{"@type":"WebPage","@id":"https:\/\/inclusivenews.com.br\/?p=3363","url":"https:\/\/inclusivenews.com.br\/?p=3363","name":"No F\u00f3rum Mundial de Educa\u00e7\u00e3o, Senadora Marina Silva prop\u00f5e novo processo civilizat\u00f3rio -","isPartOf":{"@id":"https:\/\/inclusivenews.com.br\/#website"},"datePublished":"2009-01-27T00:08:45+00:00","breadcrumb":{"@id":"https:\/\/inclusivenews.com.br\/?p=3363#breadcrumb"},"inLanguage":"pt-PT","potentialAction":[{"@type":"ReadAction","target":["https:\/\/inclusivenews.com.br\/?p=3363"]}]},{"@type":"BreadcrumbList","@id":"https:\/\/inclusivenews.com.br\/?p=3363#breadcrumb","itemListElement":[{"@type":"ListItem","position":1,"name":"In\u00edcio","item":"https:\/\/inclusivenews.com.br\/"},{"@type":"ListItem","position":2,"name":"No F\u00f3rum Mundial de Educa\u00e7\u00e3o, Senadora Marina Silva prop\u00f5e novo processo civilizat\u00f3rio"}]},{"@type":"WebSite","@id":"https:\/\/inclusivenews.com.br\/#website","url":"https:\/\/inclusivenews.com.br\/","name":"Inclusive News","description":"Inclusive News","publisher":{"@id":"https:\/\/inclusivenews.com.br\/#organization"},"potentialAction":[{"@type":"SearchAction","target":{"@type":"EntryPoint","urlTemplate":"https:\/\/inclusivenews.com.br\/?s={search_term_string}"},"query-input":{"@type":"PropertyValueSpecification","valueRequired":true,"valueName":"search_term_string"}}],"inLanguage":"pt-PT"},{"@type":"Organization","@id":"https:\/\/inclusivenews.com.br\/#organization","name":"Inclusive - inclus\u00e3o e cidadania","url":"https:\/\/inclusivenews.com.br\/","logo":{"@type":"ImageObject","inLanguage":"pt-PT","@id":"https:\/\/inclusivenews.com.br\/#\/schema\/logo\/image\/","url":"https:\/\/inclusivenews.com.br\/wp-content\/uploads\/2024\/03\/@grandesite.png","contentUrl":"https:\/\/inclusivenews.com.br\/wp-content\/uploads\/2024\/03\/@grandesite.png","width":1080,"height":1080,"caption":"Inclusive - inclus\u00e3o e cidadania"},"image":{"@id":"https:\/\/inclusivenews.com.br\/#\/schema\/logo\/image\/"},"sameAs":["https:\/\/www.facebook.com\/agenciainclusive\/","https:\/\/www.instagram.com\/newsinclusive\/"]},{"@type":"Person","@id":"https:\/\/inclusivenews.com.br\/#\/schema\/person\/0dab492019871b94abb65fa8ee7c8c44","name":"Inclusive","image":{"@type":"ImageObject","inLanguage":"pt-PT","@id":"https:\/\/secure.gravatar.com\/avatar\/?s=96&d=mm&r=g","url":"https:\/\/secure.gravatar.com\/avatar\/?s=96&d=mm&r=g","contentUrl":"https:\/\/secure.gravatar.com\/avatar\/?s=96&d=mm&r=g","caption":"Inclusive"},"url":"https:\/\/inclusivenews.com.br\/?author=2"}]}},"_links":{"self":[{"href":"https:\/\/inclusivenews.com.br\/index.php?rest_route=\/wp\/v2\/posts\/3363","targetHints":{"allow":["GET"]}}],"collection":[{"href":"https:\/\/inclusivenews.com.br\/index.php?rest_route=\/wp\/v2\/posts"}],"about":[{"href":"https:\/\/inclusivenews.com.br\/index.php?rest_route=\/wp\/v2\/types\/post"}],"author":[{"embeddable":true,"href":"https:\/\/inclusivenews.com.br\/index.php?rest_route=\/wp\/v2\/users\/2"}],"replies":[{"embeddable":true,"href":"https:\/\/inclusivenews.com.br\/index.php?rest_route=%2Fwp%2Fv2%2Fcomments&post=3363"}],"version-history":[{"count":0,"href":"https:\/\/inclusivenews.com.br\/index.php?rest_route=\/wp\/v2\/posts\/3363\/revisions"}],"wp:attachment":[{"href":"https:\/\/inclusivenews.com.br\/index.php?rest_route=%2Fwp%2Fv2%2Fmedia&parent=3363"}],"wp:term":[{"taxonomy":"category","embeddable":true,"href":"https:\/\/inclusivenews.com.br\/index.php?rest_route=%2Fwp%2Fv2%2Fcategories&post=3363"},{"taxonomy":"post_tag","embeddable":true,"href":"https:\/\/inclusivenews.com.br\/index.php?rest_route=%2Fwp%2Fv2%2Ftags&post=3363"}],"curies":[{"name":"wp","href":"https:\/\/api.w.org\/{rel}","templated":true}]}}