{"id":33672,"date":"2024-06-29T11:18:32","date_gmt":"2024-06-29T11:18:32","guid":{"rendered":"https:\/\/inclusivenews.com.br\/?p=33672"},"modified":"2024-06-29T11:18:32","modified_gmt":"2024-06-29T11:18:32","slug":"pesquisa-mostra-perfil-dos-educadores-sociais-voluntarios-do-df","status":"publish","type":"post","link":"https:\/\/inclusivenews.com.br\/?p=33672","title":{"rendered":"Pesquisa mostra perfil dos educadores sociais volunt\u00e1rios do DF"},"content":{"rendered":"\n<p>Estudo realizado pelo Instituto de Pesquisa e Estat\u00edstica do DF (IPEDF) buscou identificar qual o perfil dos participantes do programa<\/p>\n\n\n\n<figure class=\"wp-block-image size-full is-resized\"><img loading=\"lazy\" decoding=\"async\" width=\"1000\" height=\"667\" src=\"https:\/\/inclusivenews.com.br\/wp-content\/uploads\/2024\/06\/AdobeStock-27lKaqTew5.jpg\" alt=\"Uma professora com cabelo afro e um grande sorriso l\u00ea um livro ilustrado para um grupo de crian\u00e7as sentadas em c\u00edrculo ao seu redor. O ambiente \u00e9 uma sala de aula colorida e bem iluminada, com cartazes e materiais educativos nas paredes.\" class=\"wp-image-33674\" style=\"width:575px;height:auto\" srcset=\"https:\/\/inclusivenews.com.br\/wp-content\/uploads\/2024\/06\/AdobeStock-27lKaqTew5.jpg 1000w, https:\/\/inclusivenews.com.br\/wp-content\/uploads\/2024\/06\/AdobeStock-27lKaqTew5-300x200.jpg 300w, https:\/\/inclusivenews.com.br\/wp-content\/uploads\/2024\/06\/AdobeStock-27lKaqTew5-768x512.jpg 768w\" sizes=\"auto, (max-width: 1000px) 100vw, 1000px\" \/><\/figure>\n\n\n\n<p>Um estudo realizado pelo Instituto de Pesquisa e Estat\u00edstica do Distrito Federal (<a href=\"https:\/\/www.ipe.df.gov.br\/\" target=\"_blank\" rel=\"noreferrer noopener\">IPEDF<\/a>) analisou o perfil dos educadores sociais volunt\u00e1rios do\u00a0<a href=\"https:\/\/www.metropoles.com\/distrito-federal\" target=\"_blank\" rel=\"noreferrer noopener\">Distrito Federal<\/a>. A pesquisa \u201cEduca\u00e7\u00e3o inclusiva no Distrito Federal: o papel dos educadores sociais volunt\u00e1rios\u201d buscou compreender o perfil desses profissionais, os motivos que levam ao ingresso no programa e raz\u00f5es para sua perman\u00eancia, al\u00e9m dos desafios para o desempenho da fun\u00e7\u00e3o.<\/p>\n\n\n\n<p>A pesquisa utilizou m\u00e9todos quantitativos e qualitativos, incluindo levantamento de dados com grupos focais e entrevistas com gestores da Secretaria de Educa\u00e7\u00e3o do DF (<a href=\"https:\/\/www.educacao.df.gov.br\/\" target=\"_blank\" rel=\"noreferrer noopener\">SEE-DF<\/a>) e diretores de escolas p\u00fablicas. Em evento realizado nessa quarta-feira (26\/6) para apresenta\u00e7\u00e3o dos dados obtidos, a diretora de Estudos e Pol\u00edticas Sociais do instituto, Marcela Machado, comentou sobre os resultados, que fornecem \u201cuma vis\u00e3o detalhada sobre o perfil e os desafios enfrentados pelos educadores sociais volunt\u00e1rios\u201d.<\/p>\n\n\n\n<p>\u201cA pesquisa traz informa\u00e7\u00f5es in\u00e9ditas sobre esse ator que cumpre um papel crucial na educa\u00e7\u00e3o inclusiva no DF, que \u00e9 o educador social volunt\u00e1rio. \u00c9 nosso papel enquanto instituto de pesquisa trazer informa\u00e7\u00f5es sobre fen\u00f4menos sociais que demandam explica\u00e7\u00f5es e investiga\u00e7\u00f5es, para permitir que o poder p\u00fablico possa agir de maneira focalizada\u201d, comentou a diretora.<\/p>\n\n\n\n<h4 class=\"wp-block-heading\">Perfil dos Educadores Sociais Volunt\u00e1rios<\/h4>\n\n\n\n<p>Os dados obtidos pela pesquisa \u201cEduca\u00e7\u00e3o inclusiva no Distrito Federal: o papel dos educadores sociais volunt\u00e1rios\u201d revelam que mais da metade dos educadores sociais volunt\u00e1rios s\u00e3o mulheres (83,5%), na faixa dos 30 a 49 anos (53%) e se identificam como pardos (55%). Al\u00e9m disso, 57% dos entrevistados n\u00e3o possuem outra ocupa\u00e7\u00e3o al\u00e9m de educador social volunt\u00e1rio.<\/p>\n\n\n\n<p>Quanto a forma\u00e7\u00e3o, a maioria dos educadores sociais volunt\u00e1rios mostraram ter ensino superior completo (41,5%) e p\u00f3s-gradua\u00e7\u00e3o (22,1%). Desses, dois ter\u00e7os dos educadores possui um diploma nas \u00e1reas de ci\u00eancias humanas, lingu\u00edstica, letras ou artes (67%). Outras \u00e1reas que apareceram na resposta dos entrevistados foram as de tecnologia, engenharia, ci\u00eancias exatas e biol\u00f3gicas (6% cada) e ci\u00eancias agr\u00e1rias (1%).<\/p>\n\n\n\n<p>Entre as motiva\u00e7\u00f5es para atuar no programa da Secretaria de Educa\u00e7\u00e3o do DF (SEE-DF) apresentam dados mais variados. Nesta etapa da pesquisa, hist\u00f3rico pessoal, necessidade financeira e a busca por experi\u00eancia profissional foram citadas como raz\u00f5es que levaram os participantes a serem educadores sociais volunt\u00e1rios.<\/p>\n\n\n\n<blockquote class=\"wp-block-quote is-layout-flow wp-block-quote-is-layout-flow\">\n<p>29% dos participantes mencionaram a experi\u00eancia pessoal com crian\u00e7as e\/ou adolescentes com defici\u00eancias e transtornos, enquanto 24% procuravam uma oportunidade profissional. 16% queriam aplicar os conhecimentos obtidos na universidade.<\/p>\n<\/blockquote>\n\n\n\n<h4 class=\"wp-block-heading\">Realidades e Desafios<\/h4>\n\n\n\n<p>A pesquisa tamb\u00e9m buscou saber quais as atividades realizadas pelo educadores sociais volunt\u00e1rios no dia a dia escolar. Entre elas, as principais fun\u00e7\u00f5es desempenhadas s\u00e3o o aux\u00edlio em sala de aula (89%), atividades recreativas (77%), locomo\u00e7\u00e3o (73%), refei\u00e7\u00f5es (69%) e higieniza\u00e7\u00e3o (67%).<\/p>\n\n\n\n<p>Entre o perfil dos alunos assistidos pelos educadores, 50% apresentavam algum tipo de defici\u00eancia mental, sendo a grande maioria dos estudantes diagnosticados com Espectro Autista (82%). Defici\u00eancias f\u00edsicas (45%), visuais (13%) e auditivas (13%) tamb\u00e9m foram citadas pela pesquisa.<\/p>\n\n\n\n<p>J\u00e1 quanto aos desafios ou motivos que levariam \u00e0 desist\u00eancia do programa, est\u00e3o a falta de materiais adequados (40%), equipe t\u00e9cnica e apoio insuficientes (40%), alto n\u00famero de alunos por classe (54%), e projetos pedag\u00f3gicos que n\u00e3o contemplam a inclus\u00e3o (22%).<\/p>\n\n\n\n<p>Por fim, ao serem questionados sobre como melhorar essas condi\u00e7\u00f5es de trabalho, quatro em cada cinco dos entrevistados apontaram a necessidade de aumento do valor do ressarcimento por turno e da oferta de cursos de capacita\u00e7\u00e3o. A abertura de mais vagas para educadores sociais volunt\u00e1rios tamb\u00e9m foi um desafio comumente citado (59%).<\/p>\n\n\n\n<p>Fonte: <a href=\"https:\/\/www.metropoles.com\/distrito-federal\/pesquisa-mostra-perfil-dos-educadores-sociais-voluntarios-do-df\">https:\/\/www.metropoles.com\/distrito-federal\/pesquisa-mostra-perfil-dos-educadores-sociais-voluntarios-do-df<\/a><\/p>\n","protected":false},"excerpt":{"rendered":"<p>Estudo realizado pelo Instituto de Pesquisa e Estat\u00edstica do DF (IPEDF) buscou identificar qual o perfil dos participantes do programa Um estudo realizado pelo Instituto de Pesquisa e Estat\u00edstica do Distrito Federal (IPEDF) analisou o perfil dos educadores sociais volunt\u00e1rios do\u00a0Distrito Federal. A pesquisa \u201cEduca\u00e7\u00e3o inclusiva no Distrito Federal: o papel dos educadores sociais volunt\u00e1rios\u201d [&hellip;]<\/p>\n","protected":false},"author":1,"featured_media":33674,"comment_status":"open","ping_status":"open","sticky":false,"template":"","format":"standard","meta":{"site-container-style":"default","site-container-layout":"default","site-sidebar-layout":"default","disable-article-header":"default","disable-site-header":"default","disable-site-footer":"default","disable-content-area-spacing":"default","footnotes":""},"categories":[38,6,48],"tags":[34,189,494,126,60,493],"class_list":["post-33672","post","type-post","status-publish","format-standard","has-post-thumbnail","hentry","category-deficiencia","category-educacao","category-inclusao","tag-autismo","tag-deficiencia-2","tag-distrito-federal","tag-educacao-inclusiva","tag-infancia","tag-ipedf"],"yoast_head":"<!-- This site is optimized with the Yoast SEO plugin v27.4 - https:\/\/yoast.com\/product\/yoast-seo-wordpress\/ -->\n<title>Pesquisa mostra perfil dos educadores sociais volunt\u00e1rios do DF -<\/title>\n<meta name=\"robots\" content=\"index, follow, max-snippet:-1, max-image-preview:large, max-video-preview:-1\" \/>\n<link rel=\"canonical\" href=\"https:\/\/inclusivenews.com.br\/?p=33672\" \/>\n<meta property=\"og:locale\" content=\"pt_PT\" \/>\n<meta property=\"og:type\" content=\"article\" \/>\n<meta property=\"og:title\" content=\"Pesquisa mostra perfil dos educadores sociais volunt\u00e1rios do DF -\" \/>\n<meta property=\"og:description\" content=\"Estudo realizado pelo Instituto de Pesquisa e Estat\u00edstica do DF (IPEDF) buscou identificar qual o perfil dos participantes do programa Um estudo realizado pelo Instituto de Pesquisa e Estat\u00edstica do Distrito Federal (IPEDF) analisou o perfil dos educadores sociais volunt\u00e1rios do\u00a0Distrito Federal. A pesquisa \u201cEduca\u00e7\u00e3o inclusiva no Distrito Federal: o papel dos educadores sociais volunt\u00e1rios\u201d [&hellip;]\" \/>\n<meta property=\"og:url\" content=\"https:\/\/inclusivenews.com.br\/?p=33672\" \/>\n<meta property=\"article:publisher\" content=\"https:\/\/www.facebook.com\/agenciainclusive\/\" \/>\n<meta property=\"article:published_time\" content=\"2024-06-29T11:18:32+00:00\" \/>\n<meta property=\"og:image\" content=\"https:\/\/inclusivenews.com.br\/wp-content\/uploads\/2024\/06\/AdobeStock-27lKaqTew5.jpg\" \/>\n\t<meta property=\"og:image:width\" content=\"1000\" \/>\n\t<meta property=\"og:image:height\" content=\"667\" \/>\n\t<meta property=\"og:image:type\" content=\"image\/jpeg\" \/>\n<meta name=\"author\" content=\"inclusivenews2024\" \/>\n<meta name=\"twitter:card\" content=\"summary_large_image\" \/>\n<meta name=\"twitter:label1\" content=\"Escrito por\" \/>\n\t<meta name=\"twitter:data1\" content=\"inclusivenews2024\" \/>\n\t<meta name=\"twitter:label2\" content=\"Tempo estimado de leitura\" \/>\n\t<meta name=\"twitter:data2\" content=\"4 minutos\" \/>\n<script type=\"application\/ld+json\" class=\"yoast-schema-graph\">{\"@context\":\"https:\\\/\\\/schema.org\",\"@graph\":[{\"@type\":\"Article\",\"@id\":\"https:\\\/\\\/inclusivenews.com.br\\\/?p=33672#article\",\"isPartOf\":{\"@id\":\"https:\\\/\\\/inclusivenews.com.br\\\/?p=33672\"},\"author\":{\"name\":\"inclusivenews2024\",\"@id\":\"https:\\\/\\\/inclusivenews.com.br\\\/#\\\/schema\\\/person\\\/ae4ec7087559b8692fb33b6fffd2273b\"},\"headline\":\"Pesquisa mostra perfil dos educadores sociais volunt\u00e1rios do DF\",\"datePublished\":\"2024-06-29T11:18:32+00:00\",\"mainEntityOfPage\":{\"@id\":\"https:\\\/\\\/inclusivenews.com.br\\\/?p=33672\"},\"wordCount\":644,\"commentCount\":0,\"publisher\":{\"@id\":\"https:\\\/\\\/inclusivenews.com.br\\\/#organization\"},\"image\":{\"@id\":\"https:\\\/\\\/inclusivenews.com.br\\\/?p=33672#primaryimage\"},\"thumbnailUrl\":\"https:\\\/\\\/inclusivenews.com.br\\\/wp-content\\\/uploads\\\/2024\\\/06\\\/AdobeStock-27lKaqTew5.jpg\",\"keywords\":[\"Autismo\",\"defici\u00eancia\",\"Distrito Federal\",\"Educa\u00e7\u00e3o inclusiva\",\"Inf\u00e2ncia\",\"IPEDF\"],\"articleSection\":[\"Defici\u00eancia\",\"EDUCA\u00c7\u00c3O\",\"INCLUS\u00c3O SOCIAL\"],\"inLanguage\":\"pt-PT\",\"potentialAction\":[{\"@type\":\"CommentAction\",\"name\":\"Comment\",\"target\":[\"https:\\\/\\\/inclusivenews.com.br\\\/?p=33672#respond\"]}]},{\"@type\":\"WebPage\",\"@id\":\"https:\\\/\\\/inclusivenews.com.br\\\/?p=33672\",\"url\":\"https:\\\/\\\/inclusivenews.com.br\\\/?p=33672\",\"name\":\"Pesquisa mostra perfil dos educadores sociais volunt\u00e1rios do DF -\",\"isPartOf\":{\"@id\":\"https:\\\/\\\/inclusivenews.com.br\\\/#website\"},\"primaryImageOfPage\":{\"@id\":\"https:\\\/\\\/inclusivenews.com.br\\\/?p=33672#primaryimage\"},\"image\":{\"@id\":\"https:\\\/\\\/inclusivenews.com.br\\\/?p=33672#primaryimage\"},\"thumbnailUrl\":\"https:\\\/\\\/inclusivenews.com.br\\\/wp-content\\\/uploads\\\/2024\\\/06\\\/AdobeStock-27lKaqTew5.jpg\",\"datePublished\":\"2024-06-29T11:18:32+00:00\",\"breadcrumb\":{\"@id\":\"https:\\\/\\\/inclusivenews.com.br\\\/?p=33672#breadcrumb\"},\"inLanguage\":\"pt-PT\",\"potentialAction\":[{\"@type\":\"ReadAction\",\"target\":[\"https:\\\/\\\/inclusivenews.com.br\\\/?p=33672\"]}]},{\"@type\":\"ImageObject\",\"inLanguage\":\"pt-PT\",\"@id\":\"https:\\\/\\\/inclusivenews.com.br\\\/?p=33672#primaryimage\",\"url\":\"https:\\\/\\\/inclusivenews.com.br\\\/wp-content\\\/uploads\\\/2024\\\/06\\\/AdobeStock-27lKaqTew5.jpg\",\"contentUrl\":\"https:\\\/\\\/inclusivenews.com.br\\\/wp-content\\\/uploads\\\/2024\\\/06\\\/AdobeStock-27lKaqTew5.jpg\",\"width\":1000,\"height\":667,\"caption\":\"Uma professora com cabelo afro e um grande sorriso l\u00ea um livro ilustrado para um grupo de crian\u00e7as sentadas em c\u00edrculo ao seu redor. O ambiente \u00e9 uma sala de aula colorida e bem iluminada, com cartazes e materiais educativos nas paredes.\"},{\"@type\":\"BreadcrumbList\",\"@id\":\"https:\\\/\\\/inclusivenews.com.br\\\/?p=33672#breadcrumb\",\"itemListElement\":[{\"@type\":\"ListItem\",\"position\":1,\"name\":\"In\u00edcio\",\"item\":\"https:\\\/\\\/inclusivenews.com.br\\\/\"},{\"@type\":\"ListItem\",\"position\":2,\"name\":\"Pesquisa mostra perfil dos educadores sociais volunt\u00e1rios do DF\"}]},{\"@type\":\"WebSite\",\"@id\":\"https:\\\/\\\/inclusivenews.com.br\\\/#website\",\"url\":\"https:\\\/\\\/inclusivenews.com.br\\\/\",\"name\":\"Inclusive News\",\"description\":\"Inclusive News\",\"publisher\":{\"@id\":\"https:\\\/\\\/inclusivenews.com.br\\\/#organization\"},\"potentialAction\":[{\"@type\":\"SearchAction\",\"target\":{\"@type\":\"EntryPoint\",\"urlTemplate\":\"https:\\\/\\\/inclusivenews.com.br\\\/?s={search_term_string}\"},\"query-input\":{\"@type\":\"PropertyValueSpecification\",\"valueRequired\":true,\"valueName\":\"search_term_string\"}}],\"inLanguage\":\"pt-PT\"},{\"@type\":\"Organization\",\"@id\":\"https:\\\/\\\/inclusivenews.com.br\\\/#organization\",\"name\":\"Inclusive - inclus\u00e3o e cidadania\",\"url\":\"https:\\\/\\\/inclusivenews.com.br\\\/\",\"logo\":{\"@type\":\"ImageObject\",\"inLanguage\":\"pt-PT\",\"@id\":\"https:\\\/\\\/inclusivenews.com.br\\\/#\\\/schema\\\/logo\\\/image\\\/\",\"url\":\"https:\\\/\\\/inclusivenews.com.br\\\/wp-content\\\/uploads\\\/2024\\\/03\\\/@grandesite.png\",\"contentUrl\":\"https:\\\/\\\/inclusivenews.com.br\\\/wp-content\\\/uploads\\\/2024\\\/03\\\/@grandesite.png\",\"width\":1080,\"height\":1080,\"caption\":\"Inclusive - inclus\u00e3o e cidadania\"},\"image\":{\"@id\":\"https:\\\/\\\/inclusivenews.com.br\\\/#\\\/schema\\\/logo\\\/image\\\/\"},\"sameAs\":[\"https:\\\/\\\/www.facebook.com\\\/agenciainclusive\\\/\",\"https:\\\/\\\/www.instagram.com\\\/newsinclusive\\\/\"]},{\"@type\":\"Person\",\"@id\":\"https:\\\/\\\/inclusivenews.com.br\\\/#\\\/schema\\\/person\\\/ae4ec7087559b8692fb33b6fffd2273b\",\"name\":\"inclusivenews2024\",\"image\":{\"@type\":\"ImageObject\",\"inLanguage\":\"pt-PT\",\"@id\":\"https:\\\/\\\/secure.gravatar.com\\\/avatar\\\/c5a7ef84c66fa914f55bc4f7ce26cfa275a3b9a1c5568b907bd184fb4dde7b40?s=96&d=mm&r=g\",\"url\":\"https:\\\/\\\/secure.gravatar.com\\\/avatar\\\/c5a7ef84c66fa914f55bc4f7ce26cfa275a3b9a1c5568b907bd184fb4dde7b40?s=96&d=mm&r=g\",\"contentUrl\":\"https:\\\/\\\/secure.gravatar.com\\\/avatar\\\/c5a7ef84c66fa914f55bc4f7ce26cfa275a3b9a1c5568b907bd184fb4dde7b40?s=96&d=mm&r=g\",\"caption\":\"inclusivenews2024\"},\"sameAs\":[\"https:\\\/\\\/inclusivenews.com.br\"],\"url\":\"https:\\\/\\\/inclusivenews.com.br\\\/?author=1\"}]}<\/script>\n<!-- \/ Yoast SEO plugin. -->","yoast_head_json":{"title":"Pesquisa mostra perfil dos educadores sociais volunt\u00e1rios do DF -","robots":{"index":"index","follow":"follow","max-snippet":"max-snippet:-1","max-image-preview":"max-image-preview:large","max-video-preview":"max-video-preview:-1"},"canonical":"https:\/\/inclusivenews.com.br\/?p=33672","og_locale":"pt_PT","og_type":"article","og_title":"Pesquisa mostra perfil dos educadores sociais volunt\u00e1rios do DF -","og_description":"Estudo realizado pelo Instituto de Pesquisa e Estat\u00edstica do DF (IPEDF) buscou identificar qual o perfil dos participantes do programa Um estudo realizado pelo Instituto de Pesquisa e Estat\u00edstica do Distrito Federal (IPEDF) analisou o perfil dos educadores sociais volunt\u00e1rios do\u00a0Distrito Federal. A pesquisa \u201cEduca\u00e7\u00e3o inclusiva no Distrito Federal: o papel dos educadores sociais volunt\u00e1rios\u201d [&hellip;]","og_url":"https:\/\/inclusivenews.com.br\/?p=33672","article_publisher":"https:\/\/www.facebook.com\/agenciainclusive\/","article_published_time":"2024-06-29T11:18:32+00:00","og_image":[{"width":1000,"height":667,"url":"https:\/\/inclusivenews.com.br\/wp-content\/uploads\/2024\/06\/AdobeStock-27lKaqTew5.jpg","type":"image\/jpeg"}],"author":"inclusivenews2024","twitter_card":"summary_large_image","twitter_misc":{"Escrito por":"inclusivenews2024","Tempo estimado de leitura":"4 minutos"},"schema":{"@context":"https:\/\/schema.org","@graph":[{"@type":"Article","@id":"https:\/\/inclusivenews.com.br\/?p=33672#article","isPartOf":{"@id":"https:\/\/inclusivenews.com.br\/?p=33672"},"author":{"name":"inclusivenews2024","@id":"https:\/\/inclusivenews.com.br\/#\/schema\/person\/ae4ec7087559b8692fb33b6fffd2273b"},"headline":"Pesquisa mostra perfil dos educadores sociais volunt\u00e1rios do DF","datePublished":"2024-06-29T11:18:32+00:00","mainEntityOfPage":{"@id":"https:\/\/inclusivenews.com.br\/?p=33672"},"wordCount":644,"commentCount":0,"publisher":{"@id":"https:\/\/inclusivenews.com.br\/#organization"},"image":{"@id":"https:\/\/inclusivenews.com.br\/?p=33672#primaryimage"},"thumbnailUrl":"https:\/\/inclusivenews.com.br\/wp-content\/uploads\/2024\/06\/AdobeStock-27lKaqTew5.jpg","keywords":["Autismo","defici\u00eancia","Distrito Federal","Educa\u00e7\u00e3o inclusiva","Inf\u00e2ncia","IPEDF"],"articleSection":["Defici\u00eancia","EDUCA\u00c7\u00c3O","INCLUS\u00c3O SOCIAL"],"inLanguage":"pt-PT","potentialAction":[{"@type":"CommentAction","name":"Comment","target":["https:\/\/inclusivenews.com.br\/?p=33672#respond"]}]},{"@type":"WebPage","@id":"https:\/\/inclusivenews.com.br\/?p=33672","url":"https:\/\/inclusivenews.com.br\/?p=33672","name":"Pesquisa mostra perfil dos educadores sociais volunt\u00e1rios do DF -","isPartOf":{"@id":"https:\/\/inclusivenews.com.br\/#website"},"primaryImageOfPage":{"@id":"https:\/\/inclusivenews.com.br\/?p=33672#primaryimage"},"image":{"@id":"https:\/\/inclusivenews.com.br\/?p=33672#primaryimage"},"thumbnailUrl":"https:\/\/inclusivenews.com.br\/wp-content\/uploads\/2024\/06\/AdobeStock-27lKaqTew5.jpg","datePublished":"2024-06-29T11:18:32+00:00","breadcrumb":{"@id":"https:\/\/inclusivenews.com.br\/?p=33672#breadcrumb"},"inLanguage":"pt-PT","potentialAction":[{"@type":"ReadAction","target":["https:\/\/inclusivenews.com.br\/?p=33672"]}]},{"@type":"ImageObject","inLanguage":"pt-PT","@id":"https:\/\/inclusivenews.com.br\/?p=33672#primaryimage","url":"https:\/\/inclusivenews.com.br\/wp-content\/uploads\/2024\/06\/AdobeStock-27lKaqTew5.jpg","contentUrl":"https:\/\/inclusivenews.com.br\/wp-content\/uploads\/2024\/06\/AdobeStock-27lKaqTew5.jpg","width":1000,"height":667,"caption":"Uma professora com cabelo afro e um grande sorriso l\u00ea um livro ilustrado para um grupo de crian\u00e7as sentadas em c\u00edrculo ao seu redor. O ambiente \u00e9 uma sala de aula colorida e bem iluminada, com cartazes e materiais educativos nas paredes."},{"@type":"BreadcrumbList","@id":"https:\/\/inclusivenews.com.br\/?p=33672#breadcrumb","itemListElement":[{"@type":"ListItem","position":1,"name":"In\u00edcio","item":"https:\/\/inclusivenews.com.br\/"},{"@type":"ListItem","position":2,"name":"Pesquisa mostra perfil dos educadores sociais volunt\u00e1rios do DF"}]},{"@type":"WebSite","@id":"https:\/\/inclusivenews.com.br\/#website","url":"https:\/\/inclusivenews.com.br\/","name":"Inclusive News","description":"Inclusive News","publisher":{"@id":"https:\/\/inclusivenews.com.br\/#organization"},"potentialAction":[{"@type":"SearchAction","target":{"@type":"EntryPoint","urlTemplate":"https:\/\/inclusivenews.com.br\/?s={search_term_string}"},"query-input":{"@type":"PropertyValueSpecification","valueRequired":true,"valueName":"search_term_string"}}],"inLanguage":"pt-PT"},{"@type":"Organization","@id":"https:\/\/inclusivenews.com.br\/#organization","name":"Inclusive - inclus\u00e3o e cidadania","url":"https:\/\/inclusivenews.com.br\/","logo":{"@type":"ImageObject","inLanguage":"pt-PT","@id":"https:\/\/inclusivenews.com.br\/#\/schema\/logo\/image\/","url":"https:\/\/inclusivenews.com.br\/wp-content\/uploads\/2024\/03\/@grandesite.png","contentUrl":"https:\/\/inclusivenews.com.br\/wp-content\/uploads\/2024\/03\/@grandesite.png","width":1080,"height":1080,"caption":"Inclusive - inclus\u00e3o e cidadania"},"image":{"@id":"https:\/\/inclusivenews.com.br\/#\/schema\/logo\/image\/"},"sameAs":["https:\/\/www.facebook.com\/agenciainclusive\/","https:\/\/www.instagram.com\/newsinclusive\/"]},{"@type":"Person","@id":"https:\/\/inclusivenews.com.br\/#\/schema\/person\/ae4ec7087559b8692fb33b6fffd2273b","name":"inclusivenews2024","image":{"@type":"ImageObject","inLanguage":"pt-PT","@id":"https:\/\/secure.gravatar.com\/avatar\/c5a7ef84c66fa914f55bc4f7ce26cfa275a3b9a1c5568b907bd184fb4dde7b40?s=96&d=mm&r=g","url":"https:\/\/secure.gravatar.com\/avatar\/c5a7ef84c66fa914f55bc4f7ce26cfa275a3b9a1c5568b907bd184fb4dde7b40?s=96&d=mm&r=g","contentUrl":"https:\/\/secure.gravatar.com\/avatar\/c5a7ef84c66fa914f55bc4f7ce26cfa275a3b9a1c5568b907bd184fb4dde7b40?s=96&d=mm&r=g","caption":"inclusivenews2024"},"sameAs":["https:\/\/inclusivenews.com.br"],"url":"https:\/\/inclusivenews.com.br\/?author=1"}]}},"_links":{"self":[{"href":"https:\/\/inclusivenews.com.br\/index.php?rest_route=\/wp\/v2\/posts\/33672","targetHints":{"allow":["GET"]}}],"collection":[{"href":"https:\/\/inclusivenews.com.br\/index.php?rest_route=\/wp\/v2\/posts"}],"about":[{"href":"https:\/\/inclusivenews.com.br\/index.php?rest_route=\/wp\/v2\/types\/post"}],"author":[{"embeddable":true,"href":"https:\/\/inclusivenews.com.br\/index.php?rest_route=\/wp\/v2\/users\/1"}],"replies":[{"embeddable":true,"href":"https:\/\/inclusivenews.com.br\/index.php?rest_route=%2Fwp%2Fv2%2Fcomments&post=33672"}],"version-history":[{"count":1,"href":"https:\/\/inclusivenews.com.br\/index.php?rest_route=\/wp\/v2\/posts\/33672\/revisions"}],"predecessor-version":[{"id":33675,"href":"https:\/\/inclusivenews.com.br\/index.php?rest_route=\/wp\/v2\/posts\/33672\/revisions\/33675"}],"wp:featuredmedia":[{"embeddable":true,"href":"https:\/\/inclusivenews.com.br\/index.php?rest_route=\/wp\/v2\/media\/33674"}],"wp:attachment":[{"href":"https:\/\/inclusivenews.com.br\/index.php?rest_route=%2Fwp%2Fv2%2Fmedia&parent=33672"}],"wp:term":[{"taxonomy":"category","embeddable":true,"href":"https:\/\/inclusivenews.com.br\/index.php?rest_route=%2Fwp%2Fv2%2Fcategories&post=33672"},{"taxonomy":"post_tag","embeddable":true,"href":"https:\/\/inclusivenews.com.br\/index.php?rest_route=%2Fwp%2Fv2%2Ftags&post=33672"}],"curies":[{"name":"wp","href":"https:\/\/api.w.org\/{rel}","templated":true}]}}