{"id":33680,"date":"2024-07-01T15:18:07","date_gmt":"2024-07-01T15:18:07","guid":{"rendered":"https:\/\/inclusivenews.com.br\/?p=33680"},"modified":"2024-07-01T16:42:36","modified_gmt":"2024-07-01T16:42:36","slug":"episodio-23-2024-2-07-orgulho-diversidade-e-respeito","status":"publish","type":"post","link":"https:\/\/inclusivenews.com.br\/?p=33680","title":{"rendered":"Epis\u00f3dio 23\/2024 2\/07 &#8211; Orgulho, Diversidade e Respeito"},"content":{"rendered":"\n<p> Orgulho, Diversidade e Respeito<\/p>\n\n\n\n<p>\u00c9 com muito orgulho que o Podcast Acessando Luc\u00edlia desta ter\u00e7a-feira, 02\/07, recebe Walleria Suri para uma conversa sobre respeito, visibilidade, cidadania e direitos da popula\u00e7\u00e3o LGBTI+.<\/p>\n\n\n\n<figure class=\"wp-block-image size-large is-resized\"><img loading=\"lazy\" decoding=\"async\" width=\"1024\" height=\"576\" src=\"https:\/\/inclusivenews.com.br\/wp-content\/uploads\/2024\/07\/WhatsApp-Image-2024-07-01-at-13.30.20-1024x576.jpeg\" alt=\"A imagem \u00e9 um banner promocional para um podcast chamado &quot;Acessando Luc\u00edlia&quot;, apresentado por Luc\u00edlia Machado. O podcast vai ao ar \u00e0s ter\u00e7as-feiras \u00e0s 18h. Inclui links para o YouTube e Facebook e logotipos de &quot;Inclusive News&quot; e &quot;R\u00e1dio Censura Livre&quot;.\" class=\"wp-image-33704\" style=\"width:770px;height:auto\" srcset=\"https:\/\/inclusivenews.com.br\/wp-content\/uploads\/2024\/07\/WhatsApp-Image-2024-07-01-at-13.30.20-1024x576.jpeg 1024w, https:\/\/inclusivenews.com.br\/wp-content\/uploads\/2024\/07\/WhatsApp-Image-2024-07-01-at-13.30.20-300x169.jpeg 300w, https:\/\/inclusivenews.com.br\/wp-content\/uploads\/2024\/07\/WhatsApp-Image-2024-07-01-at-13.30.20-768x432.jpeg 768w, https:\/\/inclusivenews.com.br\/wp-content\/uploads\/2024\/07\/WhatsApp-Image-2024-07-01-at-13.30.20.jpeg 1280w\" sizes=\"auto, (max-width: 1024px) 100vw, 1024px\" \/><\/figure>\n\n\n\n<p>Muitas conquistas sociais aconteceram desde Junho de 1969, quando uma violenta a\u00e7\u00e3o policial no bar The Stonewall Inn, em Nova Iorque, conhecido reduto LGBT, resultou em uma revolta que desde ent\u00e3o \u00e9 s\u00edmbolo do movimento de luta de l\u00e9sbicas, gays, bissexuais, transg\u00eaneros, queers, intersexuais, assexuais, e demais denomina\u00e7\u00f5es, pelo direito de ser quem se \u00e9. Mas o pleno reconhecimento social ainda est\u00e1 longe de ser alcan\u00e7ado.<\/p>\n\n\n\n<p>A pauta vai abordar tamb\u00e9m as redes de afeto e resist\u00eancia, a luta contra a discrimina\u00e7\u00e3o, opress\u00e3o, viol\u00eancia, as a\u00e7\u00f5es vitais de resgate e inser\u00e7\u00e3o social a favor da vida da comunidade e a rela\u00e7\u00e3o entre o capacitismo e o movimento LGBTI+.<\/p>\n\n\n\n<p>A nossa convidada, Walleria Suri, \u00e9 uma mulher trans com defici\u00eancia visual, paulistana, 47 anos, graduanda em Direito e em Gest\u00e3o de Recursos Humanos. Consultora de Diversidade, Equidade e Inclus\u00e3o, ativista dos direitos humanos, integrante do MBMC (Movimento Brasileiro de Mulheres Cegas e com Baixa-vis\u00e3o) e da FNMD (Frente Nacional de Mulheres com Defici\u00eancia).<\/p>\n\n\n\n<p><\/p>\n\n\n\n<p>Muitas conquistas sociais aconteceram desde Junho de 1969, quando uma violenta a\u00e7\u00e3o policial no bar The Stonewall Inn, em Nova Iorque, conhecido reduto LGBT, resultou em uma revolta que desde ent\u00e3o \u00e9 s\u00edmbolo do movimento de luta de l\u00e9sbicas, gays, bissexuais, transg\u00eaneros, queers, intersexuais, assexuais, e demais denomina\u00e7\u00f5es, pelo direito de ser quem se \u00e9. Mas o pleno reconhecimento social ainda est\u00e1 longe de ser alcan\u00e7ado.<\/p>\n\n\n\n<pre class=\"wp-block-code\"><code><\/code><\/pre>\n\n\n\n<p>O bate-papo, que \u00e9 uma parceria com a Inclusive News, conta com int\u00e9rprete de libras e ser\u00e1 transmitido ao vivo, \u00e0s 18h, no canal do ACESSANDO LUC\u00cdLIA no Youtube: <a href=\"https:\/\/www.youtube.com\/@acessandolucilia5059\">https:\/\/www.youtube.com\/@acessandolucilia5059<\/a> e tamb\u00e9m na Web R\u00e1dio Censura Livre, no Youtube: <a href=\"http:\/\/youtube.com\/c\/Censuralivre\">youtube.com\/c\/Censuralivre<\/a>, no Facebook <a href=\"http:\/\/facebook.com\/webradiocensuralivre\">facebook.com\/webradiocensuralivre<\/a>-e\/, no site <a href=\"http:\/\/www.clwebradio.com\">www.clwebradio.com <\/a>e no aplicativo: RadiosNet <a href=\"http:\/\/l.radios.com.br\/r\/100204\">http:\/\/l.radios.com.br\/r\/100204<\/a><\/p>\n\n\n\n<p><\/p>\n\n\n\n<p><\/p>\n","protected":false},"excerpt":{"rendered":"<p>Orgulho, Diversidade e Respeito \u00c9 com muito orgulho que o Podcast Acessando Luc\u00edlia desta ter\u00e7a-feira, 02\/07, recebe Walleria Suri para uma conversa sobre respeito, visibilidade, cidadania e direitos da popula\u00e7\u00e3o LGBTI+. Muitas conquistas sociais aconteceram desde Junho de 1969, quando uma violenta a\u00e7\u00e3o policial no bar The Stonewall Inn, em Nova Iorque, conhecido reduto LGBT, [&hellip;]<\/p>\n","protected":false},"author":1,"featured_media":33701,"comment_status":"open","ping_status":"open","sticky":false,"template":"","format":"standard","meta":{"site-container-style":"default","site-container-layout":"default","site-sidebar-layout":"default","disable-article-header":"default","disable-site-header":"default","disable-site-footer":"default","disable-content-area-spacing":"default","footnotes":""},"categories":[470],"tags":[],"class_list":["post-33680","post","type-post","status-publish","format-standard","has-post-thumbnail","hentry","category-podcast"],"yoast_head":"<!-- This site is optimized with the Yoast SEO plugin v27.4 - https:\/\/yoast.com\/product\/yoast-seo-wordpress\/ -->\n<title>Epis\u00f3dio 23\/2024 2\/07 - Orgulho, Diversidade e Respeito -<\/title>\n<meta name=\"robots\" content=\"index, follow, max-snippet:-1, max-image-preview:large, max-video-preview:-1\" \/>\n<link rel=\"canonical\" href=\"https:\/\/inclusivenews.com.br\/?p=33680\" \/>\n<meta property=\"og:locale\" content=\"pt_PT\" \/>\n<meta property=\"og:type\" content=\"article\" \/>\n<meta property=\"og:title\" content=\"Epis\u00f3dio 23\/2024 2\/07 - Orgulho, Diversidade e Respeito -\" \/>\n<meta property=\"og:description\" content=\"Orgulho, Diversidade e Respeito \u00c9 com muito orgulho que o Podcast Acessando Luc\u00edlia desta ter\u00e7a-feira, 02\/07, recebe Walleria Suri para uma conversa sobre respeito, visibilidade, cidadania e direitos da popula\u00e7\u00e3o LGBTI+. Muitas conquistas sociais aconteceram desde Junho de 1969, quando uma violenta a\u00e7\u00e3o policial no bar The Stonewall Inn, em Nova Iorque, conhecido reduto LGBT, [&hellip;]\" \/>\n<meta property=\"og:url\" content=\"https:\/\/inclusivenews.com.br\/?p=33680\" \/>\n<meta property=\"article:publisher\" content=\"https:\/\/www.facebook.com\/agenciainclusive\/\" \/>\n<meta property=\"article:published_time\" content=\"2024-07-01T15:18:07+00:00\" \/>\n<meta property=\"article:modified_time\" content=\"2024-07-01T16:42:36+00:00\" \/>\n<meta name=\"author\" content=\"inclusivenews2024\" \/>\n<meta name=\"twitter:card\" content=\"summary_large_image\" \/>\n<meta name=\"twitter:label1\" content=\"Escrito por\" \/>\n\t<meta name=\"twitter:data1\" content=\"inclusivenews2024\" \/>\n\t<meta name=\"twitter:label2\" content=\"Tempo estimado de leitura\" \/>\n\t<meta name=\"twitter:data2\" content=\"3 minutos\" \/>\n<script type=\"application\/ld+json\" class=\"yoast-schema-graph\">{\"@context\":\"https:\\\/\\\/schema.org\",\"@graph\":[{\"@type\":\"Article\",\"@id\":\"https:\\\/\\\/inclusivenews.com.br\\\/?p=33680#article\",\"isPartOf\":{\"@id\":\"https:\\\/\\\/inclusivenews.com.br\\\/?p=33680\"},\"author\":{\"name\":\"inclusivenews2024\",\"@id\":\"https:\\\/\\\/inclusivenews.com.br\\\/#\\\/schema\\\/person\\\/ae4ec7087559b8692fb33b6fffd2273b\"},\"headline\":\"Epis\u00f3dio 23\\\/2024 2\\\/07 &#8211; Orgulho, Diversidade e Respeito\",\"datePublished\":\"2024-07-01T15:18:07+00:00\",\"dateModified\":\"2024-07-01T16:42:36+00:00\",\"mainEntityOfPage\":{\"@id\":\"https:\\\/\\\/inclusivenews.com.br\\\/?p=33680\"},\"wordCount\":356,\"commentCount\":0,\"publisher\":{\"@id\":\"https:\\\/\\\/inclusivenews.com.br\\\/#organization\"},\"image\":{\"@id\":\"https:\\\/\\\/inclusivenews.com.br\\\/?p=33680#primaryimage\"},\"thumbnailUrl\":\"https:\\\/\\\/inclusivenews.com.br\\\/wp-content\\\/uploads\\\/2024\\\/07\\\/5.avif\",\"articleSection\":[\"PODCAST\"],\"inLanguage\":\"pt-PT\",\"potentialAction\":[{\"@type\":\"CommentAction\",\"name\":\"Comment\",\"target\":[\"https:\\\/\\\/inclusivenews.com.br\\\/?p=33680#respond\"]}]},{\"@type\":\"WebPage\",\"@id\":\"https:\\\/\\\/inclusivenews.com.br\\\/?p=33680\",\"url\":\"https:\\\/\\\/inclusivenews.com.br\\\/?p=33680\",\"name\":\"Epis\u00f3dio 23\\\/2024 2\\\/07 - Orgulho, Diversidade e Respeito -\",\"isPartOf\":{\"@id\":\"https:\\\/\\\/inclusivenews.com.br\\\/#website\"},\"primaryImageOfPage\":{\"@id\":\"https:\\\/\\\/inclusivenews.com.br\\\/?p=33680#primaryimage\"},\"image\":{\"@id\":\"https:\\\/\\\/inclusivenews.com.br\\\/?p=33680#primaryimage\"},\"thumbnailUrl\":\"https:\\\/\\\/inclusivenews.com.br\\\/wp-content\\\/uploads\\\/2024\\\/07\\\/5.avif\",\"datePublished\":\"2024-07-01T15:18:07+00:00\",\"dateModified\":\"2024-07-01T16:42:36+00:00\",\"breadcrumb\":{\"@id\":\"https:\\\/\\\/inclusivenews.com.br\\\/?p=33680#breadcrumb\"},\"inLanguage\":\"pt-PT\",\"potentialAction\":[{\"@type\":\"ReadAction\",\"target\":[\"https:\\\/\\\/inclusivenews.com.br\\\/?p=33680\"]}]},{\"@type\":\"ImageObject\",\"inLanguage\":\"pt-PT\",\"@id\":\"https:\\\/\\\/inclusivenews.com.br\\\/?p=33680#primaryimage\",\"url\":\"https:\\\/\\\/inclusivenews.com.br\\\/wp-content\\\/uploads\\\/2024\\\/07\\\/5.avif\",\"contentUrl\":\"https:\\\/\\\/inclusivenews.com.br\\\/wp-content\\\/uploads\\\/2024\\\/07\\\/5.avif\",\"width\":1008,\"height\":672},{\"@type\":\"BreadcrumbList\",\"@id\":\"https:\\\/\\\/inclusivenews.com.br\\\/?p=33680#breadcrumb\",\"itemListElement\":[{\"@type\":\"ListItem\",\"position\":1,\"name\":\"In\u00edcio\",\"item\":\"https:\\\/\\\/inclusivenews.com.br\\\/\"},{\"@type\":\"ListItem\",\"position\":2,\"name\":\"Epis\u00f3dio 23\\\/2024 2\\\/07 &#8211; Orgulho, Diversidade e Respeito\"}]},{\"@type\":\"WebSite\",\"@id\":\"https:\\\/\\\/inclusivenews.com.br\\\/#website\",\"url\":\"https:\\\/\\\/inclusivenews.com.br\\\/\",\"name\":\"Inclusive News\",\"description\":\"Inclusive News\",\"publisher\":{\"@id\":\"https:\\\/\\\/inclusivenews.com.br\\\/#organization\"},\"potentialAction\":[{\"@type\":\"SearchAction\",\"target\":{\"@type\":\"EntryPoint\",\"urlTemplate\":\"https:\\\/\\\/inclusivenews.com.br\\\/?s={search_term_string}\"},\"query-input\":{\"@type\":\"PropertyValueSpecification\",\"valueRequired\":true,\"valueName\":\"search_term_string\"}}],\"inLanguage\":\"pt-PT\"},{\"@type\":\"Organization\",\"@id\":\"https:\\\/\\\/inclusivenews.com.br\\\/#organization\",\"name\":\"Inclusive - inclus\u00e3o e cidadania\",\"url\":\"https:\\\/\\\/inclusivenews.com.br\\\/\",\"logo\":{\"@type\":\"ImageObject\",\"inLanguage\":\"pt-PT\",\"@id\":\"https:\\\/\\\/inclusivenews.com.br\\\/#\\\/schema\\\/logo\\\/image\\\/\",\"url\":\"https:\\\/\\\/inclusivenews.com.br\\\/wp-content\\\/uploads\\\/2024\\\/03\\\/@grandesite.png\",\"contentUrl\":\"https:\\\/\\\/inclusivenews.com.br\\\/wp-content\\\/uploads\\\/2024\\\/03\\\/@grandesite.png\",\"width\":1080,\"height\":1080,\"caption\":\"Inclusive - inclus\u00e3o e cidadania\"},\"image\":{\"@id\":\"https:\\\/\\\/inclusivenews.com.br\\\/#\\\/schema\\\/logo\\\/image\\\/\"},\"sameAs\":[\"https:\\\/\\\/www.facebook.com\\\/agenciainclusive\\\/\",\"https:\\\/\\\/www.instagram.com\\\/newsinclusive\\\/\"]},{\"@type\":\"Person\",\"@id\":\"https:\\\/\\\/inclusivenews.com.br\\\/#\\\/schema\\\/person\\\/ae4ec7087559b8692fb33b6fffd2273b\",\"name\":\"inclusivenews2024\",\"image\":{\"@type\":\"ImageObject\",\"inLanguage\":\"pt-PT\",\"@id\":\"https:\\\/\\\/secure.gravatar.com\\\/avatar\\\/c5a7ef84c66fa914f55bc4f7ce26cfa275a3b9a1c5568b907bd184fb4dde7b40?s=96&d=mm&r=g\",\"url\":\"https:\\\/\\\/secure.gravatar.com\\\/avatar\\\/c5a7ef84c66fa914f55bc4f7ce26cfa275a3b9a1c5568b907bd184fb4dde7b40?s=96&d=mm&r=g\",\"contentUrl\":\"https:\\\/\\\/secure.gravatar.com\\\/avatar\\\/c5a7ef84c66fa914f55bc4f7ce26cfa275a3b9a1c5568b907bd184fb4dde7b40?s=96&d=mm&r=g\",\"caption\":\"inclusivenews2024\"},\"sameAs\":[\"https:\\\/\\\/inclusivenews.com.br\"],\"url\":\"https:\\\/\\\/inclusivenews.com.br\\\/?author=1\"}]}<\/script>\n<!-- \/ Yoast SEO plugin. -->","yoast_head_json":{"title":"Epis\u00f3dio 23\/2024 2\/07 - Orgulho, Diversidade e Respeito -","robots":{"index":"index","follow":"follow","max-snippet":"max-snippet:-1","max-image-preview":"max-image-preview:large","max-video-preview":"max-video-preview:-1"},"canonical":"https:\/\/inclusivenews.com.br\/?p=33680","og_locale":"pt_PT","og_type":"article","og_title":"Epis\u00f3dio 23\/2024 2\/07 - Orgulho, Diversidade e Respeito -","og_description":"Orgulho, Diversidade e Respeito \u00c9 com muito orgulho que o Podcast Acessando Luc\u00edlia desta ter\u00e7a-feira, 02\/07, recebe Walleria Suri para uma conversa sobre respeito, visibilidade, cidadania e direitos da popula\u00e7\u00e3o LGBTI+. Muitas conquistas sociais aconteceram desde Junho de 1969, quando uma violenta a\u00e7\u00e3o policial no bar The Stonewall Inn, em Nova Iorque, conhecido reduto LGBT, [&hellip;]","og_url":"https:\/\/inclusivenews.com.br\/?p=33680","article_publisher":"https:\/\/www.facebook.com\/agenciainclusive\/","article_published_time":"2024-07-01T15:18:07+00:00","article_modified_time":"2024-07-01T16:42:36+00:00","author":"inclusivenews2024","twitter_card":"summary_large_image","twitter_misc":{"Escrito por":"inclusivenews2024","Tempo estimado de leitura":"3 minutos"},"schema":{"@context":"https:\/\/schema.org","@graph":[{"@type":"Article","@id":"https:\/\/inclusivenews.com.br\/?p=33680#article","isPartOf":{"@id":"https:\/\/inclusivenews.com.br\/?p=33680"},"author":{"name":"inclusivenews2024","@id":"https:\/\/inclusivenews.com.br\/#\/schema\/person\/ae4ec7087559b8692fb33b6fffd2273b"},"headline":"Epis\u00f3dio 23\/2024 2\/07 &#8211; Orgulho, Diversidade e Respeito","datePublished":"2024-07-01T15:18:07+00:00","dateModified":"2024-07-01T16:42:36+00:00","mainEntityOfPage":{"@id":"https:\/\/inclusivenews.com.br\/?p=33680"},"wordCount":356,"commentCount":0,"publisher":{"@id":"https:\/\/inclusivenews.com.br\/#organization"},"image":{"@id":"https:\/\/inclusivenews.com.br\/?p=33680#primaryimage"},"thumbnailUrl":"https:\/\/inclusivenews.com.br\/wp-content\/uploads\/2024\/07\/5.avif","articleSection":["PODCAST"],"inLanguage":"pt-PT","potentialAction":[{"@type":"CommentAction","name":"Comment","target":["https:\/\/inclusivenews.com.br\/?p=33680#respond"]}]},{"@type":"WebPage","@id":"https:\/\/inclusivenews.com.br\/?p=33680","url":"https:\/\/inclusivenews.com.br\/?p=33680","name":"Epis\u00f3dio 23\/2024 2\/07 - Orgulho, Diversidade e Respeito -","isPartOf":{"@id":"https:\/\/inclusivenews.com.br\/#website"},"primaryImageOfPage":{"@id":"https:\/\/inclusivenews.com.br\/?p=33680#primaryimage"},"image":{"@id":"https:\/\/inclusivenews.com.br\/?p=33680#primaryimage"},"thumbnailUrl":"https:\/\/inclusivenews.com.br\/wp-content\/uploads\/2024\/07\/5.avif","datePublished":"2024-07-01T15:18:07+00:00","dateModified":"2024-07-01T16:42:36+00:00","breadcrumb":{"@id":"https:\/\/inclusivenews.com.br\/?p=33680#breadcrumb"},"inLanguage":"pt-PT","potentialAction":[{"@type":"ReadAction","target":["https:\/\/inclusivenews.com.br\/?p=33680"]}]},{"@type":"ImageObject","inLanguage":"pt-PT","@id":"https:\/\/inclusivenews.com.br\/?p=33680#primaryimage","url":"https:\/\/inclusivenews.com.br\/wp-content\/uploads\/2024\/07\/5.avif","contentUrl":"https:\/\/inclusivenews.com.br\/wp-content\/uploads\/2024\/07\/5.avif","width":1008,"height":672},{"@type":"BreadcrumbList","@id":"https:\/\/inclusivenews.com.br\/?p=33680#breadcrumb","itemListElement":[{"@type":"ListItem","position":1,"name":"In\u00edcio","item":"https:\/\/inclusivenews.com.br\/"},{"@type":"ListItem","position":2,"name":"Epis\u00f3dio 23\/2024 2\/07 &#8211; Orgulho, Diversidade e Respeito"}]},{"@type":"WebSite","@id":"https:\/\/inclusivenews.com.br\/#website","url":"https:\/\/inclusivenews.com.br\/","name":"Inclusive News","description":"Inclusive News","publisher":{"@id":"https:\/\/inclusivenews.com.br\/#organization"},"potentialAction":[{"@type":"SearchAction","target":{"@type":"EntryPoint","urlTemplate":"https:\/\/inclusivenews.com.br\/?s={search_term_string}"},"query-input":{"@type":"PropertyValueSpecification","valueRequired":true,"valueName":"search_term_string"}}],"inLanguage":"pt-PT"},{"@type":"Organization","@id":"https:\/\/inclusivenews.com.br\/#organization","name":"Inclusive - inclus\u00e3o e cidadania","url":"https:\/\/inclusivenews.com.br\/","logo":{"@type":"ImageObject","inLanguage":"pt-PT","@id":"https:\/\/inclusivenews.com.br\/#\/schema\/logo\/image\/","url":"https:\/\/inclusivenews.com.br\/wp-content\/uploads\/2024\/03\/@grandesite.png","contentUrl":"https:\/\/inclusivenews.com.br\/wp-content\/uploads\/2024\/03\/@grandesite.png","width":1080,"height":1080,"caption":"Inclusive - inclus\u00e3o e cidadania"},"image":{"@id":"https:\/\/inclusivenews.com.br\/#\/schema\/logo\/image\/"},"sameAs":["https:\/\/www.facebook.com\/agenciainclusive\/","https:\/\/www.instagram.com\/newsinclusive\/"]},{"@type":"Person","@id":"https:\/\/inclusivenews.com.br\/#\/schema\/person\/ae4ec7087559b8692fb33b6fffd2273b","name":"inclusivenews2024","image":{"@type":"ImageObject","inLanguage":"pt-PT","@id":"https:\/\/secure.gravatar.com\/avatar\/c5a7ef84c66fa914f55bc4f7ce26cfa275a3b9a1c5568b907bd184fb4dde7b40?s=96&d=mm&r=g","url":"https:\/\/secure.gravatar.com\/avatar\/c5a7ef84c66fa914f55bc4f7ce26cfa275a3b9a1c5568b907bd184fb4dde7b40?s=96&d=mm&r=g","contentUrl":"https:\/\/secure.gravatar.com\/avatar\/c5a7ef84c66fa914f55bc4f7ce26cfa275a3b9a1c5568b907bd184fb4dde7b40?s=96&d=mm&r=g","caption":"inclusivenews2024"},"sameAs":["https:\/\/inclusivenews.com.br"],"url":"https:\/\/inclusivenews.com.br\/?author=1"}]}},"_links":{"self":[{"href":"https:\/\/inclusivenews.com.br\/index.php?rest_route=\/wp\/v2\/posts\/33680","targetHints":{"allow":["GET"]}}],"collection":[{"href":"https:\/\/inclusivenews.com.br\/index.php?rest_route=\/wp\/v2\/posts"}],"about":[{"href":"https:\/\/inclusivenews.com.br\/index.php?rest_route=\/wp\/v2\/types\/post"}],"author":[{"embeddable":true,"href":"https:\/\/inclusivenews.com.br\/index.php?rest_route=\/wp\/v2\/users\/1"}],"replies":[{"embeddable":true,"href":"https:\/\/inclusivenews.com.br\/index.php?rest_route=%2Fwp%2Fv2%2Fcomments&post=33680"}],"version-history":[{"count":14,"href":"https:\/\/inclusivenews.com.br\/index.php?rest_route=\/wp\/v2\/posts\/33680\/revisions"}],"predecessor-version":[{"id":33708,"href":"https:\/\/inclusivenews.com.br\/index.php?rest_route=\/wp\/v2\/posts\/33680\/revisions\/33708"}],"wp:featuredmedia":[{"embeddable":true,"href":"https:\/\/inclusivenews.com.br\/index.php?rest_route=\/wp\/v2\/media\/33701"}],"wp:attachment":[{"href":"https:\/\/inclusivenews.com.br\/index.php?rest_route=%2Fwp%2Fv2%2Fmedia&parent=33680"}],"wp:term":[{"taxonomy":"category","embeddable":true,"href":"https:\/\/inclusivenews.com.br\/index.php?rest_route=%2Fwp%2Fv2%2Fcategories&post=33680"},{"taxonomy":"post_tag","embeddable":true,"href":"https:\/\/inclusivenews.com.br\/index.php?rest_route=%2Fwp%2Fv2%2Ftags&post=33680"}],"curies":[{"name":"wp","href":"https:\/\/api.w.org\/{rel}","templated":true}]}}