{"id":33798,"date":"2024-07-22T20:39:06","date_gmt":"2024-07-22T20:39:06","guid":{"rendered":"https:\/\/inclusivenews.com.br\/?p=33798"},"modified":"2024-07-22T20:41:39","modified_gmt":"2024-07-22T20:41:39","slug":"episodio-25-2024-23-07-o-cuidado-com-os-olhos","status":"publish","type":"post","link":"https:\/\/inclusivenews.com.br\/?p=33798","title":{"rendered":"Epis\u00f3dio 25\/2024 -23\/07 -O Cuidado com os Olhos"},"content":{"rendered":"\n<div class=\"wp-block-media-text is-stacked-on-mobile\"><figure class=\"wp-block-media-text__media\"><img loading=\"lazy\" decoding=\"async\" width=\"1024\" height=\"576\" src=\"https:\/\/inclusivenews.com.br\/wp-content\/uploads\/2024\/07\/Imagem-do-WhatsApp-de-2024-07-08-as-13.19.37_efd8218b-1024x576.jpg\" alt=\"#audiodescri\u00e7\u00e3o\nCard preto com letras brancas e imagem de ondas sonoras em rosa ao fundo\n\u00c0 esquerda: Podcast\nMais abaixo dentro de uma tarja o desenho estilizado de um microfone e &quot;Acessando Luc\u00edlia&quot;\nDo lado direito dentro de uma moldura em forma de gota rosa, a foto de uma mulher branca de perfil. Ela usa \u00f3culos e blusa branca.\nTer\u00e7a-feira -18h\nCom Luc\u00edlia Machado\nDentro de tarjas sobrepostas nas cores verdes e rosa: \n\u00c0 direita: YouTube.com\/@acessandolucilia59\nFacebook.com\/Webradiocensuralivre                                                               https:\/\/www.youtube.com\/@RadioCensuraLivre e no canto esquerdo, o \u00edcone de acess\u00edvel em libras.                    \n\u00c0 direita, o logo da Inclusive News e ao lado, o da Web R\u00e1dio Censura Livre.\" class=\"wp-image-33751 size-full\" srcset=\"https:\/\/inclusivenews.com.br\/wp-content\/uploads\/2024\/07\/Imagem-do-WhatsApp-de-2024-07-08-as-13.19.37_efd8218b-1024x576.jpg 1024w, https:\/\/inclusivenews.com.br\/wp-content\/uploads\/2024\/07\/Imagem-do-WhatsApp-de-2024-07-08-as-13.19.37_efd8218b-300x169.jpg 300w, https:\/\/inclusivenews.com.br\/wp-content\/uploads\/2024\/07\/Imagem-do-WhatsApp-de-2024-07-08-as-13.19.37_efd8218b-768x432.jpg 768w, https:\/\/inclusivenews.com.br\/wp-content\/uploads\/2024\/07\/Imagem-do-WhatsApp-de-2024-07-08-as-13.19.37_efd8218b.jpg 1280w\" sizes=\"auto, (max-width: 1024px) 100vw, 1024px\" \/><\/figure><div class=\"wp-block-media-text__content\">\n<p>O Podcast Acessando Luc\u00edlia desta ter\u00e7a-feira, 23\/07, vai falar sobre o cuidado com os olhos. Celebrado anualmente em 10 de julho, o Dia Mundial da Sa\u00fade Ocular tem como objetivo mostrar a import\u00e2ncia das a\u00e7\u00f5es preventivas para evitar os problemas de vis\u00e3o e prevenir a cegueira.<\/p>\n\n\n\n<p>De acordo com a Organiza\u00e7\u00e3o Mundial da Sa\u00fade (OMS), estima-se que cerca de 285 milh\u00f5es de pessoas no mundo vivem com algum tipo de defici\u00eancia visual, sendo que 39 milh\u00f5es s\u00e3o cegas e 246 milh\u00f5es t\u00eam baixa vis\u00e3o. Al\u00e9m disso, estudos indicam que aproximadamente 80% dos casos de cegueira poderiam ser evitados ou tratados.<\/p>\n\n\n\n<p>No Brasil, a realidade n\u00e3o \u00e9 diferente. Segundo dados do Instituto Brasileiro de Geografia e Estat\u00edstica (IBGE), mais de 6,5 milh\u00f5es de brasileiros t\u00eam alguma defici\u00eancia visual, sendo que 582 mil s\u00e3o cegos. Al\u00e9m disso, estima-se que apenas 38,8% das pessoas com defici\u00eancia visual t\u00eam acesso a servi\u00e7os de reabilita\u00e7\u00e3o adequados. A conscientiza\u00e7\u00e3o sobre a preven\u00e7\u00e3o e tratamento da cegueira tamb\u00e9m \u00e9 crucial para enfrentar esse desafio e garantir que essas pessoas tenham acesso a servi\u00e7os de qualidade, incluindo reabilita\u00e7\u00e3o, educa\u00e7\u00e3o e oportunidades de emprego.<\/p>\n\n\n\n<p>A nossa convidada para essa conversa \u00e9 Fernanda Oliveira, oftalmologista, graduada pela Escola de Medicina e Sa\u00fade P\u00fablica, de Salvador (BA), p\u00f3s-graduada em oftalmologia pela PUC-Rio. A especialista faz parte da Secretaria de Sa\u00fade, reabilita\u00e7\u00e3o e preven\u00e7\u00e3o da cegueira da Organiza\u00e7\u00e3o Nacional de Cegos do Brasil (ONCB) e est\u00e1 \u00e0 frente do Ambulat\u00f3rio de Baixa Vis\u00e3o da Associa\u00e7\u00e3o Fluminense de Amparo aos Cegos (AFAC), desde 2008.<\/p>\n\n\n\n<p>O bate-papo, que \u00e9 uma parceria com a Inclusive News, conta com int\u00e9rprete de libras e ser\u00e1 transmitido ao vivo, \u00e0s 18h, no canal do ACESSANDO LUC\u00cdLIA no Youtube: https:\/\/www.youtube.com\/@acessandolucilia5059 e tamb\u00e9m na Web R\u00e1dio Censura Livre, no Youtube: (youtube.com\/c\/Censuralivre), no Facebook facebook.com\/webradiocensuralivre-e\/), no site (www.clwebradio.com) e no aplicativo: RadiosNet (http:\/\/l.radios.com.br\/r\/100204).<\/p>\n\n\n\n<h1 class=\"wp-block-heading\"><\/h1>\n<\/div><\/div>\n","protected":false},"excerpt":{"rendered":"<p>O Podcast Acessando Luc\u00edlia desta ter\u00e7a-feira, 23\/07, vai falar sobre o cuidado com os olhos. Celebrado anualmente em 10 de julho, o Dia Mundial da Sa\u00fade Ocular tem como objetivo mostrar a import\u00e2ncia das a\u00e7\u00f5es preventivas para evitar os problemas de vis\u00e3o e prevenir a cegueira. De acordo com a Organiza\u00e7\u00e3o Mundial da Sa\u00fade (OMS), [&hellip;]<\/p>\n","protected":false},"author":1,"featured_media":33751,"comment_status":"open","ping_status":"open","sticky":false,"template":"","format":"standard","meta":{"site-container-style":"default","site-container-layout":"default","site-sidebar-layout":"default","disable-article-header":"default","disable-site-header":"default","disable-site-footer":"default","disable-content-area-spacing":"default","footnotes":""},"categories":[1],"tags":[180,212],"class_list":["post-33798","post","type-post","status-publish","format-standard","has-post-thumbnail","hentry","category-blog","tag-baixa-visao","tag-deficiencia-visual"],"yoast_head":"<!-- This site is optimized with the Yoast SEO plugin v27.4 - https:\/\/yoast.com\/product\/yoast-seo-wordpress\/ -->\n<title>Epis\u00f3dio 25\/2024 -23\/07 -O Cuidado com os Olhos -<\/title>\n<meta name=\"robots\" content=\"index, follow, max-snippet:-1, max-image-preview:large, max-video-preview:-1\" \/>\n<link rel=\"canonical\" href=\"https:\/\/inclusivenews.com.br\/?p=33798\" \/>\n<meta property=\"og:locale\" content=\"pt_PT\" \/>\n<meta property=\"og:type\" content=\"article\" \/>\n<meta property=\"og:title\" content=\"Epis\u00f3dio 25\/2024 -23\/07 -O Cuidado com os Olhos -\" \/>\n<meta property=\"og:description\" content=\"O Podcast Acessando Luc\u00edlia desta ter\u00e7a-feira, 23\/07, vai falar sobre o cuidado com os olhos. Celebrado anualmente em 10 de julho, o Dia Mundial da Sa\u00fade Ocular tem como objetivo mostrar a import\u00e2ncia das a\u00e7\u00f5es preventivas para evitar os problemas de vis\u00e3o e prevenir a cegueira. De acordo com a Organiza\u00e7\u00e3o Mundial da Sa\u00fade (OMS), [&hellip;]\" \/>\n<meta property=\"og:url\" content=\"https:\/\/inclusivenews.com.br\/?p=33798\" \/>\n<meta property=\"article:publisher\" content=\"https:\/\/www.facebook.com\/agenciainclusive\/\" \/>\n<meta property=\"article:published_time\" content=\"2024-07-22T20:39:06+00:00\" \/>\n<meta property=\"article:modified_time\" content=\"2024-07-22T20:41:39+00:00\" \/>\n<meta property=\"og:image\" content=\"https:\/\/inclusivenews.com.br\/wp-content\/uploads\/2024\/07\/Imagem-do-WhatsApp-de-2024-07-08-as-13.19.37_efd8218b.jpg\" \/>\n\t<meta property=\"og:image:width\" content=\"1280\" \/>\n\t<meta property=\"og:image:height\" content=\"720\" \/>\n\t<meta property=\"og:image:type\" content=\"image\/jpeg\" \/>\n<meta name=\"author\" content=\"inclusivenews2024\" \/>\n<meta name=\"twitter:card\" content=\"summary_large_image\" \/>\n<meta name=\"twitter:label1\" content=\"Escrito por\" \/>\n\t<meta name=\"twitter:data1\" content=\"inclusivenews2024\" \/>\n\t<meta name=\"twitter:label2\" content=\"Tempo estimado de leitura\" \/>\n\t<meta name=\"twitter:data2\" content=\"3 minutos\" \/>\n<script type=\"application\/ld+json\" class=\"yoast-schema-graph\">{\"@context\":\"https:\\\/\\\/schema.org\",\"@graph\":[{\"@type\":\"Article\",\"@id\":\"https:\\\/\\\/inclusivenews.com.br\\\/?p=33798#article\",\"isPartOf\":{\"@id\":\"https:\\\/\\\/inclusivenews.com.br\\\/?p=33798\"},\"author\":{\"name\":\"inclusivenews2024\",\"@id\":\"https:\\\/\\\/inclusivenews.com.br\\\/#\\\/schema\\\/person\\\/ae4ec7087559b8692fb33b6fffd2273b\"},\"headline\":\"Epis\u00f3dio 25\\\/2024 -23\\\/07 -O Cuidado com os Olhos\",\"datePublished\":\"2024-07-22T20:39:06+00:00\",\"dateModified\":\"2024-07-22T20:41:39+00:00\",\"mainEntityOfPage\":{\"@id\":\"https:\\\/\\\/inclusivenews.com.br\\\/?p=33798\"},\"wordCount\":358,\"commentCount\":0,\"publisher\":{\"@id\":\"https:\\\/\\\/inclusivenews.com.br\\\/#organization\"},\"image\":{\"@id\":\"https:\\\/\\\/inclusivenews.com.br\\\/?p=33798#primaryimage\"},\"thumbnailUrl\":\"https:\\\/\\\/inclusivenews.com.br\\\/wp-content\\\/uploads\\\/2024\\\/07\\\/Imagem-do-WhatsApp-de-2024-07-08-as-13.19.37_efd8218b.jpg\",\"keywords\":[\"baixa vis\u00e3o\",\"defici\u00eancia visual\"],\"articleSection\":[\"Blog\"],\"inLanguage\":\"pt-PT\",\"potentialAction\":[{\"@type\":\"CommentAction\",\"name\":\"Comment\",\"target\":[\"https:\\\/\\\/inclusivenews.com.br\\\/?p=33798#respond\"]}]},{\"@type\":\"WebPage\",\"@id\":\"https:\\\/\\\/inclusivenews.com.br\\\/?p=33798\",\"url\":\"https:\\\/\\\/inclusivenews.com.br\\\/?p=33798\",\"name\":\"Epis\u00f3dio 25\\\/2024 -23\\\/07 -O Cuidado com os Olhos -\",\"isPartOf\":{\"@id\":\"https:\\\/\\\/inclusivenews.com.br\\\/#website\"},\"primaryImageOfPage\":{\"@id\":\"https:\\\/\\\/inclusivenews.com.br\\\/?p=33798#primaryimage\"},\"image\":{\"@id\":\"https:\\\/\\\/inclusivenews.com.br\\\/?p=33798#primaryimage\"},\"thumbnailUrl\":\"https:\\\/\\\/inclusivenews.com.br\\\/wp-content\\\/uploads\\\/2024\\\/07\\\/Imagem-do-WhatsApp-de-2024-07-08-as-13.19.37_efd8218b.jpg\",\"datePublished\":\"2024-07-22T20:39:06+00:00\",\"dateModified\":\"2024-07-22T20:41:39+00:00\",\"breadcrumb\":{\"@id\":\"https:\\\/\\\/inclusivenews.com.br\\\/?p=33798#breadcrumb\"},\"inLanguage\":\"pt-PT\",\"potentialAction\":[{\"@type\":\"ReadAction\",\"target\":[\"https:\\\/\\\/inclusivenews.com.br\\\/?p=33798\"]}]},{\"@type\":\"ImageObject\",\"inLanguage\":\"pt-PT\",\"@id\":\"https:\\\/\\\/inclusivenews.com.br\\\/?p=33798#primaryimage\",\"url\":\"https:\\\/\\\/inclusivenews.com.br\\\/wp-content\\\/uploads\\\/2024\\\/07\\\/Imagem-do-WhatsApp-de-2024-07-08-as-13.19.37_efd8218b.jpg\",\"contentUrl\":\"https:\\\/\\\/inclusivenews.com.br\\\/wp-content\\\/uploads\\\/2024\\\/07\\\/Imagem-do-WhatsApp-de-2024-07-08-as-13.19.37_efd8218b.jpg\",\"width\":1280,\"height\":720},{\"@type\":\"BreadcrumbList\",\"@id\":\"https:\\\/\\\/inclusivenews.com.br\\\/?p=33798#breadcrumb\",\"itemListElement\":[{\"@type\":\"ListItem\",\"position\":1,\"name\":\"In\u00edcio\",\"item\":\"https:\\\/\\\/inclusivenews.com.br\\\/\"},{\"@type\":\"ListItem\",\"position\":2,\"name\":\"Epis\u00f3dio 25\\\/2024 -23\\\/07 -O Cuidado com os Olhos\"}]},{\"@type\":\"WebSite\",\"@id\":\"https:\\\/\\\/inclusivenews.com.br\\\/#website\",\"url\":\"https:\\\/\\\/inclusivenews.com.br\\\/\",\"name\":\"Inclusive News\",\"description\":\"Inclusive News\",\"publisher\":{\"@id\":\"https:\\\/\\\/inclusivenews.com.br\\\/#organization\"},\"potentialAction\":[{\"@type\":\"SearchAction\",\"target\":{\"@type\":\"EntryPoint\",\"urlTemplate\":\"https:\\\/\\\/inclusivenews.com.br\\\/?s={search_term_string}\"},\"query-input\":{\"@type\":\"PropertyValueSpecification\",\"valueRequired\":true,\"valueName\":\"search_term_string\"}}],\"inLanguage\":\"pt-PT\"},{\"@type\":\"Organization\",\"@id\":\"https:\\\/\\\/inclusivenews.com.br\\\/#organization\",\"name\":\"Inclusive - inclus\u00e3o e cidadania\",\"url\":\"https:\\\/\\\/inclusivenews.com.br\\\/\",\"logo\":{\"@type\":\"ImageObject\",\"inLanguage\":\"pt-PT\",\"@id\":\"https:\\\/\\\/inclusivenews.com.br\\\/#\\\/schema\\\/logo\\\/image\\\/\",\"url\":\"https:\\\/\\\/inclusivenews.com.br\\\/wp-content\\\/uploads\\\/2024\\\/03\\\/@grandesite.png\",\"contentUrl\":\"https:\\\/\\\/inclusivenews.com.br\\\/wp-content\\\/uploads\\\/2024\\\/03\\\/@grandesite.png\",\"width\":1080,\"height\":1080,\"caption\":\"Inclusive - inclus\u00e3o e cidadania\"},\"image\":{\"@id\":\"https:\\\/\\\/inclusivenews.com.br\\\/#\\\/schema\\\/logo\\\/image\\\/\"},\"sameAs\":[\"https:\\\/\\\/www.facebook.com\\\/agenciainclusive\\\/\",\"https:\\\/\\\/www.instagram.com\\\/newsinclusive\\\/\"]},{\"@type\":\"Person\",\"@id\":\"https:\\\/\\\/inclusivenews.com.br\\\/#\\\/schema\\\/person\\\/ae4ec7087559b8692fb33b6fffd2273b\",\"name\":\"inclusivenews2024\",\"image\":{\"@type\":\"ImageObject\",\"inLanguage\":\"pt-PT\",\"@id\":\"https:\\\/\\\/secure.gravatar.com\\\/avatar\\\/c5a7ef84c66fa914f55bc4f7ce26cfa275a3b9a1c5568b907bd184fb4dde7b40?s=96&d=mm&r=g\",\"url\":\"https:\\\/\\\/secure.gravatar.com\\\/avatar\\\/c5a7ef84c66fa914f55bc4f7ce26cfa275a3b9a1c5568b907bd184fb4dde7b40?s=96&d=mm&r=g\",\"contentUrl\":\"https:\\\/\\\/secure.gravatar.com\\\/avatar\\\/c5a7ef84c66fa914f55bc4f7ce26cfa275a3b9a1c5568b907bd184fb4dde7b40?s=96&d=mm&r=g\",\"caption\":\"inclusivenews2024\"},\"sameAs\":[\"https:\\\/\\\/inclusivenews.com.br\"],\"url\":\"https:\\\/\\\/inclusivenews.com.br\\\/?author=1\"}]}<\/script>\n<!-- \/ Yoast SEO plugin. -->","yoast_head_json":{"title":"Epis\u00f3dio 25\/2024 -23\/07 -O Cuidado com os Olhos -","robots":{"index":"index","follow":"follow","max-snippet":"max-snippet:-1","max-image-preview":"max-image-preview:large","max-video-preview":"max-video-preview:-1"},"canonical":"https:\/\/inclusivenews.com.br\/?p=33798","og_locale":"pt_PT","og_type":"article","og_title":"Epis\u00f3dio 25\/2024 -23\/07 -O Cuidado com os Olhos -","og_description":"O Podcast Acessando Luc\u00edlia desta ter\u00e7a-feira, 23\/07, vai falar sobre o cuidado com os olhos. Celebrado anualmente em 10 de julho, o Dia Mundial da Sa\u00fade Ocular tem como objetivo mostrar a import\u00e2ncia das a\u00e7\u00f5es preventivas para evitar os problemas de vis\u00e3o e prevenir a cegueira. De acordo com a Organiza\u00e7\u00e3o Mundial da Sa\u00fade (OMS), [&hellip;]","og_url":"https:\/\/inclusivenews.com.br\/?p=33798","article_publisher":"https:\/\/www.facebook.com\/agenciainclusive\/","article_published_time":"2024-07-22T20:39:06+00:00","article_modified_time":"2024-07-22T20:41:39+00:00","og_image":[{"width":1280,"height":720,"url":"https:\/\/inclusivenews.com.br\/wp-content\/uploads\/2024\/07\/Imagem-do-WhatsApp-de-2024-07-08-as-13.19.37_efd8218b.jpg","type":"image\/jpeg"}],"author":"inclusivenews2024","twitter_card":"summary_large_image","twitter_misc":{"Escrito por":"inclusivenews2024","Tempo estimado de leitura":"3 minutos"},"schema":{"@context":"https:\/\/schema.org","@graph":[{"@type":"Article","@id":"https:\/\/inclusivenews.com.br\/?p=33798#article","isPartOf":{"@id":"https:\/\/inclusivenews.com.br\/?p=33798"},"author":{"name":"inclusivenews2024","@id":"https:\/\/inclusivenews.com.br\/#\/schema\/person\/ae4ec7087559b8692fb33b6fffd2273b"},"headline":"Epis\u00f3dio 25\/2024 -23\/07 -O Cuidado com os Olhos","datePublished":"2024-07-22T20:39:06+00:00","dateModified":"2024-07-22T20:41:39+00:00","mainEntityOfPage":{"@id":"https:\/\/inclusivenews.com.br\/?p=33798"},"wordCount":358,"commentCount":0,"publisher":{"@id":"https:\/\/inclusivenews.com.br\/#organization"},"image":{"@id":"https:\/\/inclusivenews.com.br\/?p=33798#primaryimage"},"thumbnailUrl":"https:\/\/inclusivenews.com.br\/wp-content\/uploads\/2024\/07\/Imagem-do-WhatsApp-de-2024-07-08-as-13.19.37_efd8218b.jpg","keywords":["baixa vis\u00e3o","defici\u00eancia visual"],"articleSection":["Blog"],"inLanguage":"pt-PT","potentialAction":[{"@type":"CommentAction","name":"Comment","target":["https:\/\/inclusivenews.com.br\/?p=33798#respond"]}]},{"@type":"WebPage","@id":"https:\/\/inclusivenews.com.br\/?p=33798","url":"https:\/\/inclusivenews.com.br\/?p=33798","name":"Epis\u00f3dio 25\/2024 -23\/07 -O Cuidado com os Olhos -","isPartOf":{"@id":"https:\/\/inclusivenews.com.br\/#website"},"primaryImageOfPage":{"@id":"https:\/\/inclusivenews.com.br\/?p=33798#primaryimage"},"image":{"@id":"https:\/\/inclusivenews.com.br\/?p=33798#primaryimage"},"thumbnailUrl":"https:\/\/inclusivenews.com.br\/wp-content\/uploads\/2024\/07\/Imagem-do-WhatsApp-de-2024-07-08-as-13.19.37_efd8218b.jpg","datePublished":"2024-07-22T20:39:06+00:00","dateModified":"2024-07-22T20:41:39+00:00","breadcrumb":{"@id":"https:\/\/inclusivenews.com.br\/?p=33798#breadcrumb"},"inLanguage":"pt-PT","potentialAction":[{"@type":"ReadAction","target":["https:\/\/inclusivenews.com.br\/?p=33798"]}]},{"@type":"ImageObject","inLanguage":"pt-PT","@id":"https:\/\/inclusivenews.com.br\/?p=33798#primaryimage","url":"https:\/\/inclusivenews.com.br\/wp-content\/uploads\/2024\/07\/Imagem-do-WhatsApp-de-2024-07-08-as-13.19.37_efd8218b.jpg","contentUrl":"https:\/\/inclusivenews.com.br\/wp-content\/uploads\/2024\/07\/Imagem-do-WhatsApp-de-2024-07-08-as-13.19.37_efd8218b.jpg","width":1280,"height":720},{"@type":"BreadcrumbList","@id":"https:\/\/inclusivenews.com.br\/?p=33798#breadcrumb","itemListElement":[{"@type":"ListItem","position":1,"name":"In\u00edcio","item":"https:\/\/inclusivenews.com.br\/"},{"@type":"ListItem","position":2,"name":"Epis\u00f3dio 25\/2024 -23\/07 -O Cuidado com os Olhos"}]},{"@type":"WebSite","@id":"https:\/\/inclusivenews.com.br\/#website","url":"https:\/\/inclusivenews.com.br\/","name":"Inclusive News","description":"Inclusive News","publisher":{"@id":"https:\/\/inclusivenews.com.br\/#organization"},"potentialAction":[{"@type":"SearchAction","target":{"@type":"EntryPoint","urlTemplate":"https:\/\/inclusivenews.com.br\/?s={search_term_string}"},"query-input":{"@type":"PropertyValueSpecification","valueRequired":true,"valueName":"search_term_string"}}],"inLanguage":"pt-PT"},{"@type":"Organization","@id":"https:\/\/inclusivenews.com.br\/#organization","name":"Inclusive - inclus\u00e3o e cidadania","url":"https:\/\/inclusivenews.com.br\/","logo":{"@type":"ImageObject","inLanguage":"pt-PT","@id":"https:\/\/inclusivenews.com.br\/#\/schema\/logo\/image\/","url":"https:\/\/inclusivenews.com.br\/wp-content\/uploads\/2024\/03\/@grandesite.png","contentUrl":"https:\/\/inclusivenews.com.br\/wp-content\/uploads\/2024\/03\/@grandesite.png","width":1080,"height":1080,"caption":"Inclusive - inclus\u00e3o e cidadania"},"image":{"@id":"https:\/\/inclusivenews.com.br\/#\/schema\/logo\/image\/"},"sameAs":["https:\/\/www.facebook.com\/agenciainclusive\/","https:\/\/www.instagram.com\/newsinclusive\/"]},{"@type":"Person","@id":"https:\/\/inclusivenews.com.br\/#\/schema\/person\/ae4ec7087559b8692fb33b6fffd2273b","name":"inclusivenews2024","image":{"@type":"ImageObject","inLanguage":"pt-PT","@id":"https:\/\/secure.gravatar.com\/avatar\/c5a7ef84c66fa914f55bc4f7ce26cfa275a3b9a1c5568b907bd184fb4dde7b40?s=96&d=mm&r=g","url":"https:\/\/secure.gravatar.com\/avatar\/c5a7ef84c66fa914f55bc4f7ce26cfa275a3b9a1c5568b907bd184fb4dde7b40?s=96&d=mm&r=g","contentUrl":"https:\/\/secure.gravatar.com\/avatar\/c5a7ef84c66fa914f55bc4f7ce26cfa275a3b9a1c5568b907bd184fb4dde7b40?s=96&d=mm&r=g","caption":"inclusivenews2024"},"sameAs":["https:\/\/inclusivenews.com.br"],"url":"https:\/\/inclusivenews.com.br\/?author=1"}]}},"_links":{"self":[{"href":"https:\/\/inclusivenews.com.br\/index.php?rest_route=\/wp\/v2\/posts\/33798","targetHints":{"allow":["GET"]}}],"collection":[{"href":"https:\/\/inclusivenews.com.br\/index.php?rest_route=\/wp\/v2\/posts"}],"about":[{"href":"https:\/\/inclusivenews.com.br\/index.php?rest_route=\/wp\/v2\/types\/post"}],"author":[{"embeddable":true,"href":"https:\/\/inclusivenews.com.br\/index.php?rest_route=\/wp\/v2\/users\/1"}],"replies":[{"embeddable":true,"href":"https:\/\/inclusivenews.com.br\/index.php?rest_route=%2Fwp%2Fv2%2Fcomments&post=33798"}],"version-history":[{"count":2,"href":"https:\/\/inclusivenews.com.br\/index.php?rest_route=\/wp\/v2\/posts\/33798\/revisions"}],"predecessor-version":[{"id":33800,"href":"https:\/\/inclusivenews.com.br\/index.php?rest_route=\/wp\/v2\/posts\/33798\/revisions\/33800"}],"wp:featuredmedia":[{"embeddable":true,"href":"https:\/\/inclusivenews.com.br\/index.php?rest_route=\/wp\/v2\/media\/33751"}],"wp:attachment":[{"href":"https:\/\/inclusivenews.com.br\/index.php?rest_route=%2Fwp%2Fv2%2Fmedia&parent=33798"}],"wp:term":[{"taxonomy":"category","embeddable":true,"href":"https:\/\/inclusivenews.com.br\/index.php?rest_route=%2Fwp%2Fv2%2Fcategories&post=33798"},{"taxonomy":"post_tag","embeddable":true,"href":"https:\/\/inclusivenews.com.br\/index.php?rest_route=%2Fwp%2Fv2%2Ftags&post=33798"}],"curies":[{"name":"wp","href":"https:\/\/api.w.org\/{rel}","templated":true}]}}