{"id":33908,"date":"2024-08-12T21:17:00","date_gmt":"2024-08-12T21:17:00","guid":{"rendered":"https:\/\/inclusivenews.com.br\/?p=33908"},"modified":"2024-08-13T12:34:27","modified_gmt":"2024-08-13T12:34:27","slug":"agosto-lilas-enfrentamento-a-violencia-contra-mulheres-e-aniversario-de-18-anos-da-lei-maria-da-penha-podcast-acessando-lucilia-episodio-28-2024","status":"publish","type":"post","link":"https:\/\/inclusivenews.com.br\/?p=33908","title":{"rendered":"Agosto Lil\u00e1s: Enfrentamento \u00e0 viol\u00eancia contra mulheres e anivers\u00e1rio de 18 anos da Lei Maria da Penha &#8211; Podcast Acessando Luc\u00edlia"},"content":{"rendered":"\n<p><strong>Epis\u00f3dio 28\/2024<\/strong><\/p>\n\n\n\n<p>Reconhecida pela Organiza\u00e7\u00e3o das Na\u00e7\u00f5es Unidas (ONU) como uma das mais avan\u00e7adas legisla\u00e7\u00f5es de enfrentamento \u00e0 viol\u00eancia dom\u00e9stica e familiar no mundo, a Lei Maria da Penha (11.340\/2006) completou 18 anos no dia 07\/08. Apesar da sua import\u00e2ncia na luta pela defesa dos direitos das mulheres, crimes como feminic\u00eddio, agress\u00e3o, amea\u00e7a, persegui\u00e7\u00e3o (stalking), viol\u00eancia psicol\u00f3gica e estupro crescem a passos largos no pa\u00eds. Dados divulgados em julho no 18\u00ba Anu\u00e1rio Brasileiro de Seguran\u00e7a P\u00fablica, do F\u00f3rum Brasileiro de Seguran\u00e7a P\u00fablica, mostraram n\u00fameros preocupantes em rela\u00e7\u00e3o \u00e0 viol\u00eancia: 3.930 mulheres morreram por homic\u00eddio, mais de 200 mil mulheres foram agredidas no contexto dom\u00e9stico e ao menos 199 mulheres foram estupradas todos os dias.<\/p>\n\n\n\n<p>O anivers\u00e1rio de 18 anos da Lei Maria da Penha, no m\u00eas dedicado \u00e0 conscientiza\u00e7\u00e3o para o fim da viol\u00eancia contra a mulher, o \u201cAgosto Lil\u00e1s\u201d \u00e9 o tema do Podcast Acessando Luc\u00edlia desta ter\u00e7a-feira, dia 13\/08. As nossas convidadas para essa conversa s\u00e3o as coordenadoras da Frente Nacional das Mulheres com Defici\u00eancia (FNMD):<\/p>\n\n\n\n<p>Gisele Costa, paraense, advogada, jurista, ativista da inclus\u00e3o; Presidente da Comiss\u00e3o da Pessoa com Defici\u00eancia do Instituto Brasileiro de Direito de Fam\u00edlia-IBDFAM-PA; membra da Comiss\u00e3o de Implementa\u00e7\u00e3o da Pol\u00edtica de Acessibilidade na Universidade Federal Rural da Amaz\u00f4nia-UFRA; da Inclusive News; da Coaliz\u00e3o Brasileira pelo Fim da Viol\u00eancia contra Crian\u00e7as e Adolescentes; da Comiss\u00e3o da COP 30 da OAB-PA e l\u00edder do Comit\u00ea da Inclus\u00e3o da Pessoa com Defici\u00eancia do Grupo Mulheres do Brasil, N\u00facleo Bel\u00e9m.<\/p>\n\n\n\n<p>Josiane Fran\u00e7a, ga\u00facha, faz parte do Movimento Brasileiro de Mulheres Cegas e com Baixa Vis\u00e3o- MBMC; do Vidas Negras com Defici\u00eancia Importam- VNDI; integrante do Conselho Municipal dos Direitos das Pessoas com Defici\u00eancia de Porto Alegre; do Coletivo de Extens\u00e3o e Pesquisa Anticapacitista &#8211; CEPAC, da Universidade Federal do Rio Grande do Sul \u2013 UFRGS; comentarista de pol\u00edticas sociais do programa \u201cS\u00e1bado Meio Dia\u201d, da Web R\u00e1dio Inclusiva.<\/p>\n\n\n\n<p>Rosana Lago, baiana, graduada em administra\u00e7\u00e3o e graduanda em Direito &#8211; Faculdade Est\u00e1cio de S\u00e1; conselheira do Comped &#8211; Conselho Municipal dos Direitos das Pessoas com Defici\u00eancia de Salvador, coordenadora Comiss\u00e3o Civil de Acessibilidade de Salvador \u2013 Cocas, membra da Rede Internacional de Prote\u00e7\u00e3o \u00e0 V\u00edtima &#8211; La\u00e7o Branco Brasil e da Coaliz\u00e3o Nacional de Mulheres.<\/p>\n\n\n\n<p><strong>O bate-papo, que \u00e9 uma parceria com a Inclusive News, conta com int\u00e9rprete de libras e ser\u00e1 transmitido ao vivo, \u00e0s 18h<\/strong>, no canal do ACESSANDO LUC\u00cdLIA no Youtube:&nbsp;<a href=\"https:\/\/www.youtube.com\/@acessandolucilia5059\">https:\/\/www.youtube.com\/@acessandolucilia5059&nbsp;<\/a>e tamb\u00e9m na Web R\u00e1dio Censura Livre, no&nbsp;<a href=\"http:\/\/youtube.com\/c\/Censuralivre\">Youtube<\/a>, no&nbsp;<a href=\"http:\/\/facebook.com\/webradiocensuralivre-e\/\">Facebook<\/a>, no&nbsp;<a href=\"http:\/\/www.clwebradio.com\/\">site<\/a>&nbsp;e no aplicativo:&nbsp;<a href=\"http:\/\/l.radios.com.br\/r\/100204\">RadiosNet<\/a>.<\/p>\n\n\n\n<figure class=\"wp-block-image size-large\"><img loading=\"lazy\" decoding=\"async\" width=\"1024\" height=\"576\" src=\"https:\/\/inclusivenews.com.br\/wp-content\/uploads\/2024\/08\/image-3-1024x576.png\" alt=\"Card preto com letras brancas e imagem de ondas sonoras em rosa ao fundo\n\u00c0 esquerda: Podcast\nMais abaixo dentro de uma tarja o desenho estilizado de um microfone e &quot;Acessando Luc\u00edlia&quot;\nDo lado direito dentro de uma moldura em forma de gota rosa, a foto de uma mulher branca de perfil. Ela usa \u00f3culos e blusa branca.\nTer\u00e7a-feira -18h\nCom Luc\u00edlia Machado\nDentro de tarjas sobrepostas nas cores verdes e rosa:\n\u00c0 direita: YouTube.com\/@acessandolucilia59\nFacebook.com\/Webradiocensuralivre https:\/\/www.youtube.com\/@RadioCensuraLivre e no canto esquerdo, o \u00edcone de acess\u00edvel em libras.\n\u00c0 direita, o logo da Inclusive News e ao lado, o da Web R\u00e1dio Censura Livre.\" class=\"wp-image-33910\" srcset=\"https:\/\/inclusivenews.com.br\/wp-content\/uploads\/2024\/08\/image-3-1024x576.png 1024w, https:\/\/inclusivenews.com.br\/wp-content\/uploads\/2024\/08\/image-3-300x169.png 300w, https:\/\/inclusivenews.com.br\/wp-content\/uploads\/2024\/08\/image-3-768x432.png 768w, https:\/\/inclusivenews.com.br\/wp-content\/uploads\/2024\/08\/image-3.png 1280w\" sizes=\"auto, (max-width: 1024px) 100vw, 1024px\" \/><\/figure>\n\n\n\n<h1 class=\"wp-block-heading\"><\/h1>\n\n\n\n<p><\/p>\n","protected":false},"excerpt":{"rendered":"<p>Epis\u00f3dio 28\/2024 Reconhecida pela Organiza\u00e7\u00e3o das Na\u00e7\u00f5es Unidas (ONU) como uma das mais avan\u00e7adas legisla\u00e7\u00f5es de enfrentamento \u00e0 viol\u00eancia dom\u00e9stica e familiar no mundo, a Lei Maria da Penha (11.340\/2006) completou 18 anos no dia 07\/08. Apesar da sua import\u00e2ncia na luta pela defesa dos direitos das mulheres, crimes como feminic\u00eddio, agress\u00e3o, amea\u00e7a, persegui\u00e7\u00e3o (stalking), [&hellip;]<\/p>\n","protected":false},"author":1,"featured_media":33915,"comment_status":"open","ping_status":"open","sticky":false,"template":"","format":"standard","meta":{"site-container-style":"default","site-container-layout":"default","site-sidebar-layout":"default","disable-article-header":"default","disable-site-header":"default","disable-site-footer":"default","disable-content-area-spacing":"default","footnotes":""},"categories":[470],"tags":[537,308,539,538],"class_list":["post-33908","post","type-post","status-publish","format-standard","has-post-thumbnail","hentry","category-podcast","tag-lei-maria-da-penha","tag-maria-da-penha","tag-violencia-de-genero","tag-violencia-domestica"],"yoast_head":"<!-- This site is optimized with the Yoast SEO plugin v27.4 - https:\/\/yoast.com\/product\/yoast-seo-wordpress\/ -->\n<title>Agosto Lil\u00e1s: Enfrentamento \u00e0 viol\u00eancia contra mulheres e anivers\u00e1rio de 18 anos da Lei Maria da Penha - Podcast Acessando Luc\u00edlia -<\/title>\n<meta name=\"robots\" content=\"index, follow, max-snippet:-1, max-image-preview:large, max-video-preview:-1\" \/>\n<link rel=\"canonical\" href=\"https:\/\/inclusivenews.com.br\/?p=33908\" \/>\n<meta property=\"og:locale\" content=\"pt_PT\" \/>\n<meta property=\"og:type\" content=\"article\" \/>\n<meta property=\"og:title\" content=\"Agosto Lil\u00e1s: Enfrentamento \u00e0 viol\u00eancia contra mulheres e anivers\u00e1rio de 18 anos da Lei Maria da Penha - Podcast Acessando Luc\u00edlia -\" \/>\n<meta property=\"og:description\" content=\"Epis\u00f3dio 28\/2024 Reconhecida pela Organiza\u00e7\u00e3o das Na\u00e7\u00f5es Unidas (ONU) como uma das mais avan\u00e7adas legisla\u00e7\u00f5es de enfrentamento \u00e0 viol\u00eancia dom\u00e9stica e familiar no mundo, a Lei Maria da Penha (11.340\/2006) completou 18 anos no dia 07\/08. Apesar da sua import\u00e2ncia na luta pela defesa dos direitos das mulheres, crimes como feminic\u00eddio, agress\u00e3o, amea\u00e7a, persegui\u00e7\u00e3o (stalking), [&hellip;]\" \/>\n<meta property=\"og:url\" content=\"https:\/\/inclusivenews.com.br\/?p=33908\" \/>\n<meta property=\"article:publisher\" content=\"https:\/\/www.facebook.com\/agenciainclusive\/\" \/>\n<meta property=\"article:published_time\" content=\"2024-08-12T21:17:00+00:00\" \/>\n<meta property=\"article:modified_time\" content=\"2024-08-13T12:34:27+00:00\" \/>\n<meta property=\"og:image\" content=\"https:\/\/inclusivenews.com.br\/wp-content\/uploads\/2024\/08\/Design-sem-nome-1.png\" \/>\n\t<meta property=\"og:image:width\" content=\"938\" \/>\n\t<meta property=\"og:image:height\" content=\"699\" \/>\n\t<meta property=\"og:image:type\" content=\"image\/png\" \/>\n<meta name=\"author\" content=\"inclusivenews2024\" \/>\n<meta name=\"twitter:card\" content=\"summary_large_image\" \/>\n<meta name=\"twitter:label1\" content=\"Escrito por\" \/>\n\t<meta name=\"twitter:data1\" content=\"inclusivenews2024\" \/>\n\t<meta name=\"twitter:label2\" content=\"Tempo estimado de leitura\" \/>\n\t<meta name=\"twitter:data2\" content=\"3 minutos\" \/>\n<script type=\"application\/ld+json\" class=\"yoast-schema-graph\">{\"@context\":\"https:\\\/\\\/schema.org\",\"@graph\":[{\"@type\":\"Article\",\"@id\":\"https:\\\/\\\/inclusivenews.com.br\\\/?p=33908#article\",\"isPartOf\":{\"@id\":\"https:\\\/\\\/inclusivenews.com.br\\\/?p=33908\"},\"author\":{\"name\":\"inclusivenews2024\",\"@id\":\"https:\\\/\\\/inclusivenews.com.br\\\/#\\\/schema\\\/person\\\/ae4ec7087559b8692fb33b6fffd2273b\"},\"headline\":\"Agosto Lil\u00e1s: Enfrentamento \u00e0 viol\u00eancia contra mulheres e anivers\u00e1rio de 18 anos da Lei Maria da Penha &#8211; Podcast Acessando Luc\u00edlia\",\"datePublished\":\"2024-08-12T21:17:00+00:00\",\"dateModified\":\"2024-08-13T12:34:27+00:00\",\"mainEntityOfPage\":{\"@id\":\"https:\\\/\\\/inclusivenews.com.br\\\/?p=33908\"},\"wordCount\":502,\"commentCount\":0,\"publisher\":{\"@id\":\"https:\\\/\\\/inclusivenews.com.br\\\/#organization\"},\"image\":{\"@id\":\"https:\\\/\\\/inclusivenews.com.br\\\/?p=33908#primaryimage\"},\"thumbnailUrl\":\"https:\\\/\\\/inclusivenews.com.br\\\/wp-content\\\/uploads\\\/2024\\\/08\\\/Design-sem-nome-1.png\",\"keywords\":[\"Lei Maria da Penha\",\"Maria da Penha\",\"Viol\u00eancia de G\u00eanero\",\"Viol\u00eancia Dom\u00e9stica\"],\"articleSection\":[\"PODCAST\"],\"inLanguage\":\"pt-PT\",\"potentialAction\":[{\"@type\":\"CommentAction\",\"name\":\"Comment\",\"target\":[\"https:\\\/\\\/inclusivenews.com.br\\\/?p=33908#respond\"]}]},{\"@type\":\"WebPage\",\"@id\":\"https:\\\/\\\/inclusivenews.com.br\\\/?p=33908\",\"url\":\"https:\\\/\\\/inclusivenews.com.br\\\/?p=33908\",\"name\":\"Agosto Lil\u00e1s: Enfrentamento \u00e0 viol\u00eancia contra mulheres e anivers\u00e1rio de 18 anos da Lei Maria da Penha - Podcast Acessando Luc\u00edlia -\",\"isPartOf\":{\"@id\":\"https:\\\/\\\/inclusivenews.com.br\\\/#website\"},\"primaryImageOfPage\":{\"@id\":\"https:\\\/\\\/inclusivenews.com.br\\\/?p=33908#primaryimage\"},\"image\":{\"@id\":\"https:\\\/\\\/inclusivenews.com.br\\\/?p=33908#primaryimage\"},\"thumbnailUrl\":\"https:\\\/\\\/inclusivenews.com.br\\\/wp-content\\\/uploads\\\/2024\\\/08\\\/Design-sem-nome-1.png\",\"datePublished\":\"2024-08-12T21:17:00+00:00\",\"dateModified\":\"2024-08-13T12:34:27+00:00\",\"breadcrumb\":{\"@id\":\"https:\\\/\\\/inclusivenews.com.br\\\/?p=33908#breadcrumb\"},\"inLanguage\":\"pt-PT\",\"potentialAction\":[{\"@type\":\"ReadAction\",\"target\":[\"https:\\\/\\\/inclusivenews.com.br\\\/?p=33908\"]}]},{\"@type\":\"ImageObject\",\"inLanguage\":\"pt-PT\",\"@id\":\"https:\\\/\\\/inclusivenews.com.br\\\/?p=33908#primaryimage\",\"url\":\"https:\\\/\\\/inclusivenews.com.br\\\/wp-content\\\/uploads\\\/2024\\\/08\\\/Design-sem-nome-1.png\",\"contentUrl\":\"https:\\\/\\\/inclusivenews.com.br\\\/wp-content\\\/uploads\\\/2024\\\/08\\\/Design-sem-nome-1.png\",\"width\":938,\"height\":699},{\"@type\":\"BreadcrumbList\",\"@id\":\"https:\\\/\\\/inclusivenews.com.br\\\/?p=33908#breadcrumb\",\"itemListElement\":[{\"@type\":\"ListItem\",\"position\":1,\"name\":\"In\u00edcio\",\"item\":\"https:\\\/\\\/inclusivenews.com.br\\\/\"},{\"@type\":\"ListItem\",\"position\":2,\"name\":\"Agosto Lil\u00e1s: Enfrentamento \u00e0 viol\u00eancia contra mulheres e anivers\u00e1rio de 18 anos da Lei Maria da Penha &#8211; Podcast Acessando Luc\u00edlia\"}]},{\"@type\":\"WebSite\",\"@id\":\"https:\\\/\\\/inclusivenews.com.br\\\/#website\",\"url\":\"https:\\\/\\\/inclusivenews.com.br\\\/\",\"name\":\"Inclusive News\",\"description\":\"Inclusive News\",\"publisher\":{\"@id\":\"https:\\\/\\\/inclusivenews.com.br\\\/#organization\"},\"potentialAction\":[{\"@type\":\"SearchAction\",\"target\":{\"@type\":\"EntryPoint\",\"urlTemplate\":\"https:\\\/\\\/inclusivenews.com.br\\\/?s={search_term_string}\"},\"query-input\":{\"@type\":\"PropertyValueSpecification\",\"valueRequired\":true,\"valueName\":\"search_term_string\"}}],\"inLanguage\":\"pt-PT\"},{\"@type\":\"Organization\",\"@id\":\"https:\\\/\\\/inclusivenews.com.br\\\/#organization\",\"name\":\"Inclusive - inclus\u00e3o e cidadania\",\"url\":\"https:\\\/\\\/inclusivenews.com.br\\\/\",\"logo\":{\"@type\":\"ImageObject\",\"inLanguage\":\"pt-PT\",\"@id\":\"https:\\\/\\\/inclusivenews.com.br\\\/#\\\/schema\\\/logo\\\/image\\\/\",\"url\":\"https:\\\/\\\/inclusivenews.com.br\\\/wp-content\\\/uploads\\\/2024\\\/03\\\/@grandesite.png\",\"contentUrl\":\"https:\\\/\\\/inclusivenews.com.br\\\/wp-content\\\/uploads\\\/2024\\\/03\\\/@grandesite.png\",\"width\":1080,\"height\":1080,\"caption\":\"Inclusive - inclus\u00e3o e cidadania\"},\"image\":{\"@id\":\"https:\\\/\\\/inclusivenews.com.br\\\/#\\\/schema\\\/logo\\\/image\\\/\"},\"sameAs\":[\"https:\\\/\\\/www.facebook.com\\\/agenciainclusive\\\/\",\"https:\\\/\\\/www.instagram.com\\\/newsinclusive\\\/\"]},{\"@type\":\"Person\",\"@id\":\"https:\\\/\\\/inclusivenews.com.br\\\/#\\\/schema\\\/person\\\/ae4ec7087559b8692fb33b6fffd2273b\",\"name\":\"inclusivenews2024\",\"image\":{\"@type\":\"ImageObject\",\"inLanguage\":\"pt-PT\",\"@id\":\"https:\\\/\\\/secure.gravatar.com\\\/avatar\\\/c5a7ef84c66fa914f55bc4f7ce26cfa275a3b9a1c5568b907bd184fb4dde7b40?s=96&d=mm&r=g\",\"url\":\"https:\\\/\\\/secure.gravatar.com\\\/avatar\\\/c5a7ef84c66fa914f55bc4f7ce26cfa275a3b9a1c5568b907bd184fb4dde7b40?s=96&d=mm&r=g\",\"contentUrl\":\"https:\\\/\\\/secure.gravatar.com\\\/avatar\\\/c5a7ef84c66fa914f55bc4f7ce26cfa275a3b9a1c5568b907bd184fb4dde7b40?s=96&d=mm&r=g\",\"caption\":\"inclusivenews2024\"},\"sameAs\":[\"https:\\\/\\\/inclusivenews.com.br\"],\"url\":\"https:\\\/\\\/inclusivenews.com.br\\\/?author=1\"}]}<\/script>\n<!-- \/ Yoast SEO plugin. -->","yoast_head_json":{"title":"Agosto Lil\u00e1s: Enfrentamento \u00e0 viol\u00eancia contra mulheres e anivers\u00e1rio de 18 anos da Lei Maria da Penha - Podcast Acessando Luc\u00edlia -","robots":{"index":"index","follow":"follow","max-snippet":"max-snippet:-1","max-image-preview":"max-image-preview:large","max-video-preview":"max-video-preview:-1"},"canonical":"https:\/\/inclusivenews.com.br\/?p=33908","og_locale":"pt_PT","og_type":"article","og_title":"Agosto Lil\u00e1s: Enfrentamento \u00e0 viol\u00eancia contra mulheres e anivers\u00e1rio de 18 anos da Lei Maria da Penha - Podcast Acessando Luc\u00edlia -","og_description":"Epis\u00f3dio 28\/2024 Reconhecida pela Organiza\u00e7\u00e3o das Na\u00e7\u00f5es Unidas (ONU) como uma das mais avan\u00e7adas legisla\u00e7\u00f5es de enfrentamento \u00e0 viol\u00eancia dom\u00e9stica e familiar no mundo, a Lei Maria da Penha (11.340\/2006) completou 18 anos no dia 07\/08. Apesar da sua import\u00e2ncia na luta pela defesa dos direitos das mulheres, crimes como feminic\u00eddio, agress\u00e3o, amea\u00e7a, persegui\u00e7\u00e3o (stalking), [&hellip;]","og_url":"https:\/\/inclusivenews.com.br\/?p=33908","article_publisher":"https:\/\/www.facebook.com\/agenciainclusive\/","article_published_time":"2024-08-12T21:17:00+00:00","article_modified_time":"2024-08-13T12:34:27+00:00","og_image":[{"width":938,"height":699,"url":"https:\/\/inclusivenews.com.br\/wp-content\/uploads\/2024\/08\/Design-sem-nome-1.png","type":"image\/png"}],"author":"inclusivenews2024","twitter_card":"summary_large_image","twitter_misc":{"Escrito por":"inclusivenews2024","Tempo estimado de leitura":"3 minutos"},"schema":{"@context":"https:\/\/schema.org","@graph":[{"@type":"Article","@id":"https:\/\/inclusivenews.com.br\/?p=33908#article","isPartOf":{"@id":"https:\/\/inclusivenews.com.br\/?p=33908"},"author":{"name":"inclusivenews2024","@id":"https:\/\/inclusivenews.com.br\/#\/schema\/person\/ae4ec7087559b8692fb33b6fffd2273b"},"headline":"Agosto Lil\u00e1s: Enfrentamento \u00e0 viol\u00eancia contra mulheres e anivers\u00e1rio de 18 anos da Lei Maria da Penha &#8211; Podcast Acessando Luc\u00edlia","datePublished":"2024-08-12T21:17:00+00:00","dateModified":"2024-08-13T12:34:27+00:00","mainEntityOfPage":{"@id":"https:\/\/inclusivenews.com.br\/?p=33908"},"wordCount":502,"commentCount":0,"publisher":{"@id":"https:\/\/inclusivenews.com.br\/#organization"},"image":{"@id":"https:\/\/inclusivenews.com.br\/?p=33908#primaryimage"},"thumbnailUrl":"https:\/\/inclusivenews.com.br\/wp-content\/uploads\/2024\/08\/Design-sem-nome-1.png","keywords":["Lei Maria da Penha","Maria da Penha","Viol\u00eancia de G\u00eanero","Viol\u00eancia Dom\u00e9stica"],"articleSection":["PODCAST"],"inLanguage":"pt-PT","potentialAction":[{"@type":"CommentAction","name":"Comment","target":["https:\/\/inclusivenews.com.br\/?p=33908#respond"]}]},{"@type":"WebPage","@id":"https:\/\/inclusivenews.com.br\/?p=33908","url":"https:\/\/inclusivenews.com.br\/?p=33908","name":"Agosto Lil\u00e1s: Enfrentamento \u00e0 viol\u00eancia contra mulheres e anivers\u00e1rio de 18 anos da Lei Maria da Penha - Podcast Acessando Luc\u00edlia -","isPartOf":{"@id":"https:\/\/inclusivenews.com.br\/#website"},"primaryImageOfPage":{"@id":"https:\/\/inclusivenews.com.br\/?p=33908#primaryimage"},"image":{"@id":"https:\/\/inclusivenews.com.br\/?p=33908#primaryimage"},"thumbnailUrl":"https:\/\/inclusivenews.com.br\/wp-content\/uploads\/2024\/08\/Design-sem-nome-1.png","datePublished":"2024-08-12T21:17:00+00:00","dateModified":"2024-08-13T12:34:27+00:00","breadcrumb":{"@id":"https:\/\/inclusivenews.com.br\/?p=33908#breadcrumb"},"inLanguage":"pt-PT","potentialAction":[{"@type":"ReadAction","target":["https:\/\/inclusivenews.com.br\/?p=33908"]}]},{"@type":"ImageObject","inLanguage":"pt-PT","@id":"https:\/\/inclusivenews.com.br\/?p=33908#primaryimage","url":"https:\/\/inclusivenews.com.br\/wp-content\/uploads\/2024\/08\/Design-sem-nome-1.png","contentUrl":"https:\/\/inclusivenews.com.br\/wp-content\/uploads\/2024\/08\/Design-sem-nome-1.png","width":938,"height":699},{"@type":"BreadcrumbList","@id":"https:\/\/inclusivenews.com.br\/?p=33908#breadcrumb","itemListElement":[{"@type":"ListItem","position":1,"name":"In\u00edcio","item":"https:\/\/inclusivenews.com.br\/"},{"@type":"ListItem","position":2,"name":"Agosto Lil\u00e1s: Enfrentamento \u00e0 viol\u00eancia contra mulheres e anivers\u00e1rio de 18 anos da Lei Maria da Penha &#8211; Podcast Acessando Luc\u00edlia"}]},{"@type":"WebSite","@id":"https:\/\/inclusivenews.com.br\/#website","url":"https:\/\/inclusivenews.com.br\/","name":"Inclusive News","description":"Inclusive News","publisher":{"@id":"https:\/\/inclusivenews.com.br\/#organization"},"potentialAction":[{"@type":"SearchAction","target":{"@type":"EntryPoint","urlTemplate":"https:\/\/inclusivenews.com.br\/?s={search_term_string}"},"query-input":{"@type":"PropertyValueSpecification","valueRequired":true,"valueName":"search_term_string"}}],"inLanguage":"pt-PT"},{"@type":"Organization","@id":"https:\/\/inclusivenews.com.br\/#organization","name":"Inclusive - inclus\u00e3o e cidadania","url":"https:\/\/inclusivenews.com.br\/","logo":{"@type":"ImageObject","inLanguage":"pt-PT","@id":"https:\/\/inclusivenews.com.br\/#\/schema\/logo\/image\/","url":"https:\/\/inclusivenews.com.br\/wp-content\/uploads\/2024\/03\/@grandesite.png","contentUrl":"https:\/\/inclusivenews.com.br\/wp-content\/uploads\/2024\/03\/@grandesite.png","width":1080,"height":1080,"caption":"Inclusive - inclus\u00e3o e cidadania"},"image":{"@id":"https:\/\/inclusivenews.com.br\/#\/schema\/logo\/image\/"},"sameAs":["https:\/\/www.facebook.com\/agenciainclusive\/","https:\/\/www.instagram.com\/newsinclusive\/"]},{"@type":"Person","@id":"https:\/\/inclusivenews.com.br\/#\/schema\/person\/ae4ec7087559b8692fb33b6fffd2273b","name":"inclusivenews2024","image":{"@type":"ImageObject","inLanguage":"pt-PT","@id":"https:\/\/secure.gravatar.com\/avatar\/c5a7ef84c66fa914f55bc4f7ce26cfa275a3b9a1c5568b907bd184fb4dde7b40?s=96&d=mm&r=g","url":"https:\/\/secure.gravatar.com\/avatar\/c5a7ef84c66fa914f55bc4f7ce26cfa275a3b9a1c5568b907bd184fb4dde7b40?s=96&d=mm&r=g","contentUrl":"https:\/\/secure.gravatar.com\/avatar\/c5a7ef84c66fa914f55bc4f7ce26cfa275a3b9a1c5568b907bd184fb4dde7b40?s=96&d=mm&r=g","caption":"inclusivenews2024"},"sameAs":["https:\/\/inclusivenews.com.br"],"url":"https:\/\/inclusivenews.com.br\/?author=1"}]}},"_links":{"self":[{"href":"https:\/\/inclusivenews.com.br\/index.php?rest_route=\/wp\/v2\/posts\/33908","targetHints":{"allow":["GET"]}}],"collection":[{"href":"https:\/\/inclusivenews.com.br\/index.php?rest_route=\/wp\/v2\/posts"}],"about":[{"href":"https:\/\/inclusivenews.com.br\/index.php?rest_route=\/wp\/v2\/types\/post"}],"author":[{"embeddable":true,"href":"https:\/\/inclusivenews.com.br\/index.php?rest_route=\/wp\/v2\/users\/1"}],"replies":[{"embeddable":true,"href":"https:\/\/inclusivenews.com.br\/index.php?rest_route=%2Fwp%2Fv2%2Fcomments&post=33908"}],"version-history":[{"count":2,"href":"https:\/\/inclusivenews.com.br\/index.php?rest_route=\/wp\/v2\/posts\/33908\/revisions"}],"predecessor-version":[{"id":33914,"href":"https:\/\/inclusivenews.com.br\/index.php?rest_route=\/wp\/v2\/posts\/33908\/revisions\/33914"}],"wp:featuredmedia":[{"embeddable":true,"href":"https:\/\/inclusivenews.com.br\/index.php?rest_route=\/wp\/v2\/media\/33915"}],"wp:attachment":[{"href":"https:\/\/inclusivenews.com.br\/index.php?rest_route=%2Fwp%2Fv2%2Fmedia&parent=33908"}],"wp:term":[{"taxonomy":"category","embeddable":true,"href":"https:\/\/inclusivenews.com.br\/index.php?rest_route=%2Fwp%2Fv2%2Fcategories&post=33908"},{"taxonomy":"post_tag","embeddable":true,"href":"https:\/\/inclusivenews.com.br\/index.php?rest_route=%2Fwp%2Fv2%2Ftags&post=33908"}],"curies":[{"name":"wp","href":"https:\/\/api.w.org\/{rel}","templated":true}]}}