{"id":33917,"date":"2024-08-17T12:16:26","date_gmt":"2024-08-17T12:16:26","guid":{"rendered":"https:\/\/inclusivenews.com.br\/?p=33917"},"modified":"2024-08-17T12:16:59","modified_gmt":"2024-08-17T12:16:59","slug":"inclusao-na-educacao-desafios-e-oportunidades-para-professores-com-deficiencias","status":"publish","type":"post","link":"https:\/\/inclusivenews.com.br\/?p=33917","title":{"rendered":"Inclus\u00e3o na Educa\u00e7\u00e3o: desafios e oportunidades para professores com defici\u00eancias"},"content":{"rendered":"\n<p><strong>Por Welington Vital do Portal Conte\u00fado Aberto &#8211; publica\u00e7\u00e3o original dispon\u00edvel em <a href=\"https:\/\/portalconteudoaberto.com.br\/educador\/inclusao-na-educacao\/\">https:\/\/portalconteudoaberto.com.br\/educador\/inclusao-na-educacao\/<\/a><\/strong><\/p>\n\n\n\n<p><em>A inclus\u00e3o na educa\u00e7\u00e3o vai al\u00e9m dos alunos. Envolver professores com defici\u00eancias enriquece o ambiente escolar e ressalta a diversidade como uma for\u00e7a, n\u00e3o um obst\u00e1culo.<\/em><\/p>\n\n\n\n<p>A inclus\u00e3o de professores com defici\u00eancias no ambiente educacional n\u00e3o \u00e9 apenas uma quest\u00e3o de cumprir legisla\u00e7\u00e3o, \u00e9 um passo crucial para construir um sistema educacional mais representativo e enriquecedor para todos os envolvidos.<\/p>\n\n\n\n<p>Em uma s\u00e9rie de entrevistas esclarecedoras, conversei com especialistas em&nbsp;<strong>inclus\u00e3o e diversidade<\/strong>, bem como com uma professora que vive na pele os desafios e as vit\u00f3rias de ser uma profissional com autismo na rede p\u00fablica de ensino.<\/p>\n\n\n\n<p>Aqui, mergulhamos na realidade da inclus\u00e3o para profissionais da educa\u00e7\u00e3o e exploramos como as escolas podem (e devem) se adaptar para acolher essa diversidade.<\/p>\n\n\n\n<h2 class=\"wp-block-heading\"><strong>Um novo olhar para a inclus\u00e3o na educa\u00e7\u00e3o<\/strong><\/h2>\n\n\n\n<p>Falamos com Katya Hemelrijk da Silva, palestrante e CEO da Talento Incluir, e Marta Almeida Gil, coordenadora executiva no Amankay Instituto de Estudos e Pesquisas. Ambas ressaltam a import\u00e2ncia de entender a inclus\u00e3o n\u00e3o apenas do ponto de vista estrutural, mas, principalmente, atitudinal.<\/p>\n\n\n\n<p>Katya enfatiza que \u201cQuando se fala de inclus\u00e3o, o foco sempre \u00e9 muito daquilo que a pessoa com defici\u00eancia n\u00e3o consegue fazer aos olhos dos outros, na percep\u00e7\u00e3o do outro, e n\u00e3o naquilo que ela pode somar na educa\u00e7\u00e3o\u201d.<\/p>\n\n\n\n<p>Ela destaca que a empregabilidade de professores com defici\u00eancia \u00e9 crucial e que ainda h\u00e1 um longo caminho a percorrer para mudar a percep\u00e7\u00e3o de que pessoas com defici\u00eancia s\u00f3 podem ocupar cargos operacionais:<\/p>\n\n\n\n<p>\u201cO lado da empregabilidade de professores com defici\u00eancia \u00e9 muito importante. Quando falamos de empregabilidade de pessoas com defici\u00eancia, normalmente, consideramos cargos operacionais, de entrada. Estamos come\u00e7ando a provocar as empresas a falar de carreira, de cargos de lideran\u00e7a. As pessoas com defici\u00eancia tamb\u00e9m s\u00e3o capacitadas, tamb\u00e9m t\u00eam informa\u00e7\u00f5es e muitas vezes colocam isso em pr\u00e1tica de forma diferente. Isso n\u00e3o impossibilita um professor com defici\u00eancia de atuar em uma escola ou universidade\u201d, explica Katya .<\/p>\n\n\n\n<p>Katya ressalta a import\u00e2ncia de focar no que os professores com defici\u00eancia podem acrescentar \u00e0 educa\u00e7\u00e3o:<\/p>\n\n\n\n<figure class=\"wp-block-image\"><img decoding=\"async\" src=\"https:\/\/portalconteudoaberto.com.br\/wp-content\/uploads\/2024\/08\/Katya-Helmerijk-3-1024x683.jpg\" alt=\"Katya\" class=\"wp-image-33290\"\/><\/figure>\n\n\n\n<p>\u201cSe temos hoje professores de Educa\u00e7\u00e3o F\u00edsica que n\u00e3o acreditam que crian\u00e7as com defici\u00eancia podem participar de suas aulas, como podemos contratar um professor cadeirante, mesmo que ele seja formado em Educa\u00e7\u00e3o F\u00edsica? Precisamos desmistificar a defici\u00eancia desde o in\u00edcio da jornada e focar no benef\u00edcio que essas pessoas trazem ao processo educacional\u201d, argumenta Katya.<\/p>\n\n\n\n<p><strong>Inclus\u00e3o de professores com autismo: o relato de uma professora<\/strong><\/p>\n\n\n\n<p>A professora Juliana Ramos Elias Morais, de 44 anos, da rede p\u00fablica de S\u00e3o Paulo, compartilhou conosco sua experi\u00eancia pessoal de revelar seu diagn\u00f3stico de&nbsp;<a href=\"https:\/\/portalconteudoaberto.com.br\/professor\/autismo\/\">autismo<\/a>&nbsp;no ambiente escolar. Em um relato sincero, ela explicou os desafios que enfrentou ao decidir tornar sua condi\u00e7\u00e3o conhecida.<\/p>\n\n\n\n<p>\u201cRevelar meu autismo foi um passo necess\u00e1rio para que eu pudesse trabalhar de forma mais aut\u00eantica e com o suporte adequado\u201d, diz Juliana.<\/p>\n\n\n\n<p>Juliana conta que por muito tempo recebeu cr\u00edticas e coment\u00e1rios sobre seu modo de trabalhar. Falas como \u201cas suas aulas s\u00e3o uma bagun\u00e7a organizada\u201d a incomodavam muito e, por muitas vezes, a deixava extremamente magoada.<\/p>\n\n\n\n<p>Juliana descobriu seu diagn\u00f3stico de autismo recentemente e, inicialmente, teve receio de compartilhar essa informa\u00e7\u00e3o com seus colegas e a administra\u00e7\u00e3o da escola.<\/p>\n\n\n\n<p>\u201cEu tinha muito medo de revelar para a dire\u00e7\u00e3o da escola porque n\u00e3o me sentia segura,\u201d revela Juliana.<\/p>\n\n\n\n<p>No entanto, ap\u00f3s o conselho de uma amiga e a necessidade de ajustes devido aos efeitos colaterais de medica\u00e7\u00f5es, ela decidiu se abrir. \u201cFalei, expus tudo, levei todos os laudos. Foi bom ter contado, porque hoje pelo menos h\u00e1 um pouco mais de respeito.\u201d<\/p>\n\n\n\n<figure class=\"wp-block-image\"><img decoding=\"async\" src=\"https:\/\/portalconteudoaberto.com.br\/wp-content\/uploads\/2024\/08\/Professora-Juliana-768x1024.jpeg\" alt=\"\" class=\"wp-image-32990\"\/><figcaption class=\"wp-element-caption\">Foto: Juliana | \u201cA\u00ed estou na escola no dia da Conscientiza\u00e7\u00e3o do Autismo, fui com essa camiseta, poucas pessoas se deram conta do que ela significava\u201d.<\/figcaption><\/figure>\n\n\n\n<p>\u200e<\/p>\n\n\n\n<p>Apesar de encontrar resist\u00eancia inicial da dire\u00e7\u00e3o, Juliana recebeu apoio de seu coordenador direto e de colegas mais pr\u00f3ximos, que se mostraram compreensivos e solid\u00e1rios. \u201cMeus colegas e meu gestor direto me acolheram, me apoiaram at\u00e9 em momentos de crise\u201d, conta ela. Esse apoio foi crucial para Juliana, mostrando a import\u00e2ncia de um ambiente de trabalho emp\u00e1tico para a adapta\u00e7\u00e3o e desempenho dos professores com defici\u00eancia.<\/p>\n\n\n\n<p>Ap\u00f3s revelar seu diagn\u00f3stico, Juliana sentiu que houve uma mudan\u00e7a no tratamento por parte da escola, embora ainda haja incertezas quanto \u00e0 sinceridade do acolhimento:<\/p>\n\n\n\n<p>\u201cA dire\u00e7\u00e3o parecia ter entendido. Para falar a verdade, n\u00e3o sei se eles entenderam mesmo, mas foi bom ter falado. Hoje, pelo menos, eles me respeitam um pouco mais, e eu tenho mais conforto na escola. Meu m\u00e9dico mandou um laudo explicando como algumas coisas devem ser comigo, ent\u00e3o aquelas dificuldades que eu tinha l\u00e1 no in\u00edcio j\u00e1 n\u00e3o existem mais. O respeito, pelo menos um pouco, estou tendo. N\u00e3o sei se \u00e9 por obriga\u00e7\u00e3o ou empatia, mas foi bom ter contado\u201d, ressalta.<\/p>\n\n\n\n<h3 class=\"wp-block-heading\"><strong>Desafios de adapta\u00e7\u00e3o e acomoda\u00e7\u00f5es para pessoas com defici\u00eancias<\/strong><\/h3>\n\n\n\n<p>Juliana enfrentou diversos desafios para obter acomoda\u00e7\u00f5es adequadas no ambiente escolar. Ela s\u00f3 conseguiu ajustes significativos ap\u00f3s apresentar um segundo laudo m\u00e9dico detalhado que especificava suas necessidades, como a quest\u00e3o do barulho e a forma como as demandas deveriam ser comunicadas.<\/p>\n\n\n\n<p>\u201cS\u00f3 tive um pouco mais de conforto quando meu m\u00e9dico mandou um laudo mais espec\u00edfico\u201d, explica. Mesmo assim, muitas das acomoda\u00e7\u00f5es foram iniciativas dela pr\u00f3pria, buscando criar um ambiente de trabalho que promova a&nbsp;<a href=\"https:\/\/portalconteudoaberto.com.br\/familia\/diversidade-o-que-e\/\">diversidade<\/a>&nbsp;e que seja mais adequado \u00e0s suas necessidades.<\/p>\n\n\n\n<p>\u201cAinda sinto uma grande falta de apoio, empatia e flexibilidade por parte da dire\u00e7\u00e3o. Eu tive que&nbsp;<a>abrir m\u00e3o de<\/a>&nbsp;tratamentos importantes por n\u00e3o poder ter uma flexibilidade na minha rotina escolar\u201d, ressalta Juliana.<\/p>\n\n\n\n<h3 class=\"wp-block-heading\"><strong>Caminhos para a inclus\u00e3o na educa\u00e7\u00e3o<\/strong><\/h3>\n\n\n\n<p>Para que a&nbsp;<a href=\"https:\/\/portalconteudoaberto.com.br\/educador\/lideranca-diversidade-e-inclusao\/\">inclus\u00e3o<\/a>&nbsp;seja efetiva, \u00e9 essencial que as escolas adotem pol\u00edticas claras e forne\u00e7am o apoio necess\u00e1rio tanto para alunos quanto para professores com defici\u00eancias. A experi\u00eancia de Juliana e as reflex\u00f5es de especialistas como Katya Hemelrijk e Marta Almeida Gil destacam a import\u00e2ncia de um compromisso cont\u00ednuo com a inclus\u00e3o, que valorize e respeite as diferen\u00e7as.<\/p>\n\n\n\n<p>Juliana aconselha outros professores autistas a buscarem seus direitos e n\u00e3o se deixarem abater pelos desafios.<\/p>\n\n\n\n<p>\u201cO professor deve buscar seus direitos, procurar apoio e n\u00e3o ter vergonha de pedir ajuda\u201d, recomenda. Sua hist\u00f3ria \u00e9 um exemplo de resili\u00eancia e determina\u00e7\u00e3o, mostrando que, com o apoio adequado, \u00e9 poss\u00edvel superar obst\u00e1culos e contribuir significativamente para a educa\u00e7\u00e3o.<\/p>\n\n\n\n<blockquote class=\"wp-block-quote is-layout-flow wp-block-quote-is-layout-flow\">\n<p><strong>\u201cEu precisei procurar um advogado especializado em educa\u00e7\u00e3o e pessoas com autismo para me orientar sobre como proceder para fazer valer direitos que j\u00e1 s\u00e3o garantidos a mim. \u00c9 exaustivo, tem um custo, mas \u00e9 necess\u00e1rio\u201d, afirma Juliana.<\/strong><\/p>\n<\/blockquote>\n\n\n\n<p>\u200e<\/p>\n\n\n\n<h2 class=\"wp-block-heading\">C<strong>riando ambientes mais inclusivos na escola<\/strong><\/h2>\n\n\n\n<p>Para criar ambientes verdadeiramente inclusivos, \u00e9 crucial adotar uma abordagem baseada na conviv\u00eancia e na disposi\u00e7\u00e3o para aprender.<\/p>\n\n\n\n<p>Katya Hemelrijk compartilha uma vis\u00e3o poderosa sobre como podemos cultivar a inclus\u00e3o de forma mais eficaz:<\/p>\n\n\n\n<p>\u201cPara ter um olhar mais inclusivo, precisamos ter mais conviv\u00eancia em todos os sentidos. Precisamos nos permitir n\u00e3o saber. Muitas vezes, achamos que j\u00e1 sabemos por que temos um amigo ou um conhecido que tem um filho com defici\u00eancia. Mas isso s\u00e3o generaliza\u00e7\u00f5es e, muitas vezes, erradas. A conviv\u00eancia \u00e9 for\u00e7ada pela necessidade de trabalhar juntos, mas precisamos ir al\u00e9m.\u201d<\/p>\n\n\n\n<p>Katya tamb\u00e9m destaca a import\u00e2ncia de desafiar nossas suposi\u00e7\u00f5es:<\/p>\n\n\n\n<p>\u201c\u00c9 essencial questionar: por que n\u00e3o? O que me impede? De onde vem essa informa\u00e7\u00e3o? Ser protagonista dessas mudan\u00e7as \u00e9 fundamental. N\u00e3o devemos aceitar que pessoas com defici\u00eancia n\u00e3o tenham condi\u00e7\u00f5es de atuar em certas posi\u00e7\u00f5es. Existem professoras com S\u00edndrome de Down que se formaram e atuam com compet\u00eancia.\u201d<\/p>\n\n\n\n<p>Marta Gil acrescenta outra perspectiva importante ao discutir a inclus\u00e3o, comparando-a a uma roupa de tamanho \u00fanico:<\/p>\n\n\n\n<figure class=\"wp-block-image\"><img decoding=\"async\" src=\"https:\/\/portalconteudoaberto.com.br\/wp-content\/uploads\/2024\/08\/SESC-SP.jpg\" alt=\"Marta\" class=\"wp-image-33292\"\/><\/figure>\n\n\n\n<p>\u201cEu fa\u00e7o uma analogia com a roupa tamanho \u00fanico. O tamanho \u00fanico n\u00e3o serve em ningu\u00e9m. Assim \u00e9 com a inclus\u00e3o, precisamos enxergar o outro como indiv\u00edduo. A base para mim \u00e9 a informa\u00e7\u00e3o. A palavra \u2018informa\u00e7\u00e3o\u2019 se a gente dividir fica \u2018informa a a\u00e7\u00e3o\u2019. Precisamos informar uma a\u00e7\u00e3o. A comunica\u00e7\u00e3o \u00e9 a base de tudo. N\u00e3o basta seguir a linha de \u2018meu irm\u00e3o era surdo e eu sei tudo sobre surdo\u2019. N\u00e3o! Voc\u00ea sabe tudo sobre o seu irm\u00e3o, e olhe l\u00e1!\u201d<\/p>\n\n\n\n<p>A conviv\u00eancia, a personaliza\u00e7\u00e3o e a disposi\u00e7\u00e3o para aprender e desafiar suposi\u00e7\u00f5es s\u00e3o fundamentais para construir um ambiente mais inclusivo. Katya conclui:<\/p>\n\n\n\n<blockquote class=\"wp-block-quote is-layout-flow wp-block-quote-is-layout-flow\">\n<p>\u201cA conviv\u00eancia, se permitir n\u00e3o saber e n\u00e3o generalizar s\u00e3o passos cruciais para construir solu\u00e7\u00f5es juntos. N\u00e3o existem solu\u00e7\u00f5es m\u00e1gicas e prontas para tudo.\u201d<\/p>\n\n\n\n<p>\u200e<\/p>\n<\/blockquote>\n\n\n\n<figure class=\"wp-block-embed is-type-video is-provider-youtube wp-block-embed-youtube wp-embed-aspect-16-9 wp-has-aspect-ratio\"><div class=\"wp-block-embed__wrapper\">\n<iframe loading=\"lazy\" title=\"22 - O Futuro que Queremos - Ep. 2 (\u00c1UDIO DESCRI\u00c7\u00c3O)\" width=\"500\" height=\"281\" src=\"https:\/\/www.youtube.com\/embed\/GL_bpvcNHRU?feature=oembed\" frameborder=\"0\" allow=\"accelerometer; autoplay; clipboard-write; encrypted-media; gyroscope; picture-in-picture; web-share\" referrerpolicy=\"strict-origin-when-cross-origin\" allowfullscreen><\/iframe>\n<\/div><\/figure>\n\n\n\n<p>\u200e<\/p>\n\n\n\n<h3 class=\"wp-block-heading\"><strong>A import\u00e2ncia da representatividade<\/strong><\/h3>\n\n\n\n<p>A presen\u00e7a de professores com defici\u00eancia nas salas de aula n\u00e3o beneficia apenas os pr\u00f3prios professores, mas tamb\u00e9m os alunos.<\/p>\n\n\n\n<p>Katya Hemelrijk sublinha a import\u00e2ncia da representatividade: \u201cQuando uma crian\u00e7a v\u00ea um professor com defici\u00eancia, ela entende que tamb\u00e9m pode alcan\u00e7ar esse sonho. \u00c9 sobre abrir possibilidades\u201d.<\/p>\n\n\n\n<p>Al\u00e9m disso, a presen\u00e7a de professores com defici\u00eancia desafia os alunos a repensarem suas pr\u00f3prias percep\u00e7\u00f5es de capacidade e potencial, criando um ambiente educacional mais inclusivo e diverso.<\/p>\n\n\n\n<figure class=\"wp-block-image\"><img decoding=\"async\" src=\"https:\/\/portalconteudoaberto.com.br\/wp-content\/uploads\/2024\/08\/inclusao.jpg\" alt=\"inclus\u00e3o na escola\" class=\"wp-image-32995\"\/><\/figure>\n\n\n\n<h2 class=\"wp-block-heading\"><strong>Constru\u00e7\u00e3o de um sistema educacional inclusivo<\/strong><\/h2>\n\n\n\n<p>A inclus\u00e3o na educa\u00e7\u00e3o de professores com defici\u00eancias, como o autismo, nas escolas \u00e9 um passo crucial para criar um sistema educacional verdadeiramente inclusivo. \u00c9 uma jornada que exige mudan\u00e7as na forma\u00e7\u00e3o, nas atitudes e nas estruturas, mas os benef\u00edcios s\u00e3o imensos.<\/p>\n\n\n\n<p>Ao promover um ambiente onde todos os educadores s\u00e3o valorizados e apoiados, preparamos o caminho para um futuro em que a diversidade \u00e9 vista como uma for\u00e7a, e n\u00e3o um obst\u00e1culo.<\/p>\n\n\n\n<blockquote class=\"wp-block-quote is-layout-flow wp-block-quote-is-layout-flow\">\n<p>A educa\u00e7\u00e3o, afinal, \u00e9 sobre aprendizado m\u00fatuo e crescimento compartilhado. E a inclus\u00e3o de professores com defici\u00eancias \u00e9 um lembrete poderoso de que, na sala de aula, todos t\u00eam algo valioso a ensinar e a aprender.<\/p>\n<\/blockquote>\n\n\n\n<h2 class=\"wp-block-heading\"><strong>Recursos adicionais sobre educa\u00e7\u00e3o inclusiva<\/strong><\/h2>\n\n\n\n<p>Para aqueles interessados em aprofundar o conhecimento sobre educa\u00e7\u00e3o inclusiva, Marta compartilhou um conte\u00fado riqu\u00edssimo do&nbsp;<a href=\"https:\/\/www.guiadoeducadorinclusivo.org.br\/capitulos\/indice\">Amankay Instituto de Estudos e Pesquisas<\/a>&nbsp;que oferece uma s\u00e9rie de recursos valiosos.<\/p>\n\n\n\n<p>Disponibilizam o \u201cGuia do Educador Inclusivo\u201d e v\u00eddeos sobre acessibilidade no trabalho. Esses materiais podem ser acessados gratuitamente e oferecem dicas pr\u00e1ticas sobre a constru\u00e7\u00e3o de um ambiente educacional mais inclusivo.<\/p>\n\n\n\n<figure class=\"wp-block-embed is-type-video is-provider-youtube wp-block-embed-youtube wp-embed-aspect-16-9 wp-has-aspect-ratio\"><div class=\"wp-block-embed__wrapper\">\n<iframe loading=\"lazy\" title=\"M\u00f3dulo 4 &quot;Acessibilidades&quot; | Aula 9 por Maur\u00edcio Santana\" width=\"500\" height=\"281\" src=\"https:\/\/www.youtube.com\/embed\/UmqabU72nzY?feature=oembed\" frameborder=\"0\" allow=\"accelerometer; autoplay; clipboard-write; encrypted-media; gyroscope; picture-in-picture; web-share\" referrerpolicy=\"strict-origin-when-cross-origin\" allowfullscreen><\/iframe>\n<\/div><\/figure>\n\n\n\n<p>Fonte: <a href=\"https:\/\/portalconteudoaberto.com.br\/educador\/inclusao-na-educacao\/\">https:\/\/portalconteudoaberto.com.br\/educador\/inclusao-na-educacao\/<\/a><\/p>\n\n\n\n<p><\/p>\n","protected":false},"excerpt":{"rendered":"<p>Por Welington Vital do Portal Conte\u00fado Aberto &#8211; publica\u00e7\u00e3o original dispon\u00edvel em https:\/\/portalconteudoaberto.com.br\/educador\/inclusao-na-educacao\/ A inclus\u00e3o na educa\u00e7\u00e3o vai al\u00e9m dos alunos. Envolver professores com defici\u00eancias enriquece o ambiente escolar e ressalta a diversidade como uma for\u00e7a, n\u00e3o um obst\u00e1culo. A inclus\u00e3o de professores com defici\u00eancias no ambiente educacional n\u00e3o \u00e9 apenas uma quest\u00e3o de cumprir [&hellip;]<\/p>\n","protected":false},"author":1,"featured_media":33918,"comment_status":"open","ping_status":"open","sticky":false,"template":"","format":"standard","meta":{"site-container-style":"default","site-container-layout":"default","site-sidebar-layout":"default","disable-article-header":"default","disable-site-header":"default","disable-site-footer":"default","disable-content-area-spacing":"default","footnotes":""},"categories":[38,6,48],"tags":[150,126,151,541,540],"class_list":["post-33917","post","type-post","status-publish","format-standard","has-post-thumbnail","hentry","category-deficiencia","category-educacao","category-inclusao","tag-diversidade-2","tag-educacao-inclusiva","tag-inclusao-2","tag-inclusao-na-educacao","tag-inclusao-na-escola"],"yoast_head":"<!-- This site is optimized with the Yoast SEO plugin v27.4 - https:\/\/yoast.com\/product\/yoast-seo-wordpress\/ -->\n<title>Inclus\u00e3o na Educa\u00e7\u00e3o: desafios e oportunidades para professores com defici\u00eancias -<\/title>\n<meta name=\"robots\" content=\"index, follow, max-snippet:-1, max-image-preview:large, max-video-preview:-1\" \/>\n<link rel=\"canonical\" href=\"https:\/\/inclusivenews.com.br\/?p=33917\" \/>\n<meta property=\"og:locale\" content=\"pt_PT\" \/>\n<meta property=\"og:type\" content=\"article\" \/>\n<meta property=\"og:title\" content=\"Inclus\u00e3o na Educa\u00e7\u00e3o: desafios e oportunidades para professores com defici\u00eancias -\" \/>\n<meta property=\"og:description\" content=\"Por Welington Vital do Portal Conte\u00fado Aberto &#8211; publica\u00e7\u00e3o original dispon\u00edvel em https:\/\/portalconteudoaberto.com.br\/educador\/inclusao-na-educacao\/ A inclus\u00e3o na educa\u00e7\u00e3o vai al\u00e9m dos alunos. Envolver professores com defici\u00eancias enriquece o ambiente escolar e ressalta a diversidade como uma for\u00e7a, n\u00e3o um obst\u00e1culo. A inclus\u00e3o de professores com defici\u00eancias no ambiente educacional n\u00e3o \u00e9 apenas uma quest\u00e3o de cumprir [&hellip;]\" \/>\n<meta property=\"og:url\" content=\"https:\/\/inclusivenews.com.br\/?p=33917\" \/>\n<meta property=\"article:publisher\" content=\"https:\/\/www.facebook.com\/agenciainclusive\/\" \/>\n<meta property=\"article:published_time\" content=\"2024-08-17T12:16:26+00:00\" \/>\n<meta property=\"article:modified_time\" content=\"2024-08-17T12:16:59+00:00\" \/>\n<meta property=\"og:image\" content=\"https:\/\/inclusivenews.com.br\/wp-content\/uploads\/2024\/08\/inclusao-na-educacao.jpg\" \/>\n\t<meta property=\"og:image:width\" content=\"1000\" \/>\n\t<meta property=\"og:image:height\" content=\"750\" \/>\n\t<meta property=\"og:image:type\" content=\"image\/jpeg\" \/>\n<meta name=\"author\" content=\"inclusivenews2024\" \/>\n<meta name=\"twitter:card\" content=\"summary_large_image\" \/>\n<meta name=\"twitter:label1\" content=\"Escrito por\" \/>\n\t<meta name=\"twitter:data1\" content=\"inclusivenews2024\" \/>\n\t<meta name=\"twitter:label2\" content=\"Tempo estimado de leitura\" \/>\n\t<meta name=\"twitter:data2\" content=\"10 minutos\" \/>\n<script type=\"application\/ld+json\" class=\"yoast-schema-graph\">{\"@context\":\"https:\\\/\\\/schema.org\",\"@graph\":[{\"@type\":\"Article\",\"@id\":\"https:\\\/\\\/inclusivenews.com.br\\\/?p=33917#article\",\"isPartOf\":{\"@id\":\"https:\\\/\\\/inclusivenews.com.br\\\/?p=33917\"},\"author\":{\"name\":\"inclusivenews2024\",\"@id\":\"https:\\\/\\\/inclusivenews.com.br\\\/#\\\/schema\\\/person\\\/ae4ec7087559b8692fb33b6fffd2273b\"},\"headline\":\"Inclus\u00e3o na Educa\u00e7\u00e3o: desafios e oportunidades para professores com defici\u00eancias\",\"datePublished\":\"2024-08-17T12:16:26+00:00\",\"dateModified\":\"2024-08-17T12:16:59+00:00\",\"mainEntityOfPage\":{\"@id\":\"https:\\\/\\\/inclusivenews.com.br\\\/?p=33917\"},\"wordCount\":1909,\"commentCount\":0,\"publisher\":{\"@id\":\"https:\\\/\\\/inclusivenews.com.br\\\/#organization\"},\"image\":{\"@id\":\"https:\\\/\\\/inclusivenews.com.br\\\/?p=33917#primaryimage\"},\"thumbnailUrl\":\"https:\\\/\\\/inclusivenews.com.br\\\/wp-content\\\/uploads\\\/2024\\\/08\\\/inclusao-na-educacao.jpg\",\"keywords\":[\"diversidade\",\"Educa\u00e7\u00e3o inclusiva\",\"Inclus\u00e3o\",\"inclus\u00e3o na educa\u00e7\u00e3o\",\"inclus\u00e3o na escola\"],\"articleSection\":[\"Defici\u00eancia\",\"EDUCA\u00c7\u00c3O\",\"INCLUS\u00c3O SOCIAL\"],\"inLanguage\":\"pt-PT\",\"potentialAction\":[{\"@type\":\"CommentAction\",\"name\":\"Comment\",\"target\":[\"https:\\\/\\\/inclusivenews.com.br\\\/?p=33917#respond\"]}]},{\"@type\":\"WebPage\",\"@id\":\"https:\\\/\\\/inclusivenews.com.br\\\/?p=33917\",\"url\":\"https:\\\/\\\/inclusivenews.com.br\\\/?p=33917\",\"name\":\"Inclus\u00e3o na Educa\u00e7\u00e3o: desafios e oportunidades para professores com defici\u00eancias -\",\"isPartOf\":{\"@id\":\"https:\\\/\\\/inclusivenews.com.br\\\/#website\"},\"primaryImageOfPage\":{\"@id\":\"https:\\\/\\\/inclusivenews.com.br\\\/?p=33917#primaryimage\"},\"image\":{\"@id\":\"https:\\\/\\\/inclusivenews.com.br\\\/?p=33917#primaryimage\"},\"thumbnailUrl\":\"https:\\\/\\\/inclusivenews.com.br\\\/wp-content\\\/uploads\\\/2024\\\/08\\\/inclusao-na-educacao.jpg\",\"datePublished\":\"2024-08-17T12:16:26+00:00\",\"dateModified\":\"2024-08-17T12:16:59+00:00\",\"breadcrumb\":{\"@id\":\"https:\\\/\\\/inclusivenews.com.br\\\/?p=33917#breadcrumb\"},\"inLanguage\":\"pt-PT\",\"potentialAction\":[{\"@type\":\"ReadAction\",\"target\":[\"https:\\\/\\\/inclusivenews.com.br\\\/?p=33917\"]}]},{\"@type\":\"ImageObject\",\"inLanguage\":\"pt-PT\",\"@id\":\"https:\\\/\\\/inclusivenews.com.br\\\/?p=33917#primaryimage\",\"url\":\"https:\\\/\\\/inclusivenews.com.br\\\/wp-content\\\/uploads\\\/2024\\\/08\\\/inclusao-na-educacao.jpg\",\"contentUrl\":\"https:\\\/\\\/inclusivenews.com.br\\\/wp-content\\\/uploads\\\/2024\\\/08\\\/inclusao-na-educacao.jpg\",\"width\":1000,\"height\":750},{\"@type\":\"BreadcrumbList\",\"@id\":\"https:\\\/\\\/inclusivenews.com.br\\\/?p=33917#breadcrumb\",\"itemListElement\":[{\"@type\":\"ListItem\",\"position\":1,\"name\":\"In\u00edcio\",\"item\":\"https:\\\/\\\/inclusivenews.com.br\\\/\"},{\"@type\":\"ListItem\",\"position\":2,\"name\":\"Inclus\u00e3o na Educa\u00e7\u00e3o: desafios e oportunidades para professores com defici\u00eancias\"}]},{\"@type\":\"WebSite\",\"@id\":\"https:\\\/\\\/inclusivenews.com.br\\\/#website\",\"url\":\"https:\\\/\\\/inclusivenews.com.br\\\/\",\"name\":\"Inclusive News\",\"description\":\"Inclusive News\",\"publisher\":{\"@id\":\"https:\\\/\\\/inclusivenews.com.br\\\/#organization\"},\"potentialAction\":[{\"@type\":\"SearchAction\",\"target\":{\"@type\":\"EntryPoint\",\"urlTemplate\":\"https:\\\/\\\/inclusivenews.com.br\\\/?s={search_term_string}\"},\"query-input\":{\"@type\":\"PropertyValueSpecification\",\"valueRequired\":true,\"valueName\":\"search_term_string\"}}],\"inLanguage\":\"pt-PT\"},{\"@type\":\"Organization\",\"@id\":\"https:\\\/\\\/inclusivenews.com.br\\\/#organization\",\"name\":\"Inclusive - inclus\u00e3o e cidadania\",\"url\":\"https:\\\/\\\/inclusivenews.com.br\\\/\",\"logo\":{\"@type\":\"ImageObject\",\"inLanguage\":\"pt-PT\",\"@id\":\"https:\\\/\\\/inclusivenews.com.br\\\/#\\\/schema\\\/logo\\\/image\\\/\",\"url\":\"https:\\\/\\\/inclusivenews.com.br\\\/wp-content\\\/uploads\\\/2024\\\/03\\\/@grandesite.png\",\"contentUrl\":\"https:\\\/\\\/inclusivenews.com.br\\\/wp-content\\\/uploads\\\/2024\\\/03\\\/@grandesite.png\",\"width\":1080,\"height\":1080,\"caption\":\"Inclusive - inclus\u00e3o e cidadania\"},\"image\":{\"@id\":\"https:\\\/\\\/inclusivenews.com.br\\\/#\\\/schema\\\/logo\\\/image\\\/\"},\"sameAs\":[\"https:\\\/\\\/www.facebook.com\\\/agenciainclusive\\\/\",\"https:\\\/\\\/www.instagram.com\\\/newsinclusive\\\/\"]},{\"@type\":\"Person\",\"@id\":\"https:\\\/\\\/inclusivenews.com.br\\\/#\\\/schema\\\/person\\\/ae4ec7087559b8692fb33b6fffd2273b\",\"name\":\"inclusivenews2024\",\"image\":{\"@type\":\"ImageObject\",\"inLanguage\":\"pt-PT\",\"@id\":\"https:\\\/\\\/secure.gravatar.com\\\/avatar\\\/c5a7ef84c66fa914f55bc4f7ce26cfa275a3b9a1c5568b907bd184fb4dde7b40?s=96&d=mm&r=g\",\"url\":\"https:\\\/\\\/secure.gravatar.com\\\/avatar\\\/c5a7ef84c66fa914f55bc4f7ce26cfa275a3b9a1c5568b907bd184fb4dde7b40?s=96&d=mm&r=g\",\"contentUrl\":\"https:\\\/\\\/secure.gravatar.com\\\/avatar\\\/c5a7ef84c66fa914f55bc4f7ce26cfa275a3b9a1c5568b907bd184fb4dde7b40?s=96&d=mm&r=g\",\"caption\":\"inclusivenews2024\"},\"sameAs\":[\"https:\\\/\\\/inclusivenews.com.br\"],\"url\":\"https:\\\/\\\/inclusivenews.com.br\\\/?author=1\"}]}<\/script>\n<!-- \/ Yoast SEO plugin. -->","yoast_head_json":{"title":"Inclus\u00e3o na Educa\u00e7\u00e3o: desafios e oportunidades para professores com defici\u00eancias -","robots":{"index":"index","follow":"follow","max-snippet":"max-snippet:-1","max-image-preview":"max-image-preview:large","max-video-preview":"max-video-preview:-1"},"canonical":"https:\/\/inclusivenews.com.br\/?p=33917","og_locale":"pt_PT","og_type":"article","og_title":"Inclus\u00e3o na Educa\u00e7\u00e3o: desafios e oportunidades para professores com defici\u00eancias -","og_description":"Por Welington Vital do Portal Conte\u00fado Aberto &#8211; publica\u00e7\u00e3o original dispon\u00edvel em https:\/\/portalconteudoaberto.com.br\/educador\/inclusao-na-educacao\/ A inclus\u00e3o na educa\u00e7\u00e3o vai al\u00e9m dos alunos. Envolver professores com defici\u00eancias enriquece o ambiente escolar e ressalta a diversidade como uma for\u00e7a, n\u00e3o um obst\u00e1culo. A inclus\u00e3o de professores com defici\u00eancias no ambiente educacional n\u00e3o \u00e9 apenas uma quest\u00e3o de cumprir [&hellip;]","og_url":"https:\/\/inclusivenews.com.br\/?p=33917","article_publisher":"https:\/\/www.facebook.com\/agenciainclusive\/","article_published_time":"2024-08-17T12:16:26+00:00","article_modified_time":"2024-08-17T12:16:59+00:00","og_image":[{"width":1000,"height":750,"url":"https:\/\/inclusivenews.com.br\/wp-content\/uploads\/2024\/08\/inclusao-na-educacao.jpg","type":"image\/jpeg"}],"author":"inclusivenews2024","twitter_card":"summary_large_image","twitter_misc":{"Escrito por":"inclusivenews2024","Tempo estimado de leitura":"10 minutos"},"schema":{"@context":"https:\/\/schema.org","@graph":[{"@type":"Article","@id":"https:\/\/inclusivenews.com.br\/?p=33917#article","isPartOf":{"@id":"https:\/\/inclusivenews.com.br\/?p=33917"},"author":{"name":"inclusivenews2024","@id":"https:\/\/inclusivenews.com.br\/#\/schema\/person\/ae4ec7087559b8692fb33b6fffd2273b"},"headline":"Inclus\u00e3o na Educa\u00e7\u00e3o: desafios e oportunidades para professores com defici\u00eancias","datePublished":"2024-08-17T12:16:26+00:00","dateModified":"2024-08-17T12:16:59+00:00","mainEntityOfPage":{"@id":"https:\/\/inclusivenews.com.br\/?p=33917"},"wordCount":1909,"commentCount":0,"publisher":{"@id":"https:\/\/inclusivenews.com.br\/#organization"},"image":{"@id":"https:\/\/inclusivenews.com.br\/?p=33917#primaryimage"},"thumbnailUrl":"https:\/\/inclusivenews.com.br\/wp-content\/uploads\/2024\/08\/inclusao-na-educacao.jpg","keywords":["diversidade","Educa\u00e7\u00e3o inclusiva","Inclus\u00e3o","inclus\u00e3o na educa\u00e7\u00e3o","inclus\u00e3o na escola"],"articleSection":["Defici\u00eancia","EDUCA\u00c7\u00c3O","INCLUS\u00c3O SOCIAL"],"inLanguage":"pt-PT","potentialAction":[{"@type":"CommentAction","name":"Comment","target":["https:\/\/inclusivenews.com.br\/?p=33917#respond"]}]},{"@type":"WebPage","@id":"https:\/\/inclusivenews.com.br\/?p=33917","url":"https:\/\/inclusivenews.com.br\/?p=33917","name":"Inclus\u00e3o na Educa\u00e7\u00e3o: desafios e oportunidades para professores com defici\u00eancias -","isPartOf":{"@id":"https:\/\/inclusivenews.com.br\/#website"},"primaryImageOfPage":{"@id":"https:\/\/inclusivenews.com.br\/?p=33917#primaryimage"},"image":{"@id":"https:\/\/inclusivenews.com.br\/?p=33917#primaryimage"},"thumbnailUrl":"https:\/\/inclusivenews.com.br\/wp-content\/uploads\/2024\/08\/inclusao-na-educacao.jpg","datePublished":"2024-08-17T12:16:26+00:00","dateModified":"2024-08-17T12:16:59+00:00","breadcrumb":{"@id":"https:\/\/inclusivenews.com.br\/?p=33917#breadcrumb"},"inLanguage":"pt-PT","potentialAction":[{"@type":"ReadAction","target":["https:\/\/inclusivenews.com.br\/?p=33917"]}]},{"@type":"ImageObject","inLanguage":"pt-PT","@id":"https:\/\/inclusivenews.com.br\/?p=33917#primaryimage","url":"https:\/\/inclusivenews.com.br\/wp-content\/uploads\/2024\/08\/inclusao-na-educacao.jpg","contentUrl":"https:\/\/inclusivenews.com.br\/wp-content\/uploads\/2024\/08\/inclusao-na-educacao.jpg","width":1000,"height":750},{"@type":"BreadcrumbList","@id":"https:\/\/inclusivenews.com.br\/?p=33917#breadcrumb","itemListElement":[{"@type":"ListItem","position":1,"name":"In\u00edcio","item":"https:\/\/inclusivenews.com.br\/"},{"@type":"ListItem","position":2,"name":"Inclus\u00e3o na Educa\u00e7\u00e3o: desafios e oportunidades para professores com defici\u00eancias"}]},{"@type":"WebSite","@id":"https:\/\/inclusivenews.com.br\/#website","url":"https:\/\/inclusivenews.com.br\/","name":"Inclusive News","description":"Inclusive News","publisher":{"@id":"https:\/\/inclusivenews.com.br\/#organization"},"potentialAction":[{"@type":"SearchAction","target":{"@type":"EntryPoint","urlTemplate":"https:\/\/inclusivenews.com.br\/?s={search_term_string}"},"query-input":{"@type":"PropertyValueSpecification","valueRequired":true,"valueName":"search_term_string"}}],"inLanguage":"pt-PT"},{"@type":"Organization","@id":"https:\/\/inclusivenews.com.br\/#organization","name":"Inclusive - inclus\u00e3o e cidadania","url":"https:\/\/inclusivenews.com.br\/","logo":{"@type":"ImageObject","inLanguage":"pt-PT","@id":"https:\/\/inclusivenews.com.br\/#\/schema\/logo\/image\/","url":"https:\/\/inclusivenews.com.br\/wp-content\/uploads\/2024\/03\/@grandesite.png","contentUrl":"https:\/\/inclusivenews.com.br\/wp-content\/uploads\/2024\/03\/@grandesite.png","width":1080,"height":1080,"caption":"Inclusive - inclus\u00e3o e cidadania"},"image":{"@id":"https:\/\/inclusivenews.com.br\/#\/schema\/logo\/image\/"},"sameAs":["https:\/\/www.facebook.com\/agenciainclusive\/","https:\/\/www.instagram.com\/newsinclusive\/"]},{"@type":"Person","@id":"https:\/\/inclusivenews.com.br\/#\/schema\/person\/ae4ec7087559b8692fb33b6fffd2273b","name":"inclusivenews2024","image":{"@type":"ImageObject","inLanguage":"pt-PT","@id":"https:\/\/secure.gravatar.com\/avatar\/c5a7ef84c66fa914f55bc4f7ce26cfa275a3b9a1c5568b907bd184fb4dde7b40?s=96&d=mm&r=g","url":"https:\/\/secure.gravatar.com\/avatar\/c5a7ef84c66fa914f55bc4f7ce26cfa275a3b9a1c5568b907bd184fb4dde7b40?s=96&d=mm&r=g","contentUrl":"https:\/\/secure.gravatar.com\/avatar\/c5a7ef84c66fa914f55bc4f7ce26cfa275a3b9a1c5568b907bd184fb4dde7b40?s=96&d=mm&r=g","caption":"inclusivenews2024"},"sameAs":["https:\/\/inclusivenews.com.br"],"url":"https:\/\/inclusivenews.com.br\/?author=1"}]}},"_links":{"self":[{"href":"https:\/\/inclusivenews.com.br\/index.php?rest_route=\/wp\/v2\/posts\/33917","targetHints":{"allow":["GET"]}}],"collection":[{"href":"https:\/\/inclusivenews.com.br\/index.php?rest_route=\/wp\/v2\/posts"}],"about":[{"href":"https:\/\/inclusivenews.com.br\/index.php?rest_route=\/wp\/v2\/types\/post"}],"author":[{"embeddable":true,"href":"https:\/\/inclusivenews.com.br\/index.php?rest_route=\/wp\/v2\/users\/1"}],"replies":[{"embeddable":true,"href":"https:\/\/inclusivenews.com.br\/index.php?rest_route=%2Fwp%2Fv2%2Fcomments&post=33917"}],"version-history":[{"count":2,"href":"https:\/\/inclusivenews.com.br\/index.php?rest_route=\/wp\/v2\/posts\/33917\/revisions"}],"predecessor-version":[{"id":33920,"href":"https:\/\/inclusivenews.com.br\/index.php?rest_route=\/wp\/v2\/posts\/33917\/revisions\/33920"}],"wp:featuredmedia":[{"embeddable":true,"href":"https:\/\/inclusivenews.com.br\/index.php?rest_route=\/wp\/v2\/media\/33918"}],"wp:attachment":[{"href":"https:\/\/inclusivenews.com.br\/index.php?rest_route=%2Fwp%2Fv2%2Fmedia&parent=33917"}],"wp:term":[{"taxonomy":"category","embeddable":true,"href":"https:\/\/inclusivenews.com.br\/index.php?rest_route=%2Fwp%2Fv2%2Fcategories&post=33917"},{"taxonomy":"post_tag","embeddable":true,"href":"https:\/\/inclusivenews.com.br\/index.php?rest_route=%2Fwp%2Fv2%2Ftags&post=33917"}],"curies":[{"name":"wp","href":"https:\/\/api.w.org\/{rel}","templated":true}]}}