{"id":33938,"date":"2024-08-26T21:28:45","date_gmt":"2024-08-26T21:28:45","guid":{"rendered":"https:\/\/inclusivenews.com.br\/?p=33938"},"modified":"2024-08-26T21:35:25","modified_gmt":"2024-08-26T21:35:25","slug":"amamentacao-para-todos-podcast-acessando-lucilia-episodio-30-2024","status":"publish","type":"post","link":"https:\/\/inclusivenews.com.br\/?p=33938","title":{"rendered":"Amamenta\u00e7\u00e3o para todos \u2013 Podcast Acessando Luc\u00edlia, Epis\u00f3dio 30\/2024"},"content":{"rendered":"\n<p>A pauta do Podcast Acessando Luc\u00edlia desta ter\u00e7a-feira, 27\/08, \u00e9 o Agosto Dourado e a conscientiza\u00e7\u00e3o da import\u00e2ncia do aleitamento humano para a sa\u00fade do beb\u00ea e da m\u00e3e. Alinhada \u00e0s diretrizes da Organiza\u00e7\u00e3o Mundial da Sa\u00fade (OMS) e do Minist\u00e9rio da Sa\u00fade, a campanha deste ano tem como tema &#8220;Reduzindo a desigualdade: apoio \u00e0 amamenta\u00e7\u00e3o para todos&#8221;.<\/p>\n\n\n\n<p>O nosso recorte \u00e9 sobre as mulheres com defici\u00eancia e os estigmas que rondam o processo de amamenta\u00e7\u00e3o desse segmento t\u00e3o invisibilizado. Pessoas com defici\u00eancia amamentam menos do que as sem defici\u00eancia, relatam constrangimento, falta de acessibilidade, desconhecimento e inadequa\u00e7\u00e3o dos servi\u00e7os, al\u00e9m da sensa\u00e7\u00e3o de julgamento pelo ato \u201cirrespons\u00e1vel de terem filho sem condi\u00e7\u00f5es de cuidar\u201d.<\/p>\n\n\n\n<p>Para esta conversa nossas convidadas s\u00e3o:<\/p>\n\n\n\n<p>La\u00eds Silveira Costa, pesquisadora da Escola Nacional de Sa\u00fade P\u00fablica Sergio Arouca (ENSP\/Fiocruz); coordenadora do projeto de pesquisa Interunidades ENSP\/rBLH-IFF sobre amamenta\u00e7\u00e3o inclusiva. Coautora da cartilha \u201cAleitamento Materno Inclusivo\u201d, dispon\u00edvel em Linguagem Simples, portugu\u00eas, ingl\u00eas, espanhol e franc\u00eas, e com vers\u00e3o em cordel elaborada por Edson Oliveira, lan\u00e7ada neste m\u00eas pela Fiocruz. Ela tamb\u00e9m \u00e9 conselheira do Movimento Down; cofundadora do Acolhedown e do @acolhepcd.<\/p>\n\n\n\n<p>Sabrina Gon\u00e7alves Lage, Especialista em Educa\u00e7\u00e3o Especial e Libras e em Tradu\u00e7\u00e3o de Textos de Portugu\u00eas para Libras; idealizadora da p\u00e1gina na internet Mam\u00e3e Surda; servidora p\u00fablica do Minist\u00e9rio P\u00fablico Federal; m\u00e3e surda de duas meninas, doula, educadora perinatal; consultora de amamenta\u00e7\u00e3o e multiplicadora de Educa\u00e7\u00e3o Pol\u00edtica pela Politize!<\/p>\n\n\n\n<p><strong>O bate-papo, que \u00e9 uma parceria com a Inclusive News, conta com int\u00e9rprete de libras e ser\u00e1 transmitido ao vivo, \u00e0s 18h<\/strong>, no canal do ACESSANDO LUC\u00cdLIA no Youtube:\u00a0<a href=\"https:\/\/www.youtube.com\/@acessandolucilia5059\">https:\/\/www.youtube.com\/@acessandolucilia5059\u00a0<\/a>e tamb\u00e9m na Web R\u00e1dio Censura Livre, no\u00a0<a href=\"http:\/\/youtube.com\/c\/Censuralivre\">Youtube<\/a>, no\u00a0<a href=\"http:\/\/facebook.com\/webradiocensuralivre-e\/\">Facebook<\/a>, no\u00a0<a href=\"http:\/\/www.clwebradio.com\/\">site<\/a>\u00a0e no aplicativo:\u00a0<a href=\"http:\/\/l.radios.com.br\/r\/100204\">RadiosNet<\/a>.<\/p>\n\n\n\n<figure class=\"wp-block-image size-large\"><img loading=\"lazy\" decoding=\"async\" width=\"1024\" height=\"576\" src=\"https:\/\/inclusivenews.com.br\/wp-content\/uploads\/2024\/08\/WhatsApp-Image-2024-08-26-at-18.05.48-1024x576.jpeg\" alt=\"Card preto com letras brancas e imagem de ondas sonoras em rosa ao fundo\n\u00c0 esquerda: Podcast\nMais abaixo dentro de uma tarja o desenho estilizado de um microfone e &quot;Acessando Luc\u00edlia&quot;\nDo lado direito dentro de uma moldura em forma de gota rosa, a foto de uma mulher branca de perfil. Ela usa \u00f3culos e blusa branca.\nTer\u00e7a-feira -18h\nCom Luc\u00edlia Machado\nDentro de tarjas sobrepostas nas cores verdes e rosa:\n\u00c0 direita: YouTube.com\/@acessandolucilia59\nFacebook.com\/Webradiocensuralivre https:\/\/www.youtube.com\/@RadioCensuraLivre e no canto esquerdo, o \u00edcone de acess\u00edvel em libras.\n\u00c0 direita, o logo da Inclusive News e ao lado, o da Web R\u00e1dio Censura Livre.\" class=\"wp-image-33940\" srcset=\"https:\/\/inclusivenews.com.br\/wp-content\/uploads\/2024\/08\/WhatsApp-Image-2024-08-26-at-18.05.48-1024x576.jpeg 1024w, https:\/\/inclusivenews.com.br\/wp-content\/uploads\/2024\/08\/WhatsApp-Image-2024-08-26-at-18.05.48-300x169.jpeg 300w, https:\/\/inclusivenews.com.br\/wp-content\/uploads\/2024\/08\/WhatsApp-Image-2024-08-26-at-18.05.48-768x432.jpeg 768w, https:\/\/inclusivenews.com.br\/wp-content\/uploads\/2024\/08\/WhatsApp-Image-2024-08-26-at-18.05.48.jpeg 1280w\" sizes=\"auto, (max-width: 1024px) 100vw, 1024px\" \/><\/figure>\n","protected":false},"excerpt":{"rendered":"<p>A pauta do Podcast Acessando Luc\u00edlia desta ter\u00e7a-feira, 27\/08, \u00e9 o Agosto Dourado e a conscientiza\u00e7\u00e3o da import\u00e2ncia do aleitamento humano para a sa\u00fade do beb\u00ea e da m\u00e3e. Alinhada \u00e0s diretrizes da Organiza\u00e7\u00e3o Mundial da Sa\u00fade (OMS) e do Minist\u00e9rio da Sa\u00fade, a campanha deste ano tem como tema &#8220;Reduzindo a desigualdade: apoio \u00e0 [&hellip;]<\/p>\n","protected":false},"author":1,"featured_media":33942,"comment_status":"open","ping_status":"open","sticky":false,"template":"","format":"standard","meta":{"site-container-style":"default","site-container-layout":"default","site-sidebar-layout":"default","disable-article-header":"default","disable-site-header":"default","disable-site-footer":"default","disable-content-area-spacing":"default","footnotes":""},"categories":[470],"tags":[547,549,548,551,550,521,522],"class_list":["post-33938","post","type-post","status-publish","format-standard","has-post-thumbnail","hentry","category-podcast","tag-acessando-lucilia","tag-agosto-dourado","tag-amamentacao","tag-oms","tag-organizacao-mundial-da-saude","tag-podcast","tag-podcast-acessando-lucilia"],"yoast_head":"<!-- This site is optimized with the Yoast SEO plugin v27.5 - https:\/\/yoast.com\/product\/yoast-seo-wordpress\/ -->\n<title>Amamenta\u00e7\u00e3o para todos \u2013 Podcast Acessando Luc\u00edlia, Epis\u00f3dio 30\/2024 -<\/title>\n<meta name=\"robots\" content=\"index, follow, max-snippet:-1, max-image-preview:large, max-video-preview:-1\" \/>\n<link rel=\"canonical\" href=\"https:\/\/inclusivenews.com.br\/?p=33938\" \/>\n<meta property=\"og:locale\" content=\"pt_PT\" \/>\n<meta property=\"og:type\" content=\"article\" \/>\n<meta property=\"og:title\" content=\"Amamenta\u00e7\u00e3o para todos \u2013 Podcast Acessando Luc\u00edlia, Epis\u00f3dio 30\/2024 -\" \/>\n<meta property=\"og:description\" content=\"A pauta do Podcast Acessando Luc\u00edlia desta ter\u00e7a-feira, 27\/08, \u00e9 o Agosto Dourado e a conscientiza\u00e7\u00e3o da import\u00e2ncia do aleitamento humano para a sa\u00fade do beb\u00ea e da m\u00e3e. Alinhada \u00e0s diretrizes da Organiza\u00e7\u00e3o Mundial da Sa\u00fade (OMS) e do Minist\u00e9rio da Sa\u00fade, a campanha deste ano tem como tema &#8220;Reduzindo a desigualdade: apoio \u00e0 [&hellip;]\" \/>\n<meta property=\"og:url\" content=\"https:\/\/inclusivenews.com.br\/?p=33938\" \/>\n<meta property=\"article:publisher\" content=\"https:\/\/www.facebook.com\/agenciainclusive\/\" \/>\n<meta property=\"article:published_time\" content=\"2024-08-26T21:28:45+00:00\" \/>\n<meta property=\"article:modified_time\" content=\"2024-08-26T21:35:25+00:00\" \/>\n<meta property=\"og:image\" content=\"https:\/\/inclusivenews.com.br\/wp-content\/uploads\/2024\/08\/AdobeStock-lWU5Zhiq7g.jpg\" \/>\n\t<meta property=\"og:image:width\" content=\"1000\" \/>\n\t<meta property=\"og:image:height\" content=\"667\" \/>\n\t<meta property=\"og:image:type\" content=\"image\/jpeg\" \/>\n<meta name=\"author\" content=\"inclusivenews2024\" \/>\n<meta name=\"twitter:card\" content=\"summary_large_image\" \/>\n<meta name=\"twitter:label1\" content=\"Escrito por\" \/>\n\t<meta name=\"twitter:data1\" content=\"inclusivenews2024\" \/>\n\t<meta name=\"twitter:label2\" content=\"Tempo estimado de leitura\" \/>\n\t<meta name=\"twitter:data2\" content=\"2 minutos\" \/>\n<script type=\"application\/ld+json\" class=\"yoast-schema-graph\">{\"@context\":\"https:\\\/\\\/schema.org\",\"@graph\":[{\"@type\":\"Article\",\"@id\":\"https:\\\/\\\/inclusivenews.com.br\\\/?p=33938#article\",\"isPartOf\":{\"@id\":\"https:\\\/\\\/inclusivenews.com.br\\\/?p=33938\"},\"author\":{\"name\":\"inclusivenews2024\",\"@id\":\"https:\\\/\\\/inclusivenews.com.br\\\/#\\\/schema\\\/person\\\/ae4ec7087559b8692fb33b6fffd2273b\"},\"headline\":\"Amamenta\u00e7\u00e3o para todos \u2013 Podcast Acessando Luc\u00edlia, Epis\u00f3dio 30\\\/2024\",\"datePublished\":\"2024-08-26T21:28:45+00:00\",\"dateModified\":\"2024-08-26T21:35:25+00:00\",\"mainEntityOfPage\":{\"@id\":\"https:\\\/\\\/inclusivenews.com.br\\\/?p=33938\"},\"wordCount\":344,\"commentCount\":0,\"publisher\":{\"@id\":\"https:\\\/\\\/inclusivenews.com.br\\\/#organization\"},\"image\":{\"@id\":\"https:\\\/\\\/inclusivenews.com.br\\\/?p=33938#primaryimage\"},\"thumbnailUrl\":\"https:\\\/\\\/inclusivenews.com.br\\\/wp-content\\\/uploads\\\/2024\\\/08\\\/AdobeStock-lWU5Zhiq7g.jpg\",\"keywords\":[\"Acessando Luc\u00edlia\",\"Agosto Dourado\",\"Amamenta\u00e7\u00e3o\",\"OMS\",\"Organiza\u00e7\u00e3o Mundial da Sa\u00fade\",\"Podcast\",\"Podcast Acessando Luc\u00edlia\"],\"articleSection\":[\"PODCAST\"],\"inLanguage\":\"pt-PT\",\"potentialAction\":[{\"@type\":\"CommentAction\",\"name\":\"Comment\",\"target\":[\"https:\\\/\\\/inclusivenews.com.br\\\/?p=33938#respond\"]}]},{\"@type\":\"WebPage\",\"@id\":\"https:\\\/\\\/inclusivenews.com.br\\\/?p=33938\",\"url\":\"https:\\\/\\\/inclusivenews.com.br\\\/?p=33938\",\"name\":\"Amamenta\u00e7\u00e3o para todos \u2013 Podcast Acessando Luc\u00edlia, Epis\u00f3dio 30\\\/2024 -\",\"isPartOf\":{\"@id\":\"https:\\\/\\\/inclusivenews.com.br\\\/#website\"},\"primaryImageOfPage\":{\"@id\":\"https:\\\/\\\/inclusivenews.com.br\\\/?p=33938#primaryimage\"},\"image\":{\"@id\":\"https:\\\/\\\/inclusivenews.com.br\\\/?p=33938#primaryimage\"},\"thumbnailUrl\":\"https:\\\/\\\/inclusivenews.com.br\\\/wp-content\\\/uploads\\\/2024\\\/08\\\/AdobeStock-lWU5Zhiq7g.jpg\",\"datePublished\":\"2024-08-26T21:28:45+00:00\",\"dateModified\":\"2024-08-26T21:35:25+00:00\",\"breadcrumb\":{\"@id\":\"https:\\\/\\\/inclusivenews.com.br\\\/?p=33938#breadcrumb\"},\"inLanguage\":\"pt-PT\",\"potentialAction\":[{\"@type\":\"ReadAction\",\"target\":[\"https:\\\/\\\/inclusivenews.com.br\\\/?p=33938\"]}]},{\"@type\":\"ImageObject\",\"inLanguage\":\"pt-PT\",\"@id\":\"https:\\\/\\\/inclusivenews.com.br\\\/?p=33938#primaryimage\",\"url\":\"https:\\\/\\\/inclusivenews.com.br\\\/wp-content\\\/uploads\\\/2024\\\/08\\\/AdobeStock-lWU5Zhiq7g.jpg\",\"contentUrl\":\"https:\\\/\\\/inclusivenews.com.br\\\/wp-content\\\/uploads\\\/2024\\\/08\\\/AdobeStock-lWU5Zhiq7g.jpg\",\"width\":1000,\"height\":667},{\"@type\":\"BreadcrumbList\",\"@id\":\"https:\\\/\\\/inclusivenews.com.br\\\/?p=33938#breadcrumb\",\"itemListElement\":[{\"@type\":\"ListItem\",\"position\":1,\"name\":\"In\u00edcio\",\"item\":\"https:\\\/\\\/inclusivenews.com.br\\\/\"},{\"@type\":\"ListItem\",\"position\":2,\"name\":\"Amamenta\u00e7\u00e3o para todos \u2013 Podcast Acessando Luc\u00edlia, Epis\u00f3dio 30\\\/2024\"}]},{\"@type\":\"WebSite\",\"@id\":\"https:\\\/\\\/inclusivenews.com.br\\\/#website\",\"url\":\"https:\\\/\\\/inclusivenews.com.br\\\/\",\"name\":\"Inclusive News\",\"description\":\"Inclusive News\",\"publisher\":{\"@id\":\"https:\\\/\\\/inclusivenews.com.br\\\/#organization\"},\"potentialAction\":[{\"@type\":\"SearchAction\",\"target\":{\"@type\":\"EntryPoint\",\"urlTemplate\":\"https:\\\/\\\/inclusivenews.com.br\\\/?s={search_term_string}\"},\"query-input\":{\"@type\":\"PropertyValueSpecification\",\"valueRequired\":true,\"valueName\":\"search_term_string\"}}],\"inLanguage\":\"pt-PT\"},{\"@type\":\"Organization\",\"@id\":\"https:\\\/\\\/inclusivenews.com.br\\\/#organization\",\"name\":\"Inclusive - inclus\u00e3o e cidadania\",\"url\":\"https:\\\/\\\/inclusivenews.com.br\\\/\",\"logo\":{\"@type\":\"ImageObject\",\"inLanguage\":\"pt-PT\",\"@id\":\"https:\\\/\\\/inclusivenews.com.br\\\/#\\\/schema\\\/logo\\\/image\\\/\",\"url\":\"https:\\\/\\\/inclusivenews.com.br\\\/wp-content\\\/uploads\\\/2024\\\/03\\\/@grandesite.png\",\"contentUrl\":\"https:\\\/\\\/inclusivenews.com.br\\\/wp-content\\\/uploads\\\/2024\\\/03\\\/@grandesite.png\",\"width\":1080,\"height\":1080,\"caption\":\"Inclusive - inclus\u00e3o e cidadania\"},\"image\":{\"@id\":\"https:\\\/\\\/inclusivenews.com.br\\\/#\\\/schema\\\/logo\\\/image\\\/\"},\"sameAs\":[\"https:\\\/\\\/www.facebook.com\\\/agenciainclusive\\\/\",\"https:\\\/\\\/www.instagram.com\\\/newsinclusive\\\/\"]},{\"@type\":\"Person\",\"@id\":\"https:\\\/\\\/inclusivenews.com.br\\\/#\\\/schema\\\/person\\\/ae4ec7087559b8692fb33b6fffd2273b\",\"name\":\"inclusivenews2024\",\"image\":{\"@type\":\"ImageObject\",\"inLanguage\":\"pt-PT\",\"@id\":\"https:\\\/\\\/secure.gravatar.com\\\/avatar\\\/c5a7ef84c66fa914f55bc4f7ce26cfa275a3b9a1c5568b907bd184fb4dde7b40?s=96&d=mm&r=g\",\"url\":\"https:\\\/\\\/secure.gravatar.com\\\/avatar\\\/c5a7ef84c66fa914f55bc4f7ce26cfa275a3b9a1c5568b907bd184fb4dde7b40?s=96&d=mm&r=g\",\"contentUrl\":\"https:\\\/\\\/secure.gravatar.com\\\/avatar\\\/c5a7ef84c66fa914f55bc4f7ce26cfa275a3b9a1c5568b907bd184fb4dde7b40?s=96&d=mm&r=g\",\"caption\":\"inclusivenews2024\"},\"sameAs\":[\"https:\\\/\\\/inclusivenews.com.br\"],\"url\":\"https:\\\/\\\/inclusivenews.com.br\\\/?author=1\"}]}<\/script>\n<!-- \/ Yoast SEO plugin. -->","yoast_head_json":{"title":"Amamenta\u00e7\u00e3o para todos \u2013 Podcast Acessando Luc\u00edlia, Epis\u00f3dio 30\/2024 -","robots":{"index":"index","follow":"follow","max-snippet":"max-snippet:-1","max-image-preview":"max-image-preview:large","max-video-preview":"max-video-preview:-1"},"canonical":"https:\/\/inclusivenews.com.br\/?p=33938","og_locale":"pt_PT","og_type":"article","og_title":"Amamenta\u00e7\u00e3o para todos \u2013 Podcast Acessando Luc\u00edlia, Epis\u00f3dio 30\/2024 -","og_description":"A pauta do Podcast Acessando Luc\u00edlia desta ter\u00e7a-feira, 27\/08, \u00e9 o Agosto Dourado e a conscientiza\u00e7\u00e3o da import\u00e2ncia do aleitamento humano para a sa\u00fade do beb\u00ea e da m\u00e3e. Alinhada \u00e0s diretrizes da Organiza\u00e7\u00e3o Mundial da Sa\u00fade (OMS) e do Minist\u00e9rio da Sa\u00fade, a campanha deste ano tem como tema &#8220;Reduzindo a desigualdade: apoio \u00e0 [&hellip;]","og_url":"https:\/\/inclusivenews.com.br\/?p=33938","article_publisher":"https:\/\/www.facebook.com\/agenciainclusive\/","article_published_time":"2024-08-26T21:28:45+00:00","article_modified_time":"2024-08-26T21:35:25+00:00","og_image":[{"width":1000,"height":667,"url":"https:\/\/inclusivenews.com.br\/wp-content\/uploads\/2024\/08\/AdobeStock-lWU5Zhiq7g.jpg","type":"image\/jpeg"}],"author":"inclusivenews2024","twitter_card":"summary_large_image","twitter_misc":{"Escrito por":"inclusivenews2024","Tempo estimado de leitura":"2 minutos"},"schema":{"@context":"https:\/\/schema.org","@graph":[{"@type":"Article","@id":"https:\/\/inclusivenews.com.br\/?p=33938#article","isPartOf":{"@id":"https:\/\/inclusivenews.com.br\/?p=33938"},"author":{"name":"inclusivenews2024","@id":"https:\/\/inclusivenews.com.br\/#\/schema\/person\/ae4ec7087559b8692fb33b6fffd2273b"},"headline":"Amamenta\u00e7\u00e3o para todos \u2013 Podcast Acessando Luc\u00edlia, Epis\u00f3dio 30\/2024","datePublished":"2024-08-26T21:28:45+00:00","dateModified":"2024-08-26T21:35:25+00:00","mainEntityOfPage":{"@id":"https:\/\/inclusivenews.com.br\/?p=33938"},"wordCount":344,"commentCount":0,"publisher":{"@id":"https:\/\/inclusivenews.com.br\/#organization"},"image":{"@id":"https:\/\/inclusivenews.com.br\/?p=33938#primaryimage"},"thumbnailUrl":"https:\/\/inclusivenews.com.br\/wp-content\/uploads\/2024\/08\/AdobeStock-lWU5Zhiq7g.jpg","keywords":["Acessando Luc\u00edlia","Agosto Dourado","Amamenta\u00e7\u00e3o","OMS","Organiza\u00e7\u00e3o Mundial da Sa\u00fade","Podcast","Podcast Acessando Luc\u00edlia"],"articleSection":["PODCAST"],"inLanguage":"pt-PT","potentialAction":[{"@type":"CommentAction","name":"Comment","target":["https:\/\/inclusivenews.com.br\/?p=33938#respond"]}]},{"@type":"WebPage","@id":"https:\/\/inclusivenews.com.br\/?p=33938","url":"https:\/\/inclusivenews.com.br\/?p=33938","name":"Amamenta\u00e7\u00e3o para todos \u2013 Podcast Acessando Luc\u00edlia, Epis\u00f3dio 30\/2024 -","isPartOf":{"@id":"https:\/\/inclusivenews.com.br\/#website"},"primaryImageOfPage":{"@id":"https:\/\/inclusivenews.com.br\/?p=33938#primaryimage"},"image":{"@id":"https:\/\/inclusivenews.com.br\/?p=33938#primaryimage"},"thumbnailUrl":"https:\/\/inclusivenews.com.br\/wp-content\/uploads\/2024\/08\/AdobeStock-lWU5Zhiq7g.jpg","datePublished":"2024-08-26T21:28:45+00:00","dateModified":"2024-08-26T21:35:25+00:00","breadcrumb":{"@id":"https:\/\/inclusivenews.com.br\/?p=33938#breadcrumb"},"inLanguage":"pt-PT","potentialAction":[{"@type":"ReadAction","target":["https:\/\/inclusivenews.com.br\/?p=33938"]}]},{"@type":"ImageObject","inLanguage":"pt-PT","@id":"https:\/\/inclusivenews.com.br\/?p=33938#primaryimage","url":"https:\/\/inclusivenews.com.br\/wp-content\/uploads\/2024\/08\/AdobeStock-lWU5Zhiq7g.jpg","contentUrl":"https:\/\/inclusivenews.com.br\/wp-content\/uploads\/2024\/08\/AdobeStock-lWU5Zhiq7g.jpg","width":1000,"height":667},{"@type":"BreadcrumbList","@id":"https:\/\/inclusivenews.com.br\/?p=33938#breadcrumb","itemListElement":[{"@type":"ListItem","position":1,"name":"In\u00edcio","item":"https:\/\/inclusivenews.com.br\/"},{"@type":"ListItem","position":2,"name":"Amamenta\u00e7\u00e3o para todos \u2013 Podcast Acessando Luc\u00edlia, Epis\u00f3dio 30\/2024"}]},{"@type":"WebSite","@id":"https:\/\/inclusivenews.com.br\/#website","url":"https:\/\/inclusivenews.com.br\/","name":"Inclusive News","description":"Inclusive News","publisher":{"@id":"https:\/\/inclusivenews.com.br\/#organization"},"potentialAction":[{"@type":"SearchAction","target":{"@type":"EntryPoint","urlTemplate":"https:\/\/inclusivenews.com.br\/?s={search_term_string}"},"query-input":{"@type":"PropertyValueSpecification","valueRequired":true,"valueName":"search_term_string"}}],"inLanguage":"pt-PT"},{"@type":"Organization","@id":"https:\/\/inclusivenews.com.br\/#organization","name":"Inclusive - inclus\u00e3o e cidadania","url":"https:\/\/inclusivenews.com.br\/","logo":{"@type":"ImageObject","inLanguage":"pt-PT","@id":"https:\/\/inclusivenews.com.br\/#\/schema\/logo\/image\/","url":"https:\/\/inclusivenews.com.br\/wp-content\/uploads\/2024\/03\/@grandesite.png","contentUrl":"https:\/\/inclusivenews.com.br\/wp-content\/uploads\/2024\/03\/@grandesite.png","width":1080,"height":1080,"caption":"Inclusive - inclus\u00e3o e cidadania"},"image":{"@id":"https:\/\/inclusivenews.com.br\/#\/schema\/logo\/image\/"},"sameAs":["https:\/\/www.facebook.com\/agenciainclusive\/","https:\/\/www.instagram.com\/newsinclusive\/"]},{"@type":"Person","@id":"https:\/\/inclusivenews.com.br\/#\/schema\/person\/ae4ec7087559b8692fb33b6fffd2273b","name":"inclusivenews2024","image":{"@type":"ImageObject","inLanguage":"pt-PT","@id":"https:\/\/secure.gravatar.com\/avatar\/c5a7ef84c66fa914f55bc4f7ce26cfa275a3b9a1c5568b907bd184fb4dde7b40?s=96&d=mm&r=g","url":"https:\/\/secure.gravatar.com\/avatar\/c5a7ef84c66fa914f55bc4f7ce26cfa275a3b9a1c5568b907bd184fb4dde7b40?s=96&d=mm&r=g","contentUrl":"https:\/\/secure.gravatar.com\/avatar\/c5a7ef84c66fa914f55bc4f7ce26cfa275a3b9a1c5568b907bd184fb4dde7b40?s=96&d=mm&r=g","caption":"inclusivenews2024"},"sameAs":["https:\/\/inclusivenews.com.br"],"url":"https:\/\/inclusivenews.com.br\/?author=1"}]}},"_links":{"self":[{"href":"https:\/\/inclusivenews.com.br\/index.php?rest_route=\/wp\/v2\/posts\/33938","targetHints":{"allow":["GET"]}}],"collection":[{"href":"https:\/\/inclusivenews.com.br\/index.php?rest_route=\/wp\/v2\/posts"}],"about":[{"href":"https:\/\/inclusivenews.com.br\/index.php?rest_route=\/wp\/v2\/types\/post"}],"author":[{"embeddable":true,"href":"https:\/\/inclusivenews.com.br\/index.php?rest_route=\/wp\/v2\/users\/1"}],"replies":[{"embeddable":true,"href":"https:\/\/inclusivenews.com.br\/index.php?rest_route=%2Fwp%2Fv2%2Fcomments&post=33938"}],"version-history":[{"count":1,"href":"https:\/\/inclusivenews.com.br\/index.php?rest_route=\/wp\/v2\/posts\/33938\/revisions"}],"predecessor-version":[{"id":33941,"href":"https:\/\/inclusivenews.com.br\/index.php?rest_route=\/wp\/v2\/posts\/33938\/revisions\/33941"}],"wp:featuredmedia":[{"embeddable":true,"href":"https:\/\/inclusivenews.com.br\/index.php?rest_route=\/wp\/v2\/media\/33942"}],"wp:attachment":[{"href":"https:\/\/inclusivenews.com.br\/index.php?rest_route=%2Fwp%2Fv2%2Fmedia&parent=33938"}],"wp:term":[{"taxonomy":"category","embeddable":true,"href":"https:\/\/inclusivenews.com.br\/index.php?rest_route=%2Fwp%2Fv2%2Fcategories&post=33938"},{"taxonomy":"post_tag","embeddable":true,"href":"https:\/\/inclusivenews.com.br\/index.php?rest_route=%2Fwp%2Fv2%2Ftags&post=33938"}],"curies":[{"name":"wp","href":"https:\/\/api.w.org\/{rel}","templated":true}]}}