{"id":33949,"date":"2024-08-27T15:17:06","date_gmt":"2024-08-27T15:17:06","guid":{"rendered":"https:\/\/inclusivenews.com.br\/?p=33949"},"modified":"2024-08-27T15:23:28","modified_gmt":"2024-08-27T15:23:28","slug":"cai-o-registro-de-candidatos-com-deficiencia-nas-eleicoes-o-candidato-tipico-e-homem-branco-tem-deficiencia-fisica-e-mora-em-sao-paulo","status":"publish","type":"post","link":"https:\/\/inclusivenews.com.br\/?p=33949","title":{"rendered":"Cai o n\u00famero de candidatos com defici\u00eancia nas elei\u00e7\u00f5es. O candidato &#8220;t\u00edpico&#8221; \u00e9 homem branco, tem defici\u00eancia f\u00edsica, e mora em S\u00e3o Paulo."},"content":{"rendered":"\n<figure class=\"wp-block-image size-full\"><img loading=\"lazy\" decoding=\"async\" width=\"625\" height=\"419\" src=\"https:\/\/inclusivenews.com.br\/wp-content\/uploads\/2024\/08\/ilustra-eleicao-deficientes.jpg\" alt=\"ilustra\u00e7\u00e3o de urna eletr\u00f4nica de vota\u00e7\u00e3o e s\u00edmbolos de deficiencia autitiva, visual, f\u00edsica e autismo.\" class=\"wp-image-33950\" srcset=\"https:\/\/inclusivenews.com.br\/wp-content\/uploads\/2024\/08\/ilustra-eleicao-deficientes.jpg 625w, https:\/\/inclusivenews.com.br\/wp-content\/uploads\/2024\/08\/ilustra-eleicao-deficientes-300x201.jpg 300w\" sizes=\"auto, (max-width: 625px) 100vw, 625px\" \/><\/figure>\n\n\n\n<p>Patricia Almeida<\/p>\n\n\n\n<p>O n\u00famero de<strong> <\/strong>candidatos com defici\u00eancia<strong> <\/strong>que registraram candidatura para as elei\u00e7\u00f5es municipais no TSE caiu 25% em 2024 em rela\u00e7\u00e3o ao pleito de 2020.<\/p>\n\n\n\n<p>6.657 candidatos se inscreveram para participar das elei\u00e7\u00f5es municipais de 2020, enquanto neste ano 4.970 candidatos v\u00e3o concorrer.<\/p>\n\n\n\n<p>Por tipo de defici\u00eancia, o maior n\u00famero de candidatos possui defici\u00eancia f\u00edsica. Veja os n\u00fameros:<\/p>\n\n\n\n<p>2.729 &#8211; defici\u00eancia f\u00edsica<\/p>\n\n\n\n<p>1.272 &#8211; defici\u00eancia visual<\/p>\n\n\n\n<p>432 &#8211; defici\u00eancia auditiva,<\/p>\n\n\n\n<p>404 &#8211; outros<\/p>\n\n\n\n<p>133 &#8211; autismo.<\/p>\n\n\n\n<p>Quanto ao g\u00eanero, a grande maioria \u00e9 de homens &#8211; 3.494 (71,57%) para 1.388 (28,43%) mulheres.<\/p>\n\n\n\n<figure class=\"wp-block-table\"><table class=\"has-fixed-layout\"><tbody><tr><td>Feminino<\/td><td>1,388<\/td><td>28.43 %<\/td><\/tr><tr><td>Masculino<\/td><td>3,494<\/td><td>71.57 %<\/td><\/tr><\/tbody><\/table><\/figure>\n\n\n\n<p>Destes candidatos, a maioria dos candidatos declarou ser branca (48,77%), seguidos de 37,8% de candidatos pardos. Confira:<\/p>\n\n\n\n<figure class=\"wp-block-table\"><table class=\"has-fixed-layout\"><tbody><tr><td>Amarela<\/td><td>23<\/td><td>0.47 %<\/td><\/tr><tr><td>Branca<\/td><td>2,381<\/td><td>48.77 %<\/td><\/tr><tr><td>Ind\u00edgena<\/td><td>33<\/td><td>0.68 %<\/td><\/tr><tr><td>N\u00e3o Informado<\/td><td>17<\/td><td>0.35 %<\/td><\/tr><tr><td>Parda<\/td><td>1,846<\/td><td>37.81 %<\/td><\/tr><tr><td>Preta<\/td><td>582 &#8211; 11.92%<\/td><\/tr><\/tbody><\/table><\/figure>\n\n\n\n<figure class=\"wp-block-table\"><table class=\"has-fixed-layout\"><tbody><tr><td colspan=\"12\">Com rela\u00e7\u00e3o aos estados, S\u00e3o Paulo lidera com 962 candidatos (19,71%), seguido de Minas Gerais, com 741 (15.18 %), Paran\u00e1, com 405 (8.30 %) e Rio Grande do Sul, com 358 candidatos (7.33 %). Enquanto isso, o estado que tem menos candidatos com defici\u00eancia \u00e9 Roraima, com 14 candidatos (0,29%). Veja os n\u00fameros:<\/td><\/tr><\/tbody><\/table><figcaption class=\"wp-element-caption\"><br>UF &#8211; Quantitatitativo &#8211; Porcentagem (%)<br>AC &#8211; 19 &#8211; 0.39 %<br>AL &#8211; 48 &#8211; 0.98 %<br>AM &#8211; 51 &#8211; 1.04 %<br>AP &#8211; 22 &#8211; 0.45 %<br>BA &#8211; 228 &#8211; 4.67 %<br>CE &#8211; 127 &#8211; 2.60 %<br>ES &#8211; 108 &#8211; 2.21 %<br>GO &#8211; 238 &#8211; 4.88 %<br>MA &#8211; 119 &#8211; 2.44 %<br>MG &#8211; 741 &#8211; 15.18 %<br>MS &#8211; 75 &#8211; 1.54 %<br>MT &#8211; 143 &#8211; 2.93 %<br>PA &#8211; 189 &#8211; 3.87 %<br>PB &#8211; 90 &#8211; 1.84 %<br>PE &#8211; 114 &#8211; 2.34 %<br>PI &#8211; 83 &#8211; 1.70 %<br>PR &#8211; 405 &#8211; 8.30 %<br>RJ &#8211; 179 &#8211; 3.67 %<br>RN &#8211; 85 &#8211; 1.74 %<br>RO &#8211; 83 &#8211; 1.70 %<br>RR &#8211; 14 &#8211; 0.29 %<br>RS &#8211; 358 &#8211; 7.33 %<br>SC &#8211; 297 &#8211; 6.08 %<br>SE &#8211; 58 &#8211; 1.19 %<br>SP &#8211; 962 &#8211; 19.71 % <br>TO &#8211; 46 &#8211; 0.94 %<br><br>\u00c9 importante lembrar, que, al\u00e9m dos candidatos com defici\u00eancia h\u00e1 v\u00e1rios familiares de pessoas com defici\u00eancia que se candidataram nestas elei\u00e7\u00f5es. <br><br>Vamos torcer para que o maior n\u00famero de defensores dos direitos das pessoas com defici\u00eancia se eleja.<br><br>Procure saber quem s\u00e3o os candidatos no seu munic\u00edpio.<br><br>Fonte: TSE &#8211; <a href=\"https:\/\/sig.tse.jus.br\/ords\/dwapr\/r\/seai\/sig-candidaturas\/cruzamento-de-candidaturas-por-defici%C3%AAncia?p30_back=23&amp;clear=30&amp;session=114607026106387\" target=\"_blank\" rel=\"noreferrer noopener\">https:\/\/sig.tse.jus.br\/ords\/dwapr\/r\/seai\/sig-candidaturas\/cruzamento-de-candidaturas-por-defici%C3%AAncia?p30_back=23&amp;clear=30&amp;session=114607026106387<\/a><br><br><\/figcaption><\/figure>\n","protected":false},"excerpt":{"rendered":"<p>Patricia Almeida O n\u00famero de candidatos com defici\u00eancia que registraram candidatura para as elei\u00e7\u00f5es municipais no TSE caiu 25% em 2024 em rela\u00e7\u00e3o ao pleito de 2020. 6.657 candidatos se inscreveram para participar das elei\u00e7\u00f5es municipais de 2020, enquanto neste ano 4.970 candidatos v\u00e3o concorrer. Por tipo de defici\u00eancia, o maior n\u00famero de candidatos possui [&hellip;]<\/p>\n","protected":false},"author":1,"featured_media":33950,"comment_status":"open","ping_status":"open","sticky":false,"template":"","format":"standard","meta":{"site-container-style":"default","site-container-layout":"default","site-sidebar-layout":"default","disable-article-header":"default","disable-site-header":"default","disable-site-footer":"default","disable-content-area-spacing":"default","footnotes":""},"categories":[1],"tags":[],"class_list":["post-33949","post","type-post","status-publish","format-standard","has-post-thumbnail","hentry","category-blog"],"yoast_head":"<!-- This site is optimized with the Yoast SEO plugin v27.4 - https:\/\/yoast.com\/product\/yoast-seo-wordpress\/ -->\n<title>Cai o n\u00famero de candidatos com defici\u00eancia nas elei\u00e7\u00f5es. O candidato &quot;t\u00edpico&quot; \u00e9 homem branco, tem defici\u00eancia f\u00edsica, e mora em S\u00e3o Paulo. -<\/title>\n<meta name=\"robots\" content=\"index, follow, max-snippet:-1, max-image-preview:large, max-video-preview:-1\" \/>\n<link rel=\"canonical\" href=\"https:\/\/inclusivenews.com.br\/?p=33949\" \/>\n<meta property=\"og:locale\" content=\"pt_PT\" \/>\n<meta property=\"og:type\" content=\"article\" \/>\n<meta property=\"og:title\" content=\"Cai o n\u00famero de candidatos com defici\u00eancia nas elei\u00e7\u00f5es. O candidato &quot;t\u00edpico&quot; \u00e9 homem branco, tem defici\u00eancia f\u00edsica, e mora em S\u00e3o Paulo. -\" \/>\n<meta property=\"og:description\" content=\"Patricia Almeida O n\u00famero de candidatos com defici\u00eancia que registraram candidatura para as elei\u00e7\u00f5es municipais no TSE caiu 25% em 2024 em rela\u00e7\u00e3o ao pleito de 2020. 6.657 candidatos se inscreveram para participar das elei\u00e7\u00f5es municipais de 2020, enquanto neste ano 4.970 candidatos v\u00e3o concorrer. Por tipo de defici\u00eancia, o maior n\u00famero de candidatos possui [&hellip;]\" \/>\n<meta property=\"og:url\" content=\"https:\/\/inclusivenews.com.br\/?p=33949\" \/>\n<meta property=\"article:publisher\" content=\"https:\/\/www.facebook.com\/agenciainclusive\/\" \/>\n<meta property=\"article:published_time\" content=\"2024-08-27T15:17:06+00:00\" \/>\n<meta property=\"article:modified_time\" content=\"2024-08-27T15:23:28+00:00\" \/>\n<meta property=\"og:image\" content=\"https:\/\/inclusivenews.com.br\/wp-content\/uploads\/2024\/08\/ilustra-eleicao-deficientes.jpg\" \/>\n\t<meta property=\"og:image:width\" content=\"625\" \/>\n\t<meta property=\"og:image:height\" content=\"419\" \/>\n\t<meta property=\"og:image:type\" content=\"image\/jpeg\" \/>\n<meta name=\"author\" content=\"inclusivenews2024\" \/>\n<meta name=\"twitter:card\" content=\"summary_large_image\" \/>\n<meta name=\"twitter:label1\" content=\"Escrito por\" \/>\n\t<meta name=\"twitter:data1\" content=\"inclusivenews2024\" \/>\n\t<meta name=\"twitter:label2\" content=\"Tempo estimado de leitura\" \/>\n\t<meta name=\"twitter:data2\" content=\"3 minutos\" \/>\n<script type=\"application\/ld+json\" class=\"yoast-schema-graph\">{\"@context\":\"https:\\\/\\\/schema.org\",\"@graph\":[{\"@type\":\"Article\",\"@id\":\"https:\\\/\\\/inclusivenews.com.br\\\/?p=33949#article\",\"isPartOf\":{\"@id\":\"https:\\\/\\\/inclusivenews.com.br\\\/?p=33949\"},\"author\":{\"name\":\"inclusivenews2024\",\"@id\":\"https:\\\/\\\/inclusivenews.com.br\\\/#\\\/schema\\\/person\\\/ae4ec7087559b8692fb33b6fffd2273b\"},\"headline\":\"Cai o n\u00famero de candidatos com defici\u00eancia nas elei\u00e7\u00f5es. O candidato &#8220;t\u00edpico&#8221; \u00e9 homem branco, tem defici\u00eancia f\u00edsica, e mora em S\u00e3o Paulo.\",\"datePublished\":\"2024-08-27T15:17:06+00:00\",\"dateModified\":\"2024-08-27T15:23:28+00:00\",\"mainEntityOfPage\":{\"@id\":\"https:\\\/\\\/inclusivenews.com.br\\\/?p=33949\"},\"wordCount\":353,\"commentCount\":0,\"publisher\":{\"@id\":\"https:\\\/\\\/inclusivenews.com.br\\\/#organization\"},\"image\":{\"@id\":\"https:\\\/\\\/inclusivenews.com.br\\\/?p=33949#primaryimage\"},\"thumbnailUrl\":\"https:\\\/\\\/inclusivenews.com.br\\\/wp-content\\\/uploads\\\/2024\\\/08\\\/ilustra-eleicao-deficientes.jpg\",\"articleSection\":[\"Blog\"],\"inLanguage\":\"pt-PT\",\"potentialAction\":[{\"@type\":\"CommentAction\",\"name\":\"Comment\",\"target\":[\"https:\\\/\\\/inclusivenews.com.br\\\/?p=33949#respond\"]}]},{\"@type\":\"WebPage\",\"@id\":\"https:\\\/\\\/inclusivenews.com.br\\\/?p=33949\",\"url\":\"https:\\\/\\\/inclusivenews.com.br\\\/?p=33949\",\"name\":\"Cai o n\u00famero de candidatos com defici\u00eancia nas elei\u00e7\u00f5es. O candidato \\\"t\u00edpico\\\" \u00e9 homem branco, tem defici\u00eancia f\u00edsica, e mora em S\u00e3o Paulo. -\",\"isPartOf\":{\"@id\":\"https:\\\/\\\/inclusivenews.com.br\\\/#website\"},\"primaryImageOfPage\":{\"@id\":\"https:\\\/\\\/inclusivenews.com.br\\\/?p=33949#primaryimage\"},\"image\":{\"@id\":\"https:\\\/\\\/inclusivenews.com.br\\\/?p=33949#primaryimage\"},\"thumbnailUrl\":\"https:\\\/\\\/inclusivenews.com.br\\\/wp-content\\\/uploads\\\/2024\\\/08\\\/ilustra-eleicao-deficientes.jpg\",\"datePublished\":\"2024-08-27T15:17:06+00:00\",\"dateModified\":\"2024-08-27T15:23:28+00:00\",\"breadcrumb\":{\"@id\":\"https:\\\/\\\/inclusivenews.com.br\\\/?p=33949#breadcrumb\"},\"inLanguage\":\"pt-PT\",\"potentialAction\":[{\"@type\":\"ReadAction\",\"target\":[\"https:\\\/\\\/inclusivenews.com.br\\\/?p=33949\"]}]},{\"@type\":\"ImageObject\",\"inLanguage\":\"pt-PT\",\"@id\":\"https:\\\/\\\/inclusivenews.com.br\\\/?p=33949#primaryimage\",\"url\":\"https:\\\/\\\/inclusivenews.com.br\\\/wp-content\\\/uploads\\\/2024\\\/08\\\/ilustra-eleicao-deficientes.jpg\",\"contentUrl\":\"https:\\\/\\\/inclusivenews.com.br\\\/wp-content\\\/uploads\\\/2024\\\/08\\\/ilustra-eleicao-deficientes.jpg\",\"width\":625,\"height\":419},{\"@type\":\"BreadcrumbList\",\"@id\":\"https:\\\/\\\/inclusivenews.com.br\\\/?p=33949#breadcrumb\",\"itemListElement\":[{\"@type\":\"ListItem\",\"position\":1,\"name\":\"In\u00edcio\",\"item\":\"https:\\\/\\\/inclusivenews.com.br\\\/\"},{\"@type\":\"ListItem\",\"position\":2,\"name\":\"Cai o n\u00famero de candidatos com defici\u00eancia nas elei\u00e7\u00f5es. O candidato &#8220;t\u00edpico&#8221; \u00e9 homem branco, tem defici\u00eancia f\u00edsica, e mora em S\u00e3o Paulo.\"}]},{\"@type\":\"WebSite\",\"@id\":\"https:\\\/\\\/inclusivenews.com.br\\\/#website\",\"url\":\"https:\\\/\\\/inclusivenews.com.br\\\/\",\"name\":\"Inclusive News\",\"description\":\"Inclusive News\",\"publisher\":{\"@id\":\"https:\\\/\\\/inclusivenews.com.br\\\/#organization\"},\"potentialAction\":[{\"@type\":\"SearchAction\",\"target\":{\"@type\":\"EntryPoint\",\"urlTemplate\":\"https:\\\/\\\/inclusivenews.com.br\\\/?s={search_term_string}\"},\"query-input\":{\"@type\":\"PropertyValueSpecification\",\"valueRequired\":true,\"valueName\":\"search_term_string\"}}],\"inLanguage\":\"pt-PT\"},{\"@type\":\"Organization\",\"@id\":\"https:\\\/\\\/inclusivenews.com.br\\\/#organization\",\"name\":\"Inclusive - inclus\u00e3o e cidadania\",\"url\":\"https:\\\/\\\/inclusivenews.com.br\\\/\",\"logo\":{\"@type\":\"ImageObject\",\"inLanguage\":\"pt-PT\",\"@id\":\"https:\\\/\\\/inclusivenews.com.br\\\/#\\\/schema\\\/logo\\\/image\\\/\",\"url\":\"https:\\\/\\\/inclusivenews.com.br\\\/wp-content\\\/uploads\\\/2024\\\/03\\\/@grandesite.png\",\"contentUrl\":\"https:\\\/\\\/inclusivenews.com.br\\\/wp-content\\\/uploads\\\/2024\\\/03\\\/@grandesite.png\",\"width\":1080,\"height\":1080,\"caption\":\"Inclusive - inclus\u00e3o e cidadania\"},\"image\":{\"@id\":\"https:\\\/\\\/inclusivenews.com.br\\\/#\\\/schema\\\/logo\\\/image\\\/\"},\"sameAs\":[\"https:\\\/\\\/www.facebook.com\\\/agenciainclusive\\\/\",\"https:\\\/\\\/www.instagram.com\\\/newsinclusive\\\/\"]},{\"@type\":\"Person\",\"@id\":\"https:\\\/\\\/inclusivenews.com.br\\\/#\\\/schema\\\/person\\\/ae4ec7087559b8692fb33b6fffd2273b\",\"name\":\"inclusivenews2024\",\"image\":{\"@type\":\"ImageObject\",\"inLanguage\":\"pt-PT\",\"@id\":\"https:\\\/\\\/secure.gravatar.com\\\/avatar\\\/c5a7ef84c66fa914f55bc4f7ce26cfa275a3b9a1c5568b907bd184fb4dde7b40?s=96&d=mm&r=g\",\"url\":\"https:\\\/\\\/secure.gravatar.com\\\/avatar\\\/c5a7ef84c66fa914f55bc4f7ce26cfa275a3b9a1c5568b907bd184fb4dde7b40?s=96&d=mm&r=g\",\"contentUrl\":\"https:\\\/\\\/secure.gravatar.com\\\/avatar\\\/c5a7ef84c66fa914f55bc4f7ce26cfa275a3b9a1c5568b907bd184fb4dde7b40?s=96&d=mm&r=g\",\"caption\":\"inclusivenews2024\"},\"sameAs\":[\"https:\\\/\\\/inclusivenews.com.br\"],\"url\":\"https:\\\/\\\/inclusivenews.com.br\\\/?author=1\"}]}<\/script>\n<!-- \/ Yoast SEO plugin. -->","yoast_head_json":{"title":"Cai o n\u00famero de candidatos com defici\u00eancia nas elei\u00e7\u00f5es. O candidato \"t\u00edpico\" \u00e9 homem branco, tem defici\u00eancia f\u00edsica, e mora em S\u00e3o Paulo. -","robots":{"index":"index","follow":"follow","max-snippet":"max-snippet:-1","max-image-preview":"max-image-preview:large","max-video-preview":"max-video-preview:-1"},"canonical":"https:\/\/inclusivenews.com.br\/?p=33949","og_locale":"pt_PT","og_type":"article","og_title":"Cai o n\u00famero de candidatos com defici\u00eancia nas elei\u00e7\u00f5es. O candidato \"t\u00edpico\" \u00e9 homem branco, tem defici\u00eancia f\u00edsica, e mora em S\u00e3o Paulo. -","og_description":"Patricia Almeida O n\u00famero de candidatos com defici\u00eancia que registraram candidatura para as elei\u00e7\u00f5es municipais no TSE caiu 25% em 2024 em rela\u00e7\u00e3o ao pleito de 2020. 6.657 candidatos se inscreveram para participar das elei\u00e7\u00f5es municipais de 2020, enquanto neste ano 4.970 candidatos v\u00e3o concorrer. Por tipo de defici\u00eancia, o maior n\u00famero de candidatos possui [&hellip;]","og_url":"https:\/\/inclusivenews.com.br\/?p=33949","article_publisher":"https:\/\/www.facebook.com\/agenciainclusive\/","article_published_time":"2024-08-27T15:17:06+00:00","article_modified_time":"2024-08-27T15:23:28+00:00","og_image":[{"width":625,"height":419,"url":"https:\/\/inclusivenews.com.br\/wp-content\/uploads\/2024\/08\/ilustra-eleicao-deficientes.jpg","type":"image\/jpeg"}],"author":"inclusivenews2024","twitter_card":"summary_large_image","twitter_misc":{"Escrito por":"inclusivenews2024","Tempo estimado de leitura":"3 minutos"},"schema":{"@context":"https:\/\/schema.org","@graph":[{"@type":"Article","@id":"https:\/\/inclusivenews.com.br\/?p=33949#article","isPartOf":{"@id":"https:\/\/inclusivenews.com.br\/?p=33949"},"author":{"name":"inclusivenews2024","@id":"https:\/\/inclusivenews.com.br\/#\/schema\/person\/ae4ec7087559b8692fb33b6fffd2273b"},"headline":"Cai o n\u00famero de candidatos com defici\u00eancia nas elei\u00e7\u00f5es. O candidato &#8220;t\u00edpico&#8221; \u00e9 homem branco, tem defici\u00eancia f\u00edsica, e mora em S\u00e3o Paulo.","datePublished":"2024-08-27T15:17:06+00:00","dateModified":"2024-08-27T15:23:28+00:00","mainEntityOfPage":{"@id":"https:\/\/inclusivenews.com.br\/?p=33949"},"wordCount":353,"commentCount":0,"publisher":{"@id":"https:\/\/inclusivenews.com.br\/#organization"},"image":{"@id":"https:\/\/inclusivenews.com.br\/?p=33949#primaryimage"},"thumbnailUrl":"https:\/\/inclusivenews.com.br\/wp-content\/uploads\/2024\/08\/ilustra-eleicao-deficientes.jpg","articleSection":["Blog"],"inLanguage":"pt-PT","potentialAction":[{"@type":"CommentAction","name":"Comment","target":["https:\/\/inclusivenews.com.br\/?p=33949#respond"]}]},{"@type":"WebPage","@id":"https:\/\/inclusivenews.com.br\/?p=33949","url":"https:\/\/inclusivenews.com.br\/?p=33949","name":"Cai o n\u00famero de candidatos com defici\u00eancia nas elei\u00e7\u00f5es. O candidato \"t\u00edpico\" \u00e9 homem branco, tem defici\u00eancia f\u00edsica, e mora em S\u00e3o Paulo. -","isPartOf":{"@id":"https:\/\/inclusivenews.com.br\/#website"},"primaryImageOfPage":{"@id":"https:\/\/inclusivenews.com.br\/?p=33949#primaryimage"},"image":{"@id":"https:\/\/inclusivenews.com.br\/?p=33949#primaryimage"},"thumbnailUrl":"https:\/\/inclusivenews.com.br\/wp-content\/uploads\/2024\/08\/ilustra-eleicao-deficientes.jpg","datePublished":"2024-08-27T15:17:06+00:00","dateModified":"2024-08-27T15:23:28+00:00","breadcrumb":{"@id":"https:\/\/inclusivenews.com.br\/?p=33949#breadcrumb"},"inLanguage":"pt-PT","potentialAction":[{"@type":"ReadAction","target":["https:\/\/inclusivenews.com.br\/?p=33949"]}]},{"@type":"ImageObject","inLanguage":"pt-PT","@id":"https:\/\/inclusivenews.com.br\/?p=33949#primaryimage","url":"https:\/\/inclusivenews.com.br\/wp-content\/uploads\/2024\/08\/ilustra-eleicao-deficientes.jpg","contentUrl":"https:\/\/inclusivenews.com.br\/wp-content\/uploads\/2024\/08\/ilustra-eleicao-deficientes.jpg","width":625,"height":419},{"@type":"BreadcrumbList","@id":"https:\/\/inclusivenews.com.br\/?p=33949#breadcrumb","itemListElement":[{"@type":"ListItem","position":1,"name":"In\u00edcio","item":"https:\/\/inclusivenews.com.br\/"},{"@type":"ListItem","position":2,"name":"Cai o n\u00famero de candidatos com defici\u00eancia nas elei\u00e7\u00f5es. O candidato &#8220;t\u00edpico&#8221; \u00e9 homem branco, tem defici\u00eancia f\u00edsica, e mora em S\u00e3o Paulo."}]},{"@type":"WebSite","@id":"https:\/\/inclusivenews.com.br\/#website","url":"https:\/\/inclusivenews.com.br\/","name":"Inclusive News","description":"Inclusive News","publisher":{"@id":"https:\/\/inclusivenews.com.br\/#organization"},"potentialAction":[{"@type":"SearchAction","target":{"@type":"EntryPoint","urlTemplate":"https:\/\/inclusivenews.com.br\/?s={search_term_string}"},"query-input":{"@type":"PropertyValueSpecification","valueRequired":true,"valueName":"search_term_string"}}],"inLanguage":"pt-PT"},{"@type":"Organization","@id":"https:\/\/inclusivenews.com.br\/#organization","name":"Inclusive - inclus\u00e3o e cidadania","url":"https:\/\/inclusivenews.com.br\/","logo":{"@type":"ImageObject","inLanguage":"pt-PT","@id":"https:\/\/inclusivenews.com.br\/#\/schema\/logo\/image\/","url":"https:\/\/inclusivenews.com.br\/wp-content\/uploads\/2024\/03\/@grandesite.png","contentUrl":"https:\/\/inclusivenews.com.br\/wp-content\/uploads\/2024\/03\/@grandesite.png","width":1080,"height":1080,"caption":"Inclusive - inclus\u00e3o e cidadania"},"image":{"@id":"https:\/\/inclusivenews.com.br\/#\/schema\/logo\/image\/"},"sameAs":["https:\/\/www.facebook.com\/agenciainclusive\/","https:\/\/www.instagram.com\/newsinclusive\/"]},{"@type":"Person","@id":"https:\/\/inclusivenews.com.br\/#\/schema\/person\/ae4ec7087559b8692fb33b6fffd2273b","name":"inclusivenews2024","image":{"@type":"ImageObject","inLanguage":"pt-PT","@id":"https:\/\/secure.gravatar.com\/avatar\/c5a7ef84c66fa914f55bc4f7ce26cfa275a3b9a1c5568b907bd184fb4dde7b40?s=96&d=mm&r=g","url":"https:\/\/secure.gravatar.com\/avatar\/c5a7ef84c66fa914f55bc4f7ce26cfa275a3b9a1c5568b907bd184fb4dde7b40?s=96&d=mm&r=g","contentUrl":"https:\/\/secure.gravatar.com\/avatar\/c5a7ef84c66fa914f55bc4f7ce26cfa275a3b9a1c5568b907bd184fb4dde7b40?s=96&d=mm&r=g","caption":"inclusivenews2024"},"sameAs":["https:\/\/inclusivenews.com.br"],"url":"https:\/\/inclusivenews.com.br\/?author=1"}]}},"_links":{"self":[{"href":"https:\/\/inclusivenews.com.br\/index.php?rest_route=\/wp\/v2\/posts\/33949","targetHints":{"allow":["GET"]}}],"collection":[{"href":"https:\/\/inclusivenews.com.br\/index.php?rest_route=\/wp\/v2\/posts"}],"about":[{"href":"https:\/\/inclusivenews.com.br\/index.php?rest_route=\/wp\/v2\/types\/post"}],"author":[{"embeddable":true,"href":"https:\/\/inclusivenews.com.br\/index.php?rest_route=\/wp\/v2\/users\/1"}],"replies":[{"embeddable":true,"href":"https:\/\/inclusivenews.com.br\/index.php?rest_route=%2Fwp%2Fv2%2Fcomments&post=33949"}],"version-history":[{"count":6,"href":"https:\/\/inclusivenews.com.br\/index.php?rest_route=\/wp\/v2\/posts\/33949\/revisions"}],"predecessor-version":[{"id":33959,"href":"https:\/\/inclusivenews.com.br\/index.php?rest_route=\/wp\/v2\/posts\/33949\/revisions\/33959"}],"wp:featuredmedia":[{"embeddable":true,"href":"https:\/\/inclusivenews.com.br\/index.php?rest_route=\/wp\/v2\/media\/33950"}],"wp:attachment":[{"href":"https:\/\/inclusivenews.com.br\/index.php?rest_route=%2Fwp%2Fv2%2Fmedia&parent=33949"}],"wp:term":[{"taxonomy":"category","embeddable":true,"href":"https:\/\/inclusivenews.com.br\/index.php?rest_route=%2Fwp%2Fv2%2Fcategories&post=33949"},{"taxonomy":"post_tag","embeddable":true,"href":"https:\/\/inclusivenews.com.br\/index.php?rest_route=%2Fwp%2Fv2%2Ftags&post=33949"}],"curies":[{"name":"wp","href":"https:\/\/api.w.org\/{rel}","templated":true}]}}