{"id":33960,"date":"2024-08-28T13:22:53","date_gmt":"2024-08-28T13:22:53","guid":{"rendered":"https:\/\/inclusivenews.com.br\/?p=33960"},"modified":"2024-08-28T17:30:01","modified_gmt":"2024-08-28T17:30:01","slug":"foi-dada-a-largada-para-os-jogos-paralimpicos-de-paris-2024","status":"publish","type":"post","link":"https:\/\/inclusivenews.com.br\/?p=33960","title":{"rendered":"Foi dada a largada para os Jogos Paral\u00edmpicos de Paris 2024"},"content":{"rendered":"\n<p class=\"has-yuki-font-medium-font-size\"><strong>Hoje, dia 28 de agosto, come\u00e7am os Jogos Paral\u00edmpicos de Paris 2024.<\/strong><\/p>\n\n\n\n<figure class=\"wp-block-image size-large\"><img loading=\"lazy\" decoding=\"async\" width=\"1024\" height=\"768\" src=\"https:\/\/inclusivenews.com.br\/wp-content\/uploads\/2024\/08\/GWDbAtGXUAAbN0U-1024x768.jpeg\" alt=\"Foto aberta da arena de competi\u00e7\u00e3o do futebol de cegos em Paris 2024 e, ao fundo, a Torre Eiffel.\" class=\"wp-image-33965\" srcset=\"https:\/\/inclusivenews.com.br\/wp-content\/uploads\/2024\/08\/GWDbAtGXUAAbN0U-1024x768.jpeg 1024w, https:\/\/inclusivenews.com.br\/wp-content\/uploads\/2024\/08\/GWDbAtGXUAAbN0U-300x225.jpeg 300w, https:\/\/inclusivenews.com.br\/wp-content\/uploads\/2024\/08\/GWDbAtGXUAAbN0U-768x576.jpeg 768w, https:\/\/inclusivenews.com.br\/wp-content\/uploads\/2024\/08\/GWDbAtGXUAAbN0U-1536x1152.jpeg 1536w, https:\/\/inclusivenews.com.br\/wp-content\/uploads\/2024\/08\/GWDbAtGXUAAbN0U.jpeg 1600w\" sizes=\"auto, (max-width: 1024px) 100vw, 1024px\" \/><\/figure>\n\n\n\n<p>A cerim\u00f4nia de abertura da 17\u00aa edi\u00e7\u00e3o dos Jogos Paral\u00edmpicos est\u00e1 marcada para iniciar \u00e0s \u00e0s 15h do hor\u00e1rio de Bras\u00edlia, diretamente da Pra\u00e7a da Conc\u00f3rdia, no cora\u00e7\u00e3o da cidade de Paris.<\/p>\n\n\n\n<p>Ao longo desta edi\u00e7\u00e3o teremos mais de 3 mil competidores divididos em 22 modalidades, que contar\u00e3o ao todo com 549 eventos.<\/p>\n\n\n\n<p>De acordo com a comunica\u00e7\u00e3o ol\u00edmpica oficial, 274 atletas representar\u00e3o o Brasil. Entre eles, 255 com defici\u00eancia e 19 atletas-guia. Quase metade da nossa delega\u00e7\u00e3o \u00e9 composta por mulheres, 117 atletas representando a maior convoca\u00e7\u00e3o feminina brasileira na hist\u00f3ria do pa\u00eds.<\/p>\n\n\n\n<p><strong>Entre os atletas est\u00e3o:<\/strong><br>Alana Maldonado (Jud\u00f4);<br>Bruna Alexandra (T\u00eanis de Mesa);<br>Douglas Matera (Nata\u00e7\u00e3o);<br>Ed\u00eania Garcia (Nata\u00e7\u00e3o);<br>Felipe Gomes (Atletismo);<br>Fernando Rufino (Canoagem);<br>Gabriel Geraldo (Nata\u00e7\u00e3o);<br>Maciel Santos (Bocha);<br>Nathan Torquato (Taekwondo);<br>Petrucio Ferreira (Atletismo);<br>Phelipe Rodrigues (Nata\u00e7\u00e3o);<br>Samuel Concei\u00e7\u00e3o (Atletismo);<br>Wanna Brito (Atletismo);<br>Washington Junior (Atletismo);<br>Yeltsin Jacques (Atletismo).<\/p>\n\n\n\n<p>Separamos uma lista com todos os esportes das Paralimp\u00edadas 2024 de Paris e as datas em que eles ir\u00e3o acontecer, anota a\u00ed:<\/p>\n\n\n\n<p>Atletismo: entre 30 de agosto e 8 de setembro<br>Badminton: entre 29 de agosto e 2 de setembro<br>Basquete em cadeira de rodas: entre 29 de agosto e 8 de setembro<br>Bocha: entre 29 de agosto e 5 de setembro<br>Canoagem: entre 6 e 8 de setembro<br>Ciclismo de estrada: entre 4 e 7 de setembro<br>Ciclismo de pista: entre 29 de agosto e 1\u00ba de setembro<br>Esgrima em cadeira de rodas: entre 3 e 7 de setembro<br>Futebol de 5: entre os dias 1\u00ba e 7 de setembro<br>Goalball: entre 29 de agosto e 5 de setembro<br>Hipismo: entre 3 e 7 de setembro<br>Jud\u00f4: entre 5 e 7 de setembro<br>Levantamento de peso: entre 4 e 8 de setembro<br>Nata\u00e7\u00e3o: entre 29 de agosto e 7 de setembro<br>Remo: entre 30 de agosto e 1\u00ba de setembro<br>Rugby em cadeira de rodas: entre 29 de agosto e 2 de setembro<br>Taekwondo: entre 29 e 31 de agosto<br>T\u00eanis de mesa: entre 29 de agosto e 7 de setembro<br>T\u00eanis em cadeira de rodas: entre 30 de agosto e 7 de setembro<br>Tiro: entre 30 de agosto e 5 de setembro<br>Tiro com arco: entre 29 de agosto e 5 de setembro<br>Triatlo: entre os dias 1\u00ba e 2 de setembro<br>Voleibol sentado: entre 29 de agosto e 7 de setembro<\/p>\n\n\n\n<p><strong>Os atletas brasileiros disputar\u00e3o 20 das 22 modalidades dos Jogos Paral\u00edmpicos.<\/strong><\/p>\n\n\n\n<p>Voc\u00ea j\u00e1 sabe onde assistir a programa\u00e7\u00e3o?<br>Infelizmente, os Jogos Paral\u00edmpicos n\u00e3o recebem a mesma divulga\u00e7\u00e3o que os Jogos Ol\u00edmpicos, ent\u00e3o, a maioria dos conte\u00fados n\u00e3o ser\u00e1 exibida na tv aberta.<\/p>\n\n\n\n<p>A principal fonte de transmiss\u00e3o dos jogos ser\u00e1 pelo site <a href=\"http:\/\/Olympics.com\">Olympics.com<\/a>, a abertura do evento, todas as disputas e o encerramento poder\u00e3o ser vistas no site. E tamb\u00e9m no <a href=\"https:\/\/www.youtube.com\/@paralympics\">Youtube oficial dos Jogos Paral\u00edmpicos<\/a>.<\/p>\n\n\n\n<p>Clientes da Claro tv+ poder\u00e3o assistir transmiss\u00f5es acess\u00edveis com audiodescri\u00e7\u00e3o, libras e legenda, no sportv canal 533 ou com o app Beplay.<\/p>\n\n\n\n<p>Al\u00e9m disso, algumas disputas tamb\u00e9m ser\u00e3o exibidas pela TV Globo, pelo canal de tv a cabo, Sportv e pelo Youtube da <a href=\"https:\/\/www.youtube.com\/@CazeTV\/featured\">Caz\u00e9TV<\/a>.<\/p>\n","protected":false},"excerpt":{"rendered":"<p>Hoje, dia 28 de agosto, come\u00e7am os Jogos Paral\u00edmpicos de Paris 2024. A cerim\u00f4nia de abertura da 17\u00aa edi\u00e7\u00e3o dos Jogos Paral\u00edmpicos est\u00e1 marcada para iniciar \u00e0s \u00e0s 15h do hor\u00e1rio de Bras\u00edlia, diretamente da Pra\u00e7a da Conc\u00f3rdia, no cora\u00e7\u00e3o da cidade de Paris. Ao longo desta edi\u00e7\u00e3o teremos mais de 3 mil competidores divididos [&hellip;]<\/p>\n","protected":false},"author":1,"featured_media":33965,"comment_status":"open","ping_status":"open","sticky":false,"template":"","format":"standard","meta":{"site-container-style":"default","site-container-layout":"default","site-sidebar-layout":"default","disable-article-header":"default","disable-site-header":"default","disable-site-footer":"default","disable-content-area-spacing":"default","footnotes":""},"categories":[27],"tags":[328,543,553,554,557,556,555,552],"class_list":["post-33960","post","type-post","status-publish","format-standard","has-post-thumbnail","hentry","category-esporte","tag-jogos-paralimpicos","tag-jogos-paralimpicos-de-paris-2024","tag-olimiadas","tag-olimpiadas-2024","tag-paralimpiadas","tag-paralimpiadas-2024","tag-paralimpiadas-2024-de-paris","tag-paris-2024"],"yoast_head":"<!-- This site is optimized with the Yoast SEO plugin v27.4 - https:\/\/yoast.com\/product\/yoast-seo-wordpress\/ -->\n<title>Foi dada a largada para os Jogos Paral\u00edmpicos de Paris 2024 -<\/title>\n<meta name=\"robots\" content=\"index, follow, max-snippet:-1, max-image-preview:large, max-video-preview:-1\" \/>\n<link rel=\"canonical\" href=\"https:\/\/inclusivenews.com.br\/?p=33960\" \/>\n<meta property=\"og:locale\" content=\"pt_PT\" \/>\n<meta property=\"og:type\" content=\"article\" \/>\n<meta property=\"og:title\" content=\"Foi dada a largada para os Jogos Paral\u00edmpicos de Paris 2024 -\" \/>\n<meta property=\"og:description\" content=\"Hoje, dia 28 de agosto, come\u00e7am os Jogos Paral\u00edmpicos de Paris 2024. A cerim\u00f4nia de abertura da 17\u00aa edi\u00e7\u00e3o dos Jogos Paral\u00edmpicos est\u00e1 marcada para iniciar \u00e0s \u00e0s 15h do hor\u00e1rio de Bras\u00edlia, diretamente da Pra\u00e7a da Conc\u00f3rdia, no cora\u00e7\u00e3o da cidade de Paris. Ao longo desta edi\u00e7\u00e3o teremos mais de 3 mil competidores divididos [&hellip;]\" \/>\n<meta property=\"og:url\" content=\"https:\/\/inclusivenews.com.br\/?p=33960\" \/>\n<meta property=\"article:publisher\" content=\"https:\/\/www.facebook.com\/agenciainclusive\/\" \/>\n<meta property=\"article:published_time\" content=\"2024-08-28T13:22:53+00:00\" \/>\n<meta property=\"article:modified_time\" content=\"2024-08-28T17:30:01+00:00\" \/>\n<meta property=\"og:image\" content=\"https:\/\/inclusivenews.com.br\/wp-content\/uploads\/2024\/08\/GWDbAtGXUAAbN0U.jpeg\" \/>\n\t<meta property=\"og:image:width\" content=\"1600\" \/>\n\t<meta property=\"og:image:height\" content=\"1200\" \/>\n\t<meta property=\"og:image:type\" content=\"image\/jpeg\" \/>\n<meta name=\"author\" content=\"inclusivenews2024\" \/>\n<meta name=\"twitter:card\" content=\"summary_large_image\" \/>\n<meta name=\"twitter:label1\" content=\"Escrito por\" \/>\n\t<meta name=\"twitter:data1\" content=\"inclusivenews2024\" \/>\n\t<meta name=\"twitter:label2\" content=\"Tempo estimado de leitura\" \/>\n\t<meta name=\"twitter:data2\" content=\"4 minutos\" \/>\n<script type=\"application\/ld+json\" class=\"yoast-schema-graph\">{\"@context\":\"https:\\\/\\\/schema.org\",\"@graph\":[{\"@type\":\"Article\",\"@id\":\"https:\\\/\\\/inclusivenews.com.br\\\/?p=33960#article\",\"isPartOf\":{\"@id\":\"https:\\\/\\\/inclusivenews.com.br\\\/?p=33960\"},\"author\":{\"name\":\"inclusivenews2024\",\"@id\":\"https:\\\/\\\/inclusivenews.com.br\\\/#\\\/schema\\\/person\\\/ae4ec7087559b8692fb33b6fffd2273b\"},\"headline\":\"Foi dada a largada para os Jogos Paral\u00edmpicos de Paris 2024\",\"datePublished\":\"2024-08-28T13:22:53+00:00\",\"dateModified\":\"2024-08-28T17:30:01+00:00\",\"mainEntityOfPage\":{\"@id\":\"https:\\\/\\\/inclusivenews.com.br\\\/?p=33960\"},\"wordCount\":504,\"commentCount\":0,\"publisher\":{\"@id\":\"https:\\\/\\\/inclusivenews.com.br\\\/#organization\"},\"image\":{\"@id\":\"https:\\\/\\\/inclusivenews.com.br\\\/?p=33960#primaryimage\"},\"thumbnailUrl\":\"https:\\\/\\\/inclusivenews.com.br\\\/wp-content\\\/uploads\\\/2024\\\/08\\\/GWDbAtGXUAAbN0U.jpeg\",\"keywords\":[\"jogos paral\u00edmpicos\",\"Jogos Paral\u00edmpicos de Paris 2024\",\"Olim\u00edadas\",\"Olimp\u00edadas 2024\",\"Paralimp\u00edadas\",\"Paralimp\u00edadas 2024\",\"Paralimp\u00edadas 2024 de Paris\",\"Paris 2024\"],\"articleSection\":[\"Esporte\"],\"inLanguage\":\"pt-PT\",\"potentialAction\":[{\"@type\":\"CommentAction\",\"name\":\"Comment\",\"target\":[\"https:\\\/\\\/inclusivenews.com.br\\\/?p=33960#respond\"]}]},{\"@type\":\"WebPage\",\"@id\":\"https:\\\/\\\/inclusivenews.com.br\\\/?p=33960\",\"url\":\"https:\\\/\\\/inclusivenews.com.br\\\/?p=33960\",\"name\":\"Foi dada a largada para os Jogos Paral\u00edmpicos de Paris 2024 -\",\"isPartOf\":{\"@id\":\"https:\\\/\\\/inclusivenews.com.br\\\/#website\"},\"primaryImageOfPage\":{\"@id\":\"https:\\\/\\\/inclusivenews.com.br\\\/?p=33960#primaryimage\"},\"image\":{\"@id\":\"https:\\\/\\\/inclusivenews.com.br\\\/?p=33960#primaryimage\"},\"thumbnailUrl\":\"https:\\\/\\\/inclusivenews.com.br\\\/wp-content\\\/uploads\\\/2024\\\/08\\\/GWDbAtGXUAAbN0U.jpeg\",\"datePublished\":\"2024-08-28T13:22:53+00:00\",\"dateModified\":\"2024-08-28T17:30:01+00:00\",\"breadcrumb\":{\"@id\":\"https:\\\/\\\/inclusivenews.com.br\\\/?p=33960#breadcrumb\"},\"inLanguage\":\"pt-PT\",\"potentialAction\":[{\"@type\":\"ReadAction\",\"target\":[\"https:\\\/\\\/inclusivenews.com.br\\\/?p=33960\"]}]},{\"@type\":\"ImageObject\",\"inLanguage\":\"pt-PT\",\"@id\":\"https:\\\/\\\/inclusivenews.com.br\\\/?p=33960#primaryimage\",\"url\":\"https:\\\/\\\/inclusivenews.com.br\\\/wp-content\\\/uploads\\\/2024\\\/08\\\/GWDbAtGXUAAbN0U.jpeg\",\"contentUrl\":\"https:\\\/\\\/inclusivenews.com.br\\\/wp-content\\\/uploads\\\/2024\\\/08\\\/GWDbAtGXUAAbN0U.jpeg\",\"width\":1600,\"height\":1200,\"caption\":\"Foto aberta da arena de competi\u00e7\u00e3o do futebol de cegos em Paris 2024 e, ao fundo, a Torre Eiffel.\"},{\"@type\":\"BreadcrumbList\",\"@id\":\"https:\\\/\\\/inclusivenews.com.br\\\/?p=33960#breadcrumb\",\"itemListElement\":[{\"@type\":\"ListItem\",\"position\":1,\"name\":\"In\u00edcio\",\"item\":\"https:\\\/\\\/inclusivenews.com.br\\\/\"},{\"@type\":\"ListItem\",\"position\":2,\"name\":\"Foi dada a largada para os Jogos Paral\u00edmpicos de Paris 2024\"}]},{\"@type\":\"WebSite\",\"@id\":\"https:\\\/\\\/inclusivenews.com.br\\\/#website\",\"url\":\"https:\\\/\\\/inclusivenews.com.br\\\/\",\"name\":\"Inclusive News\",\"description\":\"Inclusive News\",\"publisher\":{\"@id\":\"https:\\\/\\\/inclusivenews.com.br\\\/#organization\"},\"potentialAction\":[{\"@type\":\"SearchAction\",\"target\":{\"@type\":\"EntryPoint\",\"urlTemplate\":\"https:\\\/\\\/inclusivenews.com.br\\\/?s={search_term_string}\"},\"query-input\":{\"@type\":\"PropertyValueSpecification\",\"valueRequired\":true,\"valueName\":\"search_term_string\"}}],\"inLanguage\":\"pt-PT\"},{\"@type\":\"Organization\",\"@id\":\"https:\\\/\\\/inclusivenews.com.br\\\/#organization\",\"name\":\"Inclusive - inclus\u00e3o e cidadania\",\"url\":\"https:\\\/\\\/inclusivenews.com.br\\\/\",\"logo\":{\"@type\":\"ImageObject\",\"inLanguage\":\"pt-PT\",\"@id\":\"https:\\\/\\\/inclusivenews.com.br\\\/#\\\/schema\\\/logo\\\/image\\\/\",\"url\":\"https:\\\/\\\/inclusivenews.com.br\\\/wp-content\\\/uploads\\\/2024\\\/03\\\/@grandesite.png\",\"contentUrl\":\"https:\\\/\\\/inclusivenews.com.br\\\/wp-content\\\/uploads\\\/2024\\\/03\\\/@grandesite.png\",\"width\":1080,\"height\":1080,\"caption\":\"Inclusive - inclus\u00e3o e cidadania\"},\"image\":{\"@id\":\"https:\\\/\\\/inclusivenews.com.br\\\/#\\\/schema\\\/logo\\\/image\\\/\"},\"sameAs\":[\"https:\\\/\\\/www.facebook.com\\\/agenciainclusive\\\/\",\"https:\\\/\\\/www.instagram.com\\\/newsinclusive\\\/\"]},{\"@type\":\"Person\",\"@id\":\"https:\\\/\\\/inclusivenews.com.br\\\/#\\\/schema\\\/person\\\/ae4ec7087559b8692fb33b6fffd2273b\",\"name\":\"inclusivenews2024\",\"image\":{\"@type\":\"ImageObject\",\"inLanguage\":\"pt-PT\",\"@id\":\"https:\\\/\\\/secure.gravatar.com\\\/avatar\\\/c5a7ef84c66fa914f55bc4f7ce26cfa275a3b9a1c5568b907bd184fb4dde7b40?s=96&d=mm&r=g\",\"url\":\"https:\\\/\\\/secure.gravatar.com\\\/avatar\\\/c5a7ef84c66fa914f55bc4f7ce26cfa275a3b9a1c5568b907bd184fb4dde7b40?s=96&d=mm&r=g\",\"contentUrl\":\"https:\\\/\\\/secure.gravatar.com\\\/avatar\\\/c5a7ef84c66fa914f55bc4f7ce26cfa275a3b9a1c5568b907bd184fb4dde7b40?s=96&d=mm&r=g\",\"caption\":\"inclusivenews2024\"},\"sameAs\":[\"https:\\\/\\\/inclusivenews.com.br\"],\"url\":\"https:\\\/\\\/inclusivenews.com.br\\\/?author=1\"}]}<\/script>\n<!-- \/ Yoast SEO plugin. -->","yoast_head_json":{"title":"Foi dada a largada para os Jogos Paral\u00edmpicos de Paris 2024 -","robots":{"index":"index","follow":"follow","max-snippet":"max-snippet:-1","max-image-preview":"max-image-preview:large","max-video-preview":"max-video-preview:-1"},"canonical":"https:\/\/inclusivenews.com.br\/?p=33960","og_locale":"pt_PT","og_type":"article","og_title":"Foi dada a largada para os Jogos Paral\u00edmpicos de Paris 2024 -","og_description":"Hoje, dia 28 de agosto, come\u00e7am os Jogos Paral\u00edmpicos de Paris 2024. A cerim\u00f4nia de abertura da 17\u00aa edi\u00e7\u00e3o dos Jogos Paral\u00edmpicos est\u00e1 marcada para iniciar \u00e0s \u00e0s 15h do hor\u00e1rio de Bras\u00edlia, diretamente da Pra\u00e7a da Conc\u00f3rdia, no cora\u00e7\u00e3o da cidade de Paris. Ao longo desta edi\u00e7\u00e3o teremos mais de 3 mil competidores divididos [&hellip;]","og_url":"https:\/\/inclusivenews.com.br\/?p=33960","article_publisher":"https:\/\/www.facebook.com\/agenciainclusive\/","article_published_time":"2024-08-28T13:22:53+00:00","article_modified_time":"2024-08-28T17:30:01+00:00","og_image":[{"width":1600,"height":1200,"url":"https:\/\/inclusivenews.com.br\/wp-content\/uploads\/2024\/08\/GWDbAtGXUAAbN0U.jpeg","type":"image\/jpeg"}],"author":"inclusivenews2024","twitter_card":"summary_large_image","twitter_misc":{"Escrito por":"inclusivenews2024","Tempo estimado de leitura":"4 minutos"},"schema":{"@context":"https:\/\/schema.org","@graph":[{"@type":"Article","@id":"https:\/\/inclusivenews.com.br\/?p=33960#article","isPartOf":{"@id":"https:\/\/inclusivenews.com.br\/?p=33960"},"author":{"name":"inclusivenews2024","@id":"https:\/\/inclusivenews.com.br\/#\/schema\/person\/ae4ec7087559b8692fb33b6fffd2273b"},"headline":"Foi dada a largada para os Jogos Paral\u00edmpicos de Paris 2024","datePublished":"2024-08-28T13:22:53+00:00","dateModified":"2024-08-28T17:30:01+00:00","mainEntityOfPage":{"@id":"https:\/\/inclusivenews.com.br\/?p=33960"},"wordCount":504,"commentCount":0,"publisher":{"@id":"https:\/\/inclusivenews.com.br\/#organization"},"image":{"@id":"https:\/\/inclusivenews.com.br\/?p=33960#primaryimage"},"thumbnailUrl":"https:\/\/inclusivenews.com.br\/wp-content\/uploads\/2024\/08\/GWDbAtGXUAAbN0U.jpeg","keywords":["jogos paral\u00edmpicos","Jogos Paral\u00edmpicos de Paris 2024","Olim\u00edadas","Olimp\u00edadas 2024","Paralimp\u00edadas","Paralimp\u00edadas 2024","Paralimp\u00edadas 2024 de Paris","Paris 2024"],"articleSection":["Esporte"],"inLanguage":"pt-PT","potentialAction":[{"@type":"CommentAction","name":"Comment","target":["https:\/\/inclusivenews.com.br\/?p=33960#respond"]}]},{"@type":"WebPage","@id":"https:\/\/inclusivenews.com.br\/?p=33960","url":"https:\/\/inclusivenews.com.br\/?p=33960","name":"Foi dada a largada para os Jogos Paral\u00edmpicos de Paris 2024 -","isPartOf":{"@id":"https:\/\/inclusivenews.com.br\/#website"},"primaryImageOfPage":{"@id":"https:\/\/inclusivenews.com.br\/?p=33960#primaryimage"},"image":{"@id":"https:\/\/inclusivenews.com.br\/?p=33960#primaryimage"},"thumbnailUrl":"https:\/\/inclusivenews.com.br\/wp-content\/uploads\/2024\/08\/GWDbAtGXUAAbN0U.jpeg","datePublished":"2024-08-28T13:22:53+00:00","dateModified":"2024-08-28T17:30:01+00:00","breadcrumb":{"@id":"https:\/\/inclusivenews.com.br\/?p=33960#breadcrumb"},"inLanguage":"pt-PT","potentialAction":[{"@type":"ReadAction","target":["https:\/\/inclusivenews.com.br\/?p=33960"]}]},{"@type":"ImageObject","inLanguage":"pt-PT","@id":"https:\/\/inclusivenews.com.br\/?p=33960#primaryimage","url":"https:\/\/inclusivenews.com.br\/wp-content\/uploads\/2024\/08\/GWDbAtGXUAAbN0U.jpeg","contentUrl":"https:\/\/inclusivenews.com.br\/wp-content\/uploads\/2024\/08\/GWDbAtGXUAAbN0U.jpeg","width":1600,"height":1200,"caption":"Foto aberta da arena de competi\u00e7\u00e3o do futebol de cegos em Paris 2024 e, ao fundo, a Torre Eiffel."},{"@type":"BreadcrumbList","@id":"https:\/\/inclusivenews.com.br\/?p=33960#breadcrumb","itemListElement":[{"@type":"ListItem","position":1,"name":"In\u00edcio","item":"https:\/\/inclusivenews.com.br\/"},{"@type":"ListItem","position":2,"name":"Foi dada a largada para os Jogos Paral\u00edmpicos de Paris 2024"}]},{"@type":"WebSite","@id":"https:\/\/inclusivenews.com.br\/#website","url":"https:\/\/inclusivenews.com.br\/","name":"Inclusive News","description":"Inclusive News","publisher":{"@id":"https:\/\/inclusivenews.com.br\/#organization"},"potentialAction":[{"@type":"SearchAction","target":{"@type":"EntryPoint","urlTemplate":"https:\/\/inclusivenews.com.br\/?s={search_term_string}"},"query-input":{"@type":"PropertyValueSpecification","valueRequired":true,"valueName":"search_term_string"}}],"inLanguage":"pt-PT"},{"@type":"Organization","@id":"https:\/\/inclusivenews.com.br\/#organization","name":"Inclusive - inclus\u00e3o e cidadania","url":"https:\/\/inclusivenews.com.br\/","logo":{"@type":"ImageObject","inLanguage":"pt-PT","@id":"https:\/\/inclusivenews.com.br\/#\/schema\/logo\/image\/","url":"https:\/\/inclusivenews.com.br\/wp-content\/uploads\/2024\/03\/@grandesite.png","contentUrl":"https:\/\/inclusivenews.com.br\/wp-content\/uploads\/2024\/03\/@grandesite.png","width":1080,"height":1080,"caption":"Inclusive - inclus\u00e3o e cidadania"},"image":{"@id":"https:\/\/inclusivenews.com.br\/#\/schema\/logo\/image\/"},"sameAs":["https:\/\/www.facebook.com\/agenciainclusive\/","https:\/\/www.instagram.com\/newsinclusive\/"]},{"@type":"Person","@id":"https:\/\/inclusivenews.com.br\/#\/schema\/person\/ae4ec7087559b8692fb33b6fffd2273b","name":"inclusivenews2024","image":{"@type":"ImageObject","inLanguage":"pt-PT","@id":"https:\/\/secure.gravatar.com\/avatar\/c5a7ef84c66fa914f55bc4f7ce26cfa275a3b9a1c5568b907bd184fb4dde7b40?s=96&d=mm&r=g","url":"https:\/\/secure.gravatar.com\/avatar\/c5a7ef84c66fa914f55bc4f7ce26cfa275a3b9a1c5568b907bd184fb4dde7b40?s=96&d=mm&r=g","contentUrl":"https:\/\/secure.gravatar.com\/avatar\/c5a7ef84c66fa914f55bc4f7ce26cfa275a3b9a1c5568b907bd184fb4dde7b40?s=96&d=mm&r=g","caption":"inclusivenews2024"},"sameAs":["https:\/\/inclusivenews.com.br"],"url":"https:\/\/inclusivenews.com.br\/?author=1"}]}},"_links":{"self":[{"href":"https:\/\/inclusivenews.com.br\/index.php?rest_route=\/wp\/v2\/posts\/33960","targetHints":{"allow":["GET"]}}],"collection":[{"href":"https:\/\/inclusivenews.com.br\/index.php?rest_route=\/wp\/v2\/posts"}],"about":[{"href":"https:\/\/inclusivenews.com.br\/index.php?rest_route=\/wp\/v2\/types\/post"}],"author":[{"embeddable":true,"href":"https:\/\/inclusivenews.com.br\/index.php?rest_route=\/wp\/v2\/users\/1"}],"replies":[{"embeddable":true,"href":"https:\/\/inclusivenews.com.br\/index.php?rest_route=%2Fwp%2Fv2%2Fcomments&post=33960"}],"version-history":[{"count":3,"href":"https:\/\/inclusivenews.com.br\/index.php?rest_route=\/wp\/v2\/posts\/33960\/revisions"}],"predecessor-version":[{"id":33968,"href":"https:\/\/inclusivenews.com.br\/index.php?rest_route=\/wp\/v2\/posts\/33960\/revisions\/33968"}],"wp:featuredmedia":[{"embeddable":true,"href":"https:\/\/inclusivenews.com.br\/index.php?rest_route=\/wp\/v2\/media\/33965"}],"wp:attachment":[{"href":"https:\/\/inclusivenews.com.br\/index.php?rest_route=%2Fwp%2Fv2%2Fmedia&parent=33960"}],"wp:term":[{"taxonomy":"category","embeddable":true,"href":"https:\/\/inclusivenews.com.br\/index.php?rest_route=%2Fwp%2Fv2%2Fcategories&post=33960"},{"taxonomy":"post_tag","embeddable":true,"href":"https:\/\/inclusivenews.com.br\/index.php?rest_route=%2Fwp%2Fv2%2Ftags&post=33960"}],"curies":[{"name":"wp","href":"https:\/\/api.w.org\/{rel}","templated":true}]}}