{"id":33970,"date":"2024-08-30T00:38:28","date_gmt":"2024-08-30T00:38:28","guid":{"rendered":"https:\/\/inclusivenews.com.br\/?p=33970"},"modified":"2024-08-30T00:38:29","modified_gmt":"2024-08-30T00:38:29","slug":"ativista-deline-lima-recebe-homenagem-no-maranhao","status":"publish","type":"post","link":"https:\/\/inclusivenews.com.br\/?p=33970","title":{"rendered":"Ativista Deline Lima  recebe homenagem no Maranh\u00e3o"},"content":{"rendered":"\n<p>Come\u00e7ou hoje e vai at\u00e9 1\/9, em S\u00e3o Luis, Maranh\u00e3o, o 10\u00ba Encontro Nacional do Movimento Brasileiro de Mulheres cegas e com baixa vis\u00e3o &#8211; 10 anos de hist\u00f3ria, ressignificando vidas. <\/p>\n\n\n\n<p>A secret\u00e1ria Nacional dos Direitos das Pessoas com Defici\u00eancia, Anna Paula Feminella, esteve na abertura do evento e homenageou a ativista maranhense Deline Lima, que faleceu no \u00faltimo 18 de julho.<\/p>\n\n\n\n<figure class=\"wp-block-image size-full\"><img loading=\"lazy\" decoding=\"async\" width=\"626\" height=\"720\" src=\"https:\/\/inclusivenews.com.br\/wp-content\/uploads\/2024\/08\/deline-e-frida.png\" alt=\"mulher deitada em cadeira com quadro de frida kahlo com o peito nu, pregos pelo corpo e um ferro por dentro do corpo, em cima dela.\" class=\"wp-image-33972\" srcset=\"https:\/\/inclusivenews.com.br\/wp-content\/uploads\/2024\/08\/deline-e-frida.png 626w, https:\/\/inclusivenews.com.br\/wp-content\/uploads\/2024\/08\/deline-e-frida-261x300.png 261w\" sizes=\"auto, (max-width: 626px) 100vw, 626px\" \/><\/figure>\n\n\n\n<p>Deline foi fundadora do coletivo de Mulheres com Defici\u00eancia do Maranh\u00e3o e era membra da Frente Nacional de Mulheres com Defici\u00eancia. Ela era pedagoga, p\u00f3s-graduada em educa\u00e7\u00e3o especial, tamb\u00e9m coordenadora do F\u00f3rum Maranhense das Entidades de Pessoas com Defici\u00eancia e Patologia. <\/p>\n\n\n\n<figure class=\"wp-block-image size-large\"><img loading=\"lazy\" decoding=\"async\" width=\"707\" height=\"1024\" src=\"https:\/\/inclusivenews.com.br\/wp-content\/uploads\/2024\/08\/ana-e-mov-707x1024.png\" alt=\"3 mulheres, uma com bengala branca, em p\u00e9 e uma mulher em cadeira de rodas, todas sorrindo.\" class=\"wp-image-33971\" srcset=\"https:\/\/inclusivenews.com.br\/wp-content\/uploads\/2024\/08\/ana-e-mov-707x1024.png 707w, https:\/\/inclusivenews.com.br\/wp-content\/uploads\/2024\/08\/ana-e-mov-207x300.png 207w, https:\/\/inclusivenews.com.br\/wp-content\/uploads\/2024\/08\/ana-e-mov-768x1113.png 768w, https:\/\/inclusivenews.com.br\/wp-content\/uploads\/2024\/08\/ana-e-mov.png 966w\" sizes=\"auto, (max-width: 707px) 100vw, 707px\" \/><\/figure>\n\n\n\n<p>A Secret\u00e1ria dedicou um poema de sua autoria \u00e0 ativista.<\/p>\n\n\n\n<p><strong>Sobre nossas vidas<\/strong><\/p>\n\n\n\n<p>Surdas, cegas, cadeirantes, amputadas, autistas, ostomizadas, implantadas, com quaisquer ou m\u00faltiplas defici\u00eancias<\/p>\n\n\n\n<p>Usu\u00e1rias dos servi\u00e7os de sa\u00fade mental, muletas, \u00f3rteses, pr\u00f3teses, bengalas\u2026<br>Somos milh\u00f5es e diversas<\/p>\n\n\n\n<p>Estamos presentes em todos os territ\u00f3rios<\/p>\n\n\n\n<p>Temos ra\u00e7a, g\u00eanero, idade, orienta\u00e7\u00e3o sexual, l\u00edngua, etnia, posi\u00e7\u00f5es pol\u00edticas e profiss\u00f5es diversas<\/p>\n\n\n\n<p>Somos Adriana Dias, Judith Heumann, Frida Kahlo, Dorcelina Folador, Dorina Nowill, Lilia Martins, Stella Young, Helen Keller, Anne Sullivan, Luiza C\u00e2mara, Vera Balbino, Ana Cl\u00e1udia Monteiro, Nadja Pinho Pessoa, Ana Paula Crosara, Simone Albuquerque, Laureane Costa, Deline Lima\u2026<\/p>\n\n\n\n<p>Nossos apelidos, s\u00edndromes, doen\u00e7as raras, les\u00f5es e CIDs n\u00e3o nos definem<\/p>\n\n\n\n<p>Nossas defici\u00eancias n\u00e3o nos envergonham, honram ou vitimizam<\/p>\n\n\n\n<p>N\u00e3o nos interessa ser guerreiras, santas, m\u00e1rtires ou hero\u00ednas da supera\u00e7\u00e3o!<\/p>\n\n\n\n<p>N\u00e3o nos interessa sofrer!<\/p>\n\n\n\n<p>Queremos ser tratadas com dignidade, viver livres de qualquer discrimina\u00e7\u00e3o<\/p>\n\n\n\n<p>Com nossos corpos extraordin\u00e1rios nas ruas, provamos que \u00e9 sempre bela quem vai \u00e0 luta por justi\u00e7a social, embora para muitas de n\u00f3s isso n\u00e3o seja poss\u00edvel<\/p>\n\n\n\n<p>Somos mais fortes quando unidas, e n\u00e3o queremos ficar apartadas das demais<\/p>\n\n\n\n<p>\u00c9 conosco, e n\u00e3o por n\u00f3s, que a roda da hist\u00f3ria precisa girar<\/p>\n\n\n\n<p>\u00c9 conosco, e n\u00e3o sem n\u00f3s, que a vida h\u00e1 de melhorar!<\/p>\n\n\n\n<p>Anna Paula Feminella<\/p>\n","protected":false},"excerpt":{"rendered":"<p>Come\u00e7ou hoje e vai at\u00e9 1\/9, em S\u00e3o Luis, Maranh\u00e3o, o 10\u00ba Encontro Nacional do Movimento Brasileiro de Mulheres cegas e com baixa vis\u00e3o &#8211; 10 anos de hist\u00f3ria, ressignificando vidas. A secret\u00e1ria Nacional dos Direitos das Pessoas com Defici\u00eancia, Anna Paula Feminella, esteve na abertura do evento e homenageou a ativista maranhense Deline Lima, [&hellip;]<\/p>\n","protected":false},"author":1,"featured_media":33972,"comment_status":"open","ping_status":"open","sticky":false,"template":"","format":"standard","meta":{"site-container-style":"default","site-container-layout":"default","site-sidebar-layout":"default","disable-article-header":"default","disable-site-header":"default","disable-site-footer":"default","disable-content-area-spacing":"default","footnotes":""},"categories":[1,12],"tags":[],"class_list":["post-33970","post","type-post","status-publish","format-standard","has-post-thumbnail","hentry","category-blog","category-cursos-e-eventos"],"yoast_head":"<!-- This site is optimized with the Yoast SEO plugin v27.4 - https:\/\/yoast.com\/product\/yoast-seo-wordpress\/ -->\n<title>Ativista Deline Lima recebe homenagem no Maranh\u00e3o -<\/title>\n<meta name=\"robots\" content=\"index, follow, max-snippet:-1, max-image-preview:large, max-video-preview:-1\" \/>\n<link rel=\"canonical\" href=\"https:\/\/inclusivenews.com.br\/?p=33970\" \/>\n<meta property=\"og:locale\" content=\"pt_PT\" \/>\n<meta property=\"og:type\" content=\"article\" \/>\n<meta property=\"og:title\" content=\"Ativista Deline Lima recebe homenagem no Maranh\u00e3o -\" \/>\n<meta property=\"og:description\" content=\"Come\u00e7ou hoje e vai at\u00e9 1\/9, em S\u00e3o Luis, Maranh\u00e3o, o 10\u00ba Encontro Nacional do Movimento Brasileiro de Mulheres cegas e com baixa vis\u00e3o &#8211; 10 anos de hist\u00f3ria, ressignificando vidas. A secret\u00e1ria Nacional dos Direitos das Pessoas com Defici\u00eancia, Anna Paula Feminella, esteve na abertura do evento e homenageou a ativista maranhense Deline Lima, [&hellip;]\" \/>\n<meta property=\"og:url\" content=\"https:\/\/inclusivenews.com.br\/?p=33970\" \/>\n<meta property=\"article:publisher\" content=\"https:\/\/www.facebook.com\/agenciainclusive\/\" \/>\n<meta property=\"article:published_time\" content=\"2024-08-30T00:38:28+00:00\" \/>\n<meta property=\"article:modified_time\" content=\"2024-08-30T00:38:29+00:00\" \/>\n<meta property=\"og:image\" content=\"https:\/\/inclusivenews.com.br\/wp-content\/uploads\/2024\/08\/deline-e-frida.png\" \/>\n\t<meta property=\"og:image:width\" content=\"626\" \/>\n\t<meta property=\"og:image:height\" content=\"720\" \/>\n\t<meta property=\"og:image:type\" content=\"image\/png\" \/>\n<meta name=\"author\" content=\"inclusivenews2024\" \/>\n<meta name=\"twitter:card\" content=\"summary_large_image\" \/>\n<meta name=\"twitter:label1\" content=\"Escrito por\" \/>\n\t<meta name=\"twitter:data1\" content=\"inclusivenews2024\" \/>\n\t<meta name=\"twitter:label2\" content=\"Tempo estimado de leitura\" \/>\n\t<meta name=\"twitter:data2\" content=\"3 minutos\" \/>\n<script type=\"application\/ld+json\" class=\"yoast-schema-graph\">{\"@context\":\"https:\\\/\\\/schema.org\",\"@graph\":[{\"@type\":\"Article\",\"@id\":\"https:\\\/\\\/inclusivenews.com.br\\\/?p=33970#article\",\"isPartOf\":{\"@id\":\"https:\\\/\\\/inclusivenews.com.br\\\/?p=33970\"},\"author\":{\"name\":\"inclusivenews2024\",\"@id\":\"https:\\\/\\\/inclusivenews.com.br\\\/#\\\/schema\\\/person\\\/ae4ec7087559b8692fb33b6fffd2273b\"},\"headline\":\"Ativista Deline Lima recebe homenagem no Maranh\u00e3o\",\"datePublished\":\"2024-08-30T00:38:28+00:00\",\"dateModified\":\"2024-08-30T00:38:29+00:00\",\"mainEntityOfPage\":{\"@id\":\"https:\\\/\\\/inclusivenews.com.br\\\/?p=33970\"},\"wordCount\":365,\"commentCount\":0,\"publisher\":{\"@id\":\"https:\\\/\\\/inclusivenews.com.br\\\/#organization\"},\"image\":{\"@id\":\"https:\\\/\\\/inclusivenews.com.br\\\/?p=33970#primaryimage\"},\"thumbnailUrl\":\"https:\\\/\\\/inclusivenews.com.br\\\/wp-content\\\/uploads\\\/2024\\\/08\\\/deline-e-frida.png\",\"articleSection\":[\"Blog\",\"Cursos e eventos\"],\"inLanguage\":\"pt-PT\",\"potentialAction\":[{\"@type\":\"CommentAction\",\"name\":\"Comment\",\"target\":[\"https:\\\/\\\/inclusivenews.com.br\\\/?p=33970#respond\"]}]},{\"@type\":\"WebPage\",\"@id\":\"https:\\\/\\\/inclusivenews.com.br\\\/?p=33970\",\"url\":\"https:\\\/\\\/inclusivenews.com.br\\\/?p=33970\",\"name\":\"Ativista Deline Lima recebe homenagem no Maranh\u00e3o -\",\"isPartOf\":{\"@id\":\"https:\\\/\\\/inclusivenews.com.br\\\/#website\"},\"primaryImageOfPage\":{\"@id\":\"https:\\\/\\\/inclusivenews.com.br\\\/?p=33970#primaryimage\"},\"image\":{\"@id\":\"https:\\\/\\\/inclusivenews.com.br\\\/?p=33970#primaryimage\"},\"thumbnailUrl\":\"https:\\\/\\\/inclusivenews.com.br\\\/wp-content\\\/uploads\\\/2024\\\/08\\\/deline-e-frida.png\",\"datePublished\":\"2024-08-30T00:38:28+00:00\",\"dateModified\":\"2024-08-30T00:38:29+00:00\",\"breadcrumb\":{\"@id\":\"https:\\\/\\\/inclusivenews.com.br\\\/?p=33970#breadcrumb\"},\"inLanguage\":\"pt-PT\",\"potentialAction\":[{\"@type\":\"ReadAction\",\"target\":[\"https:\\\/\\\/inclusivenews.com.br\\\/?p=33970\"]}]},{\"@type\":\"ImageObject\",\"inLanguage\":\"pt-PT\",\"@id\":\"https:\\\/\\\/inclusivenews.com.br\\\/?p=33970#primaryimage\",\"url\":\"https:\\\/\\\/inclusivenews.com.br\\\/wp-content\\\/uploads\\\/2024\\\/08\\\/deline-e-frida.png\",\"contentUrl\":\"https:\\\/\\\/inclusivenews.com.br\\\/wp-content\\\/uploads\\\/2024\\\/08\\\/deline-e-frida.png\",\"width\":626,\"height\":720},{\"@type\":\"BreadcrumbList\",\"@id\":\"https:\\\/\\\/inclusivenews.com.br\\\/?p=33970#breadcrumb\",\"itemListElement\":[{\"@type\":\"ListItem\",\"position\":1,\"name\":\"In\u00edcio\",\"item\":\"https:\\\/\\\/inclusivenews.com.br\\\/\"},{\"@type\":\"ListItem\",\"position\":2,\"name\":\"Ativista Deline Lima recebe homenagem no Maranh\u00e3o\"}]},{\"@type\":\"WebSite\",\"@id\":\"https:\\\/\\\/inclusivenews.com.br\\\/#website\",\"url\":\"https:\\\/\\\/inclusivenews.com.br\\\/\",\"name\":\"Inclusive News\",\"description\":\"Inclusive News\",\"publisher\":{\"@id\":\"https:\\\/\\\/inclusivenews.com.br\\\/#organization\"},\"potentialAction\":[{\"@type\":\"SearchAction\",\"target\":{\"@type\":\"EntryPoint\",\"urlTemplate\":\"https:\\\/\\\/inclusivenews.com.br\\\/?s={search_term_string}\"},\"query-input\":{\"@type\":\"PropertyValueSpecification\",\"valueRequired\":true,\"valueName\":\"search_term_string\"}}],\"inLanguage\":\"pt-PT\"},{\"@type\":\"Organization\",\"@id\":\"https:\\\/\\\/inclusivenews.com.br\\\/#organization\",\"name\":\"Inclusive - inclus\u00e3o e cidadania\",\"url\":\"https:\\\/\\\/inclusivenews.com.br\\\/\",\"logo\":{\"@type\":\"ImageObject\",\"inLanguage\":\"pt-PT\",\"@id\":\"https:\\\/\\\/inclusivenews.com.br\\\/#\\\/schema\\\/logo\\\/image\\\/\",\"url\":\"https:\\\/\\\/inclusivenews.com.br\\\/wp-content\\\/uploads\\\/2024\\\/03\\\/@grandesite.png\",\"contentUrl\":\"https:\\\/\\\/inclusivenews.com.br\\\/wp-content\\\/uploads\\\/2024\\\/03\\\/@grandesite.png\",\"width\":1080,\"height\":1080,\"caption\":\"Inclusive - inclus\u00e3o e cidadania\"},\"image\":{\"@id\":\"https:\\\/\\\/inclusivenews.com.br\\\/#\\\/schema\\\/logo\\\/image\\\/\"},\"sameAs\":[\"https:\\\/\\\/www.facebook.com\\\/agenciainclusive\\\/\",\"https:\\\/\\\/www.instagram.com\\\/newsinclusive\\\/\"]},{\"@type\":\"Person\",\"@id\":\"https:\\\/\\\/inclusivenews.com.br\\\/#\\\/schema\\\/person\\\/ae4ec7087559b8692fb33b6fffd2273b\",\"name\":\"inclusivenews2024\",\"image\":{\"@type\":\"ImageObject\",\"inLanguage\":\"pt-PT\",\"@id\":\"https:\\\/\\\/secure.gravatar.com\\\/avatar\\\/c5a7ef84c66fa914f55bc4f7ce26cfa275a3b9a1c5568b907bd184fb4dde7b40?s=96&d=mm&r=g\",\"url\":\"https:\\\/\\\/secure.gravatar.com\\\/avatar\\\/c5a7ef84c66fa914f55bc4f7ce26cfa275a3b9a1c5568b907bd184fb4dde7b40?s=96&d=mm&r=g\",\"contentUrl\":\"https:\\\/\\\/secure.gravatar.com\\\/avatar\\\/c5a7ef84c66fa914f55bc4f7ce26cfa275a3b9a1c5568b907bd184fb4dde7b40?s=96&d=mm&r=g\",\"caption\":\"inclusivenews2024\"},\"sameAs\":[\"https:\\\/\\\/inclusivenews.com.br\"],\"url\":\"https:\\\/\\\/inclusivenews.com.br\\\/?author=1\"}]}<\/script>\n<!-- \/ Yoast SEO plugin. -->","yoast_head_json":{"title":"Ativista Deline Lima recebe homenagem no Maranh\u00e3o -","robots":{"index":"index","follow":"follow","max-snippet":"max-snippet:-1","max-image-preview":"max-image-preview:large","max-video-preview":"max-video-preview:-1"},"canonical":"https:\/\/inclusivenews.com.br\/?p=33970","og_locale":"pt_PT","og_type":"article","og_title":"Ativista Deline Lima recebe homenagem no Maranh\u00e3o -","og_description":"Come\u00e7ou hoje e vai at\u00e9 1\/9, em S\u00e3o Luis, Maranh\u00e3o, o 10\u00ba Encontro Nacional do Movimento Brasileiro de Mulheres cegas e com baixa vis\u00e3o &#8211; 10 anos de hist\u00f3ria, ressignificando vidas. A secret\u00e1ria Nacional dos Direitos das Pessoas com Defici\u00eancia, Anna Paula Feminella, esteve na abertura do evento e homenageou a ativista maranhense Deline Lima, [&hellip;]","og_url":"https:\/\/inclusivenews.com.br\/?p=33970","article_publisher":"https:\/\/www.facebook.com\/agenciainclusive\/","article_published_time":"2024-08-30T00:38:28+00:00","article_modified_time":"2024-08-30T00:38:29+00:00","og_image":[{"width":626,"height":720,"url":"https:\/\/inclusivenews.com.br\/wp-content\/uploads\/2024\/08\/deline-e-frida.png","type":"image\/png"}],"author":"inclusivenews2024","twitter_card":"summary_large_image","twitter_misc":{"Escrito por":"inclusivenews2024","Tempo estimado de leitura":"3 minutos"},"schema":{"@context":"https:\/\/schema.org","@graph":[{"@type":"Article","@id":"https:\/\/inclusivenews.com.br\/?p=33970#article","isPartOf":{"@id":"https:\/\/inclusivenews.com.br\/?p=33970"},"author":{"name":"inclusivenews2024","@id":"https:\/\/inclusivenews.com.br\/#\/schema\/person\/ae4ec7087559b8692fb33b6fffd2273b"},"headline":"Ativista Deline Lima recebe homenagem no Maranh\u00e3o","datePublished":"2024-08-30T00:38:28+00:00","dateModified":"2024-08-30T00:38:29+00:00","mainEntityOfPage":{"@id":"https:\/\/inclusivenews.com.br\/?p=33970"},"wordCount":365,"commentCount":0,"publisher":{"@id":"https:\/\/inclusivenews.com.br\/#organization"},"image":{"@id":"https:\/\/inclusivenews.com.br\/?p=33970#primaryimage"},"thumbnailUrl":"https:\/\/inclusivenews.com.br\/wp-content\/uploads\/2024\/08\/deline-e-frida.png","articleSection":["Blog","Cursos e eventos"],"inLanguage":"pt-PT","potentialAction":[{"@type":"CommentAction","name":"Comment","target":["https:\/\/inclusivenews.com.br\/?p=33970#respond"]}]},{"@type":"WebPage","@id":"https:\/\/inclusivenews.com.br\/?p=33970","url":"https:\/\/inclusivenews.com.br\/?p=33970","name":"Ativista Deline Lima recebe homenagem no Maranh\u00e3o -","isPartOf":{"@id":"https:\/\/inclusivenews.com.br\/#website"},"primaryImageOfPage":{"@id":"https:\/\/inclusivenews.com.br\/?p=33970#primaryimage"},"image":{"@id":"https:\/\/inclusivenews.com.br\/?p=33970#primaryimage"},"thumbnailUrl":"https:\/\/inclusivenews.com.br\/wp-content\/uploads\/2024\/08\/deline-e-frida.png","datePublished":"2024-08-30T00:38:28+00:00","dateModified":"2024-08-30T00:38:29+00:00","breadcrumb":{"@id":"https:\/\/inclusivenews.com.br\/?p=33970#breadcrumb"},"inLanguage":"pt-PT","potentialAction":[{"@type":"ReadAction","target":["https:\/\/inclusivenews.com.br\/?p=33970"]}]},{"@type":"ImageObject","inLanguage":"pt-PT","@id":"https:\/\/inclusivenews.com.br\/?p=33970#primaryimage","url":"https:\/\/inclusivenews.com.br\/wp-content\/uploads\/2024\/08\/deline-e-frida.png","contentUrl":"https:\/\/inclusivenews.com.br\/wp-content\/uploads\/2024\/08\/deline-e-frida.png","width":626,"height":720},{"@type":"BreadcrumbList","@id":"https:\/\/inclusivenews.com.br\/?p=33970#breadcrumb","itemListElement":[{"@type":"ListItem","position":1,"name":"In\u00edcio","item":"https:\/\/inclusivenews.com.br\/"},{"@type":"ListItem","position":2,"name":"Ativista Deline Lima recebe homenagem no Maranh\u00e3o"}]},{"@type":"WebSite","@id":"https:\/\/inclusivenews.com.br\/#website","url":"https:\/\/inclusivenews.com.br\/","name":"Inclusive News","description":"Inclusive News","publisher":{"@id":"https:\/\/inclusivenews.com.br\/#organization"},"potentialAction":[{"@type":"SearchAction","target":{"@type":"EntryPoint","urlTemplate":"https:\/\/inclusivenews.com.br\/?s={search_term_string}"},"query-input":{"@type":"PropertyValueSpecification","valueRequired":true,"valueName":"search_term_string"}}],"inLanguage":"pt-PT"},{"@type":"Organization","@id":"https:\/\/inclusivenews.com.br\/#organization","name":"Inclusive - inclus\u00e3o e cidadania","url":"https:\/\/inclusivenews.com.br\/","logo":{"@type":"ImageObject","inLanguage":"pt-PT","@id":"https:\/\/inclusivenews.com.br\/#\/schema\/logo\/image\/","url":"https:\/\/inclusivenews.com.br\/wp-content\/uploads\/2024\/03\/@grandesite.png","contentUrl":"https:\/\/inclusivenews.com.br\/wp-content\/uploads\/2024\/03\/@grandesite.png","width":1080,"height":1080,"caption":"Inclusive - inclus\u00e3o e cidadania"},"image":{"@id":"https:\/\/inclusivenews.com.br\/#\/schema\/logo\/image\/"},"sameAs":["https:\/\/www.facebook.com\/agenciainclusive\/","https:\/\/www.instagram.com\/newsinclusive\/"]},{"@type":"Person","@id":"https:\/\/inclusivenews.com.br\/#\/schema\/person\/ae4ec7087559b8692fb33b6fffd2273b","name":"inclusivenews2024","image":{"@type":"ImageObject","inLanguage":"pt-PT","@id":"https:\/\/secure.gravatar.com\/avatar\/c5a7ef84c66fa914f55bc4f7ce26cfa275a3b9a1c5568b907bd184fb4dde7b40?s=96&d=mm&r=g","url":"https:\/\/secure.gravatar.com\/avatar\/c5a7ef84c66fa914f55bc4f7ce26cfa275a3b9a1c5568b907bd184fb4dde7b40?s=96&d=mm&r=g","contentUrl":"https:\/\/secure.gravatar.com\/avatar\/c5a7ef84c66fa914f55bc4f7ce26cfa275a3b9a1c5568b907bd184fb4dde7b40?s=96&d=mm&r=g","caption":"inclusivenews2024"},"sameAs":["https:\/\/inclusivenews.com.br"],"url":"https:\/\/inclusivenews.com.br\/?author=1"}]}},"_links":{"self":[{"href":"https:\/\/inclusivenews.com.br\/index.php?rest_route=\/wp\/v2\/posts\/33970","targetHints":{"allow":["GET"]}}],"collection":[{"href":"https:\/\/inclusivenews.com.br\/index.php?rest_route=\/wp\/v2\/posts"}],"about":[{"href":"https:\/\/inclusivenews.com.br\/index.php?rest_route=\/wp\/v2\/types\/post"}],"author":[{"embeddable":true,"href":"https:\/\/inclusivenews.com.br\/index.php?rest_route=\/wp\/v2\/users\/1"}],"replies":[{"embeddable":true,"href":"https:\/\/inclusivenews.com.br\/index.php?rest_route=%2Fwp%2Fv2%2Fcomments&post=33970"}],"version-history":[{"count":1,"href":"https:\/\/inclusivenews.com.br\/index.php?rest_route=\/wp\/v2\/posts\/33970\/revisions"}],"predecessor-version":[{"id":33973,"href":"https:\/\/inclusivenews.com.br\/index.php?rest_route=\/wp\/v2\/posts\/33970\/revisions\/33973"}],"wp:featuredmedia":[{"embeddable":true,"href":"https:\/\/inclusivenews.com.br\/index.php?rest_route=\/wp\/v2\/media\/33972"}],"wp:attachment":[{"href":"https:\/\/inclusivenews.com.br\/index.php?rest_route=%2Fwp%2Fv2%2Fmedia&parent=33970"}],"wp:term":[{"taxonomy":"category","embeddable":true,"href":"https:\/\/inclusivenews.com.br\/index.php?rest_route=%2Fwp%2Fv2%2Fcategories&post=33970"},{"taxonomy":"post_tag","embeddable":true,"href":"https:\/\/inclusivenews.com.br\/index.php?rest_route=%2Fwp%2Fv2%2Ftags&post=33970"}],"curies":[{"name":"wp","href":"https:\/\/api.w.org\/{rel}","templated":true}]}}