{"id":33981,"date":"2024-08-30T12:36:28","date_gmt":"2024-08-30T12:36:28","guid":{"rendered":"https:\/\/inclusivenews.com.br\/?p=33981"},"modified":"2024-08-30T12:36:28","modified_gmt":"2024-08-30T12:36:28","slug":"julio-agripino-bate-recorde-mundial-ganha-o-ouro-e-brasil-faz-dobradinha-no-atletismo-nos-jogos-de-paris","status":"publish","type":"post","link":"https:\/\/inclusivenews.com.br\/?p=33981","title":{"rendered":"J\u00falio Agripino bate recorde mundial, ganha o ouro e Brasil faz dobradinha no atletismo nos Jogos de Paris"},"content":{"rendered":"\n<figure class=\"wp-block-image size-full\"><img loading=\"lazy\" decoding=\"async\" width=\"1024\" height=\"683\" src=\"https:\/\/inclusivenews.com.br\/wp-content\/uploads\/2024\/08\/image-6.png\" alt=\"J\u00falio C\u00e9sar Agripino comemora vit\u00f3ria nos 5000m nos Jogos Paral\u00edmpicos de Paris | Foto: Wander Roberto \/ CPB\" class=\"wp-image-33983\" srcset=\"https:\/\/inclusivenews.com.br\/wp-content\/uploads\/2024\/08\/image-6.png 1024w, https:\/\/inclusivenews.com.br\/wp-content\/uploads\/2024\/08\/image-6-300x200.png 300w, https:\/\/inclusivenews.com.br\/wp-content\/uploads\/2024\/08\/image-6-768x512.png 768w\" sizes=\"auto, (max-width: 1024px) 100vw, 1024px\" \/><figcaption class=\"wp-element-caption\">J\u00falio C\u00e9sar Agripino comemora vit\u00f3ria nos 5000m nos Jogos Paral\u00edmpicos de Paris | Foto: Wander Roberto \/ CPB<\/figcaption><\/figure>\n\n\n\n<p><\/p>\n\n\n\n<p>O paulista&nbsp;<strong><a href=\"https:\/\/cpb.org.br\/atletas\/julio-cesar-agripino-dos-santos\/\">J\u00falio C\u00e9sar Agripino<\/a>,&nbsp;<\/strong>33, conquistou nesta sexta-feira, 30, a primeira medalha de ouro do&nbsp;<a href=\"https:\/\/cpb.org.br\/modalidades\/atletismo\/\"><strong>atletismo<\/strong><\/a>&nbsp;do Brasil nos&nbsp;<a href=\"https:\/\/cpb.org.br\/noticias\/estreia-do-atletismo-marca-segundo-dia-de-provas-em-paris-confira-a-programacao-completa\/\"><strong>Jogos Paral\u00edmpicos de Paris<\/strong><\/a>. O Brasil teve dobradinha no p\u00f3dio dos 5.000m na classe T11 (defici\u00eancias visuais), com o sul-matogrossense&nbsp;<strong><a href=\"https:\/\/cpb.org.br\/atletas\/yeltsin-francisco-ortega-jacques\/\">Yeltsin Jacques<\/a>,<\/strong>&nbsp;32, conquistando a medalha de bronze.<\/p>\n\n\n\n<p>J\u00falio completou a prova com o tempo de 14min48s85, novo recorde mundial e paral\u00edmpico da dist\u00e2ncia. A prata ficou com o japon\u00eas Kenya Karasawa.&nbsp;<\/p>\n\n\n\n<p>\u201cEstou muito feliz, \u00e9 muita emo\u00e7\u00e3o ser campe\u00e3o paral\u00edmpico e quebrar o recorde mundial. Mostra a for\u00e7a da periferia, comecei a treinar s\u00f3 tinha um campinho. Mas com muita for\u00e7a e determina\u00e7\u00e3o eu consegui vencer, sempre tem altos e baixos na vida, mas agora sou campe\u00e3o paral\u00edmpico. Dedico tamb\u00e9m essa medalha para o meu av\u00f4\u201d, disse J\u00falio.<\/p>\n\n\n\n<p>\u00c9 a primeira medalha paral\u00edmpica de J\u00falio, que conquistou a&nbsp;<a href=\"https:\/\/cpb.org.br\/noticias\/confira-todos-os-resultados-dos-brasileiros-no-mundial-de-atletismo-em-kobe-2024\/\"><strong>prata na dist\u00e2ncia no Mundial de Kobe 2024<\/strong><\/a>, no Jap\u00e3o, ficando atr\u00e1s de Yeltsin. J\u00falio foi o campe\u00e3o mundial de outra prova de fundo em Kobe, os 1.500m, dist\u00e2ncia que ele e Yeltsin voltam a disputar em Paris no dia 2 de setembro, na semifinal. A final ser\u00e1 em 3 de setembro.<\/p>\n\n\n\n<p>J\u00falio foi diagnosticado com ceratocone, doen\u00e7a degenerativa na c\u00f3rnea, aos sete anos. Ele era atleta convencional do atletismo e migrou para o paradesporto por meio dos treinadores do Centro Ol\u00edmpico.<\/p>\n\n\n\n<p>\u201cSempre tive dificuldade para controlar a parte mental, me concentrar. Eu chegava bem condicionado, mas falhava na concentra\u00e7\u00e3o. Conversei ontem com minha psic\u00f3loga, falei que estava um pouco nervoso, mas hoje acordei e pensei, vou ganhar. Ela falou que eu iria reagir bem e foi o que aconteceu\u201d, afirmou J\u00falio.<\/p>\n\n\n\n<p>O atletismo teve seu primeiro dia de competi\u00e7\u00f5es em Paris nesta sexta-feira e \u00e9 a&nbsp;<strong><a href=\"https:\/\/cpb.org.br\/noticias\/jogos-paralimpicos-paris-2024-comecam-nesta-quarta-feira-28-brasil-aposta-em-geracao-campea-para-chegar-ao-400o-podio-na-historia\/\">modalidade que mais medalhas deu ao Brasil na hist\u00f3ria dos Jogos Paral\u00edmpicos<\/a>.<\/strong>&nbsp;As conquistas de J\u00falio e de Yeltsin&nbsp;elevaram o n\u00famero a 172, agora somando&nbsp;49 de ouro, 70 de prata e 53 de bronze em provas de pista e de campo.&nbsp;<\/p>\n\n\n\n<p><strong>Terceira medalha paral\u00edmpica<\/strong><\/p>\n\n\n\n<p>Yeltsin conquistou sua terceira medalha paral\u00edmpica em Paris, somando aos dois ouros em T\u00f3quio 2020, um nos 5.000m e outro nos 1.500m, ambos na classe T11. O brasileiro \u00e9 o recordista mundial nos 1500m com o tempo de 3min57s60, obtido nos Jogos Paral\u00edmpicos de T\u00f3quio 2020.&nbsp;<\/p>\n\n\n\n<p>\u201cMuito feliz pelo J\u00falio. Eu tive uma les\u00e3o, peguei uma virose, o que acabou atrapalhando um pouco a prepara\u00e7\u00e3o. Mas como minha esposa disse, voc\u00ea ou chupa o lim\u00e3o azedo ou faz a limonada. Estou com sentimento de miss\u00e3o cumprida\u201d, disse Yeltsin.<\/p>\n\n\n\n<p>Yeltsin nasceu com baixa vis\u00e3o. Ele conheceu o atletismo ajudando um amigo, totalmente cego, a correr. Ent\u00e3o, come\u00e7ou a treinar junto com ele para competir e iniciou sua carreira nos Jogos Paral\u00edmpicos Escolares em 2007.<\/p>\n\n\n\n<p><strong>Patroc\u00ednios<\/strong><br>As Loterias Caixa e a Braskem s\u00e3o as patrocinadoras oficiais do atletismo.<\/p>\n\n\n\n<p><strong>Texto:&nbsp;Assessoria de Comunica\u00e7\u00e3o do Comit\u00ea Paral\u00edmpico Brasileiro (imp@cpb.org.br)<\/strong><\/p>\n\n\n\n<p><strong>Fonte:&nbsp;<a href=\"https:\/\/cpb.org.br\/noticias\/brasil-levanta-champs-elysees-durante-a-cerimonia-de-abertura-dos-jogos-paralimpicos-de-paris-2024\/\">https:\/\/cpb.org.br\/noticias\/brasil-levanta-champs-elysees-durante-a-cerimonia-de-abertura-dos-jogos-paralimpicos-de-paris-2024\/<\/a><\/strong><\/p>\n","protected":false},"excerpt":{"rendered":"<p>O paulista&nbsp;J\u00falio C\u00e9sar Agripino,&nbsp;33, conquistou nesta sexta-feira, 30, a primeira medalha de ouro do&nbsp;atletismo&nbsp;do Brasil nos&nbsp;Jogos Paral\u00edmpicos de Paris. O Brasil teve dobradinha no p\u00f3dio dos 5.000m na classe T11 (defici\u00eancias visuais), com o sul-matogrossense&nbsp;Yeltsin Jacques,&nbsp;32, conquistando a medalha de bronze. J\u00falio completou a prova com o tempo de 14min48s85, novo recorde mundial e paral\u00edmpico [&hellip;]<\/p>\n","protected":false},"author":1,"featured_media":33983,"comment_status":"open","ping_status":"open","sticky":false,"template":"","format":"standard","meta":{"site-container-style":"default","site-container-layout":"default","site-sidebar-layout":"default","disable-article-header":"default","disable-site-header":"default","disable-site-footer":"default","disable-content-area-spacing":"default","footnotes":""},"categories":[38,27],"tags":[328,558,544,543,557,556],"class_list":["post-33981","post","type-post","status-publish","format-standard","has-post-thumbnail","hentry","category-deficiencia","category-esporte","tag-jogos-paralimpicos","tag-jogos-paralimpicos-2024","tag-jogos-paralimpicos-de-paris","tag-jogos-paralimpicos-de-paris-2024","tag-paralimpiadas","tag-paralimpiadas-2024"],"yoast_head":"<!-- This site is optimized with the Yoast SEO plugin v27.4 - https:\/\/yoast.com\/product\/yoast-seo-wordpress\/ -->\n<title>J\u00falio Agripino bate recorde mundial, ganha o ouro e Brasil faz dobradinha no atletismo nos Jogos de Paris -<\/title>\n<meta name=\"robots\" content=\"index, follow, max-snippet:-1, max-image-preview:large, max-video-preview:-1\" \/>\n<link rel=\"canonical\" href=\"https:\/\/inclusivenews.com.br\/?p=33981\" \/>\n<meta property=\"og:locale\" content=\"pt_PT\" \/>\n<meta property=\"og:type\" content=\"article\" \/>\n<meta property=\"og:title\" content=\"J\u00falio Agripino bate recorde mundial, ganha o ouro e Brasil faz dobradinha no atletismo nos Jogos de Paris -\" \/>\n<meta property=\"og:description\" content=\"O paulista&nbsp;J\u00falio C\u00e9sar Agripino,&nbsp;33, conquistou nesta sexta-feira, 30, a primeira medalha de ouro do&nbsp;atletismo&nbsp;do Brasil nos&nbsp;Jogos Paral\u00edmpicos de Paris. O Brasil teve dobradinha no p\u00f3dio dos 5.000m na classe T11 (defici\u00eancias visuais), com o sul-matogrossense&nbsp;Yeltsin Jacques,&nbsp;32, conquistando a medalha de bronze. J\u00falio completou a prova com o tempo de 14min48s85, novo recorde mundial e paral\u00edmpico [&hellip;]\" \/>\n<meta property=\"og:url\" content=\"https:\/\/inclusivenews.com.br\/?p=33981\" \/>\n<meta property=\"article:publisher\" content=\"https:\/\/www.facebook.com\/agenciainclusive\/\" \/>\n<meta property=\"article:published_time\" content=\"2024-08-30T12:36:28+00:00\" \/>\n<meta property=\"og:image\" content=\"https:\/\/inclusivenews.com.br\/wp-content\/uploads\/2024\/08\/image-6.png\" \/>\n\t<meta property=\"og:image:width\" content=\"1024\" \/>\n\t<meta property=\"og:image:height\" content=\"683\" \/>\n\t<meta property=\"og:image:type\" content=\"image\/png\" \/>\n<meta name=\"author\" content=\"inclusivenews2024\" \/>\n<meta name=\"twitter:card\" content=\"summary_large_image\" \/>\n<meta name=\"twitter:label1\" content=\"Escrito por\" \/>\n\t<meta name=\"twitter:data1\" content=\"inclusivenews2024\" \/>\n\t<meta name=\"twitter:label2\" content=\"Tempo estimado de leitura\" \/>\n\t<meta name=\"twitter:data2\" content=\"4 minutos\" \/>\n<script type=\"application\/ld+json\" class=\"yoast-schema-graph\">{\"@context\":\"https:\\\/\\\/schema.org\",\"@graph\":[{\"@type\":\"Article\",\"@id\":\"https:\\\/\\\/inclusivenews.com.br\\\/?p=33981#article\",\"isPartOf\":{\"@id\":\"https:\\\/\\\/inclusivenews.com.br\\\/?p=33981\"},\"author\":{\"name\":\"inclusivenews2024\",\"@id\":\"https:\\\/\\\/inclusivenews.com.br\\\/#\\\/schema\\\/person\\\/ae4ec7087559b8692fb33b6fffd2273b\"},\"headline\":\"J\u00falio Agripino bate recorde mundial, ganha o ouro e Brasil faz dobradinha no atletismo nos Jogos de Paris\",\"datePublished\":\"2024-08-30T12:36:28+00:00\",\"mainEntityOfPage\":{\"@id\":\"https:\\\/\\\/inclusivenews.com.br\\\/?p=33981\"},\"wordCount\":585,\"commentCount\":0,\"publisher\":{\"@id\":\"https:\\\/\\\/inclusivenews.com.br\\\/#organization\"},\"image\":{\"@id\":\"https:\\\/\\\/inclusivenews.com.br\\\/?p=33981#primaryimage\"},\"thumbnailUrl\":\"https:\\\/\\\/inclusivenews.com.br\\\/wp-content\\\/uploads\\\/2024\\\/08\\\/image-6.png\",\"keywords\":[\"jogos paral\u00edmpicos\",\"Jogos Paral\u00edmpicos 2024\",\"Jogos Paral\u00edmpicos de Paris\",\"Jogos Paral\u00edmpicos de Paris 2024\",\"Paralimp\u00edadas\",\"Paralimp\u00edadas 2024\"],\"articleSection\":[\"Defici\u00eancia\",\"Esporte\"],\"inLanguage\":\"pt-PT\",\"potentialAction\":[{\"@type\":\"CommentAction\",\"name\":\"Comment\",\"target\":[\"https:\\\/\\\/inclusivenews.com.br\\\/?p=33981#respond\"]}]},{\"@type\":\"WebPage\",\"@id\":\"https:\\\/\\\/inclusivenews.com.br\\\/?p=33981\",\"url\":\"https:\\\/\\\/inclusivenews.com.br\\\/?p=33981\",\"name\":\"J\u00falio Agripino bate recorde mundial, ganha o ouro e Brasil faz dobradinha no atletismo nos Jogos de Paris -\",\"isPartOf\":{\"@id\":\"https:\\\/\\\/inclusivenews.com.br\\\/#website\"},\"primaryImageOfPage\":{\"@id\":\"https:\\\/\\\/inclusivenews.com.br\\\/?p=33981#primaryimage\"},\"image\":{\"@id\":\"https:\\\/\\\/inclusivenews.com.br\\\/?p=33981#primaryimage\"},\"thumbnailUrl\":\"https:\\\/\\\/inclusivenews.com.br\\\/wp-content\\\/uploads\\\/2024\\\/08\\\/image-6.png\",\"datePublished\":\"2024-08-30T12:36:28+00:00\",\"breadcrumb\":{\"@id\":\"https:\\\/\\\/inclusivenews.com.br\\\/?p=33981#breadcrumb\"},\"inLanguage\":\"pt-PT\",\"potentialAction\":[{\"@type\":\"ReadAction\",\"target\":[\"https:\\\/\\\/inclusivenews.com.br\\\/?p=33981\"]}]},{\"@type\":\"ImageObject\",\"inLanguage\":\"pt-PT\",\"@id\":\"https:\\\/\\\/inclusivenews.com.br\\\/?p=33981#primaryimage\",\"url\":\"https:\\\/\\\/inclusivenews.com.br\\\/wp-content\\\/uploads\\\/2024\\\/08\\\/image-6.png\",\"contentUrl\":\"https:\\\/\\\/inclusivenews.com.br\\\/wp-content\\\/uploads\\\/2024\\\/08\\\/image-6.png\",\"width\":1024,\"height\":683},{\"@type\":\"BreadcrumbList\",\"@id\":\"https:\\\/\\\/inclusivenews.com.br\\\/?p=33981#breadcrumb\",\"itemListElement\":[{\"@type\":\"ListItem\",\"position\":1,\"name\":\"In\u00edcio\",\"item\":\"https:\\\/\\\/inclusivenews.com.br\\\/\"},{\"@type\":\"ListItem\",\"position\":2,\"name\":\"J\u00falio Agripino bate recorde mundial, ganha o ouro e Brasil faz dobradinha no atletismo nos Jogos de Paris\"}]},{\"@type\":\"WebSite\",\"@id\":\"https:\\\/\\\/inclusivenews.com.br\\\/#website\",\"url\":\"https:\\\/\\\/inclusivenews.com.br\\\/\",\"name\":\"Inclusive News\",\"description\":\"Inclusive News\",\"publisher\":{\"@id\":\"https:\\\/\\\/inclusivenews.com.br\\\/#organization\"},\"potentialAction\":[{\"@type\":\"SearchAction\",\"target\":{\"@type\":\"EntryPoint\",\"urlTemplate\":\"https:\\\/\\\/inclusivenews.com.br\\\/?s={search_term_string}\"},\"query-input\":{\"@type\":\"PropertyValueSpecification\",\"valueRequired\":true,\"valueName\":\"search_term_string\"}}],\"inLanguage\":\"pt-PT\"},{\"@type\":\"Organization\",\"@id\":\"https:\\\/\\\/inclusivenews.com.br\\\/#organization\",\"name\":\"Inclusive - inclus\u00e3o e cidadania\",\"url\":\"https:\\\/\\\/inclusivenews.com.br\\\/\",\"logo\":{\"@type\":\"ImageObject\",\"inLanguage\":\"pt-PT\",\"@id\":\"https:\\\/\\\/inclusivenews.com.br\\\/#\\\/schema\\\/logo\\\/image\\\/\",\"url\":\"https:\\\/\\\/inclusivenews.com.br\\\/wp-content\\\/uploads\\\/2024\\\/03\\\/@grandesite.png\",\"contentUrl\":\"https:\\\/\\\/inclusivenews.com.br\\\/wp-content\\\/uploads\\\/2024\\\/03\\\/@grandesite.png\",\"width\":1080,\"height\":1080,\"caption\":\"Inclusive - inclus\u00e3o e cidadania\"},\"image\":{\"@id\":\"https:\\\/\\\/inclusivenews.com.br\\\/#\\\/schema\\\/logo\\\/image\\\/\"},\"sameAs\":[\"https:\\\/\\\/www.facebook.com\\\/agenciainclusive\\\/\",\"https:\\\/\\\/www.instagram.com\\\/newsinclusive\\\/\"]},{\"@type\":\"Person\",\"@id\":\"https:\\\/\\\/inclusivenews.com.br\\\/#\\\/schema\\\/person\\\/ae4ec7087559b8692fb33b6fffd2273b\",\"name\":\"inclusivenews2024\",\"image\":{\"@type\":\"ImageObject\",\"inLanguage\":\"pt-PT\",\"@id\":\"https:\\\/\\\/secure.gravatar.com\\\/avatar\\\/c5a7ef84c66fa914f55bc4f7ce26cfa275a3b9a1c5568b907bd184fb4dde7b40?s=96&d=mm&r=g\",\"url\":\"https:\\\/\\\/secure.gravatar.com\\\/avatar\\\/c5a7ef84c66fa914f55bc4f7ce26cfa275a3b9a1c5568b907bd184fb4dde7b40?s=96&d=mm&r=g\",\"contentUrl\":\"https:\\\/\\\/secure.gravatar.com\\\/avatar\\\/c5a7ef84c66fa914f55bc4f7ce26cfa275a3b9a1c5568b907bd184fb4dde7b40?s=96&d=mm&r=g\",\"caption\":\"inclusivenews2024\"},\"sameAs\":[\"https:\\\/\\\/inclusivenews.com.br\"],\"url\":\"https:\\\/\\\/inclusivenews.com.br\\\/?author=1\"}]}<\/script>\n<!-- \/ Yoast SEO plugin. -->","yoast_head_json":{"title":"J\u00falio Agripino bate recorde mundial, ganha o ouro e Brasil faz dobradinha no atletismo nos Jogos de Paris -","robots":{"index":"index","follow":"follow","max-snippet":"max-snippet:-1","max-image-preview":"max-image-preview:large","max-video-preview":"max-video-preview:-1"},"canonical":"https:\/\/inclusivenews.com.br\/?p=33981","og_locale":"pt_PT","og_type":"article","og_title":"J\u00falio Agripino bate recorde mundial, ganha o ouro e Brasil faz dobradinha no atletismo nos Jogos de Paris -","og_description":"O paulista&nbsp;J\u00falio C\u00e9sar Agripino,&nbsp;33, conquistou nesta sexta-feira, 30, a primeira medalha de ouro do&nbsp;atletismo&nbsp;do Brasil nos&nbsp;Jogos Paral\u00edmpicos de Paris. O Brasil teve dobradinha no p\u00f3dio dos 5.000m na classe T11 (defici\u00eancias visuais), com o sul-matogrossense&nbsp;Yeltsin Jacques,&nbsp;32, conquistando a medalha de bronze. J\u00falio completou a prova com o tempo de 14min48s85, novo recorde mundial e paral\u00edmpico [&hellip;]","og_url":"https:\/\/inclusivenews.com.br\/?p=33981","article_publisher":"https:\/\/www.facebook.com\/agenciainclusive\/","article_published_time":"2024-08-30T12:36:28+00:00","og_image":[{"width":1024,"height":683,"url":"https:\/\/inclusivenews.com.br\/wp-content\/uploads\/2024\/08\/image-6.png","type":"image\/png"}],"author":"inclusivenews2024","twitter_card":"summary_large_image","twitter_misc":{"Escrito por":"inclusivenews2024","Tempo estimado de leitura":"4 minutos"},"schema":{"@context":"https:\/\/schema.org","@graph":[{"@type":"Article","@id":"https:\/\/inclusivenews.com.br\/?p=33981#article","isPartOf":{"@id":"https:\/\/inclusivenews.com.br\/?p=33981"},"author":{"name":"inclusivenews2024","@id":"https:\/\/inclusivenews.com.br\/#\/schema\/person\/ae4ec7087559b8692fb33b6fffd2273b"},"headline":"J\u00falio Agripino bate recorde mundial, ganha o ouro e Brasil faz dobradinha no atletismo nos Jogos de Paris","datePublished":"2024-08-30T12:36:28+00:00","mainEntityOfPage":{"@id":"https:\/\/inclusivenews.com.br\/?p=33981"},"wordCount":585,"commentCount":0,"publisher":{"@id":"https:\/\/inclusivenews.com.br\/#organization"},"image":{"@id":"https:\/\/inclusivenews.com.br\/?p=33981#primaryimage"},"thumbnailUrl":"https:\/\/inclusivenews.com.br\/wp-content\/uploads\/2024\/08\/image-6.png","keywords":["jogos paral\u00edmpicos","Jogos Paral\u00edmpicos 2024","Jogos Paral\u00edmpicos de Paris","Jogos Paral\u00edmpicos de Paris 2024","Paralimp\u00edadas","Paralimp\u00edadas 2024"],"articleSection":["Defici\u00eancia","Esporte"],"inLanguage":"pt-PT","potentialAction":[{"@type":"CommentAction","name":"Comment","target":["https:\/\/inclusivenews.com.br\/?p=33981#respond"]}]},{"@type":"WebPage","@id":"https:\/\/inclusivenews.com.br\/?p=33981","url":"https:\/\/inclusivenews.com.br\/?p=33981","name":"J\u00falio Agripino bate recorde mundial, ganha o ouro e Brasil faz dobradinha no atletismo nos Jogos de Paris -","isPartOf":{"@id":"https:\/\/inclusivenews.com.br\/#website"},"primaryImageOfPage":{"@id":"https:\/\/inclusivenews.com.br\/?p=33981#primaryimage"},"image":{"@id":"https:\/\/inclusivenews.com.br\/?p=33981#primaryimage"},"thumbnailUrl":"https:\/\/inclusivenews.com.br\/wp-content\/uploads\/2024\/08\/image-6.png","datePublished":"2024-08-30T12:36:28+00:00","breadcrumb":{"@id":"https:\/\/inclusivenews.com.br\/?p=33981#breadcrumb"},"inLanguage":"pt-PT","potentialAction":[{"@type":"ReadAction","target":["https:\/\/inclusivenews.com.br\/?p=33981"]}]},{"@type":"ImageObject","inLanguage":"pt-PT","@id":"https:\/\/inclusivenews.com.br\/?p=33981#primaryimage","url":"https:\/\/inclusivenews.com.br\/wp-content\/uploads\/2024\/08\/image-6.png","contentUrl":"https:\/\/inclusivenews.com.br\/wp-content\/uploads\/2024\/08\/image-6.png","width":1024,"height":683},{"@type":"BreadcrumbList","@id":"https:\/\/inclusivenews.com.br\/?p=33981#breadcrumb","itemListElement":[{"@type":"ListItem","position":1,"name":"In\u00edcio","item":"https:\/\/inclusivenews.com.br\/"},{"@type":"ListItem","position":2,"name":"J\u00falio Agripino bate recorde mundial, ganha o ouro e Brasil faz dobradinha no atletismo nos Jogos de Paris"}]},{"@type":"WebSite","@id":"https:\/\/inclusivenews.com.br\/#website","url":"https:\/\/inclusivenews.com.br\/","name":"Inclusive News","description":"Inclusive News","publisher":{"@id":"https:\/\/inclusivenews.com.br\/#organization"},"potentialAction":[{"@type":"SearchAction","target":{"@type":"EntryPoint","urlTemplate":"https:\/\/inclusivenews.com.br\/?s={search_term_string}"},"query-input":{"@type":"PropertyValueSpecification","valueRequired":true,"valueName":"search_term_string"}}],"inLanguage":"pt-PT"},{"@type":"Organization","@id":"https:\/\/inclusivenews.com.br\/#organization","name":"Inclusive - inclus\u00e3o e cidadania","url":"https:\/\/inclusivenews.com.br\/","logo":{"@type":"ImageObject","inLanguage":"pt-PT","@id":"https:\/\/inclusivenews.com.br\/#\/schema\/logo\/image\/","url":"https:\/\/inclusivenews.com.br\/wp-content\/uploads\/2024\/03\/@grandesite.png","contentUrl":"https:\/\/inclusivenews.com.br\/wp-content\/uploads\/2024\/03\/@grandesite.png","width":1080,"height":1080,"caption":"Inclusive - inclus\u00e3o e cidadania"},"image":{"@id":"https:\/\/inclusivenews.com.br\/#\/schema\/logo\/image\/"},"sameAs":["https:\/\/www.facebook.com\/agenciainclusive\/","https:\/\/www.instagram.com\/newsinclusive\/"]},{"@type":"Person","@id":"https:\/\/inclusivenews.com.br\/#\/schema\/person\/ae4ec7087559b8692fb33b6fffd2273b","name":"inclusivenews2024","image":{"@type":"ImageObject","inLanguage":"pt-PT","@id":"https:\/\/secure.gravatar.com\/avatar\/c5a7ef84c66fa914f55bc4f7ce26cfa275a3b9a1c5568b907bd184fb4dde7b40?s=96&d=mm&r=g","url":"https:\/\/secure.gravatar.com\/avatar\/c5a7ef84c66fa914f55bc4f7ce26cfa275a3b9a1c5568b907bd184fb4dde7b40?s=96&d=mm&r=g","contentUrl":"https:\/\/secure.gravatar.com\/avatar\/c5a7ef84c66fa914f55bc4f7ce26cfa275a3b9a1c5568b907bd184fb4dde7b40?s=96&d=mm&r=g","caption":"inclusivenews2024"},"sameAs":["https:\/\/inclusivenews.com.br"],"url":"https:\/\/inclusivenews.com.br\/?author=1"}]}},"_links":{"self":[{"href":"https:\/\/inclusivenews.com.br\/index.php?rest_route=\/wp\/v2\/posts\/33981","targetHints":{"allow":["GET"]}}],"collection":[{"href":"https:\/\/inclusivenews.com.br\/index.php?rest_route=\/wp\/v2\/posts"}],"about":[{"href":"https:\/\/inclusivenews.com.br\/index.php?rest_route=\/wp\/v2\/types\/post"}],"author":[{"embeddable":true,"href":"https:\/\/inclusivenews.com.br\/index.php?rest_route=\/wp\/v2\/users\/1"}],"replies":[{"embeddable":true,"href":"https:\/\/inclusivenews.com.br\/index.php?rest_route=%2Fwp%2Fv2%2Fcomments&post=33981"}],"version-history":[{"count":1,"href":"https:\/\/inclusivenews.com.br\/index.php?rest_route=\/wp\/v2\/posts\/33981\/revisions"}],"predecessor-version":[{"id":33984,"href":"https:\/\/inclusivenews.com.br\/index.php?rest_route=\/wp\/v2\/posts\/33981\/revisions\/33984"}],"wp:featuredmedia":[{"embeddable":true,"href":"https:\/\/inclusivenews.com.br\/index.php?rest_route=\/wp\/v2\/media\/33983"}],"wp:attachment":[{"href":"https:\/\/inclusivenews.com.br\/index.php?rest_route=%2Fwp%2Fv2%2Fmedia&parent=33981"}],"wp:term":[{"taxonomy":"category","embeddable":true,"href":"https:\/\/inclusivenews.com.br\/index.php?rest_route=%2Fwp%2Fv2%2Fcategories&post=33981"},{"taxonomy":"post_tag","embeddable":true,"href":"https:\/\/inclusivenews.com.br\/index.php?rest_route=%2Fwp%2Fv2%2Ftags&post=33981"}],"curies":[{"name":"wp","href":"https:\/\/api.w.org\/{rel}","templated":true}]}}