{"id":34097,"date":"2024-09-30T06:29:15","date_gmt":"2024-09-30T06:29:15","guid":{"rendered":"https:\/\/inclusivenews.com.br\/?p=34097"},"modified":"2024-09-30T06:29:15","modified_gmt":"2024-09-30T06:29:15","slug":"esporte-politica-e-o-protagonismo-das-pessoas-com-deficiencia","status":"publish","type":"post","link":"https:\/\/inclusivenews.com.br\/?p=34097","title":{"rendered":"Esporte, pol\u00edtica e o protagonismo das pessoas com defici\u00eancia"},"content":{"rendered":"\n<p class=\"has-yuki-font-medium-font-size\">O Brasil brilha nas Paralimp\u00edadas de 2024, mas enfrenta desafios de inclus\u00e3o e representatividade pol\u00edtica de pessoas com defici\u00eancia.<\/p>\n\n\n\n<p>Texto de Stella Camlot Reicher e La\u00eds de Figueir\u00eado Lopes<\/p>\n\n\n\n<p><\/p>\n\n\n\n<p>O Comit\u00ea Paral\u00edmpico Brasileiro tra\u00e7ou uma meta ambiciosa para as Paralimp\u00edadas de Paris 2024: alcan\u00e7ar sua melhor performance na hist\u00f3ria dos jogos e figurar, pela primeira vez, entre os cinco principais pa\u00edses do mundo &#8211; e assim o fez. Com uma atua\u00e7\u00e3o brilhante, o Brasil quebrou recordes, conquistou um total de 89 medalhas, 25 delas de ouro, e ficou em quinto lugar no quadro geral, consolidando sua posi\u00e7\u00e3o entre as maiores pot\u00eancias paral\u00edmpicas globais. Em 2024, o pa\u00eds alcan\u00e7ou ainda outro importante recorde: a maior marca de pessoas com defici\u00eancia aptas a votar em elei\u00e7\u00f5es. Ao todo, mais de 1,4 milh\u00e3o de eleitores &#8211; 25% a mais que em rela\u00e7\u00e3o ao pleito de 2020 &#8211; segundo dados do TSE1.<\/p>\n\n\n\n<p>Apesar do brilho nas arenas esportivas e deste importante \u00edndice positivo na esfera eleitoral, neste 21 de setembro, Dia Nacional de Luta da Pessoa com Defici\u00eancia, \u00e9 preciso refor\u00e7ar que para termos uma sociedade realmente inclusiva \u00e9 preciso desconstruir preconceitos, reconhecer o potencial e assegurar o exerc\u00edcio de sua participa\u00e7\u00e3o pol\u00edtica.<\/p>\n\n\n\n<p>Mesmo com seus expressivos resultados, as Paralimp\u00edadas ainda n\u00e3o recebem o mesmo prest\u00edgio e aten\u00e7\u00e3o que os Jogos Ol\u00edmpicos. O evento ocorre separadamente e sua cobertura midi\u00e1tica tem um alcance limitado. Al\u00e9m disso, desde 2016, temos um centro de treinamento paral\u00edmpico brasileiro, o principal espa\u00e7o de excel\u00eancia de esportes de alto rendimento da Am\u00e9rica Latina e um dos melhores do mundo &#8211; mas muitos desconhecem sua exist\u00eancia, e o investimento que foi necess\u00e1rio para construir uma infraestrutura de alto rendimento como essa. Localizado em S\u00e3o Paulo, possui instala\u00e7\u00f5es para treinamentos, competi\u00e7\u00f5es e interc\u00e2mbios de atletas e sele\u00e7\u00f5es em diversas modalidades paral\u00edmpicas. \u00c9 tamb\u00e9m onde funciona a sede administrativa do Comit\u00ea Paral\u00edmpico Brasileiro, que tem impactado a vida de atletas e gerado interesse pelas pr\u00e1ticas paradesportivas. Mas poucos sabem disso. \u00c0s Paralimp\u00edadas se relega um papel secund\u00e1rio, sem a mesma mobiliza\u00e7\u00e3o e como\u00e7\u00e3o social que o evento principal. Mas por qu\u00ea?<\/p>\n\n\n\n<p>Quando o assunto \u00e9 representatividade das pessoas com defici\u00eancia em espa\u00e7os pol\u00edticos s\u00e3o outros os desafios. O aumento do n\u00famero de eleitores com defici\u00eancia \u00e9 sem d\u00favida positivo, mas vem acompanhado de preocupa\u00e7\u00f5es quanto \u00e0 garantia de acessibilidade em todo o pa\u00eds para que eles possam exercer o seu direito ao voto em igualdade de condi\u00e7\u00f5es2. O cen\u00e1rio das elei\u00e7\u00f5es de 2024 revela um retrocesso do n\u00famero de candidatos com defici\u00eancia: em n\u00fameros absolutos, o total de candidatos com defici\u00eancia caiu de 6.657, em 2020, para 4.936 este ano &#8211; uma queda de 26%, segundo dados do TSE.<\/p>\n\n\n\n<p>H\u00e1 ainda significativa disparidade de g\u00eanero entre os candidatos com defici\u00eancia: 71,52% do total s\u00e3o homens, enquanto as mulheres somam apenas 28,48%, tamb\u00e9m segundo o TSE. Esses n\u00fameros ilustram o que j\u00e1 sabemos: mulheres com defici\u00eancia enfrentam desafios ainda maiores e na luta por igualdade e representatividade deve-se considerar as diversas interseccionalidades, como defici\u00eancia, g\u00eanero e ra\u00e7a, e suas implica\u00e7\u00f5es no acesso e exerc\u00edcio de direitos.<\/p>\n\n\n\n<p>No campo da participa\u00e7\u00e3o pol\u00edtica internacional, o Brasil se v\u00ea diante de uma oportunidade significativa de avan\u00e7ar nas discuss\u00f5es sobre inclus\u00e3o, com sua presid\u00eancia no G20 em 2024. Pessoas com defici\u00eancia e suas organiza\u00e7\u00f5es, lideran\u00e7as e outros atores da sociedade civil est\u00e3o mobilizados para levar a tem\u00e1tica da defici\u00eancia \u00e0s discuss\u00f5es do grupo. Mas esse esfor\u00e7o n\u00e3o se limita ao G20. H\u00e1 outros palcos relevantes no cen\u00e1rio internacional, como a C\u00fapula das Am\u00e9ricas e a Global Disability Summit.<\/p>\n\n\n\n<p>Mais que uma quest\u00e3o de justi\u00e7a, a representatividade e a lideran\u00e7a de pessoas com defici\u00eancia nesses debates s\u00e3o fundamentais para a cria\u00e7\u00e3o de diretrizes globais e de compromissos que considerem as suas demandas. \u00c9 tamb\u00e9m essencial para refor\u00e7ar o compromisso do nosso pa\u00eds com a constru\u00e7\u00e3o de uma sociedade mais equitativa e inclusiva, em que a diversidade seja um valor central e onde as decis\u00f5es pol\u00edticas sejam moldadas por vozes plurais.<\/p>\n\n\n\n<p>Para al\u00e9m dos grandes feitos esportivos, as pessoas com defici\u00eancia precisam estar nas primeiras posi\u00e7\u00f5es nos processos pol\u00edticos, definindo rumos e fomentando solu\u00e7\u00f5es para quest\u00f5es relevantes que impactam suas vidas e de toda a comunidade. \u00c9 dever da sociedade assegurar meios e espa\u00e7os para que as pessoas com defici\u00eancia possam exercer seu protagonismo.<\/p>\n\n\n\n<p>O Dia Nacional de Luta da Pessoa com Defici\u00eancia n\u00e3o \u00e9 apenas uma data comemorativa. \u00c9 dia para celebrar conquistas, mas tamb\u00e9m um chamado \u00e0 conscientiza\u00e7\u00e3o e \u00e0 a\u00e7\u00e3o. Avan\u00e7ar na constru\u00e7\u00e3o de pol\u00edticas p\u00fablicas e legisla\u00e7\u00e3o que invistam e promovam a inclus\u00e3o em todas as esferas da vida \u00e9 essencial.<\/p>\n\n\n\n<p>\u00c9 hora de tra\u00e7ar novas metas ambiciosas e garantir que pessoas com defici\u00eancia ocupem os p\u00f3dios pol\u00edticos e quebrem novos recordes nos mais altos n\u00edveis de lideran\u00e7a e poder.<\/p>\n\n\n\n<hr class=\"wp-block-separator has-alpha-channel-opacity\"\/>\n\n\n\n<p>1 <a href=\"https:\/\/www.tse.jus.br\/comunicacao\/noticias\/2024\/Agosto\/mais-de-1-4-milhao-de-eleitoras-e-eleitores-com-deficiencia-estao-aptos-a-votar-em-2024\">https:\/\/www.tse.jus.br\/comunicacao\/noticias\/2024\/Agosto\/mais-de-1-4-milhao-de-eleitoras-e-eleitores-com-deficiencia-estao-aptos-a-votar-em-2024<\/a><\/p>\n\n\n\n<p>2 <a href=\"https:\/\/oglobo.globo.com\/politica\/eleicoes-2024\/noticia\/2024\/09\/10\/voltei-para-casa-sem-votar-eleitorado-com-deficiencia-bate-recorde-mas-acessibilidade-nas-secoes-ainda-e-desafio.ghtml\">https:\/\/oglobo.globo.com\/politica\/eleicoes-2024\/noticia\/2024\/09\/10\/voltei-para-casa-sem-votar-eleitorado-com-deficiencia-bate-recorde-mas-acessibilidade-nas-secoes-ainda-e-desafio.ghtml<\/a><\/p>\n\n\n\n<p><\/p>\n\n\n\n<p>Fonte: <a href=\"https:\/\/www.migalhas.com.br\/depeso\/416009\/esporte-politica-e-o-protagonismo-das-pessoas-com-deficiencia\">https:\/\/www.migalhas.com.br\/depeso\/416009\/esporte-politica-e-o-protagonismo-das-pessoas-com-deficiencia<\/a><\/p>\n","protected":false},"excerpt":{"rendered":"<p>O Brasil brilha nas Paralimp\u00edadas de 2024, mas enfrenta desafios de inclus\u00e3o e representatividade pol\u00edtica de pessoas com defici\u00eancia. Texto de Stella Camlot Reicher e La\u00eds de Figueir\u00eado Lopes O Comit\u00ea Paral\u00edmpico Brasileiro tra\u00e7ou uma meta ambiciosa para as Paralimp\u00edadas de Paris 2024: alcan\u00e7ar sua melhor performance na hist\u00f3ria dos jogos e figurar, pela primeira [&hellip;]<\/p>\n","protected":false},"author":1,"featured_media":34098,"comment_status":"open","ping_status":"open","sticky":false,"template":"","format":"standard","meta":{"site-container-style":"default","site-container-layout":"default","site-sidebar-layout":"default","disable-article-header":"default","disable-site-header":"default","disable-site-footer":"default","disable-content-area-spacing":"default","footnotes":""},"categories":[27],"tags":[89,571,391,151,557,556,555,487],"class_list":["post-34097","post","type-post","status-publish","format-standard","has-post-thumbnail","hentry","category-esporte","tag-acessibilidade","tag-anticapacitismo","tag-esporte-2","tag-inclusao-2","tag-paralimpiadas","tag-paralimpiadas-2024","tag-paralimpiadas-2024-de-paris","tag-pcd"],"yoast_head":"<!-- This site is optimized with the Yoast SEO plugin v27.4 - https:\/\/yoast.com\/product\/yoast-seo-wordpress\/ -->\n<title>Esporte, pol\u00edtica e o protagonismo das pessoas com defici\u00eancia -<\/title>\n<meta name=\"robots\" content=\"index, follow, max-snippet:-1, max-image-preview:large, max-video-preview:-1\" \/>\n<link rel=\"canonical\" href=\"https:\/\/inclusivenews.com.br\/?p=34097\" \/>\n<meta property=\"og:locale\" content=\"pt_PT\" \/>\n<meta property=\"og:type\" content=\"article\" \/>\n<meta property=\"og:title\" content=\"Esporte, pol\u00edtica e o protagonismo das pessoas com defici\u00eancia -\" \/>\n<meta property=\"og:description\" content=\"O Brasil brilha nas Paralimp\u00edadas de 2024, mas enfrenta desafios de inclus\u00e3o e representatividade pol\u00edtica de pessoas com defici\u00eancia. Texto de Stella Camlot Reicher e La\u00eds de Figueir\u00eado Lopes O Comit\u00ea Paral\u00edmpico Brasileiro tra\u00e7ou uma meta ambiciosa para as Paralimp\u00edadas de Paris 2024: alcan\u00e7ar sua melhor performance na hist\u00f3ria dos jogos e figurar, pela primeira [&hellip;]\" \/>\n<meta property=\"og:url\" content=\"https:\/\/inclusivenews.com.br\/?p=34097\" \/>\n<meta property=\"article:publisher\" content=\"https:\/\/www.facebook.com\/agenciainclusive\/\" \/>\n<meta property=\"article:published_time\" content=\"2024-09-30T06:29:15+00:00\" \/>\n<meta property=\"og:image\" content=\"https:\/\/inclusivenews.com.br\/wp-content\/uploads\/2024\/09\/240_F_623614871_Zqu2Qxmf6ngagYMEEWyKOxQXw5kmrkUB.jpg\" \/>\n\t<meta property=\"og:image:width\" content=\"360\" \/>\n\t<meta property=\"og:image:height\" content=\"240\" \/>\n\t<meta property=\"og:image:type\" content=\"image\/jpeg\" \/>\n<meta name=\"author\" content=\"inclusivenews2024\" \/>\n<meta name=\"twitter:card\" content=\"summary_large_image\" \/>\n<meta name=\"twitter:label1\" content=\"Escrito por\" \/>\n\t<meta name=\"twitter:data1\" content=\"inclusivenews2024\" \/>\n\t<meta name=\"twitter:label2\" content=\"Tempo estimado de leitura\" \/>\n\t<meta name=\"twitter:data2\" content=\"5 minutos\" \/>\n<script type=\"application\/ld+json\" class=\"yoast-schema-graph\">{\"@context\":\"https:\\\/\\\/schema.org\",\"@graph\":[{\"@type\":\"Article\",\"@id\":\"https:\\\/\\\/inclusivenews.com.br\\\/?p=34097#article\",\"isPartOf\":{\"@id\":\"https:\\\/\\\/inclusivenews.com.br\\\/?p=34097\"},\"author\":{\"name\":\"inclusivenews2024\",\"@id\":\"https:\\\/\\\/inclusivenews.com.br\\\/#\\\/schema\\\/person\\\/ae4ec7087559b8692fb33b6fffd2273b\"},\"headline\":\"Esporte, pol\u00edtica e o protagonismo das pessoas com defici\u00eancia\",\"datePublished\":\"2024-09-30T06:29:15+00:00\",\"mainEntityOfPage\":{\"@id\":\"https:\\\/\\\/inclusivenews.com.br\\\/?p=34097\"},\"wordCount\":937,\"commentCount\":0,\"publisher\":{\"@id\":\"https:\\\/\\\/inclusivenews.com.br\\\/#organization\"},\"image\":{\"@id\":\"https:\\\/\\\/inclusivenews.com.br\\\/?p=34097#primaryimage\"},\"thumbnailUrl\":\"https:\\\/\\\/inclusivenews.com.br\\\/wp-content\\\/uploads\\\/2024\\\/09\\\/240_F_623614871_Zqu2Qxmf6ngagYMEEWyKOxQXw5kmrkUB.jpg\",\"keywords\":[\"Acessibilidade\",\"anticapacitismo\",\"esporte\",\"Inclus\u00e3o\",\"Paralimp\u00edadas\",\"Paralimp\u00edadas 2024\",\"Paralimp\u00edadas 2024 de Paris\",\"PcD\"],\"articleSection\":[\"Esporte\"],\"inLanguage\":\"pt-PT\",\"potentialAction\":[{\"@type\":\"CommentAction\",\"name\":\"Comment\",\"target\":[\"https:\\\/\\\/inclusivenews.com.br\\\/?p=34097#respond\"]}]},{\"@type\":\"WebPage\",\"@id\":\"https:\\\/\\\/inclusivenews.com.br\\\/?p=34097\",\"url\":\"https:\\\/\\\/inclusivenews.com.br\\\/?p=34097\",\"name\":\"Esporte, pol\u00edtica e o protagonismo das pessoas com defici\u00eancia -\",\"isPartOf\":{\"@id\":\"https:\\\/\\\/inclusivenews.com.br\\\/#website\"},\"primaryImageOfPage\":{\"@id\":\"https:\\\/\\\/inclusivenews.com.br\\\/?p=34097#primaryimage\"},\"image\":{\"@id\":\"https:\\\/\\\/inclusivenews.com.br\\\/?p=34097#primaryimage\"},\"thumbnailUrl\":\"https:\\\/\\\/inclusivenews.com.br\\\/wp-content\\\/uploads\\\/2024\\\/09\\\/240_F_623614871_Zqu2Qxmf6ngagYMEEWyKOxQXw5kmrkUB.jpg\",\"datePublished\":\"2024-09-30T06:29:15+00:00\",\"breadcrumb\":{\"@id\":\"https:\\\/\\\/inclusivenews.com.br\\\/?p=34097#breadcrumb\"},\"inLanguage\":\"pt-PT\",\"potentialAction\":[{\"@type\":\"ReadAction\",\"target\":[\"https:\\\/\\\/inclusivenews.com.br\\\/?p=34097\"]}]},{\"@type\":\"ImageObject\",\"inLanguage\":\"pt-PT\",\"@id\":\"https:\\\/\\\/inclusivenews.com.br\\\/?p=34097#primaryimage\",\"url\":\"https:\\\/\\\/inclusivenews.com.br\\\/wp-content\\\/uploads\\\/2024\\\/09\\\/240_F_623614871_Zqu2Qxmf6ngagYMEEWyKOxQXw5kmrkUB.jpg\",\"contentUrl\":\"https:\\\/\\\/inclusivenews.com.br\\\/wp-content\\\/uploads\\\/2024\\\/09\\\/240_F_623614871_Zqu2Qxmf6ngagYMEEWyKOxQXw5kmrkUB.jpg\",\"width\":360,\"height\":240},{\"@type\":\"BreadcrumbList\",\"@id\":\"https:\\\/\\\/inclusivenews.com.br\\\/?p=34097#breadcrumb\",\"itemListElement\":[{\"@type\":\"ListItem\",\"position\":1,\"name\":\"In\u00edcio\",\"item\":\"https:\\\/\\\/inclusivenews.com.br\\\/\"},{\"@type\":\"ListItem\",\"position\":2,\"name\":\"Esporte, pol\u00edtica e o protagonismo das pessoas com defici\u00eancia\"}]},{\"@type\":\"WebSite\",\"@id\":\"https:\\\/\\\/inclusivenews.com.br\\\/#website\",\"url\":\"https:\\\/\\\/inclusivenews.com.br\\\/\",\"name\":\"Inclusive News\",\"description\":\"Inclusive News\",\"publisher\":{\"@id\":\"https:\\\/\\\/inclusivenews.com.br\\\/#organization\"},\"potentialAction\":[{\"@type\":\"SearchAction\",\"target\":{\"@type\":\"EntryPoint\",\"urlTemplate\":\"https:\\\/\\\/inclusivenews.com.br\\\/?s={search_term_string}\"},\"query-input\":{\"@type\":\"PropertyValueSpecification\",\"valueRequired\":true,\"valueName\":\"search_term_string\"}}],\"inLanguage\":\"pt-PT\"},{\"@type\":\"Organization\",\"@id\":\"https:\\\/\\\/inclusivenews.com.br\\\/#organization\",\"name\":\"Inclusive - inclus\u00e3o e cidadania\",\"url\":\"https:\\\/\\\/inclusivenews.com.br\\\/\",\"logo\":{\"@type\":\"ImageObject\",\"inLanguage\":\"pt-PT\",\"@id\":\"https:\\\/\\\/inclusivenews.com.br\\\/#\\\/schema\\\/logo\\\/image\\\/\",\"url\":\"https:\\\/\\\/inclusivenews.com.br\\\/wp-content\\\/uploads\\\/2024\\\/03\\\/@grandesite.png\",\"contentUrl\":\"https:\\\/\\\/inclusivenews.com.br\\\/wp-content\\\/uploads\\\/2024\\\/03\\\/@grandesite.png\",\"width\":1080,\"height\":1080,\"caption\":\"Inclusive - inclus\u00e3o e cidadania\"},\"image\":{\"@id\":\"https:\\\/\\\/inclusivenews.com.br\\\/#\\\/schema\\\/logo\\\/image\\\/\"},\"sameAs\":[\"https:\\\/\\\/www.facebook.com\\\/agenciainclusive\\\/\",\"https:\\\/\\\/www.instagram.com\\\/newsinclusive\\\/\"]},{\"@type\":\"Person\",\"@id\":\"https:\\\/\\\/inclusivenews.com.br\\\/#\\\/schema\\\/person\\\/ae4ec7087559b8692fb33b6fffd2273b\",\"name\":\"inclusivenews2024\",\"image\":{\"@type\":\"ImageObject\",\"inLanguage\":\"pt-PT\",\"@id\":\"https:\\\/\\\/secure.gravatar.com\\\/avatar\\\/c5a7ef84c66fa914f55bc4f7ce26cfa275a3b9a1c5568b907bd184fb4dde7b40?s=96&d=mm&r=g\",\"url\":\"https:\\\/\\\/secure.gravatar.com\\\/avatar\\\/c5a7ef84c66fa914f55bc4f7ce26cfa275a3b9a1c5568b907bd184fb4dde7b40?s=96&d=mm&r=g\",\"contentUrl\":\"https:\\\/\\\/secure.gravatar.com\\\/avatar\\\/c5a7ef84c66fa914f55bc4f7ce26cfa275a3b9a1c5568b907bd184fb4dde7b40?s=96&d=mm&r=g\",\"caption\":\"inclusivenews2024\"},\"sameAs\":[\"https:\\\/\\\/inclusivenews.com.br\"],\"url\":\"https:\\\/\\\/inclusivenews.com.br\\\/?author=1\"}]}<\/script>\n<!-- \/ Yoast SEO plugin. -->","yoast_head_json":{"title":"Esporte, pol\u00edtica e o protagonismo das pessoas com defici\u00eancia -","robots":{"index":"index","follow":"follow","max-snippet":"max-snippet:-1","max-image-preview":"max-image-preview:large","max-video-preview":"max-video-preview:-1"},"canonical":"https:\/\/inclusivenews.com.br\/?p=34097","og_locale":"pt_PT","og_type":"article","og_title":"Esporte, pol\u00edtica e o protagonismo das pessoas com defici\u00eancia -","og_description":"O Brasil brilha nas Paralimp\u00edadas de 2024, mas enfrenta desafios de inclus\u00e3o e representatividade pol\u00edtica de pessoas com defici\u00eancia. Texto de Stella Camlot Reicher e La\u00eds de Figueir\u00eado Lopes O Comit\u00ea Paral\u00edmpico Brasileiro tra\u00e7ou uma meta ambiciosa para as Paralimp\u00edadas de Paris 2024: alcan\u00e7ar sua melhor performance na hist\u00f3ria dos jogos e figurar, pela primeira [&hellip;]","og_url":"https:\/\/inclusivenews.com.br\/?p=34097","article_publisher":"https:\/\/www.facebook.com\/agenciainclusive\/","article_published_time":"2024-09-30T06:29:15+00:00","og_image":[{"width":360,"height":240,"url":"https:\/\/inclusivenews.com.br\/wp-content\/uploads\/2024\/09\/240_F_623614871_Zqu2Qxmf6ngagYMEEWyKOxQXw5kmrkUB.jpg","type":"image\/jpeg"}],"author":"inclusivenews2024","twitter_card":"summary_large_image","twitter_misc":{"Escrito por":"inclusivenews2024","Tempo estimado de leitura":"5 minutos"},"schema":{"@context":"https:\/\/schema.org","@graph":[{"@type":"Article","@id":"https:\/\/inclusivenews.com.br\/?p=34097#article","isPartOf":{"@id":"https:\/\/inclusivenews.com.br\/?p=34097"},"author":{"name":"inclusivenews2024","@id":"https:\/\/inclusivenews.com.br\/#\/schema\/person\/ae4ec7087559b8692fb33b6fffd2273b"},"headline":"Esporte, pol\u00edtica e o protagonismo das pessoas com defici\u00eancia","datePublished":"2024-09-30T06:29:15+00:00","mainEntityOfPage":{"@id":"https:\/\/inclusivenews.com.br\/?p=34097"},"wordCount":937,"commentCount":0,"publisher":{"@id":"https:\/\/inclusivenews.com.br\/#organization"},"image":{"@id":"https:\/\/inclusivenews.com.br\/?p=34097#primaryimage"},"thumbnailUrl":"https:\/\/inclusivenews.com.br\/wp-content\/uploads\/2024\/09\/240_F_623614871_Zqu2Qxmf6ngagYMEEWyKOxQXw5kmrkUB.jpg","keywords":["Acessibilidade","anticapacitismo","esporte","Inclus\u00e3o","Paralimp\u00edadas","Paralimp\u00edadas 2024","Paralimp\u00edadas 2024 de Paris","PcD"],"articleSection":["Esporte"],"inLanguage":"pt-PT","potentialAction":[{"@type":"CommentAction","name":"Comment","target":["https:\/\/inclusivenews.com.br\/?p=34097#respond"]}]},{"@type":"WebPage","@id":"https:\/\/inclusivenews.com.br\/?p=34097","url":"https:\/\/inclusivenews.com.br\/?p=34097","name":"Esporte, pol\u00edtica e o protagonismo das pessoas com defici\u00eancia -","isPartOf":{"@id":"https:\/\/inclusivenews.com.br\/#website"},"primaryImageOfPage":{"@id":"https:\/\/inclusivenews.com.br\/?p=34097#primaryimage"},"image":{"@id":"https:\/\/inclusivenews.com.br\/?p=34097#primaryimage"},"thumbnailUrl":"https:\/\/inclusivenews.com.br\/wp-content\/uploads\/2024\/09\/240_F_623614871_Zqu2Qxmf6ngagYMEEWyKOxQXw5kmrkUB.jpg","datePublished":"2024-09-30T06:29:15+00:00","breadcrumb":{"@id":"https:\/\/inclusivenews.com.br\/?p=34097#breadcrumb"},"inLanguage":"pt-PT","potentialAction":[{"@type":"ReadAction","target":["https:\/\/inclusivenews.com.br\/?p=34097"]}]},{"@type":"ImageObject","inLanguage":"pt-PT","@id":"https:\/\/inclusivenews.com.br\/?p=34097#primaryimage","url":"https:\/\/inclusivenews.com.br\/wp-content\/uploads\/2024\/09\/240_F_623614871_Zqu2Qxmf6ngagYMEEWyKOxQXw5kmrkUB.jpg","contentUrl":"https:\/\/inclusivenews.com.br\/wp-content\/uploads\/2024\/09\/240_F_623614871_Zqu2Qxmf6ngagYMEEWyKOxQXw5kmrkUB.jpg","width":360,"height":240},{"@type":"BreadcrumbList","@id":"https:\/\/inclusivenews.com.br\/?p=34097#breadcrumb","itemListElement":[{"@type":"ListItem","position":1,"name":"In\u00edcio","item":"https:\/\/inclusivenews.com.br\/"},{"@type":"ListItem","position":2,"name":"Esporte, pol\u00edtica e o protagonismo das pessoas com defici\u00eancia"}]},{"@type":"WebSite","@id":"https:\/\/inclusivenews.com.br\/#website","url":"https:\/\/inclusivenews.com.br\/","name":"Inclusive News","description":"Inclusive News","publisher":{"@id":"https:\/\/inclusivenews.com.br\/#organization"},"potentialAction":[{"@type":"SearchAction","target":{"@type":"EntryPoint","urlTemplate":"https:\/\/inclusivenews.com.br\/?s={search_term_string}"},"query-input":{"@type":"PropertyValueSpecification","valueRequired":true,"valueName":"search_term_string"}}],"inLanguage":"pt-PT"},{"@type":"Organization","@id":"https:\/\/inclusivenews.com.br\/#organization","name":"Inclusive - inclus\u00e3o e cidadania","url":"https:\/\/inclusivenews.com.br\/","logo":{"@type":"ImageObject","inLanguage":"pt-PT","@id":"https:\/\/inclusivenews.com.br\/#\/schema\/logo\/image\/","url":"https:\/\/inclusivenews.com.br\/wp-content\/uploads\/2024\/03\/@grandesite.png","contentUrl":"https:\/\/inclusivenews.com.br\/wp-content\/uploads\/2024\/03\/@grandesite.png","width":1080,"height":1080,"caption":"Inclusive - inclus\u00e3o e cidadania"},"image":{"@id":"https:\/\/inclusivenews.com.br\/#\/schema\/logo\/image\/"},"sameAs":["https:\/\/www.facebook.com\/agenciainclusive\/","https:\/\/www.instagram.com\/newsinclusive\/"]},{"@type":"Person","@id":"https:\/\/inclusivenews.com.br\/#\/schema\/person\/ae4ec7087559b8692fb33b6fffd2273b","name":"inclusivenews2024","image":{"@type":"ImageObject","inLanguage":"pt-PT","@id":"https:\/\/secure.gravatar.com\/avatar\/c5a7ef84c66fa914f55bc4f7ce26cfa275a3b9a1c5568b907bd184fb4dde7b40?s=96&d=mm&r=g","url":"https:\/\/secure.gravatar.com\/avatar\/c5a7ef84c66fa914f55bc4f7ce26cfa275a3b9a1c5568b907bd184fb4dde7b40?s=96&d=mm&r=g","contentUrl":"https:\/\/secure.gravatar.com\/avatar\/c5a7ef84c66fa914f55bc4f7ce26cfa275a3b9a1c5568b907bd184fb4dde7b40?s=96&d=mm&r=g","caption":"inclusivenews2024"},"sameAs":["https:\/\/inclusivenews.com.br"],"url":"https:\/\/inclusivenews.com.br\/?author=1"}]}},"_links":{"self":[{"href":"https:\/\/inclusivenews.com.br\/index.php?rest_route=\/wp\/v2\/posts\/34097","targetHints":{"allow":["GET"]}}],"collection":[{"href":"https:\/\/inclusivenews.com.br\/index.php?rest_route=\/wp\/v2\/posts"}],"about":[{"href":"https:\/\/inclusivenews.com.br\/index.php?rest_route=\/wp\/v2\/types\/post"}],"author":[{"embeddable":true,"href":"https:\/\/inclusivenews.com.br\/index.php?rest_route=\/wp\/v2\/users\/1"}],"replies":[{"embeddable":true,"href":"https:\/\/inclusivenews.com.br\/index.php?rest_route=%2Fwp%2Fv2%2Fcomments&post=34097"}],"version-history":[{"count":1,"href":"https:\/\/inclusivenews.com.br\/index.php?rest_route=\/wp\/v2\/posts\/34097\/revisions"}],"predecessor-version":[{"id":34099,"href":"https:\/\/inclusivenews.com.br\/index.php?rest_route=\/wp\/v2\/posts\/34097\/revisions\/34099"}],"wp:featuredmedia":[{"embeddable":true,"href":"https:\/\/inclusivenews.com.br\/index.php?rest_route=\/wp\/v2\/media\/34098"}],"wp:attachment":[{"href":"https:\/\/inclusivenews.com.br\/index.php?rest_route=%2Fwp%2Fv2%2Fmedia&parent=34097"}],"wp:term":[{"taxonomy":"category","embeddable":true,"href":"https:\/\/inclusivenews.com.br\/index.php?rest_route=%2Fwp%2Fv2%2Fcategories&post=34097"},{"taxonomy":"post_tag","embeddable":true,"href":"https:\/\/inclusivenews.com.br\/index.php?rest_route=%2Fwp%2Fv2%2Ftags&post=34097"}],"curies":[{"name":"wp","href":"https:\/\/api.w.org\/{rel}","templated":true}]}}